{"id":764,"date":"2024-08-23T18:25:30","date_gmt":"2024-08-23T18:25:30","guid":{"rendered":"https:\/\/ffyh.unc.edu.ar\/derechoshumanos\/?p=764"},"modified":"2024-08-23T18:32:41","modified_gmt":"2024-08-23T18:32:41","slug":"pluma-blanca-acompanamos-la-lucha-de-esta-comunidad","status":"publish","type":"post","link":"https:\/\/ffyh.unc.edu.ar\/derechoshumanos\/2024\/08\/23\/pluma-blanca-acompanamos-la-lucha-de-esta-comunidad\/","title":{"rendered":"Pluma Blanca: Acompa\u00f1amos la lucha de esta comunidad"},"content":{"rendered":"<header class=\"entry-header\">\n<h1 class=\"entry-title\">\u201cTenemos nuestra sangre en este lugar\u201d<\/h1>\n<\/header>\n<p><!--more--><\/p>\n<p><a class=\"image-link\" href=\"https:\/\/ffyh.unc.edu.ar\/wp-content\/uploads\/2022\/07\/tribunales-pluma-blanca-2.jpg\"><img fetchpriority=\"high\" decoding=\"async\" class=\"attachment-hitmag-landscape size-hitmag-landscape wp-post-image\" src=\"https:\/\/ffyh.unc.edu.ar\/wp-content\/uploads\/2022\/07\/tribunales-pluma-blanca-2-1120x450.jpg\" alt=\"\" width=\"1120\" height=\"450\" \/><\/a><\/p>\n<div class=\"entry-content\">\n<p>Desde el Programa de DDHH, junto a otras \u00e1reas de la FFyH, acompa\u00f1amos el pedido de no desalojo de la comunidad originaria \u00abPluma Blanca\u00bb. Fuimos parte de audiencias p\u00fablicas que tuvieron lugar en los Tribunales de Jes\u00fas Mar\u00eda, donde se logr\u00f3 frenar el proceso de desalojo de la Comunidad. Fueron m\u00e1s de cinco horas de una audiencia frente al juez Luis Belitzky quien, tras escuchar a m\u00e1s de una decena de oradorxs, decidi\u00f3 no firmar el oficio de lanzamiento de la orden de desalojo, ante la posibilidad \u201cde causar perjuicios a terceros\u201d.<\/p>\n<p>Participaron de la Audiencia representantes de las comunidades originarias de C\u00f3rdoba y miembros del Instituto Nacional de Asuntos Ind\u00edgenas. Tambi\u00e9n representantes de organismos de\u00a0Derechos Humanos, docentes de la\u00a0Facultad de Ciencias Sociales, del\u00a0Instituto de Antropolog\u00eda de C\u00f3rdoba (IDACOR)\u00a0y del\u00a0Museo de Antropolog\u00eda de la UNC, junto a autoridades de\u00a0Facultad de Filosof\u00eda y Humanidades de la Universidad Nacional de C\u00f3rdoba, entre otros. La audiencia p\u00fablica comenz\u00f3 alrededor de las 11 de la ma\u00f1ana, en una jornada invernal de tonos grises en los Tribunales de Jes\u00fas Mar\u00eda.<\/p>\n<p>Compartimos el registro f\u00edlmico de la Audiencia y la nota completa realizada por el Museo de Antropolog\u00edas de la FFyH:<\/p>\n<div class=\"embed-container\">\n<blockquote class=\"wp-embedded-content\" data-secret=\"xZ3nQwqD98\"><p><a href=\"https:\/\/museoantropologia.unc.edu.ar\/2022\/07\/tenemos-nuestra-sangre-en-este-lugar\/\">\u201cTenemos nuestra sangre en este lugar\u201d\u00a0<\/a><\/p><\/blockquote>\n<p><iframe class=\"wp-embedded-content\" sandbox=\"allow-scripts\" security=\"restricted\" style=\"position: absolute; clip: rect(1px, 1px, 1px, 1px);\" title=\"\u00ab\u201cTenemos nuestra sangre en este lugar\u201d\u00a0\u00bb \u2014 Museo de Antropolog\u00eda\" src=\"https:\/\/museoantropologia.unc.edu.ar\/2022\/07\/tenemos-nuestra-sangre-en-este-lugar\/embed\/#?secret=0iVPVRRQDm#?secret=xZ3nQwqD98\" data-secret=\"xZ3nQwqD98\" width=\"600\" height=\"338\" frameborder=\"0\" marginwidth=\"0\" marginheight=\"0\" scrolling=\"no\"><\/iframe><\/div>\n<\/div>\n<div class=\"embed-container\"><iframe title=\"Audiencia Pluma Blanca - 21 de julio 2022 - Jes\u00fas Mar\u00eda\" width=\"750\" height=\"422\" src=\"https:\/\/www.youtube.com\/embed\/_oDHV6KTOn4?feature=oembed\" frameborder=\"0\" allow=\"accelerometer; autoplay; clipboard-write; encrypted-media; gyroscope; picture-in-picture; web-share\" referrerpolicy=\"strict-origin-when-cross-origin\" allowfullscreen><\/iframe><\/div>\n<p>&nbsp;<\/p>\n","protected":false},"excerpt":{"rendered":"<p>\u201cTenemos nuestra sangre en este lugar\u201d<\/p><p><a class=\"more-link btn\" href=\"https:\/\/ffyh.unc.edu.ar\/derechoshumanos\/2024\/08\/23\/pluma-blanca-acompanamos-la-lucha-de-esta-comunidad\/\">Seguir leyendo<\/a><\/p>\n","protected":false},"author":49,"featured_media":0,"comment_status":"open","ping_status":"open","sticky":false,"template":"","format":"standard","meta":{"_acf_changed":false,"footnotes":""},"categories":[15],"tags":[],"class_list":["post-764","post","type-post","status-publish","format-standard","hentry","category-pueblos-originarios","nodate","item-wrap"],"acf":[],"yoast_head":"<!-- This site is optimized with the Yoast SEO plugin v27.1.1 - https:\/\/yoast.com\/product\/yoast-seo-wordpress\/ -->\n<title>Pluma Blanca: Acompa\u00f1amos la lucha de esta comunidad - Programa de Derechos Humanos - FFyH UNC<\/title>\n<meta name=\"robots\" content=\"index, follow, max-snippet:-1, max-image-preview:large, max-video-preview:-1\" \/>\n<link rel=\"canonical\" href=\"https:\/\/ffyh.unc.edu.ar\/derechoshumanos\/2024\/08\/23\/pluma-blanca-acompanamos-la-lucha-de-esta-comunidad\/\" \/>\n<meta property=\"og:locale\" content=\"es_ES\" \/>\n<meta property=\"og:type\" content=\"article\" \/>\n<meta property=\"og:title\" content=\"Pluma Blanca: Acompa\u00f1amos la lucha de esta comunidad - Programa de Derechos Humanos - FFyH UNC\" \/>\n<meta property=\"og:description\" content=\"\u201cTenemos nuestra sangre en este lugar\u201d\" \/>\n<meta property=\"og:url\" content=\"https:\/\/ffyh.unc.edu.ar\/derechoshumanos\/2024\/08\/23\/pluma-blanca-acompanamos-la-lucha-de-esta-comunidad\/\" \/>\n<meta property=\"og:site_name\" content=\"Programa de Derechos Humanos - FFyH UNC\" \/>\n<meta property=\"article:publisher\" content=\"https:\/\/www.facebook.com\/derechoshumanosffyh\" \/>\n<meta property=\"article:published_time\" content=\"2024-08-23T18:25:30+00:00\" \/>\n<meta property=\"article:modified_time\" content=\"2024-08-23T18:32:41+00:00\" \/>\n<meta property=\"og:image\" content=\"https:\/\/ffyh.unc.edu.ar\/wp-content\/uploads\/2022\/07\/tribunales-pluma-blanca-2-1120x450.jpg\" \/>\n<meta name=\"author\" content=\"ddhh\" \/>\n<meta name=\"twitter:card\" content=\"summary_large_image\" \/>\n<meta name=\"twitter:label1\" content=\"Escrito por\" \/>\n\t<meta name=\"twitter:data1\" content=\"\" \/>\n\t<meta name=\"twitter:label2\" content=\"Tiempo de lectura\" \/>\n\t<meta name=\"twitter:data2\" content=\"2 minutos\" \/>\n<script type=\"application\/ld+json\" class=\"yoast-schema-graph\">{\"@context\":\"https:\/\/schema.org\",\"@graph\":[{\"@type\":\"Article\",\"@id\":\"https:\/\/ffyh.unc.edu.ar\/derechoshumanos\/2024\/08\/23\/pluma-blanca-acompanamos-la-lucha-de-esta-comunidad\/#article\",\"isPartOf\":{\"@id\":\"https:\/\/ffyh.unc.edu.ar\/derechoshumanos\/2024\/08\/23\/pluma-blanca-acompanamos-la-lucha-de-esta-comunidad\/\"},\"author\":{\"name\":\"ddhh\",\"@id\":\"https:\/\/ffyh.unc.edu.ar\/derechoshumanos\/#\/schema\/person\/04f003c63f270742f684d62c3bb18b3f\"},\"headline\":\"Pluma Blanca: Acompa\u00f1amos la lucha de esta comunidad\",\"datePublished\":\"2024-08-23T18:25:30+00:00\",\"dateModified\":\"2024-08-23T18:32:41+00:00\",\"mainEntityOfPage\":{\"@id\":\"https:\/\/ffyh.unc.edu.ar\/derechoshumanos\/2024\/08\/23\/pluma-blanca-acompanamos-la-lucha-de-esta-comunidad\/\"},\"wordCount\":250,\"commentCount\":0,\"publisher\":{\"@id\":\"https:\/\/ffyh.unc.edu.ar\/derechoshumanos\/#organization\"},\"image\":{\"@id\":\"https:\/\/ffyh.unc.edu.ar\/derechoshumanos\/2024\/08\/23\/pluma-blanca-acompanamos-la-lucha-de-esta-comunidad\/#primaryimage\"},\"thumbnailUrl\":\"https:\/\/ffyh.unc.edu.ar\/wp-content\/uploads\/2022\/07\/tribunales-pluma-blanca-2-1120x450.jpg\",\"articleSection\":[\"PUEBLOS ORIGINARIOS\"],\"inLanguage\":\"es\",\"potentialAction\":[{\"@type\":\"CommentAction\",\"name\":\"Comment\",\"target\":[\"https:\/\/ffyh.unc.edu.ar\/derechoshumanos\/2024\/08\/23\/pluma-blanca-acompanamos-la-lucha-de-esta-comunidad\/#respond\"]}]},{\"@type\":\"WebPage\",\"@id\":\"https:\/\/ffyh.unc.edu.ar\/derechoshumanos\/2024\/08\/23\/pluma-blanca-acompanamos-la-lucha-de-esta-comunidad\/\",\"url\":\"https:\/\/ffyh.unc.edu.ar\/derechoshumanos\/2024\/08\/23\/pluma-blanca-acompanamos-la-lucha-de-esta-comunidad\/\",\"name\":\"Pluma Blanca: Acompa\u00f1amos la lucha de esta comunidad - Programa de Derechos Humanos - FFyH UNC\",\"isPartOf\":{\"@id\":\"https:\/\/ffyh.unc.edu.ar\/derechoshumanos\/#website\"},\"primaryImageOfPage\":{\"@id\":\"https:\/\/ffyh.unc.edu.ar\/derechoshumanos\/2024\/08\/23\/pluma-blanca-acompanamos-la-lucha-de-esta-comunidad\/#primaryimage\"},\"image\":{\"@id\":\"https:\/\/ffyh.unc.edu.ar\/derechoshumanos\/2024\/08\/23\/pluma-blanca-acompanamos-la-lucha-de-esta-comunidad\/#primaryimage\"},\"thumbnailUrl\":\"https:\/\/ffyh.unc.edu.ar\/wp-content\/uploads\/2022\/07\/tribunales-pluma-blanca-2-1120x450.jpg\",\"datePublished\":\"2024-08-23T18:25:30+00:00\",\"dateModified\":\"2024-08-23T18:32:41+00:00\",\"breadcrumb\":{\"@id\":\"https:\/\/ffyh.unc.edu.ar\/derechoshumanos\/2024\/08\/23\/pluma-blanca-acompanamos-la-lucha-de-esta-comunidad\/#breadcrumb\"},\"inLanguage\":\"es\",\"potentialAction\":[{\"@type\":\"ReadAction\",\"target\":[\"https:\/\/ffyh.unc.edu.ar\/derechoshumanos\/2024\/08\/23\/pluma-blanca-acompanamos-la-lucha-de-esta-comunidad\/\"]}]},{\"@type\":\"ImageObject\",\"inLanguage\":\"es\",\"@id\":\"https:\/\/ffyh.unc.edu.ar\/derechoshumanos\/2024\/08\/23\/pluma-blanca-acompanamos-la-lucha-de-esta-comunidad\/#primaryimage\",\"url\":\"https:\/\/ffyh.unc.edu.ar\/wp-content\/uploads\/2022\/07\/tribunales-pluma-blanca-2-1120x450.jpg\",\"contentUrl\":\"https:\/\/ffyh.unc.edu.ar\/wp-content\/uploads\/2022\/07\/tribunales-pluma-blanca-2-1120x450.jpg\"},{\"@type\":\"BreadcrumbList\",\"@id\":\"https:\/\/ffyh.unc.edu.ar\/derechoshumanos\/2024\/08\/23\/pluma-blanca-acompanamos-la-lucha-de-esta-comunidad\/#breadcrumb\",\"itemListElement\":[{\"@type\":\"ListItem\",\"position\":1,\"name\":\"Portada\",\"item\":\"https:\/\/ffyh.unc.edu.ar\/derechoshumanos\/\"},{\"@type\":\"ListItem\",\"position\":2,\"name\":\"Pluma Blanca: Acompa\u00f1amos la lucha de esta comunidad\"}]},{\"@type\":\"WebSite\",\"@id\":\"https:\/\/ffyh.unc.edu.ar\/derechoshumanos\/#website\",\"url\":\"https:\/\/ffyh.unc.edu.ar\/derechoshumanos\/\",\"name\":\"Programa de Derechos Humanos - FFyH UNC\",\"description\":\"\",\"publisher\":{\"@id\":\"https:\/\/ffyh.unc.edu.ar\/derechoshumanos\/#organization\"},\"potentialAction\":[{\"@type\":\"SearchAction\",\"target\":{\"@type\":\"EntryPoint\",\"urlTemplate\":\"https:\/\/ffyh.unc.edu.ar\/derechoshumanos\/?s={search_term_string}\"},\"query-input\":{\"@type\":\"PropertyValueSpecification\",\"valueRequired\":true,\"valueName\":\"search_term_string\"}}],\"inLanguage\":\"es\"},{\"@type\":\"Organization\",\"@id\":\"https:\/\/ffyh.unc.edu.ar\/derechoshumanos\/#organization\",\"name\":\"Programa de Derechos Humanos - FFyH UNC\",\"url\":\"https:\/\/ffyh.unc.edu.ar\/derechoshumanos\/\",\"logo\":{\"@type\":\"ImageObject\",\"inLanguage\":\"es\",\"@id\":\"https:\/\/ffyh.unc.edu.ar\/derechoshumanos\/#\/schema\/logo\/image\/\",\"url\":\"https:\/\/ffyh.unc.edu.ar\/derechoshumanos\/wp-content\/uploads\/sites\/47\/2023\/04\/cropped-cropped-banner-ddhh.jpeg\",\"contentUrl\":\"https:\/\/ffyh.unc.edu.ar\/derechoshumanos\/wp-content\/uploads\/sites\/47\/2023\/04\/cropped-cropped-banner-ddhh.jpeg\",\"width\":512,\"height\":512,\"caption\":\"Programa de Derechos Humanos - FFyH UNC\"},\"image\":{\"@id\":\"https:\/\/ffyh.unc.edu.ar\/derechoshumanos\/#\/schema\/logo\/image\/\"},\"sameAs\":[\"https:\/\/www.facebook.com\/derechoshumanosffyh\",\"https:\/\/www.instagram.com\/programaddhhffyh\/\"]},{\"@type\":\"Person\",\"@id\":\"https:\/\/ffyh.unc.edu.ar\/derechoshumanos\/#\/schema\/person\/04f003c63f270742f684d62c3bb18b3f\",\"name\":\"ddhh\",\"image\":{\"@type\":\"ImageObject\",\"inLanguage\":\"es\",\"@id\":\"https:\/\/ffyh.unc.edu.ar\/derechoshumanos\/#\/schema\/person\/image\/\",\"url\":\"https:\/\/secure.gravatar.com\/avatar\/190bf435db317f7baf0202577ddd03ec950570a0273526f8eaf515da1957e6e3?s=96&d=mm&r=g\",\"contentUrl\":\"https:\/\/secure.gravatar.com\/avatar\/190bf435db317f7baf0202577ddd03ec950570a0273526f8eaf515da1957e6e3?s=96&d=mm&r=g\",\"caption\":\"ddhh\"},\"url\":\"https:\/\/ffyh.unc.edu.ar\/derechoshumanos\/author\/ddhh\/\"}]}<\/script>\n<!-- \/ Yoast SEO plugin. -->","yoast_head_json":{"title":"Pluma Blanca: Acompa\u00f1amos la lucha de esta comunidad - Programa de Derechos Humanos - FFyH UNC","robots":{"index":"index","follow":"follow","max-snippet":"max-snippet:-1","max-image-preview":"max-image-preview:large","max-video-preview":"max-video-preview:-1"},"canonical":"https:\/\/ffyh.unc.edu.ar\/derechoshumanos\/2024\/08\/23\/pluma-blanca-acompanamos-la-lucha-de-esta-comunidad\/","og_locale":"es_ES","og_type":"article","og_title":"Pluma Blanca: Acompa\u00f1amos la lucha de esta comunidad - Programa de Derechos Humanos - FFyH UNC","og_description":"\u201cTenemos nuestra sangre en este lugar\u201d","og_url":"https:\/\/ffyh.unc.edu.ar\/derechoshumanos\/2024\/08\/23\/pluma-blanca-acompanamos-la-lucha-de-esta-comunidad\/","og_site_name":"Programa de Derechos Humanos - FFyH UNC","article_publisher":"https:\/\/www.facebook.com\/derechoshumanosffyh","article_published_time":"2024-08-23T18:25:30+00:00","article_modified_time":"2024-08-23T18:32:41+00:00","og_image":[{"url":"https:\/\/ffyh.unc.edu.ar\/wp-content\/uploads\/2022\/07\/tribunales-pluma-blanca-2-1120x450.jpg","type":"","width":"","height":""}],"author":"ddhh","twitter_card":"summary_large_image","twitter_misc":{"Escrito por":false,"Tiempo de lectura":"2 minutos"},"schema":{"@context":"https:\/\/schema.org","@graph":[{"@type":"Article","@id":"https:\/\/ffyh.unc.edu.ar\/derechoshumanos\/2024\/08\/23\/pluma-blanca-acompanamos-la-lucha-de-esta-comunidad\/#article","isPartOf":{"@id":"https:\/\/ffyh.unc.edu.ar\/derechoshumanos\/2024\/08\/23\/pluma-blanca-acompanamos-la-lucha-de-esta-comunidad\/"},"author":{"name":"ddhh","@id":"https:\/\/ffyh.unc.edu.ar\/derechoshumanos\/#\/schema\/person\/04f003c63f270742f684d62c3bb18b3f"},"headline":"Pluma Blanca: Acompa\u00f1amos la lucha de esta comunidad","datePublished":"2024-08-23T18:25:30+00:00","dateModified":"2024-08-23T18:32:41+00:00","mainEntityOfPage":{"@id":"https:\/\/ffyh.unc.edu.ar\/derechoshumanos\/2024\/08\/23\/pluma-blanca-acompanamos-la-lucha-de-esta-comunidad\/"},"wordCount":250,"commentCount":0,"publisher":{"@id":"https:\/\/ffyh.unc.edu.ar\/derechoshumanos\/#organization"},"image":{"@id":"https:\/\/ffyh.unc.edu.ar\/derechoshumanos\/2024\/08\/23\/pluma-blanca-acompanamos-la-lucha-de-esta-comunidad\/#primaryimage"},"thumbnailUrl":"https:\/\/ffyh.unc.edu.ar\/wp-content\/uploads\/2022\/07\/tribunales-pluma-blanca-2-1120x450.jpg","articleSection":["PUEBLOS ORIGINARIOS"],"inLanguage":"es","potentialAction":[{"@type":"CommentAction","name":"Comment","target":["https:\/\/ffyh.unc.edu.ar\/derechoshumanos\/2024\/08\/23\/pluma-blanca-acompanamos-la-lucha-de-esta-comunidad\/#respond"]}]},{"@type":"WebPage","@id":"https:\/\/ffyh.unc.edu.ar\/derechoshumanos\/2024\/08\/23\/pluma-blanca-acompanamos-la-lucha-de-esta-comunidad\/","url":"https:\/\/ffyh.unc.edu.ar\/derechoshumanos\/2024\/08\/23\/pluma-blanca-acompanamos-la-lucha-de-esta-comunidad\/","name":"Pluma Blanca: Acompa\u00f1amos la lucha de esta comunidad - Programa de Derechos Humanos - FFyH UNC","isPartOf":{"@id":"https:\/\/ffyh.unc.edu.ar\/derechoshumanos\/#website"},"primaryImageOfPage":{"@id":"https:\/\/ffyh.unc.edu.ar\/derechoshumanos\/2024\/08\/23\/pluma-blanca-acompanamos-la-lucha-de-esta-comunidad\/#primaryimage"},"image":{"@id":"https:\/\/ffyh.unc.edu.ar\/derechoshumanos\/2024\/08\/23\/pluma-blanca-acompanamos-la-lucha-de-esta-comunidad\/#primaryimage"},"thumbnailUrl":"https:\/\/ffyh.unc.edu.ar\/wp-content\/uploads\/2022\/07\/tribunales-pluma-blanca-2-1120x450.jpg","datePublished":"2024-08-23T18:25:30+00:00","dateModified":"2024-08-23T18:32:41+00:00","breadcrumb":{"@id":"https:\/\/ffyh.unc.edu.ar\/derechoshumanos\/2024\/08\/23\/pluma-blanca-acompanamos-la-lucha-de-esta-comunidad\/#breadcrumb"},"inLanguage":"es","potentialAction":[{"@type":"ReadAction","target":["https:\/\/ffyh.unc.edu.ar\/derechoshumanos\/2024\/08\/23\/pluma-blanca-acompanamos-la-lucha-de-esta-comunidad\/"]}]},{"@type":"ImageObject","inLanguage":"es","@id":"https:\/\/ffyh.unc.edu.ar\/derechoshumanos\/2024\/08\/23\/pluma-blanca-acompanamos-la-lucha-de-esta-comunidad\/#primaryimage","url":"https:\/\/ffyh.unc.edu.ar\/wp-content\/uploads\/2022\/07\/tribunales-pluma-blanca-2-1120x450.jpg","contentUrl":"https:\/\/ffyh.unc.edu.ar\/wp-content\/uploads\/2022\/07\/tribunales-pluma-blanca-2-1120x450.jpg"},{"@type":"BreadcrumbList","@id":"https:\/\/ffyh.unc.edu.ar\/derechoshumanos\/2024\/08\/23\/pluma-blanca-acompanamos-la-lucha-de-esta-comunidad\/#breadcrumb","itemListElement":[{"@type":"ListItem","position":1,"name":"Portada","item":"https:\/\/ffyh.unc.edu.ar\/derechoshumanos\/"},{"@type":"ListItem","position":2,"name":"Pluma Blanca: Acompa\u00f1amos la lucha de esta comunidad"}]},{"@type":"WebSite","@id":"https:\/\/ffyh.unc.edu.ar\/derechoshumanos\/#website","url":"https:\/\/ffyh.unc.edu.ar\/derechoshumanos\/","name":"Programa de Derechos Humanos - FFyH UNC","description":"","publisher":{"@id":"https:\/\/ffyh.unc.edu.ar\/derechoshumanos\/#organization"},"potentialAction":[{"@type":"SearchAction","target":{"@type":"EntryPoint","urlTemplate":"https:\/\/ffyh.unc.edu.ar\/derechoshumanos\/?s={search_term_string}"},"query-input":{"@type":"PropertyValueSpecification","valueRequired":true,"valueName":"search_term_string"}}],"inLanguage":"es"},{"@type":"Organization","@id":"https:\/\/ffyh.unc.edu.ar\/derechoshumanos\/#organization","name":"Programa de Derechos Humanos - FFyH UNC","url":"https:\/\/ffyh.unc.edu.ar\/derechoshumanos\/","logo":{"@type":"ImageObject","inLanguage":"es","@id":"https:\/\/ffyh.unc.edu.ar\/derechoshumanos\/#\/schema\/logo\/image\/","url":"https:\/\/ffyh.unc.edu.ar\/derechoshumanos\/wp-content\/uploads\/sites\/47\/2023\/04\/cropped-cropped-banner-ddhh.jpeg","contentUrl":"https:\/\/ffyh.unc.edu.ar\/derechoshumanos\/wp-content\/uploads\/sites\/47\/2023\/04\/cropped-cropped-banner-ddhh.jpeg","width":512,"height":512,"caption":"Programa de Derechos Humanos - FFyH UNC"},"image":{"@id":"https:\/\/ffyh.unc.edu.ar\/derechoshumanos\/#\/schema\/logo\/image\/"},"sameAs":["https:\/\/www.facebook.com\/derechoshumanosffyh","https:\/\/www.instagram.com\/programaddhhffyh\/"]},{"@type":"Person","@id":"https:\/\/ffyh.unc.edu.ar\/derechoshumanos\/#\/schema\/person\/04f003c63f270742f684d62c3bb18b3f","name":"ddhh","image":{"@type":"ImageObject","inLanguage":"es","@id":"https:\/\/ffyh.unc.edu.ar\/derechoshumanos\/#\/schema\/person\/image\/","url":"https:\/\/secure.gravatar.com\/avatar\/190bf435db317f7baf0202577ddd03ec950570a0273526f8eaf515da1957e6e3?s=96&d=mm&r=g","contentUrl":"https:\/\/secure.gravatar.com\/avatar\/190bf435db317f7baf0202577ddd03ec950570a0273526f8eaf515da1957e6e3?s=96&d=mm&r=g","caption":"ddhh"},"url":"https:\/\/ffyh.unc.edu.ar\/derechoshumanos\/author\/ddhh\/"}]}},"jetpack_featured_media_url":"","_links":{"self":[{"href":"https:\/\/ffyh.unc.edu.ar\/derechoshumanos\/wp-json\/wp\/v2\/posts\/764","targetHints":{"allow":["GET"]}}],"collection":[{"href":"https:\/\/ffyh.unc.edu.ar\/derechoshumanos\/wp-json\/wp\/v2\/posts"}],"about":[{"href":"https:\/\/ffyh.unc.edu.ar\/derechoshumanos\/wp-json\/wp\/v2\/types\/post"}],"author":[{"embeddable":true,"href":"https:\/\/ffyh.unc.edu.ar\/derechoshumanos\/wp-json\/wp\/v2\/users\/49"}],"replies":[{"embeddable":true,"href":"https:\/\/ffyh.unc.edu.ar\/derechoshumanos\/wp-json\/wp\/v2\/comments?post=764"}],"version-history":[{"count":3,"href":"https:\/\/ffyh.unc.edu.ar\/derechoshumanos\/wp-json\/wp\/v2\/posts\/764\/revisions"}],"predecessor-version":[{"id":768,"href":"https:\/\/ffyh.unc.edu.ar\/derechoshumanos\/wp-json\/wp\/v2\/posts\/764\/revisions\/768"}],"wp:attachment":[{"href":"https:\/\/ffyh.unc.edu.ar\/derechoshumanos\/wp-json\/wp\/v2\/media?parent=764"}],"wp:term":[{"taxonomy":"category","embeddable":true,"href":"https:\/\/ffyh.unc.edu.ar\/derechoshumanos\/wp-json\/wp\/v2\/categories?post=764"},{"taxonomy":"post_tag","embeddable":true,"href":"https:\/\/ffyh.unc.edu.ar\/derechoshumanos\/wp-json\/wp\/v2\/tags?post=764"}],"curies":[{"name":"wp","href":"https:\/\/api.w.org\/{rel}","templated":true}]}}