{"id":779,"date":"2024-08-30T20:27:00","date_gmt":"2024-08-30T20:27:00","guid":{"rendered":"https:\/\/ffyh.unc.edu.ar\/derechoshumanos\/?p=779"},"modified":"2024-08-30T20:27:43","modified_gmt":"2024-08-30T20:27:43","slug":"segundo-encuentro-memorias-para-el-futuro","status":"publish","type":"post","link":"https:\/\/ffyh.unc.edu.ar\/derechoshumanos\/2024\/08\/30\/segundo-encuentro-memorias-para-el-futuro\/","title":{"rendered":"Segundo encuentro: Memorias para el Futuro"},"content":{"rendered":"<p>Memorias para el Futuro: Espacio de formaci\u00f3n pol\u00edtica para estudiantes y trabajadores<\/p>\n<p>Edici\u00f3n 2024<\/p>\n<p>2do encuentro: LA EDUCACI\u00d3N COMO DERECHO. Intercambios sobre el actual conflicto universitario<\/p>\n<p><!--more--><\/p>\n<p>Jueves 5 de septiembre, 18 horas, Auditorio Presidente Hugo Ch\u00e1vez, Pabell\u00f3n Rep\u00fablica Bolivariana de Venezuela, Cdad. Universitaria.<\/p>\n<p>Mesa debate:<\/p>\n<ul>\n<li>Delegades Sindicales ADIUC.<\/li>\n<li>Delegades sindicales nodocentes.<\/li>\n<li>Sofia Squire (Consiliaria Estud. La Fuerza). L<\/li>\n<li>Nahuel Valenzuela (Centro de Estudiantes Univ. Nac. de Villa Mar\u00eda)<\/li>\n<\/ul>\n<p>&nbsp;<\/p>\n<p>Modera: Valentina Bober (SUOEM- Foro Sindical Mesa de Trabajo por los DDHH)<\/p>\n<p>&nbsp;<\/p>\n<p>Organizan: Facultad de Filosof\u00eda y Humanidades. Centro de Estudiantes FFyH. Foro Sindical y Comisi\u00f3n de Juventudes de la Mesa de Trabajo por los DDHH de C\u00f3rdoba. Biblioteca Nacional-sede Juan Filloy (C\u00f3rdoba)<\/p>\n<p><img fetchpriority=\"high\" decoding=\"async\" class=\"alignleft size-large wp-image-780\" src=\"http:\/\/ffyh.unc.edu.ar\/derechoshumanos\/wp-content\/uploads\/sites\/47\/2024\/08\/IMG-20240829-WA0015-814x1024.jpg\" alt=\"\" width=\"750\" height=\"943\" srcset=\"https:\/\/ffyh.unc.edu.ar\/derechoshumanos\/wp-content\/uploads\/sites\/47\/2024\/08\/IMG-20240829-WA0015-814x1024.jpg 814w, https:\/\/ffyh.unc.edu.ar\/derechoshumanos\/wp-content\/uploads\/sites\/47\/2024\/08\/IMG-20240829-WA0015-238x300.jpg 238w, https:\/\/ffyh.unc.edu.ar\/derechoshumanos\/wp-content\/uploads\/sites\/47\/2024\/08\/IMG-20240829-WA0015-768x966.jpg 768w, https:\/\/ffyh.unc.edu.ar\/derechoshumanos\/wp-content\/uploads\/sites\/47\/2024\/08\/IMG-20240829-WA0015-750x944.jpg 750w, https:\/\/ffyh.unc.edu.ar\/derechoshumanos\/wp-content\/uploads\/sites\/47\/2024\/08\/IMG-20240829-WA0015.jpg 1081w\" sizes=\"(max-width: 750px) 100vw, 750px\" \/><\/p>\n","protected":false},"excerpt":{"rendered":"<p>Memorias para el Futuro: Espacio de formaci\u00f3n pol\u00edtica para estudiantes y trabajadores Edici\u00f3n 2024 2do encuentro: LA EDUCACI\u00d3N COMO DERECHO. Intercambios sobre el actual conflicto universitario<\/p><p><a class=\"more-link btn\" href=\"https:\/\/ffyh.unc.edu.ar\/derechoshumanos\/2024\/08\/30\/segundo-encuentro-memorias-para-el-futuro\/\">Seguir leyendo<\/a><\/p>\n","protected":false},"author":49,"featured_media":0,"comment_status":"open","ping_status":"open","sticky":false,"template":"","format":"standard","meta":{"_acf_changed":false,"footnotes":""},"categories":[5],"tags":[],"class_list":["post-779","post","type-post","status-publish","format-standard","hentry","category-extension","nodate","item-wrap"],"acf":[],"yoast_head":"<!-- This site is optimized with the Yoast SEO plugin v27.1.1 - https:\/\/yoast.com\/product\/yoast-seo-wordpress\/ -->\n<title>Segundo encuentro: Memorias para el Futuro - Programa de Derechos Humanos - FFyH UNC<\/title>\n<meta name=\"robots\" content=\"index, follow, max-snippet:-1, max-image-preview:large, max-video-preview:-1\" \/>\n<link rel=\"canonical\" href=\"https:\/\/ffyh.unc.edu.ar\/derechoshumanos\/2024\/08\/30\/segundo-encuentro-memorias-para-el-futuro\/\" \/>\n<meta property=\"og:locale\" content=\"es_ES\" \/>\n<meta property=\"og:type\" content=\"article\" \/>\n<meta property=\"og:title\" content=\"Segundo encuentro: Memorias para el Futuro - Programa de Derechos Humanos - FFyH UNC\" \/>\n<meta property=\"og:description\" content=\"Memorias para el Futuro: Espacio de formaci\u00f3n pol\u00edtica para estudiantes y trabajadores Edici\u00f3n 2024 2do encuentro: LA EDUCACI\u00d3N COMO DERECHO. Intercambios sobre el actual conflicto universitario\" \/>\n<meta property=\"og:url\" content=\"https:\/\/ffyh.unc.edu.ar\/derechoshumanos\/2024\/08\/30\/segundo-encuentro-memorias-para-el-futuro\/\" \/>\n<meta property=\"og:site_name\" content=\"Programa de Derechos Humanos - FFyH UNC\" \/>\n<meta property=\"article:publisher\" content=\"https:\/\/www.facebook.com\/derechoshumanosffyh\" \/>\n<meta property=\"article:published_time\" content=\"2024-08-30T20:27:00+00:00\" \/>\n<meta property=\"article:modified_time\" content=\"2024-08-30T20:27:43+00:00\" \/>\n<meta property=\"og:image\" content=\"http:\/\/ffyh.unc.edu.ar\/derechoshumanos\/wp-content\/uploads\/sites\/47\/2024\/08\/IMG-20240829-WA0015-814x1024.jpg\" \/>\n<meta name=\"author\" content=\"ddhh\" \/>\n<meta name=\"twitter:card\" content=\"summary_large_image\" \/>\n<meta name=\"twitter:label1\" content=\"Escrito por\" \/>\n\t<meta name=\"twitter:data1\" content=\"\" \/>\n\t<meta name=\"twitter:label2\" content=\"Tiempo de lectura\" \/>\n\t<meta name=\"twitter:data2\" content=\"1 minuto\" \/>\n<script type=\"application\/ld+json\" class=\"yoast-schema-graph\">{\"@context\":\"https:\/\/schema.org\",\"@graph\":[{\"@type\":\"Article\",\"@id\":\"https:\/\/ffyh.unc.edu.ar\/derechoshumanos\/2024\/08\/30\/segundo-encuentro-memorias-para-el-futuro\/#article\",\"isPartOf\":{\"@id\":\"https:\/\/ffyh.unc.edu.ar\/derechoshumanos\/2024\/08\/30\/segundo-encuentro-memorias-para-el-futuro\/\"},\"author\":{\"name\":\"ddhh\",\"@id\":\"https:\/\/ffyh.unc.edu.ar\/derechoshumanos\/#\/schema\/person\/04f003c63f270742f684d62c3bb18b3f\"},\"headline\":\"Segundo encuentro: Memorias para el Futuro\",\"datePublished\":\"2024-08-30T20:27:00+00:00\",\"dateModified\":\"2024-08-30T20:27:43+00:00\",\"mainEntityOfPage\":{\"@id\":\"https:\/\/ffyh.unc.edu.ar\/derechoshumanos\/2024\/08\/30\/segundo-encuentro-memorias-para-el-futuro\/\"},\"wordCount\":128,\"commentCount\":0,\"publisher\":{\"@id\":\"https:\/\/ffyh.unc.edu.ar\/derechoshumanos\/#organization\"},\"image\":{\"@id\":\"https:\/\/ffyh.unc.edu.ar\/derechoshumanos\/2024\/08\/30\/segundo-encuentro-memorias-para-el-futuro\/#primaryimage\"},\"thumbnailUrl\":\"http:\/\/ffyh.unc.edu.ar\/derechoshumanos\/wp-content\/uploads\/sites\/47\/2024\/08\/IMG-20240829-WA0015-814x1024.jpg\",\"articleSection\":[\"Extensi\u00f3n\"],\"inLanguage\":\"es\",\"potentialAction\":[{\"@type\":\"CommentAction\",\"name\":\"Comment\",\"target\":[\"https:\/\/ffyh.unc.edu.ar\/derechoshumanos\/2024\/08\/30\/segundo-encuentro-memorias-para-el-futuro\/#respond\"]}]},{\"@type\":\"WebPage\",\"@id\":\"https:\/\/ffyh.unc.edu.ar\/derechoshumanos\/2024\/08\/30\/segundo-encuentro-memorias-para-el-futuro\/\",\"url\":\"https:\/\/ffyh.unc.edu.ar\/derechoshumanos\/2024\/08\/30\/segundo-encuentro-memorias-para-el-futuro\/\",\"name\":\"Segundo encuentro: Memorias para el Futuro - Programa de Derechos Humanos - FFyH UNC\",\"isPartOf\":{\"@id\":\"https:\/\/ffyh.unc.edu.ar\/derechoshumanos\/#website\"},\"primaryImageOfPage\":{\"@id\":\"https:\/\/ffyh.unc.edu.ar\/derechoshumanos\/2024\/08\/30\/segundo-encuentro-memorias-para-el-futuro\/#primaryimage\"},\"image\":{\"@id\":\"https:\/\/ffyh.unc.edu.ar\/derechoshumanos\/2024\/08\/30\/segundo-encuentro-memorias-para-el-futuro\/#primaryimage\"},\"thumbnailUrl\":\"http:\/\/ffyh.unc.edu.ar\/derechoshumanos\/wp-content\/uploads\/sites\/47\/2024\/08\/IMG-20240829-WA0015-814x1024.jpg\",\"datePublished\":\"2024-08-30T20:27:00+00:00\",\"dateModified\":\"2024-08-30T20:27:43+00:00\",\"breadcrumb\":{\"@id\":\"https:\/\/ffyh.unc.edu.ar\/derechoshumanos\/2024\/08\/30\/segundo-encuentro-memorias-para-el-futuro\/#breadcrumb\"},\"inLanguage\":\"es\",\"potentialAction\":[{\"@type\":\"ReadAction\",\"target\":[\"https:\/\/ffyh.unc.edu.ar\/derechoshumanos\/2024\/08\/30\/segundo-encuentro-memorias-para-el-futuro\/\"]}]},{\"@type\":\"ImageObject\",\"inLanguage\":\"es\",\"@id\":\"https:\/\/ffyh.unc.edu.ar\/derechoshumanos\/2024\/08\/30\/segundo-encuentro-memorias-para-el-futuro\/#primaryimage\",\"url\":\"https:\/\/ffyh.unc.edu.ar\/derechoshumanos\/wp-content\/uploads\/sites\/47\/2024\/08\/IMG-20240829-WA0015.jpg\",\"contentUrl\":\"https:\/\/ffyh.unc.edu.ar\/derechoshumanos\/wp-content\/uploads\/sites\/47\/2024\/08\/IMG-20240829-WA0015.jpg\",\"width\":1081,\"height\":1360},{\"@type\":\"BreadcrumbList\",\"@id\":\"https:\/\/ffyh.unc.edu.ar\/derechoshumanos\/2024\/08\/30\/segundo-encuentro-memorias-para-el-futuro\/#breadcrumb\",\"itemListElement\":[{\"@type\":\"ListItem\",\"position\":1,\"name\":\"Portada\",\"item\":\"https:\/\/ffyh.unc.edu.ar\/derechoshumanos\/\"},{\"@type\":\"ListItem\",\"position\":2,\"name\":\"Segundo encuentro: Memorias para el Futuro\"}]},{\"@type\":\"WebSite\",\"@id\":\"https:\/\/ffyh.unc.edu.ar\/derechoshumanos\/#website\",\"url\":\"https:\/\/ffyh.unc.edu.ar\/derechoshumanos\/\",\"name\":\"Programa de Derechos Humanos - FFyH UNC\",\"description\":\"\",\"publisher\":{\"@id\":\"https:\/\/ffyh.unc.edu.ar\/derechoshumanos\/#organization\"},\"potentialAction\":[{\"@type\":\"SearchAction\",\"target\":{\"@type\":\"EntryPoint\",\"urlTemplate\":\"https:\/\/ffyh.unc.edu.ar\/derechoshumanos\/?s={search_term_string}\"},\"query-input\":{\"@type\":\"PropertyValueSpecification\",\"valueRequired\":true,\"valueName\":\"search_term_string\"}}],\"inLanguage\":\"es\"},{\"@type\":\"Organization\",\"@id\":\"https:\/\/ffyh.unc.edu.ar\/derechoshumanos\/#organization\",\"name\":\"Programa de Derechos Humanos - FFyH UNC\",\"url\":\"https:\/\/ffyh.unc.edu.ar\/derechoshumanos\/\",\"logo\":{\"@type\":\"ImageObject\",\"inLanguage\":\"es\",\"@id\":\"https:\/\/ffyh.unc.edu.ar\/derechoshumanos\/#\/schema\/logo\/image\/\",\"url\":\"https:\/\/ffyh.unc.edu.ar\/derechoshumanos\/wp-content\/uploads\/sites\/47\/2023\/04\/cropped-cropped-banner-ddhh.jpeg\",\"contentUrl\":\"https:\/\/ffyh.unc.edu.ar\/derechoshumanos\/wp-content\/uploads\/sites\/47\/2023\/04\/cropped-cropped-banner-ddhh.jpeg\",\"width\":512,\"height\":512,\"caption\":\"Programa de Derechos Humanos - FFyH UNC\"},\"image\":{\"@id\":\"https:\/\/ffyh.unc.edu.ar\/derechoshumanos\/#\/schema\/logo\/image\/\"},\"sameAs\":[\"https:\/\/www.facebook.com\/derechoshumanosffyh\",\"https:\/\/www.instagram.com\/programaddhhffyh\/\"]},{\"@type\":\"Person\",\"@id\":\"https:\/\/ffyh.unc.edu.ar\/derechoshumanos\/#\/schema\/person\/04f003c63f270742f684d62c3bb18b3f\",\"name\":\"ddhh\",\"image\":{\"@type\":\"ImageObject\",\"inLanguage\":\"es\",\"@id\":\"https:\/\/ffyh.unc.edu.ar\/derechoshumanos\/#\/schema\/person\/image\/\",\"url\":\"https:\/\/secure.gravatar.com\/avatar\/190bf435db317f7baf0202577ddd03ec950570a0273526f8eaf515da1957e6e3?s=96&d=mm&r=g\",\"contentUrl\":\"https:\/\/secure.gravatar.com\/avatar\/190bf435db317f7baf0202577ddd03ec950570a0273526f8eaf515da1957e6e3?s=96&d=mm&r=g\",\"caption\":\"ddhh\"},\"url\":\"https:\/\/ffyh.unc.edu.ar\/derechoshumanos\/author\/ddhh\/\"}]}<\/script>\n<!-- \/ Yoast SEO plugin. -->","yoast_head_json":{"title":"Segundo encuentro: Memorias para el Futuro - Programa de Derechos Humanos - FFyH UNC","robots":{"index":"index","follow":"follow","max-snippet":"max-snippet:-1","max-image-preview":"max-image-preview:large","max-video-preview":"max-video-preview:-1"},"canonical":"https:\/\/ffyh.unc.edu.ar\/derechoshumanos\/2024\/08\/30\/segundo-encuentro-memorias-para-el-futuro\/","og_locale":"es_ES","og_type":"article","og_title":"Segundo encuentro: Memorias para el Futuro - Programa de Derechos Humanos - FFyH UNC","og_description":"Memorias para el Futuro: Espacio de formaci\u00f3n pol\u00edtica para estudiantes y trabajadores Edici\u00f3n 2024 2do encuentro: LA EDUCACI\u00d3N COMO DERECHO. Intercambios sobre el actual conflicto universitario","og_url":"https:\/\/ffyh.unc.edu.ar\/derechoshumanos\/2024\/08\/30\/segundo-encuentro-memorias-para-el-futuro\/","og_site_name":"Programa de Derechos Humanos - FFyH UNC","article_publisher":"https:\/\/www.facebook.com\/derechoshumanosffyh","article_published_time":"2024-08-30T20:27:00+00:00","article_modified_time":"2024-08-30T20:27:43+00:00","og_image":[{"url":"http:\/\/ffyh.unc.edu.ar\/derechoshumanos\/wp-content\/uploads\/sites\/47\/2024\/08\/IMG-20240829-WA0015-814x1024.jpg","type":"","width":"","height":""}],"author":"ddhh","twitter_card":"summary_large_image","twitter_misc":{"Escrito por":false,"Tiempo de lectura":"1 minuto"},"schema":{"@context":"https:\/\/schema.org","@graph":[{"@type":"Article","@id":"https:\/\/ffyh.unc.edu.ar\/derechoshumanos\/2024\/08\/30\/segundo-encuentro-memorias-para-el-futuro\/#article","isPartOf":{"@id":"https:\/\/ffyh.unc.edu.ar\/derechoshumanos\/2024\/08\/30\/segundo-encuentro-memorias-para-el-futuro\/"},"author":{"name":"ddhh","@id":"https:\/\/ffyh.unc.edu.ar\/derechoshumanos\/#\/schema\/person\/04f003c63f270742f684d62c3bb18b3f"},"headline":"Segundo encuentro: Memorias para el Futuro","datePublished":"2024-08-30T20:27:00+00:00","dateModified":"2024-08-30T20:27:43+00:00","mainEntityOfPage":{"@id":"https:\/\/ffyh.unc.edu.ar\/derechoshumanos\/2024\/08\/30\/segundo-encuentro-memorias-para-el-futuro\/"},"wordCount":128,"commentCount":0,"publisher":{"@id":"https:\/\/ffyh.unc.edu.ar\/derechoshumanos\/#organization"},"image":{"@id":"https:\/\/ffyh.unc.edu.ar\/derechoshumanos\/2024\/08\/30\/segundo-encuentro-memorias-para-el-futuro\/#primaryimage"},"thumbnailUrl":"http:\/\/ffyh.unc.edu.ar\/derechoshumanos\/wp-content\/uploads\/sites\/47\/2024\/08\/IMG-20240829-WA0015-814x1024.jpg","articleSection":["Extensi\u00f3n"],"inLanguage":"es","potentialAction":[{"@type":"CommentAction","name":"Comment","target":["https:\/\/ffyh.unc.edu.ar\/derechoshumanos\/2024\/08\/30\/segundo-encuentro-memorias-para-el-futuro\/#respond"]}]},{"@type":"WebPage","@id":"https:\/\/ffyh.unc.edu.ar\/derechoshumanos\/2024\/08\/30\/segundo-encuentro-memorias-para-el-futuro\/","url":"https:\/\/ffyh.unc.edu.ar\/derechoshumanos\/2024\/08\/30\/segundo-encuentro-memorias-para-el-futuro\/","name":"Segundo encuentro: Memorias para el Futuro - Programa de Derechos Humanos - FFyH UNC","isPartOf":{"@id":"https:\/\/ffyh.unc.edu.ar\/derechoshumanos\/#website"},"primaryImageOfPage":{"@id":"https:\/\/ffyh.unc.edu.ar\/derechoshumanos\/2024\/08\/30\/segundo-encuentro-memorias-para-el-futuro\/#primaryimage"},"image":{"@id":"https:\/\/ffyh.unc.edu.ar\/derechoshumanos\/2024\/08\/30\/segundo-encuentro-memorias-para-el-futuro\/#primaryimage"},"thumbnailUrl":"http:\/\/ffyh.unc.edu.ar\/derechoshumanos\/wp-content\/uploads\/sites\/47\/2024\/08\/IMG-20240829-WA0015-814x1024.jpg","datePublished":"2024-08-30T20:27:00+00:00","dateModified":"2024-08-30T20:27:43+00:00","breadcrumb":{"@id":"https:\/\/ffyh.unc.edu.ar\/derechoshumanos\/2024\/08\/30\/segundo-encuentro-memorias-para-el-futuro\/#breadcrumb"},"inLanguage":"es","potentialAction":[{"@type":"ReadAction","target":["https:\/\/ffyh.unc.edu.ar\/derechoshumanos\/2024\/08\/30\/segundo-encuentro-memorias-para-el-futuro\/"]}]},{"@type":"ImageObject","inLanguage":"es","@id":"https:\/\/ffyh.unc.edu.ar\/derechoshumanos\/2024\/08\/30\/segundo-encuentro-memorias-para-el-futuro\/#primaryimage","url":"https:\/\/ffyh.unc.edu.ar\/derechoshumanos\/wp-content\/uploads\/sites\/47\/2024\/08\/IMG-20240829-WA0015.jpg","contentUrl":"https:\/\/ffyh.unc.edu.ar\/derechoshumanos\/wp-content\/uploads\/sites\/47\/2024\/08\/IMG-20240829-WA0015.jpg","width":1081,"height":1360},{"@type":"BreadcrumbList","@id":"https:\/\/ffyh.unc.edu.ar\/derechoshumanos\/2024\/08\/30\/segundo-encuentro-memorias-para-el-futuro\/#breadcrumb","itemListElement":[{"@type":"ListItem","position":1,"name":"Portada","item":"https:\/\/ffyh.unc.edu.ar\/derechoshumanos\/"},{"@type":"ListItem","position":2,"name":"Segundo encuentro: Memorias para el Futuro"}]},{"@type":"WebSite","@id":"https:\/\/ffyh.unc.edu.ar\/derechoshumanos\/#website","url":"https:\/\/ffyh.unc.edu.ar\/derechoshumanos\/","name":"Programa de Derechos Humanos - FFyH UNC","description":"","publisher":{"@id":"https:\/\/ffyh.unc.edu.ar\/derechoshumanos\/#organization"},"potentialAction":[{"@type":"SearchAction","target":{"@type":"EntryPoint","urlTemplate":"https:\/\/ffyh.unc.edu.ar\/derechoshumanos\/?s={search_term_string}"},"query-input":{"@type":"PropertyValueSpecification","valueRequired":true,"valueName":"search_term_string"}}],"inLanguage":"es"},{"@type":"Organization","@id":"https:\/\/ffyh.unc.edu.ar\/derechoshumanos\/#organization","name":"Programa de Derechos Humanos - FFyH UNC","url":"https:\/\/ffyh.unc.edu.ar\/derechoshumanos\/","logo":{"@type":"ImageObject","inLanguage":"es","@id":"https:\/\/ffyh.unc.edu.ar\/derechoshumanos\/#\/schema\/logo\/image\/","url":"https:\/\/ffyh.unc.edu.ar\/derechoshumanos\/wp-content\/uploads\/sites\/47\/2023\/04\/cropped-cropped-banner-ddhh.jpeg","contentUrl":"https:\/\/ffyh.unc.edu.ar\/derechoshumanos\/wp-content\/uploads\/sites\/47\/2023\/04\/cropped-cropped-banner-ddhh.jpeg","width":512,"height":512,"caption":"Programa de Derechos Humanos - FFyH UNC"},"image":{"@id":"https:\/\/ffyh.unc.edu.ar\/derechoshumanos\/#\/schema\/logo\/image\/"},"sameAs":["https:\/\/www.facebook.com\/derechoshumanosffyh","https:\/\/www.instagram.com\/programaddhhffyh\/"]},{"@type":"Person","@id":"https:\/\/ffyh.unc.edu.ar\/derechoshumanos\/#\/schema\/person\/04f003c63f270742f684d62c3bb18b3f","name":"ddhh","image":{"@type":"ImageObject","inLanguage":"es","@id":"https:\/\/ffyh.unc.edu.ar\/derechoshumanos\/#\/schema\/person\/image\/","url":"https:\/\/secure.gravatar.com\/avatar\/190bf435db317f7baf0202577ddd03ec950570a0273526f8eaf515da1957e6e3?s=96&d=mm&r=g","contentUrl":"https:\/\/secure.gravatar.com\/avatar\/190bf435db317f7baf0202577ddd03ec950570a0273526f8eaf515da1957e6e3?s=96&d=mm&r=g","caption":"ddhh"},"url":"https:\/\/ffyh.unc.edu.ar\/derechoshumanos\/author\/ddhh\/"}]}},"jetpack_featured_media_url":"","_links":{"self":[{"href":"https:\/\/ffyh.unc.edu.ar\/derechoshumanos\/wp-json\/wp\/v2\/posts\/779","targetHints":{"allow":["GET"]}}],"collection":[{"href":"https:\/\/ffyh.unc.edu.ar\/derechoshumanos\/wp-json\/wp\/v2\/posts"}],"about":[{"href":"https:\/\/ffyh.unc.edu.ar\/derechoshumanos\/wp-json\/wp\/v2\/types\/post"}],"author":[{"embeddable":true,"href":"https:\/\/ffyh.unc.edu.ar\/derechoshumanos\/wp-json\/wp\/v2\/users\/49"}],"replies":[{"embeddable":true,"href":"https:\/\/ffyh.unc.edu.ar\/derechoshumanos\/wp-json\/wp\/v2\/comments?post=779"}],"version-history":[{"count":2,"href":"https:\/\/ffyh.unc.edu.ar\/derechoshumanos\/wp-json\/wp\/v2\/posts\/779\/revisions"}],"predecessor-version":[{"id":782,"href":"https:\/\/ffyh.unc.edu.ar\/derechoshumanos\/wp-json\/wp\/v2\/posts\/779\/revisions\/782"}],"wp:attachment":[{"href":"https:\/\/ffyh.unc.edu.ar\/derechoshumanos\/wp-json\/wp\/v2\/media?parent=779"}],"wp:term":[{"taxonomy":"category","embeddable":true,"href":"https:\/\/ffyh.unc.edu.ar\/derechoshumanos\/wp-json\/wp\/v2\/categories?post=779"},{"taxonomy":"post_tag","embeddable":true,"href":"https:\/\/ffyh.unc.edu.ar\/derechoshumanos\/wp-json\/wp\/v2\/tags?post=779"}],"curies":[{"name":"wp","href":"https:\/\/api.w.org\/{rel}","templated":true}]}}