{"id":82,"date":"2023-04-21T14:27:39","date_gmt":"2023-04-21T14:27:39","guid":{"rendered":"https:\/\/ffyh.unc.edu.ar\/derechoshumanos\/?p=82"},"modified":"2023-04-21T14:27:39","modified_gmt":"2023-04-21T14:27:39","slug":"se-lanza-la-convocatoria-para-el-premio-internacional-de-humanidades-ciencias-sociales-y-derechos-humanos-de-la-ffyh-2023","status":"publish","type":"post","link":"https:\/\/ffyh.unc.edu.ar\/derechoshumanos\/2023\/04\/21\/se-lanza-la-convocatoria-para-el-premio-internacional-de-humanidades-ciencias-sociales-y-derechos-humanos-de-la-ffyh-2023\/","title":{"rendered":"Se lanza la convocatoria para el Premio Internacional de Humanidades, Ciencias Sociales y Derechos Humanos de la FFyH 2023"},"content":{"rendered":"<p><strong>Organizado por el Programa de Derechos Humanos de la Facultad, en esta segunda edici\u00f3n habr\u00e1 seis ejes tem\u00e1ticos, lxs candidatxss podr\u00e1n enviar los ensayos hasta el 30 de agosto y se contempla la posibilidad de que puedan escribir un mismo art\u00edculo hasta 3 personas. Los resultados se comunicar\u00e1n el 10 de diciembre, ocasi\u00f3n de cumplirse el 75 aniversario del D\u00eda Internacional de Derechos Humanos.<\/strong><\/p>\n<p><!--more--><\/p>\n<p>La primera edici\u00f3n se realiz\u00f3 en 2019, previo a la pandemia del Covid 19, y ahora se lanza la convocatoria 2023 del Premio Internacional de Humanidades, Ciencias Sociales y Derechos Humanos, que organiza el Programa de Derechos Humanos de la Facultad de Filosof\u00eda y Humanidades de la UNC.<\/p>\n<p>A diferencia de la edici\u00f3n anterior, la convocatoria 2023 establece seis ejes tem\u00e1ticos:<\/p>\n<ul>\n<li><em>Derechos humanos y feminismos. Transfeminismos. Derechos humanos en clave de g\u00e9nero<\/em><\/li>\n<li><em>Derechos humanos y pueblos originarios <\/em><\/li>\n<li><em>Derechos humanos y medio ambiente<\/em><\/li>\n<li><em>Derechos humanos y unidades de gesti\u00f3n documental<\/em><\/li>\n<li><em>Los \u201cNunca m\u00e1s\u201d que nos faltan. Herencias y proyecciones<\/em><\/li>\n<li><em>Luchas por la Memoria, Verdad y Justicia <\/em><\/li>\n<\/ul>\n<p>Lxs candidatxs podr\u00e1n enviar los ensayos hasta el 30 de agosto y se contempla la posibilidad de que puedan escribir un mismo art\u00edculo hasta 3 personas. Y, como en la primera edici\u00f3n del 2019, los resultados se comunicar\u00e1n el 10 de diciembre, ocasi\u00f3n de cumplirse este a\u00f1o el 75 aniversario del D\u00eda Internacional de Derechos Humanos.<\/p>\n<p>\u201cLas Humanidades y las Ciencias Sociales han mostrado la importancia de su potencial cr\u00edtico para repensar el alcance y sentidos de la categor\u00eda de DDHH, sus tensiones y la necesidad de su actualizaci\u00f3n permanente para contribuir a una reflexi\u00f3n sobre las pr\u00e1cticas y los discursos tanto en el campo de la investigaci\u00f3n como en el periodismo, la intervenci\u00f3n y las militancias\u201d, se\u00f1alan lxs organizadorxs.<\/p>\n<p>En este sentido, desde la recuperaci\u00f3n del Estado democr\u00e1tico de derecho, y con diferentes intensidades e historicidades, \u201clos derechos humanos han sido el foco de disputas pol\u00edticas y te\u00f3ricas que han atravesado los saberes de la academia y de los movimientos sociales; la elaboraci\u00f3n de pol\u00edticas estatales y la conformaci\u00f3n de espacios p\u00fablicos, a nivel local, nacional y regional\u201d, agregan.<\/p>\n<p>Por tal motivo, y como parte de toda una pol\u00edtica institucional y pol\u00edtica, resaltan que \u201cla FFyH considera fundamental mantener en el presente que habitamos la pregunta por la herencia de estas luchas, acompa\u00f1ando desde el pensamiento y la creaci\u00f3n, las aventuras\/b\u00fasquedas pol\u00edticas, imaginarias, conceptuales y afectivas de la comunidad.\u00a0 Es por ello que consideramos importante promover este Premio como una herramienta que sostenga la insistencia de los derechos humanos como horizonte y como praxis de toda cultura pol\u00edtica democr\u00e1tica\u201d.<\/p>\n<p>En la convocatoria 2023 el jurado estar\u00e1 integrado por M\u00f3nica Zidarich, Diana Lenton, Ana Iliovich, Ivanna Aguilera e Igor Donoso.<\/p>\n<blockquote><p>M\u00e1s info, bases y condiciones: <a href=\"https:\/\/ffyh.unc.edu.ar\/derechoshumanos\/premio-ddhh-2023\/\" target=\"_blank\" rel=\"noopener\">https:\/\/ffyh.unc.edu.ar\/derechoshumanos\/premio-ddhh-2023\/<\/a><\/p><\/blockquote>\n","protected":false},"excerpt":{"rendered":"<p>Organizado por el Programa de Derechos Humanos de la Facultad, en esta segunda edici\u00f3n habr\u00e1 seis ejes tem\u00e1ticos, lxs candidatxss podr\u00e1n enviar los ensayos hasta el 30 de agosto y se contempla la posibilidad de que puedan escribir un mismo art\u00edculo hasta 3 personas. Los resultados se comunicar\u00e1n el 10 de diciembre, ocasi\u00f3n de cumplirse &hellip; <\/p>\n<p><a class=\"more-link btn\" href=\"https:\/\/ffyh.unc.edu.ar\/derechoshumanos\/2023\/04\/21\/se-lanza-la-convocatoria-para-el-premio-internacional-de-humanidades-ciencias-sociales-y-derechos-humanos-de-la-ffyh-2023\/\">Seguir leyendo<\/a><\/p>\n","protected":false},"author":2,"featured_media":83,"comment_status":"open","ping_status":"open","sticky":false,"template":"","format":"standard","meta":{"_acf_changed":false,"footnotes":""},"categories":[9],"tags":[],"class_list":["post-82","post","type-post","status-publish","format-standard","has-post-thumbnail","hentry","category-noticias","nodate","item-wrap"],"acf":[],"yoast_head":"<!-- This site is optimized with the Yoast SEO plugin v27.1.1 - https:\/\/yoast.com\/product\/yoast-seo-wordpress\/ -->\n<title>Se lanza la convocatoria para el Premio Internacional de Humanidades, Ciencias Sociales y Derechos Humanos de la FFyH 2023 - Programa de Derechos Humanos - FFyH UNC<\/title>\n<meta name=\"robots\" content=\"index, follow, max-snippet:-1, max-image-preview:large, max-video-preview:-1\" \/>\n<link rel=\"canonical\" href=\"https:\/\/ffyh.unc.edu.ar\/derechoshumanos\/2023\/04\/21\/se-lanza-la-convocatoria-para-el-premio-internacional-de-humanidades-ciencias-sociales-y-derechos-humanos-de-la-ffyh-2023\/\" \/>\n<meta property=\"og:locale\" content=\"es_ES\" \/>\n<meta property=\"og:type\" content=\"article\" \/>\n<meta property=\"og:title\" content=\"Se lanza la convocatoria para el Premio Internacional de Humanidades, Ciencias Sociales y Derechos Humanos de la FFyH 2023 - Programa de Derechos Humanos - FFyH UNC\" \/>\n<meta property=\"og:description\" content=\"Organizado por el Programa de Derechos Humanos de la Facultad, en esta segunda edici\u00f3n habr\u00e1 seis ejes tem\u00e1ticos, lxs candidatxss podr\u00e1n enviar los ensayos hasta el 30 de agosto y se contempla la posibilidad de que puedan escribir un mismo art\u00edculo hasta 3 personas. Los resultados se comunicar\u00e1n el 10 de diciembre, ocasi\u00f3n de cumplirse &hellip; Seguir leyendo\" \/>\n<meta property=\"og:url\" content=\"https:\/\/ffyh.unc.edu.ar\/derechoshumanos\/2023\/04\/21\/se-lanza-la-convocatoria-para-el-premio-internacional-de-humanidades-ciencias-sociales-y-derechos-humanos-de-la-ffyh-2023\/\" \/>\n<meta property=\"og:site_name\" content=\"Programa de Derechos Humanos - FFyH UNC\" \/>\n<meta property=\"article:publisher\" content=\"https:\/\/www.facebook.com\/derechoshumanosffyh\" \/>\n<meta property=\"article:published_time\" content=\"2023-04-21T14:27:39+00:00\" \/>\n<meta property=\"og:image\" content=\"http:\/\/ffyh.unc.edu.ar\/derechoshumanos\/wp-content\/uploads\/sites\/47\/2023\/04\/banner-premio-ddhh-2023.jpeg\" \/>\n\t<meta property=\"og:image:width\" content=\"1600\" \/>\n\t<meta property=\"og:image:height\" content=\"637\" \/>\n\t<meta property=\"og:image:type\" content=\"image\/jpeg\" \/>\n<meta name=\"author\" content=\"\u00c1rea de Comunicaci\u00f3n - FFyH\" \/>\n<meta name=\"twitter:card\" content=\"summary_large_image\" \/>\n<meta name=\"twitter:label1\" content=\"Escrito por\" \/>\n\t<meta name=\"twitter:data1\" content=\"\" \/>\n\t<meta name=\"twitter:label2\" content=\"Tiempo de lectura\" \/>\n\t<meta name=\"twitter:data2\" content=\"3 minutos\" \/>\n<script type=\"application\/ld+json\" class=\"yoast-schema-graph\">{\"@context\":\"https:\/\/schema.org\",\"@graph\":[{\"@type\":\"Article\",\"@id\":\"https:\/\/ffyh.unc.edu.ar\/derechoshumanos\/2023\/04\/21\/se-lanza-la-convocatoria-para-el-premio-internacional-de-humanidades-ciencias-sociales-y-derechos-humanos-de-la-ffyh-2023\/#article\",\"isPartOf\":{\"@id\":\"https:\/\/ffyh.unc.edu.ar\/derechoshumanos\/2023\/04\/21\/se-lanza-la-convocatoria-para-el-premio-internacional-de-humanidades-ciencias-sociales-y-derechos-humanos-de-la-ffyh-2023\/\"},\"author\":{\"name\":\"\u00c1rea de Comunicaci\u00f3n - FFyH\",\"@id\":\"https:\/\/ffyh.unc.edu.ar\/derechoshumanos\/#\/schema\/person\/e6b9f6aec95cb7437bb2fde09e23b224\"},\"headline\":\"Se lanza la convocatoria para el Premio Internacional de Humanidades, Ciencias Sociales y Derechos Humanos de la FFyH 2023\",\"datePublished\":\"2023-04-21T14:27:39+00:00\",\"mainEntityOfPage\":{\"@id\":\"https:\/\/ffyh.unc.edu.ar\/derechoshumanos\/2023\/04\/21\/se-lanza-la-convocatoria-para-el-premio-internacional-de-humanidades-ciencias-sociales-y-derechos-humanos-de-la-ffyh-2023\/\"},\"wordCount\":513,\"commentCount\":0,\"publisher\":{\"@id\":\"https:\/\/ffyh.unc.edu.ar\/derechoshumanos\/#organization\"},\"image\":{\"@id\":\"https:\/\/ffyh.unc.edu.ar\/derechoshumanos\/2023\/04\/21\/se-lanza-la-convocatoria-para-el-premio-internacional-de-humanidades-ciencias-sociales-y-derechos-humanos-de-la-ffyh-2023\/#primaryimage\"},\"thumbnailUrl\":\"https:\/\/ffyh.unc.edu.ar\/derechoshumanos\/wp-content\/uploads\/sites\/47\/2023\/04\/banner-premio-ddhh-2023.jpeg\",\"articleSection\":[\"Noticias\"],\"inLanguage\":\"es\",\"potentialAction\":[{\"@type\":\"CommentAction\",\"name\":\"Comment\",\"target\":[\"https:\/\/ffyh.unc.edu.ar\/derechoshumanos\/2023\/04\/21\/se-lanza-la-convocatoria-para-el-premio-internacional-de-humanidades-ciencias-sociales-y-derechos-humanos-de-la-ffyh-2023\/#respond\"]}]},{\"@type\":\"WebPage\",\"@id\":\"https:\/\/ffyh.unc.edu.ar\/derechoshumanos\/2023\/04\/21\/se-lanza-la-convocatoria-para-el-premio-internacional-de-humanidades-ciencias-sociales-y-derechos-humanos-de-la-ffyh-2023\/\",\"url\":\"https:\/\/ffyh.unc.edu.ar\/derechoshumanos\/2023\/04\/21\/se-lanza-la-convocatoria-para-el-premio-internacional-de-humanidades-ciencias-sociales-y-derechos-humanos-de-la-ffyh-2023\/\",\"name\":\"Se lanza la convocatoria para el Premio Internacional de Humanidades, Ciencias Sociales y Derechos Humanos de la FFyH 2023 - Programa de Derechos Humanos - FFyH UNC\",\"isPartOf\":{\"@id\":\"https:\/\/ffyh.unc.edu.ar\/derechoshumanos\/#website\"},\"primaryImageOfPage\":{\"@id\":\"https:\/\/ffyh.unc.edu.ar\/derechoshumanos\/2023\/04\/21\/se-lanza-la-convocatoria-para-el-premio-internacional-de-humanidades-ciencias-sociales-y-derechos-humanos-de-la-ffyh-2023\/#primaryimage\"},\"image\":{\"@id\":\"https:\/\/ffyh.unc.edu.ar\/derechoshumanos\/2023\/04\/21\/se-lanza-la-convocatoria-para-el-premio-internacional-de-humanidades-ciencias-sociales-y-derechos-humanos-de-la-ffyh-2023\/#primaryimage\"},\"thumbnailUrl\":\"https:\/\/ffyh.unc.edu.ar\/derechoshumanos\/wp-content\/uploads\/sites\/47\/2023\/04\/banner-premio-ddhh-2023.jpeg\",\"datePublished\":\"2023-04-21T14:27:39+00:00\",\"breadcrumb\":{\"@id\":\"https:\/\/ffyh.unc.edu.ar\/derechoshumanos\/2023\/04\/21\/se-lanza-la-convocatoria-para-el-premio-internacional-de-humanidades-ciencias-sociales-y-derechos-humanos-de-la-ffyh-2023\/#breadcrumb\"},\"inLanguage\":\"es\",\"potentialAction\":[{\"@type\":\"ReadAction\",\"target\":[\"https:\/\/ffyh.unc.edu.ar\/derechoshumanos\/2023\/04\/21\/se-lanza-la-convocatoria-para-el-premio-internacional-de-humanidades-ciencias-sociales-y-derechos-humanos-de-la-ffyh-2023\/\"]}]},{\"@type\":\"ImageObject\",\"inLanguage\":\"es\",\"@id\":\"https:\/\/ffyh.unc.edu.ar\/derechoshumanos\/2023\/04\/21\/se-lanza-la-convocatoria-para-el-premio-internacional-de-humanidades-ciencias-sociales-y-derechos-humanos-de-la-ffyh-2023\/#primaryimage\",\"url\":\"https:\/\/ffyh.unc.edu.ar\/derechoshumanos\/wp-content\/uploads\/sites\/47\/2023\/04\/banner-premio-ddhh-2023.jpeg\",\"contentUrl\":\"https:\/\/ffyh.unc.edu.ar\/derechoshumanos\/wp-content\/uploads\/sites\/47\/2023\/04\/banner-premio-ddhh-2023.jpeg\",\"width\":1600,\"height\":637},{\"@type\":\"BreadcrumbList\",\"@id\":\"https:\/\/ffyh.unc.edu.ar\/derechoshumanos\/2023\/04\/21\/se-lanza-la-convocatoria-para-el-premio-internacional-de-humanidades-ciencias-sociales-y-derechos-humanos-de-la-ffyh-2023\/#breadcrumb\",\"itemListElement\":[{\"@type\":\"ListItem\",\"position\":1,\"name\":\"Portada\",\"item\":\"https:\/\/ffyh.unc.edu.ar\/derechoshumanos\/\"},{\"@type\":\"ListItem\",\"position\":2,\"name\":\"Se lanza la convocatoria para el Premio Internacional de Humanidades, Ciencias Sociales y Derechos Humanos de la FFyH 2023\"}]},{\"@type\":\"WebSite\",\"@id\":\"https:\/\/ffyh.unc.edu.ar\/derechoshumanos\/#website\",\"url\":\"https:\/\/ffyh.unc.edu.ar\/derechoshumanos\/\",\"name\":\"Programa de Derechos Humanos - FFyH UNC\",\"description\":\"\",\"publisher\":{\"@id\":\"https:\/\/ffyh.unc.edu.ar\/derechoshumanos\/#organization\"},\"potentialAction\":[{\"@type\":\"SearchAction\",\"target\":{\"@type\":\"EntryPoint\",\"urlTemplate\":\"https:\/\/ffyh.unc.edu.ar\/derechoshumanos\/?s={search_term_string}\"},\"query-input\":{\"@type\":\"PropertyValueSpecification\",\"valueRequired\":true,\"valueName\":\"search_term_string\"}}],\"inLanguage\":\"es\"},{\"@type\":\"Organization\",\"@id\":\"https:\/\/ffyh.unc.edu.ar\/derechoshumanos\/#organization\",\"name\":\"Programa de Derechos Humanos - FFyH UNC\",\"url\":\"https:\/\/ffyh.unc.edu.ar\/derechoshumanos\/\",\"logo\":{\"@type\":\"ImageObject\",\"inLanguage\":\"es\",\"@id\":\"https:\/\/ffyh.unc.edu.ar\/derechoshumanos\/#\/schema\/logo\/image\/\",\"url\":\"https:\/\/ffyh.unc.edu.ar\/derechoshumanos\/wp-content\/uploads\/sites\/47\/2023\/04\/cropped-cropped-banner-ddhh.jpeg\",\"contentUrl\":\"https:\/\/ffyh.unc.edu.ar\/derechoshumanos\/wp-content\/uploads\/sites\/47\/2023\/04\/cropped-cropped-banner-ddhh.jpeg\",\"width\":512,\"height\":512,\"caption\":\"Programa de Derechos Humanos - FFyH UNC\"},\"image\":{\"@id\":\"https:\/\/ffyh.unc.edu.ar\/derechoshumanos\/#\/schema\/logo\/image\/\"},\"sameAs\":[\"https:\/\/www.facebook.com\/derechoshumanosffyh\",\"https:\/\/www.instagram.com\/programaddhhffyh\/\"]},{\"@type\":\"Person\",\"@id\":\"https:\/\/ffyh.unc.edu.ar\/derechoshumanos\/#\/schema\/person\/e6b9f6aec95cb7437bb2fde09e23b224\",\"name\":\"\u00c1rea de Comunicaci\u00f3n - FFyH\",\"image\":{\"@type\":\"ImageObject\",\"inLanguage\":\"es\",\"@id\":\"https:\/\/ffyh.unc.edu.ar\/derechoshumanos\/#\/schema\/person\/image\/\",\"url\":\"https:\/\/secure.gravatar.com\/avatar\/1d896d10b19526e4cb6e972ca0f1b6719a4697e2d88742a801b88b3682d5be75?s=96&d=mm&r=g\",\"contentUrl\":\"https:\/\/secure.gravatar.com\/avatar\/1d896d10b19526e4cb6e972ca0f1b6719a4697e2d88742a801b88b3682d5be75?s=96&d=mm&r=g\",\"caption\":\"\u00c1rea de Comunicaci\u00f3n - FFyH\"},\"url\":\"https:\/\/ffyh.unc.edu.ar\/derechoshumanos\/author\/prensa\/\"}]}<\/script>\n<!-- \/ Yoast SEO plugin. -->","yoast_head_json":{"title":"Se lanza la convocatoria para el Premio Internacional de Humanidades, Ciencias Sociales y Derechos Humanos de la FFyH 2023 - Programa de Derechos Humanos - FFyH UNC","robots":{"index":"index","follow":"follow","max-snippet":"max-snippet:-1","max-image-preview":"max-image-preview:large","max-video-preview":"max-video-preview:-1"},"canonical":"https:\/\/ffyh.unc.edu.ar\/derechoshumanos\/2023\/04\/21\/se-lanza-la-convocatoria-para-el-premio-internacional-de-humanidades-ciencias-sociales-y-derechos-humanos-de-la-ffyh-2023\/","og_locale":"es_ES","og_type":"article","og_title":"Se lanza la convocatoria para el Premio Internacional de Humanidades, Ciencias Sociales y Derechos Humanos de la FFyH 2023 - Programa de Derechos Humanos - FFyH UNC","og_description":"Organizado por el Programa de Derechos Humanos de la Facultad, en esta segunda edici\u00f3n habr\u00e1 seis ejes tem\u00e1ticos, lxs candidatxss podr\u00e1n enviar los ensayos hasta el 30 de agosto y se contempla la posibilidad de que puedan escribir un mismo art\u00edculo hasta 3 personas. Los resultados se comunicar\u00e1n el 10 de diciembre, ocasi\u00f3n de cumplirse &hellip; Seguir leyendo","og_url":"https:\/\/ffyh.unc.edu.ar\/derechoshumanos\/2023\/04\/21\/se-lanza-la-convocatoria-para-el-premio-internacional-de-humanidades-ciencias-sociales-y-derechos-humanos-de-la-ffyh-2023\/","og_site_name":"Programa de Derechos Humanos - FFyH UNC","article_publisher":"https:\/\/www.facebook.com\/derechoshumanosffyh","article_published_time":"2023-04-21T14:27:39+00:00","og_image":[{"width":1600,"height":637,"url":"http:\/\/ffyh.unc.edu.ar\/derechoshumanos\/wp-content\/uploads\/sites\/47\/2023\/04\/banner-premio-ddhh-2023.jpeg","type":"image\/jpeg"}],"author":"\u00c1rea de Comunicaci\u00f3n - FFyH","twitter_card":"summary_large_image","twitter_misc":{"Escrito por":false,"Tiempo de lectura":"3 minutos"},"schema":{"@context":"https:\/\/schema.org","@graph":[{"@type":"Article","@id":"https:\/\/ffyh.unc.edu.ar\/derechoshumanos\/2023\/04\/21\/se-lanza-la-convocatoria-para-el-premio-internacional-de-humanidades-ciencias-sociales-y-derechos-humanos-de-la-ffyh-2023\/#article","isPartOf":{"@id":"https:\/\/ffyh.unc.edu.ar\/derechoshumanos\/2023\/04\/21\/se-lanza-la-convocatoria-para-el-premio-internacional-de-humanidades-ciencias-sociales-y-derechos-humanos-de-la-ffyh-2023\/"},"author":{"name":"\u00c1rea de Comunicaci\u00f3n - FFyH","@id":"https:\/\/ffyh.unc.edu.ar\/derechoshumanos\/#\/schema\/person\/e6b9f6aec95cb7437bb2fde09e23b224"},"headline":"Se lanza la convocatoria para el Premio Internacional de Humanidades, Ciencias Sociales y Derechos Humanos de la FFyH 2023","datePublished":"2023-04-21T14:27:39+00:00","mainEntityOfPage":{"@id":"https:\/\/ffyh.unc.edu.ar\/derechoshumanos\/2023\/04\/21\/se-lanza-la-convocatoria-para-el-premio-internacional-de-humanidades-ciencias-sociales-y-derechos-humanos-de-la-ffyh-2023\/"},"wordCount":513,"commentCount":0,"publisher":{"@id":"https:\/\/ffyh.unc.edu.ar\/derechoshumanos\/#organization"},"image":{"@id":"https:\/\/ffyh.unc.edu.ar\/derechoshumanos\/2023\/04\/21\/se-lanza-la-convocatoria-para-el-premio-internacional-de-humanidades-ciencias-sociales-y-derechos-humanos-de-la-ffyh-2023\/#primaryimage"},"thumbnailUrl":"https:\/\/ffyh.unc.edu.ar\/derechoshumanos\/wp-content\/uploads\/sites\/47\/2023\/04\/banner-premio-ddhh-2023.jpeg","articleSection":["Noticias"],"inLanguage":"es","potentialAction":[{"@type":"CommentAction","name":"Comment","target":["https:\/\/ffyh.unc.edu.ar\/derechoshumanos\/2023\/04\/21\/se-lanza-la-convocatoria-para-el-premio-internacional-de-humanidades-ciencias-sociales-y-derechos-humanos-de-la-ffyh-2023\/#respond"]}]},{"@type":"WebPage","@id":"https:\/\/ffyh.unc.edu.ar\/derechoshumanos\/2023\/04\/21\/se-lanza-la-convocatoria-para-el-premio-internacional-de-humanidades-ciencias-sociales-y-derechos-humanos-de-la-ffyh-2023\/","url":"https:\/\/ffyh.unc.edu.ar\/derechoshumanos\/2023\/04\/21\/se-lanza-la-convocatoria-para-el-premio-internacional-de-humanidades-ciencias-sociales-y-derechos-humanos-de-la-ffyh-2023\/","name":"Se lanza la convocatoria para el Premio Internacional de Humanidades, Ciencias Sociales y Derechos Humanos de la FFyH 2023 - Programa de Derechos Humanos - FFyH UNC","isPartOf":{"@id":"https:\/\/ffyh.unc.edu.ar\/derechoshumanos\/#website"},"primaryImageOfPage":{"@id":"https:\/\/ffyh.unc.edu.ar\/derechoshumanos\/2023\/04\/21\/se-lanza-la-convocatoria-para-el-premio-internacional-de-humanidades-ciencias-sociales-y-derechos-humanos-de-la-ffyh-2023\/#primaryimage"},"image":{"@id":"https:\/\/ffyh.unc.edu.ar\/derechoshumanos\/2023\/04\/21\/se-lanza-la-convocatoria-para-el-premio-internacional-de-humanidades-ciencias-sociales-y-derechos-humanos-de-la-ffyh-2023\/#primaryimage"},"thumbnailUrl":"https:\/\/ffyh.unc.edu.ar\/derechoshumanos\/wp-content\/uploads\/sites\/47\/2023\/04\/banner-premio-ddhh-2023.jpeg","datePublished":"2023-04-21T14:27:39+00:00","breadcrumb":{"@id":"https:\/\/ffyh.unc.edu.ar\/derechoshumanos\/2023\/04\/21\/se-lanza-la-convocatoria-para-el-premio-internacional-de-humanidades-ciencias-sociales-y-derechos-humanos-de-la-ffyh-2023\/#breadcrumb"},"inLanguage":"es","potentialAction":[{"@type":"ReadAction","target":["https:\/\/ffyh.unc.edu.ar\/derechoshumanos\/2023\/04\/21\/se-lanza-la-convocatoria-para-el-premio-internacional-de-humanidades-ciencias-sociales-y-derechos-humanos-de-la-ffyh-2023\/"]}]},{"@type":"ImageObject","inLanguage":"es","@id":"https:\/\/ffyh.unc.edu.ar\/derechoshumanos\/2023\/04\/21\/se-lanza-la-convocatoria-para-el-premio-internacional-de-humanidades-ciencias-sociales-y-derechos-humanos-de-la-ffyh-2023\/#primaryimage","url":"https:\/\/ffyh.unc.edu.ar\/derechoshumanos\/wp-content\/uploads\/sites\/47\/2023\/04\/banner-premio-ddhh-2023.jpeg","contentUrl":"https:\/\/ffyh.unc.edu.ar\/derechoshumanos\/wp-content\/uploads\/sites\/47\/2023\/04\/banner-premio-ddhh-2023.jpeg","width":1600,"height":637},{"@type":"BreadcrumbList","@id":"https:\/\/ffyh.unc.edu.ar\/derechoshumanos\/2023\/04\/21\/se-lanza-la-convocatoria-para-el-premio-internacional-de-humanidades-ciencias-sociales-y-derechos-humanos-de-la-ffyh-2023\/#breadcrumb","itemListElement":[{"@type":"ListItem","position":1,"name":"Portada","item":"https:\/\/ffyh.unc.edu.ar\/derechoshumanos\/"},{"@type":"ListItem","position":2,"name":"Se lanza la convocatoria para el Premio Internacional de Humanidades, Ciencias Sociales y Derechos Humanos de la FFyH 2023"}]},{"@type":"WebSite","@id":"https:\/\/ffyh.unc.edu.ar\/derechoshumanos\/#website","url":"https:\/\/ffyh.unc.edu.ar\/derechoshumanos\/","name":"Programa de Derechos Humanos - FFyH UNC","description":"","publisher":{"@id":"https:\/\/ffyh.unc.edu.ar\/derechoshumanos\/#organization"},"potentialAction":[{"@type":"SearchAction","target":{"@type":"EntryPoint","urlTemplate":"https:\/\/ffyh.unc.edu.ar\/derechoshumanos\/?s={search_term_string}"},"query-input":{"@type":"PropertyValueSpecification","valueRequired":true,"valueName":"search_term_string"}}],"inLanguage":"es"},{"@type":"Organization","@id":"https:\/\/ffyh.unc.edu.ar\/derechoshumanos\/#organization","name":"Programa de Derechos Humanos - FFyH UNC","url":"https:\/\/ffyh.unc.edu.ar\/derechoshumanos\/","logo":{"@type":"ImageObject","inLanguage":"es","@id":"https:\/\/ffyh.unc.edu.ar\/derechoshumanos\/#\/schema\/logo\/image\/","url":"https:\/\/ffyh.unc.edu.ar\/derechoshumanos\/wp-content\/uploads\/sites\/47\/2023\/04\/cropped-cropped-banner-ddhh.jpeg","contentUrl":"https:\/\/ffyh.unc.edu.ar\/derechoshumanos\/wp-content\/uploads\/sites\/47\/2023\/04\/cropped-cropped-banner-ddhh.jpeg","width":512,"height":512,"caption":"Programa de Derechos Humanos - FFyH UNC"},"image":{"@id":"https:\/\/ffyh.unc.edu.ar\/derechoshumanos\/#\/schema\/logo\/image\/"},"sameAs":["https:\/\/www.facebook.com\/derechoshumanosffyh","https:\/\/www.instagram.com\/programaddhhffyh\/"]},{"@type":"Person","@id":"https:\/\/ffyh.unc.edu.ar\/derechoshumanos\/#\/schema\/person\/e6b9f6aec95cb7437bb2fde09e23b224","name":"\u00c1rea de Comunicaci\u00f3n - FFyH","image":{"@type":"ImageObject","inLanguage":"es","@id":"https:\/\/ffyh.unc.edu.ar\/derechoshumanos\/#\/schema\/person\/image\/","url":"https:\/\/secure.gravatar.com\/avatar\/1d896d10b19526e4cb6e972ca0f1b6719a4697e2d88742a801b88b3682d5be75?s=96&d=mm&r=g","contentUrl":"https:\/\/secure.gravatar.com\/avatar\/1d896d10b19526e4cb6e972ca0f1b6719a4697e2d88742a801b88b3682d5be75?s=96&d=mm&r=g","caption":"\u00c1rea de Comunicaci\u00f3n - FFyH"},"url":"https:\/\/ffyh.unc.edu.ar\/derechoshumanos\/author\/prensa\/"}]}},"jetpack_featured_media_url":"https:\/\/ffyh.unc.edu.ar\/derechoshumanos\/wp-content\/uploads\/sites\/47\/2023\/04\/banner-premio-ddhh-2023.jpeg","_links":{"self":[{"href":"https:\/\/ffyh.unc.edu.ar\/derechoshumanos\/wp-json\/wp\/v2\/posts\/82","targetHints":{"allow":["GET"]}}],"collection":[{"href":"https:\/\/ffyh.unc.edu.ar\/derechoshumanos\/wp-json\/wp\/v2\/posts"}],"about":[{"href":"https:\/\/ffyh.unc.edu.ar\/derechoshumanos\/wp-json\/wp\/v2\/types\/post"}],"author":[{"embeddable":true,"href":"https:\/\/ffyh.unc.edu.ar\/derechoshumanos\/wp-json\/wp\/v2\/users\/2"}],"replies":[{"embeddable":true,"href":"https:\/\/ffyh.unc.edu.ar\/derechoshumanos\/wp-json\/wp\/v2\/comments?post=82"}],"version-history":[{"count":1,"href":"https:\/\/ffyh.unc.edu.ar\/derechoshumanos\/wp-json\/wp\/v2\/posts\/82\/revisions"}],"predecessor-version":[{"id":84,"href":"https:\/\/ffyh.unc.edu.ar\/derechoshumanos\/wp-json\/wp\/v2\/posts\/82\/revisions\/84"}],"wp:featuredmedia":[{"embeddable":true,"href":"https:\/\/ffyh.unc.edu.ar\/derechoshumanos\/wp-json\/wp\/v2\/media\/83"}],"wp:attachment":[{"href":"https:\/\/ffyh.unc.edu.ar\/derechoshumanos\/wp-json\/wp\/v2\/media?parent=82"}],"wp:term":[{"taxonomy":"category","embeddable":true,"href":"https:\/\/ffyh.unc.edu.ar\/derechoshumanos\/wp-json\/wp\/v2\/categories?post=82"},{"taxonomy":"post_tag","embeddable":true,"href":"https:\/\/ffyh.unc.edu.ar\/derechoshumanos\/wp-json\/wp\/v2\/tags?post=82"}],"curies":[{"name":"wp","href":"https:\/\/api.w.org\/{rel}","templated":true}]}}