{"id":836,"date":"2024-09-14T01:55:38","date_gmt":"2024-09-14T01:55:38","guid":{"rendered":"https:\/\/ffyh.unc.edu.ar\/derechoshumanos\/?p=836"},"modified":"2024-09-14T01:55:38","modified_gmt":"2024-09-14T01:55:38","slug":"festival-por-la-universidad-publica","status":"publish","type":"post","link":"https:\/\/ffyh.unc.edu.ar\/derechoshumanos\/2024\/09\/14\/festival-por-la-universidad-publica\/","title":{"rendered":"Festival por la Universidad P\u00fablica"},"content":{"rendered":"<p>Organizado por ADIUC, la Gremial San Mart\u00edn y la FUC cont\u00f3 con una gran participaci\u00f3n de la comunidad universitaria.<\/p>\n<p><!--more--><\/p>\n<p>El reclamo por salarios dignos para docentes y no docentes, y por la mejora en el Presupuesto Universitario congreg\u00f3 a la comunidad cordobesa en el Pabell\u00f3n Brujas en un festival que cont\u00f3 con m\u00fasica en vivo, una Feria de Emprendedores y una muestra de Proyectos Extensionistas.<\/p>\n<p><img decoding=\"async\" class=\"x6s0dn4 x78zum5 x5yr21d xl56j7k x6ikm8r x10wlt62 x1n2onr6 xh8yej3 xhtitgo _ao3e\" src=\"https:\/\/web.whatsapp.com\/ea25041c-1c2c-479a-959a-ffb3e594fc76\" alt=\"\" \/><img fetchpriority=\"high\" decoding=\"async\" class=\"alignleft size-large wp-image-837\" src=\"http:\/\/ffyh.unc.edu.ar\/derechoshumanos\/wp-content\/uploads\/sites\/47\/2024\/09\/WhatsApp-Image-2024-09-13-at-22.54.23-1024x461.jpeg\" alt=\"\" width=\"750\" height=\"338\" srcset=\"https:\/\/ffyh.unc.edu.ar\/derechoshumanos\/wp-content\/uploads\/sites\/47\/2024\/09\/WhatsApp-Image-2024-09-13-at-22.54.23-1024x461.jpeg 1024w, https:\/\/ffyh.unc.edu.ar\/derechoshumanos\/wp-content\/uploads\/sites\/47\/2024\/09\/WhatsApp-Image-2024-09-13-at-22.54.23-300x135.jpeg 300w, https:\/\/ffyh.unc.edu.ar\/derechoshumanos\/wp-content\/uploads\/sites\/47\/2024\/09\/WhatsApp-Image-2024-09-13-at-22.54.23-768x346.jpeg 768w, https:\/\/ffyh.unc.edu.ar\/derechoshumanos\/wp-content\/uploads\/sites\/47\/2024\/09\/WhatsApp-Image-2024-09-13-at-22.54.23-1536x691.jpeg 1536w, https:\/\/ffyh.unc.edu.ar\/derechoshumanos\/wp-content\/uploads\/sites\/47\/2024\/09\/WhatsApp-Image-2024-09-13-at-22.54.23-2048x922.jpeg 2048w, https:\/\/ffyh.unc.edu.ar\/derechoshumanos\/wp-content\/uploads\/sites\/47\/2024\/09\/WhatsApp-Image-2024-09-13-at-22.54.23-750x338.jpeg 750w\" sizes=\"(max-width: 750px) 100vw, 750px\" \/> <img decoding=\"async\" class=\"alignleft size-large wp-image-838\" src=\"http:\/\/ffyh.unc.edu.ar\/derechoshumanos\/wp-content\/uploads\/sites\/47\/2024\/09\/WhatsApp-Image-2024-09-13-at-22.54.221-1024x461.jpeg\" alt=\"\" width=\"750\" height=\"338\" srcset=\"https:\/\/ffyh.unc.edu.ar\/derechoshumanos\/wp-content\/uploads\/sites\/47\/2024\/09\/WhatsApp-Image-2024-09-13-at-22.54.221-1024x461.jpeg 1024w, https:\/\/ffyh.unc.edu.ar\/derechoshumanos\/wp-content\/uploads\/sites\/47\/2024\/09\/WhatsApp-Image-2024-09-13-at-22.54.221-300x135.jpeg 300w, https:\/\/ffyh.unc.edu.ar\/derechoshumanos\/wp-content\/uploads\/sites\/47\/2024\/09\/WhatsApp-Image-2024-09-13-at-22.54.221-768x346.jpeg 768w, https:\/\/ffyh.unc.edu.ar\/derechoshumanos\/wp-content\/uploads\/sites\/47\/2024\/09\/WhatsApp-Image-2024-09-13-at-22.54.221-1536x691.jpeg 1536w, https:\/\/ffyh.unc.edu.ar\/derechoshumanos\/wp-content\/uploads\/sites\/47\/2024\/09\/WhatsApp-Image-2024-09-13-at-22.54.221-2048x922.jpeg 2048w, https:\/\/ffyh.unc.edu.ar\/derechoshumanos\/wp-content\/uploads\/sites\/47\/2024\/09\/WhatsApp-Image-2024-09-13-at-22.54.221-750x338.jpeg 750w\" sizes=\"(max-width: 750px) 100vw, 750px\" \/> <img decoding=\"async\" class=\"alignleft size-large wp-image-839\" src=\"http:\/\/ffyh.unc.edu.ar\/derechoshumanos\/wp-content\/uploads\/sites\/47\/2024\/09\/WhatsApp-Image-2024-09-13-at-22.54.22-461x1024.jpeg\" alt=\"\" width=\"461\" height=\"1024\" srcset=\"https:\/\/ffyh.unc.edu.ar\/derechoshumanos\/wp-content\/uploads\/sites\/47\/2024\/09\/WhatsApp-Image-2024-09-13-at-22.54.22-461x1024.jpeg 461w, https:\/\/ffyh.unc.edu.ar\/derechoshumanos\/wp-content\/uploads\/sites\/47\/2024\/09\/WhatsApp-Image-2024-09-13-at-22.54.22-135x300.jpeg 135w, https:\/\/ffyh.unc.edu.ar\/derechoshumanos\/wp-content\/uploads\/sites\/47\/2024\/09\/WhatsApp-Image-2024-09-13-at-22.54.22-768x1707.jpeg 768w, https:\/\/ffyh.unc.edu.ar\/derechoshumanos\/wp-content\/uploads\/sites\/47\/2024\/09\/WhatsApp-Image-2024-09-13-at-22.54.22-691x1536.jpeg 691w, https:\/\/ffyh.unc.edu.ar\/derechoshumanos\/wp-content\/uploads\/sites\/47\/2024\/09\/WhatsApp-Image-2024-09-13-at-22.54.22-922x2048.jpeg 922w, https:\/\/ffyh.unc.edu.ar\/derechoshumanos\/wp-content\/uploads\/sites\/47\/2024\/09\/WhatsApp-Image-2024-09-13-at-22.54.22-750x1667.jpeg 750w, https:\/\/ffyh.unc.edu.ar\/derechoshumanos\/wp-content\/uploads\/sites\/47\/2024\/09\/WhatsApp-Image-2024-09-13-at-22.54.22-scaled.jpeg 1152w\" sizes=\"(max-width: 461px) 100vw, 461px\" \/> <img loading=\"lazy\" decoding=\"async\" class=\"alignleft size-large wp-image-840\" src=\"http:\/\/ffyh.unc.edu.ar\/derechoshumanos\/wp-content\/uploads\/sites\/47\/2024\/09\/WhatsApp-Image-2024-09-13-at-22.54.21-1024x461.jpeg\" alt=\"\" width=\"750\" height=\"338\" srcset=\"https:\/\/ffyh.unc.edu.ar\/derechoshumanos\/wp-content\/uploads\/sites\/47\/2024\/09\/WhatsApp-Image-2024-09-13-at-22.54.21-1024x461.jpeg 1024w, https:\/\/ffyh.unc.edu.ar\/derechoshumanos\/wp-content\/uploads\/sites\/47\/2024\/09\/WhatsApp-Image-2024-09-13-at-22.54.21-300x135.jpeg 300w, https:\/\/ffyh.unc.edu.ar\/derechoshumanos\/wp-content\/uploads\/sites\/47\/2024\/09\/WhatsApp-Image-2024-09-13-at-22.54.21-768x346.jpeg 768w, https:\/\/ffyh.unc.edu.ar\/derechoshumanos\/wp-content\/uploads\/sites\/47\/2024\/09\/WhatsApp-Image-2024-09-13-at-22.54.21-1536x691.jpeg 1536w, https:\/\/ffyh.unc.edu.ar\/derechoshumanos\/wp-content\/uploads\/sites\/47\/2024\/09\/WhatsApp-Image-2024-09-13-at-22.54.21-2048x922.jpeg 2048w, https:\/\/ffyh.unc.edu.ar\/derechoshumanos\/wp-content\/uploads\/sites\/47\/2024\/09\/WhatsApp-Image-2024-09-13-at-22.54.21-750x338.jpeg 750w\" sizes=\"(max-width: 750px) 100vw, 750px\" \/><\/p>\n","protected":false},"excerpt":{"rendered":"<p>Organizado por ADIUC, la Gremial San Mart\u00edn y la FUC cont\u00f3 con una gran participaci\u00f3n de la comunidad universitaria.<\/p><p><a class=\"more-link btn\" href=\"https:\/\/ffyh.unc.edu.ar\/derechoshumanos\/2024\/09\/14\/festival-por-la-universidad-publica\/\">Seguir leyendo<\/a><\/p>\n","protected":false},"author":49,"featured_media":0,"comment_status":"open","ping_status":"open","sticky":false,"template":"","format":"standard","meta":{"_acf_changed":false,"footnotes":""},"categories":[28],"tags":[],"class_list":["post-836","post","type-post","status-publish","format-standard","hentry","category-derecho-a-la-educacion","nodate","item-wrap"],"acf":[],"yoast_head":"<!-- This site is optimized with the Yoast SEO plugin v27.1.1 - https:\/\/yoast.com\/product\/yoast-seo-wordpress\/ -->\n<title>Festival por la Universidad P\u00fablica - Programa de Derechos Humanos - FFyH UNC<\/title>\n<meta name=\"robots\" content=\"index, follow, max-snippet:-1, max-image-preview:large, max-video-preview:-1\" \/>\n<link rel=\"canonical\" href=\"https:\/\/ffyh.unc.edu.ar\/derechoshumanos\/2024\/09\/14\/festival-por-la-universidad-publica\/\" \/>\n<meta property=\"og:locale\" content=\"es_ES\" \/>\n<meta property=\"og:type\" content=\"article\" \/>\n<meta property=\"og:title\" content=\"Festival por la Universidad P\u00fablica - Programa de Derechos Humanos - FFyH UNC\" \/>\n<meta property=\"og:description\" content=\"Organizado por ADIUC, la Gremial San Mart\u00edn y la FUC cont\u00f3 con una gran participaci\u00f3n de la comunidad universitaria.\" \/>\n<meta property=\"og:url\" content=\"https:\/\/ffyh.unc.edu.ar\/derechoshumanos\/2024\/09\/14\/festival-por-la-universidad-publica\/\" \/>\n<meta property=\"og:site_name\" content=\"Programa de Derechos Humanos - FFyH UNC\" \/>\n<meta property=\"article:publisher\" content=\"https:\/\/www.facebook.com\/derechoshumanosffyh\" \/>\n<meta property=\"article:published_time\" content=\"2024-09-14T01:55:38+00:00\" \/>\n<meta property=\"og:image\" content=\"https:\/\/web.whatsapp.com\/ea25041c-1c2c-479a-959a-ffb3e594fc76\" \/>\n<meta name=\"author\" content=\"ddhh\" \/>\n<meta name=\"twitter:card\" content=\"summary_large_image\" \/>\n<meta name=\"twitter:label1\" content=\"Escrito por\" \/>\n\t<meta name=\"twitter:data1\" content=\"\" \/>\n\t<meta name=\"twitter:label2\" content=\"Tiempo de lectura\" \/>\n\t<meta name=\"twitter:data2\" content=\"2 minutos\" \/>\n<script type=\"application\/ld+json\" class=\"yoast-schema-graph\">{\"@context\":\"https:\/\/schema.org\",\"@graph\":[{\"@type\":\"Article\",\"@id\":\"https:\/\/ffyh.unc.edu.ar\/derechoshumanos\/2024\/09\/14\/festival-por-la-universidad-publica\/#article\",\"isPartOf\":{\"@id\":\"https:\/\/ffyh.unc.edu.ar\/derechoshumanos\/2024\/09\/14\/festival-por-la-universidad-publica\/\"},\"author\":{\"name\":\"ddhh\",\"@id\":\"https:\/\/ffyh.unc.edu.ar\/derechoshumanos\/#\/schema\/person\/04f003c63f270742f684d62c3bb18b3f\"},\"headline\":\"Festival por la Universidad P\u00fablica\",\"datePublished\":\"2024-09-14T01:55:38+00:00\",\"mainEntityOfPage\":{\"@id\":\"https:\/\/ffyh.unc.edu.ar\/derechoshumanos\/2024\/09\/14\/festival-por-la-universidad-publica\/\"},\"wordCount\":75,\"commentCount\":0,\"publisher\":{\"@id\":\"https:\/\/ffyh.unc.edu.ar\/derechoshumanos\/#organization\"},\"image\":{\"@id\":\"https:\/\/ffyh.unc.edu.ar\/derechoshumanos\/2024\/09\/14\/festival-por-la-universidad-publica\/#primaryimage\"},\"thumbnailUrl\":\"https:\/\/web.whatsapp.com\/ea25041c-1c2c-479a-959a-ffb3e594fc76\",\"articleSection\":[\"DERECHO A LA EDUCACI\u00d3N\"],\"inLanguage\":\"es\",\"potentialAction\":[{\"@type\":\"CommentAction\",\"name\":\"Comment\",\"target\":[\"https:\/\/ffyh.unc.edu.ar\/derechoshumanos\/2024\/09\/14\/festival-por-la-universidad-publica\/#respond\"]}]},{\"@type\":\"WebPage\",\"@id\":\"https:\/\/ffyh.unc.edu.ar\/derechoshumanos\/2024\/09\/14\/festival-por-la-universidad-publica\/\",\"url\":\"https:\/\/ffyh.unc.edu.ar\/derechoshumanos\/2024\/09\/14\/festival-por-la-universidad-publica\/\",\"name\":\"Festival por la Universidad P\u00fablica - Programa de Derechos Humanos - FFyH UNC\",\"isPartOf\":{\"@id\":\"https:\/\/ffyh.unc.edu.ar\/derechoshumanos\/#website\"},\"primaryImageOfPage\":{\"@id\":\"https:\/\/ffyh.unc.edu.ar\/derechoshumanos\/2024\/09\/14\/festival-por-la-universidad-publica\/#primaryimage\"},\"image\":{\"@id\":\"https:\/\/ffyh.unc.edu.ar\/derechoshumanos\/2024\/09\/14\/festival-por-la-universidad-publica\/#primaryimage\"},\"thumbnailUrl\":\"https:\/\/web.whatsapp.com\/ea25041c-1c2c-479a-959a-ffb3e594fc76\",\"datePublished\":\"2024-09-14T01:55:38+00:00\",\"breadcrumb\":{\"@id\":\"https:\/\/ffyh.unc.edu.ar\/derechoshumanos\/2024\/09\/14\/festival-por-la-universidad-publica\/#breadcrumb\"},\"inLanguage\":\"es\",\"potentialAction\":[{\"@type\":\"ReadAction\",\"target\":[\"https:\/\/ffyh.unc.edu.ar\/derechoshumanos\/2024\/09\/14\/festival-por-la-universidad-publica\/\"]}]},{\"@type\":\"ImageObject\",\"inLanguage\":\"es\",\"@id\":\"https:\/\/ffyh.unc.edu.ar\/derechoshumanos\/2024\/09\/14\/festival-por-la-universidad-publica\/#primaryimage\",\"url\":\"https:\/\/web.whatsapp.com\/ea25041c-1c2c-479a-959a-ffb3e594fc76\",\"contentUrl\":\"https:\/\/web.whatsapp.com\/ea25041c-1c2c-479a-959a-ffb3e594fc76\"},{\"@type\":\"BreadcrumbList\",\"@id\":\"https:\/\/ffyh.unc.edu.ar\/derechoshumanos\/2024\/09\/14\/festival-por-la-universidad-publica\/#breadcrumb\",\"itemListElement\":[{\"@type\":\"ListItem\",\"position\":1,\"name\":\"Portada\",\"item\":\"https:\/\/ffyh.unc.edu.ar\/derechoshumanos\/\"},{\"@type\":\"ListItem\",\"position\":2,\"name\":\"Festival por la Universidad P\u00fablica\"}]},{\"@type\":\"WebSite\",\"@id\":\"https:\/\/ffyh.unc.edu.ar\/derechoshumanos\/#website\",\"url\":\"https:\/\/ffyh.unc.edu.ar\/derechoshumanos\/\",\"name\":\"Programa de Derechos Humanos - FFyH UNC\",\"description\":\"\",\"publisher\":{\"@id\":\"https:\/\/ffyh.unc.edu.ar\/derechoshumanos\/#organization\"},\"potentialAction\":[{\"@type\":\"SearchAction\",\"target\":{\"@type\":\"EntryPoint\",\"urlTemplate\":\"https:\/\/ffyh.unc.edu.ar\/derechoshumanos\/?s={search_term_string}\"},\"query-input\":{\"@type\":\"PropertyValueSpecification\",\"valueRequired\":true,\"valueName\":\"search_term_string\"}}],\"inLanguage\":\"es\"},{\"@type\":\"Organization\",\"@id\":\"https:\/\/ffyh.unc.edu.ar\/derechoshumanos\/#organization\",\"name\":\"Programa de Derechos Humanos - FFyH UNC\",\"url\":\"https:\/\/ffyh.unc.edu.ar\/derechoshumanos\/\",\"logo\":{\"@type\":\"ImageObject\",\"inLanguage\":\"es\",\"@id\":\"https:\/\/ffyh.unc.edu.ar\/derechoshumanos\/#\/schema\/logo\/image\/\",\"url\":\"https:\/\/ffyh.unc.edu.ar\/derechoshumanos\/wp-content\/uploads\/sites\/47\/2023\/04\/cropped-cropped-banner-ddhh.jpeg\",\"contentUrl\":\"https:\/\/ffyh.unc.edu.ar\/derechoshumanos\/wp-content\/uploads\/sites\/47\/2023\/04\/cropped-cropped-banner-ddhh.jpeg\",\"width\":512,\"height\":512,\"caption\":\"Programa de Derechos Humanos - FFyH UNC\"},\"image\":{\"@id\":\"https:\/\/ffyh.unc.edu.ar\/derechoshumanos\/#\/schema\/logo\/image\/\"},\"sameAs\":[\"https:\/\/www.facebook.com\/derechoshumanosffyh\",\"https:\/\/www.instagram.com\/programaddhhffyh\/\"]},{\"@type\":\"Person\",\"@id\":\"https:\/\/ffyh.unc.edu.ar\/derechoshumanos\/#\/schema\/person\/04f003c63f270742f684d62c3bb18b3f\",\"name\":\"ddhh\",\"image\":{\"@type\":\"ImageObject\",\"inLanguage\":\"es\",\"@id\":\"https:\/\/ffyh.unc.edu.ar\/derechoshumanos\/#\/schema\/person\/image\/\",\"url\":\"https:\/\/secure.gravatar.com\/avatar\/190bf435db317f7baf0202577ddd03ec950570a0273526f8eaf515da1957e6e3?s=96&d=mm&r=g\",\"contentUrl\":\"https:\/\/secure.gravatar.com\/avatar\/190bf435db317f7baf0202577ddd03ec950570a0273526f8eaf515da1957e6e3?s=96&d=mm&r=g\",\"caption\":\"ddhh\"},\"url\":\"https:\/\/ffyh.unc.edu.ar\/derechoshumanos\/author\/ddhh\/\"}]}<\/script>\n<!-- \/ Yoast SEO plugin. -->","yoast_head_json":{"title":"Festival por la Universidad P\u00fablica - Programa de Derechos Humanos - FFyH UNC","robots":{"index":"index","follow":"follow","max-snippet":"max-snippet:-1","max-image-preview":"max-image-preview:large","max-video-preview":"max-video-preview:-1"},"canonical":"https:\/\/ffyh.unc.edu.ar\/derechoshumanos\/2024\/09\/14\/festival-por-la-universidad-publica\/","og_locale":"es_ES","og_type":"article","og_title":"Festival por la Universidad P\u00fablica - Programa de Derechos Humanos - FFyH UNC","og_description":"Organizado por ADIUC, la Gremial San Mart\u00edn y la FUC cont\u00f3 con una gran participaci\u00f3n de la comunidad universitaria.","og_url":"https:\/\/ffyh.unc.edu.ar\/derechoshumanos\/2024\/09\/14\/festival-por-la-universidad-publica\/","og_site_name":"Programa de Derechos Humanos - FFyH UNC","article_publisher":"https:\/\/www.facebook.com\/derechoshumanosffyh","article_published_time":"2024-09-14T01:55:38+00:00","og_image":[{"url":"https:\/\/web.whatsapp.com\/ea25041c-1c2c-479a-959a-ffb3e594fc76","type":"","width":"","height":""}],"author":"ddhh","twitter_card":"summary_large_image","twitter_misc":{"Escrito por":false,"Tiempo de lectura":"2 minutos"},"schema":{"@context":"https:\/\/schema.org","@graph":[{"@type":"Article","@id":"https:\/\/ffyh.unc.edu.ar\/derechoshumanos\/2024\/09\/14\/festival-por-la-universidad-publica\/#article","isPartOf":{"@id":"https:\/\/ffyh.unc.edu.ar\/derechoshumanos\/2024\/09\/14\/festival-por-la-universidad-publica\/"},"author":{"name":"ddhh","@id":"https:\/\/ffyh.unc.edu.ar\/derechoshumanos\/#\/schema\/person\/04f003c63f270742f684d62c3bb18b3f"},"headline":"Festival por la Universidad P\u00fablica","datePublished":"2024-09-14T01:55:38+00:00","mainEntityOfPage":{"@id":"https:\/\/ffyh.unc.edu.ar\/derechoshumanos\/2024\/09\/14\/festival-por-la-universidad-publica\/"},"wordCount":75,"commentCount":0,"publisher":{"@id":"https:\/\/ffyh.unc.edu.ar\/derechoshumanos\/#organization"},"image":{"@id":"https:\/\/ffyh.unc.edu.ar\/derechoshumanos\/2024\/09\/14\/festival-por-la-universidad-publica\/#primaryimage"},"thumbnailUrl":"https:\/\/web.whatsapp.com\/ea25041c-1c2c-479a-959a-ffb3e594fc76","articleSection":["DERECHO A LA EDUCACI\u00d3N"],"inLanguage":"es","potentialAction":[{"@type":"CommentAction","name":"Comment","target":["https:\/\/ffyh.unc.edu.ar\/derechoshumanos\/2024\/09\/14\/festival-por-la-universidad-publica\/#respond"]}]},{"@type":"WebPage","@id":"https:\/\/ffyh.unc.edu.ar\/derechoshumanos\/2024\/09\/14\/festival-por-la-universidad-publica\/","url":"https:\/\/ffyh.unc.edu.ar\/derechoshumanos\/2024\/09\/14\/festival-por-la-universidad-publica\/","name":"Festival por la Universidad P\u00fablica - Programa de Derechos Humanos - FFyH UNC","isPartOf":{"@id":"https:\/\/ffyh.unc.edu.ar\/derechoshumanos\/#website"},"primaryImageOfPage":{"@id":"https:\/\/ffyh.unc.edu.ar\/derechoshumanos\/2024\/09\/14\/festival-por-la-universidad-publica\/#primaryimage"},"image":{"@id":"https:\/\/ffyh.unc.edu.ar\/derechoshumanos\/2024\/09\/14\/festival-por-la-universidad-publica\/#primaryimage"},"thumbnailUrl":"https:\/\/web.whatsapp.com\/ea25041c-1c2c-479a-959a-ffb3e594fc76","datePublished":"2024-09-14T01:55:38+00:00","breadcrumb":{"@id":"https:\/\/ffyh.unc.edu.ar\/derechoshumanos\/2024\/09\/14\/festival-por-la-universidad-publica\/#breadcrumb"},"inLanguage":"es","potentialAction":[{"@type":"ReadAction","target":["https:\/\/ffyh.unc.edu.ar\/derechoshumanos\/2024\/09\/14\/festival-por-la-universidad-publica\/"]}]},{"@type":"ImageObject","inLanguage":"es","@id":"https:\/\/ffyh.unc.edu.ar\/derechoshumanos\/2024\/09\/14\/festival-por-la-universidad-publica\/#primaryimage","url":"https:\/\/web.whatsapp.com\/ea25041c-1c2c-479a-959a-ffb3e594fc76","contentUrl":"https:\/\/web.whatsapp.com\/ea25041c-1c2c-479a-959a-ffb3e594fc76"},{"@type":"BreadcrumbList","@id":"https:\/\/ffyh.unc.edu.ar\/derechoshumanos\/2024\/09\/14\/festival-por-la-universidad-publica\/#breadcrumb","itemListElement":[{"@type":"ListItem","position":1,"name":"Portada","item":"https:\/\/ffyh.unc.edu.ar\/derechoshumanos\/"},{"@type":"ListItem","position":2,"name":"Festival por la Universidad P\u00fablica"}]},{"@type":"WebSite","@id":"https:\/\/ffyh.unc.edu.ar\/derechoshumanos\/#website","url":"https:\/\/ffyh.unc.edu.ar\/derechoshumanos\/","name":"Programa de Derechos Humanos - FFyH UNC","description":"","publisher":{"@id":"https:\/\/ffyh.unc.edu.ar\/derechoshumanos\/#organization"},"potentialAction":[{"@type":"SearchAction","target":{"@type":"EntryPoint","urlTemplate":"https:\/\/ffyh.unc.edu.ar\/derechoshumanos\/?s={search_term_string}"},"query-input":{"@type":"PropertyValueSpecification","valueRequired":true,"valueName":"search_term_string"}}],"inLanguage":"es"},{"@type":"Organization","@id":"https:\/\/ffyh.unc.edu.ar\/derechoshumanos\/#organization","name":"Programa de Derechos Humanos - FFyH UNC","url":"https:\/\/ffyh.unc.edu.ar\/derechoshumanos\/","logo":{"@type":"ImageObject","inLanguage":"es","@id":"https:\/\/ffyh.unc.edu.ar\/derechoshumanos\/#\/schema\/logo\/image\/","url":"https:\/\/ffyh.unc.edu.ar\/derechoshumanos\/wp-content\/uploads\/sites\/47\/2023\/04\/cropped-cropped-banner-ddhh.jpeg","contentUrl":"https:\/\/ffyh.unc.edu.ar\/derechoshumanos\/wp-content\/uploads\/sites\/47\/2023\/04\/cropped-cropped-banner-ddhh.jpeg","width":512,"height":512,"caption":"Programa de Derechos Humanos - FFyH UNC"},"image":{"@id":"https:\/\/ffyh.unc.edu.ar\/derechoshumanos\/#\/schema\/logo\/image\/"},"sameAs":["https:\/\/www.facebook.com\/derechoshumanosffyh","https:\/\/www.instagram.com\/programaddhhffyh\/"]},{"@type":"Person","@id":"https:\/\/ffyh.unc.edu.ar\/derechoshumanos\/#\/schema\/person\/04f003c63f270742f684d62c3bb18b3f","name":"ddhh","image":{"@type":"ImageObject","inLanguage":"es","@id":"https:\/\/ffyh.unc.edu.ar\/derechoshumanos\/#\/schema\/person\/image\/","url":"https:\/\/secure.gravatar.com\/avatar\/190bf435db317f7baf0202577ddd03ec950570a0273526f8eaf515da1957e6e3?s=96&d=mm&r=g","contentUrl":"https:\/\/secure.gravatar.com\/avatar\/190bf435db317f7baf0202577ddd03ec950570a0273526f8eaf515da1957e6e3?s=96&d=mm&r=g","caption":"ddhh"},"url":"https:\/\/ffyh.unc.edu.ar\/derechoshumanos\/author\/ddhh\/"}]}},"jetpack_featured_media_url":"","_links":{"self":[{"href":"https:\/\/ffyh.unc.edu.ar\/derechoshumanos\/wp-json\/wp\/v2\/posts\/836","targetHints":{"allow":["GET"]}}],"collection":[{"href":"https:\/\/ffyh.unc.edu.ar\/derechoshumanos\/wp-json\/wp\/v2\/posts"}],"about":[{"href":"https:\/\/ffyh.unc.edu.ar\/derechoshumanos\/wp-json\/wp\/v2\/types\/post"}],"author":[{"embeddable":true,"href":"https:\/\/ffyh.unc.edu.ar\/derechoshumanos\/wp-json\/wp\/v2\/users\/49"}],"replies":[{"embeddable":true,"href":"https:\/\/ffyh.unc.edu.ar\/derechoshumanos\/wp-json\/wp\/v2\/comments?post=836"}],"version-history":[{"count":1,"href":"https:\/\/ffyh.unc.edu.ar\/derechoshumanos\/wp-json\/wp\/v2\/posts\/836\/revisions"}],"predecessor-version":[{"id":841,"href":"https:\/\/ffyh.unc.edu.ar\/derechoshumanos\/wp-json\/wp\/v2\/posts\/836\/revisions\/841"}],"wp:attachment":[{"href":"https:\/\/ffyh.unc.edu.ar\/derechoshumanos\/wp-json\/wp\/v2\/media?parent=836"}],"wp:term":[{"taxonomy":"category","embeddable":true,"href":"https:\/\/ffyh.unc.edu.ar\/derechoshumanos\/wp-json\/wp\/v2\/categories?post=836"},{"taxonomy":"post_tag","embeddable":true,"href":"https:\/\/ffyh.unc.edu.ar\/derechoshumanos\/wp-json\/wp\/v2\/tags?post=836"}],"curies":[{"name":"wp","href":"https:\/\/api.w.org\/{rel}","templated":true}]}}