{"id":86,"date":"2023-05-04T14:57:52","date_gmt":"2023-05-04T14:57:52","guid":{"rendered":"https:\/\/ffyh.unc.edu.ar\/derechoshumanos\/?p=86"},"modified":"2023-05-04T14:57:52","modified_gmt":"2023-05-04T14:57:52","slug":"justicia-en-memoria-de-diana-triay-y-sebastian-llorens","status":"publish","type":"post","link":"https:\/\/ffyh.unc.edu.ar\/derechoshumanos\/2023\/05\/04\/justicia-en-memoria-de-diana-triay-y-sebastian-llorens\/","title":{"rendered":"Justicia en Memoria de Diana Triay y Sebasti\u00e1n Llorens"},"content":{"rendered":"<p><strong>El viernes 5 de mayo se desarrollar\u00e1 la cuarta audiencia del juicio Puente 12 III, proceso que juzga los cr\u00edmenes de lesa humanidad cometidos a 185 personas. Particularmente, en esta jornada dar\u00e1 testimonio Mar\u00eda Carolina Llorens, hija de Diana Triay y Sebasti\u00e1n Llorens. Triay se gradu\u00f3 en 1968 como Profesora de Pintura y Llorens ingres\u00f3 en el a\u00f1o 1969 como estudiante en Cine, cuando estas carreras formaban parte de la FFyH.<\/strong><\/p>\n<p><!--more--><\/p>\n<p>Cada juicio por delitos de lesa humanidad constituye en el presente un acto fundamental para nuestra sociedad. Cada juicio expresa una voz colectiva sobre lo que proyectamos para nuestra democracia, para nuestros lazos, nuestras instituciones. Instituciones que -como la FFyH- est\u00e1n habitadas por quienes en otro tiempo formaron parte de su cotidianidad. Esta casa fue un pedazo en la vida de Diana Triay y Sebasti\u00e1n Llorens y ambos integran el entramado hist\u00f3rico, educativo y afectivo de nuestra comunidad, quienes, sin ir m\u00e1s lejos, en el a\u00f1o 2013, tras la ceremonia de restituci\u00f3n de sus restos en la Plaza de la Memoria de esta Facultad, en un acto de esperanza, volvieron de la muerte pretendida por los perpetradores del terrorismo estatal.<\/p>\n<p>En 2023, despu\u00e9s de 48 a\u00f1os de lucha contra la impunidad, se concret\u00f3 el inicio del juicio que juzga a los responsables del secuestro, desaparici\u00f3n y posterior asesinato de Diana Triay y Sebasti\u00e1n Llorens, junto a otras v\u00edctimas. Por tal motivo, y continuando con el acompa\u00f1amiento de la FFyH en estos procesos de justicia,\u00a0<strong>en la \u00faltima sesi\u00f3n del Consejo Directivo se aprob\u00f3 una resoluci\u00f3n decanal que declara de inter\u00e9s institucional el juicio que est\u00e1 juzgando los cr\u00edmenes cometidos a personas secuestradas en el Centro Clandestino de Tortura y Exterminio \u201cPuente 12\u2033<\/strong>, que tiene como responsables a 4 ex miembros de la Divisi\u00f3n Cuatrerismo de la Polic\u00eda Bonaerense y 2 ex oficiales del Batall\u00f3n de Inteligencia 601 del Ej\u00e9rcito.<\/p>\n<p>\u201cLa importancia de este juicio reside en continuar el acompa\u00f1amiento institucional a las familias de las v\u00edctimas del terrorismo de estado vinculadas a esta instituci\u00f3n. Recordemos que en el a\u00f1o 2013 en la Plaza de la Memoria de la FFyH se realiz\u00f3 la ceremonia de restituci\u00f3n de los restos de Diana Triay y Sebasti\u00e1n Llorens, siendo nuestra Facultad un lugar de referencia para la familia Triay y Llorens\u201d, se\u00f1ala la declaraci\u00f3n.<\/p>\n<p>\u201cSumado a ello, entendemos fundamental visibilizar los procesos de justicia que se est\u00e1n llevando adelante, teniendo en cuenta la importancia de acelerar los juicios de lesa humanidad por la edad de los imputados y tambi\u00e9n la edad avanzada de los y las sobrevivientes y familiares, quienes siguen exigiendo justicia. Aunque el paso del tiempo es significativo, cada acto de justicia repara y renueva la esperanza\u201d, destaca el texto aprobado por el Consejo Directivo.<\/p>\n<p>La comunidad de la FFyH acompa\u00f1a a las familias Triay y Llorens en su pedido por justicia y abraza especialmente a Mar\u00eda Carolina, quien con su testimonio transformar\u00e1 el recuerdo en lucha, colectivizar\u00e1 su experiencia y propagar\u00e1 su palabra para que la Memoria, la Verdad y la Justicia sean de y para todxs.<\/p>\n<p><a href=\"https:\/\/ffyh.unc.edu.ar\/wp-content\/uploads\/2023\/05\/DC-2023-00347716-UNC-DEC_FFYH-Declaracion-Puente-12-III.pdf\" target=\"_blank\" rel=\"noopener\">Descargar Declaraci\u00f3n<\/a><\/p>\n<p>Para quienes est\u00e9n interesadxs en acompa\u00f1ar las audiencias, se lo puede hacer a trav\u00e9s de los\u00a0 siguientes enlaces:<\/p>\n<blockquote><p>JUICIO PUENTE 12 III<\/p>\n<p>Zoom del TOCF 6<\/p>\n<p><a href=\"https:\/\/pjn-gov-ar.zoom.us\/j\/83504646596.#success\" target=\"_blank\" rel=\"noopener\">https:\/\/pjn-gov-ar.zoom.us\/j\/83504646596..<\/a>.<\/p>\n<p>ID Sala: 835 0464 6596<\/p>\n<p>Password: 37759<\/p><\/blockquote>\n<blockquote><p>Diario del Juicio x La Retaguardia<\/p>\n<p>Cr\u00f3nicas escritas: Carlos Rodr\u00edguez<\/p>\n<p><a href=\"https:\/\/laretaguardia.com.ar\/category\/puente-12-3\" target=\"_blank\" rel=\"noopener\">https:\/\/laretaguardia.com.ar\/category\/puente-12-3<\/a><\/p><\/blockquote>\n<p>&nbsp;<\/p>\n<p>M\u00e1s informaci\u00f3n sobre la vida de Diana Triay y Sebasti\u00e1n Llorens est\u00e1 disponible en el Memorial virtual PRESENTES, de los Espacios de Memoria de C\u00f3rdoba, ingresando a\u00a0<a href=\"http:\/\/www.apm.gov.ar\/\" target=\"_blank\" rel=\"noopener\">www.apm.gov.ar<\/a><\/p>\n<p><img fetchpriority=\"high\" decoding=\"async\" class=\"size-full wp-image-87 alignnone\" src=\"http:\/\/ffyh.unc.edu.ar\/derechoshumanos\/wp-content\/uploads\/sites\/47\/2023\/05\/justicia-diana-triay-sebastian-llorens.jpeg\" alt=\"\" width=\"1270\" height=\"1600\" srcset=\"https:\/\/ffyh.unc.edu.ar\/derechoshumanos\/wp-content\/uploads\/sites\/47\/2023\/05\/justicia-diana-triay-sebastian-llorens.jpeg 1270w, https:\/\/ffyh.unc.edu.ar\/derechoshumanos\/wp-content\/uploads\/sites\/47\/2023\/05\/justicia-diana-triay-sebastian-llorens-238x300.jpeg 238w, https:\/\/ffyh.unc.edu.ar\/derechoshumanos\/wp-content\/uploads\/sites\/47\/2023\/05\/justicia-diana-triay-sebastian-llorens-813x1024.jpeg 813w, https:\/\/ffyh.unc.edu.ar\/derechoshumanos\/wp-content\/uploads\/sites\/47\/2023\/05\/justicia-diana-triay-sebastian-llorens-768x968.jpeg 768w, https:\/\/ffyh.unc.edu.ar\/derechoshumanos\/wp-content\/uploads\/sites\/47\/2023\/05\/justicia-diana-triay-sebastian-llorens-1219x1536.jpeg 1219w, https:\/\/ffyh.unc.edu.ar\/derechoshumanos\/wp-content\/uploads\/sites\/47\/2023\/05\/justicia-diana-triay-sebastian-llorens-750x945.jpeg 750w\" sizes=\"(max-width: 1270px) 100vw, 1270px\" \/><\/p>\n","protected":false},"excerpt":{"rendered":"<p>El viernes 5 de mayo se desarrollar\u00e1 la cuarta audiencia del juicio Puente 12 III, proceso que juzga los cr\u00edmenes de lesa humanidad cometidos a 185 personas. Particularmente, en esta jornada dar\u00e1 testimonio Mar\u00eda Carolina Llorens, hija de Diana Triay y Sebasti\u00e1n Llorens. Triay se gradu\u00f3 en 1968 como Profesora de Pintura y Llorens ingres\u00f3 &hellip; <\/p>\n<p><a class=\"more-link btn\" href=\"https:\/\/ffyh.unc.edu.ar\/derechoshumanos\/2023\/05\/04\/justicia-en-memoria-de-diana-triay-y-sebastian-llorens\/\">Seguir leyendo<\/a><\/p>\n","protected":false},"author":2,"featured_media":87,"comment_status":"open","ping_status":"open","sticky":false,"template":"","format":"standard","meta":{"_acf_changed":false,"footnotes":""},"categories":[9],"tags":[],"class_list":["post-86","post","type-post","status-publish","format-standard","has-post-thumbnail","hentry","category-noticias","nodate","item-wrap"],"acf":[],"yoast_head":"<!-- This site is optimized with the Yoast SEO plugin v27.1.1 - https:\/\/yoast.com\/product\/yoast-seo-wordpress\/ -->\n<title>Justicia en Memoria de Diana Triay y Sebasti\u00e1n Llorens - Programa de Derechos Humanos - FFyH UNC<\/title>\n<meta name=\"robots\" content=\"index, follow, max-snippet:-1, max-image-preview:large, max-video-preview:-1\" \/>\n<link rel=\"canonical\" href=\"https:\/\/ffyh.unc.edu.ar\/derechoshumanos\/2023\/05\/04\/justicia-en-memoria-de-diana-triay-y-sebastian-llorens\/\" \/>\n<meta property=\"og:locale\" content=\"es_ES\" \/>\n<meta property=\"og:type\" content=\"article\" \/>\n<meta property=\"og:title\" content=\"Justicia en Memoria de Diana Triay y Sebasti\u00e1n Llorens - Programa de Derechos Humanos - FFyH UNC\" \/>\n<meta property=\"og:description\" content=\"El viernes 5 de mayo se desarrollar\u00e1 la cuarta audiencia del juicio Puente 12 III, proceso que juzga los cr\u00edmenes de lesa humanidad cometidos a 185 personas. Particularmente, en esta jornada dar\u00e1 testimonio Mar\u00eda Carolina Llorens, hija de Diana Triay y Sebasti\u00e1n Llorens. Triay se gradu\u00f3 en 1968 como Profesora de Pintura y Llorens ingres\u00f3 &hellip; Seguir leyendo\" \/>\n<meta property=\"og:url\" content=\"https:\/\/ffyh.unc.edu.ar\/derechoshumanos\/2023\/05\/04\/justicia-en-memoria-de-diana-triay-y-sebastian-llorens\/\" \/>\n<meta property=\"og:site_name\" content=\"Programa de Derechos Humanos - FFyH UNC\" \/>\n<meta property=\"article:publisher\" content=\"https:\/\/www.facebook.com\/derechoshumanosffyh\" \/>\n<meta property=\"article:published_time\" content=\"2023-05-04T14:57:52+00:00\" \/>\n<meta property=\"og:image\" content=\"http:\/\/ffyh.unc.edu.ar\/derechoshumanos\/wp-content\/uploads\/sites\/47\/2023\/05\/justicia-diana-triay-sebastian-llorens.jpeg\" \/>\n\t<meta property=\"og:image:width\" content=\"1270\" \/>\n\t<meta property=\"og:image:height\" content=\"1600\" \/>\n\t<meta property=\"og:image:type\" content=\"image\/jpeg\" \/>\n<meta name=\"author\" content=\"\u00c1rea de Comunicaci\u00f3n - FFyH\" \/>\n<meta name=\"twitter:card\" content=\"summary_large_image\" \/>\n<meta name=\"twitter:label1\" content=\"Escrito por\" \/>\n\t<meta name=\"twitter:data1\" content=\"\" \/>\n\t<meta name=\"twitter:label2\" content=\"Tiempo de lectura\" \/>\n\t<meta name=\"twitter:data2\" content=\"3 minutos\" \/>\n<script type=\"application\/ld+json\" class=\"yoast-schema-graph\">{\"@context\":\"https:\/\/schema.org\",\"@graph\":[{\"@type\":\"Article\",\"@id\":\"https:\/\/ffyh.unc.edu.ar\/derechoshumanos\/2023\/05\/04\/justicia-en-memoria-de-diana-triay-y-sebastian-llorens\/#article\",\"isPartOf\":{\"@id\":\"https:\/\/ffyh.unc.edu.ar\/derechoshumanos\/2023\/05\/04\/justicia-en-memoria-de-diana-triay-y-sebastian-llorens\/\"},\"author\":{\"name\":\"\u00c1rea de Comunicaci\u00f3n - FFyH\",\"@id\":\"https:\/\/ffyh.unc.edu.ar\/derechoshumanos\/#\/schema\/person\/e6b9f6aec95cb7437bb2fde09e23b224\"},\"headline\":\"Justicia en Memoria de Diana Triay y Sebasti\u00e1n Llorens\",\"datePublished\":\"2023-05-04T14:57:52+00:00\",\"mainEntityOfPage\":{\"@id\":\"https:\/\/ffyh.unc.edu.ar\/derechoshumanos\/2023\/05\/04\/justicia-en-memoria-de-diana-triay-y-sebastian-llorens\/\"},\"wordCount\":633,\"commentCount\":0,\"publisher\":{\"@id\":\"https:\/\/ffyh.unc.edu.ar\/derechoshumanos\/#organization\"},\"image\":{\"@id\":\"https:\/\/ffyh.unc.edu.ar\/derechoshumanos\/2023\/05\/04\/justicia-en-memoria-de-diana-triay-y-sebastian-llorens\/#primaryimage\"},\"thumbnailUrl\":\"https:\/\/ffyh.unc.edu.ar\/derechoshumanos\/wp-content\/uploads\/sites\/47\/2023\/05\/justicia-diana-triay-sebastian-llorens.jpeg\",\"articleSection\":[\"Noticias\"],\"inLanguage\":\"es\",\"potentialAction\":[{\"@type\":\"CommentAction\",\"name\":\"Comment\",\"target\":[\"https:\/\/ffyh.unc.edu.ar\/derechoshumanos\/2023\/05\/04\/justicia-en-memoria-de-diana-triay-y-sebastian-llorens\/#respond\"]}]},{\"@type\":\"WebPage\",\"@id\":\"https:\/\/ffyh.unc.edu.ar\/derechoshumanos\/2023\/05\/04\/justicia-en-memoria-de-diana-triay-y-sebastian-llorens\/\",\"url\":\"https:\/\/ffyh.unc.edu.ar\/derechoshumanos\/2023\/05\/04\/justicia-en-memoria-de-diana-triay-y-sebastian-llorens\/\",\"name\":\"Justicia en Memoria de Diana Triay y Sebasti\u00e1n Llorens - Programa de Derechos Humanos - FFyH UNC\",\"isPartOf\":{\"@id\":\"https:\/\/ffyh.unc.edu.ar\/derechoshumanos\/#website\"},\"primaryImageOfPage\":{\"@id\":\"https:\/\/ffyh.unc.edu.ar\/derechoshumanos\/2023\/05\/04\/justicia-en-memoria-de-diana-triay-y-sebastian-llorens\/#primaryimage\"},\"image\":{\"@id\":\"https:\/\/ffyh.unc.edu.ar\/derechoshumanos\/2023\/05\/04\/justicia-en-memoria-de-diana-triay-y-sebastian-llorens\/#primaryimage\"},\"thumbnailUrl\":\"https:\/\/ffyh.unc.edu.ar\/derechoshumanos\/wp-content\/uploads\/sites\/47\/2023\/05\/justicia-diana-triay-sebastian-llorens.jpeg\",\"datePublished\":\"2023-05-04T14:57:52+00:00\",\"breadcrumb\":{\"@id\":\"https:\/\/ffyh.unc.edu.ar\/derechoshumanos\/2023\/05\/04\/justicia-en-memoria-de-diana-triay-y-sebastian-llorens\/#breadcrumb\"},\"inLanguage\":\"es\",\"potentialAction\":[{\"@type\":\"ReadAction\",\"target\":[\"https:\/\/ffyh.unc.edu.ar\/derechoshumanos\/2023\/05\/04\/justicia-en-memoria-de-diana-triay-y-sebastian-llorens\/\"]}]},{\"@type\":\"ImageObject\",\"inLanguage\":\"es\",\"@id\":\"https:\/\/ffyh.unc.edu.ar\/derechoshumanos\/2023\/05\/04\/justicia-en-memoria-de-diana-triay-y-sebastian-llorens\/#primaryimage\",\"url\":\"https:\/\/ffyh.unc.edu.ar\/derechoshumanos\/wp-content\/uploads\/sites\/47\/2023\/05\/justicia-diana-triay-sebastian-llorens.jpeg\",\"contentUrl\":\"https:\/\/ffyh.unc.edu.ar\/derechoshumanos\/wp-content\/uploads\/sites\/47\/2023\/05\/justicia-diana-triay-sebastian-llorens.jpeg\",\"width\":1270,\"height\":1600},{\"@type\":\"BreadcrumbList\",\"@id\":\"https:\/\/ffyh.unc.edu.ar\/derechoshumanos\/2023\/05\/04\/justicia-en-memoria-de-diana-triay-y-sebastian-llorens\/#breadcrumb\",\"itemListElement\":[{\"@type\":\"ListItem\",\"position\":1,\"name\":\"Portada\",\"item\":\"https:\/\/ffyh.unc.edu.ar\/derechoshumanos\/\"},{\"@type\":\"ListItem\",\"position\":2,\"name\":\"Justicia en Memoria de Diana Triay y Sebasti\u00e1n Llorens\"}]},{\"@type\":\"WebSite\",\"@id\":\"https:\/\/ffyh.unc.edu.ar\/derechoshumanos\/#website\",\"url\":\"https:\/\/ffyh.unc.edu.ar\/derechoshumanos\/\",\"name\":\"Programa de Derechos Humanos - FFyH UNC\",\"description\":\"\",\"publisher\":{\"@id\":\"https:\/\/ffyh.unc.edu.ar\/derechoshumanos\/#organization\"},\"potentialAction\":[{\"@type\":\"SearchAction\",\"target\":{\"@type\":\"EntryPoint\",\"urlTemplate\":\"https:\/\/ffyh.unc.edu.ar\/derechoshumanos\/?s={search_term_string}\"},\"query-input\":{\"@type\":\"PropertyValueSpecification\",\"valueRequired\":true,\"valueName\":\"search_term_string\"}}],\"inLanguage\":\"es\"},{\"@type\":\"Organization\",\"@id\":\"https:\/\/ffyh.unc.edu.ar\/derechoshumanos\/#organization\",\"name\":\"Programa de Derechos Humanos - FFyH UNC\",\"url\":\"https:\/\/ffyh.unc.edu.ar\/derechoshumanos\/\",\"logo\":{\"@type\":\"ImageObject\",\"inLanguage\":\"es\",\"@id\":\"https:\/\/ffyh.unc.edu.ar\/derechoshumanos\/#\/schema\/logo\/image\/\",\"url\":\"https:\/\/ffyh.unc.edu.ar\/derechoshumanos\/wp-content\/uploads\/sites\/47\/2023\/04\/cropped-cropped-banner-ddhh.jpeg\",\"contentUrl\":\"https:\/\/ffyh.unc.edu.ar\/derechoshumanos\/wp-content\/uploads\/sites\/47\/2023\/04\/cropped-cropped-banner-ddhh.jpeg\",\"width\":512,\"height\":512,\"caption\":\"Programa de Derechos Humanos - FFyH UNC\"},\"image\":{\"@id\":\"https:\/\/ffyh.unc.edu.ar\/derechoshumanos\/#\/schema\/logo\/image\/\"},\"sameAs\":[\"https:\/\/www.facebook.com\/derechoshumanosffyh\",\"https:\/\/www.instagram.com\/programaddhhffyh\/\"]},{\"@type\":\"Person\",\"@id\":\"https:\/\/ffyh.unc.edu.ar\/derechoshumanos\/#\/schema\/person\/e6b9f6aec95cb7437bb2fde09e23b224\",\"name\":\"\u00c1rea de Comunicaci\u00f3n - FFyH\",\"image\":{\"@type\":\"ImageObject\",\"inLanguage\":\"es\",\"@id\":\"https:\/\/ffyh.unc.edu.ar\/derechoshumanos\/#\/schema\/person\/image\/\",\"url\":\"https:\/\/secure.gravatar.com\/avatar\/1d896d10b19526e4cb6e972ca0f1b6719a4697e2d88742a801b88b3682d5be75?s=96&d=mm&r=g\",\"contentUrl\":\"https:\/\/secure.gravatar.com\/avatar\/1d896d10b19526e4cb6e972ca0f1b6719a4697e2d88742a801b88b3682d5be75?s=96&d=mm&r=g\",\"caption\":\"\u00c1rea de Comunicaci\u00f3n - FFyH\"},\"url\":\"https:\/\/ffyh.unc.edu.ar\/derechoshumanos\/author\/prensa\/\"}]}<\/script>\n<!-- \/ Yoast SEO plugin. -->","yoast_head_json":{"title":"Justicia en Memoria de Diana Triay y Sebasti\u00e1n Llorens - Programa de Derechos Humanos - FFyH UNC","robots":{"index":"index","follow":"follow","max-snippet":"max-snippet:-1","max-image-preview":"max-image-preview:large","max-video-preview":"max-video-preview:-1"},"canonical":"https:\/\/ffyh.unc.edu.ar\/derechoshumanos\/2023\/05\/04\/justicia-en-memoria-de-diana-triay-y-sebastian-llorens\/","og_locale":"es_ES","og_type":"article","og_title":"Justicia en Memoria de Diana Triay y Sebasti\u00e1n Llorens - Programa de Derechos Humanos - FFyH UNC","og_description":"El viernes 5 de mayo se desarrollar\u00e1 la cuarta audiencia del juicio Puente 12 III, proceso que juzga los cr\u00edmenes de lesa humanidad cometidos a 185 personas. Particularmente, en esta jornada dar\u00e1 testimonio Mar\u00eda Carolina Llorens, hija de Diana Triay y Sebasti\u00e1n Llorens. Triay se gradu\u00f3 en 1968 como Profesora de Pintura y Llorens ingres\u00f3 &hellip; Seguir leyendo","og_url":"https:\/\/ffyh.unc.edu.ar\/derechoshumanos\/2023\/05\/04\/justicia-en-memoria-de-diana-triay-y-sebastian-llorens\/","og_site_name":"Programa de Derechos Humanos - FFyH UNC","article_publisher":"https:\/\/www.facebook.com\/derechoshumanosffyh","article_published_time":"2023-05-04T14:57:52+00:00","og_image":[{"width":1270,"height":1600,"url":"http:\/\/ffyh.unc.edu.ar\/derechoshumanos\/wp-content\/uploads\/sites\/47\/2023\/05\/justicia-diana-triay-sebastian-llorens.jpeg","type":"image\/jpeg"}],"author":"\u00c1rea de Comunicaci\u00f3n - FFyH","twitter_card":"summary_large_image","twitter_misc":{"Escrito por":false,"Tiempo de lectura":"3 minutos"},"schema":{"@context":"https:\/\/schema.org","@graph":[{"@type":"Article","@id":"https:\/\/ffyh.unc.edu.ar\/derechoshumanos\/2023\/05\/04\/justicia-en-memoria-de-diana-triay-y-sebastian-llorens\/#article","isPartOf":{"@id":"https:\/\/ffyh.unc.edu.ar\/derechoshumanos\/2023\/05\/04\/justicia-en-memoria-de-diana-triay-y-sebastian-llorens\/"},"author":{"name":"\u00c1rea de Comunicaci\u00f3n - FFyH","@id":"https:\/\/ffyh.unc.edu.ar\/derechoshumanos\/#\/schema\/person\/e6b9f6aec95cb7437bb2fde09e23b224"},"headline":"Justicia en Memoria de Diana Triay y Sebasti\u00e1n Llorens","datePublished":"2023-05-04T14:57:52+00:00","mainEntityOfPage":{"@id":"https:\/\/ffyh.unc.edu.ar\/derechoshumanos\/2023\/05\/04\/justicia-en-memoria-de-diana-triay-y-sebastian-llorens\/"},"wordCount":633,"commentCount":0,"publisher":{"@id":"https:\/\/ffyh.unc.edu.ar\/derechoshumanos\/#organization"},"image":{"@id":"https:\/\/ffyh.unc.edu.ar\/derechoshumanos\/2023\/05\/04\/justicia-en-memoria-de-diana-triay-y-sebastian-llorens\/#primaryimage"},"thumbnailUrl":"https:\/\/ffyh.unc.edu.ar\/derechoshumanos\/wp-content\/uploads\/sites\/47\/2023\/05\/justicia-diana-triay-sebastian-llorens.jpeg","articleSection":["Noticias"],"inLanguage":"es","potentialAction":[{"@type":"CommentAction","name":"Comment","target":["https:\/\/ffyh.unc.edu.ar\/derechoshumanos\/2023\/05\/04\/justicia-en-memoria-de-diana-triay-y-sebastian-llorens\/#respond"]}]},{"@type":"WebPage","@id":"https:\/\/ffyh.unc.edu.ar\/derechoshumanos\/2023\/05\/04\/justicia-en-memoria-de-diana-triay-y-sebastian-llorens\/","url":"https:\/\/ffyh.unc.edu.ar\/derechoshumanos\/2023\/05\/04\/justicia-en-memoria-de-diana-triay-y-sebastian-llorens\/","name":"Justicia en Memoria de Diana Triay y Sebasti\u00e1n Llorens - Programa de Derechos Humanos - FFyH UNC","isPartOf":{"@id":"https:\/\/ffyh.unc.edu.ar\/derechoshumanos\/#website"},"primaryImageOfPage":{"@id":"https:\/\/ffyh.unc.edu.ar\/derechoshumanos\/2023\/05\/04\/justicia-en-memoria-de-diana-triay-y-sebastian-llorens\/#primaryimage"},"image":{"@id":"https:\/\/ffyh.unc.edu.ar\/derechoshumanos\/2023\/05\/04\/justicia-en-memoria-de-diana-triay-y-sebastian-llorens\/#primaryimage"},"thumbnailUrl":"https:\/\/ffyh.unc.edu.ar\/derechoshumanos\/wp-content\/uploads\/sites\/47\/2023\/05\/justicia-diana-triay-sebastian-llorens.jpeg","datePublished":"2023-05-04T14:57:52+00:00","breadcrumb":{"@id":"https:\/\/ffyh.unc.edu.ar\/derechoshumanos\/2023\/05\/04\/justicia-en-memoria-de-diana-triay-y-sebastian-llorens\/#breadcrumb"},"inLanguage":"es","potentialAction":[{"@type":"ReadAction","target":["https:\/\/ffyh.unc.edu.ar\/derechoshumanos\/2023\/05\/04\/justicia-en-memoria-de-diana-triay-y-sebastian-llorens\/"]}]},{"@type":"ImageObject","inLanguage":"es","@id":"https:\/\/ffyh.unc.edu.ar\/derechoshumanos\/2023\/05\/04\/justicia-en-memoria-de-diana-triay-y-sebastian-llorens\/#primaryimage","url":"https:\/\/ffyh.unc.edu.ar\/derechoshumanos\/wp-content\/uploads\/sites\/47\/2023\/05\/justicia-diana-triay-sebastian-llorens.jpeg","contentUrl":"https:\/\/ffyh.unc.edu.ar\/derechoshumanos\/wp-content\/uploads\/sites\/47\/2023\/05\/justicia-diana-triay-sebastian-llorens.jpeg","width":1270,"height":1600},{"@type":"BreadcrumbList","@id":"https:\/\/ffyh.unc.edu.ar\/derechoshumanos\/2023\/05\/04\/justicia-en-memoria-de-diana-triay-y-sebastian-llorens\/#breadcrumb","itemListElement":[{"@type":"ListItem","position":1,"name":"Portada","item":"https:\/\/ffyh.unc.edu.ar\/derechoshumanos\/"},{"@type":"ListItem","position":2,"name":"Justicia en Memoria de Diana Triay y Sebasti\u00e1n Llorens"}]},{"@type":"WebSite","@id":"https:\/\/ffyh.unc.edu.ar\/derechoshumanos\/#website","url":"https:\/\/ffyh.unc.edu.ar\/derechoshumanos\/","name":"Programa de Derechos Humanos - FFyH UNC","description":"","publisher":{"@id":"https:\/\/ffyh.unc.edu.ar\/derechoshumanos\/#organization"},"potentialAction":[{"@type":"SearchAction","target":{"@type":"EntryPoint","urlTemplate":"https:\/\/ffyh.unc.edu.ar\/derechoshumanos\/?s={search_term_string}"},"query-input":{"@type":"PropertyValueSpecification","valueRequired":true,"valueName":"search_term_string"}}],"inLanguage":"es"},{"@type":"Organization","@id":"https:\/\/ffyh.unc.edu.ar\/derechoshumanos\/#organization","name":"Programa de Derechos Humanos - FFyH UNC","url":"https:\/\/ffyh.unc.edu.ar\/derechoshumanos\/","logo":{"@type":"ImageObject","inLanguage":"es","@id":"https:\/\/ffyh.unc.edu.ar\/derechoshumanos\/#\/schema\/logo\/image\/","url":"https:\/\/ffyh.unc.edu.ar\/derechoshumanos\/wp-content\/uploads\/sites\/47\/2023\/04\/cropped-cropped-banner-ddhh.jpeg","contentUrl":"https:\/\/ffyh.unc.edu.ar\/derechoshumanos\/wp-content\/uploads\/sites\/47\/2023\/04\/cropped-cropped-banner-ddhh.jpeg","width":512,"height":512,"caption":"Programa de Derechos Humanos - FFyH UNC"},"image":{"@id":"https:\/\/ffyh.unc.edu.ar\/derechoshumanos\/#\/schema\/logo\/image\/"},"sameAs":["https:\/\/www.facebook.com\/derechoshumanosffyh","https:\/\/www.instagram.com\/programaddhhffyh\/"]},{"@type":"Person","@id":"https:\/\/ffyh.unc.edu.ar\/derechoshumanos\/#\/schema\/person\/e6b9f6aec95cb7437bb2fde09e23b224","name":"\u00c1rea de Comunicaci\u00f3n - FFyH","image":{"@type":"ImageObject","inLanguage":"es","@id":"https:\/\/ffyh.unc.edu.ar\/derechoshumanos\/#\/schema\/person\/image\/","url":"https:\/\/secure.gravatar.com\/avatar\/1d896d10b19526e4cb6e972ca0f1b6719a4697e2d88742a801b88b3682d5be75?s=96&d=mm&r=g","contentUrl":"https:\/\/secure.gravatar.com\/avatar\/1d896d10b19526e4cb6e972ca0f1b6719a4697e2d88742a801b88b3682d5be75?s=96&d=mm&r=g","caption":"\u00c1rea de Comunicaci\u00f3n - FFyH"},"url":"https:\/\/ffyh.unc.edu.ar\/derechoshumanos\/author\/prensa\/"}]}},"jetpack_featured_media_url":"https:\/\/ffyh.unc.edu.ar\/derechoshumanos\/wp-content\/uploads\/sites\/47\/2023\/05\/justicia-diana-triay-sebastian-llorens.jpeg","_links":{"self":[{"href":"https:\/\/ffyh.unc.edu.ar\/derechoshumanos\/wp-json\/wp\/v2\/posts\/86","targetHints":{"allow":["GET"]}}],"collection":[{"href":"https:\/\/ffyh.unc.edu.ar\/derechoshumanos\/wp-json\/wp\/v2\/posts"}],"about":[{"href":"https:\/\/ffyh.unc.edu.ar\/derechoshumanos\/wp-json\/wp\/v2\/types\/post"}],"author":[{"embeddable":true,"href":"https:\/\/ffyh.unc.edu.ar\/derechoshumanos\/wp-json\/wp\/v2\/users\/2"}],"replies":[{"embeddable":true,"href":"https:\/\/ffyh.unc.edu.ar\/derechoshumanos\/wp-json\/wp\/v2\/comments?post=86"}],"version-history":[{"count":1,"href":"https:\/\/ffyh.unc.edu.ar\/derechoshumanos\/wp-json\/wp\/v2\/posts\/86\/revisions"}],"predecessor-version":[{"id":88,"href":"https:\/\/ffyh.unc.edu.ar\/derechoshumanos\/wp-json\/wp\/v2\/posts\/86\/revisions\/88"}],"wp:featuredmedia":[{"embeddable":true,"href":"https:\/\/ffyh.unc.edu.ar\/derechoshumanos\/wp-json\/wp\/v2\/media\/87"}],"wp:attachment":[{"href":"https:\/\/ffyh.unc.edu.ar\/derechoshumanos\/wp-json\/wp\/v2\/media?parent=86"}],"wp:term":[{"taxonomy":"category","embeddable":true,"href":"https:\/\/ffyh.unc.edu.ar\/derechoshumanos\/wp-json\/wp\/v2\/categories?post=86"},{"taxonomy":"post_tag","embeddable":true,"href":"https:\/\/ffyh.unc.edu.ar\/derechoshumanos\/wp-json\/wp\/v2\/tags?post=86"}],"curies":[{"name":"wp","href":"https:\/\/api.w.org\/{rel}","templated":true}]}}