{"id":23,"date":"2018-08-24T10:00:14","date_gmt":"2018-08-24T10:00:14","guid":{"rendered":"https:\/\/ffyh.unc.edu.ar\/derechoslinguisticos\/?p=23"},"modified":"2018-10-08T15:58:49","modified_gmt":"2018-10-08T15:58:49","slug":"conversatorio-por-que-no-te-callas","status":"publish","type":"post","link":"https:\/\/ffyh.unc.edu.ar\/derechoslinguisticos\/2018\/08\/24\/conversatorio-por-que-no-te-callas\/","title":{"rendered":"Conversatorio: \u00ab\u00bfPor qu\u00e9 no te callas?\u00bb"},"content":{"rendered":"<p>El viernes 24 de agosto, en el Museo de Antropolog\u00eda de la Universidad Nacional de C\u00f3rdoba, llevamos adelante la Apertura del <strong>Foro Latinoamericano de las Lenguas<\/strong>, camino al <strong>I Encuentro Internacional: Derechos Ling\u00fc\u00edsticos como Derechos Humanos en Latinoam\u00e9rica<\/strong>.<\/p>\n<p>Ese d\u00eda se llev\u00f3 a cabo el Conversatorio: \u00ab\u00bfPor qu\u00e9 no te callas?\u00bb, con la participaci\u00f3n de <strong>Lucrecia Martel<\/strong>, <strong>Horacio Gonz\u00e1lez<\/strong>, <strong>Pablo Ramos<\/strong>, <strong>Graciela Bialet<\/strong> y <strong>Beatriz<\/strong> <strong>Bixio<\/strong> como moderadora.<\/p>\n<p>Compartimos aqu\u00ed la cobertura completa del <strong>Conversatorio<\/strong>. Se puede acceder desde YouTube haciendo clic <a href=\"https:\/\/www.youtube.com\/watch?v=Cg1L3hJasdk&amp;t=880s\">aqu\u00ed<\/a>.<\/p>\n<p><iframe loading=\"lazy\" title=\"Conversatorio Foro de las Lenguas\" width=\"500\" height=\"281\" src=\"https:\/\/www.youtube.com\/embed\/Cg1L3hJasdk?feature=oembed\" frameborder=\"0\" allow=\"accelerometer; autoplay; clipboard-write; encrypted-media; gyroscope; picture-in-picture; web-share\" referrerpolicy=\"strict-origin-when-cross-origin\" allowfullscreen><\/iframe><\/p>\n","protected":false},"excerpt":{"rendered":"<div class=\"mh-excerpt\"><p>El viernes 24 de agosto, en el Museo de Antropolog\u00eda de la Universidad Nacional de C\u00f3rdoba, llevamos adelante la Apertura del Foro Latinoamericano de las <a class=\"mh-excerpt-more\" href=\"https:\/\/ffyh.unc.edu.ar\/derechoslinguisticos\/2018\/08\/24\/conversatorio-por-que-no-te-callas\/\" title=\"Conversatorio: \u00ab\u00bfPor qu\u00e9 no te callas?\u00bb\">[&#8230;]<\/a><\/p>\n<\/div>","protected":false},"author":28,"featured_media":0,"comment_status":"open","ping_status":"open","sticky":false,"template":"","format":"standard","meta":{"_acf_changed":false,"footnotes":""},"categories":[1],"tags":[],"class_list":["post-23","post","type-post","status-publish","format-standard","hentry","category-sin-categoria"],"acf":[],"jetpack_featured_media_url":"","_links":{"self":[{"href":"https:\/\/ffyh.unc.edu.ar\/derechoslinguisticos\/wp-json\/wp\/v2\/posts\/23","targetHints":{"allow":["GET"]}}],"collection":[{"href":"https:\/\/ffyh.unc.edu.ar\/derechoslinguisticos\/wp-json\/wp\/v2\/posts"}],"about":[{"href":"https:\/\/ffyh.unc.edu.ar\/derechoslinguisticos\/wp-json\/wp\/v2\/types\/post"}],"author":[{"embeddable":true,"href":"https:\/\/ffyh.unc.edu.ar\/derechoslinguisticos\/wp-json\/wp\/v2\/users\/28"}],"replies":[{"embeddable":true,"href":"https:\/\/ffyh.unc.edu.ar\/derechoslinguisticos\/wp-json\/wp\/v2\/comments?post=23"}],"version-history":[{"count":9,"href":"https:\/\/ffyh.unc.edu.ar\/derechoslinguisticos\/wp-json\/wp\/v2\/posts\/23\/revisions"}],"predecessor-version":[{"id":32,"href":"https:\/\/ffyh.unc.edu.ar\/derechoslinguisticos\/wp-json\/wp\/v2\/posts\/23\/revisions\/32"}],"wp:attachment":[{"href":"https:\/\/ffyh.unc.edu.ar\/derechoslinguisticos\/wp-json\/wp\/v2\/media?parent=23"}],"wp:term":[{"taxonomy":"category","embeddable":true,"href":"https:\/\/ffyh.unc.edu.ar\/derechoslinguisticos\/wp-json\/wp\/v2\/categories?post=23"},{"taxonomy":"post_tag","embeddable":true,"href":"https:\/\/ffyh.unc.edu.ar\/derechoslinguisticos\/wp-json\/wp\/v2\/tags?post=23"}],"curies":[{"name":"wp","href":"https:\/\/api.w.org\/{rel}","templated":true}]}}