{"id":1032,"date":"2022-12-19T19:08:21","date_gmt":"2022-12-19T19:08:21","guid":{"rendered":"https:\/\/ffyh.unc.edu.ar\/escritores-de-cordoba\/?p=1032"},"modified":"2025-02-25T15:08:38","modified_gmt":"2025-02-25T15:08:38","slug":"luy-vicente","status":"publish","type":"post","link":"https:\/\/ffyh.unc.edu.ar\/escritores-de-cordoba\/2022\/12\/19\/luy-vicente\/","title":{"rendered":"Luy, Vicente"},"content":{"rendered":"<p>C\u00f3rdoba, mayo de 1961- Salta, febrero, 2012.<\/p>\n<p>&nbsp;<\/p>\n<p>\u00c1mbito: El escritor fue nieto del poeta Juan Larrea.<\/p>\n<p>&nbsp;<\/p>\n<p>Publicaciones<\/p>\n<p><em>Caricatura de un enfermo de amor<\/em>, 1991;<br \/>\n<em>La vida en C\u00f3rdoba<\/em>, 1999;<br \/>\n<em>Aviones,<\/em> 2002;<br \/>\n<em>No le pidan peras a C\u00faper<\/em>, 2003;<br \/>\n<em>La sexualidad de Gabriela Sabattini<\/em>, 2006;<br \/>\n<em>Vicente habla al pueblo<\/em>, 2007;<\/p>\n<p><em>Si va a morir gente, votemos qui\u00e9nes<\/em>, 2009;<br \/>\n<em>Plan de operaciones \/ La \u00fanica manera de vivir a gusto es estando pose\u00eddo<\/em>, \u00a02012;<\/p>\n<p><a href=\"https:\/\/www.worldcat.org\/title\/poesia-popular-argentina\/oclc\/889229045&amp;referer=brief_results\"><em>Poesi\u0301a popular argentina<\/em><\/a><em>,<\/em> 2013;<\/p>\n<p><a href=\"https:\/\/www.worldcat.org\/title\/no-hay-nada-espiritual-que-el-dinero\/oclc\/1195054602&amp;referer=brief_results\"><em>No hay nada + espiritual que el dinero<\/em><\/a>, 2014;<\/p>\n<p><em>Poemas rechazados, <\/em>2018.<\/p>\n<p>&nbsp;<\/p>\n<p><img loading=\"lazy\" decoding=\"async\" class=\"alignnone size-medium wp-image-2934\" src=\"http:\/\/ffyh.unc.edu.ar\/escritores-de-cordoba\/wp-content\/uploads\/sites\/43\/2022\/12\/luy-enfermo-de-amor-212x300.jpg\" alt=\"\" width=\"212\" height=\"300\" srcset=\"https:\/\/ffyh.unc.edu.ar\/escritores-de-cordoba\/wp-content\/uploads\/sites\/43\/2022\/12\/luy-enfermo-de-amor-212x300.jpg 212w, https:\/\/ffyh.unc.edu.ar\/escritores-de-cordoba\/wp-content\/uploads\/sites\/43\/2022\/12\/luy-enfermo-de-amor.jpg 453w\" sizes=\"auto, (max-width: 212px) 100vw, 212px\" \/>\u00a0<img loading=\"lazy\" decoding=\"async\" class=\"alignnone size-medium wp-image-1729\" src=\"http:\/\/ffyh.unc.edu.ar\/escritores-de-cordoba\/wp-content\/uploads\/sites\/43\/2022\/12\/vicente-luy-caricatura-de-un-enfermo-de-amor-206x300.jpg\" alt=\"\" width=\"206\" height=\"300\" srcset=\"https:\/\/ffyh.unc.edu.ar\/escritores-de-cordoba\/wp-content\/uploads\/sites\/43\/2022\/12\/vicente-luy-caricatura-de-un-enfermo-de-amor-206x300.jpg 206w, https:\/\/ffyh.unc.edu.ar\/escritores-de-cordoba\/wp-content\/uploads\/sites\/43\/2022\/12\/vicente-luy-caricatura-de-un-enfermo-de-amor.jpg 240w\" sizes=\"auto, (max-width: 206px) 100vw, 206px\" \/> <img loading=\"lazy\" decoding=\"async\" class=\"alignnone size-medium wp-image-1730\" src=\"http:\/\/ffyh.unc.edu.ar\/escritores-de-cordoba\/wp-content\/uploads\/sites\/43\/2022\/12\/vicente-luy-escribir-no-es-importante-200x300.jpg\" alt=\"\" width=\"200\" height=\"300\" srcset=\"https:\/\/ffyh.unc.edu.ar\/escritores-de-cordoba\/wp-content\/uploads\/sites\/43\/2022\/12\/vicente-luy-escribir-no-es-importante-200x300.jpg 200w, https:\/\/ffyh.unc.edu.ar\/escritores-de-cordoba\/wp-content\/uploads\/sites\/43\/2022\/12\/vicente-luy-escribir-no-es-importante.jpg 600w\" sizes=\"auto, (max-width: 200px) 100vw, 200px\" \/><\/p>\n<p>Bibliograf\u00eda<\/p>\n<p>&nbsp;<\/p>\n<p>Bogado, Fernando: \u201cCr\u00edtica e imagen: Lectura comparada de <em>Aqu\u00ed Am\u00e9rica Latina<\/em>, de Josefina Ludmer y <em>Plan de operaciones,<\/em> de Vicente Luy\u201d. En \u201cPer\u00edfrasis\u201d. Volumen 9, Nu\u0301mero 17 (Enero-Junio 2018) pa\u0301ginas 113-131.<\/p>\n<p>&nbsp;<\/p>\n<p>Carbonell, Alejo: \u201cVicente Luy o la intensidad\u201d en Barbaria. URL: <a href=\"https:\/\/www.google.com\/search?q=%22Vicente+Luy+o+la+intensidad%22+-+por+Gustavo+Pablos+en+Barbaria.com.ar&amp;sxsrf=ALiCzsanD78j5jlClEEyWhrAajWW1OQBuw%3A1659639563083&amp;ei=CxfsYq_PBNyF1sQP8IOB8A0&amp;ved=0ahUKEwjvgPOU7635AhXcgpUCHfBBAN4Q4dUDCA4&amp;uact=5&amp;oq\">https:\/\/www.google.com\/search?q=%22Vicente+Luy+o+la+intensidad%22+-+por+Gustavo+Pablos+en+Barbaria.com.ar&amp;sxsrf=ALiCzsanD78j5jlClEEyWhrAajWW1OQBuw%3A1659639563083&amp;ei=CxfsYq_PBNyF1sQP8IOB8A0&amp;ved=0ahUKEwjvgPOU7635AhXcgpUCHfBBAN4Q4dUDCA4&amp;uact=5&amp;oq<\/a><\/p>\n<p>&nbsp;<\/p>\n<p>Hern\u00e1n: <a href=\"https:\/\/www.worldcat.org\/title\/poesia-esta-en-ser-uno-los-libros-de-vicente-luy\/oclc\/1240791606&amp;referer=brief_results\"><em>La poesi\u0301a esta\u0301 en ser uno : los libros de Vicente Luy<\/em><\/a><em>.<\/em> Rosario : Beatriz Vierbo Editora, 2020.<\/p>\n<p>Matt\u00edo, Javier: <a href=\"https:\/\/www.lavoz.com.ar\/numero-cero\/vicente-luy-y-alberto-mazzocchi-dos-poetas-tragicos-de-cordoba?fbclid=IwAR3L_8djPLC7k0gjcWqmXydAdyca8inloUr0NB19GFGtL4bX_NI1syO4TdE\">\u00abVicente Luy y Alberto Mazzocchi: dos poetas tr\u00e1gicos de C\u00f3rdoba\u00bb<\/a><strong>\u00a0<\/strong> en N\u00famero Cero &#8211; La Voz del interior. C\u00f3rdoba, 6\/09\/2020.<\/p>\n<p>&nbsp;<\/p>\n<p>Dossier dedicado a Vicente Luy en \u00a1Basta ya! Bolet\u00edn literario. A\u00f1o 14 \u2013 n\u00b0 156. Julio-Agosto; setiembre de 2020. URL: https:\/\/boletinliterariobastaya.blogspot.com\/2020\/06\/boletin-literario-basta-ya-julio-agosto.html<\/p>\n<p>&nbsp;<\/p>\n<p>Silva Cantoni, Marcelo: \u201cVicente Luy y Nicanor Parra ante la ley. El discurso humor\u00edstico de la antipoes\u00eda en la po\u00e9tica de Vicente Luy\u201d. En Flores, Ana Beatriz \u2013coord- et all: El rumor del humor: Jornadas de Investigaci\u00f3n: innovaci\u00f3n, rupturas y transformaciones en la cultura humor\u00edstica argentina C\u00f3rdoba: Universidad Nacional de C\u00f3rdoba, 2017, p.272-284. URL: https:\/\/ffyh.unc.edu.ar\/boletin\/ediciones_anteriores\/archivos\/imagenes\/e-books\/EBOOK_HUMOR.pdf<\/p>\n<p>&nbsp;<\/p>\n<p>&nbsp;<\/p>\n<p>UNC<\/p>\n<p>https:\/\/catalogo.biblio.unc.edu.ar\/Search\/Results?lookfor=luy%2C+vicente&#038;type=AllFields&#038;limit=20&#038;sort=relevance<\/p>\n<p>&nbsp;<\/p>\n<p style=\"text-align: right\"><a href=\"https:\/\/ffyh.unc.edu.ar\/escritores-de-cordoba\/guia-de-autores-cordobeses\/l\/\">volver<\/a><\/p>\n","protected":false},"excerpt":{"rendered":"<p>C\u00f3rdoba, mayo de 1961- Salta, febrero, 2012. &nbsp; \u00c1mbito: El escritor fue nieto del poeta Juan Larrea. &nbsp; Publicaciones Caricatura<\/p>\n","protected":false},"author":7,"featured_media":0,"comment_status":"open","ping_status":"open","sticky":false,"template":"","format":"standard","meta":{"_acf_changed":false,"colormag_page_container_layout":"default_layout","colormag_page_sidebar_layout":"default_layout","footnotes":""},"categories":[1],"tags":[],"class_list":["post-1032","post","type-post","status-publish","format-standard","hentry","category-sin-categoria"],"acf":[],"jetpack_featured_media_url":"","_links":{"self":[{"href":"https:\/\/ffyh.unc.edu.ar\/escritores-de-cordoba\/wp-json\/wp\/v2\/posts\/1032","targetHints":{"allow":["GET"]}}],"collection":[{"href":"https:\/\/ffyh.unc.edu.ar\/escritores-de-cordoba\/wp-json\/wp\/v2\/posts"}],"about":[{"href":"https:\/\/ffyh.unc.edu.ar\/escritores-de-cordoba\/wp-json\/wp\/v2\/types\/post"}],"author":[{"embeddable":true,"href":"https:\/\/ffyh.unc.edu.ar\/escritores-de-cordoba\/wp-json\/wp\/v2\/users\/7"}],"replies":[{"embeddable":true,"href":"https:\/\/ffyh.unc.edu.ar\/escritores-de-cordoba\/wp-json\/wp\/v2\/comments?post=1032"}],"version-history":[{"count":4,"href":"https:\/\/ffyh.unc.edu.ar\/escritores-de-cordoba\/wp-json\/wp\/v2\/posts\/1032\/revisions"}],"predecessor-version":[{"id":2935,"href":"https:\/\/ffyh.unc.edu.ar\/escritores-de-cordoba\/wp-json\/wp\/v2\/posts\/1032\/revisions\/2935"}],"wp:attachment":[{"href":"https:\/\/ffyh.unc.edu.ar\/escritores-de-cordoba\/wp-json\/wp\/v2\/media?parent=1032"}],"wp:term":[{"taxonomy":"category","embeddable":true,"href":"https:\/\/ffyh.unc.edu.ar\/escritores-de-cordoba\/wp-json\/wp\/v2\/categories?post=1032"},{"taxonomy":"post_tag","embeddable":true,"href":"https:\/\/ffyh.unc.edu.ar\/escritores-de-cordoba\/wp-json\/wp\/v2\/tags?post=1032"}],"curies":[{"name":"wp","href":"https:\/\/api.w.org\/{rel}","templated":true}]}}