{"id":382,"date":"2022-06-14T17:59:14","date_gmt":"2022-06-14T17:59:14","guid":{"rendered":"https:\/\/ffyh.unc.edu.ar\/escritores-de-cordoba\/?p=382"},"modified":"2025-02-25T15:24:22","modified_gmt":"2025-02-25T15:24:22","slug":"huerga-feliciano","status":"publish","type":"post","link":"https:\/\/ffyh.unc.edu.ar\/escritores-de-cordoba\/2022\/06\/14\/huerga-feliciano\/","title":{"rendered":"Huerga, Feliciano"},"content":{"rendered":"<p><span style=\"color: #000000\">Naci\u00f3 a mediados de la d\u00e9cada del 30 en C\u00f3rdoba.<\/span><\/p>\n<h3><span style=\"color: #000000\">Publicaciones<\/span><\/h3>\n<ul>\n<li><span style=\"color: #000000\"><a href=\"http:\/\/eci.biblio.unc.edu.ar\/\/cgi-bin\/koha\/opac-detail.pl?biblionumber=7189\"><em>Am\u00e9rica Narra<\/em><\/a>, 1975<\/span><\/li>\n<li><span style=\"color: #000000\"><a href=\"https:\/\/catalogo.biblio.unc.edu.ar\/Search\/Results?lookfor=huerga%2C+feliciano+genio+y+figura&amp;type=AllFields&amp;limit=20&amp;sort=relevance\"><em>Genio y figura de Jorge Washington Abalos<\/em><\/a>, 1981<\/span><\/li>\n<li><span style=\"color: #000000\"><a href=\"http:\/\/bmayor.biblio.unc.edu.ar\/\/cgi-bin\/koha\/opac-detail.pl?biblionumber=27042\"><em>El signo de Am\u00e9rica<\/em><\/a>, ensayo, 1983<\/span><\/li>\n<li><span style=\"color: #000000\"><em>Molina Rosa<\/em>, 1995<\/span><\/li>\n<\/ul>\n<h4><span style=\"color: #000000\"><i>Antolog\u00edas<\/i><\/span><\/h4>\n<ul>\n<li><span style=\"color: #000000\"><a href=\"http:\/\/bmayor.biblio.unc.edu.ar\/cgi-bin\/koha\/opac-detail.pl?biblionumber=24773\"><em>C\u00f3rdoba po\u00e9tica del Siglo XX<\/em><\/a>, 1997 \u2013selecci\u00f3n y pr\u00f3logo de la antolog\u00eda-;<\/span><\/li>\n<li><span style=\"color: #000000\"><em>C\u00f3rdoba po\u00e9tica del Siglo XX Vol. II<\/em>, 1999.<\/span><\/li>\n<\/ul>\n<p><img loading=\"lazy\" decoding=\"async\" class=\"alignnone size-full wp-image-2951\" src=\"http:\/\/ffyh.unc.edu.ar\/escritores-de-cordoba\/wp-content\/uploads\/sites\/43\/2022\/06\/huerga-2.jpg\" alt=\"\" width=\"170\" height=\"243\" \/>\u00a0<img loading=\"lazy\" decoding=\"async\" class=\"alignnone  wp-image-2932\" src=\"http:\/\/ffyh.unc.edu.ar\/escritores-de-cordoba\/wp-content\/uploads\/sites\/43\/2025\/02\/abalos-huerga-180x300.jpg\" alt=\"\" width=\"149\" height=\"248\" srcset=\"https:\/\/ffyh.unc.edu.ar\/escritores-de-cordoba\/wp-content\/uploads\/sites\/43\/2025\/02\/abalos-huerga-180x300.jpg 180w, https:\/\/ffyh.unc.edu.ar\/escritores-de-cordoba\/wp-content\/uploads\/sites\/43\/2025\/02\/abalos-huerga.jpg 384w\" sizes=\"auto, (max-width: 149px) 100vw, 149px\" \/><\/p>\n<p style=\"text-align: right\"><a href=\"https:\/\/ffyh.unc.edu.ar\/escritores-de-cordoba\/guia-de-autores-cordobeses\/h\/\">volver<\/a><\/p>\n","protected":false},"excerpt":{"rendered":"<p>Naci\u00f3 a mediados de la d\u00e9cada del 30 en C\u00f3rdoba. Publicaciones Am\u00e9rica Narra, 1975 Genio y figura de Jorge Washington<\/p>\n","protected":false},"author":7,"featured_media":0,"comment_status":"open","ping_status":"open","sticky":false,"template":"","format":"standard","meta":{"_acf_changed":false,"colormag_page_container_layout":"default_layout","colormag_page_sidebar_layout":"default_layout","footnotes":""},"categories":[1],"tags":[],"class_list":["post-382","post","type-post","status-publish","format-standard","hentry","category-sin-categoria"],"acf":[],"jetpack_featured_media_url":"","_links":{"self":[{"href":"https:\/\/ffyh.unc.edu.ar\/escritores-de-cordoba\/wp-json\/wp\/v2\/posts\/382","targetHints":{"allow":["GET"]}}],"collection":[{"href":"https:\/\/ffyh.unc.edu.ar\/escritores-de-cordoba\/wp-json\/wp\/v2\/posts"}],"about":[{"href":"https:\/\/ffyh.unc.edu.ar\/escritores-de-cordoba\/wp-json\/wp\/v2\/types\/post"}],"author":[{"embeddable":true,"href":"https:\/\/ffyh.unc.edu.ar\/escritores-de-cordoba\/wp-json\/wp\/v2\/users\/7"}],"replies":[{"embeddable":true,"href":"https:\/\/ffyh.unc.edu.ar\/escritores-de-cordoba\/wp-json\/wp\/v2\/comments?post=382"}],"version-history":[{"count":3,"href":"https:\/\/ffyh.unc.edu.ar\/escritores-de-cordoba\/wp-json\/wp\/v2\/posts\/382\/revisions"}],"predecessor-version":[{"id":2952,"href":"https:\/\/ffyh.unc.edu.ar\/escritores-de-cordoba\/wp-json\/wp\/v2\/posts\/382\/revisions\/2952"}],"wp:attachment":[{"href":"https:\/\/ffyh.unc.edu.ar\/escritores-de-cordoba\/wp-json\/wp\/v2\/media?parent=382"}],"wp:term":[{"taxonomy":"category","embeddable":true,"href":"https:\/\/ffyh.unc.edu.ar\/escritores-de-cordoba\/wp-json\/wp\/v2\/categories?post=382"},{"taxonomy":"post_tag","embeddable":true,"href":"https:\/\/ffyh.unc.edu.ar\/escritores-de-cordoba\/wp-json\/wp\/v2\/tags?post=382"}],"curies":[{"name":"wp","href":"https:\/\/api.w.org\/{rel}","templated":true}]}}