{"id":491,"date":"2022-06-14T20:13:18","date_gmt":"2022-06-14T20:13:18","guid":{"rendered":"https:\/\/ffyh.unc.edu.ar\/escritores-de-cordoba\/?p=491"},"modified":"2026-04-25T19:10:32","modified_gmt":"2026-04-25T19:10:32","slug":"moro-antonio","status":"publish","type":"post","link":"https:\/\/ffyh.unc.edu.ar\/escritores-de-cordoba\/2022\/06\/14\/moro-antonio\/","title":{"rendered":"Moro, Antonio"},"content":{"rendered":"<p><span style=\"color: #000000\">Naci\u00f3 en C\u00f3rdoba en 1955. Su infancia transcurre en San Luis. Tiene formaci\u00f3n de actor. Poeta, librero. Algunos de sus poemas integran antolog\u00edas, de entre ellas, se destaca la que el poeta Pablo Urquiza publica en edici\u00f3n biling\u00fce \u2013espa\u00f1ol\/franc\u00e9s, en el a\u00f1o 2004.<\/span><\/p>\n<h3><span style=\"color: #000000\">Publicaciones<\/span><\/h3>\n<ul>\n<li><span style=\"color: #000000\"><em><a href=\"http:\/\/ffyh.biblio.unc.edu.ar\/\/cgi-bin\/koha\/opac-detail.pl?biblionumber=26850\">Camino del escarabajo<\/a>,<\/em> 1990;<\/span><\/li>\n<li><span style=\"color: #000000\"><a href=\"http:\/\/ffyh.biblio.unc.edu.ar\/\/cgi-bin\/koha\/opac-detail.pl?biblionumber=36692\"><em>El correo llega al laberinto<\/em><\/a>, 1993;<\/span><\/li>\n<li><span style=\"color: #000000\"><a href=\"http:\/\/ffyh.biblio.unc.edu.ar\/\/cgi-bin\/koha\/opac-detail.pl?biblionumber=39939\"><em>El d\u00eda, la noche, vac\u00edo que el amor corona<\/em><\/a>, 1998;<\/span><\/li>\n<li><span style=\"color: #000000\"><em>Mano de cielo<\/em>, 2000;<\/span><\/li>\n<li><span style=\"color: #000000\"><em>Hotel,<\/em> 2003;<\/span><\/li>\n<li><span style=\"color: #000000\"><a href=\"https:\/\/catalogo.biblio.unc.edu.ar\/Search\/Results?lookfor=moro%2C+antonio+otra+sombra+en+el+%C3%A1rbol&amp;type=AllFields&amp;filter%5B%5D=format%3A%22Book%22&amp;limit=20&amp;sort=year+asc\"><em>Otra sombra en el \u00e1rbol<\/em><\/a>, 2013.<\/span><\/li>\n<li><span style=\"color: #000000\"><em>Huso del olvido<\/em>, 2021;<\/span><\/li>\n<\/ul>\n<p><img loading=\"lazy\" decoding=\"async\" class=\"alignnone  wp-image-1573\" src=\"http:\/\/ffyh.unc.edu.ar\/escritores-de-cordoba\/wp-content\/uploads\/sites\/43\/2022\/06\/antonio-moro-camino-del-escarabajo-e1735574371491-180x300.jpg\" alt=\"\" width=\"151\" height=\"252\" srcset=\"https:\/\/ffyh.unc.edu.ar\/escritores-de-cordoba\/wp-content\/uploads\/sites\/43\/2022\/06\/antonio-moro-camino-del-escarabajo-e1735574371491-180x300.jpg 180w, https:\/\/ffyh.unc.edu.ar\/escritores-de-cordoba\/wp-content\/uploads\/sites\/43\/2022\/06\/antonio-moro-camino-del-escarabajo-e1735574371491-616x1024.jpg 616w, https:\/\/ffyh.unc.edu.ar\/escritores-de-cordoba\/wp-content\/uploads\/sites\/43\/2022\/06\/antonio-moro-camino-del-escarabajo-e1735574371491-768x1277.jpg 768w, https:\/\/ffyh.unc.edu.ar\/escritores-de-cordoba\/wp-content\/uploads\/sites\/43\/2022\/06\/antonio-moro-camino-del-escarabajo-e1735574371491.jpg 861w\" sizes=\"auto, (max-width: 151px) 100vw, 151px\" \/>\u00a0 <img loading=\"lazy\" decoding=\"async\" class=\"alignnone  wp-image-1572\" src=\"http:\/\/ffyh.unc.edu.ar\/escritores-de-cordoba\/wp-content\/uploads\/sites\/43\/2022\/06\/antonio-moro-el-correo-llega-al-laberinto-e1735574409279-226x300.jpg\" alt=\"\" width=\"185\" height=\"245\" srcset=\"https:\/\/ffyh.unc.edu.ar\/escritores-de-cordoba\/wp-content\/uploads\/sites\/43\/2022\/06\/antonio-moro-el-correo-llega-al-laberinto-e1735574409279-226x300.jpg 226w, https:\/\/ffyh.unc.edu.ar\/escritores-de-cordoba\/wp-content\/uploads\/sites\/43\/2022\/06\/antonio-moro-el-correo-llega-al-laberinto-e1735574409279-772x1024.jpg 772w, https:\/\/ffyh.unc.edu.ar\/escritores-de-cordoba\/wp-content\/uploads\/sites\/43\/2022\/06\/antonio-moro-el-correo-llega-al-laberinto-e1735574409279-768x1019.jpg 768w, https:\/\/ffyh.unc.edu.ar\/escritores-de-cordoba\/wp-content\/uploads\/sites\/43\/2022\/06\/antonio-moro-el-correo-llega-al-laberinto-e1735574409279.jpg 1101w\" sizes=\"auto, (max-width: 185px) 100vw, 185px\" \/> <img loading=\"lazy\" decoding=\"async\" class=\"alignnone  wp-image-1571\" src=\"http:\/\/ffyh.unc.edu.ar\/escritores-de-cordoba\/wp-content\/uploads\/sites\/43\/2022\/06\/antonio-moro-la-noche-el-dia-vacio-que-el-amor-corona-e1735574458333-215x300.jpg\" alt=\"\" width=\"176\" height=\"246\" srcset=\"https:\/\/ffyh.unc.edu.ar\/escritores-de-cordoba\/wp-content\/uploads\/sites\/43\/2022\/06\/antonio-moro-la-noche-el-dia-vacio-que-el-amor-corona-e1735574458333-215x300.jpg 215w, https:\/\/ffyh.unc.edu.ar\/escritores-de-cordoba\/wp-content\/uploads\/sites\/43\/2022\/06\/antonio-moro-la-noche-el-dia-vacio-que-el-amor-corona-e1735574458333-735x1024.jpg 735w, https:\/\/ffyh.unc.edu.ar\/escritores-de-cordoba\/wp-content\/uploads\/sites\/43\/2022\/06\/antonio-moro-la-noche-el-dia-vacio-que-el-amor-corona-e1735574458333-768x1070.jpg 768w, https:\/\/ffyh.unc.edu.ar\/escritores-de-cordoba\/wp-content\/uploads\/sites\/43\/2022\/06\/antonio-moro-la-noche-el-dia-vacio-que-el-amor-corona-e1735574458333.jpg 1080w\" sizes=\"auto, (max-width: 176px) 100vw, 176px\" \/>\u00a0 <img loading=\"lazy\" decoding=\"async\" class=\"alignnone  wp-image-1570\" src=\"http:\/\/ffyh.unc.edu.ar\/escritores-de-cordoba\/wp-content\/uploads\/sites\/43\/2022\/06\/antonio-moro-mano-de-cielo-e1735574501790-205x300.jpg\" alt=\"\" width=\"171\" height=\"250\" srcset=\"https:\/\/ffyh.unc.edu.ar\/escritores-de-cordoba\/wp-content\/uploads\/sites\/43\/2022\/06\/antonio-moro-mano-de-cielo-e1735574501790-205x300.jpg 205w, https:\/\/ffyh.unc.edu.ar\/escritores-de-cordoba\/wp-content\/uploads\/sites\/43\/2022\/06\/antonio-moro-mano-de-cielo-e1735574501790-698x1024.jpg 698w, https:\/\/ffyh.unc.edu.ar\/escritores-de-cordoba\/wp-content\/uploads\/sites\/43\/2022\/06\/antonio-moro-mano-de-cielo-e1735574501790-768x1126.jpg 768w, https:\/\/ffyh.unc.edu.ar\/escritores-de-cordoba\/wp-content\/uploads\/sites\/43\/2022\/06\/antonio-moro-mano-de-cielo-e1735574501790.jpg 1002w\" sizes=\"auto, (max-width: 171px) 100vw, 171px\" \/><\/p>\n","protected":false},"excerpt":{"rendered":"<p>Naci\u00f3 en C\u00f3rdoba en 1955. Su infancia transcurre en San Luis. Tiene formaci\u00f3n de actor. Poeta, librero. Algunos de sus<\/p>\n","protected":false},"author":7,"featured_media":0,"comment_status":"open","ping_status":"open","sticky":false,"template":"","format":"standard","meta":{"_acf_changed":false,"colormag_page_container_layout":"default_layout","colormag_page_sidebar_layout":"default_layout","footnotes":""},"categories":[1],"tags":[],"class_list":["post-491","post","type-post","status-publish","format-standard","hentry","category-sin-categoria"],"acf":[],"jetpack_featured_media_url":"","_links":{"self":[{"href":"https:\/\/ffyh.unc.edu.ar\/escritores-de-cordoba\/wp-json\/wp\/v2\/posts\/491","targetHints":{"allow":["GET"]}}],"collection":[{"href":"https:\/\/ffyh.unc.edu.ar\/escritores-de-cordoba\/wp-json\/wp\/v2\/posts"}],"about":[{"href":"https:\/\/ffyh.unc.edu.ar\/escritores-de-cordoba\/wp-json\/wp\/v2\/types\/post"}],"author":[{"embeddable":true,"href":"https:\/\/ffyh.unc.edu.ar\/escritores-de-cordoba\/wp-json\/wp\/v2\/users\/7"}],"replies":[{"embeddable":true,"href":"https:\/\/ffyh.unc.edu.ar\/escritores-de-cordoba\/wp-json\/wp\/v2\/comments?post=491"}],"version-history":[{"count":6,"href":"https:\/\/ffyh.unc.edu.ar\/escritores-de-cordoba\/wp-json\/wp\/v2\/posts\/491\/revisions"}],"predecessor-version":[{"id":3174,"href":"https:\/\/ffyh.unc.edu.ar\/escritores-de-cordoba\/wp-json\/wp\/v2\/posts\/491\/revisions\/3174"}],"wp:attachment":[{"href":"https:\/\/ffyh.unc.edu.ar\/escritores-de-cordoba\/wp-json\/wp\/v2\/media?parent=491"}],"wp:term":[{"taxonomy":"category","embeddable":true,"href":"https:\/\/ffyh.unc.edu.ar\/escritores-de-cordoba\/wp-json\/wp\/v2\/categories?post=491"},{"taxonomy":"post_tag","embeddable":true,"href":"https:\/\/ffyh.unc.edu.ar\/escritores-de-cordoba\/wp-json\/wp\/v2\/tags?post=491"}],"curies":[{"name":"wp","href":"https:\/\/api.w.org\/{rel}","templated":true}]}}