{"id":10002,"date":"2026-03-18T16:44:47","date_gmt":"2026-03-18T16:44:47","guid":{"rendered":"https:\/\/ffyh.unc.edu.ar\/extension\/?p=10002"},"modified":"2026-03-18T16:45:25","modified_gmt":"2026-03-18T16:45:25","slug":"a-50-anos-del-golpe-la-ffyh-dice-presente-en-la-marcha-por-la-memoria-la-verdad-y-la-justicia","status":"publish","type":"post","link":"https:\/\/ffyh.unc.edu.ar\/extension\/2026\/03\/18\/a-50-anos-del-golpe-la-ffyh-dice-presente-en-la-marcha-por-la-memoria-la-verdad-y-la-justicia\/","title":{"rendered":"A 50 a\u00f1os del Golpe, la FFyH dice presente en la Marcha por la Memoria, la Verdad y la Justicia"},"content":{"rendered":"<p><em>El Consejo Directivo de la Facultad de Filosof\u00eda y Humanidades convoca a la comunidad a participar de la Marcha por la Memoria, la Verdad y la Justicia, a 50 a\u00f1os del golpe del 24 de marzo de 1976. En el marco de la movilizaci\u00f3n organizada por la Mesa de Trabajo por los DDHH de C\u00f3rdoba, la FFyH se concentrar\u00e1 a las 16 hs en Col\u00f3n y Fragueiro para marchar con la bandera de la Facultad y las fotos de sus 69 docentes y estudiantes desaparecidxs y asesinadxs.<\/em><\/p>\n<p><!--more--><\/p>\n<p>El Consejo Directivo de la Facultad de Filosof\u00eda y Humanidades renov\u00f3 su compromiso con la defensa irrestricta de los derechos humanos, al cumplirse 50 a\u00f1os del golpe de Estado del 24 de marzo de 1976.<\/p>\n<p>En una declaraci\u00f3n aprobada en su sesi\u00f3n del 12 de marzo, el HCD reafirm\u00f3 el reclamo hist\u00f3rico de Memoria, Verdad y Justicia, acompa\u00f1ando la lucha de Madres, Abuelas y Familiares, y reivindicando los derechos sociales conquistados por el pueblo argentino. El texto recuerda que la \u00faltima dictadura c\u00edvico-militar-eclesi\u00e1stica implement\u00f3 un plan sistem\u00e1tico de terrorismo de Estado, con desapariciones forzadas, torturas, asesinatos, apropiaci\u00f3n de beb\u00e9s, exilio y persecuci\u00f3n pol\u00edtica, cr\u00edmenes que constituyen delitos de lesa humanidad.<\/p>\n<p>La Facultad fue especialmente afectada por la represi\u00f3n: 69 estudiantes y graduadxs de las carreras de Filosof\u00eda, Historia, Letras y Ciencias de la Educaci\u00f3n fueron detenidxs-desaparecidxs. A medio siglo del golpe, la comunidad acad\u00e9mica rindi\u00f3 homenaje a cada unx de ellxs y expres\u00f3 su acompa\u00f1amiento a las actividades conmemorativas.<\/p>\n<p>Asimismo, la FFyH manifest\u00f3 su preocupaci\u00f3n frente a discursos negacionistas y ratific\u00f3 su compromiso con la democracia, la educaci\u00f3n p\u00fablica y la continuidad de los juicios por delitos de lesa humanidad, incluyendo los procesos de exhumaci\u00f3n en el ex CCD La Perla.<\/p>\n<p>Finalmente, convoc\u00f3 a toda la comunidad universitaria a participar de la Marcha por la Memoria, la Verdad y la Justicia este 24 de marzo, a las 16 horas, en Col\u00f3n y Ca\u00f1ada, en la ciudad de C\u00f3rdoba.<\/p>\n<ul>\n<li><a href=\"https:\/\/ffyh.unc.edu.ar\/wp-content\/uploads\/2026\/03\/24-de-marzo-DC-2026-00170200-UNC-DEC_FFYH.pdf\" target=\"_blank\" rel=\"noopener\" data-saferedirecturl=\"https:\/\/www.google.com\/url?q=https:\/\/ffyh.unc.edu.ar\/wp-content\/uploads\/2026\/03\/24-de-marzo-DC-2026-00170200-UNC-DEC_FFYH.pdf&amp;source=gmail&amp;ust=1773938235788000&amp;usg=AOvVaw3T1ZKcYSbdTybqUInjxBVd\">Descargar Declaraci\u00f3n<\/a><\/li>\n<\/ul>\n<p style=\"padding-left: 40px\"><em><strong>Este 24 de marzo marchamos juntxs<\/strong><\/em><\/p>\n<p style=\"padding-left: 40px\"><em>En el marco de la hist\u00f3rica marcha organizada desde la Mesa de Trabajo por los Derechos Humanos de C\u00f3rdoba, nos convocamos como comunidad de la FFyH para marchar en el bloque universitario con la bandera de la Facultad. El punto de encuentro ser\u00e1 Col\u00f3n y Fragueiro, a las 16 horas.<\/em><\/p>\n<p style=\"padding-left: 40px\"><em>Llevaremos las fotos de nuestrxs 69 docentes y estudiantes desaparecidxs y asesinadxs, por la Memoria, la Verdad y la Justicia.<\/em><\/p>\n<p><span style=\"color: #e30518\"><a href=\"https:\/\/ffyh.unc.edu.ar\/wp-content\/uploads\/2026\/03\/convocatoria-marcha-24-marzo-2026.jpeg\" target=\"_blank\" rel=\"noopener\" data-saferedirecturl=\"https:\/\/www.google.com\/url?q=https:\/\/ffyh.unc.edu.ar\/wp-content\/uploads\/2026\/03\/convocatoria-marcha-24-marzo-2026.jpeg&amp;source=gmail&amp;ust=1773938235788000&amp;usg=AOvVaw1nqMNKWTRC68OsL611hcYv\"><img loading=\"lazy\" decoding=\"async\" class=\"CToWUd\" src=\"https:\/\/ci3.googleusercontent.com\/meips\/ADKq_NaIXUtSfLVNGHl5dMDdM3os65j9r75k6c3wb9ZdhhoDSn5QGogbqLQRkjsFQpp-5M7fccIiCkZTpanC_dJIbQOxnPzPfS3Wt4fzo53ypNfdmmgQfINX4ek5JWVODY6ucW84iJdrf-zLaYr41kePhw=s0-d-e1-ft#https:\/\/ffyh.unc.edu.ar\/wp-content\/uploads\/2026\/03\/convocatoria-marcha-24-marzo-2026.jpeg\" alt=\"\" width=\"1270\" height=\"1600\" data-bit=\"iit\" \/><\/a><\/span><\/p>\n","protected":false},"excerpt":{"rendered":"<p>El Consejo Directivo de la Facultad de Filosof\u00eda y Humanidades convoca a la comunidad a participar de la Marcha por<\/p>\n","protected":false},"author":3,"featured_media":10003,"comment_status":"closed","ping_status":"closed","sticky":false,"template":"","format":"standard","meta":{"_acf_changed":false,"colormag_page_container_layout":"default_layout","colormag_page_sidebar_layout":"default_layout","footnotes":""},"categories":[12],"tags":[],"class_list":["post-10002","post","type-post","status-publish","format-standard","has-post-thumbnail","hentry","category-noticias"],"acf":[],"yoast_head":"<!-- This site is optimized with the Yoast SEO plugin v27.1.1 - https:\/\/yoast.com\/product\/yoast-seo-wordpress\/ -->\n<title>A 50 a\u00f1os del Golpe, la FFyH dice presente en la Marcha por la Memoria, la Verdad y la Justicia - Secretar\u00eda de Extensi\u00f3n<\/title>\n<meta name=\"robots\" content=\"index, follow, max-snippet:-1, max-image-preview:large, max-video-preview:-1\" \/>\n<link rel=\"canonical\" href=\"https:\/\/ffyh.unc.edu.ar\/extension\/2026\/03\/18\/a-50-anos-del-golpe-la-ffyh-dice-presente-en-la-marcha-por-la-memoria-la-verdad-y-la-justicia\/\" \/>\n<meta property=\"og:locale\" content=\"es_ES\" \/>\n<meta property=\"og:type\" content=\"article\" \/>\n<meta property=\"og:title\" content=\"A 50 a\u00f1os del Golpe, la FFyH dice presente en la Marcha por la Memoria, la Verdad y la Justicia - Secretar\u00eda de Extensi\u00f3n\" \/>\n<meta property=\"og:description\" content=\"El Consejo Directivo de la Facultad de Filosof\u00eda y Humanidades convoca a la comunidad a participar de la Marcha por\" \/>\n<meta property=\"og:url\" content=\"https:\/\/ffyh.unc.edu.ar\/extension\/2026\/03\/18\/a-50-anos-del-golpe-la-ffyh-dice-presente-en-la-marcha-por-la-memoria-la-verdad-y-la-justicia\/\" \/>\n<meta property=\"og:site_name\" content=\"Secretar\u00eda de Extensi\u00f3n\" \/>\n<meta property=\"article:publisher\" content=\"https:\/\/www.facebook.com\/extensionffyh\" \/>\n<meta property=\"article:published_time\" content=\"2026-03-18T16:44:47+00:00\" \/>\n<meta property=\"article:modified_time\" content=\"2026-03-18T16:45:25+00:00\" \/>\n<meta property=\"og:image\" content=\"http:\/\/ffyh.unc.edu.ar\/extension\/wp-content\/uploads\/sites\/2\/2026\/03\/webmarcha.jpg\" \/>\n\t<meta property=\"og:image:width\" content=\"800\" \/>\n\t<meta property=\"og:image:height\" content=\"445\" \/>\n\t<meta property=\"og:image:type\" content=\"image\/jpeg\" \/>\n<meta name=\"author\" content=\"extension\" \/>\n<meta name=\"twitter:card\" content=\"summary_large_image\" \/>\n<meta name=\"twitter:label1\" content=\"Escrito por\" \/>\n\t<meta name=\"twitter:data1\" content=\"\" \/>\n\t<meta name=\"twitter:label2\" content=\"Tiempo de lectura\" \/>\n\t<meta name=\"twitter:data2\" content=\"2 minutos\" \/>\n<script type=\"application\/ld+json\" class=\"yoast-schema-graph\">{\"@context\":\"https:\/\/schema.org\",\"@graph\":[{\"@type\":\"Article\",\"@id\":\"https:\/\/ffyh.unc.edu.ar\/extension\/2026\/03\/18\/a-50-anos-del-golpe-la-ffyh-dice-presente-en-la-marcha-por-la-memoria-la-verdad-y-la-justicia\/#article\",\"isPartOf\":{\"@id\":\"https:\/\/ffyh.unc.edu.ar\/extension\/2026\/03\/18\/a-50-anos-del-golpe-la-ffyh-dice-presente-en-la-marcha-por-la-memoria-la-verdad-y-la-justicia\/\"},\"author\":{\"name\":\"extension\",\"@id\":\"https:\/\/ffyh.unc.edu.ar\/extension\/#\/schema\/person\/c429cdff3a192a7081944182246c3689\"},\"headline\":\"A 50 a\u00f1os del Golpe, la FFyH dice presente en la Marcha por la Memoria, la Verdad y la Justicia\",\"datePublished\":\"2026-03-18T16:44:47+00:00\",\"dateModified\":\"2026-03-18T16:45:25+00:00\",\"mainEntityOfPage\":{\"@id\":\"https:\/\/ffyh.unc.edu.ar\/extension\/2026\/03\/18\/a-50-anos-del-golpe-la-ffyh-dice-presente-en-la-marcha-por-la-memoria-la-verdad-y-la-justicia\/\"},\"wordCount\":443,\"publisher\":{\"@id\":\"https:\/\/ffyh.unc.edu.ar\/extension\/#organization\"},\"image\":{\"@id\":\"https:\/\/ffyh.unc.edu.ar\/extension\/2026\/03\/18\/a-50-anos-del-golpe-la-ffyh-dice-presente-en-la-marcha-por-la-memoria-la-verdad-y-la-justicia\/#primaryimage\"},\"thumbnailUrl\":\"https:\/\/ffyh.unc.edu.ar\/extension\/wp-content\/uploads\/sites\/2\/2026\/03\/webmarcha.jpg\",\"articleSection\":[\"Noticias\"],\"inLanguage\":\"es\"},{\"@type\":\"WebPage\",\"@id\":\"https:\/\/ffyh.unc.edu.ar\/extension\/2026\/03\/18\/a-50-anos-del-golpe-la-ffyh-dice-presente-en-la-marcha-por-la-memoria-la-verdad-y-la-justicia\/\",\"url\":\"https:\/\/ffyh.unc.edu.ar\/extension\/2026\/03\/18\/a-50-anos-del-golpe-la-ffyh-dice-presente-en-la-marcha-por-la-memoria-la-verdad-y-la-justicia\/\",\"name\":\"A 50 a\u00f1os del Golpe, la FFyH dice presente en la Marcha por la Memoria, la Verdad y la Justicia - Secretar\u00eda de Extensi\u00f3n\",\"isPartOf\":{\"@id\":\"https:\/\/ffyh.unc.edu.ar\/extension\/#website\"},\"primaryImageOfPage\":{\"@id\":\"https:\/\/ffyh.unc.edu.ar\/extension\/2026\/03\/18\/a-50-anos-del-golpe-la-ffyh-dice-presente-en-la-marcha-por-la-memoria-la-verdad-y-la-justicia\/#primaryimage\"},\"image\":{\"@id\":\"https:\/\/ffyh.unc.edu.ar\/extension\/2026\/03\/18\/a-50-anos-del-golpe-la-ffyh-dice-presente-en-la-marcha-por-la-memoria-la-verdad-y-la-justicia\/#primaryimage\"},\"thumbnailUrl\":\"https:\/\/ffyh.unc.edu.ar\/extension\/wp-content\/uploads\/sites\/2\/2026\/03\/webmarcha.jpg\",\"datePublished\":\"2026-03-18T16:44:47+00:00\",\"dateModified\":\"2026-03-18T16:45:25+00:00\",\"breadcrumb\":{\"@id\":\"https:\/\/ffyh.unc.edu.ar\/extension\/2026\/03\/18\/a-50-anos-del-golpe-la-ffyh-dice-presente-en-la-marcha-por-la-memoria-la-verdad-y-la-justicia\/#breadcrumb\"},\"inLanguage\":\"es\",\"potentialAction\":[{\"@type\":\"ReadAction\",\"target\":[\"https:\/\/ffyh.unc.edu.ar\/extension\/2026\/03\/18\/a-50-anos-del-golpe-la-ffyh-dice-presente-en-la-marcha-por-la-memoria-la-verdad-y-la-justicia\/\"]}]},{\"@type\":\"ImageObject\",\"inLanguage\":\"es\",\"@id\":\"https:\/\/ffyh.unc.edu.ar\/extension\/2026\/03\/18\/a-50-anos-del-golpe-la-ffyh-dice-presente-en-la-marcha-por-la-memoria-la-verdad-y-la-justicia\/#primaryimage\",\"url\":\"https:\/\/ffyh.unc.edu.ar\/extension\/wp-content\/uploads\/sites\/2\/2026\/03\/webmarcha.jpg\",\"contentUrl\":\"https:\/\/ffyh.unc.edu.ar\/extension\/wp-content\/uploads\/sites\/2\/2026\/03\/webmarcha.jpg\",\"width\":800,\"height\":445},{\"@type\":\"BreadcrumbList\",\"@id\":\"https:\/\/ffyh.unc.edu.ar\/extension\/2026\/03\/18\/a-50-anos-del-golpe-la-ffyh-dice-presente-en-la-marcha-por-la-memoria-la-verdad-y-la-justicia\/#breadcrumb\",\"itemListElement\":[{\"@type\":\"ListItem\",\"position\":1,\"name\":\"Portada\",\"item\":\"https:\/\/ffyh.unc.edu.ar\/extension\/\"},{\"@type\":\"ListItem\",\"position\":2,\"name\":\"A 50 a\u00f1os del Golpe, la FFyH dice presente en la Marcha por la Memoria, la Verdad y la Justicia\"}]},{\"@type\":\"WebSite\",\"@id\":\"https:\/\/ffyh.unc.edu.ar\/extension\/#website\",\"url\":\"https:\/\/ffyh.unc.edu.ar\/extension\/\",\"name\":\"Secretar\u00eda de Extensi\u00f3n\",\"description\":\"Facultad de Filosof\u00eda y Humanidades - Universidad Nacional de C\u00f3rdoba\",\"publisher\":{\"@id\":\"https:\/\/ffyh.unc.edu.ar\/extension\/#organization\"},\"potentialAction\":[{\"@type\":\"SearchAction\",\"target\":{\"@type\":\"EntryPoint\",\"urlTemplate\":\"https:\/\/ffyh.unc.edu.ar\/extension\/?s={search_term_string}\"},\"query-input\":{\"@type\":\"PropertyValueSpecification\",\"valueRequired\":true,\"valueName\":\"search_term_string\"}}],\"inLanguage\":\"es\"},{\"@type\":\"Organization\",\"@id\":\"https:\/\/ffyh.unc.edu.ar\/extension\/#organization\",\"name\":\"Secretar\u00eda de Extensi\u00f3n - Facultad de Filosof\u00eda y Humanidades - Universidad Nacional de C\u00f3rdoba\",\"url\":\"https:\/\/ffyh.unc.edu.ar\/extension\/\",\"logo\":{\"@type\":\"ImageObject\",\"inLanguage\":\"es\",\"@id\":\"https:\/\/ffyh.unc.edu.ar\/extension\/#\/schema\/logo\/image\/\",\"url\":\"https:\/\/ffyh.unc.edu.ar\/extension\/wp-content\/uploads\/sites\/2\/2018\/08\/logo-extension-chico.jpg\",\"contentUrl\":\"https:\/\/ffyh.unc.edu.ar\/extension\/wp-content\/uploads\/sites\/2\/2018\/08\/logo-extension-chico.jpg\",\"width\":314,\"height\":119,\"caption\":\"Secretar\u00eda de Extensi\u00f3n - Facultad de Filosof\u00eda y Humanidades - Universidad Nacional de C\u00f3rdoba\"},\"image\":{\"@id\":\"https:\/\/ffyh.unc.edu.ar\/extension\/#\/schema\/logo\/image\/\"},\"sameAs\":[\"https:\/\/www.facebook.com\/extensionffyh\",\"https:\/\/www.instagram.com\/extensionffyh\/\",\"https:\/\/www.youtube.com\/channel\/UCTgN4nvMQE7ktBcgujEI-EA\"]},{\"@type\":\"Person\",\"@id\":\"https:\/\/ffyh.unc.edu.ar\/extension\/#\/schema\/person\/c429cdff3a192a7081944182246c3689\",\"name\":\"extension\",\"url\":\"https:\/\/ffyh.unc.edu.ar\/extension\/author\/extension\/\"}]}<\/script>\n<!-- \/ Yoast SEO plugin. -->","yoast_head_json":{"title":"A 50 a\u00f1os del Golpe, la FFyH dice presente en la Marcha por la Memoria, la Verdad y la Justicia - Secretar\u00eda de Extensi\u00f3n","robots":{"index":"index","follow":"follow","max-snippet":"max-snippet:-1","max-image-preview":"max-image-preview:large","max-video-preview":"max-video-preview:-1"},"canonical":"https:\/\/ffyh.unc.edu.ar\/extension\/2026\/03\/18\/a-50-anos-del-golpe-la-ffyh-dice-presente-en-la-marcha-por-la-memoria-la-verdad-y-la-justicia\/","og_locale":"es_ES","og_type":"article","og_title":"A 50 a\u00f1os del Golpe, la FFyH dice presente en la Marcha por la Memoria, la Verdad y la Justicia - Secretar\u00eda de Extensi\u00f3n","og_description":"El Consejo Directivo de la Facultad de Filosof\u00eda y Humanidades convoca a la comunidad a participar de la Marcha por","og_url":"https:\/\/ffyh.unc.edu.ar\/extension\/2026\/03\/18\/a-50-anos-del-golpe-la-ffyh-dice-presente-en-la-marcha-por-la-memoria-la-verdad-y-la-justicia\/","og_site_name":"Secretar\u00eda de Extensi\u00f3n","article_publisher":"https:\/\/www.facebook.com\/extensionffyh","article_published_time":"2026-03-18T16:44:47+00:00","article_modified_time":"2026-03-18T16:45:25+00:00","og_image":[{"width":800,"height":445,"url":"http:\/\/ffyh.unc.edu.ar\/extension\/wp-content\/uploads\/sites\/2\/2026\/03\/webmarcha.jpg","type":"image\/jpeg"}],"author":"extension","twitter_card":"summary_large_image","twitter_misc":{"Escrito por":false,"Tiempo de lectura":"2 minutos"},"schema":{"@context":"https:\/\/schema.org","@graph":[{"@type":"Article","@id":"https:\/\/ffyh.unc.edu.ar\/extension\/2026\/03\/18\/a-50-anos-del-golpe-la-ffyh-dice-presente-en-la-marcha-por-la-memoria-la-verdad-y-la-justicia\/#article","isPartOf":{"@id":"https:\/\/ffyh.unc.edu.ar\/extension\/2026\/03\/18\/a-50-anos-del-golpe-la-ffyh-dice-presente-en-la-marcha-por-la-memoria-la-verdad-y-la-justicia\/"},"author":{"name":"extension","@id":"https:\/\/ffyh.unc.edu.ar\/extension\/#\/schema\/person\/c429cdff3a192a7081944182246c3689"},"headline":"A 50 a\u00f1os del Golpe, la FFyH dice presente en la Marcha por la Memoria, la Verdad y la Justicia","datePublished":"2026-03-18T16:44:47+00:00","dateModified":"2026-03-18T16:45:25+00:00","mainEntityOfPage":{"@id":"https:\/\/ffyh.unc.edu.ar\/extension\/2026\/03\/18\/a-50-anos-del-golpe-la-ffyh-dice-presente-en-la-marcha-por-la-memoria-la-verdad-y-la-justicia\/"},"wordCount":443,"publisher":{"@id":"https:\/\/ffyh.unc.edu.ar\/extension\/#organization"},"image":{"@id":"https:\/\/ffyh.unc.edu.ar\/extension\/2026\/03\/18\/a-50-anos-del-golpe-la-ffyh-dice-presente-en-la-marcha-por-la-memoria-la-verdad-y-la-justicia\/#primaryimage"},"thumbnailUrl":"https:\/\/ffyh.unc.edu.ar\/extension\/wp-content\/uploads\/sites\/2\/2026\/03\/webmarcha.jpg","articleSection":["Noticias"],"inLanguage":"es"},{"@type":"WebPage","@id":"https:\/\/ffyh.unc.edu.ar\/extension\/2026\/03\/18\/a-50-anos-del-golpe-la-ffyh-dice-presente-en-la-marcha-por-la-memoria-la-verdad-y-la-justicia\/","url":"https:\/\/ffyh.unc.edu.ar\/extension\/2026\/03\/18\/a-50-anos-del-golpe-la-ffyh-dice-presente-en-la-marcha-por-la-memoria-la-verdad-y-la-justicia\/","name":"A 50 a\u00f1os del Golpe, la FFyH dice presente en la Marcha por la Memoria, la Verdad y la Justicia - Secretar\u00eda de Extensi\u00f3n","isPartOf":{"@id":"https:\/\/ffyh.unc.edu.ar\/extension\/#website"},"primaryImageOfPage":{"@id":"https:\/\/ffyh.unc.edu.ar\/extension\/2026\/03\/18\/a-50-anos-del-golpe-la-ffyh-dice-presente-en-la-marcha-por-la-memoria-la-verdad-y-la-justicia\/#primaryimage"},"image":{"@id":"https:\/\/ffyh.unc.edu.ar\/extension\/2026\/03\/18\/a-50-anos-del-golpe-la-ffyh-dice-presente-en-la-marcha-por-la-memoria-la-verdad-y-la-justicia\/#primaryimage"},"thumbnailUrl":"https:\/\/ffyh.unc.edu.ar\/extension\/wp-content\/uploads\/sites\/2\/2026\/03\/webmarcha.jpg","datePublished":"2026-03-18T16:44:47+00:00","dateModified":"2026-03-18T16:45:25+00:00","breadcrumb":{"@id":"https:\/\/ffyh.unc.edu.ar\/extension\/2026\/03\/18\/a-50-anos-del-golpe-la-ffyh-dice-presente-en-la-marcha-por-la-memoria-la-verdad-y-la-justicia\/#breadcrumb"},"inLanguage":"es","potentialAction":[{"@type":"ReadAction","target":["https:\/\/ffyh.unc.edu.ar\/extension\/2026\/03\/18\/a-50-anos-del-golpe-la-ffyh-dice-presente-en-la-marcha-por-la-memoria-la-verdad-y-la-justicia\/"]}]},{"@type":"ImageObject","inLanguage":"es","@id":"https:\/\/ffyh.unc.edu.ar\/extension\/2026\/03\/18\/a-50-anos-del-golpe-la-ffyh-dice-presente-en-la-marcha-por-la-memoria-la-verdad-y-la-justicia\/#primaryimage","url":"https:\/\/ffyh.unc.edu.ar\/extension\/wp-content\/uploads\/sites\/2\/2026\/03\/webmarcha.jpg","contentUrl":"https:\/\/ffyh.unc.edu.ar\/extension\/wp-content\/uploads\/sites\/2\/2026\/03\/webmarcha.jpg","width":800,"height":445},{"@type":"BreadcrumbList","@id":"https:\/\/ffyh.unc.edu.ar\/extension\/2026\/03\/18\/a-50-anos-del-golpe-la-ffyh-dice-presente-en-la-marcha-por-la-memoria-la-verdad-y-la-justicia\/#breadcrumb","itemListElement":[{"@type":"ListItem","position":1,"name":"Portada","item":"https:\/\/ffyh.unc.edu.ar\/extension\/"},{"@type":"ListItem","position":2,"name":"A 50 a\u00f1os del Golpe, la FFyH dice presente en la Marcha por la Memoria, la Verdad y la Justicia"}]},{"@type":"WebSite","@id":"https:\/\/ffyh.unc.edu.ar\/extension\/#website","url":"https:\/\/ffyh.unc.edu.ar\/extension\/","name":"Secretar\u00eda de Extensi\u00f3n","description":"Facultad de Filosof\u00eda y Humanidades - Universidad Nacional de C\u00f3rdoba","publisher":{"@id":"https:\/\/ffyh.unc.edu.ar\/extension\/#organization"},"potentialAction":[{"@type":"SearchAction","target":{"@type":"EntryPoint","urlTemplate":"https:\/\/ffyh.unc.edu.ar\/extension\/?s={search_term_string}"},"query-input":{"@type":"PropertyValueSpecification","valueRequired":true,"valueName":"search_term_string"}}],"inLanguage":"es"},{"@type":"Organization","@id":"https:\/\/ffyh.unc.edu.ar\/extension\/#organization","name":"Secretar\u00eda de Extensi\u00f3n - Facultad de Filosof\u00eda y Humanidades - Universidad Nacional de C\u00f3rdoba","url":"https:\/\/ffyh.unc.edu.ar\/extension\/","logo":{"@type":"ImageObject","inLanguage":"es","@id":"https:\/\/ffyh.unc.edu.ar\/extension\/#\/schema\/logo\/image\/","url":"https:\/\/ffyh.unc.edu.ar\/extension\/wp-content\/uploads\/sites\/2\/2018\/08\/logo-extension-chico.jpg","contentUrl":"https:\/\/ffyh.unc.edu.ar\/extension\/wp-content\/uploads\/sites\/2\/2018\/08\/logo-extension-chico.jpg","width":314,"height":119,"caption":"Secretar\u00eda de Extensi\u00f3n - Facultad de Filosof\u00eda y Humanidades - Universidad Nacional de C\u00f3rdoba"},"image":{"@id":"https:\/\/ffyh.unc.edu.ar\/extension\/#\/schema\/logo\/image\/"},"sameAs":["https:\/\/www.facebook.com\/extensionffyh","https:\/\/www.instagram.com\/extensionffyh\/","https:\/\/www.youtube.com\/channel\/UCTgN4nvMQE7ktBcgujEI-EA"]},{"@type":"Person","@id":"https:\/\/ffyh.unc.edu.ar\/extension\/#\/schema\/person\/c429cdff3a192a7081944182246c3689","name":"extension","url":"https:\/\/ffyh.unc.edu.ar\/extension\/author\/extension\/"}]}},"jetpack_featured_media_url":"https:\/\/ffyh.unc.edu.ar\/extension\/wp-content\/uploads\/sites\/2\/2026\/03\/webmarcha.jpg","_links":{"self":[{"href":"https:\/\/ffyh.unc.edu.ar\/extension\/wp-json\/wp\/v2\/posts\/10002","targetHints":{"allow":["GET"]}}],"collection":[{"href":"https:\/\/ffyh.unc.edu.ar\/extension\/wp-json\/wp\/v2\/posts"}],"about":[{"href":"https:\/\/ffyh.unc.edu.ar\/extension\/wp-json\/wp\/v2\/types\/post"}],"author":[{"embeddable":true,"href":"https:\/\/ffyh.unc.edu.ar\/extension\/wp-json\/wp\/v2\/users\/3"}],"replies":[{"embeddable":true,"href":"https:\/\/ffyh.unc.edu.ar\/extension\/wp-json\/wp\/v2\/comments?post=10002"}],"version-history":[{"count":2,"href":"https:\/\/ffyh.unc.edu.ar\/extension\/wp-json\/wp\/v2\/posts\/10002\/revisions"}],"predecessor-version":[{"id":10005,"href":"https:\/\/ffyh.unc.edu.ar\/extension\/wp-json\/wp\/v2\/posts\/10002\/revisions\/10005"}],"wp:featuredmedia":[{"embeddable":true,"href":"https:\/\/ffyh.unc.edu.ar\/extension\/wp-json\/wp\/v2\/media\/10003"}],"wp:attachment":[{"href":"https:\/\/ffyh.unc.edu.ar\/extension\/wp-json\/wp\/v2\/media?parent=10002"}],"wp:term":[{"taxonomy":"category","embeddable":true,"href":"https:\/\/ffyh.unc.edu.ar\/extension\/wp-json\/wp\/v2\/categories?post=10002"},{"taxonomy":"post_tag","embeddable":true,"href":"https:\/\/ffyh.unc.edu.ar\/extension\/wp-json\/wp\/v2\/tags?post=10002"}],"curies":[{"name":"wp","href":"https:\/\/api.w.org\/{rel}","templated":true}]}}