{"id":10145,"date":"2026-04-16T15:32:15","date_gmt":"2026-04-16T15:32:15","guid":{"rendered":"https:\/\/ffyh.unc.edu.ar\/extension\/?p=10145"},"modified":"2026-04-16T15:59:19","modified_gmt":"2026-04-16T15:59:19","slug":"cursos-de-historia-2026","status":"publish","type":"post","link":"https:\/\/ffyh.unc.edu.ar\/extension\/2026\/04\/16\/cursos-de-historia-2026\/","title":{"rendered":"Cursos de Historia para Adultos Mayores \u00abHistorias de Verano \/ Historias de Oto\u00f1o 2026\u00bb"},"content":{"rendered":"<p><em>La Escuela de Historia y la Secretar\u00eda de Extensi\u00f3n de la FFyH invitan a participar de los cursos de extensi\u00f3n sobre temas hist\u00f3ricos para adultos mayores, con el objeto de fomentar el di\u00e1logo de saberes y la divulgaci\u00f3n social del conocimiento hist\u00f3rico. Se trata de cursos abiertos, p\u00fablicos y gratuitos, desarrollados entre abril y julio a trav\u00e9s de encuentros virtuales.<\/em><\/p>\n<p><!--more--><\/p>\n<p>La Escuela de Historia y la Secretar\u00eda de Extensi\u00f3n de la Facultad de Filosof\u00eda y Humanidades proponen cursos de extensi\u00f3n sobre temas hist\u00f3ricos para adultos mayores, con el objeto de fomentar el di\u00e1logo de saberes y la divulgaci\u00f3n social del conocimiento hist\u00f3rico. Son cursos abiertos, p\u00fablicos y gratuitos, desarrollados a trav\u00e9s de encuentros virtuales semanales de 2 hs (por plataforma <strong>Google Meet<\/strong>), entre abril y julio (<em>Historias de Verano y Oto\u00f1o<\/em>). La diversidad de tem\u00e1ticas, abordadas por equipos de docentes, egresados\/as y estudiantes de nuestra Escuela busca generar un di\u00e1logo amplio y diverso en torno a la historia.<\/p>\n<blockquote><p><strong>Las inscripciones para los cursos de Verano\/Oto\u00f1o 2026 <\/strong><strong>se realizan mediante este <a class=\"su-button su-button-style-soft\" href=\"https:\/\/forms.gle\/C8Gczc9JMp7yrzJP6\" target=\"_blank\" rel=\"noopener noreferrer\">LINK a Formulario de inscripci\u00f3n a Cursos de Verano\/Oto\u00f1o 2026<\/a><\/strong><\/p><\/blockquote>\n<section id=\"h.7c373a575dfe138b_0\" class=\"yaqOZd WxWicb\">\n<table>\n<thead>\n<tr>\n<th>Mes<\/th>\n<th>Seminario<\/th>\n<th>D\u00eda y horario<\/th>\n<th>Fechas<\/th>\n<th>Programa<\/th>\n<th>Observaciones<\/th>\n<\/tr>\n<\/thead>\n<tbody>\n<tr>\n<td>Abril<\/td>\n<td>Historia de la Escritura: Encuentros entre Oriente y Occidente<\/td>\n<td>Mi\u00e9rcoles de 18 a 20 hs<\/td>\n<td>15, 22, 29 de abril y 6 de mayo<\/td>\n<td><a href=\"http:\/\/ffyh.unc.edu.ar\/historia\/wp-content\/uploads\/sites\/37\/2026\/04\/2026-ABRIL-EXT-UNC-HISTORIA-DE-LA-ESCRITURA-1.pdf\">Programa del curso<\/a><\/td>\n<td>Inscripciones cerradas para este curso<\/td>\n<\/tr>\n<tr>\n<td>Abril<\/td>\n<td>El retorno del Rey Inka. Tupac Amaru y las Rebeliones Andinas en el siglo XVIII<\/td>\n<td>Lunes de 16 a 18 hs<\/td>\n<td>27 de abril; 4, 11 y 18 de mayo<\/td>\n<td><a href=\"http:\/\/ffyh.unc.edu.ar\/historia\/wp-content\/uploads\/sites\/37\/2026\/04\/Prof.-Glatstein.pdf\">Programa del curso<\/a><\/td>\n<td>Inscripciones abiertas<\/td>\n<\/tr>\n<tr>\n<td>Mayo<\/td>\n<td>Hac\u00eda un abordaje multidimensional de la clase obrera<\/td>\n<td>Viernes de 15 a 17 hs<\/td>\n<td>8, 15, 22 y 29 de mayo<\/td>\n<td><a href=\"http:\/\/ffyh.unc.edu.ar\/historia\/wp-content\/uploads\/sites\/37\/2026\/04\/Prof.-Zeballos.pdf\">Programa del curso<\/a><\/td>\n<td>Inscripciones abiertas<\/td>\n<\/tr>\n<tr>\n<td>Mayo<\/td>\n<td>El grabado en As\u00eda Oriental: las estampas ukiyo-e japonesas y el shin-hanga en la representaci\u00f3n de lo coreano<\/td>\n<td>Mi\u00e9rcoles de 18 a 20 hs<\/td>\n<td>13, 20, 27 de mayo y 3 de junio<\/td>\n<td><a href=\"http:\/\/ffyh.unc.edu.ar\/historia\/wp-content\/uploads\/sites\/37\/2026\/04\/2026-MAYO-EXT-UNC-GRABADO-1.pdf\">Programa del curso<\/a><\/td>\n<td>Inscripciones abiertas<\/td>\n<\/tr>\n<tr>\n<td>Junio<\/td>\n<td>\u00bfLa Historia construye pasados? Diferentes paradigmas de estudio de la Antig\u00fcedad<\/td>\n<td>Mi\u00e9rcoles de 16 a 18 hs<\/td>\n<td>3, 10, 17 y 24 de junio<\/td>\n<td><a href=\"http:\/\/ffyh.unc.edu.ar\/historia\/wp-content\/uploads\/sites\/37\/2026\/04\/Yomaha-y-equipo-Propuesta-curso-de-extension-2026.pdf\">Programa del curso<\/a><\/td>\n<td>Inscripciones abiertas<\/td>\n<\/tr>\n<tr>\n<td>Junio<\/td>\n<td>El cuerpo femenino en la Edad Media: belleza, salud y vida cotidiana en la Pen\u00ednsula Ib\u00e9rica bajomedieval (siglos XIII-XV)<\/td>\n<td>Jueves de 18 a 20 hs<\/td>\n<td>4, 11, 18 y 25 de junio<\/td>\n<td><a href=\"http:\/\/ffyh.unc.edu.ar\/historia\/wp-content\/uploads\/sites\/37\/2026\/04\/Prof.-Garcia-Contrera.pdf\">Programa del curso<\/a><\/td>\n<td>Inscripciones abiertas<\/td>\n<\/tr>\n<tr>\n<td>Junio<\/td>\n<td>Nacer, crecer y morir junto al Nilo: una aproximaci\u00f3n a los estudios sobre la vida cotidiana en el Antiguo Egipto<\/td>\n<td>Jueves de 16 a 18 hs<\/td>\n<td>4, 11, 18 y 25 de junio<\/td>\n<td><a href=\"http:\/\/ffyh.unc.edu.ar\/historia\/wp-content\/uploads\/sites\/37\/2026\/04\/Gervan-Hector-Propuesta-de-curso-de-extension.pdf\">Programa del curso<\/a><\/td>\n<td>Inscripciones abiertas<\/td>\n<\/tr>\n<tr>\n<td>Junio<\/td>\n<td>Una herencia para mil a\u00f1os. Del ocaso del reino de Goryeo al rey Sejong el Grande (y m\u00e1s all\u00e1)<\/td>\n<td>Mi\u00e9rcoles de 18 a 20 hs<\/td>\n<td>10, 17, 24 de junio y 1 de julio<\/td>\n<td><a href=\"http:\/\/ffyh.unc.edu.ar\/historia\/wp-content\/uploads\/sites\/37\/2026\/04\/2026-JUNIO-EXT-UNC-Una-herencia-para-mil-anos-2-2.pdf\">Programa del curso<\/a><\/td>\n<td>Inscripciones abiertas<\/td>\n<\/tr>\n<\/tbody>\n<\/table>\n<\/section>\n<section id=\"h.7c373a575dfe138b_0\" class=\"yaqOZd WxWicb\">\n<div class=\"IFuOkc\">\n<section id=\"h.7c373a575dfe138b_0\" class=\"yaqOZd WxWicb\">\n<p class=\"IFuOkc\"><em>M\u00e1s informaci\u00f3n:<\/em><\/p>\n<p class=\"IFuOkc\">Equipo coordinador de los cursos Historias de Verano \u2013 Oto\u00f1o: <a href=\"mailto:conhistoria@ffyh.unc.edu.ar\">conhistoria@ffyh.unc.edu.ar<\/a><\/p>\n<p class=\"IFuOkc\">Secretar\u00eda T\u00e9cnica de la Escuela de Historia, FFyH, UNC: <a href=\"mailto:historia@ffyh.unc.edu.ar\" target=\"_blank\" rel=\"noopener\">historia@ffyh.unc.edu.ar<\/a><\/p>\n<p>&nbsp;<\/p>\n<\/section>\n<\/div>\n<\/section>\n<section id=\"h.7c373a575dfe138b_0\" class=\"yaqOZd WxWicb\">\n<div class=\"IFuOkc\">\n<section id=\"h.7c373a575dfe138b_0\" class=\"yaqOZd WxWicb\">\n<div class=\"IFuOkc\">\n<p><a href=\"https:\/\/ffyh.unc.edu.ar\/extension\/2026\/04\/16\/cursos-de-historia-para-adultos-mayores-historias-de-verano-historias-de-otono-2026\/flyer2026\/\" rel=\"attachment wp-att-10146\"><img loading=\"lazy\" decoding=\"async\" class=\"alignnone wp-image-10146 size-full\" src=\"http:\/\/ffyh.unc.edu.ar\/extension\/wp-content\/uploads\/sites\/2\/2026\/04\/flyer2026.jpg\" alt=\"\" width=\"712\" height=\"900\" srcset=\"https:\/\/ffyh.unc.edu.ar\/extension\/wp-content\/uploads\/sites\/2\/2026\/04\/flyer2026.jpg 712w, https:\/\/ffyh.unc.edu.ar\/extension\/wp-content\/uploads\/sites\/2\/2026\/04\/flyer2026-237x300.jpg 237w\" sizes=\"auto, (max-width: 712px) 100vw, 712px\" \/><\/a><\/p>\n<\/div>\n<\/section>\n<\/div>\n<\/section>\n","protected":false},"excerpt":{"rendered":"<p>La Escuela de Historia y la Secretar\u00eda de Extensi\u00f3n de la FFyH invitan a participar de los cursos de extensi\u00f3n<\/p>\n","protected":false},"author":3,"featured_media":10148,"comment_status":"closed","ping_status":"closed","sticky":false,"template":"","format":"standard","meta":{"_acf_changed":false,"colormag_page_container_layout":"default_layout","colormag_page_sidebar_layout":"default_layout","footnotes":""},"categories":[12],"tags":[],"class_list":["post-10145","post","type-post","status-publish","format-standard","has-post-thumbnail","hentry","category-noticias"],"acf":[],"yoast_head":"<!-- This site is optimized with the Yoast SEO plugin v27.1.1 - https:\/\/yoast.com\/product\/yoast-seo-wordpress\/ -->\n<title>Cursos de Historia para Adultos Mayores &quot;Historias de Verano \/ Historias de Oto\u00f1o 2026&quot; - Secretar\u00eda de Extensi\u00f3n<\/title>\n<meta name=\"robots\" content=\"index, follow, max-snippet:-1, max-image-preview:large, max-video-preview:-1\" \/>\n<link rel=\"canonical\" href=\"https:\/\/ffyh.unc.edu.ar\/extension\/2026\/04\/16\/cursos-de-historia-2026\/\" \/>\n<meta property=\"og:locale\" content=\"es_ES\" \/>\n<meta property=\"og:type\" content=\"article\" \/>\n<meta property=\"og:title\" content=\"Cursos de Historia para Adultos Mayores &quot;Historias de Verano \/ Historias de Oto\u00f1o 2026&quot; - Secretar\u00eda de Extensi\u00f3n\" \/>\n<meta property=\"og:description\" content=\"La Escuela de Historia y la Secretar\u00eda de Extensi\u00f3n de la FFyH invitan a participar de los cursos de extensi\u00f3n\" \/>\n<meta property=\"og:url\" content=\"https:\/\/ffyh.unc.edu.ar\/extension\/2026\/04\/16\/cursos-de-historia-2026\/\" \/>\n<meta property=\"og:site_name\" content=\"Secretar\u00eda de Extensi\u00f3n\" \/>\n<meta property=\"article:publisher\" content=\"https:\/\/www.facebook.com\/extensionffyh\" \/>\n<meta property=\"article:published_time\" content=\"2026-04-16T15:32:15+00:00\" \/>\n<meta property=\"article:modified_time\" content=\"2026-04-16T15:59:19+00:00\" \/>\n<meta property=\"og:image\" content=\"http:\/\/ffyh.unc.edu.ar\/extension\/wp-content\/uploads\/sites\/2\/2026\/04\/web-historia-1.jpg\" \/>\n\t<meta property=\"og:image:width\" content=\"712\" \/>\n\t<meta property=\"og:image:height\" content=\"398\" \/>\n\t<meta property=\"og:image:type\" content=\"image\/jpeg\" \/>\n<meta name=\"author\" content=\"extension\" \/>\n<meta name=\"twitter:card\" content=\"summary_large_image\" \/>\n<meta name=\"twitter:label1\" content=\"Escrito por\" \/>\n\t<meta name=\"twitter:data1\" content=\"\" \/>\n\t<meta name=\"twitter:label2\" content=\"Tiempo de lectura\" \/>\n\t<meta name=\"twitter:data2\" content=\"2 minutos\" \/>\n<script type=\"application\/ld+json\" class=\"yoast-schema-graph\">{\"@context\":\"https:\/\/schema.org\",\"@graph\":[{\"@type\":\"Article\",\"@id\":\"https:\/\/ffyh.unc.edu.ar\/extension\/2026\/04\/16\/cursos-de-historia-2026\/#article\",\"isPartOf\":{\"@id\":\"https:\/\/ffyh.unc.edu.ar\/extension\/2026\/04\/16\/cursos-de-historia-2026\/\"},\"author\":{\"name\":\"extension\",\"@id\":\"https:\/\/ffyh.unc.edu.ar\/extension\/#\/schema\/person\/c429cdff3a192a7081944182246c3689\"},\"headline\":\"Cursos de Historia para Adultos Mayores \u00abHistorias de Verano \/ Historias de Oto\u00f1o 2026\u00bb\",\"datePublished\":\"2026-04-16T15:32:15+00:00\",\"dateModified\":\"2026-04-16T15:59:19+00:00\",\"mainEntityOfPage\":{\"@id\":\"https:\/\/ffyh.unc.edu.ar\/extension\/2026\/04\/16\/cursos-de-historia-2026\/\"},\"wordCount\":510,\"publisher\":{\"@id\":\"https:\/\/ffyh.unc.edu.ar\/extension\/#organization\"},\"image\":{\"@id\":\"https:\/\/ffyh.unc.edu.ar\/extension\/2026\/04\/16\/cursos-de-historia-2026\/#primaryimage\"},\"thumbnailUrl\":\"https:\/\/ffyh.unc.edu.ar\/extension\/wp-content\/uploads\/sites\/2\/2026\/04\/web-historia-1.jpg\",\"articleSection\":[\"Noticias\"],\"inLanguage\":\"es\"},{\"@type\":\"WebPage\",\"@id\":\"https:\/\/ffyh.unc.edu.ar\/extension\/2026\/04\/16\/cursos-de-historia-2026\/\",\"url\":\"https:\/\/ffyh.unc.edu.ar\/extension\/2026\/04\/16\/cursos-de-historia-2026\/\",\"name\":\"Cursos de Historia para Adultos Mayores \\\"Historias de Verano \/ Historias de Oto\u00f1o 2026\\\" - Secretar\u00eda de Extensi\u00f3n\",\"isPartOf\":{\"@id\":\"https:\/\/ffyh.unc.edu.ar\/extension\/#website\"},\"primaryImageOfPage\":{\"@id\":\"https:\/\/ffyh.unc.edu.ar\/extension\/2026\/04\/16\/cursos-de-historia-2026\/#primaryimage\"},\"image\":{\"@id\":\"https:\/\/ffyh.unc.edu.ar\/extension\/2026\/04\/16\/cursos-de-historia-2026\/#primaryimage\"},\"thumbnailUrl\":\"https:\/\/ffyh.unc.edu.ar\/extension\/wp-content\/uploads\/sites\/2\/2026\/04\/web-historia-1.jpg\",\"datePublished\":\"2026-04-16T15:32:15+00:00\",\"dateModified\":\"2026-04-16T15:59:19+00:00\",\"breadcrumb\":{\"@id\":\"https:\/\/ffyh.unc.edu.ar\/extension\/2026\/04\/16\/cursos-de-historia-2026\/#breadcrumb\"},\"inLanguage\":\"es\",\"potentialAction\":[{\"@type\":\"ReadAction\",\"target\":[\"https:\/\/ffyh.unc.edu.ar\/extension\/2026\/04\/16\/cursos-de-historia-2026\/\"]}]},{\"@type\":\"ImageObject\",\"inLanguage\":\"es\",\"@id\":\"https:\/\/ffyh.unc.edu.ar\/extension\/2026\/04\/16\/cursos-de-historia-2026\/#primaryimage\",\"url\":\"https:\/\/ffyh.unc.edu.ar\/extension\/wp-content\/uploads\/sites\/2\/2026\/04\/web-historia-1.jpg\",\"contentUrl\":\"https:\/\/ffyh.unc.edu.ar\/extension\/wp-content\/uploads\/sites\/2\/2026\/04\/web-historia-1.jpg\",\"width\":712,\"height\":398},{\"@type\":\"BreadcrumbList\",\"@id\":\"https:\/\/ffyh.unc.edu.ar\/extension\/2026\/04\/16\/cursos-de-historia-2026\/#breadcrumb\",\"itemListElement\":[{\"@type\":\"ListItem\",\"position\":1,\"name\":\"Portada\",\"item\":\"https:\/\/ffyh.unc.edu.ar\/extension\/\"},{\"@type\":\"ListItem\",\"position\":2,\"name\":\"Cursos de Historia para Adultos Mayores \u00abHistorias de Verano \/ Historias de Oto\u00f1o 2026\u00bb\"}]},{\"@type\":\"WebSite\",\"@id\":\"https:\/\/ffyh.unc.edu.ar\/extension\/#website\",\"url\":\"https:\/\/ffyh.unc.edu.ar\/extension\/\",\"name\":\"Secretar\u00eda de Extensi\u00f3n\",\"description\":\"Facultad de Filosof\u00eda y Humanidades - Universidad Nacional de C\u00f3rdoba\",\"publisher\":{\"@id\":\"https:\/\/ffyh.unc.edu.ar\/extension\/#organization\"},\"potentialAction\":[{\"@type\":\"SearchAction\",\"target\":{\"@type\":\"EntryPoint\",\"urlTemplate\":\"https:\/\/ffyh.unc.edu.ar\/extension\/?s={search_term_string}\"},\"query-input\":{\"@type\":\"PropertyValueSpecification\",\"valueRequired\":true,\"valueName\":\"search_term_string\"}}],\"inLanguage\":\"es\"},{\"@type\":\"Organization\",\"@id\":\"https:\/\/ffyh.unc.edu.ar\/extension\/#organization\",\"name\":\"Secretar\u00eda de Extensi\u00f3n - Facultad de Filosof\u00eda y Humanidades - Universidad Nacional de C\u00f3rdoba\",\"url\":\"https:\/\/ffyh.unc.edu.ar\/extension\/\",\"logo\":{\"@type\":\"ImageObject\",\"inLanguage\":\"es\",\"@id\":\"https:\/\/ffyh.unc.edu.ar\/extension\/#\/schema\/logo\/image\/\",\"url\":\"https:\/\/ffyh.unc.edu.ar\/extension\/wp-content\/uploads\/sites\/2\/2018\/08\/logo-extension-chico.jpg\",\"contentUrl\":\"https:\/\/ffyh.unc.edu.ar\/extension\/wp-content\/uploads\/sites\/2\/2018\/08\/logo-extension-chico.jpg\",\"width\":314,\"height\":119,\"caption\":\"Secretar\u00eda de Extensi\u00f3n - Facultad de Filosof\u00eda y Humanidades - Universidad Nacional de C\u00f3rdoba\"},\"image\":{\"@id\":\"https:\/\/ffyh.unc.edu.ar\/extension\/#\/schema\/logo\/image\/\"},\"sameAs\":[\"https:\/\/www.facebook.com\/extensionffyh\",\"https:\/\/www.instagram.com\/extensionffyh\/\",\"https:\/\/www.youtube.com\/channel\/UCTgN4nvMQE7ktBcgujEI-EA\"]},{\"@type\":\"Person\",\"@id\":\"https:\/\/ffyh.unc.edu.ar\/extension\/#\/schema\/person\/c429cdff3a192a7081944182246c3689\",\"name\":\"extension\",\"url\":\"https:\/\/ffyh.unc.edu.ar\/extension\/author\/extension\/\"}]}<\/script>\n<!-- \/ Yoast SEO plugin. -->","yoast_head_json":{"title":"Cursos de Historia para Adultos Mayores \"Historias de Verano \/ Historias de Oto\u00f1o 2026\" - Secretar\u00eda de Extensi\u00f3n","robots":{"index":"index","follow":"follow","max-snippet":"max-snippet:-1","max-image-preview":"max-image-preview:large","max-video-preview":"max-video-preview:-1"},"canonical":"https:\/\/ffyh.unc.edu.ar\/extension\/2026\/04\/16\/cursos-de-historia-2026\/","og_locale":"es_ES","og_type":"article","og_title":"Cursos de Historia para Adultos Mayores \"Historias de Verano \/ Historias de Oto\u00f1o 2026\" - Secretar\u00eda de Extensi\u00f3n","og_description":"La Escuela de Historia y la Secretar\u00eda de Extensi\u00f3n de la FFyH invitan a participar de los cursos de extensi\u00f3n","og_url":"https:\/\/ffyh.unc.edu.ar\/extension\/2026\/04\/16\/cursos-de-historia-2026\/","og_site_name":"Secretar\u00eda de Extensi\u00f3n","article_publisher":"https:\/\/www.facebook.com\/extensionffyh","article_published_time":"2026-04-16T15:32:15+00:00","article_modified_time":"2026-04-16T15:59:19+00:00","og_image":[{"width":712,"height":398,"url":"http:\/\/ffyh.unc.edu.ar\/extension\/wp-content\/uploads\/sites\/2\/2026\/04\/web-historia-1.jpg","type":"image\/jpeg"}],"author":"extension","twitter_card":"summary_large_image","twitter_misc":{"Escrito por":false,"Tiempo de lectura":"2 minutos"},"schema":{"@context":"https:\/\/schema.org","@graph":[{"@type":"Article","@id":"https:\/\/ffyh.unc.edu.ar\/extension\/2026\/04\/16\/cursos-de-historia-2026\/#article","isPartOf":{"@id":"https:\/\/ffyh.unc.edu.ar\/extension\/2026\/04\/16\/cursos-de-historia-2026\/"},"author":{"name":"extension","@id":"https:\/\/ffyh.unc.edu.ar\/extension\/#\/schema\/person\/c429cdff3a192a7081944182246c3689"},"headline":"Cursos de Historia para Adultos Mayores \u00abHistorias de Verano \/ Historias de Oto\u00f1o 2026\u00bb","datePublished":"2026-04-16T15:32:15+00:00","dateModified":"2026-04-16T15:59:19+00:00","mainEntityOfPage":{"@id":"https:\/\/ffyh.unc.edu.ar\/extension\/2026\/04\/16\/cursos-de-historia-2026\/"},"wordCount":510,"publisher":{"@id":"https:\/\/ffyh.unc.edu.ar\/extension\/#organization"},"image":{"@id":"https:\/\/ffyh.unc.edu.ar\/extension\/2026\/04\/16\/cursos-de-historia-2026\/#primaryimage"},"thumbnailUrl":"https:\/\/ffyh.unc.edu.ar\/extension\/wp-content\/uploads\/sites\/2\/2026\/04\/web-historia-1.jpg","articleSection":["Noticias"],"inLanguage":"es"},{"@type":"WebPage","@id":"https:\/\/ffyh.unc.edu.ar\/extension\/2026\/04\/16\/cursos-de-historia-2026\/","url":"https:\/\/ffyh.unc.edu.ar\/extension\/2026\/04\/16\/cursos-de-historia-2026\/","name":"Cursos de Historia para Adultos Mayores \"Historias de Verano \/ Historias de Oto\u00f1o 2026\" - Secretar\u00eda de Extensi\u00f3n","isPartOf":{"@id":"https:\/\/ffyh.unc.edu.ar\/extension\/#website"},"primaryImageOfPage":{"@id":"https:\/\/ffyh.unc.edu.ar\/extension\/2026\/04\/16\/cursos-de-historia-2026\/#primaryimage"},"image":{"@id":"https:\/\/ffyh.unc.edu.ar\/extension\/2026\/04\/16\/cursos-de-historia-2026\/#primaryimage"},"thumbnailUrl":"https:\/\/ffyh.unc.edu.ar\/extension\/wp-content\/uploads\/sites\/2\/2026\/04\/web-historia-1.jpg","datePublished":"2026-04-16T15:32:15+00:00","dateModified":"2026-04-16T15:59:19+00:00","breadcrumb":{"@id":"https:\/\/ffyh.unc.edu.ar\/extension\/2026\/04\/16\/cursos-de-historia-2026\/#breadcrumb"},"inLanguage":"es","potentialAction":[{"@type":"ReadAction","target":["https:\/\/ffyh.unc.edu.ar\/extension\/2026\/04\/16\/cursos-de-historia-2026\/"]}]},{"@type":"ImageObject","inLanguage":"es","@id":"https:\/\/ffyh.unc.edu.ar\/extension\/2026\/04\/16\/cursos-de-historia-2026\/#primaryimage","url":"https:\/\/ffyh.unc.edu.ar\/extension\/wp-content\/uploads\/sites\/2\/2026\/04\/web-historia-1.jpg","contentUrl":"https:\/\/ffyh.unc.edu.ar\/extension\/wp-content\/uploads\/sites\/2\/2026\/04\/web-historia-1.jpg","width":712,"height":398},{"@type":"BreadcrumbList","@id":"https:\/\/ffyh.unc.edu.ar\/extension\/2026\/04\/16\/cursos-de-historia-2026\/#breadcrumb","itemListElement":[{"@type":"ListItem","position":1,"name":"Portada","item":"https:\/\/ffyh.unc.edu.ar\/extension\/"},{"@type":"ListItem","position":2,"name":"Cursos de Historia para Adultos Mayores \u00abHistorias de Verano \/ Historias de Oto\u00f1o 2026\u00bb"}]},{"@type":"WebSite","@id":"https:\/\/ffyh.unc.edu.ar\/extension\/#website","url":"https:\/\/ffyh.unc.edu.ar\/extension\/","name":"Secretar\u00eda de Extensi\u00f3n","description":"Facultad de Filosof\u00eda y Humanidades - Universidad Nacional de C\u00f3rdoba","publisher":{"@id":"https:\/\/ffyh.unc.edu.ar\/extension\/#organization"},"potentialAction":[{"@type":"SearchAction","target":{"@type":"EntryPoint","urlTemplate":"https:\/\/ffyh.unc.edu.ar\/extension\/?s={search_term_string}"},"query-input":{"@type":"PropertyValueSpecification","valueRequired":true,"valueName":"search_term_string"}}],"inLanguage":"es"},{"@type":"Organization","@id":"https:\/\/ffyh.unc.edu.ar\/extension\/#organization","name":"Secretar\u00eda de Extensi\u00f3n - Facultad de Filosof\u00eda y Humanidades - Universidad Nacional de C\u00f3rdoba","url":"https:\/\/ffyh.unc.edu.ar\/extension\/","logo":{"@type":"ImageObject","inLanguage":"es","@id":"https:\/\/ffyh.unc.edu.ar\/extension\/#\/schema\/logo\/image\/","url":"https:\/\/ffyh.unc.edu.ar\/extension\/wp-content\/uploads\/sites\/2\/2018\/08\/logo-extension-chico.jpg","contentUrl":"https:\/\/ffyh.unc.edu.ar\/extension\/wp-content\/uploads\/sites\/2\/2018\/08\/logo-extension-chico.jpg","width":314,"height":119,"caption":"Secretar\u00eda de Extensi\u00f3n - Facultad de Filosof\u00eda y Humanidades - Universidad Nacional de C\u00f3rdoba"},"image":{"@id":"https:\/\/ffyh.unc.edu.ar\/extension\/#\/schema\/logo\/image\/"},"sameAs":["https:\/\/www.facebook.com\/extensionffyh","https:\/\/www.instagram.com\/extensionffyh\/","https:\/\/www.youtube.com\/channel\/UCTgN4nvMQE7ktBcgujEI-EA"]},{"@type":"Person","@id":"https:\/\/ffyh.unc.edu.ar\/extension\/#\/schema\/person\/c429cdff3a192a7081944182246c3689","name":"extension","url":"https:\/\/ffyh.unc.edu.ar\/extension\/author\/extension\/"}]}},"jetpack_featured_media_url":"https:\/\/ffyh.unc.edu.ar\/extension\/wp-content\/uploads\/sites\/2\/2026\/04\/web-historia-1.jpg","_links":{"self":[{"href":"https:\/\/ffyh.unc.edu.ar\/extension\/wp-json\/wp\/v2\/posts\/10145","targetHints":{"allow":["GET"]}}],"collection":[{"href":"https:\/\/ffyh.unc.edu.ar\/extension\/wp-json\/wp\/v2\/posts"}],"about":[{"href":"https:\/\/ffyh.unc.edu.ar\/extension\/wp-json\/wp\/v2\/types\/post"}],"author":[{"embeddable":true,"href":"https:\/\/ffyh.unc.edu.ar\/extension\/wp-json\/wp\/v2\/users\/3"}],"replies":[{"embeddable":true,"href":"https:\/\/ffyh.unc.edu.ar\/extension\/wp-json\/wp\/v2\/comments?post=10145"}],"version-history":[{"count":12,"href":"https:\/\/ffyh.unc.edu.ar\/extension\/wp-json\/wp\/v2\/posts\/10145\/revisions"}],"predecessor-version":[{"id":10160,"href":"https:\/\/ffyh.unc.edu.ar\/extension\/wp-json\/wp\/v2\/posts\/10145\/revisions\/10160"}],"wp:featuredmedia":[{"embeddable":true,"href":"https:\/\/ffyh.unc.edu.ar\/extension\/wp-json\/wp\/v2\/media\/10148"}],"wp:attachment":[{"href":"https:\/\/ffyh.unc.edu.ar\/extension\/wp-json\/wp\/v2\/media?parent=10145"}],"wp:term":[{"taxonomy":"category","embeddable":true,"href":"https:\/\/ffyh.unc.edu.ar\/extension\/wp-json\/wp\/v2\/categories?post=10145"},{"taxonomy":"post_tag","embeddable":true,"href":"https:\/\/ffyh.unc.edu.ar\/extension\/wp-json\/wp\/v2\/tags?post=10145"}],"curies":[{"name":"wp","href":"https:\/\/api.w.org\/{rel}","templated":true}]}}