{"id":10647,"date":"2026-08-25T15:10:51","date_gmt":"2026-08-25T15:10:51","guid":{"rendered":"https:\/\/ffyh.unc.edu.ar\/extension\/?p=10647"},"modified":"2026-08-25T15:13:47","modified_gmt":"2026-08-25T15:13:47","slug":"taller-el-teatro-de-titeres-como-recurso-expresivo-en-propuestas-socioculturales-con-las-infancias","status":"publish","type":"post","link":"https:\/\/ffyh.unc.edu.ar\/extension\/2026\/08\/25\/taller-el-teatro-de-titeres-como-recurso-expresivo-en-propuestas-socioculturales-con-las-infancias\/","title":{"rendered":"Se realiz\u00f3 el taller \u00abEl teatro de t\u00edteres como recurso expresivo en propuestas socioculturales con las infancias\u00bb"},"content":{"rendered":"<p data-path-to-node=\"1\"><em>El pasado 14 de agosto, la Secretar\u00eda de Extensi\u00f3n de la FFyH, en articulaci\u00f3n con la c\u00e1tedra de Ense\u00f1anza de la Literatura de la Escuela de Letras a cargo de la Dra. Mar\u00eda Florencia Ortiz, llev\u00f3 a cabo un taller de capacitaci\u00f3n destinado a 27 estudiantes de 4.\u00ba a\u00f1o de la carrera.<\/em><\/p>\n<p data-path-to-node=\"1\"><!--more--><\/p>\n<p data-path-to-node=\"2\">La propuesta busc\u00f3 brindar herramientas pr\u00e1cticas para implementar el teatro de t\u00edteres como recurso expresivo en diversos espacios comunitarios y educativos: bibliotecas, centros vecinales, organizaciones sociales y escuelas de todos los niveles.<\/p>\n<p data-path-to-node=\"4\">El encuentro combin\u00f3 la reflexi\u00f3n te\u00f3rica con una din\u00e1mica participativa a partir de dos grandes ejes transversales:<\/p>\n<ul data-path-to-node=\"5\">\n<li>\n<p data-path-to-node=\"5,0,0\">El derecho a la cultura para las infancias: entendiendo a lxs ni\u00f1xs no como merxs espectadorxs o consumidorxs culturales, sino como verdaderxs productorxs de su propia cultura y percepci\u00f3n est\u00e9tica desde la primera infancia.<\/p>\n<\/li>\n<li>\n<p data-path-to-node=\"5,1,0\">Un dispositivo de simbolizaci\u00f3n cr\u00edtica: utilizando al t\u00edtere como objeto intermediario para interpelar, problematizar y reflexionar sobre diversas instituciones e ideas del mundo social.<\/p>\n<\/li>\n<\/ul>\n<p data-path-to-node=\"6\">Durante la jornada, lxs estudiantes experimentaron los tres momentos metodol\u00f3gicos clave en la elaboraci\u00f3n de una propuesta de t\u00edteres: la fase narrativa, la fase pl\u00e1stica y la fase dram\u00e1tica. Este recorrido integral permiti\u00f3 vivenciar y conceptualizar las herramientas necesarias para acompa\u00f1ar talleres con las infancias desde una perspectiva sensible, cr\u00edtica y transformadora.<\/p>\n<p data-path-to-node=\"6\">La actividad estuvo coordinada por Carlos Szulkin, trabajador nodocente de la Secretar\u00eda de Extensi\u00f3n de la FFyH, en articulaci\u00f3n con el equipo docente de la c\u00e1tedra de <i data-path-to-node=\"0\" data-index-in-node=\"178\">Ense\u00f1anza de la Literatura<\/i> de la Escuela de Letras, integrada por la Dra. Mar\u00eda Florencia Ortiz (Profesora Adjunta) y la Dra. Melisa Maina (Profesora Asistente).<\/p>\n<p data-path-to-node=\"6\"><style type=\"text\/css\">\n#foogallery-gallery-10648.fg-justified .fg-item { margin-right: 2px; margin-bottom: 2px; }\n#foogallery-gallery-10648.fg-justified .fg-image { height: 200px; }<\/style>\n\t\t\t<div class=\"foogallery foogallery-container foogallery-justified foogallery-lightbox-foogallery fg-justified fg-ready fg-light fg-shadow-outline fg-loading-default fg-loaded-fade-in fg-caption-always fg-hover-fade fg-hover-zoom2\" id=\"foogallery-gallery-10648\" data-foogallery=\"{&quot;item&quot;:{&quot;showCaptionTitle&quot;:true,&quot;showCaptionDescription&quot;:false},&quot;lazy&quot;:true,&quot;template&quot;:{&quot;rowHeight&quot;:200,&quot;maxRowHeight&quot;:300,&quot;margins&quot;:2,&quot;align&quot;:&quot;center&quot;,&quot;lastRow&quot;:&quot;smart&quot;}}\" data-foogallery-lightbox=\"{&quot;thumbs&quot;:&quot;bottom&quot;,&quot;thumbsCaptions&quot;:false,&quot;thumbsBestFit&quot;:false,&quot;thumbsSmall&quot;:false,&quot;thumbsCaptionsAlign&quot;:&quot;default&quot;,&quot;info&quot;:&quot;bottom&quot;,&quot;infoVisible&quot;:true,&quot;infoOverlay&quot;:true,&quot;infoAlign&quot;:&quot;default&quot;,&quot;transition&quot;:&quot;fade&quot;,&quot;hoverButtons&quot;:false,&quot;fitMedia&quot;:false,&quot;noScrollbars&quot;:true,&quot;preserveButtonSpace&quot;:true,&quot;buttons&quot;:{&quot;fullscreen&quot;:true,&quot;info&quot;:true,&quot;thumbs&quot;:false},&quot;video&quot;:{&quot;autoPlay&quot;:true}}\" style=\"--fg-title-line-clamp: 1; --fg-description-line-clamp: 2;\" >\n\t<div class=\"fg-item fg-type-image fg-idle\"><figure class=\"fg-item-inner\"><a href=\"https:\/\/ffyh.unc.edu.ar\/extension\/wp-content\/uploads\/sites\/2\/2026\/08\/05.jpg\" data-attachment-id=\"10649\" data-type=\"image\" class=\"fg-thumb\"><span class=\"fg-image-wrap\"><img fetchpriority=\"high\" decoding=\"async\" height=\"300\" width=\"539\" class=\"skip-lazy fg-image\" data-src-fg=\"https:\/\/ffyh.unc.edu.ar\/extension\/wp-content\/uploads\/sites\/2\/cache\/2026\/08\/05\/493118422.jpg\" src=\"data:image\/svg+xml,%3Csvg%20xmlns%3D%22http%3A%2F%2Fwww.w3.org%2F2000%2Fsvg%22%20width%3D%22539%22%20height%3D%22300%22%20viewBox%3D%220%200%20539%20300%22%3E%3C%2Fsvg%3E\" loading=\"eager\"><\/span><span class=\"fg-image-overlay\"><\/span><\/a><\/figure><div class=\"fg-loader\"><\/div><\/div><div class=\"fg-item fg-type-image fg-idle\"><figure class=\"fg-item-inner\"><a href=\"https:\/\/ffyh.unc.edu.ar\/extension\/wp-content\/uploads\/sites\/2\/2026\/08\/06.jpg\" data-attachment-id=\"10650\" data-type=\"image\" class=\"fg-thumb\"><span class=\"fg-image-wrap\"><img decoding=\"async\" height=\"300\" width=\"539\" class=\"skip-lazy fg-image\" data-src-fg=\"https:\/\/ffyh.unc.edu.ar\/extension\/wp-content\/uploads\/sites\/2\/cache\/2026\/08\/06\/2805149586.jpg\" src=\"data:image\/svg+xml,%3Csvg%20xmlns%3D%22http%3A%2F%2Fwww.w3.org%2F2000%2Fsvg%22%20width%3D%22539%22%20height%3D%22300%22%20viewBox%3D%220%200%20539%20300%22%3E%3C%2Fsvg%3E\" loading=\"eager\"><\/span><span class=\"fg-image-overlay\"><\/span><\/a><\/figure><div class=\"fg-loader\"><\/div><\/div><div class=\"fg-item fg-type-image fg-idle\"><figure class=\"fg-item-inner\"><a href=\"https:\/\/ffyh.unc.edu.ar\/extension\/wp-content\/uploads\/sites\/2\/2026\/08\/07.jpg\" data-attachment-id=\"10651\" data-type=\"image\" class=\"fg-thumb\"><span class=\"fg-image-wrap\"><img decoding=\"async\" height=\"300\" width=\"539\" class=\"skip-lazy fg-image\" data-src-fg=\"https:\/\/ffyh.unc.edu.ar\/extension\/wp-content\/uploads\/sites\/2\/cache\/2026\/08\/07\/2295141612.jpg\" src=\"data:image\/svg+xml,%3Csvg%20xmlns%3D%22http%3A%2F%2Fwww.w3.org%2F2000%2Fsvg%22%20width%3D%22539%22%20height%3D%22300%22%20viewBox%3D%220%200%20539%20300%22%3E%3C%2Fsvg%3E\" loading=\"eager\"><\/span><span class=\"fg-image-overlay\"><\/span><\/a><\/figure><div class=\"fg-loader\"><\/div><\/div><div class=\"fg-item fg-type-image fg-idle\"><figure class=\"fg-item-inner\"><a href=\"https:\/\/ffyh.unc.edu.ar\/extension\/wp-content\/uploads\/sites\/2\/2026\/08\/08.jpg\" data-attachment-id=\"10652\" data-type=\"image\" class=\"fg-thumb\"><span class=\"fg-image-wrap\"><img decoding=\"async\" height=\"300\" width=\"539\" class=\"skip-lazy fg-image\" data-src-fg=\"https:\/\/ffyh.unc.edu.ar\/extension\/wp-content\/uploads\/sites\/2\/cache\/2026\/08\/08\/2942323745.jpg\" src=\"data:image\/svg+xml,%3Csvg%20xmlns%3D%22http%3A%2F%2Fwww.w3.org%2F2000%2Fsvg%22%20width%3D%22539%22%20height%3D%22300%22%20viewBox%3D%220%200%20539%20300%22%3E%3C%2Fsvg%3E\" loading=\"eager\"><\/span><span class=\"fg-image-overlay\"><\/span><\/a><\/figure><div class=\"fg-loader\"><\/div><\/div><div class=\"fg-item fg-type-image fg-idle\"><figure class=\"fg-item-inner\"><a href=\"https:\/\/ffyh.unc.edu.ar\/extension\/wp-content\/uploads\/sites\/2\/2026\/08\/09.jpg\" data-attachment-id=\"10653\" data-type=\"image\" class=\"fg-thumb\"><span class=\"fg-image-wrap\"><img decoding=\"async\" height=\"300\" width=\"539\" class=\"skip-lazy fg-image\" data-src-fg=\"https:\/\/ffyh.unc.edu.ar\/extension\/wp-content\/uploads\/sites\/2\/cache\/2026\/08\/09\/2157868895.jpg\" src=\"data:image\/svg+xml,%3Csvg%20xmlns%3D%22http%3A%2F%2Fwww.w3.org%2F2000%2Fsvg%22%20width%3D%22539%22%20height%3D%22300%22%20viewBox%3D%220%200%20539%20300%22%3E%3C%2Fsvg%3E\" loading=\"eager\"><\/span><span class=\"fg-image-overlay\"><\/span><\/a><\/figure><div class=\"fg-loader\"><\/div><\/div><div class=\"fg-item fg-type-image fg-idle\"><figure class=\"fg-item-inner\"><a href=\"https:\/\/ffyh.unc.edu.ar\/extension\/wp-content\/uploads\/sites\/2\/2026\/08\/01.jpg\" data-attachment-id=\"10654\" data-type=\"image\" class=\"fg-thumb\"><span class=\"fg-image-wrap\"><img decoding=\"async\" height=\"300\" width=\"539\" class=\"skip-lazy fg-image\" data-src-fg=\"https:\/\/ffyh.unc.edu.ar\/extension\/wp-content\/uploads\/sites\/2\/cache\/2026\/08\/01\/2521089417.jpg\" src=\"data:image\/svg+xml,%3Csvg%20xmlns%3D%22http%3A%2F%2Fwww.w3.org%2F2000%2Fsvg%22%20width%3D%22539%22%20height%3D%22300%22%20viewBox%3D%220%200%20539%20300%22%3E%3C%2Fsvg%3E\" loading=\"eager\"><\/span><span class=\"fg-image-overlay\"><\/span><\/a><\/figure><div class=\"fg-loader\"><\/div><\/div><div class=\"fg-item fg-type-image fg-idle\"><figure class=\"fg-item-inner\"><a href=\"https:\/\/ffyh.unc.edu.ar\/extension\/wp-content\/uploads\/sites\/2\/2026\/08\/02.jpg\" data-attachment-id=\"10655\" data-type=\"image\" class=\"fg-thumb\"><span class=\"fg-image-wrap\"><img decoding=\"async\" height=\"300\" width=\"539\" class=\"skip-lazy fg-image\" data-src-fg=\"https:\/\/ffyh.unc.edu.ar\/extension\/wp-content\/uploads\/sites\/2\/cache\/2026\/08\/02\/4221565322.jpg\" src=\"data:image\/svg+xml,%3Csvg%20xmlns%3D%22http%3A%2F%2Fwww.w3.org%2F2000%2Fsvg%22%20width%3D%22539%22%20height%3D%22300%22%20viewBox%3D%220%200%20539%20300%22%3E%3C%2Fsvg%3E\" loading=\"eager\"><\/span><span class=\"fg-image-overlay\"><\/span><\/a><\/figure><div class=\"fg-loader\"><\/div><\/div><div class=\"fg-item fg-type-image fg-idle\"><figure class=\"fg-item-inner\"><a href=\"https:\/\/ffyh.unc.edu.ar\/extension\/wp-content\/uploads\/sites\/2\/2026\/08\/03.jpg\" data-attachment-id=\"10656\" data-type=\"image\" class=\"fg-thumb\"><span class=\"fg-image-wrap\"><img decoding=\"async\" height=\"300\" width=\"539\" class=\"skip-lazy fg-image\" data-src-fg=\"https:\/\/ffyh.unc.edu.ar\/extension\/wp-content\/uploads\/sites\/2\/cache\/2026\/08\/03\/3384324981.jpg\" src=\"data:image\/svg+xml,%3Csvg%20xmlns%3D%22http%3A%2F%2Fwww.w3.org%2F2000%2Fsvg%22%20width%3D%22539%22%20height%3D%22300%22%20viewBox%3D%220%200%20539%20300%22%3E%3C%2Fsvg%3E\" loading=\"eager\"><\/span><span class=\"fg-image-overlay\"><\/span><\/a><\/figure><div class=\"fg-loader\"><\/div><\/div><div class=\"fg-item fg-type-image fg-idle\"><figure class=\"fg-item-inner\"><a href=\"https:\/\/ffyh.unc.edu.ar\/extension\/wp-content\/uploads\/sites\/2\/2026\/08\/04.jpg\" data-attachment-id=\"10657\" data-type=\"image\" class=\"fg-thumb\"><span class=\"fg-image-wrap\"><img decoding=\"async\" height=\"300\" width=\"539\" class=\"skip-lazy fg-image\" data-src-fg=\"https:\/\/ffyh.unc.edu.ar\/extension\/wp-content\/uploads\/sites\/2\/cache\/2026\/08\/04\/539591052.jpg\" src=\"data:image\/svg+xml,%3Csvg%20xmlns%3D%22http%3A%2F%2Fwww.w3.org%2F2000%2Fsvg%22%20width%3D%22539%22%20height%3D%22300%22%20viewBox%3D%220%200%20539%20300%22%3E%3C%2Fsvg%3E\" loading=\"eager\"><\/span><span class=\"fg-image-overlay\"><\/span><\/a><\/figure><div class=\"fg-loader\"><\/div><\/div><div class=\"fg-item fg-type-image fg-idle\"><figure class=\"fg-item-inner\"><a href=\"https:\/\/ffyh.unc.edu.ar\/extension\/wp-content\/uploads\/sites\/2\/2026\/08\/10.jpg\" data-attachment-id=\"10658\" data-type=\"image\" class=\"fg-thumb\"><span class=\"fg-image-wrap\"><img decoding=\"async\" height=\"300\" width=\"539\" class=\"skip-lazy fg-image\" data-src-fg=\"https:\/\/ffyh.unc.edu.ar\/extension\/wp-content\/uploads\/sites\/2\/cache\/2026\/08\/10\/21165138.jpg\" src=\"data:image\/svg+xml,%3Csvg%20xmlns%3D%22http%3A%2F%2Fwww.w3.org%2F2000%2Fsvg%22%20width%3D%22539%22%20height%3D%22300%22%20viewBox%3D%220%200%20539%20300%22%3E%3C%2Fsvg%3E\" loading=\"eager\"><\/span><span class=\"fg-image-overlay\"><\/span><\/a><\/figure><div class=\"fg-loader\"><\/div><\/div><\/div>\n<\/p>\n","protected":false},"excerpt":{"rendered":"<p>El pasado 14 de agosto, la Secretar\u00eda de Extensi\u00f3n de la FFyH, en articulaci\u00f3n con la c\u00e1tedra de Ense\u00f1anza de<\/p>\n","protected":false},"author":3,"featured_media":10654,"comment_status":"closed","ping_status":"closed","sticky":false,"template":"","format":"standard","meta":{"_acf_changed":false,"colormag_page_container_layout":"default_layout","colormag_page_sidebar_layout":"default_layout","footnotes":""},"categories":[12],"tags":[],"class_list":["post-10647","post","type-post","status-publish","format-standard","has-post-thumbnail","hentry","category-noticias"],"acf":[],"yoast_head":"<!-- This site is optimized with the Yoast SEO plugin v27.1.1 - https:\/\/yoast.com\/product\/yoast-seo-wordpress\/ -->\n<title>Se realiz\u00f3 el taller \u00abEl teatro de t\u00edteres como recurso expresivo en propuestas socioculturales con las infancias\u00bb - Secretar\u00eda de Extensi\u00f3n<\/title>\n<meta name=\"robots\" content=\"index, follow, max-snippet:-1, max-image-preview:large, max-video-preview:-1\" \/>\n<link rel=\"canonical\" href=\"https:\/\/ffyh.unc.edu.ar\/extension\/2026\/08\/25\/taller-el-teatro-de-titeres-como-recurso-expresivo-en-propuestas-socioculturales-con-las-infancias\/\" \/>\n<meta property=\"og:locale\" content=\"es_ES\" \/>\n<meta property=\"og:type\" content=\"article\" \/>\n<meta property=\"og:title\" content=\"Se realiz\u00f3 el taller \u00abEl teatro de t\u00edteres como recurso expresivo en propuestas socioculturales con las infancias\u00bb - Secretar\u00eda de Extensi\u00f3n\" \/>\n<meta property=\"og:description\" content=\"El pasado 14 de agosto, la Secretar\u00eda de Extensi\u00f3n de la FFyH, en articulaci\u00f3n con la c\u00e1tedra de Ense\u00f1anza de\" \/>\n<meta property=\"og:url\" content=\"https:\/\/ffyh.unc.edu.ar\/extension\/2026\/08\/25\/taller-el-teatro-de-titeres-como-recurso-expresivo-en-propuestas-socioculturales-con-las-infancias\/\" \/>\n<meta property=\"og:site_name\" content=\"Secretar\u00eda de Extensi\u00f3n\" \/>\n<meta property=\"article:publisher\" content=\"https:\/\/www.facebook.com\/extensionffyh\" \/>\n<meta property=\"article:published_time\" content=\"2026-08-25T15:10:51+00:00\" \/>\n<meta property=\"article:modified_time\" content=\"2026-08-25T15:13:47+00:00\" \/>\n<meta property=\"og:image\" content=\"http:\/\/ffyh.unc.edu.ar\/extension\/wp-content\/uploads\/sites\/2\/2026\/08\/01.jpg\" \/>\n\t<meta property=\"og:image:width\" content=\"800\" \/>\n\t<meta property=\"og:image:height\" content=\"445\" \/>\n\t<meta property=\"og:image:type\" content=\"image\/jpeg\" \/>\n<meta name=\"author\" content=\"extension\" \/>\n<meta name=\"twitter:card\" content=\"summary_large_image\" \/>\n<meta name=\"twitter:label1\" content=\"Escrito por\" \/>\n\t<meta name=\"twitter:data1\" content=\"\" \/>\n\t<meta name=\"twitter:label2\" content=\"Tiempo de lectura\" \/>\n\t<meta name=\"twitter:data2\" content=\"1 minuto\" \/>\n<script type=\"application\/ld+json\" class=\"yoast-schema-graph\">{\"@context\":\"https:\/\/schema.org\",\"@graph\":[{\"@type\":\"Article\",\"@id\":\"https:\/\/ffyh.unc.edu.ar\/extension\/2026\/08\/25\/taller-el-teatro-de-titeres-como-recurso-expresivo-en-propuestas-socioculturales-con-las-infancias\/#article\",\"isPartOf\":{\"@id\":\"https:\/\/ffyh.unc.edu.ar\/extension\/2026\/08\/25\/taller-el-teatro-de-titeres-como-recurso-expresivo-en-propuestas-socioculturales-con-las-infancias\/\"},\"author\":{\"name\":\"extension\",\"@id\":\"https:\/\/ffyh.unc.edu.ar\/extension\/#\/schema\/person\/c429cdff3a192a7081944182246c3689\"},\"headline\":\"Se realiz\u00f3 el taller \u00abEl teatro de t\u00edteres como recurso expresivo en propuestas socioculturales con las infancias\u00bb\",\"datePublished\":\"2026-08-25T15:10:51+00:00\",\"dateModified\":\"2026-08-25T15:13:47+00:00\",\"mainEntityOfPage\":{\"@id\":\"https:\/\/ffyh.unc.edu.ar\/extension\/2026\/08\/25\/taller-el-teatro-de-titeres-como-recurso-expresivo-en-propuestas-socioculturales-con-las-infancias\/\"},\"wordCount\":312,\"publisher\":{\"@id\":\"https:\/\/ffyh.unc.edu.ar\/extension\/#organization\"},\"image\":{\"@id\":\"https:\/\/ffyh.unc.edu.ar\/extension\/2026\/08\/25\/taller-el-teatro-de-titeres-como-recurso-expresivo-en-propuestas-socioculturales-con-las-infancias\/#primaryimage\"},\"thumbnailUrl\":\"https:\/\/ffyh.unc.edu.ar\/extension\/wp-content\/uploads\/sites\/2\/2026\/08\/01.jpg\",\"articleSection\":[\"Noticias\"],\"inLanguage\":\"es\"},{\"@type\":\"WebPage\",\"@id\":\"https:\/\/ffyh.unc.edu.ar\/extension\/2026\/08\/25\/taller-el-teatro-de-titeres-como-recurso-expresivo-en-propuestas-socioculturales-con-las-infancias\/\",\"url\":\"https:\/\/ffyh.unc.edu.ar\/extension\/2026\/08\/25\/taller-el-teatro-de-titeres-como-recurso-expresivo-en-propuestas-socioculturales-con-las-infancias\/\",\"name\":\"Se realiz\u00f3 el taller \u00abEl teatro de t\u00edteres como recurso expresivo en propuestas socioculturales con las infancias\u00bb - Secretar\u00eda de Extensi\u00f3n\",\"isPartOf\":{\"@id\":\"https:\/\/ffyh.unc.edu.ar\/extension\/#website\"},\"primaryImageOfPage\":{\"@id\":\"https:\/\/ffyh.unc.edu.ar\/extension\/2026\/08\/25\/taller-el-teatro-de-titeres-como-recurso-expresivo-en-propuestas-socioculturales-con-las-infancias\/#primaryimage\"},\"image\":{\"@id\":\"https:\/\/ffyh.unc.edu.ar\/extension\/2026\/08\/25\/taller-el-teatro-de-titeres-como-recurso-expresivo-en-propuestas-socioculturales-con-las-infancias\/#primaryimage\"},\"thumbnailUrl\":\"https:\/\/ffyh.unc.edu.ar\/extension\/wp-content\/uploads\/sites\/2\/2026\/08\/01.jpg\",\"datePublished\":\"2026-08-25T15:10:51+00:00\",\"dateModified\":\"2026-08-25T15:13:47+00:00\",\"breadcrumb\":{\"@id\":\"https:\/\/ffyh.unc.edu.ar\/extension\/2026\/08\/25\/taller-el-teatro-de-titeres-como-recurso-expresivo-en-propuestas-socioculturales-con-las-infancias\/#breadcrumb\"},\"inLanguage\":\"es\",\"potentialAction\":[{\"@type\":\"ReadAction\",\"target\":[\"https:\/\/ffyh.unc.edu.ar\/extension\/2026\/08\/25\/taller-el-teatro-de-titeres-como-recurso-expresivo-en-propuestas-socioculturales-con-las-infancias\/\"]}]},{\"@type\":\"ImageObject\",\"inLanguage\":\"es\",\"@id\":\"https:\/\/ffyh.unc.edu.ar\/extension\/2026\/08\/25\/taller-el-teatro-de-titeres-como-recurso-expresivo-en-propuestas-socioculturales-con-las-infancias\/#primaryimage\",\"url\":\"https:\/\/ffyh.unc.edu.ar\/extension\/wp-content\/uploads\/sites\/2\/2026\/08\/01.jpg\",\"contentUrl\":\"https:\/\/ffyh.unc.edu.ar\/extension\/wp-content\/uploads\/sites\/2\/2026\/08\/01.jpg\",\"width\":800,\"height\":445},{\"@type\":\"BreadcrumbList\",\"@id\":\"https:\/\/ffyh.unc.edu.ar\/extension\/2026\/08\/25\/taller-el-teatro-de-titeres-como-recurso-expresivo-en-propuestas-socioculturales-con-las-infancias\/#breadcrumb\",\"itemListElement\":[{\"@type\":\"ListItem\",\"position\":1,\"name\":\"Portada\",\"item\":\"https:\/\/ffyh.unc.edu.ar\/extension\/\"},{\"@type\":\"ListItem\",\"position\":2,\"name\":\"Se realiz\u00f3 el taller \u00abEl teatro de t\u00edteres como recurso expresivo en propuestas socioculturales con las infancias\u00bb\"}]},{\"@type\":\"WebSite\",\"@id\":\"https:\/\/ffyh.unc.edu.ar\/extension\/#website\",\"url\":\"https:\/\/ffyh.unc.edu.ar\/extension\/\",\"name\":\"Secretar\u00eda de Extensi\u00f3n\",\"description\":\"Facultad de Filosof\u00eda y Humanidades - Universidad Nacional de C\u00f3rdoba\",\"publisher\":{\"@id\":\"https:\/\/ffyh.unc.edu.ar\/extension\/#organization\"},\"potentialAction\":[{\"@type\":\"SearchAction\",\"target\":{\"@type\":\"EntryPoint\",\"urlTemplate\":\"https:\/\/ffyh.unc.edu.ar\/extension\/?s={search_term_string}\"},\"query-input\":{\"@type\":\"PropertyValueSpecification\",\"valueRequired\":true,\"valueName\":\"search_term_string\"}}],\"inLanguage\":\"es\"},{\"@type\":\"Organization\",\"@id\":\"https:\/\/ffyh.unc.edu.ar\/extension\/#organization\",\"name\":\"Secretar\u00eda de Extensi\u00f3n - Facultad de Filosof\u00eda y Humanidades - Universidad Nacional de C\u00f3rdoba\",\"url\":\"https:\/\/ffyh.unc.edu.ar\/extension\/\",\"logo\":{\"@type\":\"ImageObject\",\"inLanguage\":\"es\",\"@id\":\"https:\/\/ffyh.unc.edu.ar\/extension\/#\/schema\/logo\/image\/\",\"url\":\"https:\/\/ffyh.unc.edu.ar\/extension\/wp-content\/uploads\/sites\/2\/2018\/08\/logo-extension-chico.jpg\",\"contentUrl\":\"https:\/\/ffyh.unc.edu.ar\/extension\/wp-content\/uploads\/sites\/2\/2018\/08\/logo-extension-chico.jpg\",\"width\":314,\"height\":119,\"caption\":\"Secretar\u00eda de Extensi\u00f3n - Facultad de Filosof\u00eda y Humanidades - Universidad Nacional de C\u00f3rdoba\"},\"image\":{\"@id\":\"https:\/\/ffyh.unc.edu.ar\/extension\/#\/schema\/logo\/image\/\"},\"sameAs\":[\"https:\/\/www.facebook.com\/extensionffyh\",\"https:\/\/www.instagram.com\/extensionffyh\/\",\"https:\/\/www.youtube.com\/channel\/UCTgN4nvMQE7ktBcgujEI-EA\"]},{\"@type\":\"Person\",\"@id\":\"https:\/\/ffyh.unc.edu.ar\/extension\/#\/schema\/person\/c429cdff3a192a7081944182246c3689\",\"name\":\"extension\",\"url\":\"https:\/\/ffyh.unc.edu.ar\/extension\/author\/extension\/\"}]}<\/script>\n<!-- \/ Yoast SEO plugin. -->","yoast_head_json":{"title":"Se realiz\u00f3 el taller \u00abEl teatro de t\u00edteres como recurso expresivo en propuestas socioculturales con las infancias\u00bb - Secretar\u00eda de Extensi\u00f3n","robots":{"index":"index","follow":"follow","max-snippet":"max-snippet:-1","max-image-preview":"max-image-preview:large","max-video-preview":"max-video-preview:-1"},"canonical":"https:\/\/ffyh.unc.edu.ar\/extension\/2026\/08\/25\/taller-el-teatro-de-titeres-como-recurso-expresivo-en-propuestas-socioculturales-con-las-infancias\/","og_locale":"es_ES","og_type":"article","og_title":"Se realiz\u00f3 el taller \u00abEl teatro de t\u00edteres como recurso expresivo en propuestas socioculturales con las infancias\u00bb - Secretar\u00eda de Extensi\u00f3n","og_description":"El pasado 14 de agosto, la Secretar\u00eda de Extensi\u00f3n de la FFyH, en articulaci\u00f3n con la c\u00e1tedra de Ense\u00f1anza de","og_url":"https:\/\/ffyh.unc.edu.ar\/extension\/2026\/08\/25\/taller-el-teatro-de-titeres-como-recurso-expresivo-en-propuestas-socioculturales-con-las-infancias\/","og_site_name":"Secretar\u00eda de Extensi\u00f3n","article_publisher":"https:\/\/www.facebook.com\/extensionffyh","article_published_time":"2026-08-25T15:10:51+00:00","article_modified_time":"2026-08-25T15:13:47+00:00","og_image":[{"width":800,"height":445,"url":"http:\/\/ffyh.unc.edu.ar\/extension\/wp-content\/uploads\/sites\/2\/2026\/08\/01.jpg","type":"image\/jpeg"}],"author":"extension","twitter_card":"summary_large_image","twitter_misc":{"Escrito por":false,"Tiempo de lectura":"1 minuto"},"schema":{"@context":"https:\/\/schema.org","@graph":[{"@type":"Article","@id":"https:\/\/ffyh.unc.edu.ar\/extension\/2026\/08\/25\/taller-el-teatro-de-titeres-como-recurso-expresivo-en-propuestas-socioculturales-con-las-infancias\/#article","isPartOf":{"@id":"https:\/\/ffyh.unc.edu.ar\/extension\/2026\/08\/25\/taller-el-teatro-de-titeres-como-recurso-expresivo-en-propuestas-socioculturales-con-las-infancias\/"},"author":{"name":"extension","@id":"https:\/\/ffyh.unc.edu.ar\/extension\/#\/schema\/person\/c429cdff3a192a7081944182246c3689"},"headline":"Se realiz\u00f3 el taller \u00abEl teatro de t\u00edteres como recurso expresivo en propuestas socioculturales con las infancias\u00bb","datePublished":"2026-08-25T15:10:51+00:00","dateModified":"2026-08-25T15:13:47+00:00","mainEntityOfPage":{"@id":"https:\/\/ffyh.unc.edu.ar\/extension\/2026\/08\/25\/taller-el-teatro-de-titeres-como-recurso-expresivo-en-propuestas-socioculturales-con-las-infancias\/"},"wordCount":312,"publisher":{"@id":"https:\/\/ffyh.unc.edu.ar\/extension\/#organization"},"image":{"@id":"https:\/\/ffyh.unc.edu.ar\/extension\/2026\/08\/25\/taller-el-teatro-de-titeres-como-recurso-expresivo-en-propuestas-socioculturales-con-las-infancias\/#primaryimage"},"thumbnailUrl":"https:\/\/ffyh.unc.edu.ar\/extension\/wp-content\/uploads\/sites\/2\/2026\/08\/01.jpg","articleSection":["Noticias"],"inLanguage":"es"},{"@type":"WebPage","@id":"https:\/\/ffyh.unc.edu.ar\/extension\/2026\/08\/25\/taller-el-teatro-de-titeres-como-recurso-expresivo-en-propuestas-socioculturales-con-las-infancias\/","url":"https:\/\/ffyh.unc.edu.ar\/extension\/2026\/08\/25\/taller-el-teatro-de-titeres-como-recurso-expresivo-en-propuestas-socioculturales-con-las-infancias\/","name":"Se realiz\u00f3 el taller \u00abEl teatro de t\u00edteres como recurso expresivo en propuestas socioculturales con las infancias\u00bb - Secretar\u00eda de Extensi\u00f3n","isPartOf":{"@id":"https:\/\/ffyh.unc.edu.ar\/extension\/#website"},"primaryImageOfPage":{"@id":"https:\/\/ffyh.unc.edu.ar\/extension\/2026\/08\/25\/taller-el-teatro-de-titeres-como-recurso-expresivo-en-propuestas-socioculturales-con-las-infancias\/#primaryimage"},"image":{"@id":"https:\/\/ffyh.unc.edu.ar\/extension\/2026\/08\/25\/taller-el-teatro-de-titeres-como-recurso-expresivo-en-propuestas-socioculturales-con-las-infancias\/#primaryimage"},"thumbnailUrl":"https:\/\/ffyh.unc.edu.ar\/extension\/wp-content\/uploads\/sites\/2\/2026\/08\/01.jpg","datePublished":"2026-08-25T15:10:51+00:00","dateModified":"2026-08-25T15:13:47+00:00","breadcrumb":{"@id":"https:\/\/ffyh.unc.edu.ar\/extension\/2026\/08\/25\/taller-el-teatro-de-titeres-como-recurso-expresivo-en-propuestas-socioculturales-con-las-infancias\/#breadcrumb"},"inLanguage":"es","potentialAction":[{"@type":"ReadAction","target":["https:\/\/ffyh.unc.edu.ar\/extension\/2026\/08\/25\/taller-el-teatro-de-titeres-como-recurso-expresivo-en-propuestas-socioculturales-con-las-infancias\/"]}]},{"@type":"ImageObject","inLanguage":"es","@id":"https:\/\/ffyh.unc.edu.ar\/extension\/2026\/08\/25\/taller-el-teatro-de-titeres-como-recurso-expresivo-en-propuestas-socioculturales-con-las-infancias\/#primaryimage","url":"https:\/\/ffyh.unc.edu.ar\/extension\/wp-content\/uploads\/sites\/2\/2026\/08\/01.jpg","contentUrl":"https:\/\/ffyh.unc.edu.ar\/extension\/wp-content\/uploads\/sites\/2\/2026\/08\/01.jpg","width":800,"height":445},{"@type":"BreadcrumbList","@id":"https:\/\/ffyh.unc.edu.ar\/extension\/2026\/08\/25\/taller-el-teatro-de-titeres-como-recurso-expresivo-en-propuestas-socioculturales-con-las-infancias\/#breadcrumb","itemListElement":[{"@type":"ListItem","position":1,"name":"Portada","item":"https:\/\/ffyh.unc.edu.ar\/extension\/"},{"@type":"ListItem","position":2,"name":"Se realiz\u00f3 el taller \u00abEl teatro de t\u00edteres como recurso expresivo en propuestas socioculturales con las infancias\u00bb"}]},{"@type":"WebSite","@id":"https:\/\/ffyh.unc.edu.ar\/extension\/#website","url":"https:\/\/ffyh.unc.edu.ar\/extension\/","name":"Secretar\u00eda de Extensi\u00f3n","description":"Facultad de Filosof\u00eda y Humanidades - Universidad Nacional de C\u00f3rdoba","publisher":{"@id":"https:\/\/ffyh.unc.edu.ar\/extension\/#organization"},"potentialAction":[{"@type":"SearchAction","target":{"@type":"EntryPoint","urlTemplate":"https:\/\/ffyh.unc.edu.ar\/extension\/?s={search_term_string}"},"query-input":{"@type":"PropertyValueSpecification","valueRequired":true,"valueName":"search_term_string"}}],"inLanguage":"es"},{"@type":"Organization","@id":"https:\/\/ffyh.unc.edu.ar\/extension\/#organization","name":"Secretar\u00eda de Extensi\u00f3n - Facultad de Filosof\u00eda y Humanidades - Universidad Nacional de C\u00f3rdoba","url":"https:\/\/ffyh.unc.edu.ar\/extension\/","logo":{"@type":"ImageObject","inLanguage":"es","@id":"https:\/\/ffyh.unc.edu.ar\/extension\/#\/schema\/logo\/image\/","url":"https:\/\/ffyh.unc.edu.ar\/extension\/wp-content\/uploads\/sites\/2\/2018\/08\/logo-extension-chico.jpg","contentUrl":"https:\/\/ffyh.unc.edu.ar\/extension\/wp-content\/uploads\/sites\/2\/2018\/08\/logo-extension-chico.jpg","width":314,"height":119,"caption":"Secretar\u00eda de Extensi\u00f3n - Facultad de Filosof\u00eda y Humanidades - Universidad Nacional de C\u00f3rdoba"},"image":{"@id":"https:\/\/ffyh.unc.edu.ar\/extension\/#\/schema\/logo\/image\/"},"sameAs":["https:\/\/www.facebook.com\/extensionffyh","https:\/\/www.instagram.com\/extensionffyh\/","https:\/\/www.youtube.com\/channel\/UCTgN4nvMQE7ktBcgujEI-EA"]},{"@type":"Person","@id":"https:\/\/ffyh.unc.edu.ar\/extension\/#\/schema\/person\/c429cdff3a192a7081944182246c3689","name":"extension","url":"https:\/\/ffyh.unc.edu.ar\/extension\/author\/extension\/"}]}},"jetpack_featured_media_url":"https:\/\/ffyh.unc.edu.ar\/extension\/wp-content\/uploads\/sites\/2\/2026\/08\/01.jpg","_links":{"self":[{"href":"https:\/\/ffyh.unc.edu.ar\/extension\/wp-json\/wp\/v2\/posts\/10647","targetHints":{"allow":["GET"]}}],"collection":[{"href":"https:\/\/ffyh.unc.edu.ar\/extension\/wp-json\/wp\/v2\/posts"}],"about":[{"href":"https:\/\/ffyh.unc.edu.ar\/extension\/wp-json\/wp\/v2\/types\/post"}],"author":[{"embeddable":true,"href":"https:\/\/ffyh.unc.edu.ar\/extension\/wp-json\/wp\/v2\/users\/3"}],"replies":[{"embeddable":true,"href":"https:\/\/ffyh.unc.edu.ar\/extension\/wp-json\/wp\/v2\/comments?post=10647"}],"version-history":[{"count":3,"href":"https:\/\/ffyh.unc.edu.ar\/extension\/wp-json\/wp\/v2\/posts\/10647\/revisions"}],"predecessor-version":[{"id":10661,"href":"https:\/\/ffyh.unc.edu.ar\/extension\/wp-json\/wp\/v2\/posts\/10647\/revisions\/10661"}],"wp:featuredmedia":[{"embeddable":true,"href":"https:\/\/ffyh.unc.edu.ar\/extension\/wp-json\/wp\/v2\/media\/10654"}],"wp:attachment":[{"href":"https:\/\/ffyh.unc.edu.ar\/extension\/wp-json\/wp\/v2\/media?parent=10647"}],"wp:term":[{"taxonomy":"category","embeddable":true,"href":"https:\/\/ffyh.unc.edu.ar\/extension\/wp-json\/wp\/v2\/categories?post=10647"},{"taxonomy":"post_tag","embeddable":true,"href":"https:\/\/ffyh.unc.edu.ar\/extension\/wp-json\/wp\/v2\/tags?post=10647"}],"curies":[{"name":"wp","href":"https:\/\/api.w.org\/{rel}","templated":true}]}}