{"id":10665,"date":"2026-08-26T13:03:48","date_gmt":"2026-08-26T13:03:48","guid":{"rendered":"https:\/\/ffyh.unc.edu.ar\/extension\/?p=10665"},"modified":"2026-08-26T13:04:43","modified_gmt":"2026-08-26T13:04:43","slug":"descubri-filo-y-humanidades","status":"publish","type":"post","link":"https:\/\/ffyh.unc.edu.ar\/extension\/2026\/08\/26\/descubri-filo-y-humanidades\/","title":{"rendered":"Descubr\u00ed Filo y Humanidades: la universidad p\u00fablica como horizonte \u2013 Acredita CSE"},"content":{"rendered":"<p><em>\u201cDescubr\u00ed Filo y Humanidades\u201d es un proyecto de Compromiso Social Estudiantil (CSE) orientado a promover el derecho a la educaci\u00f3n superior y fortalecer el v\u00ednculo entre la Facultad y las escuelas secundarias de C\u00f3rdoba. La propuesta busca generar espacios de encuentro, intercambio y construcci\u00f3n colectiva entre estudiantes de ambos niveles. Las preinscripciones est\u00e1n abiertas hasta el 30 de agosto.<\/em><\/p>\n<p><!--more--><\/p>\n<p>\u201cDescubr\u00ed Filo y Humanidades\u201d es un proyecto de CSE que nace de la Secretar\u00eda de Asuntos Estudiantiles (SAE) en articulaci\u00f3n con la Secretar\u00eda de Extensi\u00f3n de la FFyH. Busca promover el derecho a la educaci\u00f3n superior y fortalecer el v\u00ednculo entre la Facultad con las escuelas secundarias de la provincia de C\u00f3rdoba. La propuesta parte de una idea central: para poder elegir una carrera y proyectar una trayectoria universitaria, primero es necesario conocer que esa posibilidad existe, qu\u00e9 ofrece la Universidad P\u00fablica y c\u00f3mo es la vida universitaria.<\/p>\n<p>La extensi\u00f3n universitaria constituye una dimensi\u00f3n fundamental de la Universidad P\u00fablica, en tanto permite fortalecer los v\u00ednculos entre la comunidad universitaria y los distintos espacios sociales de los que forma parte. Desde esta perspectiva, extender no significa \u201cllevar\u201d conocimientos desde la Universidad hacia otros territorios, sino construir espacios de encuentro, intercambio y producci\u00f3n colectiva de saberes. \u201cDescubr\u00ed Filo y Humanidades\u201d se inscribe en esta perspectiva, buscando fortalecer el v\u00ednculo entre la Facultad y las escuelas secundarias y generar instancias en las que estudiantes de ambos niveles puedan reconocerse como protagonistas de un proceso de construcci\u00f3n conjunta.<\/p>\n<p>En este contexto, el desaf\u00edo no consiste \u00fanicamente en aumentar la matr\u00edcula, sino tambi\u00e9n en preguntarnos\u00a0<strong>c\u00f3mo acercar nuevamente las humanidades a las nuevas generaciones y c\u00f3mo hacer visible aquello que la formaci\u00f3n human\u00edstica puede aportar a sus vidas y a la sociedad.<\/strong>\u00a0Este proyecto parte de la necesidad de generar espacios de encuentro con estudiantes secundarios que permitan detenerse, observar el mundo y descubrir que las humanidades ofrecen herramientas para comprenderlo, interrogarlo, transformarlo y crear nuevos sentidos; haciendo \u00e9nfasis en los intereses, en las trayectorias y los modos de vincularse con la educaci\u00f3n superior desde les estudiantes de ambos niveles.<\/p>\n<p><strong>El proyecto propone generar espacios de encuentro e intercambio entre estudiantes universitarios y j\u00f3venes de los \u00faltimos a\u00f1os de la escuela secundaria, inicialmente junto al IPEM 268 \u201cDean Funes\u201d y, progresivamente, con otras instituciones educativas, barrios y espacios comunitarios de la ciudad de C\u00f3rdoba.<\/strong><\/p>\n<p>A partir de la participaci\u00f3n en la\u00a0<em>Muestra de Carreras de la UNC, se trabajar\u00e1 con les estudiantes secundarios para recuperar sus preguntas, intereses, expectativas y experiencias en torno a la continuidad de los estudios. Luego, de manera colaborativa con estudiantes de la Facultad, se crear\u00e1n cartillas, videos, juegos y otros recursos para acercar informaci\u00f3n sobre la Universidad P\u00fablica, la Facultad, sus carreras y la experiencia de estudiar en ella.<\/em><\/p>\n<p>Estos materiales ser\u00e1n posteriormente compartidos en diferentes escuelas, jornadas, actividades barriales y espacios de la Facultad, construyendo una propuesta que no se limite a transmitir informaci\u00f3n institucional, sino que permita que les propios estudiantes universitarios y secundarios sean protagonistas de la construcci\u00f3n de nuevas formas de acercarse a la Universidad.<\/p>\n<p>El proyecto busca as\u00ed construir un di\u00e1logo de saberes entre la escuela secundaria y la universidad, reconociendo las experiencias y conocimientos de quienes transitan ambos espacios. Se propone fortalecer una presencia m\u00e1s sostenida de la Facultad en las escuelas y ampliar las posibilidades de que les j\u00f3venes conozcan las Humanidades como un campo de formaci\u00f3n, pensamiento, creaci\u00f3n y participaci\u00f3n.<\/p>\n<p><strong>Descubr\u00ed Filo y Humanidades invita a pensar la Universidad P\u00fablica no como un destino lejano o reservado para algunes pocos, sino como un derecho y una posibilidad concreta para construir futuros, comprender el mundo y transformarlo.<\/strong><\/p>\n<p>Consultas:\u00a0<a href=\"mailto:saefilo@ffyh.unc.edu.ar\">saefilo@ffyh.unc.edu.ar<\/a><\/p>\n<blockquote><p><a href=\"https:\/\/docs.google.com\/forms\/d\/e\/1FAIpQLSf5QlapIQiOCHpIrP-_fpxLt-7nC53rEN0weMgKXEy9dUKCjA\/viewform\"><strong>\u00a1PREINSCRIPCIONES AC\u00c1 HASTA EL 30 DE AGOSTO!<\/strong><\/a><\/p><\/blockquote>\n","protected":false},"excerpt":{"rendered":"<p>\u201cDescubr\u00ed Filo y Humanidades\u201d es un proyecto de Compromiso Social Estudiantil (CSE) orientado a promover el derecho a la educaci\u00f3n<\/p>\n","protected":false},"author":3,"featured_media":10666,"comment_status":"closed","ping_status":"closed","sticky":false,"template":"","format":"standard","meta":{"_acf_changed":false,"colormag_page_container_layout":"default_layout","colormag_page_sidebar_layout":"default_layout","footnotes":""},"categories":[72,17,12],"tags":[],"class_list":["post-10665","post","type-post","status-publish","format-standard","has-post-thumbnail","hentry","category-compromiso-social-estudiantil","category-convocatorias","category-noticias"],"acf":[],"yoast_head":"<!-- This site is optimized with the Yoast SEO plugin v27.1.1 - https:\/\/yoast.com\/product\/yoast-seo-wordpress\/ -->\n<title>Descubr\u00ed Filo y Humanidades: la universidad p\u00fablica como horizonte \u2013 Acredita CSE - Secretar\u00eda de Extensi\u00f3n<\/title>\n<meta name=\"robots\" content=\"index, follow, max-snippet:-1, max-image-preview:large, max-video-preview:-1\" \/>\n<link rel=\"canonical\" href=\"https:\/\/ffyh.unc.edu.ar\/extension\/2026\/08\/26\/descubri-filo-y-humanidades\/\" \/>\n<meta property=\"og:locale\" content=\"es_ES\" \/>\n<meta property=\"og:type\" content=\"article\" \/>\n<meta property=\"og:title\" content=\"Descubr\u00ed Filo y Humanidades: la universidad p\u00fablica como horizonte \u2013 Acredita CSE - Secretar\u00eda de Extensi\u00f3n\" \/>\n<meta property=\"og:description\" content=\"\u201cDescubr\u00ed Filo y Humanidades\u201d es un proyecto de Compromiso Social Estudiantil (CSE) orientado a promover el derecho a la educaci\u00f3n\" \/>\n<meta property=\"og:url\" content=\"https:\/\/ffyh.unc.edu.ar\/extension\/2026\/08\/26\/descubri-filo-y-humanidades\/\" \/>\n<meta property=\"og:site_name\" content=\"Secretar\u00eda de Extensi\u00f3n\" \/>\n<meta property=\"article:publisher\" content=\"https:\/\/www.facebook.com\/extensionffyh\" \/>\n<meta property=\"article:published_time\" content=\"2026-08-26T13:03:48+00:00\" \/>\n<meta property=\"article:modified_time\" content=\"2026-08-26T13:04:43+00:00\" \/>\n<meta property=\"og:image\" content=\"http:\/\/ffyh.unc.edu.ar\/extension\/wp-content\/uploads\/sites\/2\/2026\/08\/Diseno-sin-titulo-19-800x445-1.png\" \/>\n\t<meta property=\"og:image:width\" content=\"800\" \/>\n\t<meta property=\"og:image:height\" content=\"445\" \/>\n\t<meta property=\"og:image:type\" content=\"image\/png\" \/>\n<meta name=\"author\" content=\"extension\" \/>\n<meta name=\"twitter:card\" content=\"summary_large_image\" \/>\n<meta name=\"twitter:label1\" content=\"Escrito por\" \/>\n\t<meta name=\"twitter:data1\" content=\"\" \/>\n\t<meta name=\"twitter:label2\" content=\"Tiempo de lectura\" \/>\n\t<meta name=\"twitter:data2\" content=\"3 minutos\" \/>\n<script type=\"application\/ld+json\" class=\"yoast-schema-graph\">{\"@context\":\"https:\/\/schema.org\",\"@graph\":[{\"@type\":\"Article\",\"@id\":\"https:\/\/ffyh.unc.edu.ar\/extension\/2026\/08\/26\/descubri-filo-y-humanidades\/#article\",\"isPartOf\":{\"@id\":\"https:\/\/ffyh.unc.edu.ar\/extension\/2026\/08\/26\/descubri-filo-y-humanidades\/\"},\"author\":{\"name\":\"extension\",\"@id\":\"https:\/\/ffyh.unc.edu.ar\/extension\/#\/schema\/person\/c429cdff3a192a7081944182246c3689\"},\"headline\":\"Descubr\u00ed Filo y Humanidades: la universidad p\u00fablica como horizonte \u2013 Acredita CSE\",\"datePublished\":\"2026-08-26T13:03:48+00:00\",\"dateModified\":\"2026-08-26T13:04:43+00:00\",\"mainEntityOfPage\":{\"@id\":\"https:\/\/ffyh.unc.edu.ar\/extension\/2026\/08\/26\/descubri-filo-y-humanidades\/\"},\"wordCount\":671,\"publisher\":{\"@id\":\"https:\/\/ffyh.unc.edu.ar\/extension\/#organization\"},\"image\":{\"@id\":\"https:\/\/ffyh.unc.edu.ar\/extension\/2026\/08\/26\/descubri-filo-y-humanidades\/#primaryimage\"},\"thumbnailUrl\":\"https:\/\/ffyh.unc.edu.ar\/extension\/wp-content\/uploads\/sites\/2\/2026\/08\/Diseno-sin-titulo-19-800x445-1.png\",\"articleSection\":[\"Compromiso Social Estudiantil\",\"Convocatorias\",\"Noticias\"],\"inLanguage\":\"es\"},{\"@type\":\"WebPage\",\"@id\":\"https:\/\/ffyh.unc.edu.ar\/extension\/2026\/08\/26\/descubri-filo-y-humanidades\/\",\"url\":\"https:\/\/ffyh.unc.edu.ar\/extension\/2026\/08\/26\/descubri-filo-y-humanidades\/\",\"name\":\"Descubr\u00ed Filo y Humanidades: la universidad p\u00fablica como horizonte \u2013 Acredita CSE - Secretar\u00eda de Extensi\u00f3n\",\"isPartOf\":{\"@id\":\"https:\/\/ffyh.unc.edu.ar\/extension\/#website\"},\"primaryImageOfPage\":{\"@id\":\"https:\/\/ffyh.unc.edu.ar\/extension\/2026\/08\/26\/descubri-filo-y-humanidades\/#primaryimage\"},\"image\":{\"@id\":\"https:\/\/ffyh.unc.edu.ar\/extension\/2026\/08\/26\/descubri-filo-y-humanidades\/#primaryimage\"},\"thumbnailUrl\":\"https:\/\/ffyh.unc.edu.ar\/extension\/wp-content\/uploads\/sites\/2\/2026\/08\/Diseno-sin-titulo-19-800x445-1.png\",\"datePublished\":\"2026-08-26T13:03:48+00:00\",\"dateModified\":\"2026-08-26T13:04:43+00:00\",\"breadcrumb\":{\"@id\":\"https:\/\/ffyh.unc.edu.ar\/extension\/2026\/08\/26\/descubri-filo-y-humanidades\/#breadcrumb\"},\"inLanguage\":\"es\",\"potentialAction\":[{\"@type\":\"ReadAction\",\"target\":[\"https:\/\/ffyh.unc.edu.ar\/extension\/2026\/08\/26\/descubri-filo-y-humanidades\/\"]}]},{\"@type\":\"ImageObject\",\"inLanguage\":\"es\",\"@id\":\"https:\/\/ffyh.unc.edu.ar\/extension\/2026\/08\/26\/descubri-filo-y-humanidades\/#primaryimage\",\"url\":\"https:\/\/ffyh.unc.edu.ar\/extension\/wp-content\/uploads\/sites\/2\/2026\/08\/Diseno-sin-titulo-19-800x445-1.png\",\"contentUrl\":\"https:\/\/ffyh.unc.edu.ar\/extension\/wp-content\/uploads\/sites\/2\/2026\/08\/Diseno-sin-titulo-19-800x445-1.png\",\"width\":800,\"height\":445},{\"@type\":\"BreadcrumbList\",\"@id\":\"https:\/\/ffyh.unc.edu.ar\/extension\/2026\/08\/26\/descubri-filo-y-humanidades\/#breadcrumb\",\"itemListElement\":[{\"@type\":\"ListItem\",\"position\":1,\"name\":\"Portada\",\"item\":\"https:\/\/ffyh.unc.edu.ar\/extension\/\"},{\"@type\":\"ListItem\",\"position\":2,\"name\":\"Descubr\u00ed Filo y Humanidades: la universidad p\u00fablica como horizonte \u2013 Acredita CSE\"}]},{\"@type\":\"WebSite\",\"@id\":\"https:\/\/ffyh.unc.edu.ar\/extension\/#website\",\"url\":\"https:\/\/ffyh.unc.edu.ar\/extension\/\",\"name\":\"Secretar\u00eda de Extensi\u00f3n\",\"description\":\"Facultad de Filosof\u00eda y Humanidades - Universidad Nacional de C\u00f3rdoba\",\"publisher\":{\"@id\":\"https:\/\/ffyh.unc.edu.ar\/extension\/#organization\"},\"potentialAction\":[{\"@type\":\"SearchAction\",\"target\":{\"@type\":\"EntryPoint\",\"urlTemplate\":\"https:\/\/ffyh.unc.edu.ar\/extension\/?s={search_term_string}\"},\"query-input\":{\"@type\":\"PropertyValueSpecification\",\"valueRequired\":true,\"valueName\":\"search_term_string\"}}],\"inLanguage\":\"es\"},{\"@type\":\"Organization\",\"@id\":\"https:\/\/ffyh.unc.edu.ar\/extension\/#organization\",\"name\":\"Secretar\u00eda de Extensi\u00f3n - Facultad de Filosof\u00eda y Humanidades - Universidad Nacional de C\u00f3rdoba\",\"url\":\"https:\/\/ffyh.unc.edu.ar\/extension\/\",\"logo\":{\"@type\":\"ImageObject\",\"inLanguage\":\"es\",\"@id\":\"https:\/\/ffyh.unc.edu.ar\/extension\/#\/schema\/logo\/image\/\",\"url\":\"https:\/\/ffyh.unc.edu.ar\/extension\/wp-content\/uploads\/sites\/2\/2018\/08\/logo-extension-chico.jpg\",\"contentUrl\":\"https:\/\/ffyh.unc.edu.ar\/extension\/wp-content\/uploads\/sites\/2\/2018\/08\/logo-extension-chico.jpg\",\"width\":314,\"height\":119,\"caption\":\"Secretar\u00eda de Extensi\u00f3n - Facultad de Filosof\u00eda y Humanidades - Universidad Nacional de C\u00f3rdoba\"},\"image\":{\"@id\":\"https:\/\/ffyh.unc.edu.ar\/extension\/#\/schema\/logo\/image\/\"},\"sameAs\":[\"https:\/\/www.facebook.com\/extensionffyh\",\"https:\/\/www.instagram.com\/extensionffyh\/\",\"https:\/\/www.youtube.com\/channel\/UCTgN4nvMQE7ktBcgujEI-EA\"]},{\"@type\":\"Person\",\"@id\":\"https:\/\/ffyh.unc.edu.ar\/extension\/#\/schema\/person\/c429cdff3a192a7081944182246c3689\",\"name\":\"extension\",\"url\":\"https:\/\/ffyh.unc.edu.ar\/extension\/author\/extension\/\"}]}<\/script>\n<!-- \/ Yoast SEO plugin. -->","yoast_head_json":{"title":"Descubr\u00ed Filo y Humanidades: la universidad p\u00fablica como horizonte \u2013 Acredita CSE - Secretar\u00eda de Extensi\u00f3n","robots":{"index":"index","follow":"follow","max-snippet":"max-snippet:-1","max-image-preview":"max-image-preview:large","max-video-preview":"max-video-preview:-1"},"canonical":"https:\/\/ffyh.unc.edu.ar\/extension\/2026\/08\/26\/descubri-filo-y-humanidades\/","og_locale":"es_ES","og_type":"article","og_title":"Descubr\u00ed Filo y Humanidades: la universidad p\u00fablica como horizonte \u2013 Acredita CSE - Secretar\u00eda de Extensi\u00f3n","og_description":"\u201cDescubr\u00ed Filo y Humanidades\u201d es un proyecto de Compromiso Social Estudiantil (CSE) orientado a promover el derecho a la educaci\u00f3n","og_url":"https:\/\/ffyh.unc.edu.ar\/extension\/2026\/08\/26\/descubri-filo-y-humanidades\/","og_site_name":"Secretar\u00eda de Extensi\u00f3n","article_publisher":"https:\/\/www.facebook.com\/extensionffyh","article_published_time":"2026-08-26T13:03:48+00:00","article_modified_time":"2026-08-26T13:04:43+00:00","og_image":[{"width":800,"height":445,"url":"http:\/\/ffyh.unc.edu.ar\/extension\/wp-content\/uploads\/sites\/2\/2026\/08\/Diseno-sin-titulo-19-800x445-1.png","type":"image\/png"}],"author":"extension","twitter_card":"summary_large_image","twitter_misc":{"Escrito por":false,"Tiempo de lectura":"3 minutos"},"schema":{"@context":"https:\/\/schema.org","@graph":[{"@type":"Article","@id":"https:\/\/ffyh.unc.edu.ar\/extension\/2026\/08\/26\/descubri-filo-y-humanidades\/#article","isPartOf":{"@id":"https:\/\/ffyh.unc.edu.ar\/extension\/2026\/08\/26\/descubri-filo-y-humanidades\/"},"author":{"name":"extension","@id":"https:\/\/ffyh.unc.edu.ar\/extension\/#\/schema\/person\/c429cdff3a192a7081944182246c3689"},"headline":"Descubr\u00ed Filo y Humanidades: la universidad p\u00fablica como horizonte \u2013 Acredita CSE","datePublished":"2026-08-26T13:03:48+00:00","dateModified":"2026-08-26T13:04:43+00:00","mainEntityOfPage":{"@id":"https:\/\/ffyh.unc.edu.ar\/extension\/2026\/08\/26\/descubri-filo-y-humanidades\/"},"wordCount":671,"publisher":{"@id":"https:\/\/ffyh.unc.edu.ar\/extension\/#organization"},"image":{"@id":"https:\/\/ffyh.unc.edu.ar\/extension\/2026\/08\/26\/descubri-filo-y-humanidades\/#primaryimage"},"thumbnailUrl":"https:\/\/ffyh.unc.edu.ar\/extension\/wp-content\/uploads\/sites\/2\/2026\/08\/Diseno-sin-titulo-19-800x445-1.png","articleSection":["Compromiso Social Estudiantil","Convocatorias","Noticias"],"inLanguage":"es"},{"@type":"WebPage","@id":"https:\/\/ffyh.unc.edu.ar\/extension\/2026\/08\/26\/descubri-filo-y-humanidades\/","url":"https:\/\/ffyh.unc.edu.ar\/extension\/2026\/08\/26\/descubri-filo-y-humanidades\/","name":"Descubr\u00ed Filo y Humanidades: la universidad p\u00fablica como horizonte \u2013 Acredita CSE - Secretar\u00eda de Extensi\u00f3n","isPartOf":{"@id":"https:\/\/ffyh.unc.edu.ar\/extension\/#website"},"primaryImageOfPage":{"@id":"https:\/\/ffyh.unc.edu.ar\/extension\/2026\/08\/26\/descubri-filo-y-humanidades\/#primaryimage"},"image":{"@id":"https:\/\/ffyh.unc.edu.ar\/extension\/2026\/08\/26\/descubri-filo-y-humanidades\/#primaryimage"},"thumbnailUrl":"https:\/\/ffyh.unc.edu.ar\/extension\/wp-content\/uploads\/sites\/2\/2026\/08\/Diseno-sin-titulo-19-800x445-1.png","datePublished":"2026-08-26T13:03:48+00:00","dateModified":"2026-08-26T13:04:43+00:00","breadcrumb":{"@id":"https:\/\/ffyh.unc.edu.ar\/extension\/2026\/08\/26\/descubri-filo-y-humanidades\/#breadcrumb"},"inLanguage":"es","potentialAction":[{"@type":"ReadAction","target":["https:\/\/ffyh.unc.edu.ar\/extension\/2026\/08\/26\/descubri-filo-y-humanidades\/"]}]},{"@type":"ImageObject","inLanguage":"es","@id":"https:\/\/ffyh.unc.edu.ar\/extension\/2026\/08\/26\/descubri-filo-y-humanidades\/#primaryimage","url":"https:\/\/ffyh.unc.edu.ar\/extension\/wp-content\/uploads\/sites\/2\/2026\/08\/Diseno-sin-titulo-19-800x445-1.png","contentUrl":"https:\/\/ffyh.unc.edu.ar\/extension\/wp-content\/uploads\/sites\/2\/2026\/08\/Diseno-sin-titulo-19-800x445-1.png","width":800,"height":445},{"@type":"BreadcrumbList","@id":"https:\/\/ffyh.unc.edu.ar\/extension\/2026\/08\/26\/descubri-filo-y-humanidades\/#breadcrumb","itemListElement":[{"@type":"ListItem","position":1,"name":"Portada","item":"https:\/\/ffyh.unc.edu.ar\/extension\/"},{"@type":"ListItem","position":2,"name":"Descubr\u00ed Filo y Humanidades: la universidad p\u00fablica como horizonte \u2013 Acredita CSE"}]},{"@type":"WebSite","@id":"https:\/\/ffyh.unc.edu.ar\/extension\/#website","url":"https:\/\/ffyh.unc.edu.ar\/extension\/","name":"Secretar\u00eda de Extensi\u00f3n","description":"Facultad de Filosof\u00eda y Humanidades - Universidad Nacional de C\u00f3rdoba","publisher":{"@id":"https:\/\/ffyh.unc.edu.ar\/extension\/#organization"},"potentialAction":[{"@type":"SearchAction","target":{"@type":"EntryPoint","urlTemplate":"https:\/\/ffyh.unc.edu.ar\/extension\/?s={search_term_string}"},"query-input":{"@type":"PropertyValueSpecification","valueRequired":true,"valueName":"search_term_string"}}],"inLanguage":"es"},{"@type":"Organization","@id":"https:\/\/ffyh.unc.edu.ar\/extension\/#organization","name":"Secretar\u00eda de Extensi\u00f3n - Facultad de Filosof\u00eda y Humanidades - Universidad Nacional de C\u00f3rdoba","url":"https:\/\/ffyh.unc.edu.ar\/extension\/","logo":{"@type":"ImageObject","inLanguage":"es","@id":"https:\/\/ffyh.unc.edu.ar\/extension\/#\/schema\/logo\/image\/","url":"https:\/\/ffyh.unc.edu.ar\/extension\/wp-content\/uploads\/sites\/2\/2018\/08\/logo-extension-chico.jpg","contentUrl":"https:\/\/ffyh.unc.edu.ar\/extension\/wp-content\/uploads\/sites\/2\/2018\/08\/logo-extension-chico.jpg","width":314,"height":119,"caption":"Secretar\u00eda de Extensi\u00f3n - Facultad de Filosof\u00eda y Humanidades - Universidad Nacional de C\u00f3rdoba"},"image":{"@id":"https:\/\/ffyh.unc.edu.ar\/extension\/#\/schema\/logo\/image\/"},"sameAs":["https:\/\/www.facebook.com\/extensionffyh","https:\/\/www.instagram.com\/extensionffyh\/","https:\/\/www.youtube.com\/channel\/UCTgN4nvMQE7ktBcgujEI-EA"]},{"@type":"Person","@id":"https:\/\/ffyh.unc.edu.ar\/extension\/#\/schema\/person\/c429cdff3a192a7081944182246c3689","name":"extension","url":"https:\/\/ffyh.unc.edu.ar\/extension\/author\/extension\/"}]}},"jetpack_featured_media_url":"https:\/\/ffyh.unc.edu.ar\/extension\/wp-content\/uploads\/sites\/2\/2026\/08\/Diseno-sin-titulo-19-800x445-1.png","_links":{"self":[{"href":"https:\/\/ffyh.unc.edu.ar\/extension\/wp-json\/wp\/v2\/posts\/10665","targetHints":{"allow":["GET"]}}],"collection":[{"href":"https:\/\/ffyh.unc.edu.ar\/extension\/wp-json\/wp\/v2\/posts"}],"about":[{"href":"https:\/\/ffyh.unc.edu.ar\/extension\/wp-json\/wp\/v2\/types\/post"}],"author":[{"embeddable":true,"href":"https:\/\/ffyh.unc.edu.ar\/extension\/wp-json\/wp\/v2\/users\/3"}],"replies":[{"embeddable":true,"href":"https:\/\/ffyh.unc.edu.ar\/extension\/wp-json\/wp\/v2\/comments?post=10665"}],"version-history":[{"count":1,"href":"https:\/\/ffyh.unc.edu.ar\/extension\/wp-json\/wp\/v2\/posts\/10665\/revisions"}],"predecessor-version":[{"id":10667,"href":"https:\/\/ffyh.unc.edu.ar\/extension\/wp-json\/wp\/v2\/posts\/10665\/revisions\/10667"}],"wp:featuredmedia":[{"embeddable":true,"href":"https:\/\/ffyh.unc.edu.ar\/extension\/wp-json\/wp\/v2\/media\/10666"}],"wp:attachment":[{"href":"https:\/\/ffyh.unc.edu.ar\/extension\/wp-json\/wp\/v2\/media?parent=10665"}],"wp:term":[{"taxonomy":"category","embeddable":true,"href":"https:\/\/ffyh.unc.edu.ar\/extension\/wp-json\/wp\/v2\/categories?post=10665"},{"taxonomy":"post_tag","embeddable":true,"href":"https:\/\/ffyh.unc.edu.ar\/extension\/wp-json\/wp\/v2\/tags?post=10665"}],"curies":[{"name":"wp","href":"https:\/\/api.w.org\/{rel}","templated":true}]}}