{"id":10679,"date":"2026-08-31T14:18:33","date_gmt":"2026-08-31T14:18:33","guid":{"rendered":"https:\/\/ffyh.unc.edu.ar\/extension\/?p=10679"},"modified":"2026-08-31T17:56:49","modified_gmt":"2026-08-31T17:56:49","slug":"filo-y-humanidades-en-la-muestra-de-carreras-unc-2026","status":"publish","type":"post","link":"https:\/\/ffyh.unc.edu.ar\/extension\/2026\/08\/31\/filo-y-humanidades-en-la-muestra-de-carreras-unc-2026\/","title":{"rendered":"Filo y Humanidades en la Muestra de Carreras UNC 2026"},"content":{"rendered":"<header class=\"entry-header\">\n<p class=\"entry-title\"><em>La Muestra de Carreras se realizar\u00e1 los d\u00edas martes 1, mi\u00e9rcoles 2 y jueves 3 de septiembre en Ciudad Universitaria. Esta destinada principalmente a quienes ingresar\u00e1n a la UNC en 2027 e incluye stands informativos, charlas con egresadas y egresados, talleres interactivos y visitas guiadas, adem\u00e1s de informaci\u00f3n sobre becas y acompa\u00f1amiento estudiantil.<\/em><\/p>\n<\/header>\n<p><!--more--><\/p>\n<div class=\"entry-content\">\n<p>La Facultad de Filosof\u00eda y Humanidades contar\u00e1 con un<strong>\u00a0stand<\/strong>\u00a0organizado por la Secretar\u00eda de Asuntos Estudiantiles, con la participaci\u00f3n de estudiantes voluntaries de las distintas carreras de la FFyH. La programaci\u00f3n tambi\u00e9n incluir\u00e1 di\u00e1logos con egresades, espacios de intercambio que permitir\u00e1n conocer la propuesta acad\u00e9mica de la Facultad a partir de sus experiencias y recorridos profesionales. Entrada libre y gratuita.<\/p>\n<h4><strong>\u00a1Agenda de actividades de la Facultad de Filosof\u00eda y Humanidades!<\/strong><\/h4>\n<p><strong>Martes 1 de septiembre<\/strong><\/p>\n<ul>\n<li><strong>Stand informativo de 9 a 20 hs | \u00a0Bv. de la Reforma<br \/>\n<\/strong>Estudiantes voluntaries junto a la SAE brindar\u00e1n informaci\u00f3n sobre la oferta acad\u00e9mica de la Facultad y la experiencia de estudiar en la FFyH y la UNC.<\/li>\n<li><strong>Di\u00e1logo con egresades | Pabell\u00f3n de los Reformistas<br \/>\n<\/strong>Un espacio organizado junto a la Prosecretar\u00eda de Graduades de la Facultad.<br \/>\n16:20 a 17:15 h (aula R 8) | LETRAS \u2013 ANTROPOLOG\u00cdA<br \/>\n17:45 a 18:30 h (aula R 8) | ARCHIVOLOG\u00cdA \u2013 BIBLIOTECOLOG\u00cdA<\/li>\n<li><strong>Visita Guiada | 17 h<\/strong><br \/>\nOrganizadas por la SAE, el Centro de Estudiantes y personal de los pabellones.<\/li>\n<li><strong>Pr\u00e1cticas de la profesi\u00f3n -\u00abLa expo de Filo y Humanidades\u00bb |\u00a0<\/strong>Inmediaciones del Pabell\u00f3n Venezuela y Auditorio Chavez.<br \/>\nJunto a escuelas y departamentos, profes del ingreso, el \u00e1rea de extensi\u00f3n y graduades se realizar\u00e1 una exposici\u00f3n con muestras, actividades did\u00e1cticas y experiencias que introduzcan a quienes participen en las diversas profesiones que ofrece nuestra Facultad.\u00a0<strong>Las actividades se desarrollaran de manera paralela y comenzar\u00e1n a las 10, hasta 18 h.\u00a0<\/strong><\/li>\n<\/ul>\n<blockquote><p><strong><a href=\"https:\/\/ffyh.unc.edu.ar\/sae\/practicas-de-la-profesion-la-feria-de-filo-y-humanidades-muestra-de-carreras-2026\/\">\u00a1Consult\u00e1 la\u00a0<\/a><a href=\"https:\/\/ffyh.unc.edu.ar\/sae\/practicas-de-la-profesion-la-feria-de-filo-y-humanidades-muestra-de-carreras-2026\/\">grilla<\/a><a href=\"https:\/\/ffyh.unc.edu.ar\/sae\/practicas-de-la-profesion-la-feria-de-filo-y-humanidades-muestra-de-carreras-2026\/\">\u00a0completa\u00a0 ac\u00e1!<\/a><\/strong><\/p><\/blockquote>\n<p><strong>Mi\u00e9rcoles 2\u00a0 de septiembre<\/strong><\/p>\n<ul>\n<li><strong>Stand informativo de 9 a 18 hs | \u00a0Bv. de la Reforma<br \/>\n<\/strong>Estudiantes voluntaries junto a la SAE brindar\u00e1n informaci\u00f3n sobre la oferta acad\u00e9mica de la Facultad y la experiencia de estudiar en la FFyH y la UNC.<\/li>\n<li><strong>Visita Guiada | 16 h<\/strong><br \/>\nOrganizadas por la SAE, el Centro de Estudiantes y personal de los pabellones.<\/li>\n<\/ul>\n<p><strong>Jueves 3 de septiembre<\/strong><\/p>\n<ul>\n<li><strong>Stand informativo de 9 a 18 hs | \u00a0Bv. de la Reforma<br \/>\n<\/strong>Estudiantes voluntaries junto a la SAE brindar\u00e1n informaci\u00f3n sobre la oferta acad\u00e9mica de la Facultad y la experiencia de estudiar en la FFyH y la UNC.<\/li>\n<li><strong>Di\u00e1logo con egresades | Pabell\u00f3n de los Reformistas<br \/>\n<\/strong>Un espacio organizado junto a la Prosecretar\u00eda de Graduades de la Facultad.<br \/>\n14 a 14:45 h\u00a0 (aula R 8) | FILOSOF\u00cdA \u2013 CIENCIAS DE LA EDUCACI\u00d3N<br \/>\n16:30 a 17:15 (aula R 8) | HISTORIA \u2013 GEOGRAF\u00cdA<\/li>\n<li><strong>Visita Guiada | 16 h<\/strong><br \/>\nOrganizadas por la SAE, el Centro de Estudiantes y personal de los pabellones.<\/li>\n<\/ul>\n<\/div>\n","protected":false},"excerpt":{"rendered":"<p>La Muestra de Carreras se realizar\u00e1 los d\u00edas martes 1, mi\u00e9rcoles 2 y jueves 3 de septiembre en Ciudad Universitaria.<\/p>\n","protected":false},"author":3,"featured_media":10680,"comment_status":"closed","ping_status":"closed","sticky":false,"template":"","format":"standard","meta":{"_acf_changed":false,"colormag_page_container_layout":"default_layout","colormag_page_sidebar_layout":"default_layout","footnotes":""},"categories":[12],"tags":[],"class_list":["post-10679","post","type-post","status-publish","format-standard","has-post-thumbnail","hentry","category-noticias"],"acf":[],"yoast_head":"<!-- This site is optimized with the Yoast SEO plugin v27.1.1 - https:\/\/yoast.com\/product\/yoast-seo-wordpress\/ -->\n<title>Filo y Humanidades en la Muestra de Carreras UNC 2026 - Secretar\u00eda de Extensi\u00f3n<\/title>\n<meta name=\"robots\" content=\"index, follow, max-snippet:-1, max-image-preview:large, max-video-preview:-1\" \/>\n<link rel=\"canonical\" href=\"https:\/\/ffyh.unc.edu.ar\/extension\/2026\/08\/31\/filo-y-humanidades-en-la-muestra-de-carreras-unc-2026\/\" \/>\n<meta property=\"og:locale\" content=\"es_ES\" \/>\n<meta property=\"og:type\" content=\"article\" \/>\n<meta property=\"og:title\" content=\"Filo y Humanidades en la Muestra de Carreras UNC 2026 - Secretar\u00eda de Extensi\u00f3n\" \/>\n<meta property=\"og:description\" content=\"La Muestra de Carreras se realizar\u00e1 los d\u00edas martes 1, mi\u00e9rcoles 2 y jueves 3 de septiembre en Ciudad Universitaria.\" \/>\n<meta property=\"og:url\" content=\"https:\/\/ffyh.unc.edu.ar\/extension\/2026\/08\/31\/filo-y-humanidades-en-la-muestra-de-carreras-unc-2026\/\" \/>\n<meta property=\"og:site_name\" content=\"Secretar\u00eda de Extensi\u00f3n\" \/>\n<meta property=\"article:publisher\" content=\"https:\/\/www.facebook.com\/extensionffyh\" \/>\n<meta property=\"article:published_time\" content=\"2026-08-31T14:18:33+00:00\" \/>\n<meta property=\"article:modified_time\" content=\"2026-08-31T17:56:49+00:00\" \/>\n<meta property=\"og:image\" content=\"http:\/\/ffyh.unc.edu.ar\/extension\/wp-content\/uploads\/sites\/2\/2026\/08\/Estuda-Filo-y-Humanidades-Muestra-de-Carreras-1-735x400-1.png\" \/>\n\t<meta property=\"og:image:width\" content=\"735\" \/>\n\t<meta property=\"og:image:height\" content=\"400\" \/>\n\t<meta property=\"og:image:type\" content=\"image\/png\" \/>\n<meta name=\"author\" content=\"extension\" \/>\n<meta name=\"twitter:card\" content=\"summary_large_image\" \/>\n<meta name=\"twitter:label1\" content=\"Escrito por\" \/>\n\t<meta name=\"twitter:data1\" content=\"\" \/>\n\t<meta name=\"twitter:label2\" content=\"Tiempo de lectura\" \/>\n\t<meta name=\"twitter:data2\" content=\"2 minutos\" \/>\n<script type=\"application\/ld+json\" class=\"yoast-schema-graph\">{\"@context\":\"https:\/\/schema.org\",\"@graph\":[{\"@type\":\"Article\",\"@id\":\"https:\/\/ffyh.unc.edu.ar\/extension\/2026\/08\/31\/filo-y-humanidades-en-la-muestra-de-carreras-unc-2026\/#article\",\"isPartOf\":{\"@id\":\"https:\/\/ffyh.unc.edu.ar\/extension\/2026\/08\/31\/filo-y-humanidades-en-la-muestra-de-carreras-unc-2026\/\"},\"author\":{\"name\":\"extension\",\"@id\":\"https:\/\/ffyh.unc.edu.ar\/extension\/#\/schema\/person\/c429cdff3a192a7081944182246c3689\"},\"headline\":\"Filo y Humanidades en la Muestra de Carreras UNC 2026\",\"datePublished\":\"2026-08-31T14:18:33+00:00\",\"dateModified\":\"2026-08-31T17:56:49+00:00\",\"mainEntityOfPage\":{\"@id\":\"https:\/\/ffyh.unc.edu.ar\/extension\/2026\/08\/31\/filo-y-humanidades-en-la-muestra-de-carreras-unc-2026\/\"},\"wordCount\":472,\"publisher\":{\"@id\":\"https:\/\/ffyh.unc.edu.ar\/extension\/#organization\"},\"image\":{\"@id\":\"https:\/\/ffyh.unc.edu.ar\/extension\/2026\/08\/31\/filo-y-humanidades-en-la-muestra-de-carreras-unc-2026\/#primaryimage\"},\"thumbnailUrl\":\"https:\/\/ffyh.unc.edu.ar\/extension\/wp-content\/uploads\/sites\/2\/2026\/08\/Estuda-Filo-y-Humanidades-Muestra-de-Carreras-1-735x400-1.png\",\"articleSection\":[\"Noticias\"],\"inLanguage\":\"es\"},{\"@type\":\"WebPage\",\"@id\":\"https:\/\/ffyh.unc.edu.ar\/extension\/2026\/08\/31\/filo-y-humanidades-en-la-muestra-de-carreras-unc-2026\/\",\"url\":\"https:\/\/ffyh.unc.edu.ar\/extension\/2026\/08\/31\/filo-y-humanidades-en-la-muestra-de-carreras-unc-2026\/\",\"name\":\"Filo y Humanidades en la Muestra de Carreras UNC 2026 - Secretar\u00eda de Extensi\u00f3n\",\"isPartOf\":{\"@id\":\"https:\/\/ffyh.unc.edu.ar\/extension\/#website\"},\"primaryImageOfPage\":{\"@id\":\"https:\/\/ffyh.unc.edu.ar\/extension\/2026\/08\/31\/filo-y-humanidades-en-la-muestra-de-carreras-unc-2026\/#primaryimage\"},\"image\":{\"@id\":\"https:\/\/ffyh.unc.edu.ar\/extension\/2026\/08\/31\/filo-y-humanidades-en-la-muestra-de-carreras-unc-2026\/#primaryimage\"},\"thumbnailUrl\":\"https:\/\/ffyh.unc.edu.ar\/extension\/wp-content\/uploads\/sites\/2\/2026\/08\/Estuda-Filo-y-Humanidades-Muestra-de-Carreras-1-735x400-1.png\",\"datePublished\":\"2026-08-31T14:18:33+00:00\",\"dateModified\":\"2026-08-31T17:56:49+00:00\",\"breadcrumb\":{\"@id\":\"https:\/\/ffyh.unc.edu.ar\/extension\/2026\/08\/31\/filo-y-humanidades-en-la-muestra-de-carreras-unc-2026\/#breadcrumb\"},\"inLanguage\":\"es\",\"potentialAction\":[{\"@type\":\"ReadAction\",\"target\":[\"https:\/\/ffyh.unc.edu.ar\/extension\/2026\/08\/31\/filo-y-humanidades-en-la-muestra-de-carreras-unc-2026\/\"]}]},{\"@type\":\"ImageObject\",\"inLanguage\":\"es\",\"@id\":\"https:\/\/ffyh.unc.edu.ar\/extension\/2026\/08\/31\/filo-y-humanidades-en-la-muestra-de-carreras-unc-2026\/#primaryimage\",\"url\":\"https:\/\/ffyh.unc.edu.ar\/extension\/wp-content\/uploads\/sites\/2\/2026\/08\/Estuda-Filo-y-Humanidades-Muestra-de-Carreras-1-735x400-1.png\",\"contentUrl\":\"https:\/\/ffyh.unc.edu.ar\/extension\/wp-content\/uploads\/sites\/2\/2026\/08\/Estuda-Filo-y-Humanidades-Muestra-de-Carreras-1-735x400-1.png\",\"width\":735,\"height\":400},{\"@type\":\"BreadcrumbList\",\"@id\":\"https:\/\/ffyh.unc.edu.ar\/extension\/2026\/08\/31\/filo-y-humanidades-en-la-muestra-de-carreras-unc-2026\/#breadcrumb\",\"itemListElement\":[{\"@type\":\"ListItem\",\"position\":1,\"name\":\"Portada\",\"item\":\"https:\/\/ffyh.unc.edu.ar\/extension\/\"},{\"@type\":\"ListItem\",\"position\":2,\"name\":\"Filo y Humanidades en la Muestra de Carreras UNC 2026\"}]},{\"@type\":\"WebSite\",\"@id\":\"https:\/\/ffyh.unc.edu.ar\/extension\/#website\",\"url\":\"https:\/\/ffyh.unc.edu.ar\/extension\/\",\"name\":\"Secretar\u00eda de Extensi\u00f3n\",\"description\":\"Facultad de Filosof\u00eda y Humanidades - Universidad Nacional de C\u00f3rdoba\",\"publisher\":{\"@id\":\"https:\/\/ffyh.unc.edu.ar\/extension\/#organization\"},\"potentialAction\":[{\"@type\":\"SearchAction\",\"target\":{\"@type\":\"EntryPoint\",\"urlTemplate\":\"https:\/\/ffyh.unc.edu.ar\/extension\/?s={search_term_string}\"},\"query-input\":{\"@type\":\"PropertyValueSpecification\",\"valueRequired\":true,\"valueName\":\"search_term_string\"}}],\"inLanguage\":\"es\"},{\"@type\":\"Organization\",\"@id\":\"https:\/\/ffyh.unc.edu.ar\/extension\/#organization\",\"name\":\"Secretar\u00eda de Extensi\u00f3n - Facultad de Filosof\u00eda y Humanidades - Universidad Nacional de C\u00f3rdoba\",\"url\":\"https:\/\/ffyh.unc.edu.ar\/extension\/\",\"logo\":{\"@type\":\"ImageObject\",\"inLanguage\":\"es\",\"@id\":\"https:\/\/ffyh.unc.edu.ar\/extension\/#\/schema\/logo\/image\/\",\"url\":\"https:\/\/ffyh.unc.edu.ar\/extension\/wp-content\/uploads\/sites\/2\/2018\/08\/logo-extension-chico.jpg\",\"contentUrl\":\"https:\/\/ffyh.unc.edu.ar\/extension\/wp-content\/uploads\/sites\/2\/2018\/08\/logo-extension-chico.jpg\",\"width\":314,\"height\":119,\"caption\":\"Secretar\u00eda de Extensi\u00f3n - Facultad de Filosof\u00eda y Humanidades - Universidad Nacional de C\u00f3rdoba\"},\"image\":{\"@id\":\"https:\/\/ffyh.unc.edu.ar\/extension\/#\/schema\/logo\/image\/\"},\"sameAs\":[\"https:\/\/www.facebook.com\/extensionffyh\",\"https:\/\/www.instagram.com\/extensionffyh\/\",\"https:\/\/www.youtube.com\/channel\/UCTgN4nvMQE7ktBcgujEI-EA\"]},{\"@type\":\"Person\",\"@id\":\"https:\/\/ffyh.unc.edu.ar\/extension\/#\/schema\/person\/c429cdff3a192a7081944182246c3689\",\"name\":\"extension\",\"url\":\"https:\/\/ffyh.unc.edu.ar\/extension\/author\/extension\/\"}]}<\/script>\n<!-- \/ Yoast SEO plugin. -->","yoast_head_json":{"title":"Filo y Humanidades en la Muestra de Carreras UNC 2026 - Secretar\u00eda de Extensi\u00f3n","robots":{"index":"index","follow":"follow","max-snippet":"max-snippet:-1","max-image-preview":"max-image-preview:large","max-video-preview":"max-video-preview:-1"},"canonical":"https:\/\/ffyh.unc.edu.ar\/extension\/2026\/08\/31\/filo-y-humanidades-en-la-muestra-de-carreras-unc-2026\/","og_locale":"es_ES","og_type":"article","og_title":"Filo y Humanidades en la Muestra de Carreras UNC 2026 - Secretar\u00eda de Extensi\u00f3n","og_description":"La Muestra de Carreras se realizar\u00e1 los d\u00edas martes 1, mi\u00e9rcoles 2 y jueves 3 de septiembre en Ciudad Universitaria.","og_url":"https:\/\/ffyh.unc.edu.ar\/extension\/2026\/08\/31\/filo-y-humanidades-en-la-muestra-de-carreras-unc-2026\/","og_site_name":"Secretar\u00eda de Extensi\u00f3n","article_publisher":"https:\/\/www.facebook.com\/extensionffyh","article_published_time":"2026-08-31T14:18:33+00:00","article_modified_time":"2026-08-31T17:56:49+00:00","og_image":[{"width":735,"height":400,"url":"http:\/\/ffyh.unc.edu.ar\/extension\/wp-content\/uploads\/sites\/2\/2026\/08\/Estuda-Filo-y-Humanidades-Muestra-de-Carreras-1-735x400-1.png","type":"image\/png"}],"author":"extension","twitter_card":"summary_large_image","twitter_misc":{"Escrito por":false,"Tiempo de lectura":"2 minutos"},"schema":{"@context":"https:\/\/schema.org","@graph":[{"@type":"Article","@id":"https:\/\/ffyh.unc.edu.ar\/extension\/2026\/08\/31\/filo-y-humanidades-en-la-muestra-de-carreras-unc-2026\/#article","isPartOf":{"@id":"https:\/\/ffyh.unc.edu.ar\/extension\/2026\/08\/31\/filo-y-humanidades-en-la-muestra-de-carreras-unc-2026\/"},"author":{"name":"extension","@id":"https:\/\/ffyh.unc.edu.ar\/extension\/#\/schema\/person\/c429cdff3a192a7081944182246c3689"},"headline":"Filo y Humanidades en la Muestra de Carreras UNC 2026","datePublished":"2026-08-31T14:18:33+00:00","dateModified":"2026-08-31T17:56:49+00:00","mainEntityOfPage":{"@id":"https:\/\/ffyh.unc.edu.ar\/extension\/2026\/08\/31\/filo-y-humanidades-en-la-muestra-de-carreras-unc-2026\/"},"wordCount":472,"publisher":{"@id":"https:\/\/ffyh.unc.edu.ar\/extension\/#organization"},"image":{"@id":"https:\/\/ffyh.unc.edu.ar\/extension\/2026\/08\/31\/filo-y-humanidades-en-la-muestra-de-carreras-unc-2026\/#primaryimage"},"thumbnailUrl":"https:\/\/ffyh.unc.edu.ar\/extension\/wp-content\/uploads\/sites\/2\/2026\/08\/Estuda-Filo-y-Humanidades-Muestra-de-Carreras-1-735x400-1.png","articleSection":["Noticias"],"inLanguage":"es"},{"@type":"WebPage","@id":"https:\/\/ffyh.unc.edu.ar\/extension\/2026\/08\/31\/filo-y-humanidades-en-la-muestra-de-carreras-unc-2026\/","url":"https:\/\/ffyh.unc.edu.ar\/extension\/2026\/08\/31\/filo-y-humanidades-en-la-muestra-de-carreras-unc-2026\/","name":"Filo y Humanidades en la Muestra de Carreras UNC 2026 - Secretar\u00eda de Extensi\u00f3n","isPartOf":{"@id":"https:\/\/ffyh.unc.edu.ar\/extension\/#website"},"primaryImageOfPage":{"@id":"https:\/\/ffyh.unc.edu.ar\/extension\/2026\/08\/31\/filo-y-humanidades-en-la-muestra-de-carreras-unc-2026\/#primaryimage"},"image":{"@id":"https:\/\/ffyh.unc.edu.ar\/extension\/2026\/08\/31\/filo-y-humanidades-en-la-muestra-de-carreras-unc-2026\/#primaryimage"},"thumbnailUrl":"https:\/\/ffyh.unc.edu.ar\/extension\/wp-content\/uploads\/sites\/2\/2026\/08\/Estuda-Filo-y-Humanidades-Muestra-de-Carreras-1-735x400-1.png","datePublished":"2026-08-31T14:18:33+00:00","dateModified":"2026-08-31T17:56:49+00:00","breadcrumb":{"@id":"https:\/\/ffyh.unc.edu.ar\/extension\/2026\/08\/31\/filo-y-humanidades-en-la-muestra-de-carreras-unc-2026\/#breadcrumb"},"inLanguage":"es","potentialAction":[{"@type":"ReadAction","target":["https:\/\/ffyh.unc.edu.ar\/extension\/2026\/08\/31\/filo-y-humanidades-en-la-muestra-de-carreras-unc-2026\/"]}]},{"@type":"ImageObject","inLanguage":"es","@id":"https:\/\/ffyh.unc.edu.ar\/extension\/2026\/08\/31\/filo-y-humanidades-en-la-muestra-de-carreras-unc-2026\/#primaryimage","url":"https:\/\/ffyh.unc.edu.ar\/extension\/wp-content\/uploads\/sites\/2\/2026\/08\/Estuda-Filo-y-Humanidades-Muestra-de-Carreras-1-735x400-1.png","contentUrl":"https:\/\/ffyh.unc.edu.ar\/extension\/wp-content\/uploads\/sites\/2\/2026\/08\/Estuda-Filo-y-Humanidades-Muestra-de-Carreras-1-735x400-1.png","width":735,"height":400},{"@type":"BreadcrumbList","@id":"https:\/\/ffyh.unc.edu.ar\/extension\/2026\/08\/31\/filo-y-humanidades-en-la-muestra-de-carreras-unc-2026\/#breadcrumb","itemListElement":[{"@type":"ListItem","position":1,"name":"Portada","item":"https:\/\/ffyh.unc.edu.ar\/extension\/"},{"@type":"ListItem","position":2,"name":"Filo y Humanidades en la Muestra de Carreras UNC 2026"}]},{"@type":"WebSite","@id":"https:\/\/ffyh.unc.edu.ar\/extension\/#website","url":"https:\/\/ffyh.unc.edu.ar\/extension\/","name":"Secretar\u00eda de Extensi\u00f3n","description":"Facultad de Filosof\u00eda y Humanidades - Universidad Nacional de C\u00f3rdoba","publisher":{"@id":"https:\/\/ffyh.unc.edu.ar\/extension\/#organization"},"potentialAction":[{"@type":"SearchAction","target":{"@type":"EntryPoint","urlTemplate":"https:\/\/ffyh.unc.edu.ar\/extension\/?s={search_term_string}"},"query-input":{"@type":"PropertyValueSpecification","valueRequired":true,"valueName":"search_term_string"}}],"inLanguage":"es"},{"@type":"Organization","@id":"https:\/\/ffyh.unc.edu.ar\/extension\/#organization","name":"Secretar\u00eda de Extensi\u00f3n - Facultad de Filosof\u00eda y Humanidades - Universidad Nacional de C\u00f3rdoba","url":"https:\/\/ffyh.unc.edu.ar\/extension\/","logo":{"@type":"ImageObject","inLanguage":"es","@id":"https:\/\/ffyh.unc.edu.ar\/extension\/#\/schema\/logo\/image\/","url":"https:\/\/ffyh.unc.edu.ar\/extension\/wp-content\/uploads\/sites\/2\/2018\/08\/logo-extension-chico.jpg","contentUrl":"https:\/\/ffyh.unc.edu.ar\/extension\/wp-content\/uploads\/sites\/2\/2018\/08\/logo-extension-chico.jpg","width":314,"height":119,"caption":"Secretar\u00eda de Extensi\u00f3n - Facultad de Filosof\u00eda y Humanidades - Universidad Nacional de C\u00f3rdoba"},"image":{"@id":"https:\/\/ffyh.unc.edu.ar\/extension\/#\/schema\/logo\/image\/"},"sameAs":["https:\/\/www.facebook.com\/extensionffyh","https:\/\/www.instagram.com\/extensionffyh\/","https:\/\/www.youtube.com\/channel\/UCTgN4nvMQE7ktBcgujEI-EA"]},{"@type":"Person","@id":"https:\/\/ffyh.unc.edu.ar\/extension\/#\/schema\/person\/c429cdff3a192a7081944182246c3689","name":"extension","url":"https:\/\/ffyh.unc.edu.ar\/extension\/author\/extension\/"}]}},"jetpack_featured_media_url":"https:\/\/ffyh.unc.edu.ar\/extension\/wp-content\/uploads\/sites\/2\/2026\/08\/Estuda-Filo-y-Humanidades-Muestra-de-Carreras-1-735x400-1.png","_links":{"self":[{"href":"https:\/\/ffyh.unc.edu.ar\/extension\/wp-json\/wp\/v2\/posts\/10679","targetHints":{"allow":["GET"]}}],"collection":[{"href":"https:\/\/ffyh.unc.edu.ar\/extension\/wp-json\/wp\/v2\/posts"}],"about":[{"href":"https:\/\/ffyh.unc.edu.ar\/extension\/wp-json\/wp\/v2\/types\/post"}],"author":[{"embeddable":true,"href":"https:\/\/ffyh.unc.edu.ar\/extension\/wp-json\/wp\/v2\/users\/3"}],"replies":[{"embeddable":true,"href":"https:\/\/ffyh.unc.edu.ar\/extension\/wp-json\/wp\/v2\/comments?post=10679"}],"version-history":[{"count":3,"href":"https:\/\/ffyh.unc.edu.ar\/extension\/wp-json\/wp\/v2\/posts\/10679\/revisions"}],"predecessor-version":[{"id":10683,"href":"https:\/\/ffyh.unc.edu.ar\/extension\/wp-json\/wp\/v2\/posts\/10679\/revisions\/10683"}],"wp:featuredmedia":[{"embeddable":true,"href":"https:\/\/ffyh.unc.edu.ar\/extension\/wp-json\/wp\/v2\/media\/10680"}],"wp:attachment":[{"href":"https:\/\/ffyh.unc.edu.ar\/extension\/wp-json\/wp\/v2\/media?parent=10679"}],"wp:term":[{"taxonomy":"category","embeddable":true,"href":"https:\/\/ffyh.unc.edu.ar\/extension\/wp-json\/wp\/v2\/categories?post=10679"},{"taxonomy":"post_tag","embeddable":true,"href":"https:\/\/ffyh.unc.edu.ar\/extension\/wp-json\/wp\/v2\/tags?post=10679"}],"curies":[{"name":"wp","href":"https:\/\/api.w.org\/{rel}","templated":true}]}}