{"id":1268,"date":"2014-08-02T10:51:55","date_gmt":"2014-08-02T13:51:55","guid":{"rendered":"http:\/\/www.ffyh.unc.edu.ar\/extension\/?p=1268"},"modified":"2014-08-02T10:51:55","modified_gmt":"2014-08-02T13:51:55","slug":"se-ponen-en-marcha-dos-nuevas-practicas-sociocomunitarias","status":"publish","type":"post","link":"https:\/\/ffyh.unc.edu.ar\/extension\/2014\/08\/02\/se-ponen-en-marcha-dos-nuevas-practicas-sociocomunitarias\/","title":{"rendered":"Se ponen en marcha dos nuevas pr\u00e1cticas sociocomunitarias"},"content":{"rendered":"<p><strong><a href=\"http:\/\/ffyh.unc.edu.ar\/extension\/wp-content\/uploads\/sites\/2\/2014\/08\/13.jpg\"><img loading=\"lazy\" decoding=\"async\" class=\"alignleft size-thumbnail wp-image-1269\" src=\"http:\/\/ffyh.unc.edu.ar\/extension\/wp-content\/uploads\/sites\/2\/2014\/08\/13-150x150.jpg\" alt=\"13\" width=\"150\" height=\"150\" \/><\/a>Ambas <\/strong><strong>se desarrollar\u00e1n este a\u00f1o en el interior de C\u00f3rdoba y se implementar\u00e1n dentro de la carrera de Ciencias de la Educaci\u00f3n y el Departamento de Geograf\u00eda de la FFyH de la UNC, en articulaci\u00f3n con distintas organizaciones e instituciones locales.<\/strong><\/p>\n<p><!--more--><\/p>\n<p>Una de las nuevas pr\u00e1cticas sociocomunitarias (PSC) estar\u00e1 a cargo de Claudia Baca y versa sobre la implementaci\u00f3n del <strong>\u201cSeminario-Taller-Ense\u00f1anza de Lengua Escrita en Plurigrado de modalidad rural. Dise\u00f1os de secuencias did\u00e1cticas<\/strong>\u201d. La misma se desarrollar\u00e1 de manera conjunta entre docentes, directivos y alumnos de la escuela rural de la localidad de Los Aromos.<\/p>\n<p>La segunda PSC corresponde al Departamento de Geograf\u00eda de la FFyH y est\u00e1 a cargo de Sergio Chiavassa y de Beatriz Ensabella. Esta pr\u00e1ctica se denomina \u201c<strong>Agua y ambiente en La Granja-Villa Ani M\u00ed. Hacia una gesti\u00f3n social integrada y participativa<\/strong>\u201d y se realizar\u00e1 en coordinaci\u00f3n con la Mesa del Agua y el Ambiente y la Coordinadora Ambiental de Sierras Chicas.<\/p>\n<p>El desarrollo de las nuevas PSC fueron aprobadas durante la sesi\u00f3n del 28 de julio de 2014, por el Honorable Consejo Directivo de la FFyH.<\/p>\n<p>Recordamos que, durante julio de este mismo a\u00f1o, tambi\u00e9n finaliz\u00f3 de manera positiva la primera pr\u00e1ctica sociocomunitaria de la FFyH. La experiencia estuvo a cargo de Gabriela Sabulsky, Eugenia Danieli y Paola Rold\u00e1n, quienes trabajaron de manera conjunta con tres instituciones educativas de diferentes niveles de la capital cordobesa: una de ellas en barrio Villa Libertador; la segunda en barrio Alberdi y la tercera en Nueva C\u00f3rdoba. A lo largo de esta primera pr\u00e1ctica se trabaj\u00f3 sobre la reflexi\u00f3n y los modos de implementaci\u00f3n del Programa Nacional Conectar Igualdad.<\/p>\n","protected":false},"excerpt":{"rendered":"<p>Ambas se desarrollar\u00e1n este a\u00f1o en el interior de C\u00f3rdoba y se implementar\u00e1n dentro de la carrera de Ciencias de<\/p>\n","protected":false},"author":2,"featured_media":0,"comment_status":"open","ping_status":"open","sticky":false,"template":"","format":"standard","meta":{"_acf_changed":false,"colormag_page_container_layout":"default_layout","colormag_page_sidebar_layout":"default_layout","footnotes":""},"categories":[12],"tags":[],"class_list":["post-1268","post","type-post","status-publish","format-standard","hentry","category-noticias"],"acf":[],"yoast_head":"<!-- This site is optimized with the Yoast SEO plugin v27.1.1 - https:\/\/yoast.com\/product\/yoast-seo-wordpress\/ -->\n<title>Se ponen en marcha dos nuevas pr\u00e1cticas sociocomunitarias - Secretar\u00eda de Extensi\u00f3n<\/title>\n<meta name=\"robots\" content=\"index, follow, max-snippet:-1, max-image-preview:large, max-video-preview:-1\" \/>\n<link rel=\"canonical\" href=\"https:\/\/ffyh.unc.edu.ar\/extension\/2014\/08\/02\/se-ponen-en-marcha-dos-nuevas-practicas-sociocomunitarias\/\" \/>\n<meta property=\"og:locale\" content=\"es_ES\" \/>\n<meta property=\"og:type\" content=\"article\" \/>\n<meta property=\"og:title\" content=\"Se ponen en marcha dos nuevas pr\u00e1cticas sociocomunitarias - Secretar\u00eda de Extensi\u00f3n\" \/>\n<meta property=\"og:description\" content=\"Ambas se desarrollar\u00e1n este a\u00f1o en el interior de C\u00f3rdoba y se implementar\u00e1n dentro de la carrera de Ciencias de\" \/>\n<meta property=\"og:url\" content=\"https:\/\/ffyh.unc.edu.ar\/extension\/2014\/08\/02\/se-ponen-en-marcha-dos-nuevas-practicas-sociocomunitarias\/\" \/>\n<meta property=\"og:site_name\" content=\"Secretar\u00eda de Extensi\u00f3n\" \/>\n<meta property=\"article:publisher\" content=\"https:\/\/www.facebook.com\/extensionffyh\" \/>\n<meta property=\"article:published_time\" content=\"2014-08-02T13:51:55+00:00\" \/>\n<meta property=\"og:image\" content=\"http:\/\/ffyh.unc.edu.ar\/extension\/wp-content\/uploads\/sites\/2\/2014\/08\/13-150x150.jpg\" \/>\n<meta name=\"author\" content=\"\u00c1rea de Comunicaci\u00f3n - FFyH\" \/>\n<meta name=\"twitter:card\" content=\"summary_large_image\" \/>\n<meta name=\"twitter:label1\" content=\"Escrito por\" \/>\n\t<meta name=\"twitter:data1\" content=\"\" \/>\n\t<meta name=\"twitter:label2\" content=\"Tiempo de lectura\" \/>\n\t<meta name=\"twitter:data2\" content=\"1 minuto\" \/>\n<script type=\"application\/ld+json\" class=\"yoast-schema-graph\">{\"@context\":\"https:\/\/schema.org\",\"@graph\":[{\"@type\":\"Article\",\"@id\":\"https:\/\/ffyh.unc.edu.ar\/extension\/2014\/08\/02\/se-ponen-en-marcha-dos-nuevas-practicas-sociocomunitarias\/#article\",\"isPartOf\":{\"@id\":\"https:\/\/ffyh.unc.edu.ar\/extension\/2014\/08\/02\/se-ponen-en-marcha-dos-nuevas-practicas-sociocomunitarias\/\"},\"author\":{\"name\":\"\u00c1rea de Comunicaci\u00f3n - FFyH\",\"@id\":\"https:\/\/ffyh.unc.edu.ar\/extension\/#\/schema\/person\/e6b9f6aec95cb7437bb2fde09e23b224\"},\"headline\":\"Se ponen en marcha dos nuevas pr\u00e1cticas sociocomunitarias\",\"datePublished\":\"2014-08-02T13:51:55+00:00\",\"mainEntityOfPage\":{\"@id\":\"https:\/\/ffyh.unc.edu.ar\/extension\/2014\/08\/02\/se-ponen-en-marcha-dos-nuevas-practicas-sociocomunitarias\/\"},\"wordCount\":302,\"commentCount\":0,\"publisher\":{\"@id\":\"https:\/\/ffyh.unc.edu.ar\/extension\/#organization\"},\"image\":{\"@id\":\"https:\/\/ffyh.unc.edu.ar\/extension\/2014\/08\/02\/se-ponen-en-marcha-dos-nuevas-practicas-sociocomunitarias\/#primaryimage\"},\"thumbnailUrl\":\"http:\/\/ffyh.unc.edu.ar\/extension\/wp-content\/uploads\/sites\/2\/2014\/08\/13-150x150.jpg\",\"articleSection\":[\"Noticias\"],\"inLanguage\":\"es\",\"potentialAction\":[{\"@type\":\"CommentAction\",\"name\":\"Comment\",\"target\":[\"https:\/\/ffyh.unc.edu.ar\/extension\/2014\/08\/02\/se-ponen-en-marcha-dos-nuevas-practicas-sociocomunitarias\/#respond\"]}]},{\"@type\":\"WebPage\",\"@id\":\"https:\/\/ffyh.unc.edu.ar\/extension\/2014\/08\/02\/se-ponen-en-marcha-dos-nuevas-practicas-sociocomunitarias\/\",\"url\":\"https:\/\/ffyh.unc.edu.ar\/extension\/2014\/08\/02\/se-ponen-en-marcha-dos-nuevas-practicas-sociocomunitarias\/\",\"name\":\"Se ponen en marcha dos nuevas pr\u00e1cticas sociocomunitarias - Secretar\u00eda de Extensi\u00f3n\",\"isPartOf\":{\"@id\":\"https:\/\/ffyh.unc.edu.ar\/extension\/#website\"},\"primaryImageOfPage\":{\"@id\":\"https:\/\/ffyh.unc.edu.ar\/extension\/2014\/08\/02\/se-ponen-en-marcha-dos-nuevas-practicas-sociocomunitarias\/#primaryimage\"},\"image\":{\"@id\":\"https:\/\/ffyh.unc.edu.ar\/extension\/2014\/08\/02\/se-ponen-en-marcha-dos-nuevas-practicas-sociocomunitarias\/#primaryimage\"},\"thumbnailUrl\":\"http:\/\/ffyh.unc.edu.ar\/extension\/wp-content\/uploads\/sites\/2\/2014\/08\/13-150x150.jpg\",\"datePublished\":\"2014-08-02T13:51:55+00:00\",\"breadcrumb\":{\"@id\":\"https:\/\/ffyh.unc.edu.ar\/extension\/2014\/08\/02\/se-ponen-en-marcha-dos-nuevas-practicas-sociocomunitarias\/#breadcrumb\"},\"inLanguage\":\"es\",\"potentialAction\":[{\"@type\":\"ReadAction\",\"target\":[\"https:\/\/ffyh.unc.edu.ar\/extension\/2014\/08\/02\/se-ponen-en-marcha-dos-nuevas-practicas-sociocomunitarias\/\"]}]},{\"@type\":\"ImageObject\",\"inLanguage\":\"es\",\"@id\":\"https:\/\/ffyh.unc.edu.ar\/extension\/2014\/08\/02\/se-ponen-en-marcha-dos-nuevas-practicas-sociocomunitarias\/#primaryimage\",\"url\":\"https:\/\/ffyh.unc.edu.ar\/extension\/wp-content\/uploads\/sites\/2\/2014\/08\/13.jpg\",\"contentUrl\":\"https:\/\/ffyh.unc.edu.ar\/extension\/wp-content\/uploads\/sites\/2\/2014\/08\/13.jpg\",\"width\":800,\"height\":500},{\"@type\":\"BreadcrumbList\",\"@id\":\"https:\/\/ffyh.unc.edu.ar\/extension\/2014\/08\/02\/se-ponen-en-marcha-dos-nuevas-practicas-sociocomunitarias\/#breadcrumb\",\"itemListElement\":[{\"@type\":\"ListItem\",\"position\":1,\"name\":\"Portada\",\"item\":\"https:\/\/ffyh.unc.edu.ar\/extension\/\"},{\"@type\":\"ListItem\",\"position\":2,\"name\":\"Se ponen en marcha dos nuevas pr\u00e1cticas sociocomunitarias\"}]},{\"@type\":\"WebSite\",\"@id\":\"https:\/\/ffyh.unc.edu.ar\/extension\/#website\",\"url\":\"https:\/\/ffyh.unc.edu.ar\/extension\/\",\"name\":\"Secretar\u00eda de Extensi\u00f3n\",\"description\":\"Facultad de Filosof\u00eda y Humanidades - Universidad Nacional de C\u00f3rdoba\",\"publisher\":{\"@id\":\"https:\/\/ffyh.unc.edu.ar\/extension\/#organization\"},\"potentialAction\":[{\"@type\":\"SearchAction\",\"target\":{\"@type\":\"EntryPoint\",\"urlTemplate\":\"https:\/\/ffyh.unc.edu.ar\/extension\/?s={search_term_string}\"},\"query-input\":{\"@type\":\"PropertyValueSpecification\",\"valueRequired\":true,\"valueName\":\"search_term_string\"}}],\"inLanguage\":\"es\"},{\"@type\":\"Organization\",\"@id\":\"https:\/\/ffyh.unc.edu.ar\/extension\/#organization\",\"name\":\"Secretar\u00eda de Extensi\u00f3n - Facultad de Filosof\u00eda y Humanidades - Universidad Nacional de C\u00f3rdoba\",\"url\":\"https:\/\/ffyh.unc.edu.ar\/extension\/\",\"logo\":{\"@type\":\"ImageObject\",\"inLanguage\":\"es\",\"@id\":\"https:\/\/ffyh.unc.edu.ar\/extension\/#\/schema\/logo\/image\/\",\"url\":\"https:\/\/ffyh.unc.edu.ar\/extension\/wp-content\/uploads\/sites\/2\/2018\/08\/logo-extension-chico.jpg\",\"contentUrl\":\"https:\/\/ffyh.unc.edu.ar\/extension\/wp-content\/uploads\/sites\/2\/2018\/08\/logo-extension-chico.jpg\",\"width\":314,\"height\":119,\"caption\":\"Secretar\u00eda de Extensi\u00f3n - Facultad de Filosof\u00eda y Humanidades - Universidad Nacional de C\u00f3rdoba\"},\"image\":{\"@id\":\"https:\/\/ffyh.unc.edu.ar\/extension\/#\/schema\/logo\/image\/\"},\"sameAs\":[\"https:\/\/www.facebook.com\/extensionffyh\",\"https:\/\/www.instagram.com\/extensionffyh\/\",\"https:\/\/www.youtube.com\/channel\/UCTgN4nvMQE7ktBcgujEI-EA\"]},{\"@type\":\"Person\",\"@id\":\"https:\/\/ffyh.unc.edu.ar\/extension\/#\/schema\/person\/e6b9f6aec95cb7437bb2fde09e23b224\",\"name\":\"\u00c1rea de Comunicaci\u00f3n - FFyH\",\"url\":\"https:\/\/ffyh.unc.edu.ar\/extension\/author\/prensa\/\"}]}<\/script>\n<!-- \/ Yoast SEO plugin. -->","yoast_head_json":{"title":"Se ponen en marcha dos nuevas pr\u00e1cticas sociocomunitarias - Secretar\u00eda de Extensi\u00f3n","robots":{"index":"index","follow":"follow","max-snippet":"max-snippet:-1","max-image-preview":"max-image-preview:large","max-video-preview":"max-video-preview:-1"},"canonical":"https:\/\/ffyh.unc.edu.ar\/extension\/2014\/08\/02\/se-ponen-en-marcha-dos-nuevas-practicas-sociocomunitarias\/","og_locale":"es_ES","og_type":"article","og_title":"Se ponen en marcha dos nuevas pr\u00e1cticas sociocomunitarias - Secretar\u00eda de Extensi\u00f3n","og_description":"Ambas se desarrollar\u00e1n este a\u00f1o en el interior de C\u00f3rdoba y se implementar\u00e1n dentro de la carrera de Ciencias de","og_url":"https:\/\/ffyh.unc.edu.ar\/extension\/2014\/08\/02\/se-ponen-en-marcha-dos-nuevas-practicas-sociocomunitarias\/","og_site_name":"Secretar\u00eda de Extensi\u00f3n","article_publisher":"https:\/\/www.facebook.com\/extensionffyh","article_published_time":"2014-08-02T13:51:55+00:00","og_image":[{"url":"http:\/\/ffyh.unc.edu.ar\/extension\/wp-content\/uploads\/sites\/2\/2014\/08\/13-150x150.jpg","type":"","width":"","height":""}],"author":"\u00c1rea de Comunicaci\u00f3n - FFyH","twitter_card":"summary_large_image","twitter_misc":{"Escrito por":false,"Tiempo de lectura":"1 minuto"},"schema":{"@context":"https:\/\/schema.org","@graph":[{"@type":"Article","@id":"https:\/\/ffyh.unc.edu.ar\/extension\/2014\/08\/02\/se-ponen-en-marcha-dos-nuevas-practicas-sociocomunitarias\/#article","isPartOf":{"@id":"https:\/\/ffyh.unc.edu.ar\/extension\/2014\/08\/02\/se-ponen-en-marcha-dos-nuevas-practicas-sociocomunitarias\/"},"author":{"name":"\u00c1rea de Comunicaci\u00f3n - FFyH","@id":"https:\/\/ffyh.unc.edu.ar\/extension\/#\/schema\/person\/e6b9f6aec95cb7437bb2fde09e23b224"},"headline":"Se ponen en marcha dos nuevas pr\u00e1cticas sociocomunitarias","datePublished":"2014-08-02T13:51:55+00:00","mainEntityOfPage":{"@id":"https:\/\/ffyh.unc.edu.ar\/extension\/2014\/08\/02\/se-ponen-en-marcha-dos-nuevas-practicas-sociocomunitarias\/"},"wordCount":302,"commentCount":0,"publisher":{"@id":"https:\/\/ffyh.unc.edu.ar\/extension\/#organization"},"image":{"@id":"https:\/\/ffyh.unc.edu.ar\/extension\/2014\/08\/02\/se-ponen-en-marcha-dos-nuevas-practicas-sociocomunitarias\/#primaryimage"},"thumbnailUrl":"http:\/\/ffyh.unc.edu.ar\/extension\/wp-content\/uploads\/sites\/2\/2014\/08\/13-150x150.jpg","articleSection":["Noticias"],"inLanguage":"es","potentialAction":[{"@type":"CommentAction","name":"Comment","target":["https:\/\/ffyh.unc.edu.ar\/extension\/2014\/08\/02\/se-ponen-en-marcha-dos-nuevas-practicas-sociocomunitarias\/#respond"]}]},{"@type":"WebPage","@id":"https:\/\/ffyh.unc.edu.ar\/extension\/2014\/08\/02\/se-ponen-en-marcha-dos-nuevas-practicas-sociocomunitarias\/","url":"https:\/\/ffyh.unc.edu.ar\/extension\/2014\/08\/02\/se-ponen-en-marcha-dos-nuevas-practicas-sociocomunitarias\/","name":"Se ponen en marcha dos nuevas pr\u00e1cticas sociocomunitarias - Secretar\u00eda de Extensi\u00f3n","isPartOf":{"@id":"https:\/\/ffyh.unc.edu.ar\/extension\/#website"},"primaryImageOfPage":{"@id":"https:\/\/ffyh.unc.edu.ar\/extension\/2014\/08\/02\/se-ponen-en-marcha-dos-nuevas-practicas-sociocomunitarias\/#primaryimage"},"image":{"@id":"https:\/\/ffyh.unc.edu.ar\/extension\/2014\/08\/02\/se-ponen-en-marcha-dos-nuevas-practicas-sociocomunitarias\/#primaryimage"},"thumbnailUrl":"http:\/\/ffyh.unc.edu.ar\/extension\/wp-content\/uploads\/sites\/2\/2014\/08\/13-150x150.jpg","datePublished":"2014-08-02T13:51:55+00:00","breadcrumb":{"@id":"https:\/\/ffyh.unc.edu.ar\/extension\/2014\/08\/02\/se-ponen-en-marcha-dos-nuevas-practicas-sociocomunitarias\/#breadcrumb"},"inLanguage":"es","potentialAction":[{"@type":"ReadAction","target":["https:\/\/ffyh.unc.edu.ar\/extension\/2014\/08\/02\/se-ponen-en-marcha-dos-nuevas-practicas-sociocomunitarias\/"]}]},{"@type":"ImageObject","inLanguage":"es","@id":"https:\/\/ffyh.unc.edu.ar\/extension\/2014\/08\/02\/se-ponen-en-marcha-dos-nuevas-practicas-sociocomunitarias\/#primaryimage","url":"https:\/\/ffyh.unc.edu.ar\/extension\/wp-content\/uploads\/sites\/2\/2014\/08\/13.jpg","contentUrl":"https:\/\/ffyh.unc.edu.ar\/extension\/wp-content\/uploads\/sites\/2\/2014\/08\/13.jpg","width":800,"height":500},{"@type":"BreadcrumbList","@id":"https:\/\/ffyh.unc.edu.ar\/extension\/2014\/08\/02\/se-ponen-en-marcha-dos-nuevas-practicas-sociocomunitarias\/#breadcrumb","itemListElement":[{"@type":"ListItem","position":1,"name":"Portada","item":"https:\/\/ffyh.unc.edu.ar\/extension\/"},{"@type":"ListItem","position":2,"name":"Se ponen en marcha dos nuevas pr\u00e1cticas sociocomunitarias"}]},{"@type":"WebSite","@id":"https:\/\/ffyh.unc.edu.ar\/extension\/#website","url":"https:\/\/ffyh.unc.edu.ar\/extension\/","name":"Secretar\u00eda de Extensi\u00f3n","description":"Facultad de Filosof\u00eda y Humanidades - Universidad Nacional de C\u00f3rdoba","publisher":{"@id":"https:\/\/ffyh.unc.edu.ar\/extension\/#organization"},"potentialAction":[{"@type":"SearchAction","target":{"@type":"EntryPoint","urlTemplate":"https:\/\/ffyh.unc.edu.ar\/extension\/?s={search_term_string}"},"query-input":{"@type":"PropertyValueSpecification","valueRequired":true,"valueName":"search_term_string"}}],"inLanguage":"es"},{"@type":"Organization","@id":"https:\/\/ffyh.unc.edu.ar\/extension\/#organization","name":"Secretar\u00eda de Extensi\u00f3n - Facultad de Filosof\u00eda y Humanidades - Universidad Nacional de C\u00f3rdoba","url":"https:\/\/ffyh.unc.edu.ar\/extension\/","logo":{"@type":"ImageObject","inLanguage":"es","@id":"https:\/\/ffyh.unc.edu.ar\/extension\/#\/schema\/logo\/image\/","url":"https:\/\/ffyh.unc.edu.ar\/extension\/wp-content\/uploads\/sites\/2\/2018\/08\/logo-extension-chico.jpg","contentUrl":"https:\/\/ffyh.unc.edu.ar\/extension\/wp-content\/uploads\/sites\/2\/2018\/08\/logo-extension-chico.jpg","width":314,"height":119,"caption":"Secretar\u00eda de Extensi\u00f3n - Facultad de Filosof\u00eda y Humanidades - Universidad Nacional de C\u00f3rdoba"},"image":{"@id":"https:\/\/ffyh.unc.edu.ar\/extension\/#\/schema\/logo\/image\/"},"sameAs":["https:\/\/www.facebook.com\/extensionffyh","https:\/\/www.instagram.com\/extensionffyh\/","https:\/\/www.youtube.com\/channel\/UCTgN4nvMQE7ktBcgujEI-EA"]},{"@type":"Person","@id":"https:\/\/ffyh.unc.edu.ar\/extension\/#\/schema\/person\/e6b9f6aec95cb7437bb2fde09e23b224","name":"\u00c1rea de Comunicaci\u00f3n - FFyH","url":"https:\/\/ffyh.unc.edu.ar\/extension\/author\/prensa\/"}]}},"jetpack_featured_media_url":"","_links":{"self":[{"href":"https:\/\/ffyh.unc.edu.ar\/extension\/wp-json\/wp\/v2\/posts\/1268","targetHints":{"allow":["GET"]}}],"collection":[{"href":"https:\/\/ffyh.unc.edu.ar\/extension\/wp-json\/wp\/v2\/posts"}],"about":[{"href":"https:\/\/ffyh.unc.edu.ar\/extension\/wp-json\/wp\/v2\/types\/post"}],"author":[{"embeddable":true,"href":"https:\/\/ffyh.unc.edu.ar\/extension\/wp-json\/wp\/v2\/users\/2"}],"replies":[{"embeddable":true,"href":"https:\/\/ffyh.unc.edu.ar\/extension\/wp-json\/wp\/v2\/comments?post=1268"}],"version-history":[{"count":0,"href":"https:\/\/ffyh.unc.edu.ar\/extension\/wp-json\/wp\/v2\/posts\/1268\/revisions"}],"wp:attachment":[{"href":"https:\/\/ffyh.unc.edu.ar\/extension\/wp-json\/wp\/v2\/media?parent=1268"}],"wp:term":[{"taxonomy":"category","embeddable":true,"href":"https:\/\/ffyh.unc.edu.ar\/extension\/wp-json\/wp\/v2\/categories?post=1268"},{"taxonomy":"post_tag","embeddable":true,"href":"https:\/\/ffyh.unc.edu.ar\/extension\/wp-json\/wp\/v2\/tags?post=1268"}],"curies":[{"name":"wp","href":"https:\/\/api.w.org\/{rel}","templated":true}]}}