{"id":1275,"date":"2014-08-04T13:52:39","date_gmt":"2014-08-04T16:52:39","guid":{"rendered":"http:\/\/www.ffyh.unc.edu.ar\/extension\/?p=1275"},"modified":"2014-08-04T13:52:39","modified_gmt":"2014-08-04T16:52:39","slug":"segunda-edicion-del-seminario-musica-de-la-eternidad-imaginaria-una-aproximacion-a-la-obra-de-luis-alberto-spinetta","status":"publish","type":"post","link":"https:\/\/ffyh.unc.edu.ar\/extension\/2014\/08\/04\/segunda-edicion-del-seminario-musica-de-la-eternidad-imaginaria-una-aproximacion-a-la-obra-de-luis-alberto-spinetta\/","title":{"rendered":"Segunda edici\u00f3n del seminario \u201cM\u00fasica de la eternidad imaginaria. Una aproximaci\u00f3n a la obra de Luis Alberto Spinetta\u201d"},"content":{"rendered":"<p><a href=\"http:\/\/ffyh.unc.edu.ar\/extension\/wp-content\/uploads\/sites\/2\/2014\/08\/spinetta.jpg\"><img loading=\"lazy\" decoding=\"async\" class=\"alignleft size-thumbnail wp-image-1281\" src=\"http:\/\/ffyh.unc.edu.ar\/extension\/wp-content\/uploads\/sites\/2\/2014\/08\/spinetta-150x150.jpg\" alt=\"Imprimir\" width=\"150\" height=\"150\" \/><\/a>La Secretar\u00eda de Extensi\u00f3n de la FFyH informa que se encuentran abiertas las inscripciones para el seminario\u00a0<strong>\u201cM\u00fasica de la eternidad imaginaria. Una aproximaci\u00f3n a la obra de Luis Alberto Spinetta\u201d<\/strong>, a cargo de Claudio D\u00edaz (docente de la FFyH), Federico Sammartino (docente de la Facultad de Artes) y Lucio Carnicer (periodista de Radio Nacional), que inicia el 13 de agosto en el Subsuelo de Radio Nacional C\u00f3rdoba (Santa Rosa\u00a0esq. Gral Paz).<\/p>\n<p><!--more--><\/p>\n<p>La actividad es gratuita y se dictar\u00e1 todos los mi\u00e9rcoles de 19 a 22 hs. Se trata de un seminario dirigido a un p\u00fablico general \u00a0interesado en la obra de este genial m\u00fasico argentino. Pero tambi\u00e9n, por su carga horaria, contenidos y sistema de evaluaci\u00f3n puede ser acreditado como seminario electivo\/optativo para estudiantes de grado de Letras Modernas.<\/p>\n<p>En cada encuentro se abordar\u00e1 un disco de Spinetta teniendo en cuenta distintos aspectos que hacen al estudio de la m\u00fasica popular: an\u00e1lisis de letras, gr\u00e1ficas, elementos musicales, relaci\u00f3n con los contextos sociales, etc. Los discos a trabajar abarcar\u00e1n las distintas etapas de producci\u00f3n del m\u00fasico, desde Almendra hasta su disco solista \u201cUn ma\u00f1ana\u201d.<\/p>\n<p>Las inscripciones se realizar\u00e1n al comienzo del seminario, en el Subsuelo de Radio Nacional.<\/p>\n<p><a href=\"http:\/\/ffyh.unc.edu.ar\/extension\/wp-content\/uploads\/sites\/2\/2014\/08\/spinetta.jpg\"><img loading=\"lazy\" decoding=\"async\" class=\"alignnone size-full wp-image-1281\" src=\"http:\/\/ffyh.unc.edu.ar\/extension\/wp-content\/uploads\/sites\/2\/2014\/08\/spinetta.jpg\" alt=\"Imprimir\" width=\"539\" height=\"779\" srcset=\"https:\/\/ffyh.unc.edu.ar\/extension\/wp-content\/uploads\/sites\/2\/2014\/08\/spinetta.jpg 539w, https:\/\/ffyh.unc.edu.ar\/extension\/wp-content\/uploads\/sites\/2\/2014\/08\/spinetta-208x300.jpg 208w\" sizes=\"auto, (max-width: 539px) 100vw, 539px\" \/><\/a><\/p>\n<p>&nbsp;<\/p>\n","protected":false},"excerpt":{"rendered":"<p>La Secretar\u00eda de Extensi\u00f3n de la FFyH informa que se encuentran abiertas las inscripciones para el seminario\u00a0\u201cM\u00fasica de la eternidad<\/p>\n","protected":false},"author":2,"featured_media":0,"comment_status":"open","ping_status":"open","sticky":false,"template":"","format":"standard","meta":{"_acf_changed":false,"colormag_page_container_layout":"default_layout","colormag_page_sidebar_layout":"default_layout","footnotes":""},"categories":[12],"tags":[],"class_list":["post-1275","post","type-post","status-publish","format-standard","hentry","category-noticias"],"acf":[],"yoast_head":"<!-- This site is optimized with the Yoast SEO plugin v27.1.1 - https:\/\/yoast.com\/product\/yoast-seo-wordpress\/ -->\n<title>Segunda edici\u00f3n del seminario \u201cM\u00fasica de la eternidad imaginaria. Una aproximaci\u00f3n a la obra de Luis Alberto Spinetta\u201d - Secretar\u00eda de Extensi\u00f3n<\/title>\n<meta name=\"robots\" content=\"index, follow, max-snippet:-1, max-image-preview:large, max-video-preview:-1\" \/>\n<link rel=\"canonical\" href=\"https:\/\/ffyh.unc.edu.ar\/extension\/2014\/08\/04\/segunda-edicion-del-seminario-musica-de-la-eternidad-imaginaria-una-aproximacion-a-la-obra-de-luis-alberto-spinetta\/\" \/>\n<meta property=\"og:locale\" content=\"es_ES\" \/>\n<meta property=\"og:type\" content=\"article\" \/>\n<meta property=\"og:title\" content=\"Segunda edici\u00f3n del seminario \u201cM\u00fasica de la eternidad imaginaria. Una aproximaci\u00f3n a la obra de Luis Alberto Spinetta\u201d - Secretar\u00eda de Extensi\u00f3n\" \/>\n<meta property=\"og:description\" content=\"La Secretar\u00eda de Extensi\u00f3n de la FFyH informa que se encuentran abiertas las inscripciones para el seminario\u00a0\u201cM\u00fasica de la eternidad\" \/>\n<meta property=\"og:url\" content=\"https:\/\/ffyh.unc.edu.ar\/extension\/2014\/08\/04\/segunda-edicion-del-seminario-musica-de-la-eternidad-imaginaria-una-aproximacion-a-la-obra-de-luis-alberto-spinetta\/\" \/>\n<meta property=\"og:site_name\" content=\"Secretar\u00eda de Extensi\u00f3n\" \/>\n<meta property=\"article:publisher\" content=\"https:\/\/www.facebook.com\/extensionffyh\" \/>\n<meta property=\"article:published_time\" content=\"2014-08-04T16:52:39+00:00\" \/>\n<meta property=\"og:image\" content=\"http:\/\/ffyh.unc.edu.ar\/extension\/wp-content\/uploads\/sites\/2\/2014\/08\/spinetta-150x150.jpg\" \/>\n<meta name=\"author\" content=\"\u00c1rea de Comunicaci\u00f3n - FFyH\" \/>\n<meta name=\"twitter:card\" content=\"summary_large_image\" \/>\n<meta name=\"twitter:label1\" content=\"Escrito por\" \/>\n\t<meta name=\"twitter:data1\" content=\"\" \/>\n\t<meta name=\"twitter:label2\" content=\"Tiempo de lectura\" \/>\n\t<meta name=\"twitter:data2\" content=\"1 minuto\" \/>\n<script type=\"application\/ld+json\" class=\"yoast-schema-graph\">{\"@context\":\"https:\/\/schema.org\",\"@graph\":[{\"@type\":\"Article\",\"@id\":\"https:\/\/ffyh.unc.edu.ar\/extension\/2014\/08\/04\/segunda-edicion-del-seminario-musica-de-la-eternidad-imaginaria-una-aproximacion-a-la-obra-de-luis-alberto-spinetta\/#article\",\"isPartOf\":{\"@id\":\"https:\/\/ffyh.unc.edu.ar\/extension\/2014\/08\/04\/segunda-edicion-del-seminario-musica-de-la-eternidad-imaginaria-una-aproximacion-a-la-obra-de-luis-alberto-spinetta\/\"},\"author\":{\"name\":\"\u00c1rea de Comunicaci\u00f3n - FFyH\",\"@id\":\"https:\/\/ffyh.unc.edu.ar\/extension\/#\/schema\/person\/e6b9f6aec95cb7437bb2fde09e23b224\"},\"headline\":\"Segunda edici\u00f3n del seminario \u201cM\u00fasica de la eternidad imaginaria. Una aproximaci\u00f3n a la obra de Luis Alberto Spinetta\u201d\",\"datePublished\":\"2014-08-04T16:52:39+00:00\",\"mainEntityOfPage\":{\"@id\":\"https:\/\/ffyh.unc.edu.ar\/extension\/2014\/08\/04\/segunda-edicion-del-seminario-musica-de-la-eternidad-imaginaria-una-aproximacion-a-la-obra-de-luis-alberto-spinetta\/\"},\"wordCount\":239,\"commentCount\":0,\"publisher\":{\"@id\":\"https:\/\/ffyh.unc.edu.ar\/extension\/#organization\"},\"image\":{\"@id\":\"https:\/\/ffyh.unc.edu.ar\/extension\/2014\/08\/04\/segunda-edicion-del-seminario-musica-de-la-eternidad-imaginaria-una-aproximacion-a-la-obra-de-luis-alberto-spinetta\/#primaryimage\"},\"thumbnailUrl\":\"http:\/\/ffyh.unc.edu.ar\/extension\/wp-content\/uploads\/sites\/2\/2014\/08\/spinetta-150x150.jpg\",\"articleSection\":[\"Noticias\"],\"inLanguage\":\"es\",\"potentialAction\":[{\"@type\":\"CommentAction\",\"name\":\"Comment\",\"target\":[\"https:\/\/ffyh.unc.edu.ar\/extension\/2014\/08\/04\/segunda-edicion-del-seminario-musica-de-la-eternidad-imaginaria-una-aproximacion-a-la-obra-de-luis-alberto-spinetta\/#respond\"]}]},{\"@type\":\"WebPage\",\"@id\":\"https:\/\/ffyh.unc.edu.ar\/extension\/2014\/08\/04\/segunda-edicion-del-seminario-musica-de-la-eternidad-imaginaria-una-aproximacion-a-la-obra-de-luis-alberto-spinetta\/\",\"url\":\"https:\/\/ffyh.unc.edu.ar\/extension\/2014\/08\/04\/segunda-edicion-del-seminario-musica-de-la-eternidad-imaginaria-una-aproximacion-a-la-obra-de-luis-alberto-spinetta\/\",\"name\":\"Segunda edici\u00f3n del seminario \u201cM\u00fasica de la eternidad imaginaria. Una aproximaci\u00f3n a la obra de Luis Alberto Spinetta\u201d - Secretar\u00eda de Extensi\u00f3n\",\"isPartOf\":{\"@id\":\"https:\/\/ffyh.unc.edu.ar\/extension\/#website\"},\"primaryImageOfPage\":{\"@id\":\"https:\/\/ffyh.unc.edu.ar\/extension\/2014\/08\/04\/segunda-edicion-del-seminario-musica-de-la-eternidad-imaginaria-una-aproximacion-a-la-obra-de-luis-alberto-spinetta\/#primaryimage\"},\"image\":{\"@id\":\"https:\/\/ffyh.unc.edu.ar\/extension\/2014\/08\/04\/segunda-edicion-del-seminario-musica-de-la-eternidad-imaginaria-una-aproximacion-a-la-obra-de-luis-alberto-spinetta\/#primaryimage\"},\"thumbnailUrl\":\"http:\/\/ffyh.unc.edu.ar\/extension\/wp-content\/uploads\/sites\/2\/2014\/08\/spinetta-150x150.jpg\",\"datePublished\":\"2014-08-04T16:52:39+00:00\",\"breadcrumb\":{\"@id\":\"https:\/\/ffyh.unc.edu.ar\/extension\/2014\/08\/04\/segunda-edicion-del-seminario-musica-de-la-eternidad-imaginaria-una-aproximacion-a-la-obra-de-luis-alberto-spinetta\/#breadcrumb\"},\"inLanguage\":\"es\",\"potentialAction\":[{\"@type\":\"ReadAction\",\"target\":[\"https:\/\/ffyh.unc.edu.ar\/extension\/2014\/08\/04\/segunda-edicion-del-seminario-musica-de-la-eternidad-imaginaria-una-aproximacion-a-la-obra-de-luis-alberto-spinetta\/\"]}]},{\"@type\":\"ImageObject\",\"inLanguage\":\"es\",\"@id\":\"https:\/\/ffyh.unc.edu.ar\/extension\/2014\/08\/04\/segunda-edicion-del-seminario-musica-de-la-eternidad-imaginaria-una-aproximacion-a-la-obra-de-luis-alberto-spinetta\/#primaryimage\",\"url\":\"https:\/\/ffyh.unc.edu.ar\/extension\/wp-content\/uploads\/sites\/2\/2014\/08\/spinetta.jpg\",\"contentUrl\":\"https:\/\/ffyh.unc.edu.ar\/extension\/wp-content\/uploads\/sites\/2\/2014\/08\/spinetta.jpg\",\"width\":539,\"height\":779},{\"@type\":\"BreadcrumbList\",\"@id\":\"https:\/\/ffyh.unc.edu.ar\/extension\/2014\/08\/04\/segunda-edicion-del-seminario-musica-de-la-eternidad-imaginaria-una-aproximacion-a-la-obra-de-luis-alberto-spinetta\/#breadcrumb\",\"itemListElement\":[{\"@type\":\"ListItem\",\"position\":1,\"name\":\"Portada\",\"item\":\"https:\/\/ffyh.unc.edu.ar\/extension\/\"},{\"@type\":\"ListItem\",\"position\":2,\"name\":\"Segunda edici\u00f3n del seminario \u201cM\u00fasica de la eternidad imaginaria. Una aproximaci\u00f3n a la obra de Luis Alberto Spinetta\u201d\"}]},{\"@type\":\"WebSite\",\"@id\":\"https:\/\/ffyh.unc.edu.ar\/extension\/#website\",\"url\":\"https:\/\/ffyh.unc.edu.ar\/extension\/\",\"name\":\"Secretar\u00eda de Extensi\u00f3n\",\"description\":\"Facultad de Filosof\u00eda y Humanidades - Universidad Nacional de C\u00f3rdoba\",\"publisher\":{\"@id\":\"https:\/\/ffyh.unc.edu.ar\/extension\/#organization\"},\"potentialAction\":[{\"@type\":\"SearchAction\",\"target\":{\"@type\":\"EntryPoint\",\"urlTemplate\":\"https:\/\/ffyh.unc.edu.ar\/extension\/?s={search_term_string}\"},\"query-input\":{\"@type\":\"PropertyValueSpecification\",\"valueRequired\":true,\"valueName\":\"search_term_string\"}}],\"inLanguage\":\"es\"},{\"@type\":\"Organization\",\"@id\":\"https:\/\/ffyh.unc.edu.ar\/extension\/#organization\",\"name\":\"Secretar\u00eda de Extensi\u00f3n - Facultad de Filosof\u00eda y Humanidades - Universidad Nacional de C\u00f3rdoba\",\"url\":\"https:\/\/ffyh.unc.edu.ar\/extension\/\",\"logo\":{\"@type\":\"ImageObject\",\"inLanguage\":\"es\",\"@id\":\"https:\/\/ffyh.unc.edu.ar\/extension\/#\/schema\/logo\/image\/\",\"url\":\"https:\/\/ffyh.unc.edu.ar\/extension\/wp-content\/uploads\/sites\/2\/2018\/08\/logo-extension-chico.jpg\",\"contentUrl\":\"https:\/\/ffyh.unc.edu.ar\/extension\/wp-content\/uploads\/sites\/2\/2018\/08\/logo-extension-chico.jpg\",\"width\":314,\"height\":119,\"caption\":\"Secretar\u00eda de Extensi\u00f3n - Facultad de Filosof\u00eda y Humanidades - Universidad Nacional de C\u00f3rdoba\"},\"image\":{\"@id\":\"https:\/\/ffyh.unc.edu.ar\/extension\/#\/schema\/logo\/image\/\"},\"sameAs\":[\"https:\/\/www.facebook.com\/extensionffyh\",\"https:\/\/www.instagram.com\/extensionffyh\/\",\"https:\/\/www.youtube.com\/channel\/UCTgN4nvMQE7ktBcgujEI-EA\"]},{\"@type\":\"Person\",\"@id\":\"https:\/\/ffyh.unc.edu.ar\/extension\/#\/schema\/person\/e6b9f6aec95cb7437bb2fde09e23b224\",\"name\":\"\u00c1rea de Comunicaci\u00f3n - FFyH\",\"url\":\"https:\/\/ffyh.unc.edu.ar\/extension\/author\/prensa\/\"}]}<\/script>\n<!-- \/ Yoast SEO plugin. -->","yoast_head_json":{"title":"Segunda edici\u00f3n del seminario \u201cM\u00fasica de la eternidad imaginaria. Una aproximaci\u00f3n a la obra de Luis Alberto Spinetta\u201d - Secretar\u00eda de Extensi\u00f3n","robots":{"index":"index","follow":"follow","max-snippet":"max-snippet:-1","max-image-preview":"max-image-preview:large","max-video-preview":"max-video-preview:-1"},"canonical":"https:\/\/ffyh.unc.edu.ar\/extension\/2014\/08\/04\/segunda-edicion-del-seminario-musica-de-la-eternidad-imaginaria-una-aproximacion-a-la-obra-de-luis-alberto-spinetta\/","og_locale":"es_ES","og_type":"article","og_title":"Segunda edici\u00f3n del seminario \u201cM\u00fasica de la eternidad imaginaria. Una aproximaci\u00f3n a la obra de Luis Alberto Spinetta\u201d - Secretar\u00eda de Extensi\u00f3n","og_description":"La Secretar\u00eda de Extensi\u00f3n de la FFyH informa que se encuentran abiertas las inscripciones para el seminario\u00a0\u201cM\u00fasica de la eternidad","og_url":"https:\/\/ffyh.unc.edu.ar\/extension\/2014\/08\/04\/segunda-edicion-del-seminario-musica-de-la-eternidad-imaginaria-una-aproximacion-a-la-obra-de-luis-alberto-spinetta\/","og_site_name":"Secretar\u00eda de Extensi\u00f3n","article_publisher":"https:\/\/www.facebook.com\/extensionffyh","article_published_time":"2014-08-04T16:52:39+00:00","og_image":[{"url":"http:\/\/ffyh.unc.edu.ar\/extension\/wp-content\/uploads\/sites\/2\/2014\/08\/spinetta-150x150.jpg","type":"","width":"","height":""}],"author":"\u00c1rea de Comunicaci\u00f3n - FFyH","twitter_card":"summary_large_image","twitter_misc":{"Escrito por":false,"Tiempo de lectura":"1 minuto"},"schema":{"@context":"https:\/\/schema.org","@graph":[{"@type":"Article","@id":"https:\/\/ffyh.unc.edu.ar\/extension\/2014\/08\/04\/segunda-edicion-del-seminario-musica-de-la-eternidad-imaginaria-una-aproximacion-a-la-obra-de-luis-alberto-spinetta\/#article","isPartOf":{"@id":"https:\/\/ffyh.unc.edu.ar\/extension\/2014\/08\/04\/segunda-edicion-del-seminario-musica-de-la-eternidad-imaginaria-una-aproximacion-a-la-obra-de-luis-alberto-spinetta\/"},"author":{"name":"\u00c1rea de Comunicaci\u00f3n - FFyH","@id":"https:\/\/ffyh.unc.edu.ar\/extension\/#\/schema\/person\/e6b9f6aec95cb7437bb2fde09e23b224"},"headline":"Segunda edici\u00f3n del seminario \u201cM\u00fasica de la eternidad imaginaria. Una aproximaci\u00f3n a la obra de Luis Alberto Spinetta\u201d","datePublished":"2014-08-04T16:52:39+00:00","mainEntityOfPage":{"@id":"https:\/\/ffyh.unc.edu.ar\/extension\/2014\/08\/04\/segunda-edicion-del-seminario-musica-de-la-eternidad-imaginaria-una-aproximacion-a-la-obra-de-luis-alberto-spinetta\/"},"wordCount":239,"commentCount":0,"publisher":{"@id":"https:\/\/ffyh.unc.edu.ar\/extension\/#organization"},"image":{"@id":"https:\/\/ffyh.unc.edu.ar\/extension\/2014\/08\/04\/segunda-edicion-del-seminario-musica-de-la-eternidad-imaginaria-una-aproximacion-a-la-obra-de-luis-alberto-spinetta\/#primaryimage"},"thumbnailUrl":"http:\/\/ffyh.unc.edu.ar\/extension\/wp-content\/uploads\/sites\/2\/2014\/08\/spinetta-150x150.jpg","articleSection":["Noticias"],"inLanguage":"es","potentialAction":[{"@type":"CommentAction","name":"Comment","target":["https:\/\/ffyh.unc.edu.ar\/extension\/2014\/08\/04\/segunda-edicion-del-seminario-musica-de-la-eternidad-imaginaria-una-aproximacion-a-la-obra-de-luis-alberto-spinetta\/#respond"]}]},{"@type":"WebPage","@id":"https:\/\/ffyh.unc.edu.ar\/extension\/2014\/08\/04\/segunda-edicion-del-seminario-musica-de-la-eternidad-imaginaria-una-aproximacion-a-la-obra-de-luis-alberto-spinetta\/","url":"https:\/\/ffyh.unc.edu.ar\/extension\/2014\/08\/04\/segunda-edicion-del-seminario-musica-de-la-eternidad-imaginaria-una-aproximacion-a-la-obra-de-luis-alberto-spinetta\/","name":"Segunda edici\u00f3n del seminario \u201cM\u00fasica de la eternidad imaginaria. Una aproximaci\u00f3n a la obra de Luis Alberto Spinetta\u201d - Secretar\u00eda de Extensi\u00f3n","isPartOf":{"@id":"https:\/\/ffyh.unc.edu.ar\/extension\/#website"},"primaryImageOfPage":{"@id":"https:\/\/ffyh.unc.edu.ar\/extension\/2014\/08\/04\/segunda-edicion-del-seminario-musica-de-la-eternidad-imaginaria-una-aproximacion-a-la-obra-de-luis-alberto-spinetta\/#primaryimage"},"image":{"@id":"https:\/\/ffyh.unc.edu.ar\/extension\/2014\/08\/04\/segunda-edicion-del-seminario-musica-de-la-eternidad-imaginaria-una-aproximacion-a-la-obra-de-luis-alberto-spinetta\/#primaryimage"},"thumbnailUrl":"http:\/\/ffyh.unc.edu.ar\/extension\/wp-content\/uploads\/sites\/2\/2014\/08\/spinetta-150x150.jpg","datePublished":"2014-08-04T16:52:39+00:00","breadcrumb":{"@id":"https:\/\/ffyh.unc.edu.ar\/extension\/2014\/08\/04\/segunda-edicion-del-seminario-musica-de-la-eternidad-imaginaria-una-aproximacion-a-la-obra-de-luis-alberto-spinetta\/#breadcrumb"},"inLanguage":"es","potentialAction":[{"@type":"ReadAction","target":["https:\/\/ffyh.unc.edu.ar\/extension\/2014\/08\/04\/segunda-edicion-del-seminario-musica-de-la-eternidad-imaginaria-una-aproximacion-a-la-obra-de-luis-alberto-spinetta\/"]}]},{"@type":"ImageObject","inLanguage":"es","@id":"https:\/\/ffyh.unc.edu.ar\/extension\/2014\/08\/04\/segunda-edicion-del-seminario-musica-de-la-eternidad-imaginaria-una-aproximacion-a-la-obra-de-luis-alberto-spinetta\/#primaryimage","url":"https:\/\/ffyh.unc.edu.ar\/extension\/wp-content\/uploads\/sites\/2\/2014\/08\/spinetta.jpg","contentUrl":"https:\/\/ffyh.unc.edu.ar\/extension\/wp-content\/uploads\/sites\/2\/2014\/08\/spinetta.jpg","width":539,"height":779},{"@type":"BreadcrumbList","@id":"https:\/\/ffyh.unc.edu.ar\/extension\/2014\/08\/04\/segunda-edicion-del-seminario-musica-de-la-eternidad-imaginaria-una-aproximacion-a-la-obra-de-luis-alberto-spinetta\/#breadcrumb","itemListElement":[{"@type":"ListItem","position":1,"name":"Portada","item":"https:\/\/ffyh.unc.edu.ar\/extension\/"},{"@type":"ListItem","position":2,"name":"Segunda edici\u00f3n del seminario \u201cM\u00fasica de la eternidad imaginaria. Una aproximaci\u00f3n a la obra de Luis Alberto Spinetta\u201d"}]},{"@type":"WebSite","@id":"https:\/\/ffyh.unc.edu.ar\/extension\/#website","url":"https:\/\/ffyh.unc.edu.ar\/extension\/","name":"Secretar\u00eda de Extensi\u00f3n","description":"Facultad de Filosof\u00eda y Humanidades - Universidad Nacional de C\u00f3rdoba","publisher":{"@id":"https:\/\/ffyh.unc.edu.ar\/extension\/#organization"},"potentialAction":[{"@type":"SearchAction","target":{"@type":"EntryPoint","urlTemplate":"https:\/\/ffyh.unc.edu.ar\/extension\/?s={search_term_string}"},"query-input":{"@type":"PropertyValueSpecification","valueRequired":true,"valueName":"search_term_string"}}],"inLanguage":"es"},{"@type":"Organization","@id":"https:\/\/ffyh.unc.edu.ar\/extension\/#organization","name":"Secretar\u00eda de Extensi\u00f3n - Facultad de Filosof\u00eda y Humanidades - Universidad Nacional de C\u00f3rdoba","url":"https:\/\/ffyh.unc.edu.ar\/extension\/","logo":{"@type":"ImageObject","inLanguage":"es","@id":"https:\/\/ffyh.unc.edu.ar\/extension\/#\/schema\/logo\/image\/","url":"https:\/\/ffyh.unc.edu.ar\/extension\/wp-content\/uploads\/sites\/2\/2018\/08\/logo-extension-chico.jpg","contentUrl":"https:\/\/ffyh.unc.edu.ar\/extension\/wp-content\/uploads\/sites\/2\/2018\/08\/logo-extension-chico.jpg","width":314,"height":119,"caption":"Secretar\u00eda de Extensi\u00f3n - Facultad de Filosof\u00eda y Humanidades - Universidad Nacional de C\u00f3rdoba"},"image":{"@id":"https:\/\/ffyh.unc.edu.ar\/extension\/#\/schema\/logo\/image\/"},"sameAs":["https:\/\/www.facebook.com\/extensionffyh","https:\/\/www.instagram.com\/extensionffyh\/","https:\/\/www.youtube.com\/channel\/UCTgN4nvMQE7ktBcgujEI-EA"]},{"@type":"Person","@id":"https:\/\/ffyh.unc.edu.ar\/extension\/#\/schema\/person\/e6b9f6aec95cb7437bb2fde09e23b224","name":"\u00c1rea de Comunicaci\u00f3n - FFyH","url":"https:\/\/ffyh.unc.edu.ar\/extension\/author\/prensa\/"}]}},"jetpack_featured_media_url":"","_links":{"self":[{"href":"https:\/\/ffyh.unc.edu.ar\/extension\/wp-json\/wp\/v2\/posts\/1275","targetHints":{"allow":["GET"]}}],"collection":[{"href":"https:\/\/ffyh.unc.edu.ar\/extension\/wp-json\/wp\/v2\/posts"}],"about":[{"href":"https:\/\/ffyh.unc.edu.ar\/extension\/wp-json\/wp\/v2\/types\/post"}],"author":[{"embeddable":true,"href":"https:\/\/ffyh.unc.edu.ar\/extension\/wp-json\/wp\/v2\/users\/2"}],"replies":[{"embeddable":true,"href":"https:\/\/ffyh.unc.edu.ar\/extension\/wp-json\/wp\/v2\/comments?post=1275"}],"version-history":[{"count":0,"href":"https:\/\/ffyh.unc.edu.ar\/extension\/wp-json\/wp\/v2\/posts\/1275\/revisions"}],"wp:attachment":[{"href":"https:\/\/ffyh.unc.edu.ar\/extension\/wp-json\/wp\/v2\/media?parent=1275"}],"wp:term":[{"taxonomy":"category","embeddable":true,"href":"https:\/\/ffyh.unc.edu.ar\/extension\/wp-json\/wp\/v2\/categories?post=1275"},{"taxonomy":"post_tag","embeddable":true,"href":"https:\/\/ffyh.unc.edu.ar\/extension\/wp-json\/wp\/v2\/tags?post=1275"}],"curies":[{"name":"wp","href":"https:\/\/api.w.org\/{rel}","templated":true}]}}