{"id":1524,"date":"2015-03-27T12:37:53","date_gmt":"2015-03-27T15:37:53","guid":{"rendered":"http:\/\/www.ffyh.unc.edu.ar\/extension\/?p=1524"},"modified":"2015-03-27T12:37:53","modified_gmt":"2015-03-27T15:37:53","slug":"mas-de-cuarenta-estudiantes-participaran-en-la-recuperacion-de-la-memoria-bibliografica-y-documental-en-sierras-chicas","status":"publish","type":"post","link":"https:\/\/ffyh.unc.edu.ar\/extension\/2015\/03\/27\/mas-de-cuarenta-estudiantes-participaran-en-la-recuperacion-de-la-memoria-bibliografica-y-documental-en-sierras-chicas\/","title":{"rendered":"M\u00e1s de cuarenta estudiantes participar\u00e1n en la recuperaci\u00f3n de la memoria bibliogr\u00e1fica y documental en Sierras Chicas"},"content":{"rendered":"<p style=\"text-align: left\"><strong>Con profunda alegr\u00eda la Secretar\u00eda de Extensi\u00f3n de la FFyH informa que cuarenta y cuatro alumnos de las <a href=\"http:\/\/ffyh.unc.edu.ar\/extension\/wp-content\/uploads\/sites\/2\/2015\/03\/inundaddos-2.jpg\"><img loading=\"lazy\" decoding=\"async\" class=\"alignright wp-image-1526 \" src=\"http:\/\/ffyh.unc.edu.ar\/extension\/wp-content\/uploads\/sites\/2\/2015\/03\/inundaddos-2-300x225.jpg\" alt=\"inundaddos 2\" width=\"300\" height=\"225\" srcset=\"https:\/\/ffyh.unc.edu.ar\/extension\/wp-content\/uploads\/sites\/2\/2015\/03\/inundaddos-2-300x225.jpg 300w, https:\/\/ffyh.unc.edu.ar\/extension\/wp-content\/uploads\/sites\/2\/2015\/03\/inundaddos-2.jpg 500w\" sizes=\"auto, (max-width: 300px) 100vw, 300px\" \/><\/a>carreras de Archivolog\u00eda y Bibliotecolog\u00eda participar\u00e1n como voluntarios en las tareas de rescate del patrimonio documental en papel de los hogares afectados por las inundaciones en las Sierras Chicas. En sinton\u00eda con las acciones solidarias que se vienen desarrollando desde la universidad p\u00fablica, un grupo de estudiantes y docentes de dichas carreras trabajar\u00e1n junto con las comunidades en la recuperaci\u00f3n de documentos, libros y fotograf\u00edas alcanzados por el agua.<\/strong><\/p>\n<p style=\"text-align: left\"><strong>Las actividades comenzar\u00e1n el martes 7 de abril con una capacitaci\u00f3n intensiva sobre rescate de documentaci\u00f3n en papel destinada a los estudiantes voluntarios y a representantes de las comunidades afectadas.<\/strong><\/p>\n<p style=\"text-align: left\"><a href=\"http:\/\/ffyh.unc.edu.ar\/extension\/wp-content\/uploads\/sites\/2\/2015\/03\/paraseuPropuestaPapelenSierrasChicas.pdf\">Leer m\u00e1s<\/a><\/p>\n","protected":false},"excerpt":{"rendered":"<p>Con profunda alegr\u00eda la Secretar\u00eda de Extensi\u00f3n de la FFyH informa que cuarenta y cuatro alumnos de las carreras de<\/p>\n","protected":false},"author":3,"featured_media":0,"comment_status":"open","ping_status":"open","sticky":false,"template":"","format":"standard","meta":{"_acf_changed":false,"colormag_page_container_layout":"default_layout","colormag_page_sidebar_layout":"default_layout","footnotes":""},"categories":[12],"tags":[],"class_list":["post-1524","post","type-post","status-publish","format-standard","hentry","category-noticias"],"acf":[],"yoast_head":"<!-- This site is optimized with the Yoast SEO plugin v27.1.1 - https:\/\/yoast.com\/product\/yoast-seo-wordpress\/ -->\n<title>M\u00e1s de cuarenta estudiantes participar\u00e1n en la recuperaci\u00f3n de la memoria bibliogr\u00e1fica y documental en Sierras Chicas - Secretar\u00eda de Extensi\u00f3n<\/title>\n<meta name=\"robots\" content=\"index, follow, max-snippet:-1, max-image-preview:large, max-video-preview:-1\" \/>\n<link rel=\"canonical\" href=\"https:\/\/ffyh.unc.edu.ar\/extension\/2015\/03\/27\/mas-de-cuarenta-estudiantes-participaran-en-la-recuperacion-de-la-memoria-bibliografica-y-documental-en-sierras-chicas\/\" \/>\n<meta property=\"og:locale\" content=\"es_ES\" \/>\n<meta property=\"og:type\" content=\"article\" \/>\n<meta property=\"og:title\" content=\"M\u00e1s de cuarenta estudiantes participar\u00e1n en la recuperaci\u00f3n de la memoria bibliogr\u00e1fica y documental en Sierras Chicas - Secretar\u00eda de Extensi\u00f3n\" \/>\n<meta property=\"og:description\" content=\"Con profunda alegr\u00eda la Secretar\u00eda de Extensi\u00f3n de la FFyH informa que cuarenta y cuatro alumnos de las carreras de\" \/>\n<meta property=\"og:url\" content=\"https:\/\/ffyh.unc.edu.ar\/extension\/2015\/03\/27\/mas-de-cuarenta-estudiantes-participaran-en-la-recuperacion-de-la-memoria-bibliografica-y-documental-en-sierras-chicas\/\" \/>\n<meta property=\"og:site_name\" content=\"Secretar\u00eda de Extensi\u00f3n\" \/>\n<meta property=\"article:publisher\" content=\"https:\/\/www.facebook.com\/extensionffyh\" \/>\n<meta property=\"article:published_time\" content=\"2015-03-27T15:37:53+00:00\" \/>\n<meta property=\"og:image\" content=\"http:\/\/ffyh.unc.edu.ar\/extension\/wp-content\/uploads\/sites\/2\/2015\/03\/inundaddos-2-300x225.jpg\" \/>\n<meta name=\"author\" content=\"extension\" \/>\n<meta name=\"twitter:card\" content=\"summary_large_image\" \/>\n<meta name=\"twitter:label1\" content=\"Escrito por\" \/>\n\t<meta name=\"twitter:data1\" content=\"\" \/>\n\t<meta name=\"twitter:label2\" content=\"Tiempo de lectura\" \/>\n\t<meta name=\"twitter:data2\" content=\"1 minuto\" \/>\n<script type=\"application\/ld+json\" class=\"yoast-schema-graph\">{\"@context\":\"https:\/\/schema.org\",\"@graph\":[{\"@type\":\"Article\",\"@id\":\"https:\/\/ffyh.unc.edu.ar\/extension\/2015\/03\/27\/mas-de-cuarenta-estudiantes-participaran-en-la-recuperacion-de-la-memoria-bibliografica-y-documental-en-sierras-chicas\/#article\",\"isPartOf\":{\"@id\":\"https:\/\/ffyh.unc.edu.ar\/extension\/2015\/03\/27\/mas-de-cuarenta-estudiantes-participaran-en-la-recuperacion-de-la-memoria-bibliografica-y-documental-en-sierras-chicas\/\"},\"author\":{\"name\":\"extension\",\"@id\":\"https:\/\/ffyh.unc.edu.ar\/extension\/#\/schema\/person\/c429cdff3a192a7081944182246c3689\"},\"headline\":\"M\u00e1s de cuarenta estudiantes participar\u00e1n en la recuperaci\u00f3n de la memoria bibliogr\u00e1fica y documental en Sierras Chicas\",\"datePublished\":\"2015-03-27T15:37:53+00:00\",\"mainEntityOfPage\":{\"@id\":\"https:\/\/ffyh.unc.edu.ar\/extension\/2015\/03\/27\/mas-de-cuarenta-estudiantes-participaran-en-la-recuperacion-de-la-memoria-bibliografica-y-documental-en-sierras-chicas\/\"},\"wordCount\":154,\"commentCount\":0,\"publisher\":{\"@id\":\"https:\/\/ffyh.unc.edu.ar\/extension\/#organization\"},\"image\":{\"@id\":\"https:\/\/ffyh.unc.edu.ar\/extension\/2015\/03\/27\/mas-de-cuarenta-estudiantes-participaran-en-la-recuperacion-de-la-memoria-bibliografica-y-documental-en-sierras-chicas\/#primaryimage\"},\"thumbnailUrl\":\"http:\/\/ffyh.unc.edu.ar\/extension\/wp-content\/uploads\/sites\/2\/2015\/03\/inundaddos-2-300x225.jpg\",\"articleSection\":[\"Noticias\"],\"inLanguage\":\"es\",\"potentialAction\":[{\"@type\":\"CommentAction\",\"name\":\"Comment\",\"target\":[\"https:\/\/ffyh.unc.edu.ar\/extension\/2015\/03\/27\/mas-de-cuarenta-estudiantes-participaran-en-la-recuperacion-de-la-memoria-bibliografica-y-documental-en-sierras-chicas\/#respond\"]}]},{\"@type\":\"WebPage\",\"@id\":\"https:\/\/ffyh.unc.edu.ar\/extension\/2015\/03\/27\/mas-de-cuarenta-estudiantes-participaran-en-la-recuperacion-de-la-memoria-bibliografica-y-documental-en-sierras-chicas\/\",\"url\":\"https:\/\/ffyh.unc.edu.ar\/extension\/2015\/03\/27\/mas-de-cuarenta-estudiantes-participaran-en-la-recuperacion-de-la-memoria-bibliografica-y-documental-en-sierras-chicas\/\",\"name\":\"M\u00e1s de cuarenta estudiantes participar\u00e1n en la recuperaci\u00f3n de la memoria bibliogr\u00e1fica y documental en Sierras Chicas - Secretar\u00eda de Extensi\u00f3n\",\"isPartOf\":{\"@id\":\"https:\/\/ffyh.unc.edu.ar\/extension\/#website\"},\"primaryImageOfPage\":{\"@id\":\"https:\/\/ffyh.unc.edu.ar\/extension\/2015\/03\/27\/mas-de-cuarenta-estudiantes-participaran-en-la-recuperacion-de-la-memoria-bibliografica-y-documental-en-sierras-chicas\/#primaryimage\"},\"image\":{\"@id\":\"https:\/\/ffyh.unc.edu.ar\/extension\/2015\/03\/27\/mas-de-cuarenta-estudiantes-participaran-en-la-recuperacion-de-la-memoria-bibliografica-y-documental-en-sierras-chicas\/#primaryimage\"},\"thumbnailUrl\":\"http:\/\/ffyh.unc.edu.ar\/extension\/wp-content\/uploads\/sites\/2\/2015\/03\/inundaddos-2-300x225.jpg\",\"datePublished\":\"2015-03-27T15:37:53+00:00\",\"breadcrumb\":{\"@id\":\"https:\/\/ffyh.unc.edu.ar\/extension\/2015\/03\/27\/mas-de-cuarenta-estudiantes-participaran-en-la-recuperacion-de-la-memoria-bibliografica-y-documental-en-sierras-chicas\/#breadcrumb\"},\"inLanguage\":\"es\",\"potentialAction\":[{\"@type\":\"ReadAction\",\"target\":[\"https:\/\/ffyh.unc.edu.ar\/extension\/2015\/03\/27\/mas-de-cuarenta-estudiantes-participaran-en-la-recuperacion-de-la-memoria-bibliografica-y-documental-en-sierras-chicas\/\"]}]},{\"@type\":\"ImageObject\",\"inLanguage\":\"es\",\"@id\":\"https:\/\/ffyh.unc.edu.ar\/extension\/2015\/03\/27\/mas-de-cuarenta-estudiantes-participaran-en-la-recuperacion-de-la-memoria-bibliografica-y-documental-en-sierras-chicas\/#primaryimage\",\"url\":\"https:\/\/ffyh.unc.edu.ar\/extension\/wp-content\/uploads\/sites\/2\/2015\/03\/inundaddos-2.jpg\",\"contentUrl\":\"https:\/\/ffyh.unc.edu.ar\/extension\/wp-content\/uploads\/sites\/2\/2015\/03\/inundaddos-2.jpg\",\"width\":500,\"height\":375},{\"@type\":\"BreadcrumbList\",\"@id\":\"https:\/\/ffyh.unc.edu.ar\/extension\/2015\/03\/27\/mas-de-cuarenta-estudiantes-participaran-en-la-recuperacion-de-la-memoria-bibliografica-y-documental-en-sierras-chicas\/#breadcrumb\",\"itemListElement\":[{\"@type\":\"ListItem\",\"position\":1,\"name\":\"Portada\",\"item\":\"https:\/\/ffyh.unc.edu.ar\/extension\/\"},{\"@type\":\"ListItem\",\"position\":2,\"name\":\"M\u00e1s de cuarenta estudiantes participar\u00e1n en la recuperaci\u00f3n de la memoria bibliogr\u00e1fica y documental en Sierras Chicas\"}]},{\"@type\":\"WebSite\",\"@id\":\"https:\/\/ffyh.unc.edu.ar\/extension\/#website\",\"url\":\"https:\/\/ffyh.unc.edu.ar\/extension\/\",\"name\":\"Secretar\u00eda de Extensi\u00f3n\",\"description\":\"Facultad de Filosof\u00eda y Humanidades - Universidad Nacional de C\u00f3rdoba\",\"publisher\":{\"@id\":\"https:\/\/ffyh.unc.edu.ar\/extension\/#organization\"},\"potentialAction\":[{\"@type\":\"SearchAction\",\"target\":{\"@type\":\"EntryPoint\",\"urlTemplate\":\"https:\/\/ffyh.unc.edu.ar\/extension\/?s={search_term_string}\"},\"query-input\":{\"@type\":\"PropertyValueSpecification\",\"valueRequired\":true,\"valueName\":\"search_term_string\"}}],\"inLanguage\":\"es\"},{\"@type\":\"Organization\",\"@id\":\"https:\/\/ffyh.unc.edu.ar\/extension\/#organization\",\"name\":\"Secretar\u00eda de Extensi\u00f3n - Facultad de Filosof\u00eda y Humanidades - Universidad Nacional de C\u00f3rdoba\",\"url\":\"https:\/\/ffyh.unc.edu.ar\/extension\/\",\"logo\":{\"@type\":\"ImageObject\",\"inLanguage\":\"es\",\"@id\":\"https:\/\/ffyh.unc.edu.ar\/extension\/#\/schema\/logo\/image\/\",\"url\":\"https:\/\/ffyh.unc.edu.ar\/extension\/wp-content\/uploads\/sites\/2\/2018\/08\/logo-extension-chico.jpg\",\"contentUrl\":\"https:\/\/ffyh.unc.edu.ar\/extension\/wp-content\/uploads\/sites\/2\/2018\/08\/logo-extension-chico.jpg\",\"width\":314,\"height\":119,\"caption\":\"Secretar\u00eda de Extensi\u00f3n - Facultad de Filosof\u00eda y Humanidades - Universidad Nacional de C\u00f3rdoba\"},\"image\":{\"@id\":\"https:\/\/ffyh.unc.edu.ar\/extension\/#\/schema\/logo\/image\/\"},\"sameAs\":[\"https:\/\/www.facebook.com\/extensionffyh\",\"https:\/\/www.instagram.com\/extensionffyh\/\",\"https:\/\/www.youtube.com\/channel\/UCTgN4nvMQE7ktBcgujEI-EA\"]},{\"@type\":\"Person\",\"@id\":\"https:\/\/ffyh.unc.edu.ar\/extension\/#\/schema\/person\/c429cdff3a192a7081944182246c3689\",\"name\":\"extension\",\"url\":\"https:\/\/ffyh.unc.edu.ar\/extension\/author\/extension\/\"}]}<\/script>\n<!-- \/ Yoast SEO plugin. -->","yoast_head_json":{"title":"M\u00e1s de cuarenta estudiantes participar\u00e1n en la recuperaci\u00f3n de la memoria bibliogr\u00e1fica y documental en Sierras Chicas - Secretar\u00eda de Extensi\u00f3n","robots":{"index":"index","follow":"follow","max-snippet":"max-snippet:-1","max-image-preview":"max-image-preview:large","max-video-preview":"max-video-preview:-1"},"canonical":"https:\/\/ffyh.unc.edu.ar\/extension\/2015\/03\/27\/mas-de-cuarenta-estudiantes-participaran-en-la-recuperacion-de-la-memoria-bibliografica-y-documental-en-sierras-chicas\/","og_locale":"es_ES","og_type":"article","og_title":"M\u00e1s de cuarenta estudiantes participar\u00e1n en la recuperaci\u00f3n de la memoria bibliogr\u00e1fica y documental en Sierras Chicas - Secretar\u00eda de Extensi\u00f3n","og_description":"Con profunda alegr\u00eda la Secretar\u00eda de Extensi\u00f3n de la FFyH informa que cuarenta y cuatro alumnos de las carreras de","og_url":"https:\/\/ffyh.unc.edu.ar\/extension\/2015\/03\/27\/mas-de-cuarenta-estudiantes-participaran-en-la-recuperacion-de-la-memoria-bibliografica-y-documental-en-sierras-chicas\/","og_site_name":"Secretar\u00eda de Extensi\u00f3n","article_publisher":"https:\/\/www.facebook.com\/extensionffyh","article_published_time":"2015-03-27T15:37:53+00:00","og_image":[{"url":"http:\/\/ffyh.unc.edu.ar\/extension\/wp-content\/uploads\/sites\/2\/2015\/03\/inundaddos-2-300x225.jpg","type":"","width":"","height":""}],"author":"extension","twitter_card":"summary_large_image","twitter_misc":{"Escrito por":false,"Tiempo de lectura":"1 minuto"},"schema":{"@context":"https:\/\/schema.org","@graph":[{"@type":"Article","@id":"https:\/\/ffyh.unc.edu.ar\/extension\/2015\/03\/27\/mas-de-cuarenta-estudiantes-participaran-en-la-recuperacion-de-la-memoria-bibliografica-y-documental-en-sierras-chicas\/#article","isPartOf":{"@id":"https:\/\/ffyh.unc.edu.ar\/extension\/2015\/03\/27\/mas-de-cuarenta-estudiantes-participaran-en-la-recuperacion-de-la-memoria-bibliografica-y-documental-en-sierras-chicas\/"},"author":{"name":"extension","@id":"https:\/\/ffyh.unc.edu.ar\/extension\/#\/schema\/person\/c429cdff3a192a7081944182246c3689"},"headline":"M\u00e1s de cuarenta estudiantes participar\u00e1n en la recuperaci\u00f3n de la memoria bibliogr\u00e1fica y documental en Sierras Chicas","datePublished":"2015-03-27T15:37:53+00:00","mainEntityOfPage":{"@id":"https:\/\/ffyh.unc.edu.ar\/extension\/2015\/03\/27\/mas-de-cuarenta-estudiantes-participaran-en-la-recuperacion-de-la-memoria-bibliografica-y-documental-en-sierras-chicas\/"},"wordCount":154,"commentCount":0,"publisher":{"@id":"https:\/\/ffyh.unc.edu.ar\/extension\/#organization"},"image":{"@id":"https:\/\/ffyh.unc.edu.ar\/extension\/2015\/03\/27\/mas-de-cuarenta-estudiantes-participaran-en-la-recuperacion-de-la-memoria-bibliografica-y-documental-en-sierras-chicas\/#primaryimage"},"thumbnailUrl":"http:\/\/ffyh.unc.edu.ar\/extension\/wp-content\/uploads\/sites\/2\/2015\/03\/inundaddos-2-300x225.jpg","articleSection":["Noticias"],"inLanguage":"es","potentialAction":[{"@type":"CommentAction","name":"Comment","target":["https:\/\/ffyh.unc.edu.ar\/extension\/2015\/03\/27\/mas-de-cuarenta-estudiantes-participaran-en-la-recuperacion-de-la-memoria-bibliografica-y-documental-en-sierras-chicas\/#respond"]}]},{"@type":"WebPage","@id":"https:\/\/ffyh.unc.edu.ar\/extension\/2015\/03\/27\/mas-de-cuarenta-estudiantes-participaran-en-la-recuperacion-de-la-memoria-bibliografica-y-documental-en-sierras-chicas\/","url":"https:\/\/ffyh.unc.edu.ar\/extension\/2015\/03\/27\/mas-de-cuarenta-estudiantes-participaran-en-la-recuperacion-de-la-memoria-bibliografica-y-documental-en-sierras-chicas\/","name":"M\u00e1s de cuarenta estudiantes participar\u00e1n en la recuperaci\u00f3n de la memoria bibliogr\u00e1fica y documental en Sierras Chicas - Secretar\u00eda de Extensi\u00f3n","isPartOf":{"@id":"https:\/\/ffyh.unc.edu.ar\/extension\/#website"},"primaryImageOfPage":{"@id":"https:\/\/ffyh.unc.edu.ar\/extension\/2015\/03\/27\/mas-de-cuarenta-estudiantes-participaran-en-la-recuperacion-de-la-memoria-bibliografica-y-documental-en-sierras-chicas\/#primaryimage"},"image":{"@id":"https:\/\/ffyh.unc.edu.ar\/extension\/2015\/03\/27\/mas-de-cuarenta-estudiantes-participaran-en-la-recuperacion-de-la-memoria-bibliografica-y-documental-en-sierras-chicas\/#primaryimage"},"thumbnailUrl":"http:\/\/ffyh.unc.edu.ar\/extension\/wp-content\/uploads\/sites\/2\/2015\/03\/inundaddos-2-300x225.jpg","datePublished":"2015-03-27T15:37:53+00:00","breadcrumb":{"@id":"https:\/\/ffyh.unc.edu.ar\/extension\/2015\/03\/27\/mas-de-cuarenta-estudiantes-participaran-en-la-recuperacion-de-la-memoria-bibliografica-y-documental-en-sierras-chicas\/#breadcrumb"},"inLanguage":"es","potentialAction":[{"@type":"ReadAction","target":["https:\/\/ffyh.unc.edu.ar\/extension\/2015\/03\/27\/mas-de-cuarenta-estudiantes-participaran-en-la-recuperacion-de-la-memoria-bibliografica-y-documental-en-sierras-chicas\/"]}]},{"@type":"ImageObject","inLanguage":"es","@id":"https:\/\/ffyh.unc.edu.ar\/extension\/2015\/03\/27\/mas-de-cuarenta-estudiantes-participaran-en-la-recuperacion-de-la-memoria-bibliografica-y-documental-en-sierras-chicas\/#primaryimage","url":"https:\/\/ffyh.unc.edu.ar\/extension\/wp-content\/uploads\/sites\/2\/2015\/03\/inundaddos-2.jpg","contentUrl":"https:\/\/ffyh.unc.edu.ar\/extension\/wp-content\/uploads\/sites\/2\/2015\/03\/inundaddos-2.jpg","width":500,"height":375},{"@type":"BreadcrumbList","@id":"https:\/\/ffyh.unc.edu.ar\/extension\/2015\/03\/27\/mas-de-cuarenta-estudiantes-participaran-en-la-recuperacion-de-la-memoria-bibliografica-y-documental-en-sierras-chicas\/#breadcrumb","itemListElement":[{"@type":"ListItem","position":1,"name":"Portada","item":"https:\/\/ffyh.unc.edu.ar\/extension\/"},{"@type":"ListItem","position":2,"name":"M\u00e1s de cuarenta estudiantes participar\u00e1n en la recuperaci\u00f3n de la memoria bibliogr\u00e1fica y documental en Sierras Chicas"}]},{"@type":"WebSite","@id":"https:\/\/ffyh.unc.edu.ar\/extension\/#website","url":"https:\/\/ffyh.unc.edu.ar\/extension\/","name":"Secretar\u00eda de Extensi\u00f3n","description":"Facultad de Filosof\u00eda y Humanidades - Universidad Nacional de C\u00f3rdoba","publisher":{"@id":"https:\/\/ffyh.unc.edu.ar\/extension\/#organization"},"potentialAction":[{"@type":"SearchAction","target":{"@type":"EntryPoint","urlTemplate":"https:\/\/ffyh.unc.edu.ar\/extension\/?s={search_term_string}"},"query-input":{"@type":"PropertyValueSpecification","valueRequired":true,"valueName":"search_term_string"}}],"inLanguage":"es"},{"@type":"Organization","@id":"https:\/\/ffyh.unc.edu.ar\/extension\/#organization","name":"Secretar\u00eda de Extensi\u00f3n - Facultad de Filosof\u00eda y Humanidades - Universidad Nacional de C\u00f3rdoba","url":"https:\/\/ffyh.unc.edu.ar\/extension\/","logo":{"@type":"ImageObject","inLanguage":"es","@id":"https:\/\/ffyh.unc.edu.ar\/extension\/#\/schema\/logo\/image\/","url":"https:\/\/ffyh.unc.edu.ar\/extension\/wp-content\/uploads\/sites\/2\/2018\/08\/logo-extension-chico.jpg","contentUrl":"https:\/\/ffyh.unc.edu.ar\/extension\/wp-content\/uploads\/sites\/2\/2018\/08\/logo-extension-chico.jpg","width":314,"height":119,"caption":"Secretar\u00eda de Extensi\u00f3n - Facultad de Filosof\u00eda y Humanidades - Universidad Nacional de C\u00f3rdoba"},"image":{"@id":"https:\/\/ffyh.unc.edu.ar\/extension\/#\/schema\/logo\/image\/"},"sameAs":["https:\/\/www.facebook.com\/extensionffyh","https:\/\/www.instagram.com\/extensionffyh\/","https:\/\/www.youtube.com\/channel\/UCTgN4nvMQE7ktBcgujEI-EA"]},{"@type":"Person","@id":"https:\/\/ffyh.unc.edu.ar\/extension\/#\/schema\/person\/c429cdff3a192a7081944182246c3689","name":"extension","url":"https:\/\/ffyh.unc.edu.ar\/extension\/author\/extension\/"}]}},"jetpack_featured_media_url":"","_links":{"self":[{"href":"https:\/\/ffyh.unc.edu.ar\/extension\/wp-json\/wp\/v2\/posts\/1524","targetHints":{"allow":["GET"]}}],"collection":[{"href":"https:\/\/ffyh.unc.edu.ar\/extension\/wp-json\/wp\/v2\/posts"}],"about":[{"href":"https:\/\/ffyh.unc.edu.ar\/extension\/wp-json\/wp\/v2\/types\/post"}],"author":[{"embeddable":true,"href":"https:\/\/ffyh.unc.edu.ar\/extension\/wp-json\/wp\/v2\/users\/3"}],"replies":[{"embeddable":true,"href":"https:\/\/ffyh.unc.edu.ar\/extension\/wp-json\/wp\/v2\/comments?post=1524"}],"version-history":[{"count":0,"href":"https:\/\/ffyh.unc.edu.ar\/extension\/wp-json\/wp\/v2\/posts\/1524\/revisions"}],"wp:attachment":[{"href":"https:\/\/ffyh.unc.edu.ar\/extension\/wp-json\/wp\/v2\/media?parent=1524"}],"wp:term":[{"taxonomy":"category","embeddable":true,"href":"https:\/\/ffyh.unc.edu.ar\/extension\/wp-json\/wp\/v2\/categories?post=1524"},{"taxonomy":"post_tag","embeddable":true,"href":"https:\/\/ffyh.unc.edu.ar\/extension\/wp-json\/wp\/v2\/tags?post=1524"}],"curies":[{"name":"wp","href":"https:\/\/api.w.org\/{rel}","templated":true}]}}