{"id":2448,"date":"2016-06-13T13:47:40","date_gmt":"2016-06-13T16:47:40","guid":{"rendered":"http:\/\/www.ffyh.unc.edu.ar\/extension\/?p=2448"},"modified":"2016-06-13T13:47:40","modified_gmt":"2016-06-13T16:47:40","slug":"desde-este-wing","status":"publish","type":"post","link":"https:\/\/ffyh.unc.edu.ar\/extension\/2016\/06\/13\/desde-este-wing\/","title":{"rendered":"Desde este wing"},"content":{"rendered":"<p><strong><a href=\"http:\/\/ffyh.unc.edu.ar\/extension\/wp-content\/uploads\/sites\/2\/2016\/06\/2.jpg\"><img loading=\"lazy\" decoding=\"async\" class=\"alignright size-medium wp-image-2450\" src=\"http:\/\/ffyh.unc.edu.ar\/extension\/wp-content\/uploads\/sites\/2\/2016\/06\/2-300x200.jpg\" alt=\"2\" width=\"300\" height=\"200\" srcset=\"https:\/\/ffyh.unc.edu.ar\/extension\/wp-content\/uploads\/sites\/2\/2016\/06\/2-300x200.jpg 300w, https:\/\/ffyh.unc.edu.ar\/extension\/wp-content\/uploads\/sites\/2\/2016\/06\/2-768x512.jpg 768w, https:\/\/ffyh.unc.edu.ar\/extension\/wp-content\/uploads\/sites\/2\/2016\/06\/2-1024x683.jpg 1024w, https:\/\/ffyh.unc.edu.ar\/extension\/wp-content\/uploads\/sites\/2\/2016\/06\/2.jpg 1296w\" sizes=\"auto, (max-width: 300px) 100vw, 300px\" \/><\/a>El jueves 9 de junio se present\u00f3 en el Museo de Antropolog\u00eda, \u201cParate en mi esquina. Aportes para el reconocimiento del trabajo sexual\u201d. El libro fue editado por la Editorial de la FFyH, y es el primero que argumenta \u00edntegramente a favor del trabajo sexual en nuestro pa\u00eds. Se trata de un escrito colectivo cuyos autores y autoras provienen del activismo y de la academia desde distintas procedencias geogr\u00e1ficas y disciplinares. <\/strong><\/p>\n<p><!--more--><\/p>\n<p>\u201cParate en mi esquina. Aportes para el reconocimiento del trabajo sexual\u201d es una compilaci\u00f3n de art\u00edculos que se posicionan \u2013desde diferentes enfoques- a favor del reconocimiento de los servicios sexuales como un trabajo.<\/p>\n<p>Si bien en el C\u00f3digo Penal argentino, no est\u00e1 tipificado como delito, tampoco se reconoce al intercambio voluntario de servicios sexuales, como un trabajo.<\/p>\n<p>Desde abril de este a\u00f1o, en la provincia de C\u00f3rdoba comenz\u00f3 a regir el C\u00f3digo de Convivencia Ciudadana que, si bien excluy\u00f3 la figura de \u201cprostituci\u00f3n escandalosa\u201d contenida en el antiguo C\u00f3digo de Faltas; en su art\u00edculo 61 establece arrestos de hasta sesenta d\u00edas por la \u201cviolaci\u00f3n a la prohibici\u00f3n de whisker\u00edas, cabarets, clubes nocturnos, boites y establecimientos de alterne\u201d. En el mismo sentido, el art\u00edculo 81 del nuevo C\u00f3digo hace referencia a \u201cesc\u00e1ndalos y molestias a terceros\u201d. Es decir que, con estas pol\u00edticas p\u00fablicas, las trabajadoras sexuales en C\u00f3rdoba se desempe\u00f1an en condiciones de clandestinidad y con grandes vac\u00edos legales.<\/p>\n<p>En el art\u00edculo titulado \u201cLas trabajadoras sexuales tambi\u00e9n somos mujeres trabajadoras\u201d, cuyas autoras son miembros de AMMAR C\u00f3rdoba, se reclama por una legislaci\u00f3n que proteja sus derechos y que les permita dejar de ser vistas como delincuentes para ser consideradas trabajadoras aut\u00f3nomas. \u201cProponemos una ley de trabajo sexual aut\u00f3nomo o en cooperativas entre nosotras, sin un tercero que se beneficie explot\u00e1ndonos, con la seguridad del Estado en un marco de derechos humanos\u201d, manifiestan.<\/p>\n<p><a href=\"http:\/\/ffyh.unc.edu.ar\/extension\/wp-content\/uploads\/sites\/2\/2016\/06\/15.jpg\"><img loading=\"lazy\" decoding=\"async\" class=\"alignright size-large wp-image-2452\" src=\"http:\/\/ffyh.unc.edu.ar\/extension\/wp-content\/uploads\/sites\/2\/2016\/06\/15-1024x683.jpg\" alt=\"15\" width=\"1024\" height=\"683\" srcset=\"https:\/\/ffyh.unc.edu.ar\/extension\/wp-content\/uploads\/sites\/2\/2016\/06\/15-1024x683.jpg 1024w, https:\/\/ffyh.unc.edu.ar\/extension\/wp-content\/uploads\/sites\/2\/2016\/06\/15-300x200.jpg 300w, https:\/\/ffyh.unc.edu.ar\/extension\/wp-content\/uploads\/sites\/2\/2016\/06\/15-768x512.jpg 768w, https:\/\/ffyh.unc.edu.ar\/extension\/wp-content\/uploads\/sites\/2\/2016\/06\/15.jpg 1296w\" sizes=\"auto, (max-width: 1024px) 100vw, 1024px\" \/><\/a><\/p>\n<p><strong>En su esquina<\/strong><\/p>\n<p>Con la sala colmada de p\u00fablico, la presentaci\u00f3n del libro estuvo a cargo de Liliana Pereyra (integrante de la\u00a0Red por el reconocimiento de trabajo sexual y secretaria de Extensi\u00f3n de la FFyH), Juan Pablo Cuello (miembro de la Red por el Reconocimiento del Trabajo Sexual, y del equipo de t\u00e9cnicos y t\u00e9cnicas de AMMAR C\u00f3rdoba), Emmanuel Theumer (integrante del Programa de G\u00e9nero, Sociedad y Universidad de la Universidad Nacional del Litoral) y Eugenia Aravena (secretaria general de AMMAR C\u00f3rdoba).<\/p>\n<p>En primer lugar, y desde su doble pertenencia \u2013como miembro de la Facultad y compiladora-, <strong>Liliana Pereyra<\/strong> se refiri\u00f3 al libro como un \u201cinstrumento de lucha que pueda contribuir a la transformaci\u00f3n\u201d. En ese sentido, puso \u00e9nfasis en el poder que tienen las palabras para remover lo establecido: \u201cPueden hacerse leyes, pueden hacerse fallos y con ellas pueden hacer(se) cuerpos\u201d, dijo. Asimismo, la secretaria de Extensi\u00f3n explic\u00f3 que si bien los art\u00edculos de \u201cParate en mi esquina\u201d constituyen un posicionamiento a favor del reconocimiento del trabajo sexual, no se trata de un libro que \u201ccierre sentidos\u201d, sino que por el contrario, invita a discutir, revisar posturas y habilitar la posibilidad de resolver paradojas a\u00fan vigentes. \u201cEn las discusiones y debates actuales sobre esta lucha, se suele prescindir de poner en juego argumentos relacionados con el placer, el deseo o lo er\u00f3tico\u201d, manifest\u00f3 Pereyra y expres\u00f3 que \u2013la mayor\u00eda de las veces- ni defensores ni detractores por el reconocimiento del trabajo sexual pueden centrar sus argumentos \u201cen la reivindicaci\u00f3n o en el cuestionamiento del encuentro de los cuerpos en el placer\u201d.<\/p>\n<p>Para finalizar, la secretaria habl\u00f3 de la alegr\u00eda que le provoca que la Facultad de Filosof\u00eda y Humanidades, su Facultad, \u201cse haya parado en esta esquina\u201d.<\/p>\n<p><a href=\"http:\/\/ffyh.unc.edu.ar\/extension\/wp-content\/uploads\/sites\/2\/2016\/06\/19.jpg\"><img loading=\"lazy\" decoding=\"async\" class=\"alignright size-large wp-image-2451\" src=\"http:\/\/ffyh.unc.edu.ar\/extension\/wp-content\/uploads\/sites\/2\/2016\/06\/19-1024x683.jpg\" alt=\"19\" width=\"1024\" height=\"683\" srcset=\"https:\/\/ffyh.unc.edu.ar\/extension\/wp-content\/uploads\/sites\/2\/2016\/06\/19-1024x683.jpg 1024w, https:\/\/ffyh.unc.edu.ar\/extension\/wp-content\/uploads\/sites\/2\/2016\/06\/19-300x200.jpg 300w, https:\/\/ffyh.unc.edu.ar\/extension\/wp-content\/uploads\/sites\/2\/2016\/06\/19-768x512.jpg 768w, https:\/\/ffyh.unc.edu.ar\/extension\/wp-content\/uploads\/sites\/2\/2016\/06\/19.jpg 1296w\" sizes=\"auto, (max-width: 1024px) 100vw, 1024px\" \/><\/a><\/p>\n<p>Por su parte, <strong>Juan Pablo Cuello<\/strong> se refiri\u00f3 a su abordaje en el art\u00edculo \u201cMarxismo y Trabajo Sexual. Una aproximaci\u00f3n\u201d donde intenta rastrear las referencias\u00a0 a la prostituci\u00f3n en la obra de Karl Marx, Friedrich Engels y \u00a0tambi\u00e9n en trabajos Walter Benjamin. Desde esas lecturas, Cuello la prostituci\u00f3n como una de las formas de prostituci\u00f3n de todos los trabajadores: \u201cPor un lado nos obligan a vender la fuerza de trabajo, pero por el otro nos juzgan\u201d, dijo y se\u00f1al\u00f3 la importancia de \u201cimpulsar reflexiones dentro de los movimientos feministas y socialistas \u00fatiles a la lucha de las trabajadoras sexuales por sus derechos\u201d.<\/p>\n<p>En tercer lugar, tom\u00f3 la palabra <strong>Emmanuel Theumer<\/strong>, quien comenz\u00f3 su exposici\u00f3n con la siguiente pregunta: \u201c\u00bfPor qu\u00e9 la prostituci\u00f3n comenz\u00f3 a ser vista como un problema?\u201d. A partir de all\u00ed desarroll\u00f3 un recorrido hist\u00f3rico pol\u00edtico sobre la situaci\u00f3n de las trabajadoras sexuales y concluy\u00f3 que fue a partir de la segunda mitad del siglo XlX cuando se las comenz\u00f3 a considerar como \u201cun problema\u201d, ya que la prostituci\u00f3n iba en contra de la sexualidad con fines reproductivos, del encierro dom\u00e9stico de las mujeres y de la prohibici\u00f3n del salario; todos ellos \u201cengranajes claves de la m\u00e1quina capitalista\u201d, afirm\u00f3.<\/p>\n<p>Finalmente, <strong>Eugenia Aravena <\/strong>manifest\u00f3 su alegr\u00eda por la presentaci\u00f3n de \u201cParate en mi esquina\u201d y expres\u00f3 su intenci\u00f3n de que el libro \u201capure el debate\u201d sobre ciertas pol\u00edticas nacionales y provinciales que estigmatizan cada vez a las trabajadoras sexuales, empuj\u00e1ndolas a la clandestinidad, la opacidad y la criminalizaci\u00f3n.\u00a0\u00a0 \u201cEn C\u00f3rdoba hay resistencia y en algunas organizaciones se est\u00e1 debatiendo, pero afuera siguen llev\u00e1ndonos presas, clandestiniz\u00e1ndonos y explot\u00e1ndonos. Muchas de nosotras todav\u00eda tenemos que mentir sobre nuestro trabajo\u201d, afirm\u00f3.<\/p>\n<p>Adem\u00e1s, tal como se expresa en el art\u00edculo del cual es autora junto con un grupo de integrantes de AMMAR C\u00f3rdoba; Aravena dijo: \u201cNuestra lucha es por tomar la palabra, no queremos que otros hablen por nosotras, nos interesa que las palabras de los dem\u00e1s sean un aporte para las nuestras\u201d.<\/p>\n<p>Entre aplausos y ovaciones por la intervenci\u00f3n de la titular de AMMAR C\u00f3rdoba, el grupo musical \u201cEl cuarteto del amor\u201d cerr\u00f3 la presentaci\u00f3n a puro ritmo y cortejo, claro.<\/p>\n<p>&nbsp;<\/p>\n<table>\n<tbody>\n<tr>\n<td width=\"576\"><strong>Organizaci\u00f3n para la transformaci\u00f3n<\/strong><\/p>\n<p>AMMAR C\u00f3rdoba, es una asociaci\u00f3n civil conformada por mujeres mayores de edad que ejercen el trabajo sexual por decisi\u00f3n y voluntad propia. Se organizaron en el a\u00f1o 2000 y est\u00e1n adheridas a la Central de Trabajadores de la Argentina (CTA). Actualmente la asociaci\u00f3n cuenta con m\u00e1s de mil afiliadas y desarrolla acciones en cuatro \u00e1reas: educaci\u00f3n, salud, ni\u00f1ez y extensi\u00f3n comunitaria. Adem\u00e1s, articula con otras organizaciones sociales y pol\u00edticas. Tal es el caso de la Red por el Reconocimiento del Trabajo Sexual (RRTS), compuesta por equipos de investigaci\u00f3n, acad\u00e9micos, activistas, artistas, organizaciones sociales y personas independientes desde donde se \u201cpromueve el reconocimiento del intercambio voluntario de servicios sexuales por una compensaci\u00f3n econ\u00f3mica como trabajo\u201d.<\/td>\n<\/tr>\n<\/tbody>\n<\/table>\n<h6><strong>Fuentes:<\/strong><\/h6>\n<h6>-\u201cParate en mi esquina. Aportes para el reconocimiento del trabajo sexual\u201d. Editorial de la Facultad de Filosof\u00eda y Humanidades de la UNC.<\/h6>\n<h6>Compilado por: Aravena, Eugenia; Pereyra, Liliana V; S\u00e1nchez, Laura Judith y Vaggione, Juan Marco. 1\u00ba ed., C\u00f3rdoba UNC, 2015. 247p.<\/h6>\n<h6>Ilustraci\u00f3n de tapa: \u201cLa marcha de las meretrices\u201d de Jorge Cuello.<\/h6>\n<h6>Dise\u00f1o de tapa: Manuel Coll<\/h6>\n<h6>Maqueta: Juan Premat<\/h6>\n<h6>Impreso en marzo de 2016<\/h6>\n<h6>&#8211;<a href=\"https:\/\/drive.google.com\/file\/d\/0B2qfE-t-y2laOGFvaGctX3l1Qms\/view?pref=2&amp;pli=1\" target=\"_blank\">\u201cGu\u00eda para el abordaje period\u00edstico del Trabajo Sexual\u201d. AMMAR C\u00f3rdoba, CTA y RRTS. C\u00f3rdoba, 2016.<\/a><\/h6>\n<p style=\"text-align: right\"><strong>Texto y fotos:<\/strong> Georgina Ricardi<\/p>\n<p><a href=\"http:\/\/ffyh.unc.edu.ar\/extension\/wp-content\/uploads\/sites\/2\/2016\/06\/1.jpg\"><img loading=\"lazy\" decoding=\"async\" class=\"alignright wp-image-2453 size-full\" src=\"http:\/\/ffyh.unc.edu.ar\/extension\/wp-content\/uploads\/sites\/2\/2016\/06\/1.jpg\" alt=\"1\" width=\"1296\" height=\"864\" srcset=\"https:\/\/ffyh.unc.edu.ar\/extension\/wp-content\/uploads\/sites\/2\/2016\/06\/1.jpg 1296w, https:\/\/ffyh.unc.edu.ar\/extension\/wp-content\/uploads\/sites\/2\/2016\/06\/1-300x200.jpg 300w, https:\/\/ffyh.unc.edu.ar\/extension\/wp-content\/uploads\/sites\/2\/2016\/06\/1-768x512.jpg 768w, https:\/\/ffyh.unc.edu.ar\/extension\/wp-content\/uploads\/sites\/2\/2016\/06\/1-1024x683.jpg 1024w\" sizes=\"auto, (max-width: 1296px) 100vw, 1296px\" \/><\/a><a href=\"http:\/\/ffyh.unc.edu.ar\/extension\/wp-content\/uploads\/sites\/2\/2016\/06\/re.jpg\"><img loading=\"lazy\" decoding=\"async\" class=\"alignright wp-image-2454 size-full\" src=\"http:\/\/ffyh.unc.edu.ar\/extension\/wp-content\/uploads\/sites\/2\/2016\/06\/re.jpg\" alt=\"re\" width=\"2048\" height=\"1202\" srcset=\"https:\/\/ffyh.unc.edu.ar\/extension\/wp-content\/uploads\/sites\/2\/2016\/06\/re.jpg 2048w, https:\/\/ffyh.unc.edu.ar\/extension\/wp-content\/uploads\/sites\/2\/2016\/06\/re-300x176.jpg 300w, https:\/\/ffyh.unc.edu.ar\/extension\/wp-content\/uploads\/sites\/2\/2016\/06\/re-768x451.jpg 768w, https:\/\/ffyh.unc.edu.ar\/extension\/wp-content\/uploads\/sites\/2\/2016\/06\/re-1024x601.jpg 1024w\" sizes=\"auto, (max-width: 2048px) 100vw, 2048px\" \/><\/a>Fotograf\u00eda cedida por la <a href=\"https:\/\/www.facebook.com\/redporelreconocimiento\/?fref=ts\" target=\"_blank\">Red por el reconocimiento de trabajo sexual<\/a><\/p>\n<p><a href=\"http:\/\/ffyh.unc.edu.ar\/extension\/wp-content\/uploads\/sites\/2\/2016\/06\/5.jpg\"><img loading=\"lazy\" decoding=\"async\" class=\"alignleft wp-image-2455 size-full\" src=\"http:\/\/ffyh.unc.edu.ar\/extension\/wp-content\/uploads\/sites\/2\/2016\/06\/5.jpg\" alt=\"5\" width=\"864\" height=\"1296\" srcset=\"https:\/\/ffyh.unc.edu.ar\/extension\/wp-content\/uploads\/sites\/2\/2016\/06\/5.jpg 864w, https:\/\/ffyh.unc.edu.ar\/extension\/wp-content\/uploads\/sites\/2\/2016\/06\/5-200x300.jpg 200w, https:\/\/ffyh.unc.edu.ar\/extension\/wp-content\/uploads\/sites\/2\/2016\/06\/5-768x1152.jpg 768w, https:\/\/ffyh.unc.edu.ar\/extension\/wp-content\/uploads\/sites\/2\/2016\/06\/5-683x1024.jpg 683w\" sizes=\"auto, (max-width: 864px) 100vw, 864px\" \/><\/a><\/p>\n<p><a href=\"http:\/\/ffyh.unc.edu.ar\/extension\/wp-content\/uploads\/sites\/2\/2016\/06\/6.jpg\"><img loading=\"lazy\" decoding=\"async\" class=\"alignleft wp-image-2456 size-full\" src=\"http:\/\/ffyh.unc.edu.ar\/extension\/wp-content\/uploads\/sites\/2\/2016\/06\/6.jpg\" alt=\"6\" width=\"864\" height=\"1296\" srcset=\"https:\/\/ffyh.unc.edu.ar\/extension\/wp-content\/uploads\/sites\/2\/2016\/06\/6.jpg 864w, https:\/\/ffyh.unc.edu.ar\/extension\/wp-content\/uploads\/sites\/2\/2016\/06\/6-200x300.jpg 200w, https:\/\/ffyh.unc.edu.ar\/extension\/wp-content\/uploads\/sites\/2\/2016\/06\/6-768x1152.jpg 768w, https:\/\/ffyh.unc.edu.ar\/extension\/wp-content\/uploads\/sites\/2\/2016\/06\/6-683x1024.jpg 683w\" sizes=\"auto, (max-width: 864px) 100vw, 864px\" \/><\/a><a href=\"http:\/\/ffyh.unc.edu.ar\/extension\/wp-content\/uploads\/sites\/2\/2016\/06\/9.jpg\"><img loading=\"lazy\" decoding=\"async\" class=\"alignright wp-image-2457 size-full\" src=\"http:\/\/ffyh.unc.edu.ar\/extension\/wp-content\/uploads\/sites\/2\/2016\/06\/9.jpg\" alt=\"9\" width=\"1296\" height=\"864\" srcset=\"https:\/\/ffyh.unc.edu.ar\/extension\/wp-content\/uploads\/sites\/2\/2016\/06\/9.jpg 1296w, https:\/\/ffyh.unc.edu.ar\/extension\/wp-content\/uploads\/sites\/2\/2016\/06\/9-300x200.jpg 300w, https:\/\/ffyh.unc.edu.ar\/extension\/wp-content\/uploads\/sites\/2\/2016\/06\/9-768x512.jpg 768w, https:\/\/ffyh.unc.edu.ar\/extension\/wp-content\/uploads\/sites\/2\/2016\/06\/9-1024x683.jpg 1024w\" sizes=\"auto, (max-width: 1296px) 100vw, 1296px\" \/><\/a> <a href=\"http:\/\/ffyh.unc.edu.ar\/extension\/wp-content\/uploads\/sites\/2\/2016\/06\/7.jpg\"><img loading=\"lazy\" decoding=\"async\" class=\"alignleft wp-image-2458 size-full\" src=\"http:\/\/ffyh.unc.edu.ar\/extension\/wp-content\/uploads\/sites\/2\/2016\/06\/7.jpg\" alt=\"7\" width=\"864\" height=\"1296\" srcset=\"https:\/\/ffyh.unc.edu.ar\/extension\/wp-content\/uploads\/sites\/2\/2016\/06\/7.jpg 864w, https:\/\/ffyh.unc.edu.ar\/extension\/wp-content\/uploads\/sites\/2\/2016\/06\/7-200x300.jpg 200w, https:\/\/ffyh.unc.edu.ar\/extension\/wp-content\/uploads\/sites\/2\/2016\/06\/7-768x1152.jpg 768w, https:\/\/ffyh.unc.edu.ar\/extension\/wp-content\/uploads\/sites\/2\/2016\/06\/7-683x1024.jpg 683w\" sizes=\"auto, (max-width: 864px) 100vw, 864px\" \/><\/a> <a href=\"http:\/\/ffyh.unc.edu.ar\/extension\/wp-content\/uploads\/sites\/2\/2016\/06\/35.jpg\"><img loading=\"lazy\" decoding=\"async\" class=\"alignright wp-image-2460 size-full\" src=\"http:\/\/ffyh.unc.edu.ar\/extension\/wp-content\/uploads\/sites\/2\/2016\/06\/35.jpg\" alt=\"35\" width=\"1296\" height=\"864\" srcset=\"https:\/\/ffyh.unc.edu.ar\/extension\/wp-content\/uploads\/sites\/2\/2016\/06\/35.jpg 1296w, https:\/\/ffyh.unc.edu.ar\/extension\/wp-content\/uploads\/sites\/2\/2016\/06\/35-300x200.jpg 300w, https:\/\/ffyh.unc.edu.ar\/extension\/wp-content\/uploads\/sites\/2\/2016\/06\/35-768x512.jpg 768w, https:\/\/ffyh.unc.edu.ar\/extension\/wp-content\/uploads\/sites\/2\/2016\/06\/35-1024x683.jpg 1024w\" sizes=\"auto, (max-width: 1296px) 100vw, 1296px\" \/><\/a> <a href=\"http:\/\/ffyh.unc.edu.ar\/extension\/wp-content\/uploads\/sites\/2\/2016\/06\/10.jpg\"><img loading=\"lazy\" decoding=\"async\" class=\"alignright wp-image-2461 size-full\" src=\"http:\/\/ffyh.unc.edu.ar\/extension\/wp-content\/uploads\/sites\/2\/2016\/06\/10.jpg\" alt=\"10\" width=\"1296\" height=\"864\" srcset=\"https:\/\/ffyh.unc.edu.ar\/extension\/wp-content\/uploads\/sites\/2\/2016\/06\/10.jpg 1296w, https:\/\/ffyh.unc.edu.ar\/extension\/wp-content\/uploads\/sites\/2\/2016\/06\/10-300x200.jpg 300w, https:\/\/ffyh.unc.edu.ar\/extension\/wp-content\/uploads\/sites\/2\/2016\/06\/10-768x512.jpg 768w, https:\/\/ffyh.unc.edu.ar\/extension\/wp-content\/uploads\/sites\/2\/2016\/06\/10-1024x683.jpg 1024w\" sizes=\"auto, (max-width: 1296px) 100vw, 1296px\" \/><\/a> <a href=\"http:\/\/ffyh.unc.edu.ar\/extension\/wp-content\/uploads\/sites\/2\/2016\/06\/12.jpg\"><img loading=\"lazy\" decoding=\"async\" class=\"alignright wp-image-2462 size-full\" src=\"http:\/\/ffyh.unc.edu.ar\/extension\/wp-content\/uploads\/sites\/2\/2016\/06\/12.jpg\" alt=\"12\" width=\"1296\" height=\"864\" srcset=\"https:\/\/ffyh.unc.edu.ar\/extension\/wp-content\/uploads\/sites\/2\/2016\/06\/12.jpg 1296w, https:\/\/ffyh.unc.edu.ar\/extension\/wp-content\/uploads\/sites\/2\/2016\/06\/12-300x200.jpg 300w, https:\/\/ffyh.unc.edu.ar\/extension\/wp-content\/uploads\/sites\/2\/2016\/06\/12-768x512.jpg 768w, https:\/\/ffyh.unc.edu.ar\/extension\/wp-content\/uploads\/sites\/2\/2016\/06\/12-1024x683.jpg 1024w\" sizes=\"auto, (max-width: 1296px) 100vw, 1296px\" \/><\/a> <a href=\"http:\/\/ffyh.unc.edu.ar\/extension\/wp-content\/uploads\/sites\/2\/2016\/06\/20.jpg\"><img loading=\"lazy\" decoding=\"async\" class=\"alignright wp-image-2464 size-full\" src=\"http:\/\/ffyh.unc.edu.ar\/extension\/wp-content\/uploads\/sites\/2\/2016\/06\/20.jpg\" alt=\"20\" width=\"1296\" height=\"864\" srcset=\"https:\/\/ffyh.unc.edu.ar\/extension\/wp-content\/uploads\/sites\/2\/2016\/06\/20.jpg 1296w, https:\/\/ffyh.unc.edu.ar\/extension\/wp-content\/uploads\/sites\/2\/2016\/06\/20-300x200.jpg 300w, https:\/\/ffyh.unc.edu.ar\/extension\/wp-content\/uploads\/sites\/2\/2016\/06\/20-768x512.jpg 768w, https:\/\/ffyh.unc.edu.ar\/extension\/wp-content\/uploads\/sites\/2\/2016\/06\/20-1024x683.jpg 1024w\" sizes=\"auto, (max-width: 1296px) 100vw, 1296px\" \/><\/a> <a href=\"http:\/\/ffyh.unc.edu.ar\/extension\/wp-content\/uploads\/sites\/2\/2016\/06\/22.jpg\"><img loading=\"lazy\" decoding=\"async\" class=\"alignright wp-image-2465 size-full\" src=\"http:\/\/ffyh.unc.edu.ar\/extension\/wp-content\/uploads\/sites\/2\/2016\/06\/22.jpg\" alt=\"22\" width=\"1296\" height=\"864\" srcset=\"https:\/\/ffyh.unc.edu.ar\/extension\/wp-content\/uploads\/sites\/2\/2016\/06\/22.jpg 1296w, https:\/\/ffyh.unc.edu.ar\/extension\/wp-content\/uploads\/sites\/2\/2016\/06\/22-300x200.jpg 300w, https:\/\/ffyh.unc.edu.ar\/extension\/wp-content\/uploads\/sites\/2\/2016\/06\/22-768x512.jpg 768w, https:\/\/ffyh.unc.edu.ar\/extension\/wp-content\/uploads\/sites\/2\/2016\/06\/22-1024x683.jpg 1024w\" sizes=\"auto, (max-width: 1296px) 100vw, 1296px\" \/><\/a> <a href=\"http:\/\/ffyh.unc.edu.ar\/extension\/wp-content\/uploads\/sites\/2\/2016\/06\/24.jpg\"><img loading=\"lazy\" decoding=\"async\" class=\"alignright wp-image-2466 size-full\" src=\"http:\/\/ffyh.unc.edu.ar\/extension\/wp-content\/uploads\/sites\/2\/2016\/06\/24.jpg\" alt=\"24\" width=\"1296\" height=\"864\" srcset=\"https:\/\/ffyh.unc.edu.ar\/extension\/wp-content\/uploads\/sites\/2\/2016\/06\/24.jpg 1296w, https:\/\/ffyh.unc.edu.ar\/extension\/wp-content\/uploads\/sites\/2\/2016\/06\/24-300x200.jpg 300w, https:\/\/ffyh.unc.edu.ar\/extension\/wp-content\/uploads\/sites\/2\/2016\/06\/24-768x512.jpg 768w, https:\/\/ffyh.unc.edu.ar\/extension\/wp-content\/uploads\/sites\/2\/2016\/06\/24-1024x683.jpg 1024w\" sizes=\"auto, (max-width: 1296px) 100vw, 1296px\" \/><\/a> <a href=\"http:\/\/ffyh.unc.edu.ar\/extension\/wp-content\/uploads\/sites\/2\/2016\/06\/26.jpg\"><img loading=\"lazy\" decoding=\"async\" class=\"alignright wp-image-2467 size-full\" src=\"http:\/\/ffyh.unc.edu.ar\/extension\/wp-content\/uploads\/sites\/2\/2016\/06\/26.jpg\" alt=\"26\" width=\"1296\" height=\"864\" srcset=\"https:\/\/ffyh.unc.edu.ar\/extension\/wp-content\/uploads\/sites\/2\/2016\/06\/26.jpg 1296w, https:\/\/ffyh.unc.edu.ar\/extension\/wp-content\/uploads\/sites\/2\/2016\/06\/26-300x200.jpg 300w, https:\/\/ffyh.unc.edu.ar\/extension\/wp-content\/uploads\/sites\/2\/2016\/06\/26-768x512.jpg 768w, https:\/\/ffyh.unc.edu.ar\/extension\/wp-content\/uploads\/sites\/2\/2016\/06\/26-1024x683.jpg 1024w\" sizes=\"auto, (max-width: 1296px) 100vw, 1296px\" \/><\/a> <a href=\"http:\/\/ffyh.unc.edu.ar\/extension\/wp-content\/uploads\/sites\/2\/2016\/06\/28.jpg\"><img loading=\"lazy\" decoding=\"async\" class=\"alignright wp-image-2468 size-full\" src=\"http:\/\/ffyh.unc.edu.ar\/extension\/wp-content\/uploads\/sites\/2\/2016\/06\/28.jpg\" alt=\"28\" width=\"1296\" height=\"864\" srcset=\"https:\/\/ffyh.unc.edu.ar\/extension\/wp-content\/uploads\/sites\/2\/2016\/06\/28.jpg 1296w, https:\/\/ffyh.unc.edu.ar\/extension\/wp-content\/uploads\/sites\/2\/2016\/06\/28-300x200.jpg 300w, https:\/\/ffyh.unc.edu.ar\/extension\/wp-content\/uploads\/sites\/2\/2016\/06\/28-768x512.jpg 768w, https:\/\/ffyh.unc.edu.ar\/extension\/wp-content\/uploads\/sites\/2\/2016\/06\/28-1024x683.jpg 1024w\" sizes=\"auto, (max-width: 1296px) 100vw, 1296px\" \/><\/a> <a href=\"http:\/\/ffyh.unc.edu.ar\/extension\/wp-content\/uploads\/sites\/2\/2016\/06\/30-1.jpg\"><img loading=\"lazy\" decoding=\"async\" class=\"alignright wp-image-2469 size-full\" src=\"http:\/\/ffyh.unc.edu.ar\/extension\/wp-content\/uploads\/sites\/2\/2016\/06\/30-1.jpg\" alt=\"30\" width=\"1296\" height=\"864\" srcset=\"https:\/\/ffyh.unc.edu.ar\/extension\/wp-content\/uploads\/sites\/2\/2016\/06\/30-1.jpg 1296w, https:\/\/ffyh.unc.edu.ar\/extension\/wp-content\/uploads\/sites\/2\/2016\/06\/30-1-300x200.jpg 300w, https:\/\/ffyh.unc.edu.ar\/extension\/wp-content\/uploads\/sites\/2\/2016\/06\/30-1-768x512.jpg 768w, https:\/\/ffyh.unc.edu.ar\/extension\/wp-content\/uploads\/sites\/2\/2016\/06\/30-1-1024x683.jpg 1024w\" sizes=\"auto, (max-width: 1296px) 100vw, 1296px\" \/><\/a> <a href=\"http:\/\/ffyh.unc.edu.ar\/extension\/wp-content\/uploads\/sites\/2\/2016\/06\/33.jpg\"><img loading=\"lazy\" decoding=\"async\" class=\"alignright wp-image-2470 size-full\" src=\"http:\/\/ffyh.unc.edu.ar\/extension\/wp-content\/uploads\/sites\/2\/2016\/06\/33.jpg\" alt=\"33\" width=\"1296\" height=\"864\" srcset=\"https:\/\/ffyh.unc.edu.ar\/extension\/wp-content\/uploads\/sites\/2\/2016\/06\/33.jpg 1296w, https:\/\/ffyh.unc.edu.ar\/extension\/wp-content\/uploads\/sites\/2\/2016\/06\/33-300x200.jpg 300w, https:\/\/ffyh.unc.edu.ar\/extension\/wp-content\/uploads\/sites\/2\/2016\/06\/33-768x512.jpg 768w, https:\/\/ffyh.unc.edu.ar\/extension\/wp-content\/uploads\/sites\/2\/2016\/06\/33-1024x683.jpg 1024w\" sizes=\"auto, (max-width: 1296px) 100vw, 1296px\" \/><\/a> <a href=\"http:\/\/ffyh.unc.edu.ar\/extension\/wp-content\/uploads\/sites\/2\/2016\/06\/34.jpg\"><img loading=\"lazy\" decoding=\"async\" class=\"alignright wp-image-2471 size-full\" src=\"http:\/\/ffyh.unc.edu.ar\/extension\/wp-content\/uploads\/sites\/2\/2016\/06\/34.jpg\" alt=\"34\" width=\"1296\" height=\"864\" srcset=\"https:\/\/ffyh.unc.edu.ar\/extension\/wp-content\/uploads\/sites\/2\/2016\/06\/34.jpg 1296w, https:\/\/ffyh.unc.edu.ar\/extension\/wp-content\/uploads\/sites\/2\/2016\/06\/34-300x200.jpg 300w, https:\/\/ffyh.unc.edu.ar\/extension\/wp-content\/uploads\/sites\/2\/2016\/06\/34-768x512.jpg 768w, https:\/\/ffyh.unc.edu.ar\/extension\/wp-content\/uploads\/sites\/2\/2016\/06\/34-1024x683.jpg 1024w\" sizes=\"auto, (max-width: 1296px) 100vw, 1296px\" \/><\/a><a href=\"http:\/\/ffyh.unc.edu.ar\/extension\/wp-content\/uploads\/sites\/2\/2016\/06\/red1.jpg\"><img loading=\"lazy\" decoding=\"async\" class=\"alignright wp-image-2472 size-full\" src=\"http:\/\/ffyh.unc.edu.ar\/extension\/wp-content\/uploads\/sites\/2\/2016\/06\/red1.jpg\" alt=\"red1\" width=\"2048\" height=\"1270\" srcset=\"https:\/\/ffyh.unc.edu.ar\/extension\/wp-content\/uploads\/sites\/2\/2016\/06\/red1.jpg 2048w, https:\/\/ffyh.unc.edu.ar\/extension\/wp-content\/uploads\/sites\/2\/2016\/06\/red1-300x186.jpg 300w, https:\/\/ffyh.unc.edu.ar\/extension\/wp-content\/uploads\/sites\/2\/2016\/06\/red1-768x476.jpg 768w, https:\/\/ffyh.unc.edu.ar\/extension\/wp-content\/uploads\/sites\/2\/2016\/06\/red1-1024x635.jpg 1024w\" sizes=\"auto, (max-width: 2048px) 100vw, 2048px\" \/><\/a><\/p>\n","protected":false},"excerpt":{"rendered":"<p>El jueves 9 de junio se present\u00f3 en el Museo de Antropolog\u00eda, \u201cParate en mi esquina. Aportes para el reconocimiento<\/p>\n","protected":false},"author":3,"featured_media":0,"comment_status":"open","ping_status":"open","sticky":false,"template":"","format":"standard","meta":{"_acf_changed":false,"colormag_page_container_layout":"default_layout","colormag_page_sidebar_layout":"default_layout","footnotes":""},"categories":[12],"tags":[],"class_list":["post-2448","post","type-post","status-publish","format-standard","hentry","category-noticias"],"acf":[],"yoast_head":"<!-- This site is optimized with the Yoast SEO plugin v27.1.1 - https:\/\/yoast.com\/product\/yoast-seo-wordpress\/ -->\n<title>Desde este wing - Secretar\u00eda de Extensi\u00f3n<\/title>\n<meta name=\"robots\" content=\"index, follow, max-snippet:-1, max-image-preview:large, max-video-preview:-1\" \/>\n<link rel=\"canonical\" href=\"https:\/\/ffyh.unc.edu.ar\/extension\/2016\/06\/13\/desde-este-wing\/\" \/>\n<meta property=\"og:locale\" content=\"es_ES\" \/>\n<meta property=\"og:type\" content=\"article\" \/>\n<meta property=\"og:title\" content=\"Desde este wing - Secretar\u00eda de Extensi\u00f3n\" \/>\n<meta property=\"og:description\" content=\"El jueves 9 de junio se present\u00f3 en el Museo de Antropolog\u00eda, \u201cParate en mi esquina. Aportes para el reconocimiento\" \/>\n<meta property=\"og:url\" content=\"https:\/\/ffyh.unc.edu.ar\/extension\/2016\/06\/13\/desde-este-wing\/\" \/>\n<meta property=\"og:site_name\" content=\"Secretar\u00eda de Extensi\u00f3n\" \/>\n<meta property=\"article:publisher\" content=\"https:\/\/www.facebook.com\/extensionffyh\" \/>\n<meta property=\"article:published_time\" content=\"2016-06-13T16:47:40+00:00\" \/>\n<meta property=\"og:image\" content=\"http:\/\/ffyh.unc.edu.ar\/extension\/wp-content\/uploads\/sites\/2\/2016\/06\/2-300x200.jpg\" \/>\n<meta name=\"author\" content=\"extension\" \/>\n<meta name=\"twitter:card\" content=\"summary_large_image\" \/>\n<meta name=\"twitter:label1\" content=\"Escrito por\" \/>\n\t<meta name=\"twitter:data1\" content=\"\" \/>\n\t<meta name=\"twitter:label2\" content=\"Tiempo de lectura\" \/>\n\t<meta name=\"twitter:data2\" content=\"6 minutos\" \/>\n<script type=\"application\/ld+json\" class=\"yoast-schema-graph\">{\"@context\":\"https:\/\/schema.org\",\"@graph\":[{\"@type\":\"Article\",\"@id\":\"https:\/\/ffyh.unc.edu.ar\/extension\/2016\/06\/13\/desde-este-wing\/#article\",\"isPartOf\":{\"@id\":\"https:\/\/ffyh.unc.edu.ar\/extension\/2016\/06\/13\/desde-este-wing\/\"},\"author\":{\"name\":\"extension\",\"@id\":\"https:\/\/ffyh.unc.edu.ar\/extension\/#\/schema\/person\/c429cdff3a192a7081944182246c3689\"},\"headline\":\"Desde este wing\",\"datePublished\":\"2016-06-13T16:47:40+00:00\",\"mainEntityOfPage\":{\"@id\":\"https:\/\/ffyh.unc.edu.ar\/extension\/2016\/06\/13\/desde-este-wing\/\"},\"wordCount\":1275,\"commentCount\":0,\"publisher\":{\"@id\":\"https:\/\/ffyh.unc.edu.ar\/extension\/#organization\"},\"image\":{\"@id\":\"https:\/\/ffyh.unc.edu.ar\/extension\/2016\/06\/13\/desde-este-wing\/#primaryimage\"},\"thumbnailUrl\":\"http:\/\/ffyh.unc.edu.ar\/extension\/wp-content\/uploads\/sites\/2\/2016\/06\/2-300x200.jpg\",\"articleSection\":[\"Noticias\"],\"inLanguage\":\"es\",\"potentialAction\":[{\"@type\":\"CommentAction\",\"name\":\"Comment\",\"target\":[\"https:\/\/ffyh.unc.edu.ar\/extension\/2016\/06\/13\/desde-este-wing\/#respond\"]}]},{\"@type\":\"WebPage\",\"@id\":\"https:\/\/ffyh.unc.edu.ar\/extension\/2016\/06\/13\/desde-este-wing\/\",\"url\":\"https:\/\/ffyh.unc.edu.ar\/extension\/2016\/06\/13\/desde-este-wing\/\",\"name\":\"Desde este wing - Secretar\u00eda de Extensi\u00f3n\",\"isPartOf\":{\"@id\":\"https:\/\/ffyh.unc.edu.ar\/extension\/#website\"},\"primaryImageOfPage\":{\"@id\":\"https:\/\/ffyh.unc.edu.ar\/extension\/2016\/06\/13\/desde-este-wing\/#primaryimage\"},\"image\":{\"@id\":\"https:\/\/ffyh.unc.edu.ar\/extension\/2016\/06\/13\/desde-este-wing\/#primaryimage\"},\"thumbnailUrl\":\"http:\/\/ffyh.unc.edu.ar\/extension\/wp-content\/uploads\/sites\/2\/2016\/06\/2-300x200.jpg\",\"datePublished\":\"2016-06-13T16:47:40+00:00\",\"breadcrumb\":{\"@id\":\"https:\/\/ffyh.unc.edu.ar\/extension\/2016\/06\/13\/desde-este-wing\/#breadcrumb\"},\"inLanguage\":\"es\",\"potentialAction\":[{\"@type\":\"ReadAction\",\"target\":[\"https:\/\/ffyh.unc.edu.ar\/extension\/2016\/06\/13\/desde-este-wing\/\"]}]},{\"@type\":\"ImageObject\",\"inLanguage\":\"es\",\"@id\":\"https:\/\/ffyh.unc.edu.ar\/extension\/2016\/06\/13\/desde-este-wing\/#primaryimage\",\"url\":\"https:\/\/ffyh.unc.edu.ar\/extension\/wp-content\/uploads\/sites\/2\/2016\/06\/2.jpg\",\"contentUrl\":\"https:\/\/ffyh.unc.edu.ar\/extension\/wp-content\/uploads\/sites\/2\/2016\/06\/2.jpg\",\"width\":1296,\"height\":864},{\"@type\":\"BreadcrumbList\",\"@id\":\"https:\/\/ffyh.unc.edu.ar\/extension\/2016\/06\/13\/desde-este-wing\/#breadcrumb\",\"itemListElement\":[{\"@type\":\"ListItem\",\"position\":1,\"name\":\"Portada\",\"item\":\"https:\/\/ffyh.unc.edu.ar\/extension\/\"},{\"@type\":\"ListItem\",\"position\":2,\"name\":\"Desde este wing\"}]},{\"@type\":\"WebSite\",\"@id\":\"https:\/\/ffyh.unc.edu.ar\/extension\/#website\",\"url\":\"https:\/\/ffyh.unc.edu.ar\/extension\/\",\"name\":\"Secretar\u00eda de Extensi\u00f3n\",\"description\":\"Facultad de Filosof\u00eda y Humanidades - Universidad Nacional de C\u00f3rdoba\",\"publisher\":{\"@id\":\"https:\/\/ffyh.unc.edu.ar\/extension\/#organization\"},\"potentialAction\":[{\"@type\":\"SearchAction\",\"target\":{\"@type\":\"EntryPoint\",\"urlTemplate\":\"https:\/\/ffyh.unc.edu.ar\/extension\/?s={search_term_string}\"},\"query-input\":{\"@type\":\"PropertyValueSpecification\",\"valueRequired\":true,\"valueName\":\"search_term_string\"}}],\"inLanguage\":\"es\"},{\"@type\":\"Organization\",\"@id\":\"https:\/\/ffyh.unc.edu.ar\/extension\/#organization\",\"name\":\"Secretar\u00eda de Extensi\u00f3n - Facultad de Filosof\u00eda y Humanidades - Universidad Nacional de C\u00f3rdoba\",\"url\":\"https:\/\/ffyh.unc.edu.ar\/extension\/\",\"logo\":{\"@type\":\"ImageObject\",\"inLanguage\":\"es\",\"@id\":\"https:\/\/ffyh.unc.edu.ar\/extension\/#\/schema\/logo\/image\/\",\"url\":\"https:\/\/ffyh.unc.edu.ar\/extension\/wp-content\/uploads\/sites\/2\/2018\/08\/logo-extension-chico.jpg\",\"contentUrl\":\"https:\/\/ffyh.unc.edu.ar\/extension\/wp-content\/uploads\/sites\/2\/2018\/08\/logo-extension-chico.jpg\",\"width\":314,\"height\":119,\"caption\":\"Secretar\u00eda de Extensi\u00f3n - Facultad de Filosof\u00eda y Humanidades - Universidad Nacional de C\u00f3rdoba\"},\"image\":{\"@id\":\"https:\/\/ffyh.unc.edu.ar\/extension\/#\/schema\/logo\/image\/\"},\"sameAs\":[\"https:\/\/www.facebook.com\/extensionffyh\",\"https:\/\/www.instagram.com\/extensionffyh\/\",\"https:\/\/www.youtube.com\/channel\/UCTgN4nvMQE7ktBcgujEI-EA\"]},{\"@type\":\"Person\",\"@id\":\"https:\/\/ffyh.unc.edu.ar\/extension\/#\/schema\/person\/c429cdff3a192a7081944182246c3689\",\"name\":\"extension\",\"url\":\"https:\/\/ffyh.unc.edu.ar\/extension\/author\/extension\/\"}]}<\/script>\n<!-- \/ Yoast SEO plugin. -->","yoast_head_json":{"title":"Desde este wing - Secretar\u00eda de Extensi\u00f3n","robots":{"index":"index","follow":"follow","max-snippet":"max-snippet:-1","max-image-preview":"max-image-preview:large","max-video-preview":"max-video-preview:-1"},"canonical":"https:\/\/ffyh.unc.edu.ar\/extension\/2016\/06\/13\/desde-este-wing\/","og_locale":"es_ES","og_type":"article","og_title":"Desde este wing - Secretar\u00eda de Extensi\u00f3n","og_description":"El jueves 9 de junio se present\u00f3 en el Museo de Antropolog\u00eda, \u201cParate en mi esquina. Aportes para el reconocimiento","og_url":"https:\/\/ffyh.unc.edu.ar\/extension\/2016\/06\/13\/desde-este-wing\/","og_site_name":"Secretar\u00eda de Extensi\u00f3n","article_publisher":"https:\/\/www.facebook.com\/extensionffyh","article_published_time":"2016-06-13T16:47:40+00:00","og_image":[{"url":"http:\/\/ffyh.unc.edu.ar\/extension\/wp-content\/uploads\/sites\/2\/2016\/06\/2-300x200.jpg","type":"","width":"","height":""}],"author":"extension","twitter_card":"summary_large_image","twitter_misc":{"Escrito por":false,"Tiempo de lectura":"6 minutos"},"schema":{"@context":"https:\/\/schema.org","@graph":[{"@type":"Article","@id":"https:\/\/ffyh.unc.edu.ar\/extension\/2016\/06\/13\/desde-este-wing\/#article","isPartOf":{"@id":"https:\/\/ffyh.unc.edu.ar\/extension\/2016\/06\/13\/desde-este-wing\/"},"author":{"name":"extension","@id":"https:\/\/ffyh.unc.edu.ar\/extension\/#\/schema\/person\/c429cdff3a192a7081944182246c3689"},"headline":"Desde este wing","datePublished":"2016-06-13T16:47:40+00:00","mainEntityOfPage":{"@id":"https:\/\/ffyh.unc.edu.ar\/extension\/2016\/06\/13\/desde-este-wing\/"},"wordCount":1275,"commentCount":0,"publisher":{"@id":"https:\/\/ffyh.unc.edu.ar\/extension\/#organization"},"image":{"@id":"https:\/\/ffyh.unc.edu.ar\/extension\/2016\/06\/13\/desde-este-wing\/#primaryimage"},"thumbnailUrl":"http:\/\/ffyh.unc.edu.ar\/extension\/wp-content\/uploads\/sites\/2\/2016\/06\/2-300x200.jpg","articleSection":["Noticias"],"inLanguage":"es","potentialAction":[{"@type":"CommentAction","name":"Comment","target":["https:\/\/ffyh.unc.edu.ar\/extension\/2016\/06\/13\/desde-este-wing\/#respond"]}]},{"@type":"WebPage","@id":"https:\/\/ffyh.unc.edu.ar\/extension\/2016\/06\/13\/desde-este-wing\/","url":"https:\/\/ffyh.unc.edu.ar\/extension\/2016\/06\/13\/desde-este-wing\/","name":"Desde este wing - Secretar\u00eda de Extensi\u00f3n","isPartOf":{"@id":"https:\/\/ffyh.unc.edu.ar\/extension\/#website"},"primaryImageOfPage":{"@id":"https:\/\/ffyh.unc.edu.ar\/extension\/2016\/06\/13\/desde-este-wing\/#primaryimage"},"image":{"@id":"https:\/\/ffyh.unc.edu.ar\/extension\/2016\/06\/13\/desde-este-wing\/#primaryimage"},"thumbnailUrl":"http:\/\/ffyh.unc.edu.ar\/extension\/wp-content\/uploads\/sites\/2\/2016\/06\/2-300x200.jpg","datePublished":"2016-06-13T16:47:40+00:00","breadcrumb":{"@id":"https:\/\/ffyh.unc.edu.ar\/extension\/2016\/06\/13\/desde-este-wing\/#breadcrumb"},"inLanguage":"es","potentialAction":[{"@type":"ReadAction","target":["https:\/\/ffyh.unc.edu.ar\/extension\/2016\/06\/13\/desde-este-wing\/"]}]},{"@type":"ImageObject","inLanguage":"es","@id":"https:\/\/ffyh.unc.edu.ar\/extension\/2016\/06\/13\/desde-este-wing\/#primaryimage","url":"https:\/\/ffyh.unc.edu.ar\/extension\/wp-content\/uploads\/sites\/2\/2016\/06\/2.jpg","contentUrl":"https:\/\/ffyh.unc.edu.ar\/extension\/wp-content\/uploads\/sites\/2\/2016\/06\/2.jpg","width":1296,"height":864},{"@type":"BreadcrumbList","@id":"https:\/\/ffyh.unc.edu.ar\/extension\/2016\/06\/13\/desde-este-wing\/#breadcrumb","itemListElement":[{"@type":"ListItem","position":1,"name":"Portada","item":"https:\/\/ffyh.unc.edu.ar\/extension\/"},{"@type":"ListItem","position":2,"name":"Desde este wing"}]},{"@type":"WebSite","@id":"https:\/\/ffyh.unc.edu.ar\/extension\/#website","url":"https:\/\/ffyh.unc.edu.ar\/extension\/","name":"Secretar\u00eda de Extensi\u00f3n","description":"Facultad de Filosof\u00eda y Humanidades - Universidad Nacional de C\u00f3rdoba","publisher":{"@id":"https:\/\/ffyh.unc.edu.ar\/extension\/#organization"},"potentialAction":[{"@type":"SearchAction","target":{"@type":"EntryPoint","urlTemplate":"https:\/\/ffyh.unc.edu.ar\/extension\/?s={search_term_string}"},"query-input":{"@type":"PropertyValueSpecification","valueRequired":true,"valueName":"search_term_string"}}],"inLanguage":"es"},{"@type":"Organization","@id":"https:\/\/ffyh.unc.edu.ar\/extension\/#organization","name":"Secretar\u00eda de Extensi\u00f3n - Facultad de Filosof\u00eda y Humanidades - Universidad Nacional de C\u00f3rdoba","url":"https:\/\/ffyh.unc.edu.ar\/extension\/","logo":{"@type":"ImageObject","inLanguage":"es","@id":"https:\/\/ffyh.unc.edu.ar\/extension\/#\/schema\/logo\/image\/","url":"https:\/\/ffyh.unc.edu.ar\/extension\/wp-content\/uploads\/sites\/2\/2018\/08\/logo-extension-chico.jpg","contentUrl":"https:\/\/ffyh.unc.edu.ar\/extension\/wp-content\/uploads\/sites\/2\/2018\/08\/logo-extension-chico.jpg","width":314,"height":119,"caption":"Secretar\u00eda de Extensi\u00f3n - Facultad de Filosof\u00eda y Humanidades - Universidad Nacional de C\u00f3rdoba"},"image":{"@id":"https:\/\/ffyh.unc.edu.ar\/extension\/#\/schema\/logo\/image\/"},"sameAs":["https:\/\/www.facebook.com\/extensionffyh","https:\/\/www.instagram.com\/extensionffyh\/","https:\/\/www.youtube.com\/channel\/UCTgN4nvMQE7ktBcgujEI-EA"]},{"@type":"Person","@id":"https:\/\/ffyh.unc.edu.ar\/extension\/#\/schema\/person\/c429cdff3a192a7081944182246c3689","name":"extension","url":"https:\/\/ffyh.unc.edu.ar\/extension\/author\/extension\/"}]}},"jetpack_featured_media_url":"","_links":{"self":[{"href":"https:\/\/ffyh.unc.edu.ar\/extension\/wp-json\/wp\/v2\/posts\/2448","targetHints":{"allow":["GET"]}}],"collection":[{"href":"https:\/\/ffyh.unc.edu.ar\/extension\/wp-json\/wp\/v2\/posts"}],"about":[{"href":"https:\/\/ffyh.unc.edu.ar\/extension\/wp-json\/wp\/v2\/types\/post"}],"author":[{"embeddable":true,"href":"https:\/\/ffyh.unc.edu.ar\/extension\/wp-json\/wp\/v2\/users\/3"}],"replies":[{"embeddable":true,"href":"https:\/\/ffyh.unc.edu.ar\/extension\/wp-json\/wp\/v2\/comments?post=2448"}],"version-history":[{"count":0,"href":"https:\/\/ffyh.unc.edu.ar\/extension\/wp-json\/wp\/v2\/posts\/2448\/revisions"}],"wp:attachment":[{"href":"https:\/\/ffyh.unc.edu.ar\/extension\/wp-json\/wp\/v2\/media?parent=2448"}],"wp:term":[{"taxonomy":"category","embeddable":true,"href":"https:\/\/ffyh.unc.edu.ar\/extension\/wp-json\/wp\/v2\/categories?post=2448"},{"taxonomy":"post_tag","embeddable":true,"href":"https:\/\/ffyh.unc.edu.ar\/extension\/wp-json\/wp\/v2\/tags?post=2448"}],"curies":[{"name":"wp","href":"https:\/\/api.w.org\/{rel}","templated":true}]}}