{"id":2746,"date":"2016-10-26T12:25:59","date_gmt":"2016-10-26T15:25:59","guid":{"rendered":"http:\/\/www.ffyh.unc.edu.ar\/extension\/?p=2746"},"modified":"2016-10-26T12:25:59","modified_gmt":"2016-10-26T15:25:59","slug":"convocatoria-especifica-para-dictar-capacitaciones-en-la-asociacion-civil-de-educacion-para-aprendizajes-recreativos-acepar","status":"publish","type":"post","link":"https:\/\/ffyh.unc.edu.ar\/extension\/2016\/10\/26\/convocatoria-especifica-para-dictar-capacitaciones-en-la-asociacion-civil-de-educacion-para-aprendizajes-recreativos-acepar\/","title":{"rendered":"Convocatoria espec\u00edfica para dictar capacitaciones en la Asociaci\u00f3n Civil de Educaci\u00f3n Para Aprendizajes Recreativos (ACEPAR)"},"content":{"rendered":"<p><strong><a href=\"http:\/\/ffyh.unc.edu.ar\/extension\/wp-content\/uploads\/sites\/2\/2016\/10\/acepar-1.jpg\"><img loading=\"lazy\" decoding=\"async\" class=\"alignright size-medium wp-image-2748\" src=\"http:\/\/ffyh.unc.edu.ar\/extension\/wp-content\/uploads\/sites\/2\/2016\/10\/acepar-1-300x225.jpg\" alt=\"acepar-1\" width=\"300\" height=\"225\" srcset=\"https:\/\/ffyh.unc.edu.ar\/extension\/wp-content\/uploads\/sites\/2\/2016\/10\/acepar-1-300x225.jpg 300w, https:\/\/ffyh.unc.edu.ar\/extension\/wp-content\/uploads\/sites\/2\/2016\/10\/acepar-1-768x576.jpg 768w, https:\/\/ffyh.unc.edu.ar\/extension\/wp-content\/uploads\/sites\/2\/2016\/10\/acepar-1-1024x768.jpg 1024w, https:\/\/ffyh.unc.edu.ar\/extension\/wp-content\/uploads\/sites\/2\/2016\/10\/acepar-1.jpg 2048w\" sizes=\"auto, (max-width: 300px) 100vw, 300px\" \/><\/a>La Secretar\u00eda de Extensi\u00f3n de la FFyH comunica que se encuentra abierta la Convocatoria espec\u00edfica para \u00a0el dictado de capacitaciones docentes en la Asociaci\u00f3n Civil de Educaci\u00f3n para Aprendizajes Recreativos (ACEPAR), a desarrollarse durante el segundo cuatrimestre del \u00a0a\u00f1o 2017.<\/strong><\/p>\n<p><!--more--><\/p>\n<p>El \u00c1rea de Formaci\u00f3n Continua estableci\u00f3 v\u00ednculos de trabajo con <strong>ACEPAR<\/strong> desde febrero de 2015 (para m\u00e1s informaci\u00f3n ver: <a href=\"http:\/\/www.ffyh.unc.edu.ar\/alfilo\/formacion-docente-barrio-general-urquiza\/\">FORMACI\u00d3N DOCENTE EN EL BARRIO GENERAL URQUIZA<\/a>). En estos dos a\u00f1os se han desarrollado capacitaciones en la instituci\u00f3n y tambi\u00e9n se trabaj\u00f3 junto con los\/as docentes y directivos de las escuelas circundantes en demandas de capacitaci\u00f3n, recuperando los procesos singulares de las instituciones, sus proyectos, preocupaciones y miradas a futuro.<\/p>\n<p>Con la apuesta de\u00a0avanzar en la consolidaci\u00f3n de propuestas de capacitaci\u00f3n que sean concebidas desde un car\u00e1cter extensionista, ubicando la centralidad en los procesos de co-construcci\u00f3n de saberes, la Facultad de Filosof\u00eda y Humanidades de la UNC ha resuelto financiar tres propuestas de capacitaci\u00f3n docente para el a\u00f1o 2017 a dictarse en ACEPAR, vinculadas a las demandas realizadas por los\/las docentes de barrio General Urquiza y alrededores.<\/p>\n<p>Este modo de pensar la extensi\u00f3n se sustenta en reconocer que todo sujeto involucrado en una pr\u00e1ctica laboral, cuenta con un acervo de saber propio relacionado \u00edntimamente con sus contextos y pr\u00e1cticas.\u00a0 En este sentido, las capacitaciones o espacios de formaci\u00f3n <strong>son espacios de resignificaci\u00f3n, rearticulaci\u00f3n y\/o fortalecimiento de saberes<\/strong>. Ello implica un aprendizaje rec\u00edproco en el cual el trabajo bajo distintas metodolog\u00edas contribuya a movilizar marcos referenciales de cada campo disciplinar, favoreciendo la discusi\u00f3n y reflexi\u00f3n sobre problem\u00e1ticas sociales.<\/p>\n<p>Nos interesa se\u00f1alar particularmente que en el marco de esta <strong>Convocatoria<\/strong> los\/las\u00a0destinatarios de las propuestas son considerados\u00a0<strong>intelectuales transformadores<\/strong> que desarrollan su tarea en un \u00e1mbito reflexivo, desde la pregunta y el posicionamiento ideol\u00f3gico-pol\u00edtico sobre diversos temas. A partir de all\u00ed, es que la formaci\u00f3n de los\/as mismos\/as debe acompa\u00f1ar en aquellos procesos de pensamiento involucrados en el hacer docente cotidiano que cuestionan y proponen nuevas formas de organizaci\u00f3n de lo escolar y nuevos saberes que favorecen y colaboran en las \u00a0miradas sobre la infancia y la juventud como sujetos de derecho. De esta manera, la formaci\u00f3n de docentes responde a los diversos desaf\u00edos que surjan en el horizonte m\u00e1s amplio de lo social, en pos de una sociedad m\u00e1s solidaria, democr\u00e1tica y justa.<\/p>\n<p><strong>Las l\u00edneas de capacitaci\u00f3n son:<\/strong><\/p>\n<ul>\n<li>Relaci\u00f3n entre escuelas y familias. Frente a las transformaciones sociales actuales las relaciones entre escuelas y familias exige ser repensada a fin de posibilitar espacios para la construcci\u00f3n de lo com\u00fan. \u00bfC\u00f3mo pensar las heterogeneidades propias de las comunidades educativas? \u00bfQu\u00e9 caminos o estrategias de trabajo pueden pensarse desde la singularidad institucional?<\/li>\n<li>Los ni\u00f1os y ni\u00f1as como sujetos de derechos: \u00bfc\u00f3mo repensar la ense\u00f1anza y los aprendizajes? Nuevas concepciones en torno a las infancias y nuevos modos de habitar los espacios escolares de los ni\u00f1os y ni\u00f1as se hacen presente en las instituciones exigiendo novedosas formas de pensar los aprendizajes y la ense\u00f1anza.<\/li>\n<li>Procesos de lectura y escritura en el nivel inicial y primario. Desde esta perspectiva interesan espec\u00edficamente aquellos procesos que refieren a la comprensi\u00f3n lectora y a la escritura como posibilidad de expresi\u00f3n de lo comprendido.<\/li>\n<\/ul>\n<p>Para obtener mayor informaci\u00f3n sobre las escuelas y los\/las docentes con los que se trabajar\u00e1 puede escribir a: formacioncontinua@ffyh.unc.edu.ar<\/p>\n<p><strong>Se recibir\u00e1n proyectos<\/strong><strong>\u00a0<\/strong><strong>CON puntaje<\/strong><strong>\u00a0<\/strong><strong>docente hasta el<\/strong><strong>\u00a0<\/strong><strong>21 de noviembre de 2016<\/strong><\/p>\n<p>La primera entrega es s\u00f3lo digital. Enviar el\u00a0formulario con la propuesta + CV de los\/as capacitadores a:\u00a0<a href=\"mailto:formacioncontinua@ffyh.unc.edu.ar\">formacioncontinua@ffyh.unc.edu.ar<\/a><\/p>\n<p><a href=\"http:\/\/ffyh.unc.edu.ar\/extension\/wp-content\/uploads\/sites\/2\/2016\/10\/Form-Proyecto-MENOS-DE-20-HS-2016.doc\"><strong>Descargar<\/strong><\/a>\u00a0formulario para propuestas con menos de 20 horas reloj<\/p>\n<p><a href=\"http:\/\/ffyh.unc.edu.ar\/extension\/wp-content\/uploads\/sites\/2\/2016\/10\/FORMULARIO-Proyecto-MAS-DE-20-HS-2016-1-1.doc\"><strong>Descargar<\/strong><\/a>\u00a0formulario para propuestas con m\u00e1s de 20 horas reloj<\/p>\n","protected":false},"excerpt":{"rendered":"<p>La Secretar\u00eda de Extensi\u00f3n de la FFyH comunica que se encuentra abierta la Convocatoria espec\u00edfica para \u00a0el dictado de capacitaciones<\/p>\n","protected":false},"author":3,"featured_media":0,"comment_status":"open","ping_status":"open","sticky":false,"template":"","format":"standard","meta":{"_acf_changed":false,"colormag_page_container_layout":"default_layout","colormag_page_sidebar_layout":"default_layout","footnotes":""},"categories":[1],"tags":[],"class_list":["post-2746","post","type-post","status-publish","format-standard","hentry","category-sin-categoria"],"acf":[],"yoast_head":"<!-- This site is optimized with the Yoast SEO plugin v27.1.1 - https:\/\/yoast.com\/product\/yoast-seo-wordpress\/ -->\n<title>Convocatoria espec\u00edfica para dictar capacitaciones en la Asociaci\u00f3n Civil de Educaci\u00f3n Para Aprendizajes Recreativos (ACEPAR) - Secretar\u00eda de Extensi\u00f3n<\/title>\n<meta name=\"robots\" content=\"index, follow, max-snippet:-1, max-image-preview:large, max-video-preview:-1\" \/>\n<link rel=\"canonical\" href=\"https:\/\/ffyh.unc.edu.ar\/extension\/2016\/10\/26\/convocatoria-especifica-para-dictar-capacitaciones-en-la-asociacion-civil-de-educacion-para-aprendizajes-recreativos-acepar\/\" \/>\n<meta property=\"og:locale\" content=\"es_ES\" \/>\n<meta property=\"og:type\" content=\"article\" \/>\n<meta property=\"og:title\" content=\"Convocatoria espec\u00edfica para dictar capacitaciones en la Asociaci\u00f3n Civil de Educaci\u00f3n Para Aprendizajes Recreativos (ACEPAR) - Secretar\u00eda de Extensi\u00f3n\" \/>\n<meta property=\"og:description\" content=\"La Secretar\u00eda de Extensi\u00f3n de la FFyH comunica que se encuentra abierta la Convocatoria espec\u00edfica para \u00a0el dictado de capacitaciones\" \/>\n<meta property=\"og:url\" content=\"https:\/\/ffyh.unc.edu.ar\/extension\/2016\/10\/26\/convocatoria-especifica-para-dictar-capacitaciones-en-la-asociacion-civil-de-educacion-para-aprendizajes-recreativos-acepar\/\" \/>\n<meta property=\"og:site_name\" content=\"Secretar\u00eda de Extensi\u00f3n\" \/>\n<meta property=\"article:publisher\" content=\"https:\/\/www.facebook.com\/extensionffyh\" \/>\n<meta property=\"article:published_time\" content=\"2016-10-26T15:25:59+00:00\" \/>\n<meta property=\"og:image\" content=\"http:\/\/ffyh.unc.edu.ar\/extension\/wp-content\/uploads\/sites\/2\/2016\/10\/acepar-1-300x225.jpg\" \/>\n<meta name=\"author\" content=\"extension\" \/>\n<meta name=\"twitter:card\" content=\"summary_large_image\" \/>\n<meta name=\"twitter:label1\" content=\"Escrito por\" \/>\n\t<meta name=\"twitter:data1\" content=\"\" \/>\n\t<meta name=\"twitter:label2\" content=\"Tiempo de lectura\" \/>\n\t<meta name=\"twitter:data2\" content=\"3 minutos\" \/>\n<script type=\"application\/ld+json\" class=\"yoast-schema-graph\">{\"@context\":\"https:\/\/schema.org\",\"@graph\":[{\"@type\":\"Article\",\"@id\":\"https:\/\/ffyh.unc.edu.ar\/extension\/2016\/10\/26\/convocatoria-especifica-para-dictar-capacitaciones-en-la-asociacion-civil-de-educacion-para-aprendizajes-recreativos-acepar\/#article\",\"isPartOf\":{\"@id\":\"https:\/\/ffyh.unc.edu.ar\/extension\/2016\/10\/26\/convocatoria-especifica-para-dictar-capacitaciones-en-la-asociacion-civil-de-educacion-para-aprendizajes-recreativos-acepar\/\"},\"author\":{\"name\":\"extension\",\"@id\":\"https:\/\/ffyh.unc.edu.ar\/extension\/#\/schema\/person\/c429cdff3a192a7081944182246c3689\"},\"headline\":\"Convocatoria espec\u00edfica para dictar capacitaciones en la Asociaci\u00f3n Civil de Educaci\u00f3n Para Aprendizajes Recreativos (ACEPAR)\",\"datePublished\":\"2016-10-26T15:25:59+00:00\",\"mainEntityOfPage\":{\"@id\":\"https:\/\/ffyh.unc.edu.ar\/extension\/2016\/10\/26\/convocatoria-especifica-para-dictar-capacitaciones-en-la-asociacion-civil-de-educacion-para-aprendizajes-recreativos-acepar\/\"},\"wordCount\":686,\"commentCount\":0,\"publisher\":{\"@id\":\"https:\/\/ffyh.unc.edu.ar\/extension\/#organization\"},\"image\":{\"@id\":\"https:\/\/ffyh.unc.edu.ar\/extension\/2016\/10\/26\/convocatoria-especifica-para-dictar-capacitaciones-en-la-asociacion-civil-de-educacion-para-aprendizajes-recreativos-acepar\/#primaryimage\"},\"thumbnailUrl\":\"http:\/\/ffyh.unc.edu.ar\/extension\/wp-content\/uploads\/sites\/2\/2016\/10\/acepar-1-300x225.jpg\",\"inLanguage\":\"es\",\"potentialAction\":[{\"@type\":\"CommentAction\",\"name\":\"Comment\",\"target\":[\"https:\/\/ffyh.unc.edu.ar\/extension\/2016\/10\/26\/convocatoria-especifica-para-dictar-capacitaciones-en-la-asociacion-civil-de-educacion-para-aprendizajes-recreativos-acepar\/#respond\"]}]},{\"@type\":\"WebPage\",\"@id\":\"https:\/\/ffyh.unc.edu.ar\/extension\/2016\/10\/26\/convocatoria-especifica-para-dictar-capacitaciones-en-la-asociacion-civil-de-educacion-para-aprendizajes-recreativos-acepar\/\",\"url\":\"https:\/\/ffyh.unc.edu.ar\/extension\/2016\/10\/26\/convocatoria-especifica-para-dictar-capacitaciones-en-la-asociacion-civil-de-educacion-para-aprendizajes-recreativos-acepar\/\",\"name\":\"Convocatoria espec\u00edfica para dictar capacitaciones en la Asociaci\u00f3n Civil de Educaci\u00f3n Para Aprendizajes Recreativos (ACEPAR) - Secretar\u00eda de Extensi\u00f3n\",\"isPartOf\":{\"@id\":\"https:\/\/ffyh.unc.edu.ar\/extension\/#website\"},\"primaryImageOfPage\":{\"@id\":\"https:\/\/ffyh.unc.edu.ar\/extension\/2016\/10\/26\/convocatoria-especifica-para-dictar-capacitaciones-en-la-asociacion-civil-de-educacion-para-aprendizajes-recreativos-acepar\/#primaryimage\"},\"image\":{\"@id\":\"https:\/\/ffyh.unc.edu.ar\/extension\/2016\/10\/26\/convocatoria-especifica-para-dictar-capacitaciones-en-la-asociacion-civil-de-educacion-para-aprendizajes-recreativos-acepar\/#primaryimage\"},\"thumbnailUrl\":\"http:\/\/ffyh.unc.edu.ar\/extension\/wp-content\/uploads\/sites\/2\/2016\/10\/acepar-1-300x225.jpg\",\"datePublished\":\"2016-10-26T15:25:59+00:00\",\"breadcrumb\":{\"@id\":\"https:\/\/ffyh.unc.edu.ar\/extension\/2016\/10\/26\/convocatoria-especifica-para-dictar-capacitaciones-en-la-asociacion-civil-de-educacion-para-aprendizajes-recreativos-acepar\/#breadcrumb\"},\"inLanguage\":\"es\",\"potentialAction\":[{\"@type\":\"ReadAction\",\"target\":[\"https:\/\/ffyh.unc.edu.ar\/extension\/2016\/10\/26\/convocatoria-especifica-para-dictar-capacitaciones-en-la-asociacion-civil-de-educacion-para-aprendizajes-recreativos-acepar\/\"]}]},{\"@type\":\"ImageObject\",\"inLanguage\":\"es\",\"@id\":\"https:\/\/ffyh.unc.edu.ar\/extension\/2016\/10\/26\/convocatoria-especifica-para-dictar-capacitaciones-en-la-asociacion-civil-de-educacion-para-aprendizajes-recreativos-acepar\/#primaryimage\",\"url\":\"https:\/\/ffyh.unc.edu.ar\/extension\/wp-content\/uploads\/sites\/2\/2016\/10\/acepar-1.jpg\",\"contentUrl\":\"https:\/\/ffyh.unc.edu.ar\/extension\/wp-content\/uploads\/sites\/2\/2016\/10\/acepar-1.jpg\",\"width\":2048,\"height\":1536},{\"@type\":\"BreadcrumbList\",\"@id\":\"https:\/\/ffyh.unc.edu.ar\/extension\/2016\/10\/26\/convocatoria-especifica-para-dictar-capacitaciones-en-la-asociacion-civil-de-educacion-para-aprendizajes-recreativos-acepar\/#breadcrumb\",\"itemListElement\":[{\"@type\":\"ListItem\",\"position\":1,\"name\":\"Portada\",\"item\":\"https:\/\/ffyh.unc.edu.ar\/extension\/\"},{\"@type\":\"ListItem\",\"position\":2,\"name\":\"Convocatoria espec\u00edfica para dictar capacitaciones en la Asociaci\u00f3n Civil de Educaci\u00f3n Para Aprendizajes Recreativos (ACEPAR)\"}]},{\"@type\":\"WebSite\",\"@id\":\"https:\/\/ffyh.unc.edu.ar\/extension\/#website\",\"url\":\"https:\/\/ffyh.unc.edu.ar\/extension\/\",\"name\":\"Secretar\u00eda de Extensi\u00f3n\",\"description\":\"Facultad de Filosof\u00eda y Humanidades - Universidad Nacional de C\u00f3rdoba\",\"publisher\":{\"@id\":\"https:\/\/ffyh.unc.edu.ar\/extension\/#organization\"},\"potentialAction\":[{\"@type\":\"SearchAction\",\"target\":{\"@type\":\"EntryPoint\",\"urlTemplate\":\"https:\/\/ffyh.unc.edu.ar\/extension\/?s={search_term_string}\"},\"query-input\":{\"@type\":\"PropertyValueSpecification\",\"valueRequired\":true,\"valueName\":\"search_term_string\"}}],\"inLanguage\":\"es\"},{\"@type\":\"Organization\",\"@id\":\"https:\/\/ffyh.unc.edu.ar\/extension\/#organization\",\"name\":\"Secretar\u00eda de Extensi\u00f3n - Facultad de Filosof\u00eda y Humanidades - Universidad Nacional de C\u00f3rdoba\",\"url\":\"https:\/\/ffyh.unc.edu.ar\/extension\/\",\"logo\":{\"@type\":\"ImageObject\",\"inLanguage\":\"es\",\"@id\":\"https:\/\/ffyh.unc.edu.ar\/extension\/#\/schema\/logo\/image\/\",\"url\":\"https:\/\/ffyh.unc.edu.ar\/extension\/wp-content\/uploads\/sites\/2\/2018\/08\/logo-extension-chico.jpg\",\"contentUrl\":\"https:\/\/ffyh.unc.edu.ar\/extension\/wp-content\/uploads\/sites\/2\/2018\/08\/logo-extension-chico.jpg\",\"width\":314,\"height\":119,\"caption\":\"Secretar\u00eda de Extensi\u00f3n - Facultad de Filosof\u00eda y Humanidades - Universidad Nacional de C\u00f3rdoba\"},\"image\":{\"@id\":\"https:\/\/ffyh.unc.edu.ar\/extension\/#\/schema\/logo\/image\/\"},\"sameAs\":[\"https:\/\/www.facebook.com\/extensionffyh\",\"https:\/\/www.instagram.com\/extensionffyh\/\",\"https:\/\/www.youtube.com\/channel\/UCTgN4nvMQE7ktBcgujEI-EA\"]},{\"@type\":\"Person\",\"@id\":\"https:\/\/ffyh.unc.edu.ar\/extension\/#\/schema\/person\/c429cdff3a192a7081944182246c3689\",\"name\":\"extension\",\"url\":\"https:\/\/ffyh.unc.edu.ar\/extension\/author\/extension\/\"}]}<\/script>\n<!-- \/ Yoast SEO plugin. -->","yoast_head_json":{"title":"Convocatoria espec\u00edfica para dictar capacitaciones en la Asociaci\u00f3n Civil de Educaci\u00f3n Para Aprendizajes Recreativos (ACEPAR) - Secretar\u00eda de Extensi\u00f3n","robots":{"index":"index","follow":"follow","max-snippet":"max-snippet:-1","max-image-preview":"max-image-preview:large","max-video-preview":"max-video-preview:-1"},"canonical":"https:\/\/ffyh.unc.edu.ar\/extension\/2016\/10\/26\/convocatoria-especifica-para-dictar-capacitaciones-en-la-asociacion-civil-de-educacion-para-aprendizajes-recreativos-acepar\/","og_locale":"es_ES","og_type":"article","og_title":"Convocatoria espec\u00edfica para dictar capacitaciones en la Asociaci\u00f3n Civil de Educaci\u00f3n Para Aprendizajes Recreativos (ACEPAR) - Secretar\u00eda de Extensi\u00f3n","og_description":"La Secretar\u00eda de Extensi\u00f3n de la FFyH comunica que se encuentra abierta la Convocatoria espec\u00edfica para \u00a0el dictado de capacitaciones","og_url":"https:\/\/ffyh.unc.edu.ar\/extension\/2016\/10\/26\/convocatoria-especifica-para-dictar-capacitaciones-en-la-asociacion-civil-de-educacion-para-aprendizajes-recreativos-acepar\/","og_site_name":"Secretar\u00eda de Extensi\u00f3n","article_publisher":"https:\/\/www.facebook.com\/extensionffyh","article_published_time":"2016-10-26T15:25:59+00:00","og_image":[{"url":"http:\/\/ffyh.unc.edu.ar\/extension\/wp-content\/uploads\/sites\/2\/2016\/10\/acepar-1-300x225.jpg","type":"","width":"","height":""}],"author":"extension","twitter_card":"summary_large_image","twitter_misc":{"Escrito por":false,"Tiempo de lectura":"3 minutos"},"schema":{"@context":"https:\/\/schema.org","@graph":[{"@type":"Article","@id":"https:\/\/ffyh.unc.edu.ar\/extension\/2016\/10\/26\/convocatoria-especifica-para-dictar-capacitaciones-en-la-asociacion-civil-de-educacion-para-aprendizajes-recreativos-acepar\/#article","isPartOf":{"@id":"https:\/\/ffyh.unc.edu.ar\/extension\/2016\/10\/26\/convocatoria-especifica-para-dictar-capacitaciones-en-la-asociacion-civil-de-educacion-para-aprendizajes-recreativos-acepar\/"},"author":{"name":"extension","@id":"https:\/\/ffyh.unc.edu.ar\/extension\/#\/schema\/person\/c429cdff3a192a7081944182246c3689"},"headline":"Convocatoria espec\u00edfica para dictar capacitaciones en la Asociaci\u00f3n Civil de Educaci\u00f3n Para Aprendizajes Recreativos (ACEPAR)","datePublished":"2016-10-26T15:25:59+00:00","mainEntityOfPage":{"@id":"https:\/\/ffyh.unc.edu.ar\/extension\/2016\/10\/26\/convocatoria-especifica-para-dictar-capacitaciones-en-la-asociacion-civil-de-educacion-para-aprendizajes-recreativos-acepar\/"},"wordCount":686,"commentCount":0,"publisher":{"@id":"https:\/\/ffyh.unc.edu.ar\/extension\/#organization"},"image":{"@id":"https:\/\/ffyh.unc.edu.ar\/extension\/2016\/10\/26\/convocatoria-especifica-para-dictar-capacitaciones-en-la-asociacion-civil-de-educacion-para-aprendizajes-recreativos-acepar\/#primaryimage"},"thumbnailUrl":"http:\/\/ffyh.unc.edu.ar\/extension\/wp-content\/uploads\/sites\/2\/2016\/10\/acepar-1-300x225.jpg","inLanguage":"es","potentialAction":[{"@type":"CommentAction","name":"Comment","target":["https:\/\/ffyh.unc.edu.ar\/extension\/2016\/10\/26\/convocatoria-especifica-para-dictar-capacitaciones-en-la-asociacion-civil-de-educacion-para-aprendizajes-recreativos-acepar\/#respond"]}]},{"@type":"WebPage","@id":"https:\/\/ffyh.unc.edu.ar\/extension\/2016\/10\/26\/convocatoria-especifica-para-dictar-capacitaciones-en-la-asociacion-civil-de-educacion-para-aprendizajes-recreativos-acepar\/","url":"https:\/\/ffyh.unc.edu.ar\/extension\/2016\/10\/26\/convocatoria-especifica-para-dictar-capacitaciones-en-la-asociacion-civil-de-educacion-para-aprendizajes-recreativos-acepar\/","name":"Convocatoria espec\u00edfica para dictar capacitaciones en la Asociaci\u00f3n Civil de Educaci\u00f3n Para Aprendizajes Recreativos (ACEPAR) - Secretar\u00eda de Extensi\u00f3n","isPartOf":{"@id":"https:\/\/ffyh.unc.edu.ar\/extension\/#website"},"primaryImageOfPage":{"@id":"https:\/\/ffyh.unc.edu.ar\/extension\/2016\/10\/26\/convocatoria-especifica-para-dictar-capacitaciones-en-la-asociacion-civil-de-educacion-para-aprendizajes-recreativos-acepar\/#primaryimage"},"image":{"@id":"https:\/\/ffyh.unc.edu.ar\/extension\/2016\/10\/26\/convocatoria-especifica-para-dictar-capacitaciones-en-la-asociacion-civil-de-educacion-para-aprendizajes-recreativos-acepar\/#primaryimage"},"thumbnailUrl":"http:\/\/ffyh.unc.edu.ar\/extension\/wp-content\/uploads\/sites\/2\/2016\/10\/acepar-1-300x225.jpg","datePublished":"2016-10-26T15:25:59+00:00","breadcrumb":{"@id":"https:\/\/ffyh.unc.edu.ar\/extension\/2016\/10\/26\/convocatoria-especifica-para-dictar-capacitaciones-en-la-asociacion-civil-de-educacion-para-aprendizajes-recreativos-acepar\/#breadcrumb"},"inLanguage":"es","potentialAction":[{"@type":"ReadAction","target":["https:\/\/ffyh.unc.edu.ar\/extension\/2016\/10\/26\/convocatoria-especifica-para-dictar-capacitaciones-en-la-asociacion-civil-de-educacion-para-aprendizajes-recreativos-acepar\/"]}]},{"@type":"ImageObject","inLanguage":"es","@id":"https:\/\/ffyh.unc.edu.ar\/extension\/2016\/10\/26\/convocatoria-especifica-para-dictar-capacitaciones-en-la-asociacion-civil-de-educacion-para-aprendizajes-recreativos-acepar\/#primaryimage","url":"https:\/\/ffyh.unc.edu.ar\/extension\/wp-content\/uploads\/sites\/2\/2016\/10\/acepar-1.jpg","contentUrl":"https:\/\/ffyh.unc.edu.ar\/extension\/wp-content\/uploads\/sites\/2\/2016\/10\/acepar-1.jpg","width":2048,"height":1536},{"@type":"BreadcrumbList","@id":"https:\/\/ffyh.unc.edu.ar\/extension\/2016\/10\/26\/convocatoria-especifica-para-dictar-capacitaciones-en-la-asociacion-civil-de-educacion-para-aprendizajes-recreativos-acepar\/#breadcrumb","itemListElement":[{"@type":"ListItem","position":1,"name":"Portada","item":"https:\/\/ffyh.unc.edu.ar\/extension\/"},{"@type":"ListItem","position":2,"name":"Convocatoria espec\u00edfica para dictar capacitaciones en la Asociaci\u00f3n Civil de Educaci\u00f3n Para Aprendizajes Recreativos (ACEPAR)"}]},{"@type":"WebSite","@id":"https:\/\/ffyh.unc.edu.ar\/extension\/#website","url":"https:\/\/ffyh.unc.edu.ar\/extension\/","name":"Secretar\u00eda de Extensi\u00f3n","description":"Facultad de Filosof\u00eda y Humanidades - Universidad Nacional de C\u00f3rdoba","publisher":{"@id":"https:\/\/ffyh.unc.edu.ar\/extension\/#organization"},"potentialAction":[{"@type":"SearchAction","target":{"@type":"EntryPoint","urlTemplate":"https:\/\/ffyh.unc.edu.ar\/extension\/?s={search_term_string}"},"query-input":{"@type":"PropertyValueSpecification","valueRequired":true,"valueName":"search_term_string"}}],"inLanguage":"es"},{"@type":"Organization","@id":"https:\/\/ffyh.unc.edu.ar\/extension\/#organization","name":"Secretar\u00eda de Extensi\u00f3n - Facultad de Filosof\u00eda y Humanidades - Universidad Nacional de C\u00f3rdoba","url":"https:\/\/ffyh.unc.edu.ar\/extension\/","logo":{"@type":"ImageObject","inLanguage":"es","@id":"https:\/\/ffyh.unc.edu.ar\/extension\/#\/schema\/logo\/image\/","url":"https:\/\/ffyh.unc.edu.ar\/extension\/wp-content\/uploads\/sites\/2\/2018\/08\/logo-extension-chico.jpg","contentUrl":"https:\/\/ffyh.unc.edu.ar\/extension\/wp-content\/uploads\/sites\/2\/2018\/08\/logo-extension-chico.jpg","width":314,"height":119,"caption":"Secretar\u00eda de Extensi\u00f3n - Facultad de Filosof\u00eda y Humanidades - Universidad Nacional de C\u00f3rdoba"},"image":{"@id":"https:\/\/ffyh.unc.edu.ar\/extension\/#\/schema\/logo\/image\/"},"sameAs":["https:\/\/www.facebook.com\/extensionffyh","https:\/\/www.instagram.com\/extensionffyh\/","https:\/\/www.youtube.com\/channel\/UCTgN4nvMQE7ktBcgujEI-EA"]},{"@type":"Person","@id":"https:\/\/ffyh.unc.edu.ar\/extension\/#\/schema\/person\/c429cdff3a192a7081944182246c3689","name":"extension","url":"https:\/\/ffyh.unc.edu.ar\/extension\/author\/extension\/"}]}},"jetpack_featured_media_url":"","_links":{"self":[{"href":"https:\/\/ffyh.unc.edu.ar\/extension\/wp-json\/wp\/v2\/posts\/2746","targetHints":{"allow":["GET"]}}],"collection":[{"href":"https:\/\/ffyh.unc.edu.ar\/extension\/wp-json\/wp\/v2\/posts"}],"about":[{"href":"https:\/\/ffyh.unc.edu.ar\/extension\/wp-json\/wp\/v2\/types\/post"}],"author":[{"embeddable":true,"href":"https:\/\/ffyh.unc.edu.ar\/extension\/wp-json\/wp\/v2\/users\/3"}],"replies":[{"embeddable":true,"href":"https:\/\/ffyh.unc.edu.ar\/extension\/wp-json\/wp\/v2\/comments?post=2746"}],"version-history":[{"count":0,"href":"https:\/\/ffyh.unc.edu.ar\/extension\/wp-json\/wp\/v2\/posts\/2746\/revisions"}],"wp:attachment":[{"href":"https:\/\/ffyh.unc.edu.ar\/extension\/wp-json\/wp\/v2\/media?parent=2746"}],"wp:term":[{"taxonomy":"category","embeddable":true,"href":"https:\/\/ffyh.unc.edu.ar\/extension\/wp-json\/wp\/v2\/categories?post=2746"},{"taxonomy":"post_tag","embeddable":true,"href":"https:\/\/ffyh.unc.edu.ar\/extension\/wp-json\/wp\/v2\/tags?post=2746"}],"curies":[{"name":"wp","href":"https:\/\/api.w.org\/{rel}","templated":true}]}}