{"id":2802,"date":"2016-11-16T17:40:16","date_gmt":"2016-11-16T20:40:16","guid":{"rendered":"http:\/\/www.ffyh.unc.edu.ar\/extension\/?p=2802"},"modified":"2025-04-15T16:35:16","modified_gmt":"2025-04-15T16:35:16","slug":"se-realizo-el-2o-conservatorio-sobre-formacion-continua-en-cordoba","status":"publish","type":"post","link":"https:\/\/ffyh.unc.edu.ar\/extension\/2016\/11\/16\/se-realizo-el-2o-conservatorio-sobre-formacion-continua-en-cordoba\/","title":{"rendered":"Se realiz\u00f3 el 2\u00ba Conversatorio sobre formaci\u00f3n continua en C\u00f3rdoba"},"content":{"rendered":"<p><strong><a href=\"http:\/\/ffyh.unc.edu.ar\/extension\/wp-content\/uploads\/sites\/2\/2016\/11\/DSC02001.jpg\"><img loading=\"lazy\" decoding=\"async\" class=\"alignright size-medium wp-image-2804\" src=\"http:\/\/ffyh.unc.edu.ar\/extension\/wp-content\/uploads\/sites\/2\/2016\/11\/DSC02001-300x225.jpg\" alt=\"dsc02001\" width=\"300\" height=\"225\" srcset=\"https:\/\/ffyh.unc.edu.ar\/extension\/wp-content\/uploads\/sites\/2\/2016\/11\/DSC02001-300x225.jpg 300w, https:\/\/ffyh.unc.edu.ar\/extension\/wp-content\/uploads\/sites\/2\/2016\/11\/DSC02001-768x576.jpg 768w, https:\/\/ffyh.unc.edu.ar\/extension\/wp-content\/uploads\/sites\/2\/2016\/11\/DSC02001.jpg 1024w\" sizes=\"auto, (max-width: 300px) 100vw, 300px\" \/><\/a>El viernes 11 de noviembre se realiz\u00f3 el 2\u00ba Conversatorio: \u201cPensar colectivamente la formaci\u00f3n docente continua en la C\u00f3rdoba actual\u201d. El encuentro tuvo lugar en el Instituto de Capacitaci\u00f3n e Investigaci\u00f3n de los Educadores de C\u00f3rdoba (ICIEC\/UEPC), y participaron representantes de diferentes sectores del sistema educativo, entre ellos, la Facultad de Filosof\u00eda y Humanidades.<\/strong><\/p>\n<p><!--more--><\/p>\n<p>Con el prop\u00f3sito de continuar con las discusiones iniciadas en el panel: \u00abPensar colectivamente la formaci\u00f3n docente continua en la C\u00f3rdoba de hoy\u00bb, desarrollado en mayo de 2016 en la FFyH, se organiz\u00f3 un segundo encuentro que cont\u00f3 con la presencia de Juan Monserrat, secretario general de la Uni\u00f3n de Educadores de la Provincia de C\u00f3rdoba (UEPC); \u00a0Alejandra Castro, vicedecana de la Facultad de Filosof\u00eda y Humanidades; Daniela Moreno, secretaria del Sindicato Argentino de Docentes Particulares (SADOP); Adriana Fontana, directora del Instituto Superior de Estudios Pedag\u00f3gicos (ISEP); Claudia Baca, vicedirectora de la Escuela de Ciencias de la Educaci\u00f3n de la FFyH, y Gonzalo Guti\u00e9rrez, director del Instituto de Capacitaci\u00f3n e Investigaci\u00f3n de los Educadores de C\u00f3rdoba (ICIEC\/UEPC).<\/p>\n<p>La apertura de\u00a0la reuni\u00f3n estuvo a cargo de <strong>Juan Monserrat<\/strong>, el titular de la UEPC, quien celebr\u00f3 el encuentro entre los diferentes sectores del sistema educativo y resalt\u00f3 \u00abla importancia de trabajar colectivamente para una mejor construcci\u00f3n de las pol\u00edticas p\u00fablicas\u00bb.<\/p>\n<p>En su rol de moderadora, <strong>Alejandra Castro<\/strong> comenz\u00f3 haciendo referencia a la modalidad del encuentro \u2013planteado como conversatorio- e hizo hincapi\u00e9 en el trabajo con las palabras y en la posibilidad de dejarlas fluir para lograr el intercambio que \u2013seg\u00fan dijo- \u201ces todo lo contrario al mon\u00f3logo\u201d. En ese sentido, retom\u00f3 lo planteado en el panel\u00a0anterior con respecto a la responsabilidad pol\u00edtico-pedag\u00f3gica de los formadores para generar capacitaciones y dispositivos que consideren al docente como un intelectual transformador y que contemplen a los ni\u00f1os, ni\u00f1as y j\u00f3venes como sujetos de derecho. De este modo, habilit\u00f3 el di\u00e1logo en torno al modo en que se piensan las propuestas de formaci\u00f3n docente continua y la posibilidad de reflexionar sobre c\u00f3mo los diferentes sectores de sistema educativo colaboran en el dise\u00f1o de las propuestas.<\/p>\n<p><a href=\"http:\/\/ffyh.unc.edu.ar\/extension\/wp-content\/uploads\/sites\/2\/2016\/11\/DSC01997.jpg\"><img loading=\"lazy\" decoding=\"async\" class=\"alignright size-full wp-image-2805\" src=\"http:\/\/ffyh.unc.edu.ar\/extension\/wp-content\/uploads\/sites\/2\/2016\/11\/DSC01997.jpg\" alt=\"dsc01997\" width=\"1024\" height=\"768\" srcset=\"https:\/\/ffyh.unc.edu.ar\/extension\/wp-content\/uploads\/sites\/2\/2016\/11\/DSC01997.jpg 1024w, https:\/\/ffyh.unc.edu.ar\/extension\/wp-content\/uploads\/sites\/2\/2016\/11\/DSC01997-300x225.jpg 300w, https:\/\/ffyh.unc.edu.ar\/extension\/wp-content\/uploads\/sites\/2\/2016\/11\/DSC01997-768x576.jpg 768w\" sizes=\"auto, (max-width: 1024px) 100vw, 1024px\" \/><\/a><\/p>\n<p>La primera intervenci\u00f3n fue realizada por <strong>Daniela Moreno<\/strong>, la representante de SADOP, quien sostuvo que las capacitaciones docentes no deben dise\u00f1arse en los despachos ministeriales y luego trasladarse a las aulas. \u201cLo m\u00e1s valioso es rescatar las experiencias \u00e1ulicas y desde all\u00ed partir para dise\u00f1ar los escenarios de capacitaci\u00f3n\u201d. En esa l\u00ednea, Moreno manifest\u00f3 la preocupaci\u00f3n de su gremio por las \u201ccondiciones\u201d y el \u201cmedioambiente\u201d en que los y las docentes deben desempe\u00f1arse, refiri\u00e9ndose \u2013puntualmente- a la cantidad de alumnos y alumnas por docente. Adem\u00e1s, habl\u00f3 de la necesidad de una ley de financiamiento educativo: \u201cCon docentes cuyos sueldos rozan la l\u00ednea de la pobreza, el acto educativo se empobrece\u201d.<\/p>\n<p><a href=\"http:\/\/ffyh.unc.edu.ar\/extension\/wp-content\/uploads\/sites\/2\/2016\/11\/DSC02011.jpg\"><img loading=\"lazy\" decoding=\"async\" class=\"alignright size-full wp-image-2806\" src=\"http:\/\/ffyh.unc.edu.ar\/extension\/wp-content\/uploads\/sites\/2\/2016\/11\/DSC02011.jpg\" alt=\"dsc02011\" width=\"1024\" height=\"768\" srcset=\"https:\/\/ffyh.unc.edu.ar\/extension\/wp-content\/uploads\/sites\/2\/2016\/11\/DSC02011.jpg 1024w, https:\/\/ffyh.unc.edu.ar\/extension\/wp-content\/uploads\/sites\/2\/2016\/11\/DSC02011-300x225.jpg 300w, https:\/\/ffyh.unc.edu.ar\/extension\/wp-content\/uploads\/sites\/2\/2016\/11\/DSC02011-768x576.jpg 768w\" sizes=\"auto, (max-width: 1024px) 100vw, 1024px\" \/><\/a><\/p>\n<p>En segundo lugar, tom\u00f3 la palabra <strong>Adriana Fontana<\/strong> del ISEP, quien manifest\u00f3 que el prop\u00f3sito del Instituto creado este a\u00f1o por el Ministerio de Educaci\u00f3n de la Provincia, es precisamente la construcci\u00f3n colectiva del conocimiento en los diferentes niveles del sistema educativo. \u201cEstamos convencidos de que las pol\u00edticas de formaci\u00f3n docente no deben bajarse de ning\u00fan lugar, sino que hay que construirlas colectivamente\u201d, dijo y explic\u00f3 que es una tarea que lleva tiempo y que necesita espacios de di\u00e1logo \u201cpara avanzar, rever cuestiones y volver a armar\u201d. Antes de terminar, Fontana introdujo otra cuesti\u00f3n y es la referida no s\u00f3lo al lugar que el sistema educativo asigna al docente, sino que -seg\u00fan su expexperiencia- \u00a0\u201ces atendible el lugar en el que el docente se para frente al sistema\u201d.<\/p>\n<p><a href=\"http:\/\/ffyh.unc.edu.ar\/extension\/wp-content\/uploads\/sites\/2\/2016\/11\/DSC02017.jpg\"><img loading=\"lazy\" decoding=\"async\" class=\"alignright size-full wp-image-2807\" src=\"http:\/\/ffyh.unc.edu.ar\/extension\/wp-content\/uploads\/sites\/2\/2016\/11\/DSC02017.jpg\" alt=\"dsc02017\" width=\"1024\" height=\"768\" srcset=\"https:\/\/ffyh.unc.edu.ar\/extension\/wp-content\/uploads\/sites\/2\/2016\/11\/DSC02017.jpg 1024w, https:\/\/ffyh.unc.edu.ar\/extension\/wp-content\/uploads\/sites\/2\/2016\/11\/DSC02017-300x225.jpg 300w, https:\/\/ffyh.unc.edu.ar\/extension\/wp-content\/uploads\/sites\/2\/2016\/11\/DSC02017-768x576.jpg 768w\" sizes=\"auto, (max-width: 1024px) 100vw, 1024px\" \/><\/a><\/p>\n<p>Por su parte, la vicedirectora de la Escuela de Ciencias de la Educaci\u00f3n, <strong>Claudia Baca<\/strong>, centr\u00f3 su intervenci\u00f3n en el modo en que las pol\u00edticas p\u00fablicas impactan y atraviesan individualmente a los docentes. Para ello habl\u00f3 de su experiencia personal en los diferentes niveles del sistema educativo y subray\u00f3 el importante impacto que tuvieron algunos proyectos espec\u00edficos del nivel medio en su formaci\u00f3n. Tambi\u00e9n resalt\u00f3 su participaci\u00f3n en el seminario-taller de Pr\u00e1ctica Docente y Residencia, de la Escuela de Ciencias de la Educaci\u00f3n: \u201cEse fue mi primer paso en la formaci\u00f3n continua, ya que me permit\u00eda revisar constantemente mi ejercicio de la docencia en los dem\u00e1s niveles\u201d, expres\u00f3 y dijo que, a la inversa, su trabajo\u00a0en el nivel medio le generaba muchas preguntas hacia el Seminario de la Universidad.<\/p>\n<p><img loading=\"lazy\" decoding=\"async\" class=\"size-full wp-image-2808 alignnone\" src=\"http:\/\/ffyh.unc.edu.ar\/extension\/wp-content\/uploads\/sites\/2\/2016\/11\/DSC02028.jpg\" alt=\"dsc02028\" width=\"1024\" height=\"768\" srcset=\"https:\/\/ffyh.unc.edu.ar\/extension\/wp-content\/uploads\/sites\/2\/2016\/11\/DSC02028.jpg 1024w, https:\/\/ffyh.unc.edu.ar\/extension\/wp-content\/uploads\/sites\/2\/2016\/11\/DSC02028-300x225.jpg 300w, https:\/\/ffyh.unc.edu.ar\/extension\/wp-content\/uploads\/sites\/2\/2016\/11\/DSC02028-768x576.jpg 768w\" sizes=\"auto, (max-width: 1024px) 100vw, 1024px\" \/><\/p>\n<p>Por \u00faltimo, el director del ICIEC\/UEPC, <strong>Gonzalo Guti\u00e9rrez<\/strong>, remarc\u00f3 que la pol\u00edtica de formaci\u00f3n docente del Instituto que \u00e9l dirige se inscribe dentro de la pol\u00edtica gremial de la UEPC, en defensa de la escuela p\u00fablica. En ese sentido dijo que la mejor forma para mejorar la escuela p\u00fablica es generando condiciones que fortalezcan el trabajo de ense\u00f1ar. \u201cTenemos en claro que la formaci\u00f3n docente es un pilar central en los procesos de escolarizaci\u00f3n, pero no soluciona todos los problemas. Tambi\u00e9n hay que trabajar en las condiciones laborales y materiales para poder sostener las apuestas\u201d. \u00a0Para finalizar, Guti\u00e9rrez plante\u00f3 el desaf\u00edo de pensar a la formaci\u00f3n no s\u00f3lo en t\u00e9rminos de cu\u00e1n formados est\u00e1n los docentes, sino teniendo en cuenta las habilidades sociales con que cuentan para poder trabajar con los j\u00f3venes, con las familias y con los colegas, a fin de que puedan \u201cimaginar su puesto de trabajo como algo m\u00e1s que la relaci\u00f3n que construyen con los chicos frente al aula\u201d.<\/p>\n<p>Antes de abrir el espacio para las preguntas del p\u00fablico, Alejandra Castro destac\u00f3 la importancia de la continuidad y la profundizaci\u00f3n en las discusiones de ambos encuentros\u00a0y resalt\u00f3 el acuerdo entre los\u00a0diferentes sectores del sistema \u00a0en torno a que las pol\u00edticas educativas se construyen colectivamente.<\/p>\n<p><img loading=\"lazy\" decoding=\"async\" class=\"size-full wp-image-2812 alignnone\" src=\"http:\/\/ffyh.unc.edu.ar\/extension\/wp-content\/uploads\/sites\/2\/2016\/11\/DSC02006.jpg\" alt=\"dsc02006\" width=\"1024\" height=\"768\" srcset=\"https:\/\/ffyh.unc.edu.ar\/extension\/wp-content\/uploads\/sites\/2\/2016\/11\/DSC02006.jpg 1024w, https:\/\/ffyh.unc.edu.ar\/extension\/wp-content\/uploads\/sites\/2\/2016\/11\/DSC02006-300x225.jpg 300w, https:\/\/ffyh.unc.edu.ar\/extension\/wp-content\/uploads\/sites\/2\/2016\/11\/DSC02006-768x576.jpg 768w\" sizes=\"auto, (max-width: 1024px) 100vw, 1024px\" \/><img loading=\"lazy\" decoding=\"async\" class=\"size-full wp-image-2811 alignnone\" src=\"http:\/\/ffyh.unc.edu.ar\/extension\/wp-content\/uploads\/sites\/2\/2016\/11\/DSC02015.jpg\" alt=\"dsc02015\" width=\"1024\" height=\"768\" srcset=\"https:\/\/ffyh.unc.edu.ar\/extension\/wp-content\/uploads\/sites\/2\/2016\/11\/DSC02015.jpg 1024w, https:\/\/ffyh.unc.edu.ar\/extension\/wp-content\/uploads\/sites\/2\/2016\/11\/DSC02015-300x225.jpg 300w, https:\/\/ffyh.unc.edu.ar\/extension\/wp-content\/uploads\/sites\/2\/2016\/11\/DSC02015-768x576.jpg 768w\" sizes=\"auto, (max-width: 1024px) 100vw, 1024px\" \/><a href=\"http:\/\/ffyh.unc.edu.ar\/extension\/wp-content\/uploads\/sites\/2\/2016\/11\/DSC02030.jpg\"><img loading=\"lazy\" decoding=\"async\" class=\"size-full wp-image-2809 alignnone\" src=\"http:\/\/ffyh.unc.edu.ar\/extension\/wp-content\/uploads\/sites\/2\/2016\/11\/DSC02030.jpg\" alt=\"dsc02030\" width=\"1024\" height=\"768\" srcset=\"https:\/\/ffyh.unc.edu.ar\/extension\/wp-content\/uploads\/sites\/2\/2016\/11\/DSC02030.jpg 1024w, https:\/\/ffyh.unc.edu.ar\/extension\/wp-content\/uploads\/sites\/2\/2016\/11\/DSC02030-300x225.jpg 300w, https:\/\/ffyh.unc.edu.ar\/extension\/wp-content\/uploads\/sites\/2\/2016\/11\/DSC02030-768x576.jpg 768w\" sizes=\"auto, (max-width: 1024px) 100vw, 1024px\" \/><\/a><a href=\"http:\/\/ffyh.unc.edu.ar\/extension\/wp-content\/uploads\/sites\/2\/2016\/11\/DSC02031.jpg\"><img loading=\"lazy\" decoding=\"async\" class=\"size-full wp-image-2810 alignnone\" src=\"http:\/\/ffyh.unc.edu.ar\/extension\/wp-content\/uploads\/sites\/2\/2016\/11\/DSC02031.jpg\" alt=\"dsc02031\" width=\"1024\" height=\"768\" srcset=\"https:\/\/ffyh.unc.edu.ar\/extension\/wp-content\/uploads\/sites\/2\/2016\/11\/DSC02031.jpg 1024w, https:\/\/ffyh.unc.edu.ar\/extension\/wp-content\/uploads\/sites\/2\/2016\/11\/DSC02031-300x225.jpg 300w, https:\/\/ffyh.unc.edu.ar\/extension\/wp-content\/uploads\/sites\/2\/2016\/11\/DSC02031-768x576.jpg 768w\" sizes=\"auto, (max-width: 1024px) 100vw, 1024px\" \/><\/a><img loading=\"lazy\" decoding=\"async\" class=\"size-full wp-image-2813 alignnone\" src=\"http:\/\/ffyh.unc.edu.ar\/extension\/wp-content\/uploads\/sites\/2\/2016\/11\/DSC02032.jpg\" alt=\"dsc02032\" width=\"1024\" height=\"768\" srcset=\"https:\/\/ffyh.unc.edu.ar\/extension\/wp-content\/uploads\/sites\/2\/2016\/11\/DSC02032.jpg 1024w, https:\/\/ffyh.unc.edu.ar\/extension\/wp-content\/uploads\/sites\/2\/2016\/11\/DSC02032-300x225.jpg 300w, https:\/\/ffyh.unc.edu.ar\/extension\/wp-content\/uploads\/sites\/2\/2016\/11\/DSC02032-768x576.jpg 768w\" sizes=\"auto, (max-width: 1024px) 100vw, 1024px\" \/><\/p>\n","protected":false},"excerpt":{"rendered":"<p>El viernes 11 de noviembre se realiz\u00f3 el 2\u00ba Conversatorio: \u201cPensar colectivamente la formaci\u00f3n docente continua en la C\u00f3rdoba actual\u201d.<\/p>\n","protected":false},"author":3,"featured_media":0,"comment_status":"open","ping_status":"open","sticky":false,"template":"","format":"standard","meta":{"_acf_changed":false,"colormag_page_container_layout":"default_layout","colormag_page_sidebar_layout":"default_layout","footnotes":""},"categories":[5,8],"tags":[],"class_list":["post-2802","post","type-post","status-publish","format-standard","hentry","category-congresos-jornadas-2","category-formacion-continua"],"acf":[],"yoast_head":"<!-- This site is optimized with the Yoast SEO plugin v27.1.1 - https:\/\/yoast.com\/product\/yoast-seo-wordpress\/ -->\n<title>Se realiz\u00f3 el 2\u00ba Conversatorio sobre formaci\u00f3n continua en C\u00f3rdoba - Secretar\u00eda de Extensi\u00f3n<\/title>\n<meta name=\"robots\" content=\"index, follow, max-snippet:-1, max-image-preview:large, max-video-preview:-1\" \/>\n<link rel=\"canonical\" href=\"https:\/\/ffyh.unc.edu.ar\/extension\/2016\/11\/16\/se-realizo-el-2o-conservatorio-sobre-formacion-continua-en-cordoba\/\" \/>\n<meta property=\"og:locale\" content=\"es_ES\" \/>\n<meta property=\"og:type\" content=\"article\" \/>\n<meta property=\"og:title\" content=\"Se realiz\u00f3 el 2\u00ba Conversatorio sobre formaci\u00f3n continua en C\u00f3rdoba - Secretar\u00eda de Extensi\u00f3n\" \/>\n<meta property=\"og:description\" content=\"El viernes 11 de noviembre se realiz\u00f3 el 2\u00ba Conversatorio: \u201cPensar colectivamente la formaci\u00f3n docente continua en la C\u00f3rdoba actual\u201d.\" \/>\n<meta property=\"og:url\" content=\"https:\/\/ffyh.unc.edu.ar\/extension\/2016\/11\/16\/se-realizo-el-2o-conservatorio-sobre-formacion-continua-en-cordoba\/\" \/>\n<meta property=\"og:site_name\" content=\"Secretar\u00eda de Extensi\u00f3n\" \/>\n<meta property=\"article:publisher\" content=\"https:\/\/www.facebook.com\/extensionffyh\" \/>\n<meta property=\"article:published_time\" content=\"2016-11-16T20:40:16+00:00\" \/>\n<meta property=\"article:modified_time\" content=\"2025-04-15T16:35:16+00:00\" \/>\n<meta property=\"og:image\" content=\"https:\/\/ffyh.unc.edu.ar\/extension\/wp-content\/uploads\/sites\/2\/2016\/11\/DSC02001.jpg\" \/>\n\t<meta property=\"og:image:width\" content=\"1024\" \/>\n\t<meta property=\"og:image:height\" content=\"768\" \/>\n\t<meta property=\"og:image:type\" content=\"image\/jpeg\" \/>\n<meta name=\"author\" content=\"extension\" \/>\n<meta name=\"twitter:card\" content=\"summary_large_image\" \/>\n<meta name=\"twitter:label1\" content=\"Escrito por\" \/>\n\t<meta name=\"twitter:data1\" content=\"\" \/>\n\t<meta name=\"twitter:label2\" content=\"Tiempo de lectura\" \/>\n\t<meta name=\"twitter:data2\" content=\"5 minutos\" \/>\n<script type=\"application\/ld+json\" class=\"yoast-schema-graph\">{\"@context\":\"https:\/\/schema.org\",\"@graph\":[{\"@type\":\"Article\",\"@id\":\"https:\/\/ffyh.unc.edu.ar\/extension\/2016\/11\/16\/se-realizo-el-2o-conservatorio-sobre-formacion-continua-en-cordoba\/#article\",\"isPartOf\":{\"@id\":\"https:\/\/ffyh.unc.edu.ar\/extension\/2016\/11\/16\/se-realizo-el-2o-conservatorio-sobre-formacion-continua-en-cordoba\/\"},\"author\":{\"name\":\"extension\",\"@id\":\"https:\/\/ffyh.unc.edu.ar\/extension\/#\/schema\/person\/c429cdff3a192a7081944182246c3689\"},\"headline\":\"Se realiz\u00f3 el 2\u00ba Conversatorio sobre formaci\u00f3n continua en C\u00f3rdoba\",\"datePublished\":\"2016-11-16T20:40:16+00:00\",\"dateModified\":\"2025-04-15T16:35:16+00:00\",\"mainEntityOfPage\":{\"@id\":\"https:\/\/ffyh.unc.edu.ar\/extension\/2016\/11\/16\/se-realizo-el-2o-conservatorio-sobre-formacion-continua-en-cordoba\/\"},\"wordCount\":1025,\"commentCount\":0,\"publisher\":{\"@id\":\"https:\/\/ffyh.unc.edu.ar\/extension\/#organization\"},\"image\":{\"@id\":\"https:\/\/ffyh.unc.edu.ar\/extension\/2016\/11\/16\/se-realizo-el-2o-conservatorio-sobre-formacion-continua-en-cordoba\/#primaryimage\"},\"thumbnailUrl\":\"http:\/\/ffyh.unc.edu.ar\/extension\/wp-content\/uploads\/sites\/2\/2016\/11\/DSC02001-300x225.jpg\",\"articleSection\":[\"Congresos, jornadas, charlas y conferencias\",\"Formaci\u00f3n Continua\"],\"inLanguage\":\"es\",\"potentialAction\":[{\"@type\":\"CommentAction\",\"name\":\"Comment\",\"target\":[\"https:\/\/ffyh.unc.edu.ar\/extension\/2016\/11\/16\/se-realizo-el-2o-conservatorio-sobre-formacion-continua-en-cordoba\/#respond\"]}]},{\"@type\":\"WebPage\",\"@id\":\"https:\/\/ffyh.unc.edu.ar\/extension\/2016\/11\/16\/se-realizo-el-2o-conservatorio-sobre-formacion-continua-en-cordoba\/\",\"url\":\"https:\/\/ffyh.unc.edu.ar\/extension\/2016\/11\/16\/se-realizo-el-2o-conservatorio-sobre-formacion-continua-en-cordoba\/\",\"name\":\"Se realiz\u00f3 el 2\u00ba Conversatorio sobre formaci\u00f3n continua en C\u00f3rdoba - Secretar\u00eda de Extensi\u00f3n\",\"isPartOf\":{\"@id\":\"https:\/\/ffyh.unc.edu.ar\/extension\/#website\"},\"primaryImageOfPage\":{\"@id\":\"https:\/\/ffyh.unc.edu.ar\/extension\/2016\/11\/16\/se-realizo-el-2o-conservatorio-sobre-formacion-continua-en-cordoba\/#primaryimage\"},\"image\":{\"@id\":\"https:\/\/ffyh.unc.edu.ar\/extension\/2016\/11\/16\/se-realizo-el-2o-conservatorio-sobre-formacion-continua-en-cordoba\/#primaryimage\"},\"thumbnailUrl\":\"http:\/\/ffyh.unc.edu.ar\/extension\/wp-content\/uploads\/sites\/2\/2016\/11\/DSC02001-300x225.jpg\",\"datePublished\":\"2016-11-16T20:40:16+00:00\",\"dateModified\":\"2025-04-15T16:35:16+00:00\",\"breadcrumb\":{\"@id\":\"https:\/\/ffyh.unc.edu.ar\/extension\/2016\/11\/16\/se-realizo-el-2o-conservatorio-sobre-formacion-continua-en-cordoba\/#breadcrumb\"},\"inLanguage\":\"es\",\"potentialAction\":[{\"@type\":\"ReadAction\",\"target\":[\"https:\/\/ffyh.unc.edu.ar\/extension\/2016\/11\/16\/se-realizo-el-2o-conservatorio-sobre-formacion-continua-en-cordoba\/\"]}]},{\"@type\":\"ImageObject\",\"inLanguage\":\"es\",\"@id\":\"https:\/\/ffyh.unc.edu.ar\/extension\/2016\/11\/16\/se-realizo-el-2o-conservatorio-sobre-formacion-continua-en-cordoba\/#primaryimage\",\"url\":\"https:\/\/ffyh.unc.edu.ar\/extension\/wp-content\/uploads\/sites\/2\/2016\/11\/DSC02001.jpg\",\"contentUrl\":\"https:\/\/ffyh.unc.edu.ar\/extension\/wp-content\/uploads\/sites\/2\/2016\/11\/DSC02001.jpg\",\"width\":1024,\"height\":768},{\"@type\":\"BreadcrumbList\",\"@id\":\"https:\/\/ffyh.unc.edu.ar\/extension\/2016\/11\/16\/se-realizo-el-2o-conservatorio-sobre-formacion-continua-en-cordoba\/#breadcrumb\",\"itemListElement\":[{\"@type\":\"ListItem\",\"position\":1,\"name\":\"Portada\",\"item\":\"https:\/\/ffyh.unc.edu.ar\/extension\/\"},{\"@type\":\"ListItem\",\"position\":2,\"name\":\"Se realiz\u00f3 el 2\u00ba Conversatorio sobre formaci\u00f3n continua en C\u00f3rdoba\"}]},{\"@type\":\"WebSite\",\"@id\":\"https:\/\/ffyh.unc.edu.ar\/extension\/#website\",\"url\":\"https:\/\/ffyh.unc.edu.ar\/extension\/\",\"name\":\"Secretar\u00eda de Extensi\u00f3n\",\"description\":\"Facultad de Filosof\u00eda y Humanidades - Universidad Nacional de C\u00f3rdoba\",\"publisher\":{\"@id\":\"https:\/\/ffyh.unc.edu.ar\/extension\/#organization\"},\"potentialAction\":[{\"@type\":\"SearchAction\",\"target\":{\"@type\":\"EntryPoint\",\"urlTemplate\":\"https:\/\/ffyh.unc.edu.ar\/extension\/?s={search_term_string}\"},\"query-input\":{\"@type\":\"PropertyValueSpecification\",\"valueRequired\":true,\"valueName\":\"search_term_string\"}}],\"inLanguage\":\"es\"},{\"@type\":\"Organization\",\"@id\":\"https:\/\/ffyh.unc.edu.ar\/extension\/#organization\",\"name\":\"Secretar\u00eda de Extensi\u00f3n - Facultad de Filosof\u00eda y Humanidades - Universidad Nacional de C\u00f3rdoba\",\"url\":\"https:\/\/ffyh.unc.edu.ar\/extension\/\",\"logo\":{\"@type\":\"ImageObject\",\"inLanguage\":\"es\",\"@id\":\"https:\/\/ffyh.unc.edu.ar\/extension\/#\/schema\/logo\/image\/\",\"url\":\"https:\/\/ffyh.unc.edu.ar\/extension\/wp-content\/uploads\/sites\/2\/2018\/08\/logo-extension-chico.jpg\",\"contentUrl\":\"https:\/\/ffyh.unc.edu.ar\/extension\/wp-content\/uploads\/sites\/2\/2018\/08\/logo-extension-chico.jpg\",\"width\":314,\"height\":119,\"caption\":\"Secretar\u00eda de Extensi\u00f3n - Facultad de Filosof\u00eda y Humanidades - Universidad Nacional de C\u00f3rdoba\"},\"image\":{\"@id\":\"https:\/\/ffyh.unc.edu.ar\/extension\/#\/schema\/logo\/image\/\"},\"sameAs\":[\"https:\/\/www.facebook.com\/extensionffyh\",\"https:\/\/www.instagram.com\/extensionffyh\/\",\"https:\/\/www.youtube.com\/channel\/UCTgN4nvMQE7ktBcgujEI-EA\"]},{\"@type\":\"Person\",\"@id\":\"https:\/\/ffyh.unc.edu.ar\/extension\/#\/schema\/person\/c429cdff3a192a7081944182246c3689\",\"name\":\"extension\",\"url\":\"https:\/\/ffyh.unc.edu.ar\/extension\/author\/extension\/\"}]}<\/script>\n<!-- \/ Yoast SEO plugin. -->","yoast_head_json":{"title":"Se realiz\u00f3 el 2\u00ba Conversatorio sobre formaci\u00f3n continua en C\u00f3rdoba - Secretar\u00eda de Extensi\u00f3n","robots":{"index":"index","follow":"follow","max-snippet":"max-snippet:-1","max-image-preview":"max-image-preview:large","max-video-preview":"max-video-preview:-1"},"canonical":"https:\/\/ffyh.unc.edu.ar\/extension\/2016\/11\/16\/se-realizo-el-2o-conservatorio-sobre-formacion-continua-en-cordoba\/","og_locale":"es_ES","og_type":"article","og_title":"Se realiz\u00f3 el 2\u00ba Conversatorio sobre formaci\u00f3n continua en C\u00f3rdoba - Secretar\u00eda de Extensi\u00f3n","og_description":"El viernes 11 de noviembre se realiz\u00f3 el 2\u00ba Conversatorio: \u201cPensar colectivamente la formaci\u00f3n docente continua en la C\u00f3rdoba actual\u201d.","og_url":"https:\/\/ffyh.unc.edu.ar\/extension\/2016\/11\/16\/se-realizo-el-2o-conservatorio-sobre-formacion-continua-en-cordoba\/","og_site_name":"Secretar\u00eda de Extensi\u00f3n","article_publisher":"https:\/\/www.facebook.com\/extensionffyh","article_published_time":"2016-11-16T20:40:16+00:00","article_modified_time":"2025-04-15T16:35:16+00:00","og_image":[{"width":1024,"height":768,"url":"https:\/\/ffyh.unc.edu.ar\/extension\/wp-content\/uploads\/sites\/2\/2016\/11\/DSC02001.jpg","type":"image\/jpeg"}],"author":"extension","twitter_card":"summary_large_image","twitter_misc":{"Escrito por":false,"Tiempo de lectura":"5 minutos"},"schema":{"@context":"https:\/\/schema.org","@graph":[{"@type":"Article","@id":"https:\/\/ffyh.unc.edu.ar\/extension\/2016\/11\/16\/se-realizo-el-2o-conservatorio-sobre-formacion-continua-en-cordoba\/#article","isPartOf":{"@id":"https:\/\/ffyh.unc.edu.ar\/extension\/2016\/11\/16\/se-realizo-el-2o-conservatorio-sobre-formacion-continua-en-cordoba\/"},"author":{"name":"extension","@id":"https:\/\/ffyh.unc.edu.ar\/extension\/#\/schema\/person\/c429cdff3a192a7081944182246c3689"},"headline":"Se realiz\u00f3 el 2\u00ba Conversatorio sobre formaci\u00f3n continua en C\u00f3rdoba","datePublished":"2016-11-16T20:40:16+00:00","dateModified":"2025-04-15T16:35:16+00:00","mainEntityOfPage":{"@id":"https:\/\/ffyh.unc.edu.ar\/extension\/2016\/11\/16\/se-realizo-el-2o-conservatorio-sobre-formacion-continua-en-cordoba\/"},"wordCount":1025,"commentCount":0,"publisher":{"@id":"https:\/\/ffyh.unc.edu.ar\/extension\/#organization"},"image":{"@id":"https:\/\/ffyh.unc.edu.ar\/extension\/2016\/11\/16\/se-realizo-el-2o-conservatorio-sobre-formacion-continua-en-cordoba\/#primaryimage"},"thumbnailUrl":"http:\/\/ffyh.unc.edu.ar\/extension\/wp-content\/uploads\/sites\/2\/2016\/11\/DSC02001-300x225.jpg","articleSection":["Congresos, jornadas, charlas y conferencias","Formaci\u00f3n Continua"],"inLanguage":"es","potentialAction":[{"@type":"CommentAction","name":"Comment","target":["https:\/\/ffyh.unc.edu.ar\/extension\/2016\/11\/16\/se-realizo-el-2o-conservatorio-sobre-formacion-continua-en-cordoba\/#respond"]}]},{"@type":"WebPage","@id":"https:\/\/ffyh.unc.edu.ar\/extension\/2016\/11\/16\/se-realizo-el-2o-conservatorio-sobre-formacion-continua-en-cordoba\/","url":"https:\/\/ffyh.unc.edu.ar\/extension\/2016\/11\/16\/se-realizo-el-2o-conservatorio-sobre-formacion-continua-en-cordoba\/","name":"Se realiz\u00f3 el 2\u00ba Conversatorio sobre formaci\u00f3n continua en C\u00f3rdoba - Secretar\u00eda de Extensi\u00f3n","isPartOf":{"@id":"https:\/\/ffyh.unc.edu.ar\/extension\/#website"},"primaryImageOfPage":{"@id":"https:\/\/ffyh.unc.edu.ar\/extension\/2016\/11\/16\/se-realizo-el-2o-conservatorio-sobre-formacion-continua-en-cordoba\/#primaryimage"},"image":{"@id":"https:\/\/ffyh.unc.edu.ar\/extension\/2016\/11\/16\/se-realizo-el-2o-conservatorio-sobre-formacion-continua-en-cordoba\/#primaryimage"},"thumbnailUrl":"http:\/\/ffyh.unc.edu.ar\/extension\/wp-content\/uploads\/sites\/2\/2016\/11\/DSC02001-300x225.jpg","datePublished":"2016-11-16T20:40:16+00:00","dateModified":"2025-04-15T16:35:16+00:00","breadcrumb":{"@id":"https:\/\/ffyh.unc.edu.ar\/extension\/2016\/11\/16\/se-realizo-el-2o-conservatorio-sobre-formacion-continua-en-cordoba\/#breadcrumb"},"inLanguage":"es","potentialAction":[{"@type":"ReadAction","target":["https:\/\/ffyh.unc.edu.ar\/extension\/2016\/11\/16\/se-realizo-el-2o-conservatorio-sobre-formacion-continua-en-cordoba\/"]}]},{"@type":"ImageObject","inLanguage":"es","@id":"https:\/\/ffyh.unc.edu.ar\/extension\/2016\/11\/16\/se-realizo-el-2o-conservatorio-sobre-formacion-continua-en-cordoba\/#primaryimage","url":"https:\/\/ffyh.unc.edu.ar\/extension\/wp-content\/uploads\/sites\/2\/2016\/11\/DSC02001.jpg","contentUrl":"https:\/\/ffyh.unc.edu.ar\/extension\/wp-content\/uploads\/sites\/2\/2016\/11\/DSC02001.jpg","width":1024,"height":768},{"@type":"BreadcrumbList","@id":"https:\/\/ffyh.unc.edu.ar\/extension\/2016\/11\/16\/se-realizo-el-2o-conservatorio-sobre-formacion-continua-en-cordoba\/#breadcrumb","itemListElement":[{"@type":"ListItem","position":1,"name":"Portada","item":"https:\/\/ffyh.unc.edu.ar\/extension\/"},{"@type":"ListItem","position":2,"name":"Se realiz\u00f3 el 2\u00ba Conversatorio sobre formaci\u00f3n continua en C\u00f3rdoba"}]},{"@type":"WebSite","@id":"https:\/\/ffyh.unc.edu.ar\/extension\/#website","url":"https:\/\/ffyh.unc.edu.ar\/extension\/","name":"Secretar\u00eda de Extensi\u00f3n","description":"Facultad de Filosof\u00eda y Humanidades - Universidad Nacional de C\u00f3rdoba","publisher":{"@id":"https:\/\/ffyh.unc.edu.ar\/extension\/#organization"},"potentialAction":[{"@type":"SearchAction","target":{"@type":"EntryPoint","urlTemplate":"https:\/\/ffyh.unc.edu.ar\/extension\/?s={search_term_string}"},"query-input":{"@type":"PropertyValueSpecification","valueRequired":true,"valueName":"search_term_string"}}],"inLanguage":"es"},{"@type":"Organization","@id":"https:\/\/ffyh.unc.edu.ar\/extension\/#organization","name":"Secretar\u00eda de Extensi\u00f3n - Facultad de Filosof\u00eda y Humanidades - Universidad Nacional de C\u00f3rdoba","url":"https:\/\/ffyh.unc.edu.ar\/extension\/","logo":{"@type":"ImageObject","inLanguage":"es","@id":"https:\/\/ffyh.unc.edu.ar\/extension\/#\/schema\/logo\/image\/","url":"https:\/\/ffyh.unc.edu.ar\/extension\/wp-content\/uploads\/sites\/2\/2018\/08\/logo-extension-chico.jpg","contentUrl":"https:\/\/ffyh.unc.edu.ar\/extension\/wp-content\/uploads\/sites\/2\/2018\/08\/logo-extension-chico.jpg","width":314,"height":119,"caption":"Secretar\u00eda de Extensi\u00f3n - Facultad de Filosof\u00eda y Humanidades - Universidad Nacional de C\u00f3rdoba"},"image":{"@id":"https:\/\/ffyh.unc.edu.ar\/extension\/#\/schema\/logo\/image\/"},"sameAs":["https:\/\/www.facebook.com\/extensionffyh","https:\/\/www.instagram.com\/extensionffyh\/","https:\/\/www.youtube.com\/channel\/UCTgN4nvMQE7ktBcgujEI-EA"]},{"@type":"Person","@id":"https:\/\/ffyh.unc.edu.ar\/extension\/#\/schema\/person\/c429cdff3a192a7081944182246c3689","name":"extension","url":"https:\/\/ffyh.unc.edu.ar\/extension\/author\/extension\/"}]}},"jetpack_featured_media_url":"","_links":{"self":[{"href":"https:\/\/ffyh.unc.edu.ar\/extension\/wp-json\/wp\/v2\/posts\/2802","targetHints":{"allow":["GET"]}}],"collection":[{"href":"https:\/\/ffyh.unc.edu.ar\/extension\/wp-json\/wp\/v2\/posts"}],"about":[{"href":"https:\/\/ffyh.unc.edu.ar\/extension\/wp-json\/wp\/v2\/types\/post"}],"author":[{"embeddable":true,"href":"https:\/\/ffyh.unc.edu.ar\/extension\/wp-json\/wp\/v2\/users\/3"}],"replies":[{"embeddable":true,"href":"https:\/\/ffyh.unc.edu.ar\/extension\/wp-json\/wp\/v2\/comments?post=2802"}],"version-history":[{"count":1,"href":"https:\/\/ffyh.unc.edu.ar\/extension\/wp-json\/wp\/v2\/posts\/2802\/revisions"}],"predecessor-version":[{"id":8025,"href":"https:\/\/ffyh.unc.edu.ar\/extension\/wp-json\/wp\/v2\/posts\/2802\/revisions\/8025"}],"wp:attachment":[{"href":"https:\/\/ffyh.unc.edu.ar\/extension\/wp-json\/wp\/v2\/media?parent=2802"}],"wp:term":[{"taxonomy":"category","embeddable":true,"href":"https:\/\/ffyh.unc.edu.ar\/extension\/wp-json\/wp\/v2\/categories?post=2802"},{"taxonomy":"post_tag","embeddable":true,"href":"https:\/\/ffyh.unc.edu.ar\/extension\/wp-json\/wp\/v2\/tags?post=2802"}],"curies":[{"name":"wp","href":"https:\/\/api.w.org\/{rel}","templated":true}]}}