{"id":3224,"date":"2017-08-24T17:53:15","date_gmt":"2017-08-24T17:53:15","guid":{"rendered":"http:\/\/ffyh.unc.edu.ar\/extension\/?p=3224"},"modified":"2017-08-25T13:43:39","modified_gmt":"2017-08-25T13:43:39","slug":"catalogo-digital-muestra-fotografica-lo-imposible-solo-tarda-un-poco-mas","status":"publish","type":"post","link":"https:\/\/ffyh.unc.edu.ar\/extension\/2017\/08\/24\/catalogo-digital-muestra-fotografica-lo-imposible-solo-tarda-un-poco-mas\/","title":{"rendered":"Cat\u00e1logo Digital muestra fotogr\u00e1fica \u00abLo imposible s\u00f3lo tarda un poco m\u00e1s\u00bb"},"content":{"rendered":"<div class=\"gmail_quote\"><img loading=\"lazy\" decoding=\"async\" class=\"size-medium wp-image-3225 alignright\" src=\"http:\/\/ffyh.unc.edu.ar\/extension\/wp-content\/uploads\/sites\/2\/2017\/08\/CalcoCatalogoFinal_WEB-300x200.jpg\" alt=\"\" width=\"300\" height=\"200\" srcset=\"https:\/\/ffyh.unc.edu.ar\/extension\/wp-content\/uploads\/sites\/2\/2017\/08\/CalcoCatalogoFinal_WEB-300x200.jpg 300w, https:\/\/ffyh.unc.edu.ar\/extension\/wp-content\/uploads\/sites\/2\/2017\/08\/CalcoCatalogoFinal_WEB-768x512.jpg 768w, https:\/\/ffyh.unc.edu.ar\/extension\/wp-content\/uploads\/sites\/2\/2017\/08\/CalcoCatalogoFinal_WEB.jpg 900w\" sizes=\"auto, (max-width: 300px) 100vw, 300px\" \/><strong>A un a\u00f1o de la Sentencia sobre la \u00abMegacausa La Perla &#8211; Campo de la Ribera &#8211; D2\u00bb, el juicio m\u00e1s importante al terrorismo de Estado en C\u00f3rdoba, la Secretar\u00eda de Extensi\u00f3n de la Facultad de Filosof\u00eda y Humanidades de la UNC junto al\u00a0 Archivo Provincial de la Memoria y los Espacios para la Memoria La Perla y Campo de la Ribera invitan a conocer el <a href=\"https:\/\/ffyh.unc.edu.ar\/lo-imposible\/\" target=\"_blank\" rel=\"noopener\">Cat\u00e1logo Digital<\/a> sobre la muestra fotogr\u00e1fica \u00abLo imposible s\u00f3lo tarda un poco m\u00e1s\u00bb .<\/strong><\/div>\n<div><\/div>\n<p><!--more--><\/p>\n<div class=\"gmail_quote\"><\/div>\n<div class=\"gmail_quote\">La muestra est\u00e1 integrada por cuatro series que representan aspectos fundamentales de la Megacausa a trav\u00e9s de los siguientes ejes: \u201cEl proceso judicial\u201d en La Perla, \u201cLos \u00e1rboles de la Vida y sus rituales\u201d en el Archivo Provincial de la Memoria, \u201cSi se sostiene la lucha, la justicia llega\u201d en Campo de La Ribera y \u201cEl Juicio en la Calle\u201d, en el Pabell\u00f3n Residencial de la Facultad de Filosof\u00eda en Ciudad Universitaria.<\/div>\n<div class=\"gmail_quote\"><\/div>\n<div class=\"gmail_quote\"><span style=\"color: #000000;font-family: Arial\">Las im\u00e1genes y palabras que componen este Cat\u00e1logo Digital <\/span>buscan mostrar esos momentos, esas personas, esos espacios habitados por la justicia y el compromiso. A trav\u00e9s de las diferentes miradas de los y las fot\u00f3grafas y las voces de los textos escritos por referentes de la lucha por los Derechos Humanos, se narra el enorme trabajo de periodistas, fot\u00f3grafos, militantes, trabajadores de la justicia, organizaciones sociales, estudiantes, docentes, gremios y cordobeses en general que se movilizaron tanto antes como durante la Sentencia. Todos y todas protagonistas fundamentales para sostener y llevar adelante este juicio hist\u00f3rico.<\/div>\n<div class=\"gmail_quote\"><\/div>\n<div class=\"gmail_quote\">A partir del 14 de septiembre, las cuatro series se reunir\u00e1n para ser exhibidas en la Sala Ernesto Farina de Ciudad de las Artes, predio en el que funcionaba el Destacamento de Inteligencia 141.<\/div>\n","protected":false},"excerpt":{"rendered":"<p>A un a\u00f1o de la Sentencia sobre la \u00abMegacausa La Perla &#8211; Campo de la Ribera &#8211; D2\u00bb, el juicio<\/p>\n","protected":false},"author":3,"featured_media":0,"comment_status":"closed","ping_status":"closed","sticky":false,"template":"","format":"standard","meta":{"_acf_changed":false,"colormag_page_container_layout":"default_layout","colormag_page_sidebar_layout":"default_layout","footnotes":""},"categories":[12],"tags":[],"class_list":["post-3224","post","type-post","status-publish","format-standard","hentry","category-noticias"],"acf":[],"yoast_head":"<!-- This site is optimized with the Yoast SEO plugin v27.1.1 - https:\/\/yoast.com\/product\/yoast-seo-wordpress\/ -->\n<title>Cat\u00e1logo Digital muestra fotogr\u00e1fica &quot;Lo imposible s\u00f3lo tarda un poco m\u00e1s&quot; - Secretar\u00eda de Extensi\u00f3n<\/title>\n<meta name=\"robots\" content=\"index, follow, max-snippet:-1, max-image-preview:large, max-video-preview:-1\" \/>\n<link rel=\"canonical\" href=\"https:\/\/ffyh.unc.edu.ar\/extension\/2017\/08\/24\/catalogo-digital-muestra-fotografica-lo-imposible-solo-tarda-un-poco-mas\/\" \/>\n<meta property=\"og:locale\" content=\"es_ES\" \/>\n<meta property=\"og:type\" content=\"article\" \/>\n<meta property=\"og:title\" content=\"Cat\u00e1logo Digital muestra fotogr\u00e1fica &quot;Lo imposible s\u00f3lo tarda un poco m\u00e1s&quot; - Secretar\u00eda de Extensi\u00f3n\" \/>\n<meta property=\"og:description\" content=\"A un a\u00f1o de la Sentencia sobre la \u00abMegacausa La Perla &#8211; Campo de la Ribera &#8211; D2\u00bb, el juicio\" \/>\n<meta property=\"og:url\" content=\"https:\/\/ffyh.unc.edu.ar\/extension\/2017\/08\/24\/catalogo-digital-muestra-fotografica-lo-imposible-solo-tarda-un-poco-mas\/\" \/>\n<meta property=\"og:site_name\" content=\"Secretar\u00eda de Extensi\u00f3n\" \/>\n<meta property=\"article:publisher\" content=\"https:\/\/www.facebook.com\/extensionffyh\" \/>\n<meta property=\"article:published_time\" content=\"2017-08-24T17:53:15+00:00\" \/>\n<meta property=\"article:modified_time\" content=\"2017-08-25T13:43:39+00:00\" \/>\n<meta property=\"og:image\" content=\"http:\/\/ffyh.unc.edu.ar\/extension\/wp-content\/uploads\/sites\/2\/2017\/08\/CalcoCatalogoFinal_WEB-300x200.jpg\" \/>\n<meta name=\"author\" content=\"extension\" \/>\n<meta name=\"twitter:card\" content=\"summary_large_image\" \/>\n<meta name=\"twitter:label1\" content=\"Escrito por\" \/>\n\t<meta name=\"twitter:data1\" content=\"\" \/>\n\t<meta name=\"twitter:label2\" content=\"Tiempo de lectura\" \/>\n\t<meta name=\"twitter:data2\" content=\"1 minuto\" \/>\n<script type=\"application\/ld+json\" class=\"yoast-schema-graph\">{\"@context\":\"https:\/\/schema.org\",\"@graph\":[{\"@type\":\"Article\",\"@id\":\"https:\/\/ffyh.unc.edu.ar\/extension\/2017\/08\/24\/catalogo-digital-muestra-fotografica-lo-imposible-solo-tarda-un-poco-mas\/#article\",\"isPartOf\":{\"@id\":\"https:\/\/ffyh.unc.edu.ar\/extension\/2017\/08\/24\/catalogo-digital-muestra-fotografica-lo-imposible-solo-tarda-un-poco-mas\/\"},\"author\":{\"name\":\"extension\",\"@id\":\"https:\/\/ffyh.unc.edu.ar\/extension\/#\/schema\/person\/c429cdff3a192a7081944182246c3689\"},\"headline\":\"Cat\u00e1logo Digital muestra fotogr\u00e1fica \u00abLo imposible s\u00f3lo tarda un poco m\u00e1s\u00bb\",\"datePublished\":\"2017-08-24T17:53:15+00:00\",\"dateModified\":\"2017-08-25T13:43:39+00:00\",\"mainEntityOfPage\":{\"@id\":\"https:\/\/ffyh.unc.edu.ar\/extension\/2017\/08\/24\/catalogo-digital-muestra-fotografica-lo-imposible-solo-tarda-un-poco-mas\/\"},\"wordCount\":313,\"publisher\":{\"@id\":\"https:\/\/ffyh.unc.edu.ar\/extension\/#organization\"},\"image\":{\"@id\":\"https:\/\/ffyh.unc.edu.ar\/extension\/2017\/08\/24\/catalogo-digital-muestra-fotografica-lo-imposible-solo-tarda-un-poco-mas\/#primaryimage\"},\"thumbnailUrl\":\"http:\/\/ffyh.unc.edu.ar\/extension\/wp-content\/uploads\/sites\/2\/2017\/08\/CalcoCatalogoFinal_WEB-300x200.jpg\",\"articleSection\":[\"Noticias\"],\"inLanguage\":\"es\"},{\"@type\":\"WebPage\",\"@id\":\"https:\/\/ffyh.unc.edu.ar\/extension\/2017\/08\/24\/catalogo-digital-muestra-fotografica-lo-imposible-solo-tarda-un-poco-mas\/\",\"url\":\"https:\/\/ffyh.unc.edu.ar\/extension\/2017\/08\/24\/catalogo-digital-muestra-fotografica-lo-imposible-solo-tarda-un-poco-mas\/\",\"name\":\"Cat\u00e1logo Digital muestra fotogr\u00e1fica \\\"Lo imposible s\u00f3lo tarda un poco m\u00e1s\\\" - Secretar\u00eda de Extensi\u00f3n\",\"isPartOf\":{\"@id\":\"https:\/\/ffyh.unc.edu.ar\/extension\/#website\"},\"primaryImageOfPage\":{\"@id\":\"https:\/\/ffyh.unc.edu.ar\/extension\/2017\/08\/24\/catalogo-digital-muestra-fotografica-lo-imposible-solo-tarda-un-poco-mas\/#primaryimage\"},\"image\":{\"@id\":\"https:\/\/ffyh.unc.edu.ar\/extension\/2017\/08\/24\/catalogo-digital-muestra-fotografica-lo-imposible-solo-tarda-un-poco-mas\/#primaryimage\"},\"thumbnailUrl\":\"http:\/\/ffyh.unc.edu.ar\/extension\/wp-content\/uploads\/sites\/2\/2017\/08\/CalcoCatalogoFinal_WEB-300x200.jpg\",\"datePublished\":\"2017-08-24T17:53:15+00:00\",\"dateModified\":\"2017-08-25T13:43:39+00:00\",\"breadcrumb\":{\"@id\":\"https:\/\/ffyh.unc.edu.ar\/extension\/2017\/08\/24\/catalogo-digital-muestra-fotografica-lo-imposible-solo-tarda-un-poco-mas\/#breadcrumb\"},\"inLanguage\":\"es\",\"potentialAction\":[{\"@type\":\"ReadAction\",\"target\":[\"https:\/\/ffyh.unc.edu.ar\/extension\/2017\/08\/24\/catalogo-digital-muestra-fotografica-lo-imposible-solo-tarda-un-poco-mas\/\"]}]},{\"@type\":\"ImageObject\",\"inLanguage\":\"es\",\"@id\":\"https:\/\/ffyh.unc.edu.ar\/extension\/2017\/08\/24\/catalogo-digital-muestra-fotografica-lo-imposible-solo-tarda-un-poco-mas\/#primaryimage\",\"url\":\"https:\/\/ffyh.unc.edu.ar\/extension\/wp-content\/uploads\/sites\/2\/2017\/08\/CalcoCatalogoFinal_WEB.jpg\",\"contentUrl\":\"https:\/\/ffyh.unc.edu.ar\/extension\/wp-content\/uploads\/sites\/2\/2017\/08\/CalcoCatalogoFinal_WEB.jpg\",\"width\":900,\"height\":600},{\"@type\":\"BreadcrumbList\",\"@id\":\"https:\/\/ffyh.unc.edu.ar\/extension\/2017\/08\/24\/catalogo-digital-muestra-fotografica-lo-imposible-solo-tarda-un-poco-mas\/#breadcrumb\",\"itemListElement\":[{\"@type\":\"ListItem\",\"position\":1,\"name\":\"Portada\",\"item\":\"https:\/\/ffyh.unc.edu.ar\/extension\/\"},{\"@type\":\"ListItem\",\"position\":2,\"name\":\"Cat\u00e1logo Digital muestra fotogr\u00e1fica \u00abLo imposible s\u00f3lo tarda un poco m\u00e1s\u00bb\"}]},{\"@type\":\"WebSite\",\"@id\":\"https:\/\/ffyh.unc.edu.ar\/extension\/#website\",\"url\":\"https:\/\/ffyh.unc.edu.ar\/extension\/\",\"name\":\"Secretar\u00eda de Extensi\u00f3n\",\"description\":\"Facultad de Filosof\u00eda y Humanidades - Universidad Nacional de C\u00f3rdoba\",\"publisher\":{\"@id\":\"https:\/\/ffyh.unc.edu.ar\/extension\/#organization\"},\"potentialAction\":[{\"@type\":\"SearchAction\",\"target\":{\"@type\":\"EntryPoint\",\"urlTemplate\":\"https:\/\/ffyh.unc.edu.ar\/extension\/?s={search_term_string}\"},\"query-input\":{\"@type\":\"PropertyValueSpecification\",\"valueRequired\":true,\"valueName\":\"search_term_string\"}}],\"inLanguage\":\"es\"},{\"@type\":\"Organization\",\"@id\":\"https:\/\/ffyh.unc.edu.ar\/extension\/#organization\",\"name\":\"Secretar\u00eda de Extensi\u00f3n - Facultad de Filosof\u00eda y Humanidades - Universidad Nacional de C\u00f3rdoba\",\"url\":\"https:\/\/ffyh.unc.edu.ar\/extension\/\",\"logo\":{\"@type\":\"ImageObject\",\"inLanguage\":\"es\",\"@id\":\"https:\/\/ffyh.unc.edu.ar\/extension\/#\/schema\/logo\/image\/\",\"url\":\"https:\/\/ffyh.unc.edu.ar\/extension\/wp-content\/uploads\/sites\/2\/2018\/08\/logo-extension-chico.jpg\",\"contentUrl\":\"https:\/\/ffyh.unc.edu.ar\/extension\/wp-content\/uploads\/sites\/2\/2018\/08\/logo-extension-chico.jpg\",\"width\":314,\"height\":119,\"caption\":\"Secretar\u00eda de Extensi\u00f3n - Facultad de Filosof\u00eda y Humanidades - Universidad Nacional de C\u00f3rdoba\"},\"image\":{\"@id\":\"https:\/\/ffyh.unc.edu.ar\/extension\/#\/schema\/logo\/image\/\"},\"sameAs\":[\"https:\/\/www.facebook.com\/extensionffyh\",\"https:\/\/www.instagram.com\/extensionffyh\/\",\"https:\/\/www.youtube.com\/channel\/UCTgN4nvMQE7ktBcgujEI-EA\"]},{\"@type\":\"Person\",\"@id\":\"https:\/\/ffyh.unc.edu.ar\/extension\/#\/schema\/person\/c429cdff3a192a7081944182246c3689\",\"name\":\"extension\",\"url\":\"https:\/\/ffyh.unc.edu.ar\/extension\/author\/extension\/\"}]}<\/script>\n<!-- \/ Yoast SEO plugin. -->","yoast_head_json":{"title":"Cat\u00e1logo Digital muestra fotogr\u00e1fica \"Lo imposible s\u00f3lo tarda un poco m\u00e1s\" - Secretar\u00eda de Extensi\u00f3n","robots":{"index":"index","follow":"follow","max-snippet":"max-snippet:-1","max-image-preview":"max-image-preview:large","max-video-preview":"max-video-preview:-1"},"canonical":"https:\/\/ffyh.unc.edu.ar\/extension\/2017\/08\/24\/catalogo-digital-muestra-fotografica-lo-imposible-solo-tarda-un-poco-mas\/","og_locale":"es_ES","og_type":"article","og_title":"Cat\u00e1logo Digital muestra fotogr\u00e1fica \"Lo imposible s\u00f3lo tarda un poco m\u00e1s\" - Secretar\u00eda de Extensi\u00f3n","og_description":"A un a\u00f1o de la Sentencia sobre la \u00abMegacausa La Perla &#8211; Campo de la Ribera &#8211; D2\u00bb, el juicio","og_url":"https:\/\/ffyh.unc.edu.ar\/extension\/2017\/08\/24\/catalogo-digital-muestra-fotografica-lo-imposible-solo-tarda-un-poco-mas\/","og_site_name":"Secretar\u00eda de Extensi\u00f3n","article_publisher":"https:\/\/www.facebook.com\/extensionffyh","article_published_time":"2017-08-24T17:53:15+00:00","article_modified_time":"2017-08-25T13:43:39+00:00","og_image":[{"url":"http:\/\/ffyh.unc.edu.ar\/extension\/wp-content\/uploads\/sites\/2\/2017\/08\/CalcoCatalogoFinal_WEB-300x200.jpg","type":"","width":"","height":""}],"author":"extension","twitter_card":"summary_large_image","twitter_misc":{"Escrito por":false,"Tiempo de lectura":"1 minuto"},"schema":{"@context":"https:\/\/schema.org","@graph":[{"@type":"Article","@id":"https:\/\/ffyh.unc.edu.ar\/extension\/2017\/08\/24\/catalogo-digital-muestra-fotografica-lo-imposible-solo-tarda-un-poco-mas\/#article","isPartOf":{"@id":"https:\/\/ffyh.unc.edu.ar\/extension\/2017\/08\/24\/catalogo-digital-muestra-fotografica-lo-imposible-solo-tarda-un-poco-mas\/"},"author":{"name":"extension","@id":"https:\/\/ffyh.unc.edu.ar\/extension\/#\/schema\/person\/c429cdff3a192a7081944182246c3689"},"headline":"Cat\u00e1logo Digital muestra fotogr\u00e1fica \u00abLo imposible s\u00f3lo tarda un poco m\u00e1s\u00bb","datePublished":"2017-08-24T17:53:15+00:00","dateModified":"2017-08-25T13:43:39+00:00","mainEntityOfPage":{"@id":"https:\/\/ffyh.unc.edu.ar\/extension\/2017\/08\/24\/catalogo-digital-muestra-fotografica-lo-imposible-solo-tarda-un-poco-mas\/"},"wordCount":313,"publisher":{"@id":"https:\/\/ffyh.unc.edu.ar\/extension\/#organization"},"image":{"@id":"https:\/\/ffyh.unc.edu.ar\/extension\/2017\/08\/24\/catalogo-digital-muestra-fotografica-lo-imposible-solo-tarda-un-poco-mas\/#primaryimage"},"thumbnailUrl":"http:\/\/ffyh.unc.edu.ar\/extension\/wp-content\/uploads\/sites\/2\/2017\/08\/CalcoCatalogoFinal_WEB-300x200.jpg","articleSection":["Noticias"],"inLanguage":"es"},{"@type":"WebPage","@id":"https:\/\/ffyh.unc.edu.ar\/extension\/2017\/08\/24\/catalogo-digital-muestra-fotografica-lo-imposible-solo-tarda-un-poco-mas\/","url":"https:\/\/ffyh.unc.edu.ar\/extension\/2017\/08\/24\/catalogo-digital-muestra-fotografica-lo-imposible-solo-tarda-un-poco-mas\/","name":"Cat\u00e1logo Digital muestra fotogr\u00e1fica \"Lo imposible s\u00f3lo tarda un poco m\u00e1s\" - Secretar\u00eda de Extensi\u00f3n","isPartOf":{"@id":"https:\/\/ffyh.unc.edu.ar\/extension\/#website"},"primaryImageOfPage":{"@id":"https:\/\/ffyh.unc.edu.ar\/extension\/2017\/08\/24\/catalogo-digital-muestra-fotografica-lo-imposible-solo-tarda-un-poco-mas\/#primaryimage"},"image":{"@id":"https:\/\/ffyh.unc.edu.ar\/extension\/2017\/08\/24\/catalogo-digital-muestra-fotografica-lo-imposible-solo-tarda-un-poco-mas\/#primaryimage"},"thumbnailUrl":"http:\/\/ffyh.unc.edu.ar\/extension\/wp-content\/uploads\/sites\/2\/2017\/08\/CalcoCatalogoFinal_WEB-300x200.jpg","datePublished":"2017-08-24T17:53:15+00:00","dateModified":"2017-08-25T13:43:39+00:00","breadcrumb":{"@id":"https:\/\/ffyh.unc.edu.ar\/extension\/2017\/08\/24\/catalogo-digital-muestra-fotografica-lo-imposible-solo-tarda-un-poco-mas\/#breadcrumb"},"inLanguage":"es","potentialAction":[{"@type":"ReadAction","target":["https:\/\/ffyh.unc.edu.ar\/extension\/2017\/08\/24\/catalogo-digital-muestra-fotografica-lo-imposible-solo-tarda-un-poco-mas\/"]}]},{"@type":"ImageObject","inLanguage":"es","@id":"https:\/\/ffyh.unc.edu.ar\/extension\/2017\/08\/24\/catalogo-digital-muestra-fotografica-lo-imposible-solo-tarda-un-poco-mas\/#primaryimage","url":"https:\/\/ffyh.unc.edu.ar\/extension\/wp-content\/uploads\/sites\/2\/2017\/08\/CalcoCatalogoFinal_WEB.jpg","contentUrl":"https:\/\/ffyh.unc.edu.ar\/extension\/wp-content\/uploads\/sites\/2\/2017\/08\/CalcoCatalogoFinal_WEB.jpg","width":900,"height":600},{"@type":"BreadcrumbList","@id":"https:\/\/ffyh.unc.edu.ar\/extension\/2017\/08\/24\/catalogo-digital-muestra-fotografica-lo-imposible-solo-tarda-un-poco-mas\/#breadcrumb","itemListElement":[{"@type":"ListItem","position":1,"name":"Portada","item":"https:\/\/ffyh.unc.edu.ar\/extension\/"},{"@type":"ListItem","position":2,"name":"Cat\u00e1logo Digital muestra fotogr\u00e1fica \u00abLo imposible s\u00f3lo tarda un poco m\u00e1s\u00bb"}]},{"@type":"WebSite","@id":"https:\/\/ffyh.unc.edu.ar\/extension\/#website","url":"https:\/\/ffyh.unc.edu.ar\/extension\/","name":"Secretar\u00eda de Extensi\u00f3n","description":"Facultad de Filosof\u00eda y Humanidades - Universidad Nacional de C\u00f3rdoba","publisher":{"@id":"https:\/\/ffyh.unc.edu.ar\/extension\/#organization"},"potentialAction":[{"@type":"SearchAction","target":{"@type":"EntryPoint","urlTemplate":"https:\/\/ffyh.unc.edu.ar\/extension\/?s={search_term_string}"},"query-input":{"@type":"PropertyValueSpecification","valueRequired":true,"valueName":"search_term_string"}}],"inLanguage":"es"},{"@type":"Organization","@id":"https:\/\/ffyh.unc.edu.ar\/extension\/#organization","name":"Secretar\u00eda de Extensi\u00f3n - Facultad de Filosof\u00eda y Humanidades - Universidad Nacional de C\u00f3rdoba","url":"https:\/\/ffyh.unc.edu.ar\/extension\/","logo":{"@type":"ImageObject","inLanguage":"es","@id":"https:\/\/ffyh.unc.edu.ar\/extension\/#\/schema\/logo\/image\/","url":"https:\/\/ffyh.unc.edu.ar\/extension\/wp-content\/uploads\/sites\/2\/2018\/08\/logo-extension-chico.jpg","contentUrl":"https:\/\/ffyh.unc.edu.ar\/extension\/wp-content\/uploads\/sites\/2\/2018\/08\/logo-extension-chico.jpg","width":314,"height":119,"caption":"Secretar\u00eda de Extensi\u00f3n - Facultad de Filosof\u00eda y Humanidades - Universidad Nacional de C\u00f3rdoba"},"image":{"@id":"https:\/\/ffyh.unc.edu.ar\/extension\/#\/schema\/logo\/image\/"},"sameAs":["https:\/\/www.facebook.com\/extensionffyh","https:\/\/www.instagram.com\/extensionffyh\/","https:\/\/www.youtube.com\/channel\/UCTgN4nvMQE7ktBcgujEI-EA"]},{"@type":"Person","@id":"https:\/\/ffyh.unc.edu.ar\/extension\/#\/schema\/person\/c429cdff3a192a7081944182246c3689","name":"extension","url":"https:\/\/ffyh.unc.edu.ar\/extension\/author\/extension\/"}]}},"jetpack_featured_media_url":"","_links":{"self":[{"href":"https:\/\/ffyh.unc.edu.ar\/extension\/wp-json\/wp\/v2\/posts\/3224","targetHints":{"allow":["GET"]}}],"collection":[{"href":"https:\/\/ffyh.unc.edu.ar\/extension\/wp-json\/wp\/v2\/posts"}],"about":[{"href":"https:\/\/ffyh.unc.edu.ar\/extension\/wp-json\/wp\/v2\/types\/post"}],"author":[{"embeddable":true,"href":"https:\/\/ffyh.unc.edu.ar\/extension\/wp-json\/wp\/v2\/users\/3"}],"replies":[{"embeddable":true,"href":"https:\/\/ffyh.unc.edu.ar\/extension\/wp-json\/wp\/v2\/comments?post=3224"}],"version-history":[{"count":3,"href":"https:\/\/ffyh.unc.edu.ar\/extension\/wp-json\/wp\/v2\/posts\/3224\/revisions"}],"predecessor-version":[{"id":3234,"href":"https:\/\/ffyh.unc.edu.ar\/extension\/wp-json\/wp\/v2\/posts\/3224\/revisions\/3234"}],"wp:attachment":[{"href":"https:\/\/ffyh.unc.edu.ar\/extension\/wp-json\/wp\/v2\/media?parent=3224"}],"wp:term":[{"taxonomy":"category","embeddable":true,"href":"https:\/\/ffyh.unc.edu.ar\/extension\/wp-json\/wp\/v2\/categories?post=3224"},{"taxonomy":"post_tag","embeddable":true,"href":"https:\/\/ffyh.unc.edu.ar\/extension\/wp-json\/wp\/v2\/tags?post=3224"}],"curies":[{"name":"wp","href":"https:\/\/api.w.org\/{rel}","templated":true}]}}