{"id":3694,"date":"2018-05-29T15:52:11","date_gmt":"2018-05-29T15:52:11","guid":{"rendered":"http:\/\/ffyh.unc.edu.ar\/extension\/?p=3694"},"modified":"2025-03-26T13:25:51","modified_gmt":"2025-03-26T13:25:51","slug":"se-prorroga-la-convocatoria-para-la-revista-ee-estudios-de-extension-en-humanidades","status":"publish","type":"post","link":"https:\/\/ffyh.unc.edu.ar\/extension\/2018\/05\/29\/se-prorroga-la-convocatoria-para-la-revista-ee-estudios-de-extension-en-humanidades\/","title":{"rendered":"Se prorroga la Convocatoria para la revista E+E: estudios de extensi\u00f3n en humanidades"},"content":{"rendered":"<p><strong>La Secretar\u00eda de Extensi\u00f3n de la FFyH informa que la<em>\u00a0<\/em>Convocatoria\u00a0 para la \u00a0revista\u00a0<em>E+E: estudios de extensi\u00f3n en humanidades\u00a0<\/em>se prorrogar\u00e1 hasta el\u00a0<span style=\"color: #ff0000\">lunes 18 de junio<\/span> de 2018.<\/strong><\/p>\n<p><!--more--><\/p>\n<p>La revista\u00a0<em><strong>E+E: estudios de extensi\u00f3n en humanidades<\/strong>\u00a0<\/em>es una publicaci\u00f3n de la Secretar\u00eda de Extensi\u00f3n de la Facultad de Filosof\u00eda y Humanidades de la UNC que abre un espacio editorial para la conceptualizaci\u00f3n pol\u00edtica y acad\u00e9mica de la extensi\u00f3n en humanidades en el marco de la universidad p\u00fablica. Asumiendo como ejes de la tarea extensionista el di\u00e1logo de saberes y la integralidad de funciones universitarias,\u00a0<em>E+E<\/em>\u00a0tiene por objetivos (a) interpelar los aprendizajes producidos por diversos actores sociales extrauniversitarios y los profesor*s, egresad*s, nodocentes y estudiantes universitari*s, (b) analizar el sentido pol\u00edtico de la presencia universitaria en los diferentes espacios que recorre la extensi\u00f3n, (c) realizar aportes cr\u00edticos que consoliden la incorporaci\u00f3n de la experiencia de extensi\u00f3n en la formaci\u00f3n de grado y posgrado, (d) fortalecer la pr\u00e1ctica de la escritura reflexiva en el \u00e1rea de extensi\u00f3n, (e) aportar elementos para la formaci\u00f3n de docentes, egresad*s, nodocentes y estudiantes en el desarrollo de las pr\u00e1cticas extensionistas, (f) visibilizar y poner en di\u00e1logo enunciados, pr\u00e1cticas, enfoques y maneras de pensar el contacto con diversos actores sociales desde nuestro lugar como universitari*s.<\/p>\n<p><a href=\"http:\/\/ffyh.unc.edu.ar\/extension\/wp-content\/uploads\/sites\/2\/2018\/05\/CONVOCATORIA-para-EE-N\u00ba-6-FINAL_-con-pr\u00f3rroga.pdf\" target=\"_blank\" rel=\"noopener\"><strong>Descargar CONVOCATORIA<\/strong><\/a><\/p>\n<p>Para ver las ediciones anteriores:\u00a0<a href=\"https:\/\/revistas.unc.edu.ar\/index.php\/EEH\/index\" target=\"_blank\" rel=\"noopener\">https:\/\/revistas.unc.edu.ar\/index.php\/EEH\/index<\/a><\/p>\n<p>Contacto:\u00a0<a href=\"mailto:revistaemase@gmail.com\" target=\"_blank\" rel=\"noopener\">revistaemase@gmail.com<\/a><\/p>\n","protected":false},"excerpt":{"rendered":"<p>La Secretar\u00eda de Extensi\u00f3n de la FFyH informa que la\u00a0Convocatoria\u00a0 para la \u00a0revista\u00a0E+E: estudios de extensi\u00f3n en humanidades\u00a0se prorrogar\u00e1 hasta<\/p>\n","protected":false},"author":3,"featured_media":3696,"comment_status":"closed","ping_status":"closed","sticky":false,"template":"","format":"standard","meta":{"_acf_changed":false,"colormag_page_container_layout":"default_layout","colormag_page_sidebar_layout":"default_layout","footnotes":""},"categories":[17,12,56],"tags":[],"class_list":["post-3694","post","type-post","status-publish","format-standard","has-post-thumbnail","hentry","category-convocatorias","category-noticias","category-revista-ee"],"acf":[],"yoast_head":"<!-- This site is optimized with the Yoast SEO plugin v27.1.1 - https:\/\/yoast.com\/product\/yoast-seo-wordpress\/ -->\n<title>Se prorroga la Convocatoria para la revista E+E: estudios de extensi\u00f3n en humanidades - Secretar\u00eda de Extensi\u00f3n<\/title>\n<meta name=\"robots\" content=\"index, follow, max-snippet:-1, max-image-preview:large, max-video-preview:-1\" \/>\n<link rel=\"canonical\" href=\"https:\/\/ffyh.unc.edu.ar\/extension\/2018\/05\/29\/se-prorroga-la-convocatoria-para-la-revista-ee-estudios-de-extension-en-humanidades\/\" \/>\n<meta property=\"og:locale\" content=\"es_ES\" \/>\n<meta property=\"og:type\" content=\"article\" \/>\n<meta property=\"og:title\" content=\"Se prorroga la Convocatoria para la revista E+E: estudios de extensi\u00f3n en humanidades - Secretar\u00eda de Extensi\u00f3n\" \/>\n<meta property=\"og:description\" content=\"La Secretar\u00eda de Extensi\u00f3n de la FFyH informa que la\u00a0Convocatoria\u00a0 para la \u00a0revista\u00a0E+E: estudios de extensi\u00f3n en humanidades\u00a0se prorrogar\u00e1 hasta\" \/>\n<meta property=\"og:url\" content=\"https:\/\/ffyh.unc.edu.ar\/extension\/2018\/05\/29\/se-prorroga-la-convocatoria-para-la-revista-ee-estudios-de-extension-en-humanidades\/\" \/>\n<meta property=\"og:site_name\" content=\"Secretar\u00eda de Extensi\u00f3n\" \/>\n<meta property=\"article:publisher\" content=\"https:\/\/www.facebook.com\/extensionffyh\" \/>\n<meta property=\"article:published_time\" content=\"2018-05-29T15:52:11+00:00\" \/>\n<meta property=\"article:modified_time\" content=\"2025-03-26T13:25:51+00:00\" \/>\n<meta property=\"og:image\" content=\"http:\/\/ffyh.unc.edu.ar\/extension\/wp-content\/uploads\/sites\/2\/2018\/05\/banner.jpg\" \/>\n\t<meta property=\"og:image:width\" content=\"869\" \/>\n\t<meta property=\"og:image:height\" content=\"255\" \/>\n\t<meta property=\"og:image:type\" content=\"image\/jpeg\" \/>\n<meta name=\"author\" content=\"extension\" \/>\n<meta name=\"twitter:card\" content=\"summary_large_image\" \/>\n<meta name=\"twitter:label1\" content=\"Escrito por\" \/>\n\t<meta name=\"twitter:data1\" content=\"\" \/>\n\t<meta name=\"twitter:label2\" content=\"Tiempo de lectura\" \/>\n\t<meta name=\"twitter:data2\" content=\"1 minuto\" \/>\n<script type=\"application\/ld+json\" class=\"yoast-schema-graph\">{\"@context\":\"https:\/\/schema.org\",\"@graph\":[{\"@type\":\"Article\",\"@id\":\"https:\/\/ffyh.unc.edu.ar\/extension\/2018\/05\/29\/se-prorroga-la-convocatoria-para-la-revista-ee-estudios-de-extension-en-humanidades\/#article\",\"isPartOf\":{\"@id\":\"https:\/\/ffyh.unc.edu.ar\/extension\/2018\/05\/29\/se-prorroga-la-convocatoria-para-la-revista-ee-estudios-de-extension-en-humanidades\/\"},\"author\":{\"name\":\"extension\",\"@id\":\"https:\/\/ffyh.unc.edu.ar\/extension\/#\/schema\/person\/c429cdff3a192a7081944182246c3689\"},\"headline\":\"Se prorroga la Convocatoria para la revista E+E: estudios de extensi\u00f3n en humanidades\",\"datePublished\":\"2018-05-29T15:52:11+00:00\",\"dateModified\":\"2025-03-26T13:25:51+00:00\",\"mainEntityOfPage\":{\"@id\":\"https:\/\/ffyh.unc.edu.ar\/extension\/2018\/05\/29\/se-prorroga-la-convocatoria-para-la-revista-ee-estudios-de-extension-en-humanidades\/\"},\"wordCount\":278,\"publisher\":{\"@id\":\"https:\/\/ffyh.unc.edu.ar\/extension\/#organization\"},\"image\":{\"@id\":\"https:\/\/ffyh.unc.edu.ar\/extension\/2018\/05\/29\/se-prorroga-la-convocatoria-para-la-revista-ee-estudios-de-extension-en-humanidades\/#primaryimage\"},\"thumbnailUrl\":\"https:\/\/ffyh.unc.edu.ar\/extension\/wp-content\/uploads\/sites\/2\/2018\/05\/banner.jpg\",\"articleSection\":[\"Convocatorias\",\"Noticias\",\"Revista e+e\"],\"inLanguage\":\"es\"},{\"@type\":\"WebPage\",\"@id\":\"https:\/\/ffyh.unc.edu.ar\/extension\/2018\/05\/29\/se-prorroga-la-convocatoria-para-la-revista-ee-estudios-de-extension-en-humanidades\/\",\"url\":\"https:\/\/ffyh.unc.edu.ar\/extension\/2018\/05\/29\/se-prorroga-la-convocatoria-para-la-revista-ee-estudios-de-extension-en-humanidades\/\",\"name\":\"Se prorroga la Convocatoria para la revista E+E: estudios de extensi\u00f3n en humanidades - Secretar\u00eda de Extensi\u00f3n\",\"isPartOf\":{\"@id\":\"https:\/\/ffyh.unc.edu.ar\/extension\/#website\"},\"primaryImageOfPage\":{\"@id\":\"https:\/\/ffyh.unc.edu.ar\/extension\/2018\/05\/29\/se-prorroga-la-convocatoria-para-la-revista-ee-estudios-de-extension-en-humanidades\/#primaryimage\"},\"image\":{\"@id\":\"https:\/\/ffyh.unc.edu.ar\/extension\/2018\/05\/29\/se-prorroga-la-convocatoria-para-la-revista-ee-estudios-de-extension-en-humanidades\/#primaryimage\"},\"thumbnailUrl\":\"https:\/\/ffyh.unc.edu.ar\/extension\/wp-content\/uploads\/sites\/2\/2018\/05\/banner.jpg\",\"datePublished\":\"2018-05-29T15:52:11+00:00\",\"dateModified\":\"2025-03-26T13:25:51+00:00\",\"breadcrumb\":{\"@id\":\"https:\/\/ffyh.unc.edu.ar\/extension\/2018\/05\/29\/se-prorroga-la-convocatoria-para-la-revista-ee-estudios-de-extension-en-humanidades\/#breadcrumb\"},\"inLanguage\":\"es\",\"potentialAction\":[{\"@type\":\"ReadAction\",\"target\":[\"https:\/\/ffyh.unc.edu.ar\/extension\/2018\/05\/29\/se-prorroga-la-convocatoria-para-la-revista-ee-estudios-de-extension-en-humanidades\/\"]}]},{\"@type\":\"ImageObject\",\"inLanguage\":\"es\",\"@id\":\"https:\/\/ffyh.unc.edu.ar\/extension\/2018\/05\/29\/se-prorroga-la-convocatoria-para-la-revista-ee-estudios-de-extension-en-humanidades\/#primaryimage\",\"url\":\"https:\/\/ffyh.unc.edu.ar\/extension\/wp-content\/uploads\/sites\/2\/2018\/05\/banner.jpg\",\"contentUrl\":\"https:\/\/ffyh.unc.edu.ar\/extension\/wp-content\/uploads\/sites\/2\/2018\/05\/banner.jpg\",\"width\":869,\"height\":255},{\"@type\":\"BreadcrumbList\",\"@id\":\"https:\/\/ffyh.unc.edu.ar\/extension\/2018\/05\/29\/se-prorroga-la-convocatoria-para-la-revista-ee-estudios-de-extension-en-humanidades\/#breadcrumb\",\"itemListElement\":[{\"@type\":\"ListItem\",\"position\":1,\"name\":\"Portada\",\"item\":\"https:\/\/ffyh.unc.edu.ar\/extension\/\"},{\"@type\":\"ListItem\",\"position\":2,\"name\":\"Se prorroga la Convocatoria para la revista E+E: estudios de extensi\u00f3n en humanidades\"}]},{\"@type\":\"WebSite\",\"@id\":\"https:\/\/ffyh.unc.edu.ar\/extension\/#website\",\"url\":\"https:\/\/ffyh.unc.edu.ar\/extension\/\",\"name\":\"Secretar\u00eda de Extensi\u00f3n\",\"description\":\"Facultad de Filosof\u00eda y Humanidades - Universidad Nacional de C\u00f3rdoba\",\"publisher\":{\"@id\":\"https:\/\/ffyh.unc.edu.ar\/extension\/#organization\"},\"potentialAction\":[{\"@type\":\"SearchAction\",\"target\":{\"@type\":\"EntryPoint\",\"urlTemplate\":\"https:\/\/ffyh.unc.edu.ar\/extension\/?s={search_term_string}\"},\"query-input\":{\"@type\":\"PropertyValueSpecification\",\"valueRequired\":true,\"valueName\":\"search_term_string\"}}],\"inLanguage\":\"es\"},{\"@type\":\"Organization\",\"@id\":\"https:\/\/ffyh.unc.edu.ar\/extension\/#organization\",\"name\":\"Secretar\u00eda de Extensi\u00f3n - Facultad de Filosof\u00eda y Humanidades - Universidad Nacional de C\u00f3rdoba\",\"url\":\"https:\/\/ffyh.unc.edu.ar\/extension\/\",\"logo\":{\"@type\":\"ImageObject\",\"inLanguage\":\"es\",\"@id\":\"https:\/\/ffyh.unc.edu.ar\/extension\/#\/schema\/logo\/image\/\",\"url\":\"https:\/\/ffyh.unc.edu.ar\/extension\/wp-content\/uploads\/sites\/2\/2018\/08\/logo-extension-chico.jpg\",\"contentUrl\":\"https:\/\/ffyh.unc.edu.ar\/extension\/wp-content\/uploads\/sites\/2\/2018\/08\/logo-extension-chico.jpg\",\"width\":314,\"height\":119,\"caption\":\"Secretar\u00eda de Extensi\u00f3n - Facultad de Filosof\u00eda y Humanidades - Universidad Nacional de C\u00f3rdoba\"},\"image\":{\"@id\":\"https:\/\/ffyh.unc.edu.ar\/extension\/#\/schema\/logo\/image\/\"},\"sameAs\":[\"https:\/\/www.facebook.com\/extensionffyh\",\"https:\/\/www.instagram.com\/extensionffyh\/\",\"https:\/\/www.youtube.com\/channel\/UCTgN4nvMQE7ktBcgujEI-EA\"]},{\"@type\":\"Person\",\"@id\":\"https:\/\/ffyh.unc.edu.ar\/extension\/#\/schema\/person\/c429cdff3a192a7081944182246c3689\",\"name\":\"extension\",\"url\":\"https:\/\/ffyh.unc.edu.ar\/extension\/author\/extension\/\"}]}<\/script>\n<!-- \/ Yoast SEO plugin. -->","yoast_head_json":{"title":"Se prorroga la Convocatoria para la revista E+E: estudios de extensi\u00f3n en humanidades - Secretar\u00eda de Extensi\u00f3n","robots":{"index":"index","follow":"follow","max-snippet":"max-snippet:-1","max-image-preview":"max-image-preview:large","max-video-preview":"max-video-preview:-1"},"canonical":"https:\/\/ffyh.unc.edu.ar\/extension\/2018\/05\/29\/se-prorroga-la-convocatoria-para-la-revista-ee-estudios-de-extension-en-humanidades\/","og_locale":"es_ES","og_type":"article","og_title":"Se prorroga la Convocatoria para la revista E+E: estudios de extensi\u00f3n en humanidades - Secretar\u00eda de Extensi\u00f3n","og_description":"La Secretar\u00eda de Extensi\u00f3n de la FFyH informa que la\u00a0Convocatoria\u00a0 para la \u00a0revista\u00a0E+E: estudios de extensi\u00f3n en humanidades\u00a0se prorrogar\u00e1 hasta","og_url":"https:\/\/ffyh.unc.edu.ar\/extension\/2018\/05\/29\/se-prorroga-la-convocatoria-para-la-revista-ee-estudios-de-extension-en-humanidades\/","og_site_name":"Secretar\u00eda de Extensi\u00f3n","article_publisher":"https:\/\/www.facebook.com\/extensionffyh","article_published_time":"2018-05-29T15:52:11+00:00","article_modified_time":"2025-03-26T13:25:51+00:00","og_image":[{"width":869,"height":255,"url":"http:\/\/ffyh.unc.edu.ar\/extension\/wp-content\/uploads\/sites\/2\/2018\/05\/banner.jpg","type":"image\/jpeg"}],"author":"extension","twitter_card":"summary_large_image","twitter_misc":{"Escrito por":false,"Tiempo de lectura":"1 minuto"},"schema":{"@context":"https:\/\/schema.org","@graph":[{"@type":"Article","@id":"https:\/\/ffyh.unc.edu.ar\/extension\/2018\/05\/29\/se-prorroga-la-convocatoria-para-la-revista-ee-estudios-de-extension-en-humanidades\/#article","isPartOf":{"@id":"https:\/\/ffyh.unc.edu.ar\/extension\/2018\/05\/29\/se-prorroga-la-convocatoria-para-la-revista-ee-estudios-de-extension-en-humanidades\/"},"author":{"name":"extension","@id":"https:\/\/ffyh.unc.edu.ar\/extension\/#\/schema\/person\/c429cdff3a192a7081944182246c3689"},"headline":"Se prorroga la Convocatoria para la revista E+E: estudios de extensi\u00f3n en humanidades","datePublished":"2018-05-29T15:52:11+00:00","dateModified":"2025-03-26T13:25:51+00:00","mainEntityOfPage":{"@id":"https:\/\/ffyh.unc.edu.ar\/extension\/2018\/05\/29\/se-prorroga-la-convocatoria-para-la-revista-ee-estudios-de-extension-en-humanidades\/"},"wordCount":278,"publisher":{"@id":"https:\/\/ffyh.unc.edu.ar\/extension\/#organization"},"image":{"@id":"https:\/\/ffyh.unc.edu.ar\/extension\/2018\/05\/29\/se-prorroga-la-convocatoria-para-la-revista-ee-estudios-de-extension-en-humanidades\/#primaryimage"},"thumbnailUrl":"https:\/\/ffyh.unc.edu.ar\/extension\/wp-content\/uploads\/sites\/2\/2018\/05\/banner.jpg","articleSection":["Convocatorias","Noticias","Revista e+e"],"inLanguage":"es"},{"@type":"WebPage","@id":"https:\/\/ffyh.unc.edu.ar\/extension\/2018\/05\/29\/se-prorroga-la-convocatoria-para-la-revista-ee-estudios-de-extension-en-humanidades\/","url":"https:\/\/ffyh.unc.edu.ar\/extension\/2018\/05\/29\/se-prorroga-la-convocatoria-para-la-revista-ee-estudios-de-extension-en-humanidades\/","name":"Se prorroga la Convocatoria para la revista E+E: estudios de extensi\u00f3n en humanidades - Secretar\u00eda de Extensi\u00f3n","isPartOf":{"@id":"https:\/\/ffyh.unc.edu.ar\/extension\/#website"},"primaryImageOfPage":{"@id":"https:\/\/ffyh.unc.edu.ar\/extension\/2018\/05\/29\/se-prorroga-la-convocatoria-para-la-revista-ee-estudios-de-extension-en-humanidades\/#primaryimage"},"image":{"@id":"https:\/\/ffyh.unc.edu.ar\/extension\/2018\/05\/29\/se-prorroga-la-convocatoria-para-la-revista-ee-estudios-de-extension-en-humanidades\/#primaryimage"},"thumbnailUrl":"https:\/\/ffyh.unc.edu.ar\/extension\/wp-content\/uploads\/sites\/2\/2018\/05\/banner.jpg","datePublished":"2018-05-29T15:52:11+00:00","dateModified":"2025-03-26T13:25:51+00:00","breadcrumb":{"@id":"https:\/\/ffyh.unc.edu.ar\/extension\/2018\/05\/29\/se-prorroga-la-convocatoria-para-la-revista-ee-estudios-de-extension-en-humanidades\/#breadcrumb"},"inLanguage":"es","potentialAction":[{"@type":"ReadAction","target":["https:\/\/ffyh.unc.edu.ar\/extension\/2018\/05\/29\/se-prorroga-la-convocatoria-para-la-revista-ee-estudios-de-extension-en-humanidades\/"]}]},{"@type":"ImageObject","inLanguage":"es","@id":"https:\/\/ffyh.unc.edu.ar\/extension\/2018\/05\/29\/se-prorroga-la-convocatoria-para-la-revista-ee-estudios-de-extension-en-humanidades\/#primaryimage","url":"https:\/\/ffyh.unc.edu.ar\/extension\/wp-content\/uploads\/sites\/2\/2018\/05\/banner.jpg","contentUrl":"https:\/\/ffyh.unc.edu.ar\/extension\/wp-content\/uploads\/sites\/2\/2018\/05\/banner.jpg","width":869,"height":255},{"@type":"BreadcrumbList","@id":"https:\/\/ffyh.unc.edu.ar\/extension\/2018\/05\/29\/se-prorroga-la-convocatoria-para-la-revista-ee-estudios-de-extension-en-humanidades\/#breadcrumb","itemListElement":[{"@type":"ListItem","position":1,"name":"Portada","item":"https:\/\/ffyh.unc.edu.ar\/extension\/"},{"@type":"ListItem","position":2,"name":"Se prorroga la Convocatoria para la revista E+E: estudios de extensi\u00f3n en humanidades"}]},{"@type":"WebSite","@id":"https:\/\/ffyh.unc.edu.ar\/extension\/#website","url":"https:\/\/ffyh.unc.edu.ar\/extension\/","name":"Secretar\u00eda de Extensi\u00f3n","description":"Facultad de Filosof\u00eda y Humanidades - Universidad Nacional de C\u00f3rdoba","publisher":{"@id":"https:\/\/ffyh.unc.edu.ar\/extension\/#organization"},"potentialAction":[{"@type":"SearchAction","target":{"@type":"EntryPoint","urlTemplate":"https:\/\/ffyh.unc.edu.ar\/extension\/?s={search_term_string}"},"query-input":{"@type":"PropertyValueSpecification","valueRequired":true,"valueName":"search_term_string"}}],"inLanguage":"es"},{"@type":"Organization","@id":"https:\/\/ffyh.unc.edu.ar\/extension\/#organization","name":"Secretar\u00eda de Extensi\u00f3n - Facultad de Filosof\u00eda y Humanidades - Universidad Nacional de C\u00f3rdoba","url":"https:\/\/ffyh.unc.edu.ar\/extension\/","logo":{"@type":"ImageObject","inLanguage":"es","@id":"https:\/\/ffyh.unc.edu.ar\/extension\/#\/schema\/logo\/image\/","url":"https:\/\/ffyh.unc.edu.ar\/extension\/wp-content\/uploads\/sites\/2\/2018\/08\/logo-extension-chico.jpg","contentUrl":"https:\/\/ffyh.unc.edu.ar\/extension\/wp-content\/uploads\/sites\/2\/2018\/08\/logo-extension-chico.jpg","width":314,"height":119,"caption":"Secretar\u00eda de Extensi\u00f3n - Facultad de Filosof\u00eda y Humanidades - Universidad Nacional de C\u00f3rdoba"},"image":{"@id":"https:\/\/ffyh.unc.edu.ar\/extension\/#\/schema\/logo\/image\/"},"sameAs":["https:\/\/www.facebook.com\/extensionffyh","https:\/\/www.instagram.com\/extensionffyh\/","https:\/\/www.youtube.com\/channel\/UCTgN4nvMQE7ktBcgujEI-EA"]},{"@type":"Person","@id":"https:\/\/ffyh.unc.edu.ar\/extension\/#\/schema\/person\/c429cdff3a192a7081944182246c3689","name":"extension","url":"https:\/\/ffyh.unc.edu.ar\/extension\/author\/extension\/"}]}},"jetpack_featured_media_url":"https:\/\/ffyh.unc.edu.ar\/extension\/wp-content\/uploads\/sites\/2\/2018\/05\/banner.jpg","_links":{"self":[{"href":"https:\/\/ffyh.unc.edu.ar\/extension\/wp-json\/wp\/v2\/posts\/3694","targetHints":{"allow":["GET"]}}],"collection":[{"href":"https:\/\/ffyh.unc.edu.ar\/extension\/wp-json\/wp\/v2\/posts"}],"about":[{"href":"https:\/\/ffyh.unc.edu.ar\/extension\/wp-json\/wp\/v2\/types\/post"}],"author":[{"embeddable":true,"href":"https:\/\/ffyh.unc.edu.ar\/extension\/wp-json\/wp\/v2\/users\/3"}],"replies":[{"embeddable":true,"href":"https:\/\/ffyh.unc.edu.ar\/extension\/wp-json\/wp\/v2\/comments?post=3694"}],"version-history":[{"count":2,"href":"https:\/\/ffyh.unc.edu.ar\/extension\/wp-json\/wp\/v2\/posts\/3694\/revisions"}],"predecessor-version":[{"id":3836,"href":"https:\/\/ffyh.unc.edu.ar\/extension\/wp-json\/wp\/v2\/posts\/3694\/revisions\/3836"}],"wp:featuredmedia":[{"embeddable":true,"href":"https:\/\/ffyh.unc.edu.ar\/extension\/wp-json\/wp\/v2\/media\/3696"}],"wp:attachment":[{"href":"https:\/\/ffyh.unc.edu.ar\/extension\/wp-json\/wp\/v2\/media?parent=3694"}],"wp:term":[{"taxonomy":"category","embeddable":true,"href":"https:\/\/ffyh.unc.edu.ar\/extension\/wp-json\/wp\/v2\/categories?post=3694"},{"taxonomy":"post_tag","embeddable":true,"href":"https:\/\/ffyh.unc.edu.ar\/extension\/wp-json\/wp\/v2\/tags?post=3694"}],"curies":[{"name":"wp","href":"https:\/\/api.w.org\/{rel}","templated":true}]}}