{"id":4573,"date":"2019-11-12T14:47:45","date_gmt":"2019-11-12T14:47:45","guid":{"rendered":"http:\/\/ffyh.unc.edu.ar\/extension\/?p=4573"},"modified":"2025-03-26T13:23:08","modified_gmt":"2025-03-26T13:23:08","slug":"prorroga-convocatoria-revista-ee-estudios-de-extension-en-humanidades-volumen-7-no-9","status":"publish","type":"post","link":"https:\/\/ffyh.unc.edu.ar\/extension\/2019\/11\/12\/prorroga-convocatoria-revista-ee-estudios-de-extension-en-humanidades-volumen-7-no-9\/","title":{"rendered":"PR\u00d3RROGA \u2013 Convocatoria revista E+E: estudios de extensi\u00f3n en humanidades. Volumen 7, n\u00ba 9"},"content":{"rendered":"<p><strong>Nueva fecha l\u00edmite para presentaci\u00f3n de contribuciones:\u00a0<\/strong><strong>2 de diciembre de 2019<\/strong><\/p>\n<p>La Secretar\u00eda de Extensi\u00f3n de la Facultad de Filosof\u00eda y Humanidades de la UNC informa que se ha prorrogado hasta el 2 de diciembre de 2019 la recepci\u00f3n de art\u00edculos para conformar el <strong>volumen 7, n\u00ba 9<\/strong>\u00a0de la \u00a0revista\u00a0<strong><em>E+E:estudios de extensi\u00f3n en humanidades<\/em><\/strong>\u201d.<\/p>\n<p>El tema de esta edici\u00f3n es \u201cLA EXTENSI\u00d3N UNIVERSITARIA INTERPELADA: G\u00c9NERO, SEXUALIDAES Y FEMINISMOS\u201d<\/p>\n<p>M\u00e1s informaci\u00f3n en\u00a0<a href=\"http:\/\/www.ffyh.unc.edu.ar\/extension\">www.ffyh.unc.edu.ar\/extension<\/a><\/p>\n<p>Para ver las ediciones anteriores:\u00a0<a href=\"https:\/\/revistas.unc.edu.ar\/index.php\/EEH\/index\">https:\/\/revistas.unc.edu.ar\/index.php\/EEH\/index<\/a><\/p>\n<p>Contacto:\u00a0<a href=\"mailto:revistaemase@gmail.com\">revistaemase@gmail.com<\/a><\/p>\n<p>La revista\u00a0<em>e+e: estudios de extensi\u00f3n en humanidades\u00a0<\/em>es una publicaci\u00f3n de la Secretar\u00eda de Extensi\u00f3n de la Facultad de Filosof\u00eda y Humanidades de la UNC que abre un espacio editorial para la conceptualizaci\u00f3n pol\u00edtica y acad\u00e9mica de la extensi\u00f3n en humanidades en el marco de la universidad p\u00fablica. Se asumen como ejes el di\u00e1logo de saberes y la integralidad de funciones universitarias en tanto los consideramos orientadores de la tarea extensionista.\u00a0<em>e+e<\/em>\u00a0tiene por objetivos (a) interpelar los aprendizajes producidos por diversos actores sociales, tanto extrauniversitari*s y universitari*s (estudiantes, egresad*s, docentes y nodocentes), (b) reconocer los sentidos pol\u00edticos que acontecen de la presencia universitaria en los diferentes espacios en los que las pr\u00e1cticas extensionistas tienen presencia, (c) realizar aportes cr\u00edticos que consoliden la reflexi\u00f3n en torno a la extensi\u00f3n y su incorporaci\u00f3n como contenido y pr\u00e1ctica en distintas instancias de formaci\u00f3n de grado y posgrado, (d) fortalecer la pr\u00e1ctica de la escritura reflexiva en el \u00e1rea de extensi\u00f3n, (e) aportar elementos para la formaci\u00f3n de docentes, egresad*s, nodocentes y estudiantes en el desarrollo de las pr\u00e1cticas extensionistas, (f) visibilizar y poner en di\u00e1logo enunciados, pr\u00e1cticas, enfoques y maneras de pensar el contacto con diversos actores sociales desde nuestro lugar como universitari*s.<\/p>\n<ul>\n<li>Descargar <strong><a href=\"http:\/\/ffyh.unc.edu.ar\/extension\/wp-content\/uploads\/sites\/2\/2019\/11\/convocatoria-con-pr\u00f3rroga.pdf\" target=\"_blank\" rel=\"noopener noreferrer\">Convocatoria<\/a><\/strong><\/li>\n<li>Descargar\u00a0<strong><a href=\"http:\/\/ffyh.unc.edu.ar\/extension\/wp-content\/uploads\/sites\/2\/2018\/04\/plantilla-para-art%C3%ADculo-1-1.docx\" target=\"_blank\" rel=\"noopener noreferrer\">Plantilla para art\u00edculo<\/a><\/strong><\/li>\n<\/ul>\n<p>Para ver las ediciones anteriores:\u00a0<a href=\"https:\/\/revistas.unc.edu.ar\/index.php\/EEH\/index\" target=\"_blank\" rel=\"noopener noreferrer\">https:\/\/revistas.unc.edu.ar\/index.php\/EEH\/index<\/a><\/p>\n<p>Contacto:\u00a0<a href=\"mailto:revistaemase@gmail.com\" target=\"_blank\" rel=\"noopener noreferrer\">revistaemase@gmail.com<\/a><\/p>\n<p>&nbsp;<\/p>\n","protected":false},"excerpt":{"rendered":"<p>Nueva fecha l\u00edmite para presentaci\u00f3n de contribuciones:\u00a02 de diciembre de 2019 La Secretar\u00eda de Extensi\u00f3n de la Facultad de Filosof\u00eda<\/p>\n","protected":false},"author":3,"featured_media":0,"comment_status":"closed","ping_status":"closed","sticky":false,"template":"","format":"standard","meta":{"_acf_changed":false,"colormag_page_container_layout":"default_layout","colormag_page_sidebar_layout":"default_layout","footnotes":""},"categories":[17,56],"tags":[],"class_list":["post-4573","post","type-post","status-publish","format-standard","hentry","category-convocatorias","category-revista-ee"],"acf":[],"yoast_head":"<!-- This site is optimized with the Yoast SEO plugin v27.1.1 - https:\/\/yoast.com\/product\/yoast-seo-wordpress\/ -->\n<title>PR\u00d3RROGA \u2013 Convocatoria revista E+E: estudios de extensi\u00f3n en humanidades. Volumen 7, n\u00ba 9 - Secretar\u00eda de Extensi\u00f3n<\/title>\n<meta name=\"robots\" content=\"index, follow, max-snippet:-1, max-image-preview:large, max-video-preview:-1\" \/>\n<link rel=\"canonical\" href=\"https:\/\/ffyh.unc.edu.ar\/extension\/2019\/11\/12\/prorroga-convocatoria-revista-ee-estudios-de-extension-en-humanidades-volumen-7-no-9\/\" \/>\n<meta property=\"og:locale\" content=\"es_ES\" \/>\n<meta property=\"og:type\" content=\"article\" \/>\n<meta property=\"og:title\" content=\"PR\u00d3RROGA \u2013 Convocatoria revista E+E: estudios de extensi\u00f3n en humanidades. Volumen 7, n\u00ba 9 - Secretar\u00eda de Extensi\u00f3n\" \/>\n<meta property=\"og:description\" content=\"Nueva fecha l\u00edmite para presentaci\u00f3n de contribuciones:\u00a02 de diciembre de 2019 La Secretar\u00eda de Extensi\u00f3n de la Facultad de Filosof\u00eda\" \/>\n<meta property=\"og:url\" content=\"https:\/\/ffyh.unc.edu.ar\/extension\/2019\/11\/12\/prorroga-convocatoria-revista-ee-estudios-de-extension-en-humanidades-volumen-7-no-9\/\" \/>\n<meta property=\"og:site_name\" content=\"Secretar\u00eda de Extensi\u00f3n\" \/>\n<meta property=\"article:publisher\" content=\"https:\/\/www.facebook.com\/extensionffyh\" \/>\n<meta property=\"article:published_time\" content=\"2019-11-12T14:47:45+00:00\" \/>\n<meta property=\"article:modified_time\" content=\"2025-03-26T13:23:08+00:00\" \/>\n<meta name=\"author\" content=\"extension\" \/>\n<meta name=\"twitter:card\" content=\"summary_large_image\" \/>\n<meta name=\"twitter:label1\" content=\"Escrito por\" \/>\n\t<meta name=\"twitter:data1\" content=\"\" \/>\n\t<meta name=\"twitter:label2\" content=\"Tiempo de lectura\" \/>\n\t<meta name=\"twitter:data2\" content=\"2 minutos\" \/>\n<script type=\"application\/ld+json\" class=\"yoast-schema-graph\">{\"@context\":\"https:\/\/schema.org\",\"@graph\":[{\"@type\":\"Article\",\"@id\":\"https:\/\/ffyh.unc.edu.ar\/extension\/2019\/11\/12\/prorroga-convocatoria-revista-ee-estudios-de-extension-en-humanidades-volumen-7-no-9\/#article\",\"isPartOf\":{\"@id\":\"https:\/\/ffyh.unc.edu.ar\/extension\/2019\/11\/12\/prorroga-convocatoria-revista-ee-estudios-de-extension-en-humanidades-volumen-7-no-9\/\"},\"author\":{\"name\":\"extension\",\"@id\":\"https:\/\/ffyh.unc.edu.ar\/extension\/#\/schema\/person\/c429cdff3a192a7081944182246c3689\"},\"headline\":\"PR\u00d3RROGA \u2013 Convocatoria revista E+E: estudios de extensi\u00f3n en humanidades. Volumen 7, n\u00ba 9\",\"datePublished\":\"2019-11-12T14:47:45+00:00\",\"dateModified\":\"2025-03-26T13:23:08+00:00\",\"mainEntityOfPage\":{\"@id\":\"https:\/\/ffyh.unc.edu.ar\/extension\/2019\/11\/12\/prorroga-convocatoria-revista-ee-estudios-de-extension-en-humanidades-volumen-7-no-9\/\"},\"wordCount\":381,\"publisher\":{\"@id\":\"https:\/\/ffyh.unc.edu.ar\/extension\/#organization\"},\"articleSection\":[\"Convocatorias\",\"Revista e+e\"],\"inLanguage\":\"es\"},{\"@type\":\"WebPage\",\"@id\":\"https:\/\/ffyh.unc.edu.ar\/extension\/2019\/11\/12\/prorroga-convocatoria-revista-ee-estudios-de-extension-en-humanidades-volumen-7-no-9\/\",\"url\":\"https:\/\/ffyh.unc.edu.ar\/extension\/2019\/11\/12\/prorroga-convocatoria-revista-ee-estudios-de-extension-en-humanidades-volumen-7-no-9\/\",\"name\":\"PR\u00d3RROGA \u2013 Convocatoria revista E+E: estudios de extensi\u00f3n en humanidades. Volumen 7, n\u00ba 9 - Secretar\u00eda de Extensi\u00f3n\",\"isPartOf\":{\"@id\":\"https:\/\/ffyh.unc.edu.ar\/extension\/#website\"},\"datePublished\":\"2019-11-12T14:47:45+00:00\",\"dateModified\":\"2025-03-26T13:23:08+00:00\",\"breadcrumb\":{\"@id\":\"https:\/\/ffyh.unc.edu.ar\/extension\/2019\/11\/12\/prorroga-convocatoria-revista-ee-estudios-de-extension-en-humanidades-volumen-7-no-9\/#breadcrumb\"},\"inLanguage\":\"es\",\"potentialAction\":[{\"@type\":\"ReadAction\",\"target\":[\"https:\/\/ffyh.unc.edu.ar\/extension\/2019\/11\/12\/prorroga-convocatoria-revista-ee-estudios-de-extension-en-humanidades-volumen-7-no-9\/\"]}]},{\"@type\":\"BreadcrumbList\",\"@id\":\"https:\/\/ffyh.unc.edu.ar\/extension\/2019\/11\/12\/prorroga-convocatoria-revista-ee-estudios-de-extension-en-humanidades-volumen-7-no-9\/#breadcrumb\",\"itemListElement\":[{\"@type\":\"ListItem\",\"position\":1,\"name\":\"Portada\",\"item\":\"https:\/\/ffyh.unc.edu.ar\/extension\/\"},{\"@type\":\"ListItem\",\"position\":2,\"name\":\"PR\u00d3RROGA \u2013 Convocatoria revista E+E: estudios de extensi\u00f3n en humanidades. Volumen 7, n\u00ba 9\"}]},{\"@type\":\"WebSite\",\"@id\":\"https:\/\/ffyh.unc.edu.ar\/extension\/#website\",\"url\":\"https:\/\/ffyh.unc.edu.ar\/extension\/\",\"name\":\"Secretar\u00eda de Extensi\u00f3n\",\"description\":\"Facultad de Filosof\u00eda y Humanidades - Universidad Nacional de C\u00f3rdoba\",\"publisher\":{\"@id\":\"https:\/\/ffyh.unc.edu.ar\/extension\/#organization\"},\"potentialAction\":[{\"@type\":\"SearchAction\",\"target\":{\"@type\":\"EntryPoint\",\"urlTemplate\":\"https:\/\/ffyh.unc.edu.ar\/extension\/?s={search_term_string}\"},\"query-input\":{\"@type\":\"PropertyValueSpecification\",\"valueRequired\":true,\"valueName\":\"search_term_string\"}}],\"inLanguage\":\"es\"},{\"@type\":\"Organization\",\"@id\":\"https:\/\/ffyh.unc.edu.ar\/extension\/#organization\",\"name\":\"Secretar\u00eda de Extensi\u00f3n - Facultad de Filosof\u00eda y Humanidades - Universidad Nacional de C\u00f3rdoba\",\"url\":\"https:\/\/ffyh.unc.edu.ar\/extension\/\",\"logo\":{\"@type\":\"ImageObject\",\"inLanguage\":\"es\",\"@id\":\"https:\/\/ffyh.unc.edu.ar\/extension\/#\/schema\/logo\/image\/\",\"url\":\"https:\/\/ffyh.unc.edu.ar\/extension\/wp-content\/uploads\/sites\/2\/2018\/08\/logo-extension-chico.jpg\",\"contentUrl\":\"https:\/\/ffyh.unc.edu.ar\/extension\/wp-content\/uploads\/sites\/2\/2018\/08\/logo-extension-chico.jpg\",\"width\":314,\"height\":119,\"caption\":\"Secretar\u00eda de Extensi\u00f3n - Facultad de Filosof\u00eda y Humanidades - Universidad Nacional de C\u00f3rdoba\"},\"image\":{\"@id\":\"https:\/\/ffyh.unc.edu.ar\/extension\/#\/schema\/logo\/image\/\"},\"sameAs\":[\"https:\/\/www.facebook.com\/extensionffyh\",\"https:\/\/www.instagram.com\/extensionffyh\/\",\"https:\/\/www.youtube.com\/channel\/UCTgN4nvMQE7ktBcgujEI-EA\"]},{\"@type\":\"Person\",\"@id\":\"https:\/\/ffyh.unc.edu.ar\/extension\/#\/schema\/person\/c429cdff3a192a7081944182246c3689\",\"name\":\"extension\",\"url\":\"https:\/\/ffyh.unc.edu.ar\/extension\/author\/extension\/\"}]}<\/script>\n<!-- \/ Yoast SEO plugin. -->","yoast_head_json":{"title":"PR\u00d3RROGA \u2013 Convocatoria revista E+E: estudios de extensi\u00f3n en humanidades. Volumen 7, n\u00ba 9 - Secretar\u00eda de Extensi\u00f3n","robots":{"index":"index","follow":"follow","max-snippet":"max-snippet:-1","max-image-preview":"max-image-preview:large","max-video-preview":"max-video-preview:-1"},"canonical":"https:\/\/ffyh.unc.edu.ar\/extension\/2019\/11\/12\/prorroga-convocatoria-revista-ee-estudios-de-extension-en-humanidades-volumen-7-no-9\/","og_locale":"es_ES","og_type":"article","og_title":"PR\u00d3RROGA \u2013 Convocatoria revista E+E: estudios de extensi\u00f3n en humanidades. Volumen 7, n\u00ba 9 - Secretar\u00eda de Extensi\u00f3n","og_description":"Nueva fecha l\u00edmite para presentaci\u00f3n de contribuciones:\u00a02 de diciembre de 2019 La Secretar\u00eda de Extensi\u00f3n de la Facultad de Filosof\u00eda","og_url":"https:\/\/ffyh.unc.edu.ar\/extension\/2019\/11\/12\/prorroga-convocatoria-revista-ee-estudios-de-extension-en-humanidades-volumen-7-no-9\/","og_site_name":"Secretar\u00eda de Extensi\u00f3n","article_publisher":"https:\/\/www.facebook.com\/extensionffyh","article_published_time":"2019-11-12T14:47:45+00:00","article_modified_time":"2025-03-26T13:23:08+00:00","author":"extension","twitter_card":"summary_large_image","twitter_misc":{"Escrito por":false,"Tiempo de lectura":"2 minutos"},"schema":{"@context":"https:\/\/schema.org","@graph":[{"@type":"Article","@id":"https:\/\/ffyh.unc.edu.ar\/extension\/2019\/11\/12\/prorroga-convocatoria-revista-ee-estudios-de-extension-en-humanidades-volumen-7-no-9\/#article","isPartOf":{"@id":"https:\/\/ffyh.unc.edu.ar\/extension\/2019\/11\/12\/prorroga-convocatoria-revista-ee-estudios-de-extension-en-humanidades-volumen-7-no-9\/"},"author":{"name":"extension","@id":"https:\/\/ffyh.unc.edu.ar\/extension\/#\/schema\/person\/c429cdff3a192a7081944182246c3689"},"headline":"PR\u00d3RROGA \u2013 Convocatoria revista E+E: estudios de extensi\u00f3n en humanidades. Volumen 7, n\u00ba 9","datePublished":"2019-11-12T14:47:45+00:00","dateModified":"2025-03-26T13:23:08+00:00","mainEntityOfPage":{"@id":"https:\/\/ffyh.unc.edu.ar\/extension\/2019\/11\/12\/prorroga-convocatoria-revista-ee-estudios-de-extension-en-humanidades-volumen-7-no-9\/"},"wordCount":381,"publisher":{"@id":"https:\/\/ffyh.unc.edu.ar\/extension\/#organization"},"articleSection":["Convocatorias","Revista e+e"],"inLanguage":"es"},{"@type":"WebPage","@id":"https:\/\/ffyh.unc.edu.ar\/extension\/2019\/11\/12\/prorroga-convocatoria-revista-ee-estudios-de-extension-en-humanidades-volumen-7-no-9\/","url":"https:\/\/ffyh.unc.edu.ar\/extension\/2019\/11\/12\/prorroga-convocatoria-revista-ee-estudios-de-extension-en-humanidades-volumen-7-no-9\/","name":"PR\u00d3RROGA \u2013 Convocatoria revista E+E: estudios de extensi\u00f3n en humanidades. Volumen 7, n\u00ba 9 - Secretar\u00eda de Extensi\u00f3n","isPartOf":{"@id":"https:\/\/ffyh.unc.edu.ar\/extension\/#website"},"datePublished":"2019-11-12T14:47:45+00:00","dateModified":"2025-03-26T13:23:08+00:00","breadcrumb":{"@id":"https:\/\/ffyh.unc.edu.ar\/extension\/2019\/11\/12\/prorroga-convocatoria-revista-ee-estudios-de-extension-en-humanidades-volumen-7-no-9\/#breadcrumb"},"inLanguage":"es","potentialAction":[{"@type":"ReadAction","target":["https:\/\/ffyh.unc.edu.ar\/extension\/2019\/11\/12\/prorroga-convocatoria-revista-ee-estudios-de-extension-en-humanidades-volumen-7-no-9\/"]}]},{"@type":"BreadcrumbList","@id":"https:\/\/ffyh.unc.edu.ar\/extension\/2019\/11\/12\/prorroga-convocatoria-revista-ee-estudios-de-extension-en-humanidades-volumen-7-no-9\/#breadcrumb","itemListElement":[{"@type":"ListItem","position":1,"name":"Portada","item":"https:\/\/ffyh.unc.edu.ar\/extension\/"},{"@type":"ListItem","position":2,"name":"PR\u00d3RROGA \u2013 Convocatoria revista E+E: estudios de extensi\u00f3n en humanidades. Volumen 7, n\u00ba 9"}]},{"@type":"WebSite","@id":"https:\/\/ffyh.unc.edu.ar\/extension\/#website","url":"https:\/\/ffyh.unc.edu.ar\/extension\/","name":"Secretar\u00eda de Extensi\u00f3n","description":"Facultad de Filosof\u00eda y Humanidades - Universidad Nacional de C\u00f3rdoba","publisher":{"@id":"https:\/\/ffyh.unc.edu.ar\/extension\/#organization"},"potentialAction":[{"@type":"SearchAction","target":{"@type":"EntryPoint","urlTemplate":"https:\/\/ffyh.unc.edu.ar\/extension\/?s={search_term_string}"},"query-input":{"@type":"PropertyValueSpecification","valueRequired":true,"valueName":"search_term_string"}}],"inLanguage":"es"},{"@type":"Organization","@id":"https:\/\/ffyh.unc.edu.ar\/extension\/#organization","name":"Secretar\u00eda de Extensi\u00f3n - Facultad de Filosof\u00eda y Humanidades - Universidad Nacional de C\u00f3rdoba","url":"https:\/\/ffyh.unc.edu.ar\/extension\/","logo":{"@type":"ImageObject","inLanguage":"es","@id":"https:\/\/ffyh.unc.edu.ar\/extension\/#\/schema\/logo\/image\/","url":"https:\/\/ffyh.unc.edu.ar\/extension\/wp-content\/uploads\/sites\/2\/2018\/08\/logo-extension-chico.jpg","contentUrl":"https:\/\/ffyh.unc.edu.ar\/extension\/wp-content\/uploads\/sites\/2\/2018\/08\/logo-extension-chico.jpg","width":314,"height":119,"caption":"Secretar\u00eda de Extensi\u00f3n - Facultad de Filosof\u00eda y Humanidades - Universidad Nacional de C\u00f3rdoba"},"image":{"@id":"https:\/\/ffyh.unc.edu.ar\/extension\/#\/schema\/logo\/image\/"},"sameAs":["https:\/\/www.facebook.com\/extensionffyh","https:\/\/www.instagram.com\/extensionffyh\/","https:\/\/www.youtube.com\/channel\/UCTgN4nvMQE7ktBcgujEI-EA"]},{"@type":"Person","@id":"https:\/\/ffyh.unc.edu.ar\/extension\/#\/schema\/person\/c429cdff3a192a7081944182246c3689","name":"extension","url":"https:\/\/ffyh.unc.edu.ar\/extension\/author\/extension\/"}]}},"jetpack_featured_media_url":"","_links":{"self":[{"href":"https:\/\/ffyh.unc.edu.ar\/extension\/wp-json\/wp\/v2\/posts\/4573","targetHints":{"allow":["GET"]}}],"collection":[{"href":"https:\/\/ffyh.unc.edu.ar\/extension\/wp-json\/wp\/v2\/posts"}],"about":[{"href":"https:\/\/ffyh.unc.edu.ar\/extension\/wp-json\/wp\/v2\/types\/post"}],"author":[{"embeddable":true,"href":"https:\/\/ffyh.unc.edu.ar\/extension\/wp-json\/wp\/v2\/users\/3"}],"replies":[{"embeddable":true,"href":"https:\/\/ffyh.unc.edu.ar\/extension\/wp-json\/wp\/v2\/comments?post=4573"}],"version-history":[{"count":1,"href":"https:\/\/ffyh.unc.edu.ar\/extension\/wp-json\/wp\/v2\/posts\/4573\/revisions"}],"predecessor-version":[{"id":4575,"href":"https:\/\/ffyh.unc.edu.ar\/extension\/wp-json\/wp\/v2\/posts\/4573\/revisions\/4575"}],"wp:attachment":[{"href":"https:\/\/ffyh.unc.edu.ar\/extension\/wp-json\/wp\/v2\/media?parent=4573"}],"wp:term":[{"taxonomy":"category","embeddable":true,"href":"https:\/\/ffyh.unc.edu.ar\/extension\/wp-json\/wp\/v2\/categories?post=4573"},{"taxonomy":"post_tag","embeddable":true,"href":"https:\/\/ffyh.unc.edu.ar\/extension\/wp-json\/wp\/v2\/tags?post=4573"}],"curies":[{"name":"wp","href":"https:\/\/api.w.org\/{rel}","templated":true}]}}