{"id":4813,"date":"2020-06-17T02:05:02","date_gmt":"2020-06-17T02:05:02","guid":{"rendered":"http:\/\/ffyh.unc.edu.ar\/extension\/?p=4813"},"modified":"2020-06-24T14:47:39","modified_gmt":"2020-06-24T14:47:39","slug":"campana-uni-verso-animate","status":"publish","type":"post","link":"https:\/\/ffyh.unc.edu.ar\/extension\/2020\/06\/17\/campana-uni-verso-animate\/","title":{"rendered":"Campa\u00f1a Uni-verso animate"},"content":{"rendered":"<p>El Programa de Animaci\u00f3n a la Lectura y a la Escritura (PROPALE) te invita a participar de la <strong>Campa\u00f1a Uni-verso animate.<\/strong><\/p>\n<p style=\"font-weight: 400\">Se trata de cinco actividades a partir de experiencias\u00a0 realizadas\u00a0 con ni\u00f1xs y j\u00f3venes, pero tambi\u00e9n con estudiantes, docentes y artistas. Salen por entregas en estas dos semanas, desde las redes sociales de la Facultad de Filosof\u00eda y Humanidades y del PROPALE.<\/p>\n<p style=\"font-weight: 400\">Est\u00e1n destinadas a ni\u00f1xs y j\u00f3venes, dando a ellos el protagonismo y la autonom\u00eda para concretarlas, para movilizar emociones, recuerdos e inventivas con quienes est\u00e9n cerca.<\/p>\n<p style=\"font-weight: 400\"><span style=\"color: #008000\">Sabemos que la palabra que juega crea algo muy diferente al uso cotidiano que le damos, quiz\u00e1s m\u00e1s en estos tiempos de resguardo en que aprendimos a convivir de otra manera tambi\u00e9n. Y las pensamos como una oportunidad fuera de lo escolar, porque ya seguramente tuvieron muchas tareas en la virtualidad.<\/span><\/p>\n<p><strong>Aqu\u00ed encontrar\u00e1s las instrucciones para las dos primeras actividades. \u00a1Dale, animate!<\/strong><\/p>\n<p><strong>Pod\u00e9s descargarlas, imprimirlas y hasta pegarlas en la ventana para que algxn ni\u00f1x que haya salido un ratito se entere!<\/strong><\/p>\n<p><strong><a href=\"http:\/\/ffyh.unc.edu.ar\/extension\/wp-content\/uploads\/sites\/2\/2020\/06\/TRABAJALENGUAS_FINALL-1.pdf\" target=\"_blank\" rel=\"noopener noreferrer\">Enfrascarse en el TRABA(JA)LENGUAS<\/a><\/strong><\/p>\n<p><strong><a href=\"http:\/\/ffyh.unc.edu.ar\/extension\/wp-content\/uploads\/sites\/2\/2020\/06\/caleidoscopio_FINALL-1.pdf\" target=\"_blank\" rel=\"noopener noreferrer\">CALEIDOSCOPIOS PROBLEM\u00c1TICOS<\/a><\/strong><\/p>\n<p><strong><a href=\"http:\/\/ffyh.unc.edu.ar\/extension\/wp-content\/uploads\/sites\/2\/2020\/06\/CASA_FINAL.pdf\" target=\"_blank\" rel=\"noopener noreferrer\">De la CASA al HOGAR<\/a><\/strong><\/p>\n<p>&nbsp;<\/p>\n<p><strong>Sugerencias para lxs adultxs que acompa\u00f1an haciendo clic <a href=\"http:\/\/ffyh.unc.edu.ar\/extension\/wp-content\/uploads\/sites\/2\/2020\/06\/propale.pdf\" target=\"_blank\" rel=\"noopener noreferrer\">AQU\u00cd<\/a><\/strong><\/p>\n<p><img loading=\"lazy\" decoding=\"async\" class=\"alignnone wp-image-4819 size-large\" src=\"http:\/\/ffyh.unc.edu.ar\/extension\/wp-content\/uploads\/sites\/2\/2020\/06\/0001-4-1024x724.jpg\" alt=\"\" width=\"800\" height=\"566\" srcset=\"https:\/\/ffyh.unc.edu.ar\/extension\/wp-content\/uploads\/sites\/2\/2020\/06\/0001-4-1024x724.jpg 1024w, https:\/\/ffyh.unc.edu.ar\/extension\/wp-content\/uploads\/sites\/2\/2020\/06\/0001-4-300x212.jpg 300w, https:\/\/ffyh.unc.edu.ar\/extension\/wp-content\/uploads\/sites\/2\/2020\/06\/0001-4-768x543.jpg 768w, https:\/\/ffyh.unc.edu.ar\/extension\/wp-content\/uploads\/sites\/2\/2020\/06\/0001-4-1536x1086.jpg 1536w, https:\/\/ffyh.unc.edu.ar\/extension\/wp-content\/uploads\/sites\/2\/2020\/06\/0001-4-2048x1447.jpg 2048w\" sizes=\"auto, (max-width: 800px) 100vw, 800px\" \/><\/p>\n<p><img loading=\"lazy\" decoding=\"async\" class=\"alignnone wp-image-4818 size-large\" src=\"http:\/\/ffyh.unc.edu.ar\/extension\/wp-content\/uploads\/sites\/2\/2020\/06\/0001-3-1024x724.jpg\" alt=\"\" width=\"800\" height=\"566\" srcset=\"https:\/\/ffyh.unc.edu.ar\/extension\/wp-content\/uploads\/sites\/2\/2020\/06\/0001-3-1024x724.jpg 1024w, https:\/\/ffyh.unc.edu.ar\/extension\/wp-content\/uploads\/sites\/2\/2020\/06\/0001-3-300x212.jpg 300w, https:\/\/ffyh.unc.edu.ar\/extension\/wp-content\/uploads\/sites\/2\/2020\/06\/0001-3-768x543.jpg 768w, https:\/\/ffyh.unc.edu.ar\/extension\/wp-content\/uploads\/sites\/2\/2020\/06\/0001-3-1536x1086.jpg 1536w, https:\/\/ffyh.unc.edu.ar\/extension\/wp-content\/uploads\/sites\/2\/2020\/06\/0001-3-2048x1447.jpg 2048w\" sizes=\"auto, (max-width: 800px) 100vw, 800px\" \/><\/p>\n<p><img loading=\"lazy\" decoding=\"async\" class=\"alignnone wp-image-4841 size-large\" src=\"http:\/\/ffyh.unc.edu.ar\/extension\/wp-content\/uploads\/sites\/2\/2020\/06\/0001-1024x724.jpg\" alt=\"\" width=\"800\" height=\"566\" srcset=\"https:\/\/ffyh.unc.edu.ar\/extension\/wp-content\/uploads\/sites\/2\/2020\/06\/0001-1024x724.jpg 1024w, https:\/\/ffyh.unc.edu.ar\/extension\/wp-content\/uploads\/sites\/2\/2020\/06\/0001-300x212.jpg 300w, https:\/\/ffyh.unc.edu.ar\/extension\/wp-content\/uploads\/sites\/2\/2020\/06\/0001-768x543.jpg 768w, https:\/\/ffyh.unc.edu.ar\/extension\/wp-content\/uploads\/sites\/2\/2020\/06\/0001-1536x1086.jpg 1536w, https:\/\/ffyh.unc.edu.ar\/extension\/wp-content\/uploads\/sites\/2\/2020\/06\/0001-2048x1447.jpg 2048w\" sizes=\"auto, (max-width: 800px) 100vw, 800px\" \/><\/p>\n<p style=\"font-weight: 400\">Nos buscan en:<br \/>\nFb: <span style=\"color: #008000\"><strong>Propale<\/strong><\/span><br \/>\nInstagram: <span style=\"color: #008000\"><strong>@propaleando<\/strong><\/span><br \/>\nNuestro mail: <span style=\"color: #008000\"><strong>propale@ffyh.unc.edu.ar<\/strong><\/span><\/p>\n","protected":false},"excerpt":{"rendered":"<p>El Programa de Animaci\u00f3n a la Lectura y a la Escritura (PROPALE) te invita a participar de la Campa\u00f1a Uni-verso<\/p>\n","protected":false},"author":3,"featured_media":4815,"comment_status":"closed","ping_status":"closed","sticky":false,"template":"","format":"standard","meta":{"_acf_changed":false,"colormag_page_container_layout":"default_layout","colormag_page_sidebar_layout":"default_layout","footnotes":""},"categories":[12],"tags":[],"class_list":["post-4813","post","type-post","status-publish","format-standard","has-post-thumbnail","hentry","category-noticias"],"acf":[],"yoast_head":"<!-- This site is optimized with the Yoast SEO plugin v27.1.1 - https:\/\/yoast.com\/product\/yoast-seo-wordpress\/ -->\n<title>Campa\u00f1a Uni-verso animate - Secretar\u00eda de Extensi\u00f3n<\/title>\n<meta name=\"robots\" content=\"index, follow, max-snippet:-1, max-image-preview:large, max-video-preview:-1\" \/>\n<link rel=\"canonical\" href=\"https:\/\/ffyh.unc.edu.ar\/extension\/2020\/06\/17\/campana-uni-verso-animate\/\" \/>\n<meta property=\"og:locale\" content=\"es_ES\" \/>\n<meta property=\"og:type\" content=\"article\" \/>\n<meta property=\"og:title\" content=\"Campa\u00f1a Uni-verso animate - Secretar\u00eda de Extensi\u00f3n\" \/>\n<meta property=\"og:description\" content=\"El Programa de Animaci\u00f3n a la Lectura y a la Escritura (PROPALE) te invita a participar de la Campa\u00f1a Uni-verso\" \/>\n<meta property=\"og:url\" content=\"https:\/\/ffyh.unc.edu.ar\/extension\/2020\/06\/17\/campana-uni-verso-animate\/\" \/>\n<meta property=\"og:site_name\" content=\"Secretar\u00eda de Extensi\u00f3n\" \/>\n<meta property=\"article:publisher\" content=\"https:\/\/www.facebook.com\/extensionffyh\" \/>\n<meta property=\"article:published_time\" content=\"2020-06-17T02:05:02+00:00\" \/>\n<meta property=\"article:modified_time\" content=\"2020-06-24T14:47:39+00:00\" \/>\n<meta property=\"og:image\" content=\"https:\/\/ffyh.unc.edu.ar\/extension\/wp-content\/uploads\/sites\/2\/2020\/06\/propale-01-scaled.jpg\" \/>\n\t<meta property=\"og:image:width\" content=\"2560\" \/>\n\t<meta property=\"og:image:height\" content=\"2560\" \/>\n\t<meta property=\"og:image:type\" content=\"image\/jpeg\" \/>\n<meta name=\"author\" content=\"extension\" \/>\n<meta name=\"twitter:card\" content=\"summary_large_image\" \/>\n<meta name=\"twitter:label1\" content=\"Escrito por\" \/>\n\t<meta name=\"twitter:data1\" content=\"\" \/>\n\t<meta name=\"twitter:label2\" content=\"Tiempo de lectura\" \/>\n\t<meta name=\"twitter:data2\" content=\"1 minuto\" \/>\n<script type=\"application\/ld+json\" class=\"yoast-schema-graph\">{\"@context\":\"https:\/\/schema.org\",\"@graph\":[{\"@type\":\"Article\",\"@id\":\"https:\/\/ffyh.unc.edu.ar\/extension\/2020\/06\/17\/campana-uni-verso-animate\/#article\",\"isPartOf\":{\"@id\":\"https:\/\/ffyh.unc.edu.ar\/extension\/2020\/06\/17\/campana-uni-verso-animate\/\"},\"author\":{\"name\":\"extension\",\"@id\":\"https:\/\/ffyh.unc.edu.ar\/extension\/#\/schema\/person\/c429cdff3a192a7081944182246c3689\"},\"headline\":\"Campa\u00f1a Uni-verso animate\",\"datePublished\":\"2020-06-17T02:05:02+00:00\",\"dateModified\":\"2020-06-24T14:47:39+00:00\",\"mainEntityOfPage\":{\"@id\":\"https:\/\/ffyh.unc.edu.ar\/extension\/2020\/06\/17\/campana-uni-verso-animate\/\"},\"wordCount\":231,\"publisher\":{\"@id\":\"https:\/\/ffyh.unc.edu.ar\/extension\/#organization\"},\"image\":{\"@id\":\"https:\/\/ffyh.unc.edu.ar\/extension\/2020\/06\/17\/campana-uni-verso-animate\/#primaryimage\"},\"thumbnailUrl\":\"https:\/\/ffyh.unc.edu.ar\/extension\/wp-content\/uploads\/sites\/2\/2020\/06\/propale-01-scaled.jpg\",\"articleSection\":[\"Noticias\"],\"inLanguage\":\"es\"},{\"@type\":\"WebPage\",\"@id\":\"https:\/\/ffyh.unc.edu.ar\/extension\/2020\/06\/17\/campana-uni-verso-animate\/\",\"url\":\"https:\/\/ffyh.unc.edu.ar\/extension\/2020\/06\/17\/campana-uni-verso-animate\/\",\"name\":\"Campa\u00f1a Uni-verso animate - Secretar\u00eda de Extensi\u00f3n\",\"isPartOf\":{\"@id\":\"https:\/\/ffyh.unc.edu.ar\/extension\/#website\"},\"primaryImageOfPage\":{\"@id\":\"https:\/\/ffyh.unc.edu.ar\/extension\/2020\/06\/17\/campana-uni-verso-animate\/#primaryimage\"},\"image\":{\"@id\":\"https:\/\/ffyh.unc.edu.ar\/extension\/2020\/06\/17\/campana-uni-verso-animate\/#primaryimage\"},\"thumbnailUrl\":\"https:\/\/ffyh.unc.edu.ar\/extension\/wp-content\/uploads\/sites\/2\/2020\/06\/propale-01-scaled.jpg\",\"datePublished\":\"2020-06-17T02:05:02+00:00\",\"dateModified\":\"2020-06-24T14:47:39+00:00\",\"breadcrumb\":{\"@id\":\"https:\/\/ffyh.unc.edu.ar\/extension\/2020\/06\/17\/campana-uni-verso-animate\/#breadcrumb\"},\"inLanguage\":\"es\",\"potentialAction\":[{\"@type\":\"ReadAction\",\"target\":[\"https:\/\/ffyh.unc.edu.ar\/extension\/2020\/06\/17\/campana-uni-verso-animate\/\"]}]},{\"@type\":\"ImageObject\",\"inLanguage\":\"es\",\"@id\":\"https:\/\/ffyh.unc.edu.ar\/extension\/2020\/06\/17\/campana-uni-verso-animate\/#primaryimage\",\"url\":\"https:\/\/ffyh.unc.edu.ar\/extension\/wp-content\/uploads\/sites\/2\/2020\/06\/propale-01-scaled.jpg\",\"contentUrl\":\"https:\/\/ffyh.unc.edu.ar\/extension\/wp-content\/uploads\/sites\/2\/2020\/06\/propale-01-scaled.jpg\",\"width\":2560,\"height\":2560},{\"@type\":\"BreadcrumbList\",\"@id\":\"https:\/\/ffyh.unc.edu.ar\/extension\/2020\/06\/17\/campana-uni-verso-animate\/#breadcrumb\",\"itemListElement\":[{\"@type\":\"ListItem\",\"position\":1,\"name\":\"Portada\",\"item\":\"https:\/\/ffyh.unc.edu.ar\/extension\/\"},{\"@type\":\"ListItem\",\"position\":2,\"name\":\"Campa\u00f1a Uni-verso animate\"}]},{\"@type\":\"WebSite\",\"@id\":\"https:\/\/ffyh.unc.edu.ar\/extension\/#website\",\"url\":\"https:\/\/ffyh.unc.edu.ar\/extension\/\",\"name\":\"Secretar\u00eda de Extensi\u00f3n\",\"description\":\"Facultad de Filosof\u00eda y Humanidades - Universidad Nacional de C\u00f3rdoba\",\"publisher\":{\"@id\":\"https:\/\/ffyh.unc.edu.ar\/extension\/#organization\"},\"potentialAction\":[{\"@type\":\"SearchAction\",\"target\":{\"@type\":\"EntryPoint\",\"urlTemplate\":\"https:\/\/ffyh.unc.edu.ar\/extension\/?s={search_term_string}\"},\"query-input\":{\"@type\":\"PropertyValueSpecification\",\"valueRequired\":true,\"valueName\":\"search_term_string\"}}],\"inLanguage\":\"es\"},{\"@type\":\"Organization\",\"@id\":\"https:\/\/ffyh.unc.edu.ar\/extension\/#organization\",\"name\":\"Secretar\u00eda de Extensi\u00f3n - Facultad de Filosof\u00eda y Humanidades - Universidad Nacional de C\u00f3rdoba\",\"url\":\"https:\/\/ffyh.unc.edu.ar\/extension\/\",\"logo\":{\"@type\":\"ImageObject\",\"inLanguage\":\"es\",\"@id\":\"https:\/\/ffyh.unc.edu.ar\/extension\/#\/schema\/logo\/image\/\",\"url\":\"https:\/\/ffyh.unc.edu.ar\/extension\/wp-content\/uploads\/sites\/2\/2018\/08\/logo-extension-chico.jpg\",\"contentUrl\":\"https:\/\/ffyh.unc.edu.ar\/extension\/wp-content\/uploads\/sites\/2\/2018\/08\/logo-extension-chico.jpg\",\"width\":314,\"height\":119,\"caption\":\"Secretar\u00eda de Extensi\u00f3n - Facultad de Filosof\u00eda y Humanidades - Universidad Nacional de C\u00f3rdoba\"},\"image\":{\"@id\":\"https:\/\/ffyh.unc.edu.ar\/extension\/#\/schema\/logo\/image\/\"},\"sameAs\":[\"https:\/\/www.facebook.com\/extensionffyh\",\"https:\/\/www.instagram.com\/extensionffyh\/\",\"https:\/\/www.youtube.com\/channel\/UCTgN4nvMQE7ktBcgujEI-EA\"]},{\"@type\":\"Person\",\"@id\":\"https:\/\/ffyh.unc.edu.ar\/extension\/#\/schema\/person\/c429cdff3a192a7081944182246c3689\",\"name\":\"extension\",\"url\":\"https:\/\/ffyh.unc.edu.ar\/extension\/author\/extension\/\"}]}<\/script>\n<!-- \/ Yoast SEO plugin. -->","yoast_head_json":{"title":"Campa\u00f1a Uni-verso animate - Secretar\u00eda de Extensi\u00f3n","robots":{"index":"index","follow":"follow","max-snippet":"max-snippet:-1","max-image-preview":"max-image-preview:large","max-video-preview":"max-video-preview:-1"},"canonical":"https:\/\/ffyh.unc.edu.ar\/extension\/2020\/06\/17\/campana-uni-verso-animate\/","og_locale":"es_ES","og_type":"article","og_title":"Campa\u00f1a Uni-verso animate - Secretar\u00eda de Extensi\u00f3n","og_description":"El Programa de Animaci\u00f3n a la Lectura y a la Escritura (PROPALE) te invita a participar de la Campa\u00f1a Uni-verso","og_url":"https:\/\/ffyh.unc.edu.ar\/extension\/2020\/06\/17\/campana-uni-verso-animate\/","og_site_name":"Secretar\u00eda de Extensi\u00f3n","article_publisher":"https:\/\/www.facebook.com\/extensionffyh","article_published_time":"2020-06-17T02:05:02+00:00","article_modified_time":"2020-06-24T14:47:39+00:00","og_image":[{"width":2560,"height":2560,"url":"https:\/\/ffyh.unc.edu.ar\/extension\/wp-content\/uploads\/sites\/2\/2020\/06\/propale-01-scaled.jpg","type":"image\/jpeg"}],"author":"extension","twitter_card":"summary_large_image","twitter_misc":{"Escrito por":false,"Tiempo de lectura":"1 minuto"},"schema":{"@context":"https:\/\/schema.org","@graph":[{"@type":"Article","@id":"https:\/\/ffyh.unc.edu.ar\/extension\/2020\/06\/17\/campana-uni-verso-animate\/#article","isPartOf":{"@id":"https:\/\/ffyh.unc.edu.ar\/extension\/2020\/06\/17\/campana-uni-verso-animate\/"},"author":{"name":"extension","@id":"https:\/\/ffyh.unc.edu.ar\/extension\/#\/schema\/person\/c429cdff3a192a7081944182246c3689"},"headline":"Campa\u00f1a Uni-verso animate","datePublished":"2020-06-17T02:05:02+00:00","dateModified":"2020-06-24T14:47:39+00:00","mainEntityOfPage":{"@id":"https:\/\/ffyh.unc.edu.ar\/extension\/2020\/06\/17\/campana-uni-verso-animate\/"},"wordCount":231,"publisher":{"@id":"https:\/\/ffyh.unc.edu.ar\/extension\/#organization"},"image":{"@id":"https:\/\/ffyh.unc.edu.ar\/extension\/2020\/06\/17\/campana-uni-verso-animate\/#primaryimage"},"thumbnailUrl":"https:\/\/ffyh.unc.edu.ar\/extension\/wp-content\/uploads\/sites\/2\/2020\/06\/propale-01-scaled.jpg","articleSection":["Noticias"],"inLanguage":"es"},{"@type":"WebPage","@id":"https:\/\/ffyh.unc.edu.ar\/extension\/2020\/06\/17\/campana-uni-verso-animate\/","url":"https:\/\/ffyh.unc.edu.ar\/extension\/2020\/06\/17\/campana-uni-verso-animate\/","name":"Campa\u00f1a Uni-verso animate - Secretar\u00eda de Extensi\u00f3n","isPartOf":{"@id":"https:\/\/ffyh.unc.edu.ar\/extension\/#website"},"primaryImageOfPage":{"@id":"https:\/\/ffyh.unc.edu.ar\/extension\/2020\/06\/17\/campana-uni-verso-animate\/#primaryimage"},"image":{"@id":"https:\/\/ffyh.unc.edu.ar\/extension\/2020\/06\/17\/campana-uni-verso-animate\/#primaryimage"},"thumbnailUrl":"https:\/\/ffyh.unc.edu.ar\/extension\/wp-content\/uploads\/sites\/2\/2020\/06\/propale-01-scaled.jpg","datePublished":"2020-06-17T02:05:02+00:00","dateModified":"2020-06-24T14:47:39+00:00","breadcrumb":{"@id":"https:\/\/ffyh.unc.edu.ar\/extension\/2020\/06\/17\/campana-uni-verso-animate\/#breadcrumb"},"inLanguage":"es","potentialAction":[{"@type":"ReadAction","target":["https:\/\/ffyh.unc.edu.ar\/extension\/2020\/06\/17\/campana-uni-verso-animate\/"]}]},{"@type":"ImageObject","inLanguage":"es","@id":"https:\/\/ffyh.unc.edu.ar\/extension\/2020\/06\/17\/campana-uni-verso-animate\/#primaryimage","url":"https:\/\/ffyh.unc.edu.ar\/extension\/wp-content\/uploads\/sites\/2\/2020\/06\/propale-01-scaled.jpg","contentUrl":"https:\/\/ffyh.unc.edu.ar\/extension\/wp-content\/uploads\/sites\/2\/2020\/06\/propale-01-scaled.jpg","width":2560,"height":2560},{"@type":"BreadcrumbList","@id":"https:\/\/ffyh.unc.edu.ar\/extension\/2020\/06\/17\/campana-uni-verso-animate\/#breadcrumb","itemListElement":[{"@type":"ListItem","position":1,"name":"Portada","item":"https:\/\/ffyh.unc.edu.ar\/extension\/"},{"@type":"ListItem","position":2,"name":"Campa\u00f1a Uni-verso animate"}]},{"@type":"WebSite","@id":"https:\/\/ffyh.unc.edu.ar\/extension\/#website","url":"https:\/\/ffyh.unc.edu.ar\/extension\/","name":"Secretar\u00eda de Extensi\u00f3n","description":"Facultad de Filosof\u00eda y Humanidades - Universidad Nacional de C\u00f3rdoba","publisher":{"@id":"https:\/\/ffyh.unc.edu.ar\/extension\/#organization"},"potentialAction":[{"@type":"SearchAction","target":{"@type":"EntryPoint","urlTemplate":"https:\/\/ffyh.unc.edu.ar\/extension\/?s={search_term_string}"},"query-input":{"@type":"PropertyValueSpecification","valueRequired":true,"valueName":"search_term_string"}}],"inLanguage":"es"},{"@type":"Organization","@id":"https:\/\/ffyh.unc.edu.ar\/extension\/#organization","name":"Secretar\u00eda de Extensi\u00f3n - Facultad de Filosof\u00eda y Humanidades - Universidad Nacional de C\u00f3rdoba","url":"https:\/\/ffyh.unc.edu.ar\/extension\/","logo":{"@type":"ImageObject","inLanguage":"es","@id":"https:\/\/ffyh.unc.edu.ar\/extension\/#\/schema\/logo\/image\/","url":"https:\/\/ffyh.unc.edu.ar\/extension\/wp-content\/uploads\/sites\/2\/2018\/08\/logo-extension-chico.jpg","contentUrl":"https:\/\/ffyh.unc.edu.ar\/extension\/wp-content\/uploads\/sites\/2\/2018\/08\/logo-extension-chico.jpg","width":314,"height":119,"caption":"Secretar\u00eda de Extensi\u00f3n - Facultad de Filosof\u00eda y Humanidades - Universidad Nacional de C\u00f3rdoba"},"image":{"@id":"https:\/\/ffyh.unc.edu.ar\/extension\/#\/schema\/logo\/image\/"},"sameAs":["https:\/\/www.facebook.com\/extensionffyh","https:\/\/www.instagram.com\/extensionffyh\/","https:\/\/www.youtube.com\/channel\/UCTgN4nvMQE7ktBcgujEI-EA"]},{"@type":"Person","@id":"https:\/\/ffyh.unc.edu.ar\/extension\/#\/schema\/person\/c429cdff3a192a7081944182246c3689","name":"extension","url":"https:\/\/ffyh.unc.edu.ar\/extension\/author\/extension\/"}]}},"jetpack_featured_media_url":"https:\/\/ffyh.unc.edu.ar\/extension\/wp-content\/uploads\/sites\/2\/2020\/06\/propale-01-scaled.jpg","_links":{"self":[{"href":"https:\/\/ffyh.unc.edu.ar\/extension\/wp-json\/wp\/v2\/posts\/4813","targetHints":{"allow":["GET"]}}],"collection":[{"href":"https:\/\/ffyh.unc.edu.ar\/extension\/wp-json\/wp\/v2\/posts"}],"about":[{"href":"https:\/\/ffyh.unc.edu.ar\/extension\/wp-json\/wp\/v2\/types\/post"}],"author":[{"embeddable":true,"href":"https:\/\/ffyh.unc.edu.ar\/extension\/wp-json\/wp\/v2\/users\/3"}],"replies":[{"embeddable":true,"href":"https:\/\/ffyh.unc.edu.ar\/extension\/wp-json\/wp\/v2\/comments?post=4813"}],"version-history":[{"count":12,"href":"https:\/\/ffyh.unc.edu.ar\/extension\/wp-json\/wp\/v2\/posts\/4813\/revisions"}],"predecessor-version":[{"id":4842,"href":"https:\/\/ffyh.unc.edu.ar\/extension\/wp-json\/wp\/v2\/posts\/4813\/revisions\/4842"}],"wp:featuredmedia":[{"embeddable":true,"href":"https:\/\/ffyh.unc.edu.ar\/extension\/wp-json\/wp\/v2\/media\/4815"}],"wp:attachment":[{"href":"https:\/\/ffyh.unc.edu.ar\/extension\/wp-json\/wp\/v2\/media?parent=4813"}],"wp:term":[{"taxonomy":"category","embeddable":true,"href":"https:\/\/ffyh.unc.edu.ar\/extension\/wp-json\/wp\/v2\/categories?post=4813"},{"taxonomy":"post_tag","embeddable":true,"href":"https:\/\/ffyh.unc.edu.ar\/extension\/wp-json\/wp\/v2\/tags?post=4813"}],"curies":[{"name":"wp","href":"https:\/\/api.w.org\/{rel}","templated":true}]}}