{"id":4838,"date":"2020-06-24T19:15:23","date_gmt":"2020-06-24T19:15:23","guid":{"rendered":"http:\/\/ffyh.unc.edu.ar\/extension\/?p=4838"},"modified":"2020-11-20T19:00:36","modified_gmt":"2020-11-20T19:00:36","slug":"tiempos-ineditos-conversaciones-sobre-infancias","status":"publish","type":"post","link":"https:\/\/ffyh.unc.edu.ar\/extension\/2020\/06\/24\/tiempos-ineditos-conversaciones-sobre-infancias\/","title":{"rendered":"Tiempos in\u00e9ditos: conversaciones sobre infancias"},"content":{"rendered":"<p><span style=\"font-weight: 400\">Aqu\u00ed compartimos la serie podcast <\/span><b>\u201cTiempos in\u00e9ditos: conversaciones sobre infancias\u201d<\/b><span style=\"font-weight: 400\">, producida en el marco de la P<\/span><span style=\"font-weight: 400\">r\u00e1ctica Sociocomunitaria:<\/span><i><span style=\"font-weight: 400\"> \u201cHacer escuela: Infancia(s), contextos y derechos\u201d<\/span><\/i><span style=\"font-weight: 400\"> y del Proyecto de Extensi\u00f3n: <\/span><i><span style=\"font-weight: 400\">\u201cNi\u00f1ez y derechos en territorio: espacio sociopedag\u00f3gico de acompa\u00f1amiento a las trayectorias educativas en Villa Corn\u00fa\u201d <\/span><\/i><span style=\"font-weight: 400\">de la carrera de Ciencias de la Educaci\u00f3n de nuestra<\/span> <span style=\"font-weight: 400\">Facultad. Ambos espacios son coordinados por la Especialista\u00a0 Marina Yazyi, quien nos cuenta sobre la experiencia:\u00a0<\/span><\/p>\n<p><span style=\"font-weight: 400\">\u00abEstas producciones se enmarcan en la propuesta de ense\u00f1anza para un semestre tan complejo e incierto, para el cual se han elaborado diversos materiales y recursos: padlet, presentaciones y textos interactivos, galer\u00edas fotogr\u00e1ficas, audiovisuales, junto a otras tres emisiones podcast exclusivamente para les estudiantes que cursaron la Pr\u00e1ctica Sociocomunitaria, como un modo de sostener y garantizar el v\u00ednculo con las acciones territoriales y extensionistas. <\/span><\/p>\n<p><span style=\"font-weight: 400\">A les estudiantes se les propone como trabajo final la producci\u00f3n de un podcast (audio breve) donde compartan narraciones, cuentos, poes\u00edas, adivinanzas, trabalenguas, canciones, juegos, misterios y\/o aventuras, o alguna propuesta l\u00fadica y\/o art\u00edstica, que ser\u00e1n compartidas con les ni\u00f1es del barrio de Villa Corn\u00fa que asisten al espacio socioeducativo <em>\u201cTaller de la imaginaci\u00f3n\u201d<\/em> que coordinamos desde el equipo de extensi\u00f3n.<\/span><\/p>\n<p><span style=\"font-weight: 400\">A lo largo de cuatro emisiones -en tanto un modo de reinvenci\u00f3n del formato radial-, les integrantes del equipo conversan con referentes educativos, barriales, del campo social y las pol\u00edticas y comparten reflexiones y experiencias territoriales, que se entienden necesarias para el encuentro con las infancias, la educaci\u00f3n, la perspectiva de derechos en espacios educativos, sociopedag\u00f3gicos y comunitarios en momentos un tanto inciertos. Se entiende que estos son tiempos in\u00e9ditos, que irrumpen, que trastocan lo conocido, que nos convocan al despliegue de itinerarios dotados de movimientos, que entramen componentes instituyentes, novedosos, de invenci\u00f3n, desde los cuales es preciso volver a mirar e imaginar escenarios posibles para\/con las infancias. De las emisiones tambi\u00e9n participan ni\u00f1es y colegas de la Facultad de Filosof\u00eda y Humanidades y de la Facultad de Artes, que convidan narrativas y melod\u00edas\u201d, explica Yazyi, y resalta la impronta de Juan Pablo Abratte en este recorrido: \u201c<\/span><span style=\"font-weight: 400\">Las conversaciones son siempre atravesadas desde su memoria, querido maestro y pedagogo, porque sin algunas de sus reflexiones y gestos esos di\u00e1logos no hubiesen sido posibles. No, al menos, de ese modo\u00bb.\u00a0<\/span><\/p>\n<p><span style=\"font-weight: 400\">Para finalizar, la docente explica que la producci\u00f3n general es resultado del trabajo colectivo de todo el equipo integrado por estudiantes y egresades de la carrera de Ciencias de la Educaci\u00f3n \u00aben especial de la contribuci\u00f3n generosa de Mateo Ruiz P\u00e9rez, Cinthia Machado, Mar\u00eda N\u00f3el Mart\u00ednez y Romina Berra, que participan de las emisiones, los guiones, la operaci\u00f3n t\u00e9cnica y musical\u00bb, remarca.<\/span><\/p>\n<p><strong>Primera conversaci\u00f3n:<\/strong>Infancias, pol\u00edticas y experiencias desde la perspectiva de derechos<\/p>\n<p><span style=\"font-weight: 400\">Se agradece especialmente la participaci\u00f3n de lxs invitadxs: <strong>Victoria Barale<\/strong> (8 a\u00f1os), <strong>Francisco Peralta<\/strong> (6 a\u00f1os), <strong>Marisa Rossi<\/strong> (SENNAF- Naci\u00f3n), y <strong>las integrantes del Equipo de Investigaci\u00f3n \u201cLa Literatura Infantil y Juvenil (LIJ) y la Alfabetizaci\u00f3n Inicial como saberes en la Formaci\u00f3n Docente\u201d<\/strong> dirigido por <strong>Florencia Ortiz<\/strong>, radicado en el CIFFyH \u201cMar\u00eda Saleme de Burnichon\u201d UNC, que realiz\u00f3 para todas las emisiones una gran selecci\u00f3n y grabaci\u00f3n de textos de Literatura Infantil y Juvenil, de los cuales se comparte para esta edici\u00f3n \u201cFederico\u201d de Leo Arias narrado por Ornella Matarozzo.<\/span><\/p>\n<p><iframe loading=\"lazy\" title=\"1-Tiempos in\u00e9ditos: Conversaciones sobre infancias- Primera Conversaci\u00f3n by Hacer escuela: Infancia(s), contextos y derechos\" width=\"800\" height=\"400\" scrolling=\"no\" frameborder=\"no\" src=\"https:\/\/w.soundcloud.com\/player\/?visual=true&#038;url=https%3A%2F%2Fapi.soundcloud.com%2Ftracks%2F838487128&#038;show_artwork=true&#038;maxwidth=800&#038;maxheight=1000&#038;dnt=1\"><\/iframe><\/p>\n<p><b>Ficha t\u00e9cnica:<\/b><\/p>\n<p><strong>Serie Podcast \u201cTiempos in\u00e9ditos: conversaciones sobre infancias\u201d<\/strong><\/p>\n<p><span style=\"font-weight: 400\"><strong>Primera conversaci\u00f3n:<\/strong> \u201cInfancias, pol\u00edticas y experiencias desde la perspectiva de derechos\u201d<\/span><\/p>\n<p><span style=\"font-weight: 400\"><strong>Voces:<\/strong> Marina Yazyi, Victoria Barale (8 a\u00f1os), No\u00e9l Mart\u00ednez, Marisa Rossi, Francisco Peralta (6 a\u00f1os), Ana \u00c1lvarez, Paula Garcia Mariotti, Ornella Matarozzo, Cinthia Machado.<\/span><\/p>\n<p><span style=\"font-weight: 400\"><strong>Producci\u00f3n general:<\/strong> Marina Yazyi, Mateo Ru\u00edz P\u00e9rez, Cinthia Machado, No\u00e9l Mart\u00ednez y Romina Berra, del equipo de la Pr\u00e1ctica Sociocomunitaria \u00abHacer escuela: infancia(s), contextos y derechos\u00bb y el Proyecto de extensi\u00f3n \u00abNi\u00f1ez y derechos en territorio&#8230;\u00bb (FFyH-UNC).\u00a0\u00a0<\/span><\/p>\n<p><span style=\"font-weight: 400\"><strong>Operaci\u00f3n t\u00e9cnica y musical<\/strong>: Mateo Ru\u00edz P\u00e9rez.\u00a0<\/span><\/p>\n<p><span style=\"font-weight: 400\"><strong>Melod\u00edas utilizadas:<\/strong> fragmentos de Petit pays (Cesaria Evora), Fragmento Canci\u00f3n para ba\u00f1ar la luna (Las Magdalenas), Manuelita (Maria Elena Walsh), Mundo Agradable (Ser\u00fa Gir\u00e1n versi\u00f3n -David Leb\u00f3n, Ricardo Mollo)\u00a0\u00a0<\/span><\/p>\n<p><span style=\"font-weight: 400\"><strong>Realizaci\u00f3n:<\/strong> mayo- junio 2020<\/span><\/p>\n<p><span style=\"font-weight: 400\"><strong>Fotograf\u00eda:<\/strong> Paula Garc\u00eda Mariotti (2019)<\/span><\/p>\n<p><strong>Segunda conversaci\u00f3n: <\/strong>Componer educaci\u00f3n: infancias, hacer docente e instituciones<\/p>\n<p><span style=\"font-weight: 400\">Se agradece especialmente la participaci\u00f3n de lxs invitadxs: <strong>Mat\u00edas<\/strong> (5 a\u00f1os), <strong>Antonio Giordana Ricardi<\/strong> (9 a\u00f1os), <strong>Lara Giorgi Ferrero<\/strong> (6 a\u00f1os), <strong>Clara<\/strong> (6 a\u00f1os), <strong>Florencia Bordone<\/strong> (Fac. de Artes), <strong>Liliana Sosa<\/strong> (Esc. Primaria C\u00f3rdoba), <strong>Silvia \u00c1vila<\/strong> (FFyH-UNC) y a <strong>Mar\u00eda Elisa Santill\u00e1n<\/strong> (del Equipo de Investigaci\u00f3n \u201cLa Literatura Infantil y Juvenil (LIJ) y la Alfabetizaci\u00f3n Inicial como saberes en la Formaci\u00f3n Docente\u201d, dirigido por <strong>Florencia Ortiz<\/strong> -CIFFyH-UNC) que nos comparti\u00f3 la narraci\u00f3n \u201cPara hacer el retrato de un p\u00e1jaro\u201d, de Jacques Pr\u00e9vert.<\/span><\/p>\n<p><iframe loading=\"lazy\" title=\"2-Tiempos in\u00e9ditos: Conversaciones sobre infancias- Segunda conversaci\u00f3n by Hacer escuela: Infancia(s), contextos y derechos\" width=\"800\" height=\"400\" scrolling=\"no\" frameborder=\"no\" src=\"https:\/\/w.soundcloud.com\/player\/?visual=true&#038;url=https%3A%2F%2Fapi.soundcloud.com%2Ftracks%2F841215343&#038;show_artwork=true&#038;maxwidth=800&#038;maxheight=1000&#038;dnt=1\"><\/iframe><\/p>\n<p><b>Ficha t\u00e9cnica:<\/b><\/p>\n<p><strong>Serie Podcast \u201cTiempos in\u00e9ditos: conversaciones sobre infancias\u201d<\/strong><\/p>\n<p><span style=\"font-weight: 400\"><strong>Segunda conversaci\u00f3n:<\/strong> Componer educaci\u00f3n: infancias, hacer docente e instituciones<\/span><\/p>\n<p><span style=\"font-weight: 400\"><strong>Voces:<\/strong> Marina Yazyi, Pedro (6 a\u00f1os), Mateo Ru\u00edz P\u00e9rez, Liliana Sosa, Antonio Giordana Ricardi (9 a\u00f1os), No\u00e9l Mart\u00ednez, Mar\u00eda Elisa Santill\u00e1n, Romina Berra, Silvia Avila, Lara Giorgi Ferrero (6 a\u00f1os), Florencia Bordone y Clara (6 a\u00f1os).\u00a0<\/span><\/p>\n<p><span style=\"font-weight: 400\"><strong>Producci\u00f3n general:<\/strong> Marina Yazyi, Mateo Ru\u00edz P\u00e9rez, Cinthia Machado, No\u00e9l Mart\u00ednez y Romina Berra, del equipo de la Pr\u00e1ctica Sociocomunitaria \u00abHacer escuela: infancia(s), contextos y derechos\u00bb y el Proyecto de extensi\u00f3n \u00abNi\u00f1ez y derechos en territorio&#8230;\u00bb (FFyH-UNC)\u00a0<\/span><\/p>\n<p><span style=\"font-weight: 400\"><strong>Operaci\u00f3n t\u00e9cnica y musical:<\/strong> Mateo Ru\u00edz P\u00e9rez.\u00a0<\/span><\/p>\n<p><span style=\"font-weight: 400\"><strong>Melod\u00edas utilizadas:<\/strong> fragmentos de Petit pays (Cesaria Evora), Canci\u00f3n para vestirse (Ma. Elena Walsh), Luna cansada (Canticu\u00e9nticos), Pal monte (La muchacha), Canci\u00f3n para ba\u00f1ar la luna de Ma. Elena Walsh interpretada por Florencia Bordone y Clara (6 a\u00f1os)<\/span><\/p>\n<p><span style=\"font-weight: 400\"><strong>Realizaci\u00f3n:<\/strong> mayo- junio 2020<\/span><\/p>\n<p><span style=\"font-weight: 400\"><strong>Fotograf\u00eda:<\/strong> Marina Yazyi (2019)<\/span><\/p>\n<p><strong>Tercera conversaci\u00f3n: <\/strong>Derechos, protagonismo infantil y experiencias en territorio<\/p>\n<p><span style=\"font-weight: 400\">Se agradece especialmente la participaci\u00f3n de lxs invitadxs: <strong>Francisco Peralta<\/strong> (6 a\u00f1os), Lara Giorgi Ferrero (6 a\u00f1os) y <strong>Manuel Pihen Rosencovich<\/strong> (6 a\u00f1os), <strong>Susana Andrada<\/strong> (Fac. de Cs Sociales- UNC), <strong>L\u00eda Esteve<\/strong> y <strong>Natalia Dotti<\/strong> (Centro de Salud n\u00b062 Villa Corn\u00fa), <strong>Cecilia Gait\u00e1n<\/strong> (Centro Comunitario El Vag\u00f3n Villa Corn\u00fa) y a <strong>Lucrecia L\u00f3pez<\/strong> (del Equipo de Investigaci\u00f3n \u201cLa Literatura Infantil y Juvenil (LIJ) y la Alfabetizaci\u00f3n Inicial como saberes en la Formaci\u00f3n Docente\u201d, dirigido por <strong>Florencia Ortiz<\/strong> -CIFFyH-UNC) que nos comparti\u00f3 la narraci\u00f3n \u201cUna gota de tinta\u201d de Pablo De Santis. En esta emisi\u00f3n compartimos fragmentos de las bellas melod\u00edas de \u201cCiudad Vaiv\u00e9n\u201d (disco Bajo las Luces), proyecto musical de producci\u00f3n local e independiente (C\u00f3rdoba).<\/span><\/p>\n<p><iframe loading=\"lazy\" title=\"3-Tiempos in\u00e9ditos: Conversaciones sobre infancias- Tercera conversaci\u00f3n by Hacer escuela: Infancia(s), contextos y derechos\" width=\"800\" height=\"400\" scrolling=\"no\" frameborder=\"no\" src=\"https:\/\/w.soundcloud.com\/player\/?visual=true&#038;url=https%3A%2F%2Fapi.soundcloud.com%2Ftracks%2F842841643&#038;show_artwork=true&#038;maxwidth=800&#038;maxheight=1000&#038;dnt=1\"><\/iframe><\/p>\n<p><b>Ficha t\u00e9cnica:<\/b><\/p>\n<p><strong>Serie Podcast \u201cTiempos in\u00e9ditos: conversaciones sobre infancias\u201d<\/strong><\/p>\n<p><span style=\"font-weight: 400\"><strong>Tercera conversaci\u00f3n:<\/strong> \u201cDerechos, protagonismo infantil y experiencias en territorio\u201d<\/span><\/p>\n<p><span style=\"font-weight: 400\"><strong>Voces:<\/strong> Marina Yazyi, Francisco Peralta (6 a\u00f1os), Cinthia Machado, Susana Andrada, Lara Giorgi Ferrero (6 a\u00f1os), Lucrecia L\u00f3pez, Eugenia Pav\u00f3n, Ma. Laura Abele, L\u00eda Esteve, Natalia Dotti, Cecilia Gait\u00e1n, Manuel Pihen Rosencovich (6 a\u00f1os).<\/span><\/p>\n<p><span style=\"font-weight: 400\"><strong>Producci\u00f3n general:<\/strong> Marina Yazyi, Mateo Ru\u00edz P\u00e9rez, Cinthia Machado, No\u00e9l Mart\u00ednez y Romina Berra, del equipo de la Pr\u00e1ctica Sociocomunitaria \u00abHacer escuela: infancia(s), contextos y derechos\u00bb y el Proyecto de extensi\u00f3n \u00abNi\u00f1ez y derechos en territorio&#8230;\u00bb (FFyH-UNC)\u00a0<\/span><\/p>\n<p><span style=\"font-weight: 400\"><strong>Operaci\u00f3n t\u00e9cnica y musical:<\/strong> Mateo Ru\u00edz P\u00e9rez.\u00a0<\/span><\/p>\n<p><span style=\"font-weight: 400\"><strong>Melod\u00edas utilizadas:<\/strong> fragmentos de Petit pays (Cesaria Evora), Mareado en un Bar\u00a0 (Disco Bajo las Luces, Ciudad Vaiv\u00e9n), Hey little baby (Dope lemon), En los Jardines (Disco Bajo las Luces, Ciudad Vaiv\u00e9n)<\/span><\/p>\n<p><span style=\"font-weight: 400\"><strong>Realizaci\u00f3n:<\/strong> mayo- junio 2020<\/span><\/p>\n<p><span style=\"font-weight: 400\"><strong>Fotograf\u00eda:<\/strong> Marina Yazyi (2019)<\/span><\/p>\n<p><strong>Cuarta conversaci\u00f3n: <\/strong>El cuidado como cuesti\u00f3n p\u00fablica: infancias, desigualdad y emancipaci\u00f3n<\/p>\n<p><span style=\"font-weight: 400\">Se agradece especialmente la participaci\u00f3n de lxs invitadxs: <strong>Patricia Redondo<\/strong> (UNLP, FLACSO, Directora Provincial Nivel Inicial pcia de Bs. As.), <strong>Jano<\/strong> (6 a\u00f1os) <strong>Eliah Yazyi<\/strong> (2 a\u00f1os), <strong>Lara Giorgi Ferrero<\/strong> (6 a\u00f1os), <strong>Clara<\/strong> (6 a\u00f1os), <strong>Florencia Bordone<\/strong> (Fac. de Artes) y <strong>Florencia Ortiz<\/strong> (Directora del equipo de Investigaci\u00f3n \u201cLa Literatura Infantil y Juvenil (LIJ) y la Alfabetizaci\u00f3n Inicial como saberes en la Formaci\u00f3n Docente\u201d, CIFFyH-UNC) que nos comparti\u00f3 la narraci\u00f3n \u201cEl se\u00f1or Lanari\u201d de Ema Wolf. Tambi\u00e9n, en esta emisi\u00f3n hemos compartido fragmentos de un melod\u00eda de \u201cCiudad Vaiv\u00e9n\u201d, proyecto musical de producci\u00f3n local e independiente (C\u00f3rdoba).<\/span><\/p>\n<p><iframe loading=\"lazy\" title=\"4-Tiempos in\u00e9ditos: Conversaciones sobre infancias- Cuarta conversaci\u00f3n by Hacer escuela: Infancia(s), contextos y derechos\" width=\"800\" height=\"400\" scrolling=\"no\" frameborder=\"no\" src=\"https:\/\/w.soundcloud.com\/player\/?visual=true&#038;url=https%3A%2F%2Fapi.soundcloud.com%2Ftracks%2F845294887&#038;show_artwork=true&#038;maxwidth=800&#038;maxheight=1000&#038;dnt=1\"><\/iframe><\/p>\n<p><b>Ficha t\u00e9cnica:<\/b><\/p>\n<p><strong>Serie Podcast \u201cTiempos in\u00e9ditos: conversaciones sobre infancias\u201d<\/strong><\/p>\n<p><span style=\"font-weight: 400\"><strong>Cuarta conversaci\u00f3n:<\/strong> \u00abEl cuidado como cuesti\u00f3n p\u00fablica: infancias, desigualdad y emancipaci\u00f3n\u00bb<\/span><\/p>\n<p><span style=\"font-weight: 400\"><strong>Voces:<\/strong> Marina Yazyi, Jano (6 a\u00f1os) Mateo Ru\u00edz P\u00e9rez, Patricia Redondo, Eliah Yazyi (2 a\u00f1os), No\u00e9l Mart\u00ednez, Cinthia Machado, Lara Giorgi Ferrero (6 a\u00f1os), Florencia Ortiz, Florencia Bordone y Clara (6 a\u00f1os).<\/span><\/p>\n<p><span style=\"font-weight: 400\"><strong>Producci\u00f3n general:<\/strong> Marina Yazyi, Mateo Ru\u00edz P\u00e9rez, Cinthia Machado, No\u00e9l Mart\u00ednez y Romina Berra, del equipo de la Pr\u00e1ctica Sociocomunitaria \u00abHacer escuela: infancia(s), contextos y derechos\u00bb y el Proyecto de extensi\u00f3n \u00abNi\u00f1ez y derechos en territorio&#8230;\u00bb (FFyH-UNC)\u00a0<\/span><\/p>\n<p><span style=\"font-weight: 400\"><strong>Operaci\u00f3n t\u00e9cnica y musical:<\/strong> Mateo Ru\u00edz P\u00e9rez.\u00a0<\/span><\/p>\n<p><span style=\"font-weight: 400\"><strong>Melod\u00edas utilizadas:<\/strong> fragmentos de Petit pays (Cesaria Evora), Familia Polilla (Mar\u00eda Elena Walsh), Papau\u00e9 (Vuelta Canela), Mi Tierra Veracruzana (Natalia Lafourcade), Qued\u00e1ndote o Y\u00e9ndote (Pedro Aznar), Mareado en un Bar (Disco Bajo las Luces, Ciudad Vaiv\u00e9n), Luna de candela (Magdalena Fleitas) interpretada por Florencia Bordone y Clara (6 a\u00f1os).<\/span><\/p>\n<p><span style=\"font-weight: 400\"><strong>Realizaci\u00f3n:<\/strong> mayo- junio 2020<\/span><\/p>\n<p><span style=\"font-weight: 400\"><strong>Fotograf\u00eda:<\/strong> Marina Yazyi (2019)<\/span><\/p>\n<hr \/>\n<p>Para conocer m\u00e1s sobre la Pr\u00e1ctica Sociocomunitaria <b>\u201cHacer escuela: Infancia(s), contextos y derechos\u201d, <\/b>les inivtamos a leer nota de la revista Alfilo:<\/p>\n<blockquote class=\"wp-embedded-content\" data-secret=\"MZ2IKLEeLH\"><p><a href=\"https:\/\/ffyh.unc.edu.ar\/alfilo\/ingenio-y-creatividad-para-acompanar-el-derecho-a-la-educacion-en-tiempos-dificiles\/\">Ingenio y creatividad para acompa\u00f1ar el derecho a la educaci\u00f3n en tiempos dif\u00edciles<\/a><\/p><\/blockquote>\n<p><iframe loading=\"lazy\" class=\"wp-embedded-content\" sandbox=\"allow-scripts\" security=\"restricted\" style=\"position: absolute; clip: rect(1px, 1px, 1px, 1px);\" title=\"\u00abIngenio y creatividad para acompa\u00f1ar el derecho a la educaci\u00f3n en tiempos dif\u00edciles\u00bb \u2014 Alfilo\" src=\"https:\/\/ffyh.unc.edu.ar\/alfilo\/ingenio-y-creatividad-para-acompanar-el-derecho-a-la-educacion-en-tiempos-dificiles\/embed\/#?secret=MZ2IKLEeLH\" data-secret=\"MZ2IKLEeLH\" width=\"600\" height=\"338\" frameborder=\"0\" marginwidth=\"0\" marginheight=\"0\" scrolling=\"no\"><\/iframe><\/p>\n","protected":false},"excerpt":{"rendered":"<p>Aqu\u00ed compartimos la serie podcast \u201cTiempos in\u00e9ditos: conversaciones sobre infancias\u201d, producida en el marco de la Pr\u00e1ctica Sociocomunitaria: \u201cHacer escuela:<\/p>\n","protected":false},"author":3,"featured_media":4850,"comment_status":"closed","ping_status":"closed","sticky":false,"template":"","format":"standard","meta":{"_acf_changed":false,"colormag_page_container_layout":"default_layout","colormag_page_sidebar_layout":"default_layout","footnotes":""},"categories":[12],"tags":[28,31],"class_list":["post-4838","post","type-post","status-publish","format-standard","has-post-thumbnail","hentry","category-noticias","tag-registro-de-experiencias","tag-vinculacion-con-la-ensenanza-y-la-investigacion"],"acf":[],"yoast_head":"<!-- This site is optimized with the Yoast SEO plugin v27.1.1 - https:\/\/yoast.com\/product\/yoast-seo-wordpress\/ -->\n<title>Tiempos in\u00e9ditos: conversaciones sobre infancias - Secretar\u00eda de Extensi\u00f3n<\/title>\n<meta name=\"robots\" content=\"index, follow, max-snippet:-1, max-image-preview:large, max-video-preview:-1\" \/>\n<link rel=\"canonical\" href=\"https:\/\/ffyh.unc.edu.ar\/extension\/2020\/06\/24\/tiempos-ineditos-conversaciones-sobre-infancias\/\" \/>\n<meta property=\"og:locale\" content=\"es_ES\" \/>\n<meta property=\"og:type\" content=\"article\" \/>\n<meta property=\"og:title\" content=\"Tiempos in\u00e9ditos: conversaciones sobre infancias - Secretar\u00eda de Extensi\u00f3n\" \/>\n<meta property=\"og:description\" content=\"Aqu\u00ed compartimos la serie podcast \u201cTiempos in\u00e9ditos: conversaciones sobre infancias\u201d, producida en el marco de la Pr\u00e1ctica Sociocomunitaria: \u201cHacer escuela:\" \/>\n<meta property=\"og:url\" content=\"https:\/\/ffyh.unc.edu.ar\/extension\/2020\/06\/24\/tiempos-ineditos-conversaciones-sobre-infancias\/\" \/>\n<meta property=\"og:site_name\" content=\"Secretar\u00eda de Extensi\u00f3n\" \/>\n<meta property=\"article:publisher\" content=\"https:\/\/www.facebook.com\/extensionffyh\" \/>\n<meta property=\"article:published_time\" content=\"2020-06-24T19:15:23+00:00\" \/>\n<meta property=\"article:modified_time\" content=\"2020-11-20T19:00:36+00:00\" \/>\n<meta property=\"og:image\" content=\"https:\/\/ffyh.unc.edu.ar\/extension\/wp-content\/uploads\/sites\/2\/2020\/06\/WhatsApp-Image-2020-06-24-at-18.12.03.jpeg\" \/>\n\t<meta property=\"og:image:width\" content=\"468\" \/>\n\t<meta property=\"og:image:height\" content=\"376\" \/>\n\t<meta property=\"og:image:type\" content=\"image\/jpeg\" \/>\n<meta name=\"author\" content=\"extension\" \/>\n<meta name=\"twitter:card\" content=\"summary_large_image\" \/>\n<meta name=\"twitter:label1\" content=\"Escrito por\" \/>\n\t<meta name=\"twitter:data1\" content=\"\" \/>\n\t<meta name=\"twitter:label2\" content=\"Tiempo de lectura\" \/>\n\t<meta name=\"twitter:data2\" content=\"8 minutos\" \/>\n<script type=\"application\/ld+json\" class=\"yoast-schema-graph\">{\"@context\":\"https:\/\/schema.org\",\"@graph\":[{\"@type\":\"Article\",\"@id\":\"https:\/\/ffyh.unc.edu.ar\/extension\/2020\/06\/24\/tiempos-ineditos-conversaciones-sobre-infancias\/#article\",\"isPartOf\":{\"@id\":\"https:\/\/ffyh.unc.edu.ar\/extension\/2020\/06\/24\/tiempos-ineditos-conversaciones-sobre-infancias\/\"},\"author\":{\"name\":\"extension\",\"@id\":\"https:\/\/ffyh.unc.edu.ar\/extension\/#\/schema\/person\/c429cdff3a192a7081944182246c3689\"},\"headline\":\"Tiempos in\u00e9ditos: conversaciones sobre infancias\",\"datePublished\":\"2020-06-24T19:15:23+00:00\",\"dateModified\":\"2020-11-20T19:00:36+00:00\",\"mainEntityOfPage\":{\"@id\":\"https:\/\/ffyh.unc.edu.ar\/extension\/2020\/06\/24\/tiempos-ineditos-conversaciones-sobre-infancias\/\"},\"wordCount\":1691,\"publisher\":{\"@id\":\"https:\/\/ffyh.unc.edu.ar\/extension\/#organization\"},\"image\":{\"@id\":\"https:\/\/ffyh.unc.edu.ar\/extension\/2020\/06\/24\/tiempos-ineditos-conversaciones-sobre-infancias\/#primaryimage\"},\"thumbnailUrl\":\"https:\/\/ffyh.unc.edu.ar\/extension\/wp-content\/uploads\/sites\/2\/2020\/06\/WhatsApp-Image-2020-06-24-at-18.12.03.jpeg\",\"keywords\":[\"Registro de experiencias\",\"Vinculaci\u00f3n con la ense\u00f1anza y la investigaci\u00f3n\"],\"articleSection\":[\"Noticias\"],\"inLanguage\":\"es\"},{\"@type\":\"WebPage\",\"@id\":\"https:\/\/ffyh.unc.edu.ar\/extension\/2020\/06\/24\/tiempos-ineditos-conversaciones-sobre-infancias\/\",\"url\":\"https:\/\/ffyh.unc.edu.ar\/extension\/2020\/06\/24\/tiempos-ineditos-conversaciones-sobre-infancias\/\",\"name\":\"Tiempos in\u00e9ditos: conversaciones sobre infancias - Secretar\u00eda de Extensi\u00f3n\",\"isPartOf\":{\"@id\":\"https:\/\/ffyh.unc.edu.ar\/extension\/#website\"},\"primaryImageOfPage\":{\"@id\":\"https:\/\/ffyh.unc.edu.ar\/extension\/2020\/06\/24\/tiempos-ineditos-conversaciones-sobre-infancias\/#primaryimage\"},\"image\":{\"@id\":\"https:\/\/ffyh.unc.edu.ar\/extension\/2020\/06\/24\/tiempos-ineditos-conversaciones-sobre-infancias\/#primaryimage\"},\"thumbnailUrl\":\"https:\/\/ffyh.unc.edu.ar\/extension\/wp-content\/uploads\/sites\/2\/2020\/06\/WhatsApp-Image-2020-06-24-at-18.12.03.jpeg\",\"datePublished\":\"2020-06-24T19:15:23+00:00\",\"dateModified\":\"2020-11-20T19:00:36+00:00\",\"breadcrumb\":{\"@id\":\"https:\/\/ffyh.unc.edu.ar\/extension\/2020\/06\/24\/tiempos-ineditos-conversaciones-sobre-infancias\/#breadcrumb\"},\"inLanguage\":\"es\",\"potentialAction\":[{\"@type\":\"ReadAction\",\"target\":[\"https:\/\/ffyh.unc.edu.ar\/extension\/2020\/06\/24\/tiempos-ineditos-conversaciones-sobre-infancias\/\"]}]},{\"@type\":\"ImageObject\",\"inLanguage\":\"es\",\"@id\":\"https:\/\/ffyh.unc.edu.ar\/extension\/2020\/06\/24\/tiempos-ineditos-conversaciones-sobre-infancias\/#primaryimage\",\"url\":\"https:\/\/ffyh.unc.edu.ar\/extension\/wp-content\/uploads\/sites\/2\/2020\/06\/WhatsApp-Image-2020-06-24-at-18.12.03.jpeg\",\"contentUrl\":\"https:\/\/ffyh.unc.edu.ar\/extension\/wp-content\/uploads\/sites\/2\/2020\/06\/WhatsApp-Image-2020-06-24-at-18.12.03.jpeg\",\"width\":468,\"height\":376},{\"@type\":\"BreadcrumbList\",\"@id\":\"https:\/\/ffyh.unc.edu.ar\/extension\/2020\/06\/24\/tiempos-ineditos-conversaciones-sobre-infancias\/#breadcrumb\",\"itemListElement\":[{\"@type\":\"ListItem\",\"position\":1,\"name\":\"Portada\",\"item\":\"https:\/\/ffyh.unc.edu.ar\/extension\/\"},{\"@type\":\"ListItem\",\"position\":2,\"name\":\"Tiempos in\u00e9ditos: conversaciones sobre infancias\"}]},{\"@type\":\"WebSite\",\"@id\":\"https:\/\/ffyh.unc.edu.ar\/extension\/#website\",\"url\":\"https:\/\/ffyh.unc.edu.ar\/extension\/\",\"name\":\"Secretar\u00eda de Extensi\u00f3n\",\"description\":\"Facultad de Filosof\u00eda y Humanidades - Universidad Nacional de C\u00f3rdoba\",\"publisher\":{\"@id\":\"https:\/\/ffyh.unc.edu.ar\/extension\/#organization\"},\"potentialAction\":[{\"@type\":\"SearchAction\",\"target\":{\"@type\":\"EntryPoint\",\"urlTemplate\":\"https:\/\/ffyh.unc.edu.ar\/extension\/?s={search_term_string}\"},\"query-input\":{\"@type\":\"PropertyValueSpecification\",\"valueRequired\":true,\"valueName\":\"search_term_string\"}}],\"inLanguage\":\"es\"},{\"@type\":\"Organization\",\"@id\":\"https:\/\/ffyh.unc.edu.ar\/extension\/#organization\",\"name\":\"Secretar\u00eda de Extensi\u00f3n - Facultad de Filosof\u00eda y Humanidades - Universidad Nacional de C\u00f3rdoba\",\"url\":\"https:\/\/ffyh.unc.edu.ar\/extension\/\",\"logo\":{\"@type\":\"ImageObject\",\"inLanguage\":\"es\",\"@id\":\"https:\/\/ffyh.unc.edu.ar\/extension\/#\/schema\/logo\/image\/\",\"url\":\"https:\/\/ffyh.unc.edu.ar\/extension\/wp-content\/uploads\/sites\/2\/2018\/08\/logo-extension-chico.jpg\",\"contentUrl\":\"https:\/\/ffyh.unc.edu.ar\/extension\/wp-content\/uploads\/sites\/2\/2018\/08\/logo-extension-chico.jpg\",\"width\":314,\"height\":119,\"caption\":\"Secretar\u00eda de Extensi\u00f3n - Facultad de Filosof\u00eda y Humanidades - Universidad Nacional de C\u00f3rdoba\"},\"image\":{\"@id\":\"https:\/\/ffyh.unc.edu.ar\/extension\/#\/schema\/logo\/image\/\"},\"sameAs\":[\"https:\/\/www.facebook.com\/extensionffyh\",\"https:\/\/www.instagram.com\/extensionffyh\/\",\"https:\/\/www.youtube.com\/channel\/UCTgN4nvMQE7ktBcgujEI-EA\"]},{\"@type\":\"Person\",\"@id\":\"https:\/\/ffyh.unc.edu.ar\/extension\/#\/schema\/person\/c429cdff3a192a7081944182246c3689\",\"name\":\"extension\",\"url\":\"https:\/\/ffyh.unc.edu.ar\/extension\/author\/extension\/\"}]}<\/script>\n<!-- \/ Yoast SEO plugin. -->","yoast_head_json":{"title":"Tiempos in\u00e9ditos: conversaciones sobre infancias - Secretar\u00eda de Extensi\u00f3n","robots":{"index":"index","follow":"follow","max-snippet":"max-snippet:-1","max-image-preview":"max-image-preview:large","max-video-preview":"max-video-preview:-1"},"canonical":"https:\/\/ffyh.unc.edu.ar\/extension\/2020\/06\/24\/tiempos-ineditos-conversaciones-sobre-infancias\/","og_locale":"es_ES","og_type":"article","og_title":"Tiempos in\u00e9ditos: conversaciones sobre infancias - Secretar\u00eda de Extensi\u00f3n","og_description":"Aqu\u00ed compartimos la serie podcast \u201cTiempos in\u00e9ditos: conversaciones sobre infancias\u201d, producida en el marco de la Pr\u00e1ctica Sociocomunitaria: \u201cHacer escuela:","og_url":"https:\/\/ffyh.unc.edu.ar\/extension\/2020\/06\/24\/tiempos-ineditos-conversaciones-sobre-infancias\/","og_site_name":"Secretar\u00eda de Extensi\u00f3n","article_publisher":"https:\/\/www.facebook.com\/extensionffyh","article_published_time":"2020-06-24T19:15:23+00:00","article_modified_time":"2020-11-20T19:00:36+00:00","og_image":[{"width":468,"height":376,"url":"https:\/\/ffyh.unc.edu.ar\/extension\/wp-content\/uploads\/sites\/2\/2020\/06\/WhatsApp-Image-2020-06-24-at-18.12.03.jpeg","type":"image\/jpeg"}],"author":"extension","twitter_card":"summary_large_image","twitter_misc":{"Escrito por":false,"Tiempo de lectura":"8 minutos"},"schema":{"@context":"https:\/\/schema.org","@graph":[{"@type":"Article","@id":"https:\/\/ffyh.unc.edu.ar\/extension\/2020\/06\/24\/tiempos-ineditos-conversaciones-sobre-infancias\/#article","isPartOf":{"@id":"https:\/\/ffyh.unc.edu.ar\/extension\/2020\/06\/24\/tiempos-ineditos-conversaciones-sobre-infancias\/"},"author":{"name":"extension","@id":"https:\/\/ffyh.unc.edu.ar\/extension\/#\/schema\/person\/c429cdff3a192a7081944182246c3689"},"headline":"Tiempos in\u00e9ditos: conversaciones sobre infancias","datePublished":"2020-06-24T19:15:23+00:00","dateModified":"2020-11-20T19:00:36+00:00","mainEntityOfPage":{"@id":"https:\/\/ffyh.unc.edu.ar\/extension\/2020\/06\/24\/tiempos-ineditos-conversaciones-sobre-infancias\/"},"wordCount":1691,"publisher":{"@id":"https:\/\/ffyh.unc.edu.ar\/extension\/#organization"},"image":{"@id":"https:\/\/ffyh.unc.edu.ar\/extension\/2020\/06\/24\/tiempos-ineditos-conversaciones-sobre-infancias\/#primaryimage"},"thumbnailUrl":"https:\/\/ffyh.unc.edu.ar\/extension\/wp-content\/uploads\/sites\/2\/2020\/06\/WhatsApp-Image-2020-06-24-at-18.12.03.jpeg","keywords":["Registro de experiencias","Vinculaci\u00f3n con la ense\u00f1anza y la investigaci\u00f3n"],"articleSection":["Noticias"],"inLanguage":"es"},{"@type":"WebPage","@id":"https:\/\/ffyh.unc.edu.ar\/extension\/2020\/06\/24\/tiempos-ineditos-conversaciones-sobre-infancias\/","url":"https:\/\/ffyh.unc.edu.ar\/extension\/2020\/06\/24\/tiempos-ineditos-conversaciones-sobre-infancias\/","name":"Tiempos in\u00e9ditos: conversaciones sobre infancias - Secretar\u00eda de Extensi\u00f3n","isPartOf":{"@id":"https:\/\/ffyh.unc.edu.ar\/extension\/#website"},"primaryImageOfPage":{"@id":"https:\/\/ffyh.unc.edu.ar\/extension\/2020\/06\/24\/tiempos-ineditos-conversaciones-sobre-infancias\/#primaryimage"},"image":{"@id":"https:\/\/ffyh.unc.edu.ar\/extension\/2020\/06\/24\/tiempos-ineditos-conversaciones-sobre-infancias\/#primaryimage"},"thumbnailUrl":"https:\/\/ffyh.unc.edu.ar\/extension\/wp-content\/uploads\/sites\/2\/2020\/06\/WhatsApp-Image-2020-06-24-at-18.12.03.jpeg","datePublished":"2020-06-24T19:15:23+00:00","dateModified":"2020-11-20T19:00:36+00:00","breadcrumb":{"@id":"https:\/\/ffyh.unc.edu.ar\/extension\/2020\/06\/24\/tiempos-ineditos-conversaciones-sobre-infancias\/#breadcrumb"},"inLanguage":"es","potentialAction":[{"@type":"ReadAction","target":["https:\/\/ffyh.unc.edu.ar\/extension\/2020\/06\/24\/tiempos-ineditos-conversaciones-sobre-infancias\/"]}]},{"@type":"ImageObject","inLanguage":"es","@id":"https:\/\/ffyh.unc.edu.ar\/extension\/2020\/06\/24\/tiempos-ineditos-conversaciones-sobre-infancias\/#primaryimage","url":"https:\/\/ffyh.unc.edu.ar\/extension\/wp-content\/uploads\/sites\/2\/2020\/06\/WhatsApp-Image-2020-06-24-at-18.12.03.jpeg","contentUrl":"https:\/\/ffyh.unc.edu.ar\/extension\/wp-content\/uploads\/sites\/2\/2020\/06\/WhatsApp-Image-2020-06-24-at-18.12.03.jpeg","width":468,"height":376},{"@type":"BreadcrumbList","@id":"https:\/\/ffyh.unc.edu.ar\/extension\/2020\/06\/24\/tiempos-ineditos-conversaciones-sobre-infancias\/#breadcrumb","itemListElement":[{"@type":"ListItem","position":1,"name":"Portada","item":"https:\/\/ffyh.unc.edu.ar\/extension\/"},{"@type":"ListItem","position":2,"name":"Tiempos in\u00e9ditos: conversaciones sobre infancias"}]},{"@type":"WebSite","@id":"https:\/\/ffyh.unc.edu.ar\/extension\/#website","url":"https:\/\/ffyh.unc.edu.ar\/extension\/","name":"Secretar\u00eda de Extensi\u00f3n","description":"Facultad de Filosof\u00eda y Humanidades - Universidad Nacional de C\u00f3rdoba","publisher":{"@id":"https:\/\/ffyh.unc.edu.ar\/extension\/#organization"},"potentialAction":[{"@type":"SearchAction","target":{"@type":"EntryPoint","urlTemplate":"https:\/\/ffyh.unc.edu.ar\/extension\/?s={search_term_string}"},"query-input":{"@type":"PropertyValueSpecification","valueRequired":true,"valueName":"search_term_string"}}],"inLanguage":"es"},{"@type":"Organization","@id":"https:\/\/ffyh.unc.edu.ar\/extension\/#organization","name":"Secretar\u00eda de Extensi\u00f3n - Facultad de Filosof\u00eda y Humanidades - Universidad Nacional de C\u00f3rdoba","url":"https:\/\/ffyh.unc.edu.ar\/extension\/","logo":{"@type":"ImageObject","inLanguage":"es","@id":"https:\/\/ffyh.unc.edu.ar\/extension\/#\/schema\/logo\/image\/","url":"https:\/\/ffyh.unc.edu.ar\/extension\/wp-content\/uploads\/sites\/2\/2018\/08\/logo-extension-chico.jpg","contentUrl":"https:\/\/ffyh.unc.edu.ar\/extension\/wp-content\/uploads\/sites\/2\/2018\/08\/logo-extension-chico.jpg","width":314,"height":119,"caption":"Secretar\u00eda de Extensi\u00f3n - Facultad de Filosof\u00eda y Humanidades - Universidad Nacional de C\u00f3rdoba"},"image":{"@id":"https:\/\/ffyh.unc.edu.ar\/extension\/#\/schema\/logo\/image\/"},"sameAs":["https:\/\/www.facebook.com\/extensionffyh","https:\/\/www.instagram.com\/extensionffyh\/","https:\/\/www.youtube.com\/channel\/UCTgN4nvMQE7ktBcgujEI-EA"]},{"@type":"Person","@id":"https:\/\/ffyh.unc.edu.ar\/extension\/#\/schema\/person\/c429cdff3a192a7081944182246c3689","name":"extension","url":"https:\/\/ffyh.unc.edu.ar\/extension\/author\/extension\/"}]}},"jetpack_featured_media_url":"https:\/\/ffyh.unc.edu.ar\/extension\/wp-content\/uploads\/sites\/2\/2020\/06\/WhatsApp-Image-2020-06-24-at-18.12.03.jpeg","_links":{"self":[{"href":"https:\/\/ffyh.unc.edu.ar\/extension\/wp-json\/wp\/v2\/posts\/4838","targetHints":{"allow":["GET"]}}],"collection":[{"href":"https:\/\/ffyh.unc.edu.ar\/extension\/wp-json\/wp\/v2\/posts"}],"about":[{"href":"https:\/\/ffyh.unc.edu.ar\/extension\/wp-json\/wp\/v2\/types\/post"}],"author":[{"embeddable":true,"href":"https:\/\/ffyh.unc.edu.ar\/extension\/wp-json\/wp\/v2\/users\/3"}],"replies":[{"embeddable":true,"href":"https:\/\/ffyh.unc.edu.ar\/extension\/wp-json\/wp\/v2\/comments?post=4838"}],"version-history":[{"count":7,"href":"https:\/\/ffyh.unc.edu.ar\/extension\/wp-json\/wp\/v2\/posts\/4838\/revisions"}],"predecessor-version":[{"id":4849,"href":"https:\/\/ffyh.unc.edu.ar\/extension\/wp-json\/wp\/v2\/posts\/4838\/revisions\/4849"}],"wp:featuredmedia":[{"embeddable":true,"href":"https:\/\/ffyh.unc.edu.ar\/extension\/wp-json\/wp\/v2\/media\/4850"}],"wp:attachment":[{"href":"https:\/\/ffyh.unc.edu.ar\/extension\/wp-json\/wp\/v2\/media?parent=4838"}],"wp:term":[{"taxonomy":"category","embeddable":true,"href":"https:\/\/ffyh.unc.edu.ar\/extension\/wp-json\/wp\/v2\/categories?post=4838"},{"taxonomy":"post_tag","embeddable":true,"href":"https:\/\/ffyh.unc.edu.ar\/extension\/wp-json\/wp\/v2\/tags?post=4838"}],"curies":[{"name":"wp","href":"https:\/\/api.w.org\/{rel}","templated":true}]}}