{"id":4854,"date":"2020-07-28T20:00:08","date_gmt":"2020-07-28T20:00:08","guid":{"rendered":"http:\/\/ffyh.unc.edu.ar\/extension\/?p=4854"},"modified":"2025-04-15T16:29:32","modified_gmt":"2025-04-15T16:29:32","slug":"convocatoria-para-la-presentacion-de-propuestas-de-formacion-continua-sin-puntaje-modalidad-virtual","status":"publish","type":"post","link":"https:\/\/ffyh.unc.edu.ar\/extension\/2020\/07\/28\/convocatoria-para-la-presentacion-de-propuestas-de-formacion-continua-sin-puntaje-modalidad-virtual\/","title":{"rendered":"Convocatoria para la presentaci\u00f3n de propuestas de formaci\u00f3n continua SIN PUNTAJE.  Modalidad VIRTUAL"},"content":{"rendered":"<p style=\"font-weight: 400\">Entendemos que lo acontecido a nivel mundial desde fines del a\u00f1o pasado y durante el 2020 establece un conjunto de nuevas preguntas y escenarios, a la vez que desaf\u00eda los l\u00edmites de lo hasta ahora pensable. En este sentido, se considera que les actores que conforman la FFyH cuentan con el potencial para ofrecer espacios de encuentro con diferentes profesionales, actores del campo educativo y otros espacios para reflexionar en torno a esta nueva realidad y <strong>habitar la complejidad del presente<\/strong>.<\/p>\n<p style=\"font-weight: 400\">En el marco actual creemos conveniente establecer espacios de encuentros que acompa\u00f1en las transformaciones de les docentes, archiveres, bibliotec\u00f3logues, y todes aquelles con deseos de continuar su formaci\u00f3n. Si bien los ejes de la Convocatoria se mantienen, se otorgar\u00e1 especial prioridad a aquellas propuestas que apunten a acompa\u00f1ar los procesos educativos de los distintos niveles del sistema educativo obligatorio, como as\u00ed tambi\u00e9n a todas aquellas que\u00a0 orienten y acompa\u00f1en a les diferentes actores sociales atravesados por las emergencias de la actual pandemia y sus consecuencias.<\/p>\n<p style=\"font-weight: 400\">En base a lo dicho hasta el momento se desprende entonces la posibilidad de pensar espacios de formaci\u00f3n con\u00a0<strong>metodolog\u00edas de trabajo tendientes a la construcci\u00f3n conjunta de saberes<\/strong>\u00a0(talleres, seminarios participativos, entre otras),\u00a0<strong>preguntas, reflexiones y miradas en torno a la actualidad<\/strong>. Las mismas se desarrollar\u00e1n\u00a0<strong>en <span style=\"color: #008000\">MODALIDAD VIRTUAL<\/span> a trav\u00e9s de la plataforma moodle o de videoconferencias<\/strong>. Se aconseja el desarrollo de propuestas acotadas en el tiempo.<\/p>\n<p><span style=\"font-style: inherit;font-weight: inherit\"><strong style=\"font-style: inherit\">En esta Convocatoria se recibir\u00e1n s\u00f3lo propuestas <span style=\"color: #008000\">SIN PUNTAJE<\/span> para dictarse durante <span style=\"color: #008000\">Septiembre<span style=\"color: #000000\">,<\/span> Octubre <span style=\"color: #000000\">y<\/span> Noviembre de 2020<\/span>.<\/strong><\/span><\/p>\n<p><span style=\"font-style: inherit;font-weight: inherit\"><strong style=\"font-style: inherit\">Fecha y hora de cierre de la convocatoria: <\/strong><\/span><\/p>\n<p><span style=\"font-style: inherit;font-weight: inherit;color: #008000\"><strong style=\"font-style: inherit\">Jueves 20 de agosto de 2020, 18:00 horas\u00a0<\/strong><\/span><\/p>\n<p style=\"font-style: inherit;font-weight: 400\">Los proyectos se recibir\u00e1n\u00a0por correo electr\u00f3nico:\u00a0<span style=\"color: #008000\"><strong style=\"font-style: inherit\"><a style=\"font-style: inherit;font-weight: inherit;color: #008000\" href=\"mailto:formacioncontinua@ffyh.unc.edu.ar\">formacioncontinua@ffyh.unc.edu.ar<\/a>\u00a0<\/strong><\/span><\/p>\n<p style=\"font-style: inherit;font-weight: 400\"><strong style=\"font-style: inherit\">Es importante tener en cuenta que se concibe a la Formaci\u00f3n Continua\u00a0como el conjunto de\u00a0acciones educativas tendientes a la actualizaci\u00f3n, la especializaci\u00f3n, la reflexi\u00f3n, y\/o la resignificaci\u00f3n de saberes y pr\u00e1cticas que llevan adelante, tanto sujetos en contextos profesionales cuyas propuestas se vinculan con el resto de la comunidad, como movimientos u organizaciones sociales relacionadas con los campos disciplinares que competen a nuestra Facultad.<\/strong><\/p>\n<p style=\"font-style: inherit;font-weight: 400\"><strong style=\"font-style: inherit\">En este sentido, se dar\u00e1 mayor relevancia a aquellas propuestas de formaci\u00f3n continua que:<\/strong><\/p>\n<ul style=\"font-style: inherit;font-weight: 400\">\n<li style=\"font-style: inherit;font-weight: inherit\">Sean parte de un proceso mayor de inserci\u00f3n territorial y se enmarquen en propuestas extensionistas sostenidas en el tiempo<\/li>\n<li style=\"font-style: inherit;font-weight: inherit\">Tomen en cuenta la demanda de les actores <em style=\"font-weight: inherit\">con quienes se piensa la propuesta<\/em><\/li>\n<li style=\"font-style: inherit;font-weight: inherit\">Consideren al sujete con el que se trabaja en su car\u00e1cter de <em style=\"font-weight: inherit\">sujete de derecho portador de saberes y experiencias que se pondr\u00e1n a jugar en las propuestas<\/em><\/li>\n<li style=\"font-style: inherit;font-weight: inherit\">Se trabaje con\u00a0<em style=\"font-weight: inherit\">dispositivos de capacitaci\u00f3n participativa <\/em>que apunten a la co-construcci\u00f3n de saberes<\/li>\n<li style=\"font-style: inherit;font-weight: inherit\">Que los\u00a0<em style=\"font-weight: inherit\">saberes co-construidos orienten estrategias y acciones conjuntas para interpelar las pr\u00e1cticas territoriales de investigaci\u00f3n y docencia<\/em><\/li>\n<\/ul>\n<p><strong style=\"font-style: inherit\">Las capacitaciones ser\u00e1n gratuitas<\/strong><\/p>\n<p style=\"font-style: inherit;font-weight: 400\">En caso de tener un costo, lo obtenido se deber\u00e1 destinar para solventar otras actividades en territorio que la propuesta lleve adelante y que deber\u00e1n estar previstas en la misma.<\/p>\n<p style=\"font-style: inherit;font-weight: 400\">Deber\u00e1n contar con un cronograma de trabajo ya fijado que estar\u00e1 sujeto a la disponibilidad de espacios de la Facultad de Filosof\u00eda y Humanidades.<\/p>\n<p style=\"font-style: inherit;font-weight: 400\">Pueden presentar propuestas de formaci\u00f3n continua\u00a0 tanto docentes, como no docentes y egresades de nuestra Facultad.<\/p>\n<p><strong style=\"font-style: inherit\">SIN PUNTAJE:\u00a0<\/strong>se trata de aquellas propuestas que apuntan a la resignificaci\u00f3n o actualizaci\u00f3n de saberes cuyos destinataries pueden ser docentes u otros profesionales de las distintas disciplinas que competen a nuestra Facultad.<\/p>\n<p><strong>Para descargar la informaci\u00f3n completa sobre los ejes tem\u00e1ticos y tipos de propuestas hacer clic <a href=\"http:\/\/ffyh.unc.edu.ar\/extension\/wp-content\/uploads\/sites\/2\/2020\/07\/CONVOCATORIA-2020poscovid.docx\" target=\"_blank\" rel=\"noopener noreferrer\">AQU\u00cd<\/a><\/strong><\/p>\n<p><strong>Ver formulario <a href=\"http:\/\/ffyh.unc.edu.ar\/extension\/wp-content\/uploads\/sites\/2\/2020\/07\/formulario-cursos-SIN-puntaje-docente-virtual.doc\" target=\"_blank\" rel=\"noopener noreferrer\">AQU\u00cd<\/a><\/strong><\/p>\n","protected":false},"excerpt":{"rendered":"<p>Entendemos que lo acontecido a nivel mundial desde fines del a\u00f1o pasado y durante el 2020 establece un conjunto de<\/p>\n","protected":false},"author":3,"featured_media":4886,"comment_status":"closed","ping_status":"closed","sticky":false,"template":"","format":"standard","meta":{"_acf_changed":false,"colormag_page_container_layout":"default_layout","colormag_page_sidebar_layout":"default_layout","footnotes":""},"categories":[17,8],"tags":[26],"class_list":["post-4854","post","type-post","status-publish","format-standard","has-post-thumbnail","hentry","category-convocatorias","category-formacion-continua","tag-convocatorias-formacion-docente"],"acf":[],"yoast_head":"<!-- This site is optimized with the Yoast SEO plugin v27.1.1 - https:\/\/yoast.com\/product\/yoast-seo-wordpress\/ -->\n<title>Convocatoria para la presentaci\u00f3n de propuestas de formaci\u00f3n continua SIN PUNTAJE. Modalidad VIRTUAL - Secretar\u00eda de Extensi\u00f3n<\/title>\n<meta name=\"robots\" content=\"index, follow, max-snippet:-1, max-image-preview:large, max-video-preview:-1\" \/>\n<link rel=\"canonical\" href=\"https:\/\/ffyh.unc.edu.ar\/extension\/2020\/07\/28\/convocatoria-para-la-presentacion-de-propuestas-de-formacion-continua-sin-puntaje-modalidad-virtual\/\" \/>\n<meta property=\"og:locale\" content=\"es_ES\" \/>\n<meta property=\"og:type\" content=\"article\" \/>\n<meta property=\"og:title\" content=\"Convocatoria para la presentaci\u00f3n de propuestas de formaci\u00f3n continua SIN PUNTAJE. Modalidad VIRTUAL - Secretar\u00eda de Extensi\u00f3n\" \/>\n<meta property=\"og:description\" content=\"Entendemos que lo acontecido a nivel mundial desde fines del a\u00f1o pasado y durante el 2020 establece un conjunto de\" \/>\n<meta property=\"og:url\" content=\"https:\/\/ffyh.unc.edu.ar\/extension\/2020\/07\/28\/convocatoria-para-la-presentacion-de-propuestas-de-formacion-continua-sin-puntaje-modalidad-virtual\/\" \/>\n<meta property=\"og:site_name\" content=\"Secretar\u00eda de Extensi\u00f3n\" \/>\n<meta property=\"article:publisher\" content=\"https:\/\/www.facebook.com\/extensionffyh\" \/>\n<meta property=\"article:published_time\" content=\"2020-07-28T20:00:08+00:00\" \/>\n<meta property=\"article:modified_time\" content=\"2025-04-15T16:29:32+00:00\" \/>\n<meta property=\"og:image\" content=\"http:\/\/ffyh.unc.edu.ar\/extension\/wp-content\/uploads\/sites\/2\/2020\/07\/flyer_convocatoria-continua-correcto.jpg\" \/>\n\t<meta property=\"og:image:width\" content=\"1280\" \/>\n\t<meta property=\"og:image:height\" content=\"1280\" \/>\n\t<meta property=\"og:image:type\" content=\"image\/jpeg\" \/>\n<meta name=\"author\" content=\"extension\" \/>\n<meta name=\"twitter:card\" content=\"summary_large_image\" \/>\n<meta name=\"twitter:label1\" content=\"Escrito por\" \/>\n\t<meta name=\"twitter:data1\" content=\"\" \/>\n\t<meta name=\"twitter:label2\" content=\"Tiempo de lectura\" \/>\n\t<meta name=\"twitter:data2\" content=\"3 minutos\" \/>\n<script type=\"application\/ld+json\" class=\"yoast-schema-graph\">{\"@context\":\"https:\/\/schema.org\",\"@graph\":[{\"@type\":\"Article\",\"@id\":\"https:\/\/ffyh.unc.edu.ar\/extension\/2020\/07\/28\/convocatoria-para-la-presentacion-de-propuestas-de-formacion-continua-sin-puntaje-modalidad-virtual\/#article\",\"isPartOf\":{\"@id\":\"https:\/\/ffyh.unc.edu.ar\/extension\/2020\/07\/28\/convocatoria-para-la-presentacion-de-propuestas-de-formacion-continua-sin-puntaje-modalidad-virtual\/\"},\"author\":{\"name\":\"extension\",\"@id\":\"https:\/\/ffyh.unc.edu.ar\/extension\/#\/schema\/person\/c429cdff3a192a7081944182246c3689\"},\"headline\":\"Convocatoria para la presentaci\u00f3n de propuestas de formaci\u00f3n continua SIN PUNTAJE. Modalidad VIRTUAL\",\"datePublished\":\"2020-07-28T20:00:08+00:00\",\"dateModified\":\"2025-04-15T16:29:32+00:00\",\"mainEntityOfPage\":{\"@id\":\"https:\/\/ffyh.unc.edu.ar\/extension\/2020\/07\/28\/convocatoria-para-la-presentacion-de-propuestas-de-formacion-continua-sin-puntaje-modalidad-virtual\/\"},\"wordCount\":632,\"publisher\":{\"@id\":\"https:\/\/ffyh.unc.edu.ar\/extension\/#organization\"},\"image\":{\"@id\":\"https:\/\/ffyh.unc.edu.ar\/extension\/2020\/07\/28\/convocatoria-para-la-presentacion-de-propuestas-de-formacion-continua-sin-puntaje-modalidad-virtual\/#primaryimage\"},\"thumbnailUrl\":\"https:\/\/ffyh.unc.edu.ar\/extension\/wp-content\/uploads\/sites\/2\/2020\/07\/flyer_convocatoria-continua-correcto.jpg\",\"keywords\":[\"Convocatorias Formaci\u00f3n Continua\"],\"articleSection\":[\"Convocatorias\",\"Formaci\u00f3n Continua\"],\"inLanguage\":\"es\"},{\"@type\":\"WebPage\",\"@id\":\"https:\/\/ffyh.unc.edu.ar\/extension\/2020\/07\/28\/convocatoria-para-la-presentacion-de-propuestas-de-formacion-continua-sin-puntaje-modalidad-virtual\/\",\"url\":\"https:\/\/ffyh.unc.edu.ar\/extension\/2020\/07\/28\/convocatoria-para-la-presentacion-de-propuestas-de-formacion-continua-sin-puntaje-modalidad-virtual\/\",\"name\":\"Convocatoria para la presentaci\u00f3n de propuestas de formaci\u00f3n continua SIN PUNTAJE. Modalidad VIRTUAL - Secretar\u00eda de Extensi\u00f3n\",\"isPartOf\":{\"@id\":\"https:\/\/ffyh.unc.edu.ar\/extension\/#website\"},\"primaryImageOfPage\":{\"@id\":\"https:\/\/ffyh.unc.edu.ar\/extension\/2020\/07\/28\/convocatoria-para-la-presentacion-de-propuestas-de-formacion-continua-sin-puntaje-modalidad-virtual\/#primaryimage\"},\"image\":{\"@id\":\"https:\/\/ffyh.unc.edu.ar\/extension\/2020\/07\/28\/convocatoria-para-la-presentacion-de-propuestas-de-formacion-continua-sin-puntaje-modalidad-virtual\/#primaryimage\"},\"thumbnailUrl\":\"https:\/\/ffyh.unc.edu.ar\/extension\/wp-content\/uploads\/sites\/2\/2020\/07\/flyer_convocatoria-continua-correcto.jpg\",\"datePublished\":\"2020-07-28T20:00:08+00:00\",\"dateModified\":\"2025-04-15T16:29:32+00:00\",\"breadcrumb\":{\"@id\":\"https:\/\/ffyh.unc.edu.ar\/extension\/2020\/07\/28\/convocatoria-para-la-presentacion-de-propuestas-de-formacion-continua-sin-puntaje-modalidad-virtual\/#breadcrumb\"},\"inLanguage\":\"es\",\"potentialAction\":[{\"@type\":\"ReadAction\",\"target\":[\"https:\/\/ffyh.unc.edu.ar\/extension\/2020\/07\/28\/convocatoria-para-la-presentacion-de-propuestas-de-formacion-continua-sin-puntaje-modalidad-virtual\/\"]}]},{\"@type\":\"ImageObject\",\"inLanguage\":\"es\",\"@id\":\"https:\/\/ffyh.unc.edu.ar\/extension\/2020\/07\/28\/convocatoria-para-la-presentacion-de-propuestas-de-formacion-continua-sin-puntaje-modalidad-virtual\/#primaryimage\",\"url\":\"https:\/\/ffyh.unc.edu.ar\/extension\/wp-content\/uploads\/sites\/2\/2020\/07\/flyer_convocatoria-continua-correcto.jpg\",\"contentUrl\":\"https:\/\/ffyh.unc.edu.ar\/extension\/wp-content\/uploads\/sites\/2\/2020\/07\/flyer_convocatoria-continua-correcto.jpg\",\"width\":1280,\"height\":1280},{\"@type\":\"BreadcrumbList\",\"@id\":\"https:\/\/ffyh.unc.edu.ar\/extension\/2020\/07\/28\/convocatoria-para-la-presentacion-de-propuestas-de-formacion-continua-sin-puntaje-modalidad-virtual\/#breadcrumb\",\"itemListElement\":[{\"@type\":\"ListItem\",\"position\":1,\"name\":\"Portada\",\"item\":\"https:\/\/ffyh.unc.edu.ar\/extension\/\"},{\"@type\":\"ListItem\",\"position\":2,\"name\":\"Convocatoria para la presentaci\u00f3n de propuestas de formaci\u00f3n continua SIN PUNTAJE. Modalidad VIRTUAL\"}]},{\"@type\":\"WebSite\",\"@id\":\"https:\/\/ffyh.unc.edu.ar\/extension\/#website\",\"url\":\"https:\/\/ffyh.unc.edu.ar\/extension\/\",\"name\":\"Secretar\u00eda de Extensi\u00f3n\",\"description\":\"Facultad de Filosof\u00eda y Humanidades - Universidad Nacional de C\u00f3rdoba\",\"publisher\":{\"@id\":\"https:\/\/ffyh.unc.edu.ar\/extension\/#organization\"},\"potentialAction\":[{\"@type\":\"SearchAction\",\"target\":{\"@type\":\"EntryPoint\",\"urlTemplate\":\"https:\/\/ffyh.unc.edu.ar\/extension\/?s={search_term_string}\"},\"query-input\":{\"@type\":\"PropertyValueSpecification\",\"valueRequired\":true,\"valueName\":\"search_term_string\"}}],\"inLanguage\":\"es\"},{\"@type\":\"Organization\",\"@id\":\"https:\/\/ffyh.unc.edu.ar\/extension\/#organization\",\"name\":\"Secretar\u00eda de Extensi\u00f3n - Facultad de Filosof\u00eda y Humanidades - Universidad Nacional de C\u00f3rdoba\",\"url\":\"https:\/\/ffyh.unc.edu.ar\/extension\/\",\"logo\":{\"@type\":\"ImageObject\",\"inLanguage\":\"es\",\"@id\":\"https:\/\/ffyh.unc.edu.ar\/extension\/#\/schema\/logo\/image\/\",\"url\":\"https:\/\/ffyh.unc.edu.ar\/extension\/wp-content\/uploads\/sites\/2\/2018\/08\/logo-extension-chico.jpg\",\"contentUrl\":\"https:\/\/ffyh.unc.edu.ar\/extension\/wp-content\/uploads\/sites\/2\/2018\/08\/logo-extension-chico.jpg\",\"width\":314,\"height\":119,\"caption\":\"Secretar\u00eda de Extensi\u00f3n - Facultad de Filosof\u00eda y Humanidades - Universidad Nacional de C\u00f3rdoba\"},\"image\":{\"@id\":\"https:\/\/ffyh.unc.edu.ar\/extension\/#\/schema\/logo\/image\/\"},\"sameAs\":[\"https:\/\/www.facebook.com\/extensionffyh\",\"https:\/\/www.instagram.com\/extensionffyh\/\",\"https:\/\/www.youtube.com\/channel\/UCTgN4nvMQE7ktBcgujEI-EA\"]},{\"@type\":\"Person\",\"@id\":\"https:\/\/ffyh.unc.edu.ar\/extension\/#\/schema\/person\/c429cdff3a192a7081944182246c3689\",\"name\":\"extension\",\"url\":\"https:\/\/ffyh.unc.edu.ar\/extension\/author\/extension\/\"}]}<\/script>\n<!-- \/ Yoast SEO plugin. -->","yoast_head_json":{"title":"Convocatoria para la presentaci\u00f3n de propuestas de formaci\u00f3n continua SIN PUNTAJE. Modalidad VIRTUAL - Secretar\u00eda de Extensi\u00f3n","robots":{"index":"index","follow":"follow","max-snippet":"max-snippet:-1","max-image-preview":"max-image-preview:large","max-video-preview":"max-video-preview:-1"},"canonical":"https:\/\/ffyh.unc.edu.ar\/extension\/2020\/07\/28\/convocatoria-para-la-presentacion-de-propuestas-de-formacion-continua-sin-puntaje-modalidad-virtual\/","og_locale":"es_ES","og_type":"article","og_title":"Convocatoria para la presentaci\u00f3n de propuestas de formaci\u00f3n continua SIN PUNTAJE. Modalidad VIRTUAL - Secretar\u00eda de Extensi\u00f3n","og_description":"Entendemos que lo acontecido a nivel mundial desde fines del a\u00f1o pasado y durante el 2020 establece un conjunto de","og_url":"https:\/\/ffyh.unc.edu.ar\/extension\/2020\/07\/28\/convocatoria-para-la-presentacion-de-propuestas-de-formacion-continua-sin-puntaje-modalidad-virtual\/","og_site_name":"Secretar\u00eda de Extensi\u00f3n","article_publisher":"https:\/\/www.facebook.com\/extensionffyh","article_published_time":"2020-07-28T20:00:08+00:00","article_modified_time":"2025-04-15T16:29:32+00:00","og_image":[{"width":1280,"height":1280,"url":"http:\/\/ffyh.unc.edu.ar\/extension\/wp-content\/uploads\/sites\/2\/2020\/07\/flyer_convocatoria-continua-correcto.jpg","type":"image\/jpeg"}],"author":"extension","twitter_card":"summary_large_image","twitter_misc":{"Escrito por":false,"Tiempo de lectura":"3 minutos"},"schema":{"@context":"https:\/\/schema.org","@graph":[{"@type":"Article","@id":"https:\/\/ffyh.unc.edu.ar\/extension\/2020\/07\/28\/convocatoria-para-la-presentacion-de-propuestas-de-formacion-continua-sin-puntaje-modalidad-virtual\/#article","isPartOf":{"@id":"https:\/\/ffyh.unc.edu.ar\/extension\/2020\/07\/28\/convocatoria-para-la-presentacion-de-propuestas-de-formacion-continua-sin-puntaje-modalidad-virtual\/"},"author":{"name":"extension","@id":"https:\/\/ffyh.unc.edu.ar\/extension\/#\/schema\/person\/c429cdff3a192a7081944182246c3689"},"headline":"Convocatoria para la presentaci\u00f3n de propuestas de formaci\u00f3n continua SIN PUNTAJE. Modalidad VIRTUAL","datePublished":"2020-07-28T20:00:08+00:00","dateModified":"2025-04-15T16:29:32+00:00","mainEntityOfPage":{"@id":"https:\/\/ffyh.unc.edu.ar\/extension\/2020\/07\/28\/convocatoria-para-la-presentacion-de-propuestas-de-formacion-continua-sin-puntaje-modalidad-virtual\/"},"wordCount":632,"publisher":{"@id":"https:\/\/ffyh.unc.edu.ar\/extension\/#organization"},"image":{"@id":"https:\/\/ffyh.unc.edu.ar\/extension\/2020\/07\/28\/convocatoria-para-la-presentacion-de-propuestas-de-formacion-continua-sin-puntaje-modalidad-virtual\/#primaryimage"},"thumbnailUrl":"https:\/\/ffyh.unc.edu.ar\/extension\/wp-content\/uploads\/sites\/2\/2020\/07\/flyer_convocatoria-continua-correcto.jpg","keywords":["Convocatorias Formaci\u00f3n Continua"],"articleSection":["Convocatorias","Formaci\u00f3n Continua"],"inLanguage":"es"},{"@type":"WebPage","@id":"https:\/\/ffyh.unc.edu.ar\/extension\/2020\/07\/28\/convocatoria-para-la-presentacion-de-propuestas-de-formacion-continua-sin-puntaje-modalidad-virtual\/","url":"https:\/\/ffyh.unc.edu.ar\/extension\/2020\/07\/28\/convocatoria-para-la-presentacion-de-propuestas-de-formacion-continua-sin-puntaje-modalidad-virtual\/","name":"Convocatoria para la presentaci\u00f3n de propuestas de formaci\u00f3n continua SIN PUNTAJE. Modalidad VIRTUAL - Secretar\u00eda de Extensi\u00f3n","isPartOf":{"@id":"https:\/\/ffyh.unc.edu.ar\/extension\/#website"},"primaryImageOfPage":{"@id":"https:\/\/ffyh.unc.edu.ar\/extension\/2020\/07\/28\/convocatoria-para-la-presentacion-de-propuestas-de-formacion-continua-sin-puntaje-modalidad-virtual\/#primaryimage"},"image":{"@id":"https:\/\/ffyh.unc.edu.ar\/extension\/2020\/07\/28\/convocatoria-para-la-presentacion-de-propuestas-de-formacion-continua-sin-puntaje-modalidad-virtual\/#primaryimage"},"thumbnailUrl":"https:\/\/ffyh.unc.edu.ar\/extension\/wp-content\/uploads\/sites\/2\/2020\/07\/flyer_convocatoria-continua-correcto.jpg","datePublished":"2020-07-28T20:00:08+00:00","dateModified":"2025-04-15T16:29:32+00:00","breadcrumb":{"@id":"https:\/\/ffyh.unc.edu.ar\/extension\/2020\/07\/28\/convocatoria-para-la-presentacion-de-propuestas-de-formacion-continua-sin-puntaje-modalidad-virtual\/#breadcrumb"},"inLanguage":"es","potentialAction":[{"@type":"ReadAction","target":["https:\/\/ffyh.unc.edu.ar\/extension\/2020\/07\/28\/convocatoria-para-la-presentacion-de-propuestas-de-formacion-continua-sin-puntaje-modalidad-virtual\/"]}]},{"@type":"ImageObject","inLanguage":"es","@id":"https:\/\/ffyh.unc.edu.ar\/extension\/2020\/07\/28\/convocatoria-para-la-presentacion-de-propuestas-de-formacion-continua-sin-puntaje-modalidad-virtual\/#primaryimage","url":"https:\/\/ffyh.unc.edu.ar\/extension\/wp-content\/uploads\/sites\/2\/2020\/07\/flyer_convocatoria-continua-correcto.jpg","contentUrl":"https:\/\/ffyh.unc.edu.ar\/extension\/wp-content\/uploads\/sites\/2\/2020\/07\/flyer_convocatoria-continua-correcto.jpg","width":1280,"height":1280},{"@type":"BreadcrumbList","@id":"https:\/\/ffyh.unc.edu.ar\/extension\/2020\/07\/28\/convocatoria-para-la-presentacion-de-propuestas-de-formacion-continua-sin-puntaje-modalidad-virtual\/#breadcrumb","itemListElement":[{"@type":"ListItem","position":1,"name":"Portada","item":"https:\/\/ffyh.unc.edu.ar\/extension\/"},{"@type":"ListItem","position":2,"name":"Convocatoria para la presentaci\u00f3n de propuestas de formaci\u00f3n continua SIN PUNTAJE. Modalidad VIRTUAL"}]},{"@type":"WebSite","@id":"https:\/\/ffyh.unc.edu.ar\/extension\/#website","url":"https:\/\/ffyh.unc.edu.ar\/extension\/","name":"Secretar\u00eda de Extensi\u00f3n","description":"Facultad de Filosof\u00eda y Humanidades - Universidad Nacional de C\u00f3rdoba","publisher":{"@id":"https:\/\/ffyh.unc.edu.ar\/extension\/#organization"},"potentialAction":[{"@type":"SearchAction","target":{"@type":"EntryPoint","urlTemplate":"https:\/\/ffyh.unc.edu.ar\/extension\/?s={search_term_string}"},"query-input":{"@type":"PropertyValueSpecification","valueRequired":true,"valueName":"search_term_string"}}],"inLanguage":"es"},{"@type":"Organization","@id":"https:\/\/ffyh.unc.edu.ar\/extension\/#organization","name":"Secretar\u00eda de Extensi\u00f3n - Facultad de Filosof\u00eda y Humanidades - Universidad Nacional de C\u00f3rdoba","url":"https:\/\/ffyh.unc.edu.ar\/extension\/","logo":{"@type":"ImageObject","inLanguage":"es","@id":"https:\/\/ffyh.unc.edu.ar\/extension\/#\/schema\/logo\/image\/","url":"https:\/\/ffyh.unc.edu.ar\/extension\/wp-content\/uploads\/sites\/2\/2018\/08\/logo-extension-chico.jpg","contentUrl":"https:\/\/ffyh.unc.edu.ar\/extension\/wp-content\/uploads\/sites\/2\/2018\/08\/logo-extension-chico.jpg","width":314,"height":119,"caption":"Secretar\u00eda de Extensi\u00f3n - Facultad de Filosof\u00eda y Humanidades - Universidad Nacional de C\u00f3rdoba"},"image":{"@id":"https:\/\/ffyh.unc.edu.ar\/extension\/#\/schema\/logo\/image\/"},"sameAs":["https:\/\/www.facebook.com\/extensionffyh","https:\/\/www.instagram.com\/extensionffyh\/","https:\/\/www.youtube.com\/channel\/UCTgN4nvMQE7ktBcgujEI-EA"]},{"@type":"Person","@id":"https:\/\/ffyh.unc.edu.ar\/extension\/#\/schema\/person\/c429cdff3a192a7081944182246c3689","name":"extension","url":"https:\/\/ffyh.unc.edu.ar\/extension\/author\/extension\/"}]}},"jetpack_featured_media_url":"https:\/\/ffyh.unc.edu.ar\/extension\/wp-content\/uploads\/sites\/2\/2020\/07\/flyer_convocatoria-continua-correcto.jpg","_links":{"self":[{"href":"https:\/\/ffyh.unc.edu.ar\/extension\/wp-json\/wp\/v2\/posts\/4854","targetHints":{"allow":["GET"]}}],"collection":[{"href":"https:\/\/ffyh.unc.edu.ar\/extension\/wp-json\/wp\/v2\/posts"}],"about":[{"href":"https:\/\/ffyh.unc.edu.ar\/extension\/wp-json\/wp\/v2\/types\/post"}],"author":[{"embeddable":true,"href":"https:\/\/ffyh.unc.edu.ar\/extension\/wp-json\/wp\/v2\/users\/3"}],"replies":[{"embeddable":true,"href":"https:\/\/ffyh.unc.edu.ar\/extension\/wp-json\/wp\/v2\/comments?post=4854"}],"version-history":[{"count":4,"href":"https:\/\/ffyh.unc.edu.ar\/extension\/wp-json\/wp\/v2\/posts\/4854\/revisions"}],"predecessor-version":[{"id":4861,"href":"https:\/\/ffyh.unc.edu.ar\/extension\/wp-json\/wp\/v2\/posts\/4854\/revisions\/4861"}],"wp:featuredmedia":[{"embeddable":true,"href":"https:\/\/ffyh.unc.edu.ar\/extension\/wp-json\/wp\/v2\/media\/4886"}],"wp:attachment":[{"href":"https:\/\/ffyh.unc.edu.ar\/extension\/wp-json\/wp\/v2\/media?parent=4854"}],"wp:term":[{"taxonomy":"category","embeddable":true,"href":"https:\/\/ffyh.unc.edu.ar\/extension\/wp-json\/wp\/v2\/categories?post=4854"},{"taxonomy":"post_tag","embeddable":true,"href":"https:\/\/ffyh.unc.edu.ar\/extension\/wp-json\/wp\/v2\/tags?post=4854"}],"curies":[{"name":"wp","href":"https:\/\/api.w.org\/{rel}","templated":true}]}}