{"id":486,"date":"2012-10-11T17:57:35","date_gmt":"2012-10-11T20:57:35","guid":{"rendered":"http:\/\/www.ffyh.unc.edu.ar\/extension\/?p=486"},"modified":"2012-10-11T17:57:35","modified_gmt":"2012-10-11T20:57:35","slug":"la-voz-del-otro","status":"publish","type":"post","link":"https:\/\/ffyh.unc.edu.ar\/extension\/2012\/10\/11\/la-voz-del-otro\/","title":{"rendered":"\u00abLa Voz del Otro\u00bb. Charlas con escritores cordobeses"},"content":{"rendered":"<p><a href=\"http:\/\/ffyh.unc.edu.ar\/extension\/wp-content\/uploads\/sites\/2\/2012\/09\/la-voz-del-otro-web.jpg\"><img loading=\"lazy\" decoding=\"async\" class=\"alignleft size-thumbnail wp-image-488\" title=\"la voz del otro-web\" src=\"http:\/\/ffyh.unc.edu.ar\/extension\/wp-content\/uploads\/sites\/2\/2012\/09\/la-voz-del-otro-web-150x150.jpg\" alt=\"\" width=\"150\" height=\"150\" \/><\/a><\/p>\n<p>La Secretar\u00eda de Extensi\u00f3n, la c\u00e1tedra \u201cLiteratura Argentina III\u201d de la Escuela de Letras y el programa de investigaci\u00f3n \u00abRepresentaci\u00f3n de otredades y Literatura Argentina\u00bb (radicado en el Ciffyh) de la FFyH invitan a participar de \u201c<strong>La Voz<\/strong><strong> del Otro<\/strong>\u201d, una serie de encuentros con escritores cordobeses.<\/p>\n<p>Las pr\u00f3ximas charlas ser\u00e1n el <strong>jueves 4 de octubre<\/strong>, a las 19hs, con Perla Suez, Francisco Colombo y David Voloj, en la Sala B del Pabell\u00f3n Residencial (Ciudad Universitaria).\u00a0y el <strong>jueves 18<\/strong>, tambi\u00e9n a las 19, con Mar\u00eda Teresa Andruetto, Carlos Schilling y Eugenia Almeida, en el Museo de Antropolog\u00eda (Av. Hip\u00f3lito Yrigoyen 174, C\u00f3rdoba).<\/p>\n<p><!--more--><\/p>\n<p>Anteriormente, en el marco de las\u00a0<strong>III Jornadas de Investigaci\u00f3n del \u00c1rea Letras<\/strong>\u00a0del Ciffyh, el d\u00eda\u00a0<strong>19 de septiembre<\/strong>, se realiz\u00f3 el primer encuentro con la presencia de los escritores Lilia Lardone, Federico Lavezzo, Leandro Calle y Carlos Garro Aguilar.<\/p>\n<p><strong>Organizan<\/strong>: Secretar\u00eda de Extensi\u00f3n, proyecto de investigaci\u00f3n \u00abRepresentaci\u00f3n de otredades y Literatura Argentina\u00bb y la c\u00e1tedra \u00abLiteratura Argentina III\u00bb de la Escuela de Letras, Facultad de Filosof\u00eda y Humanidades, UNC.<\/p>\n","protected":false},"excerpt":{"rendered":"<p>La Secretar\u00eda de Extensi\u00f3n, la c\u00e1tedra \u201cLiteratura Argentina III\u201d de la Escuela de Letras y el programa de investigaci\u00f3n \u00abRepresentaci\u00f3n<\/p>\n","protected":false},"author":2,"featured_media":488,"comment_status":"open","ping_status":"open","sticky":false,"template":"","format":"standard","meta":{"_acf_changed":false,"colormag_page_container_layout":"default_layout","colormag_page_sidebar_layout":"default_layout","footnotes":""},"categories":[2],"tags":[],"class_list":["post-486","post","type-post","status-publish","format-standard","has-post-thumbnail","hentry","category-actividades-culturales"],"acf":[],"yoast_head":"<!-- This site is optimized with the Yoast SEO plugin v27.1.1 - https:\/\/yoast.com\/product\/yoast-seo-wordpress\/ -->\n<title>&quot;La Voz del Otro&quot;. Charlas con escritores cordobeses - Secretar\u00eda de Extensi\u00f3n<\/title>\n<meta name=\"robots\" content=\"index, follow, max-snippet:-1, max-image-preview:large, max-video-preview:-1\" \/>\n<link rel=\"canonical\" href=\"https:\/\/ffyh.unc.edu.ar\/extension\/2012\/10\/11\/la-voz-del-otro\/\" \/>\n<meta property=\"og:locale\" content=\"es_ES\" \/>\n<meta property=\"og:type\" content=\"article\" \/>\n<meta property=\"og:title\" content=\"&quot;La Voz del Otro&quot;. Charlas con escritores cordobeses - Secretar\u00eda de Extensi\u00f3n\" \/>\n<meta property=\"og:description\" content=\"La Secretar\u00eda de Extensi\u00f3n, la c\u00e1tedra \u201cLiteratura Argentina III\u201d de la Escuela de Letras y el programa de investigaci\u00f3n \u00abRepresentaci\u00f3n\" \/>\n<meta property=\"og:url\" content=\"https:\/\/ffyh.unc.edu.ar\/extension\/2012\/10\/11\/la-voz-del-otro\/\" \/>\n<meta property=\"og:site_name\" content=\"Secretar\u00eda de Extensi\u00f3n\" \/>\n<meta property=\"article:publisher\" content=\"https:\/\/www.facebook.com\/extensionffyh\" \/>\n<meta property=\"article:published_time\" content=\"2012-10-11T20:57:35+00:00\" \/>\n<meta property=\"og:image\" content=\"https:\/\/ffyh.unc.edu.ar\/extension\/wp-content\/uploads\/sites\/2\/2012\/09\/la-voz-del-otro-web.jpg\" \/>\n\t<meta property=\"og:image:width\" content=\"707\" \/>\n\t<meta property=\"og:image:height\" content=\"253\" \/>\n\t<meta property=\"og:image:type\" content=\"image\/jpeg\" \/>\n<meta name=\"author\" content=\"\u00c1rea de Comunicaci\u00f3n - FFyH\" \/>\n<meta name=\"twitter:card\" content=\"summary_large_image\" \/>\n<meta name=\"twitter:label1\" content=\"Escrito por\" \/>\n\t<meta name=\"twitter:data1\" content=\"\" \/>\n\t<meta name=\"twitter:label2\" content=\"Tiempo de lectura\" \/>\n\t<meta name=\"twitter:data2\" content=\"1 minuto\" \/>\n<script type=\"application\/ld+json\" class=\"yoast-schema-graph\">{\"@context\":\"https:\/\/schema.org\",\"@graph\":[{\"@type\":\"Article\",\"@id\":\"https:\/\/ffyh.unc.edu.ar\/extension\/2012\/10\/11\/la-voz-del-otro\/#article\",\"isPartOf\":{\"@id\":\"https:\/\/ffyh.unc.edu.ar\/extension\/2012\/10\/11\/la-voz-del-otro\/\"},\"author\":{\"name\":\"\u00c1rea de Comunicaci\u00f3n - FFyH\",\"@id\":\"https:\/\/ffyh.unc.edu.ar\/extension\/#\/schema\/person\/e6b9f6aec95cb7437bb2fde09e23b224\"},\"headline\":\"\u00abLa Voz del Otro\u00bb. Charlas con escritores cordobeses\",\"datePublished\":\"2012-10-11T20:57:35+00:00\",\"mainEntityOfPage\":{\"@id\":\"https:\/\/ffyh.unc.edu.ar\/extension\/2012\/10\/11\/la-voz-del-otro\/\"},\"wordCount\":198,\"commentCount\":0,\"publisher\":{\"@id\":\"https:\/\/ffyh.unc.edu.ar\/extension\/#organization\"},\"image\":{\"@id\":\"https:\/\/ffyh.unc.edu.ar\/extension\/2012\/10\/11\/la-voz-del-otro\/#primaryimage\"},\"thumbnailUrl\":\"https:\/\/ffyh.unc.edu.ar\/extension\/wp-content\/uploads\/sites\/2\/2012\/09\/la-voz-del-otro-web.jpg\",\"articleSection\":[\"Actividades culturales\"],\"inLanguage\":\"es\",\"potentialAction\":[{\"@type\":\"CommentAction\",\"name\":\"Comment\",\"target\":[\"https:\/\/ffyh.unc.edu.ar\/extension\/2012\/10\/11\/la-voz-del-otro\/#respond\"]}]},{\"@type\":\"WebPage\",\"@id\":\"https:\/\/ffyh.unc.edu.ar\/extension\/2012\/10\/11\/la-voz-del-otro\/\",\"url\":\"https:\/\/ffyh.unc.edu.ar\/extension\/2012\/10\/11\/la-voz-del-otro\/\",\"name\":\"\\\"La Voz del Otro\\\". Charlas con escritores cordobeses - Secretar\u00eda de Extensi\u00f3n\",\"isPartOf\":{\"@id\":\"https:\/\/ffyh.unc.edu.ar\/extension\/#website\"},\"primaryImageOfPage\":{\"@id\":\"https:\/\/ffyh.unc.edu.ar\/extension\/2012\/10\/11\/la-voz-del-otro\/#primaryimage\"},\"image\":{\"@id\":\"https:\/\/ffyh.unc.edu.ar\/extension\/2012\/10\/11\/la-voz-del-otro\/#primaryimage\"},\"thumbnailUrl\":\"https:\/\/ffyh.unc.edu.ar\/extension\/wp-content\/uploads\/sites\/2\/2012\/09\/la-voz-del-otro-web.jpg\",\"datePublished\":\"2012-10-11T20:57:35+00:00\",\"breadcrumb\":{\"@id\":\"https:\/\/ffyh.unc.edu.ar\/extension\/2012\/10\/11\/la-voz-del-otro\/#breadcrumb\"},\"inLanguage\":\"es\",\"potentialAction\":[{\"@type\":\"ReadAction\",\"target\":[\"https:\/\/ffyh.unc.edu.ar\/extension\/2012\/10\/11\/la-voz-del-otro\/\"]}]},{\"@type\":\"ImageObject\",\"inLanguage\":\"es\",\"@id\":\"https:\/\/ffyh.unc.edu.ar\/extension\/2012\/10\/11\/la-voz-del-otro\/#primaryimage\",\"url\":\"https:\/\/ffyh.unc.edu.ar\/extension\/wp-content\/uploads\/sites\/2\/2012\/09\/la-voz-del-otro-web.jpg\",\"contentUrl\":\"https:\/\/ffyh.unc.edu.ar\/extension\/wp-content\/uploads\/sites\/2\/2012\/09\/la-voz-del-otro-web.jpg\",\"width\":707,\"height\":253},{\"@type\":\"BreadcrumbList\",\"@id\":\"https:\/\/ffyh.unc.edu.ar\/extension\/2012\/10\/11\/la-voz-del-otro\/#breadcrumb\",\"itemListElement\":[{\"@type\":\"ListItem\",\"position\":1,\"name\":\"Portada\",\"item\":\"https:\/\/ffyh.unc.edu.ar\/extension\/\"},{\"@type\":\"ListItem\",\"position\":2,\"name\":\"\u00abLa Voz del Otro\u00bb. Charlas con escritores cordobeses\"}]},{\"@type\":\"WebSite\",\"@id\":\"https:\/\/ffyh.unc.edu.ar\/extension\/#website\",\"url\":\"https:\/\/ffyh.unc.edu.ar\/extension\/\",\"name\":\"Secretar\u00eda de Extensi\u00f3n\",\"description\":\"Facultad de Filosof\u00eda y Humanidades - Universidad Nacional de C\u00f3rdoba\",\"publisher\":{\"@id\":\"https:\/\/ffyh.unc.edu.ar\/extension\/#organization\"},\"potentialAction\":[{\"@type\":\"SearchAction\",\"target\":{\"@type\":\"EntryPoint\",\"urlTemplate\":\"https:\/\/ffyh.unc.edu.ar\/extension\/?s={search_term_string}\"},\"query-input\":{\"@type\":\"PropertyValueSpecification\",\"valueRequired\":true,\"valueName\":\"search_term_string\"}}],\"inLanguage\":\"es\"},{\"@type\":\"Organization\",\"@id\":\"https:\/\/ffyh.unc.edu.ar\/extension\/#organization\",\"name\":\"Secretar\u00eda de Extensi\u00f3n - Facultad de Filosof\u00eda y Humanidades - Universidad Nacional de C\u00f3rdoba\",\"url\":\"https:\/\/ffyh.unc.edu.ar\/extension\/\",\"logo\":{\"@type\":\"ImageObject\",\"inLanguage\":\"es\",\"@id\":\"https:\/\/ffyh.unc.edu.ar\/extension\/#\/schema\/logo\/image\/\",\"url\":\"https:\/\/ffyh.unc.edu.ar\/extension\/wp-content\/uploads\/sites\/2\/2018\/08\/logo-extension-chico.jpg\",\"contentUrl\":\"https:\/\/ffyh.unc.edu.ar\/extension\/wp-content\/uploads\/sites\/2\/2018\/08\/logo-extension-chico.jpg\",\"width\":314,\"height\":119,\"caption\":\"Secretar\u00eda de Extensi\u00f3n - Facultad de Filosof\u00eda y Humanidades - Universidad Nacional de C\u00f3rdoba\"},\"image\":{\"@id\":\"https:\/\/ffyh.unc.edu.ar\/extension\/#\/schema\/logo\/image\/\"},\"sameAs\":[\"https:\/\/www.facebook.com\/extensionffyh\",\"https:\/\/www.instagram.com\/extensionffyh\/\",\"https:\/\/www.youtube.com\/channel\/UCTgN4nvMQE7ktBcgujEI-EA\"]},{\"@type\":\"Person\",\"@id\":\"https:\/\/ffyh.unc.edu.ar\/extension\/#\/schema\/person\/e6b9f6aec95cb7437bb2fde09e23b224\",\"name\":\"\u00c1rea de Comunicaci\u00f3n - FFyH\",\"url\":\"https:\/\/ffyh.unc.edu.ar\/extension\/author\/prensa\/\"}]}<\/script>\n<!-- \/ Yoast SEO plugin. -->","yoast_head_json":{"title":"\"La Voz del Otro\". Charlas con escritores cordobeses - Secretar\u00eda de Extensi\u00f3n","robots":{"index":"index","follow":"follow","max-snippet":"max-snippet:-1","max-image-preview":"max-image-preview:large","max-video-preview":"max-video-preview:-1"},"canonical":"https:\/\/ffyh.unc.edu.ar\/extension\/2012\/10\/11\/la-voz-del-otro\/","og_locale":"es_ES","og_type":"article","og_title":"\"La Voz del Otro\". Charlas con escritores cordobeses - Secretar\u00eda de Extensi\u00f3n","og_description":"La Secretar\u00eda de Extensi\u00f3n, la c\u00e1tedra \u201cLiteratura Argentina III\u201d de la Escuela de Letras y el programa de investigaci\u00f3n \u00abRepresentaci\u00f3n","og_url":"https:\/\/ffyh.unc.edu.ar\/extension\/2012\/10\/11\/la-voz-del-otro\/","og_site_name":"Secretar\u00eda de Extensi\u00f3n","article_publisher":"https:\/\/www.facebook.com\/extensionffyh","article_published_time":"2012-10-11T20:57:35+00:00","og_image":[{"width":707,"height":253,"url":"https:\/\/ffyh.unc.edu.ar\/extension\/wp-content\/uploads\/sites\/2\/2012\/09\/la-voz-del-otro-web.jpg","type":"image\/jpeg"}],"author":"\u00c1rea de Comunicaci\u00f3n - FFyH","twitter_card":"summary_large_image","twitter_misc":{"Escrito por":false,"Tiempo de lectura":"1 minuto"},"schema":{"@context":"https:\/\/schema.org","@graph":[{"@type":"Article","@id":"https:\/\/ffyh.unc.edu.ar\/extension\/2012\/10\/11\/la-voz-del-otro\/#article","isPartOf":{"@id":"https:\/\/ffyh.unc.edu.ar\/extension\/2012\/10\/11\/la-voz-del-otro\/"},"author":{"name":"\u00c1rea de Comunicaci\u00f3n - FFyH","@id":"https:\/\/ffyh.unc.edu.ar\/extension\/#\/schema\/person\/e6b9f6aec95cb7437bb2fde09e23b224"},"headline":"\u00abLa Voz del Otro\u00bb. Charlas con escritores cordobeses","datePublished":"2012-10-11T20:57:35+00:00","mainEntityOfPage":{"@id":"https:\/\/ffyh.unc.edu.ar\/extension\/2012\/10\/11\/la-voz-del-otro\/"},"wordCount":198,"commentCount":0,"publisher":{"@id":"https:\/\/ffyh.unc.edu.ar\/extension\/#organization"},"image":{"@id":"https:\/\/ffyh.unc.edu.ar\/extension\/2012\/10\/11\/la-voz-del-otro\/#primaryimage"},"thumbnailUrl":"https:\/\/ffyh.unc.edu.ar\/extension\/wp-content\/uploads\/sites\/2\/2012\/09\/la-voz-del-otro-web.jpg","articleSection":["Actividades culturales"],"inLanguage":"es","potentialAction":[{"@type":"CommentAction","name":"Comment","target":["https:\/\/ffyh.unc.edu.ar\/extension\/2012\/10\/11\/la-voz-del-otro\/#respond"]}]},{"@type":"WebPage","@id":"https:\/\/ffyh.unc.edu.ar\/extension\/2012\/10\/11\/la-voz-del-otro\/","url":"https:\/\/ffyh.unc.edu.ar\/extension\/2012\/10\/11\/la-voz-del-otro\/","name":"\"La Voz del Otro\". Charlas con escritores cordobeses - Secretar\u00eda de Extensi\u00f3n","isPartOf":{"@id":"https:\/\/ffyh.unc.edu.ar\/extension\/#website"},"primaryImageOfPage":{"@id":"https:\/\/ffyh.unc.edu.ar\/extension\/2012\/10\/11\/la-voz-del-otro\/#primaryimage"},"image":{"@id":"https:\/\/ffyh.unc.edu.ar\/extension\/2012\/10\/11\/la-voz-del-otro\/#primaryimage"},"thumbnailUrl":"https:\/\/ffyh.unc.edu.ar\/extension\/wp-content\/uploads\/sites\/2\/2012\/09\/la-voz-del-otro-web.jpg","datePublished":"2012-10-11T20:57:35+00:00","breadcrumb":{"@id":"https:\/\/ffyh.unc.edu.ar\/extension\/2012\/10\/11\/la-voz-del-otro\/#breadcrumb"},"inLanguage":"es","potentialAction":[{"@type":"ReadAction","target":["https:\/\/ffyh.unc.edu.ar\/extension\/2012\/10\/11\/la-voz-del-otro\/"]}]},{"@type":"ImageObject","inLanguage":"es","@id":"https:\/\/ffyh.unc.edu.ar\/extension\/2012\/10\/11\/la-voz-del-otro\/#primaryimage","url":"https:\/\/ffyh.unc.edu.ar\/extension\/wp-content\/uploads\/sites\/2\/2012\/09\/la-voz-del-otro-web.jpg","contentUrl":"https:\/\/ffyh.unc.edu.ar\/extension\/wp-content\/uploads\/sites\/2\/2012\/09\/la-voz-del-otro-web.jpg","width":707,"height":253},{"@type":"BreadcrumbList","@id":"https:\/\/ffyh.unc.edu.ar\/extension\/2012\/10\/11\/la-voz-del-otro\/#breadcrumb","itemListElement":[{"@type":"ListItem","position":1,"name":"Portada","item":"https:\/\/ffyh.unc.edu.ar\/extension\/"},{"@type":"ListItem","position":2,"name":"\u00abLa Voz del Otro\u00bb. Charlas con escritores cordobeses"}]},{"@type":"WebSite","@id":"https:\/\/ffyh.unc.edu.ar\/extension\/#website","url":"https:\/\/ffyh.unc.edu.ar\/extension\/","name":"Secretar\u00eda de Extensi\u00f3n","description":"Facultad de Filosof\u00eda y Humanidades - Universidad Nacional de C\u00f3rdoba","publisher":{"@id":"https:\/\/ffyh.unc.edu.ar\/extension\/#organization"},"potentialAction":[{"@type":"SearchAction","target":{"@type":"EntryPoint","urlTemplate":"https:\/\/ffyh.unc.edu.ar\/extension\/?s={search_term_string}"},"query-input":{"@type":"PropertyValueSpecification","valueRequired":true,"valueName":"search_term_string"}}],"inLanguage":"es"},{"@type":"Organization","@id":"https:\/\/ffyh.unc.edu.ar\/extension\/#organization","name":"Secretar\u00eda de Extensi\u00f3n - Facultad de Filosof\u00eda y Humanidades - Universidad Nacional de C\u00f3rdoba","url":"https:\/\/ffyh.unc.edu.ar\/extension\/","logo":{"@type":"ImageObject","inLanguage":"es","@id":"https:\/\/ffyh.unc.edu.ar\/extension\/#\/schema\/logo\/image\/","url":"https:\/\/ffyh.unc.edu.ar\/extension\/wp-content\/uploads\/sites\/2\/2018\/08\/logo-extension-chico.jpg","contentUrl":"https:\/\/ffyh.unc.edu.ar\/extension\/wp-content\/uploads\/sites\/2\/2018\/08\/logo-extension-chico.jpg","width":314,"height":119,"caption":"Secretar\u00eda de Extensi\u00f3n - Facultad de Filosof\u00eda y Humanidades - Universidad Nacional de C\u00f3rdoba"},"image":{"@id":"https:\/\/ffyh.unc.edu.ar\/extension\/#\/schema\/logo\/image\/"},"sameAs":["https:\/\/www.facebook.com\/extensionffyh","https:\/\/www.instagram.com\/extensionffyh\/","https:\/\/www.youtube.com\/channel\/UCTgN4nvMQE7ktBcgujEI-EA"]},{"@type":"Person","@id":"https:\/\/ffyh.unc.edu.ar\/extension\/#\/schema\/person\/e6b9f6aec95cb7437bb2fde09e23b224","name":"\u00c1rea de Comunicaci\u00f3n - FFyH","url":"https:\/\/ffyh.unc.edu.ar\/extension\/author\/prensa\/"}]}},"jetpack_featured_media_url":"https:\/\/ffyh.unc.edu.ar\/extension\/wp-content\/uploads\/sites\/2\/2012\/09\/la-voz-del-otro-web.jpg","_links":{"self":[{"href":"https:\/\/ffyh.unc.edu.ar\/extension\/wp-json\/wp\/v2\/posts\/486","targetHints":{"allow":["GET"]}}],"collection":[{"href":"https:\/\/ffyh.unc.edu.ar\/extension\/wp-json\/wp\/v2\/posts"}],"about":[{"href":"https:\/\/ffyh.unc.edu.ar\/extension\/wp-json\/wp\/v2\/types\/post"}],"author":[{"embeddable":true,"href":"https:\/\/ffyh.unc.edu.ar\/extension\/wp-json\/wp\/v2\/users\/2"}],"replies":[{"embeddable":true,"href":"https:\/\/ffyh.unc.edu.ar\/extension\/wp-json\/wp\/v2\/comments?post=486"}],"version-history":[{"count":0,"href":"https:\/\/ffyh.unc.edu.ar\/extension\/wp-json\/wp\/v2\/posts\/486\/revisions"}],"wp:featuredmedia":[{"embeddable":true,"href":"https:\/\/ffyh.unc.edu.ar\/extension\/wp-json\/wp\/v2\/media\/488"}],"wp:attachment":[{"href":"https:\/\/ffyh.unc.edu.ar\/extension\/wp-json\/wp\/v2\/media?parent=486"}],"wp:term":[{"taxonomy":"category","embeddable":true,"href":"https:\/\/ffyh.unc.edu.ar\/extension\/wp-json\/wp\/v2\/categories?post=486"},{"taxonomy":"post_tag","embeddable":true,"href":"https:\/\/ffyh.unc.edu.ar\/extension\/wp-json\/wp\/v2\/tags?post=486"}],"curies":[{"name":"wp","href":"https:\/\/api.w.org\/{rel}","templated":true}]}}