{"id":4881,"date":"2020-08-06T15:29:40","date_gmt":"2020-08-06T15:29:40","guid":{"rendered":"http:\/\/ffyh.unc.edu.ar\/extension\/?p=4881"},"modified":"2020-08-06T15:29:40","modified_gmt":"2020-08-06T15:29:40","slug":"hermandad-latinoamericana","status":"publish","type":"post","link":"https:\/\/ffyh.unc.edu.ar\/extension\/2020\/08\/06\/hermandad-latinoamericana\/","title":{"rendered":"Hermandad Latinoamericana"},"content":{"rendered":"<p><strong>La Secretar\u00eda de Extensi\u00f3n de la FFyH particip\u00f3 junto a organizaciones nacionales e internacionales de una actividad para ayudar con m\u00f3dulos alimenticios, limpieza e higiene a familias de refugiadxs pol\u00edticxs de Bolivia y afrodescendientes de C\u00f3rdoba.\u00a0<\/strong><\/p>\n<p>En el marco de su participaci\u00f3n en el Comit\u00e9 de Solidaridad con los Pueblos Latinoamericanos, la Secretar\u00eda de Extensi\u00f3n particip\u00f3 el lunes 3 de agosto de un operativo de entrega de m\u00f3dulos alimenticios, limpieza e higiene, una iniciativa que viene realizando la Secretar\u00eda de Derechos Humanos de la Naci\u00f3n, a trav\u00e9s de Direcci\u00f3n Nacional de Pluralismo e Interculturalidad en distintos puntos del pa\u00eds.<\/p>\n<p><img loading=\"lazy\" decoding=\"async\" class=\"alignnone wp-image-4883 size-full\" src=\"http:\/\/ffyh.unc.edu.ar\/extension\/wp-content\/uploads\/sites\/2\/2020\/08\/modulos-refugiados-3.jpg\" alt=\"\" width=\"1024\" height=\"762\" srcset=\"https:\/\/ffyh.unc.edu.ar\/extension\/wp-content\/uploads\/sites\/2\/2020\/08\/modulos-refugiados-3.jpg 1024w, https:\/\/ffyh.unc.edu.ar\/extension\/wp-content\/uploads\/sites\/2\/2020\/08\/modulos-refugiados-3-300x223.jpg 300w, https:\/\/ffyh.unc.edu.ar\/extension\/wp-content\/uploads\/sites\/2\/2020\/08\/modulos-refugiados-3-768x572.jpg 768w\" sizes=\"auto, (max-width: 1024px) 100vw, 1024px\" \/><\/p>\n<p>En el caso de C\u00f3rdoba, estas acciones buscan vehiculizar apoyos a las familias exiliadas, en condici\u00f3n de refugiadas pol\u00edticas de Bolivia, que arribaron a nuestra ciudad tras el golpe de estado en el hermano pa\u00eds.<\/p>\n<p>\u201cLa Facultad estableci\u00f3 v\u00ednculos con la Secretar\u00eda de Derechos Humanos, que viene trabajando junto al Alto Comisionado de las Naciones Unidas para los Refugiados\u00a0(ACNUR) y la Organizaci\u00f3n Internacional de Migraciones (OIM) para hacer llegar Subsidios Habitacionales y m\u00f3dulos alimentarios y de limpieza e higiene\u201d, se\u00f1al\u00f3 Virginia Carranza, subsecretaria de Extensi\u00f3n de la FFyH, quien agreg\u00f3 que \u201cCruz Roja Argentina fue la encargada de la distribuci\u00f3n a lo largo y ancho de nuestro pa\u00eds\u201d.<\/p>\n<p>Con el objetivo de que las pol\u00edticas p\u00fablicas en clave de derechos lleguen a las familias migrantes, la entrega de m\u00f3dulos se realiz\u00f3 en la sede de Familiares de Detenidos y Desaparecidos por Razones Pol\u00edticas de C\u00f3rdoba, donde confluyeron la Facultad de Filosof\u00eda y Humanidades, la Organizaci\u00f3n de Migrantes Andinos de C\u00f3rdoba (ODMACOR), el Instituto de Presencia Afro de C\u00f3rdoba (IPA), la Mesa de Trabajo por los Derechos Humanos de C\u00f3rdoba, estudiantes tesistas de la Facultad de Ciencias Sociales de la UNC, el Comit\u00e9 de Solidaridad con los Pueblos Latinoamericanos, funcionarios estatales, la UNC, y organizaciones sociales.<\/p>\n<p><img loading=\"lazy\" decoding=\"async\" class=\"alignnone size-full wp-image-4884\" src=\"http:\/\/ffyh.unc.edu.ar\/extension\/wp-content\/uploads\/sites\/2\/2020\/08\/modulos-refugiados-2-1.jpg\" alt=\"\" width=\"1024\" height=\"570\" srcset=\"https:\/\/ffyh.unc.edu.ar\/extension\/wp-content\/uploads\/sites\/2\/2020\/08\/modulos-refugiados-2-1.jpg 1024w, https:\/\/ffyh.unc.edu.ar\/extension\/wp-content\/uploads\/sites\/2\/2020\/08\/modulos-refugiados-2-1-300x167.jpg 300w, https:\/\/ffyh.unc.edu.ar\/extension\/wp-content\/uploads\/sites\/2\/2020\/08\/modulos-refugiados-2-1-768x428.jpg 768w, https:\/\/ffyh.unc.edu.ar\/extension\/wp-content\/uploads\/sites\/2\/2020\/08\/modulos-refugiados-2-1-800x445.jpg 800w\" sizes=\"auto, (max-width: 1024px) 100vw, 1024px\" \/><\/p>\n<p>Desde Extensi\u00f3n destacaron tambi\u00e9n el trabajo conjunto que se viene realizando con el Instituto de la Presencia Afro de C\u00f3rdoba (IPA) en diferentes acciones vinculadas a garantizar el ejercicio de derechos de personas migrantes y su inclusi\u00f3n en la comunidad cordobesa.<\/p>\n","protected":false},"excerpt":{"rendered":"<p>La Secretar\u00eda de Extensi\u00f3n de la FFyH particip\u00f3 junto a organizaciones nacionales e internacionales de una actividad para ayudar con<\/p>\n","protected":false},"author":3,"featured_media":4882,"comment_status":"closed","ping_status":"closed","sticky":false,"template":"","format":"standard","meta":{"_acf_changed":false,"colormag_page_container_layout":"default_layout","colormag_page_sidebar_layout":"default_layout","footnotes":""},"categories":[27,12],"tags":[28],"class_list":["post-4881","post","type-post","status-publish","format-standard","has-post-thumbnail","hentry","category-experiencias-en-territorio","category-noticias","tag-registro-de-experiencias"],"acf":[],"yoast_head":"<!-- This site is optimized with the Yoast SEO plugin v27.1.1 - https:\/\/yoast.com\/product\/yoast-seo-wordpress\/ -->\n<title>Hermandad Latinoamericana - Secretar\u00eda de Extensi\u00f3n<\/title>\n<meta name=\"robots\" content=\"index, follow, max-snippet:-1, max-image-preview:large, max-video-preview:-1\" \/>\n<link rel=\"canonical\" href=\"https:\/\/ffyh.unc.edu.ar\/extension\/2020\/08\/06\/hermandad-latinoamericana\/\" \/>\n<meta property=\"og:locale\" content=\"es_ES\" \/>\n<meta property=\"og:type\" content=\"article\" \/>\n<meta property=\"og:title\" content=\"Hermandad Latinoamericana - Secretar\u00eda de Extensi\u00f3n\" \/>\n<meta property=\"og:description\" content=\"La Secretar\u00eda de Extensi\u00f3n de la FFyH particip\u00f3 junto a organizaciones nacionales e internacionales de una actividad para ayudar con\" \/>\n<meta property=\"og:url\" content=\"https:\/\/ffyh.unc.edu.ar\/extension\/2020\/08\/06\/hermandad-latinoamericana\/\" \/>\n<meta property=\"og:site_name\" content=\"Secretar\u00eda de Extensi\u00f3n\" \/>\n<meta property=\"article:publisher\" content=\"https:\/\/www.facebook.com\/extensionffyh\" \/>\n<meta property=\"article:published_time\" content=\"2020-08-06T15:29:40+00:00\" \/>\n<meta property=\"og:image\" content=\"https:\/\/ffyh.unc.edu.ar\/extension\/wp-content\/uploads\/sites\/2\/2020\/08\/modulos-refugiados-2.jpg\" \/>\n\t<meta property=\"og:image:width\" content=\"1024\" \/>\n\t<meta property=\"og:image:height\" content=\"570\" \/>\n\t<meta property=\"og:image:type\" content=\"image\/jpeg\" \/>\n<meta name=\"author\" content=\"extension\" \/>\n<meta name=\"twitter:card\" content=\"summary_large_image\" \/>\n<meta name=\"twitter:label1\" content=\"Escrito por\" \/>\n\t<meta name=\"twitter:data1\" content=\"\" \/>\n\t<meta name=\"twitter:label2\" content=\"Tiempo de lectura\" \/>\n\t<meta name=\"twitter:data2\" content=\"2 minutos\" \/>\n<script type=\"application\/ld+json\" class=\"yoast-schema-graph\">{\"@context\":\"https:\/\/schema.org\",\"@graph\":[{\"@type\":\"Article\",\"@id\":\"https:\/\/ffyh.unc.edu.ar\/extension\/2020\/08\/06\/hermandad-latinoamericana\/#article\",\"isPartOf\":{\"@id\":\"https:\/\/ffyh.unc.edu.ar\/extension\/2020\/08\/06\/hermandad-latinoamericana\/\"},\"author\":{\"name\":\"extension\",\"@id\":\"https:\/\/ffyh.unc.edu.ar\/extension\/#\/schema\/person\/c429cdff3a192a7081944182246c3689\"},\"headline\":\"Hermandad Latinoamericana\",\"datePublished\":\"2020-08-06T15:29:40+00:00\",\"mainEntityOfPage\":{\"@id\":\"https:\/\/ffyh.unc.edu.ar\/extension\/2020\/08\/06\/hermandad-latinoamericana\/\"},\"wordCount\":387,\"publisher\":{\"@id\":\"https:\/\/ffyh.unc.edu.ar\/extension\/#organization\"},\"image\":{\"@id\":\"https:\/\/ffyh.unc.edu.ar\/extension\/2020\/08\/06\/hermandad-latinoamericana\/#primaryimage\"},\"thumbnailUrl\":\"https:\/\/ffyh.unc.edu.ar\/extension\/wp-content\/uploads\/sites\/2\/2020\/08\/modulos-refugiados-2.jpg\",\"keywords\":[\"Registro de experiencias\"],\"articleSection\":[\"Experiencias en territorio\",\"Noticias\"],\"inLanguage\":\"es\"},{\"@type\":\"WebPage\",\"@id\":\"https:\/\/ffyh.unc.edu.ar\/extension\/2020\/08\/06\/hermandad-latinoamericana\/\",\"url\":\"https:\/\/ffyh.unc.edu.ar\/extension\/2020\/08\/06\/hermandad-latinoamericana\/\",\"name\":\"Hermandad Latinoamericana - Secretar\u00eda de Extensi\u00f3n\",\"isPartOf\":{\"@id\":\"https:\/\/ffyh.unc.edu.ar\/extension\/#website\"},\"primaryImageOfPage\":{\"@id\":\"https:\/\/ffyh.unc.edu.ar\/extension\/2020\/08\/06\/hermandad-latinoamericana\/#primaryimage\"},\"image\":{\"@id\":\"https:\/\/ffyh.unc.edu.ar\/extension\/2020\/08\/06\/hermandad-latinoamericana\/#primaryimage\"},\"thumbnailUrl\":\"https:\/\/ffyh.unc.edu.ar\/extension\/wp-content\/uploads\/sites\/2\/2020\/08\/modulos-refugiados-2.jpg\",\"datePublished\":\"2020-08-06T15:29:40+00:00\",\"breadcrumb\":{\"@id\":\"https:\/\/ffyh.unc.edu.ar\/extension\/2020\/08\/06\/hermandad-latinoamericana\/#breadcrumb\"},\"inLanguage\":\"es\",\"potentialAction\":[{\"@type\":\"ReadAction\",\"target\":[\"https:\/\/ffyh.unc.edu.ar\/extension\/2020\/08\/06\/hermandad-latinoamericana\/\"]}]},{\"@type\":\"ImageObject\",\"inLanguage\":\"es\",\"@id\":\"https:\/\/ffyh.unc.edu.ar\/extension\/2020\/08\/06\/hermandad-latinoamericana\/#primaryimage\",\"url\":\"https:\/\/ffyh.unc.edu.ar\/extension\/wp-content\/uploads\/sites\/2\/2020\/08\/modulos-refugiados-2.jpg\",\"contentUrl\":\"https:\/\/ffyh.unc.edu.ar\/extension\/wp-content\/uploads\/sites\/2\/2020\/08\/modulos-refugiados-2.jpg\",\"width\":1024,\"height\":570},{\"@type\":\"BreadcrumbList\",\"@id\":\"https:\/\/ffyh.unc.edu.ar\/extension\/2020\/08\/06\/hermandad-latinoamericana\/#breadcrumb\",\"itemListElement\":[{\"@type\":\"ListItem\",\"position\":1,\"name\":\"Portada\",\"item\":\"https:\/\/ffyh.unc.edu.ar\/extension\/\"},{\"@type\":\"ListItem\",\"position\":2,\"name\":\"Hermandad Latinoamericana\"}]},{\"@type\":\"WebSite\",\"@id\":\"https:\/\/ffyh.unc.edu.ar\/extension\/#website\",\"url\":\"https:\/\/ffyh.unc.edu.ar\/extension\/\",\"name\":\"Secretar\u00eda de Extensi\u00f3n\",\"description\":\"Facultad de Filosof\u00eda y Humanidades - Universidad Nacional de C\u00f3rdoba\",\"publisher\":{\"@id\":\"https:\/\/ffyh.unc.edu.ar\/extension\/#organization\"},\"potentialAction\":[{\"@type\":\"SearchAction\",\"target\":{\"@type\":\"EntryPoint\",\"urlTemplate\":\"https:\/\/ffyh.unc.edu.ar\/extension\/?s={search_term_string}\"},\"query-input\":{\"@type\":\"PropertyValueSpecification\",\"valueRequired\":true,\"valueName\":\"search_term_string\"}}],\"inLanguage\":\"es\"},{\"@type\":\"Organization\",\"@id\":\"https:\/\/ffyh.unc.edu.ar\/extension\/#organization\",\"name\":\"Secretar\u00eda de Extensi\u00f3n - Facultad de Filosof\u00eda y Humanidades - Universidad Nacional de C\u00f3rdoba\",\"url\":\"https:\/\/ffyh.unc.edu.ar\/extension\/\",\"logo\":{\"@type\":\"ImageObject\",\"inLanguage\":\"es\",\"@id\":\"https:\/\/ffyh.unc.edu.ar\/extension\/#\/schema\/logo\/image\/\",\"url\":\"https:\/\/ffyh.unc.edu.ar\/extension\/wp-content\/uploads\/sites\/2\/2018\/08\/logo-extension-chico.jpg\",\"contentUrl\":\"https:\/\/ffyh.unc.edu.ar\/extension\/wp-content\/uploads\/sites\/2\/2018\/08\/logo-extension-chico.jpg\",\"width\":314,\"height\":119,\"caption\":\"Secretar\u00eda de Extensi\u00f3n - Facultad de Filosof\u00eda y Humanidades - Universidad Nacional de C\u00f3rdoba\"},\"image\":{\"@id\":\"https:\/\/ffyh.unc.edu.ar\/extension\/#\/schema\/logo\/image\/\"},\"sameAs\":[\"https:\/\/www.facebook.com\/extensionffyh\",\"https:\/\/www.instagram.com\/extensionffyh\/\",\"https:\/\/www.youtube.com\/channel\/UCTgN4nvMQE7ktBcgujEI-EA\"]},{\"@type\":\"Person\",\"@id\":\"https:\/\/ffyh.unc.edu.ar\/extension\/#\/schema\/person\/c429cdff3a192a7081944182246c3689\",\"name\":\"extension\",\"url\":\"https:\/\/ffyh.unc.edu.ar\/extension\/author\/extension\/\"}]}<\/script>\n<!-- \/ Yoast SEO plugin. -->","yoast_head_json":{"title":"Hermandad Latinoamericana - Secretar\u00eda de Extensi\u00f3n","robots":{"index":"index","follow":"follow","max-snippet":"max-snippet:-1","max-image-preview":"max-image-preview:large","max-video-preview":"max-video-preview:-1"},"canonical":"https:\/\/ffyh.unc.edu.ar\/extension\/2020\/08\/06\/hermandad-latinoamericana\/","og_locale":"es_ES","og_type":"article","og_title":"Hermandad Latinoamericana - Secretar\u00eda de Extensi\u00f3n","og_description":"La Secretar\u00eda de Extensi\u00f3n de la FFyH particip\u00f3 junto a organizaciones nacionales e internacionales de una actividad para ayudar con","og_url":"https:\/\/ffyh.unc.edu.ar\/extension\/2020\/08\/06\/hermandad-latinoamericana\/","og_site_name":"Secretar\u00eda de Extensi\u00f3n","article_publisher":"https:\/\/www.facebook.com\/extensionffyh","article_published_time":"2020-08-06T15:29:40+00:00","og_image":[{"width":1024,"height":570,"url":"https:\/\/ffyh.unc.edu.ar\/extension\/wp-content\/uploads\/sites\/2\/2020\/08\/modulos-refugiados-2.jpg","type":"image\/jpeg"}],"author":"extension","twitter_card":"summary_large_image","twitter_misc":{"Escrito por":false,"Tiempo de lectura":"2 minutos"},"schema":{"@context":"https:\/\/schema.org","@graph":[{"@type":"Article","@id":"https:\/\/ffyh.unc.edu.ar\/extension\/2020\/08\/06\/hermandad-latinoamericana\/#article","isPartOf":{"@id":"https:\/\/ffyh.unc.edu.ar\/extension\/2020\/08\/06\/hermandad-latinoamericana\/"},"author":{"name":"extension","@id":"https:\/\/ffyh.unc.edu.ar\/extension\/#\/schema\/person\/c429cdff3a192a7081944182246c3689"},"headline":"Hermandad Latinoamericana","datePublished":"2020-08-06T15:29:40+00:00","mainEntityOfPage":{"@id":"https:\/\/ffyh.unc.edu.ar\/extension\/2020\/08\/06\/hermandad-latinoamericana\/"},"wordCount":387,"publisher":{"@id":"https:\/\/ffyh.unc.edu.ar\/extension\/#organization"},"image":{"@id":"https:\/\/ffyh.unc.edu.ar\/extension\/2020\/08\/06\/hermandad-latinoamericana\/#primaryimage"},"thumbnailUrl":"https:\/\/ffyh.unc.edu.ar\/extension\/wp-content\/uploads\/sites\/2\/2020\/08\/modulos-refugiados-2.jpg","keywords":["Registro de experiencias"],"articleSection":["Experiencias en territorio","Noticias"],"inLanguage":"es"},{"@type":"WebPage","@id":"https:\/\/ffyh.unc.edu.ar\/extension\/2020\/08\/06\/hermandad-latinoamericana\/","url":"https:\/\/ffyh.unc.edu.ar\/extension\/2020\/08\/06\/hermandad-latinoamericana\/","name":"Hermandad Latinoamericana - Secretar\u00eda de Extensi\u00f3n","isPartOf":{"@id":"https:\/\/ffyh.unc.edu.ar\/extension\/#website"},"primaryImageOfPage":{"@id":"https:\/\/ffyh.unc.edu.ar\/extension\/2020\/08\/06\/hermandad-latinoamericana\/#primaryimage"},"image":{"@id":"https:\/\/ffyh.unc.edu.ar\/extension\/2020\/08\/06\/hermandad-latinoamericana\/#primaryimage"},"thumbnailUrl":"https:\/\/ffyh.unc.edu.ar\/extension\/wp-content\/uploads\/sites\/2\/2020\/08\/modulos-refugiados-2.jpg","datePublished":"2020-08-06T15:29:40+00:00","breadcrumb":{"@id":"https:\/\/ffyh.unc.edu.ar\/extension\/2020\/08\/06\/hermandad-latinoamericana\/#breadcrumb"},"inLanguage":"es","potentialAction":[{"@type":"ReadAction","target":["https:\/\/ffyh.unc.edu.ar\/extension\/2020\/08\/06\/hermandad-latinoamericana\/"]}]},{"@type":"ImageObject","inLanguage":"es","@id":"https:\/\/ffyh.unc.edu.ar\/extension\/2020\/08\/06\/hermandad-latinoamericana\/#primaryimage","url":"https:\/\/ffyh.unc.edu.ar\/extension\/wp-content\/uploads\/sites\/2\/2020\/08\/modulos-refugiados-2.jpg","contentUrl":"https:\/\/ffyh.unc.edu.ar\/extension\/wp-content\/uploads\/sites\/2\/2020\/08\/modulos-refugiados-2.jpg","width":1024,"height":570},{"@type":"BreadcrumbList","@id":"https:\/\/ffyh.unc.edu.ar\/extension\/2020\/08\/06\/hermandad-latinoamericana\/#breadcrumb","itemListElement":[{"@type":"ListItem","position":1,"name":"Portada","item":"https:\/\/ffyh.unc.edu.ar\/extension\/"},{"@type":"ListItem","position":2,"name":"Hermandad Latinoamericana"}]},{"@type":"WebSite","@id":"https:\/\/ffyh.unc.edu.ar\/extension\/#website","url":"https:\/\/ffyh.unc.edu.ar\/extension\/","name":"Secretar\u00eda de Extensi\u00f3n","description":"Facultad de Filosof\u00eda y Humanidades - Universidad Nacional de C\u00f3rdoba","publisher":{"@id":"https:\/\/ffyh.unc.edu.ar\/extension\/#organization"},"potentialAction":[{"@type":"SearchAction","target":{"@type":"EntryPoint","urlTemplate":"https:\/\/ffyh.unc.edu.ar\/extension\/?s={search_term_string}"},"query-input":{"@type":"PropertyValueSpecification","valueRequired":true,"valueName":"search_term_string"}}],"inLanguage":"es"},{"@type":"Organization","@id":"https:\/\/ffyh.unc.edu.ar\/extension\/#organization","name":"Secretar\u00eda de Extensi\u00f3n - Facultad de Filosof\u00eda y Humanidades - Universidad Nacional de C\u00f3rdoba","url":"https:\/\/ffyh.unc.edu.ar\/extension\/","logo":{"@type":"ImageObject","inLanguage":"es","@id":"https:\/\/ffyh.unc.edu.ar\/extension\/#\/schema\/logo\/image\/","url":"https:\/\/ffyh.unc.edu.ar\/extension\/wp-content\/uploads\/sites\/2\/2018\/08\/logo-extension-chico.jpg","contentUrl":"https:\/\/ffyh.unc.edu.ar\/extension\/wp-content\/uploads\/sites\/2\/2018\/08\/logo-extension-chico.jpg","width":314,"height":119,"caption":"Secretar\u00eda de Extensi\u00f3n - Facultad de Filosof\u00eda y Humanidades - Universidad Nacional de C\u00f3rdoba"},"image":{"@id":"https:\/\/ffyh.unc.edu.ar\/extension\/#\/schema\/logo\/image\/"},"sameAs":["https:\/\/www.facebook.com\/extensionffyh","https:\/\/www.instagram.com\/extensionffyh\/","https:\/\/www.youtube.com\/channel\/UCTgN4nvMQE7ktBcgujEI-EA"]},{"@type":"Person","@id":"https:\/\/ffyh.unc.edu.ar\/extension\/#\/schema\/person\/c429cdff3a192a7081944182246c3689","name":"extension","url":"https:\/\/ffyh.unc.edu.ar\/extension\/author\/extension\/"}]}},"jetpack_featured_media_url":"https:\/\/ffyh.unc.edu.ar\/extension\/wp-content\/uploads\/sites\/2\/2020\/08\/modulos-refugiados-2.jpg","_links":{"self":[{"href":"https:\/\/ffyh.unc.edu.ar\/extension\/wp-json\/wp\/v2\/posts\/4881","targetHints":{"allow":["GET"]}}],"collection":[{"href":"https:\/\/ffyh.unc.edu.ar\/extension\/wp-json\/wp\/v2\/posts"}],"about":[{"href":"https:\/\/ffyh.unc.edu.ar\/extension\/wp-json\/wp\/v2\/types\/post"}],"author":[{"embeddable":true,"href":"https:\/\/ffyh.unc.edu.ar\/extension\/wp-json\/wp\/v2\/users\/3"}],"replies":[{"embeddable":true,"href":"https:\/\/ffyh.unc.edu.ar\/extension\/wp-json\/wp\/v2\/comments?post=4881"}],"version-history":[{"count":1,"href":"https:\/\/ffyh.unc.edu.ar\/extension\/wp-json\/wp\/v2\/posts\/4881\/revisions"}],"predecessor-version":[{"id":4885,"href":"https:\/\/ffyh.unc.edu.ar\/extension\/wp-json\/wp\/v2\/posts\/4881\/revisions\/4885"}],"wp:featuredmedia":[{"embeddable":true,"href":"https:\/\/ffyh.unc.edu.ar\/extension\/wp-json\/wp\/v2\/media\/4882"}],"wp:attachment":[{"href":"https:\/\/ffyh.unc.edu.ar\/extension\/wp-json\/wp\/v2\/media?parent=4881"}],"wp:term":[{"taxonomy":"category","embeddable":true,"href":"https:\/\/ffyh.unc.edu.ar\/extension\/wp-json\/wp\/v2\/categories?post=4881"},{"taxonomy":"post_tag","embeddable":true,"href":"https:\/\/ffyh.unc.edu.ar\/extension\/wp-json\/wp\/v2\/tags?post=4881"}],"curies":[{"name":"wp","href":"https:\/\/api.w.org\/{rel}","templated":true}]}}