{"id":4937,"date":"2020-09-28T14:34:47","date_gmt":"2020-09-28T14:34:47","guid":{"rendered":"http:\/\/ffyh.unc.edu.ar\/extension\/?p=4937"},"modified":"2020-10-26T15:49:55","modified_gmt":"2020-10-26T15:49:55","slug":"la-dimension-grupal-de-las-practicas-educativas-en-los-nuevos-escenarios-educativos","status":"publish","type":"post","link":"https:\/\/ffyh.unc.edu.ar\/extension\/2020\/09\/28\/la-dimension-grupal-de-las-practicas-educativas-en-los-nuevos-escenarios-educativos\/","title":{"rendered":"La dimensi\u00f3n grupal de las pr\u00e1cticas educativas en los nuevos escenarios educativos"},"content":{"rendered":"<h4><span style=\"color: #008000\"><strong>SUSPENDIDO<\/strong><\/span><\/h4>\n<p>La Secretar\u00eda de Extensi\u00f3n de la Facultad de Filosof\u00eda y Humanidades de la UNC invita a participar del curso de Formaci\u00f3n Docente <strong>La dimensi\u00f3n grupal de las pr\u00e1cticas educativas en los nuevos escenarios educativos<\/strong>.<\/p>\n<p><strong>Sin puntaje docente<\/strong><\/p>\n<p>Modalidad\u00a0<strong>VIRTUAL<\/strong><\/p>\n<p><strong>Docentxs:<\/strong> Sol Eva Gal\u00e1n, Gabriela Gonz\u00e1lez Brizuela y Julieta Guti\u00e9rrez<\/p>\n<p><strong>Destinatarixs: <\/strong>Docentxs de todos los niveles<\/p>\n<p>-Personal a cargo de grupos escolares (preceptorxs, coordinadorxs<br \/>\nde curso, equipos directivos, talleristxs, docentxs de jornada extendida)<\/p>\n<p>-Trabajadorxs dexespacios educativos no formales (talleristxs, docentxs de apoyo escolar)<\/p>\n<p>-Abierto a p\u00fablico interesadx en profundizar sobre la tem\u00e1tica<\/p>\n<p><strong>Inicia:<\/strong> viernes 30 de octubre<\/p>\n<p><strong>Finaliza:<\/strong> viernes 20 de noviembre<\/p>\n<p><strong>Horario:<\/strong> 16 a 18<\/p>\n<p><strong>Costo total: <\/strong>$1500<\/p>\n<p>&nbsp;<\/p>\n<p><a href=\"http:\/\/ffyh.unc.edu.ar\/extension\/wp-content\/uploads\/sites\/2\/2020\/09\/f_ladimensiongrupal-convertido-convertido.pdf\" target=\"_blank\" rel=\"noopener noreferrer\"><strong>Descargar m\u00e1s informaci\u00f3n<\/strong><\/a><\/p>\n<p>&nbsp;<\/p>\n","protected":false},"excerpt":{"rendered":"<p>SUSPENDIDO La Secretar\u00eda de Extensi\u00f3n de la Facultad de Filosof\u00eda y Humanidades de la UNC invita a participar del curso<\/p>\n","protected":false},"author":3,"featured_media":4944,"comment_status":"closed","ping_status":"closed","sticky":false,"template":"","format":"standard","meta":{"_acf_changed":false,"colormag_page_container_layout":"default_layout","colormag_page_sidebar_layout":"default_layout","footnotes":""},"categories":[8,12],"tags":[],"class_list":["post-4937","post","type-post","status-publish","format-standard","has-post-thumbnail","hentry","category-formacion-continua","category-noticias"],"acf":[],"yoast_head":"<!-- This site is optimized with the Yoast SEO plugin v27.1.1 - https:\/\/yoast.com\/product\/yoast-seo-wordpress\/ -->\n<title>La dimensi\u00f3n grupal de las pr\u00e1cticas educativas en los nuevos escenarios educativos - Secretar\u00eda de Extensi\u00f3n<\/title>\n<meta name=\"robots\" content=\"index, follow, max-snippet:-1, max-image-preview:large, max-video-preview:-1\" \/>\n<link rel=\"canonical\" href=\"https:\/\/ffyh.unc.edu.ar\/extension\/2020\/09\/28\/la-dimension-grupal-de-las-practicas-educativas-en-los-nuevos-escenarios-educativos\/\" \/>\n<meta property=\"og:locale\" content=\"es_ES\" \/>\n<meta property=\"og:type\" content=\"article\" \/>\n<meta property=\"og:title\" content=\"La dimensi\u00f3n grupal de las pr\u00e1cticas educativas en los nuevos escenarios educativos - Secretar\u00eda de Extensi\u00f3n\" \/>\n<meta property=\"og:description\" content=\"SUSPENDIDO La Secretar\u00eda de Extensi\u00f3n de la Facultad de Filosof\u00eda y Humanidades de la UNC invita a participar del curso\" \/>\n<meta property=\"og:url\" content=\"https:\/\/ffyh.unc.edu.ar\/extension\/2020\/09\/28\/la-dimension-grupal-de-las-practicas-educativas-en-los-nuevos-escenarios-educativos\/\" \/>\n<meta property=\"og:site_name\" content=\"Secretar\u00eda de Extensi\u00f3n\" \/>\n<meta property=\"article:publisher\" content=\"https:\/\/www.facebook.com\/extensionffyh\" \/>\n<meta property=\"article:published_time\" content=\"2020-09-28T14:34:47+00:00\" \/>\n<meta property=\"article:modified_time\" content=\"2020-10-26T15:49:55+00:00\" \/>\n<meta property=\"og:image\" content=\"https:\/\/ffyh.unc.edu.ar\/extension\/wp-content\/uploads\/sites\/2\/2020\/09\/flyer_la-demension-grupal-corregido.jpeg\" \/>\n\t<meta property=\"og:image:width\" content=\"1280\" \/>\n\t<meta property=\"og:image:height\" content=\"1280\" \/>\n\t<meta property=\"og:image:type\" content=\"image\/jpeg\" \/>\n<meta name=\"author\" content=\"extension\" \/>\n<meta name=\"twitter:card\" content=\"summary_large_image\" \/>\n<meta name=\"twitter:label1\" content=\"Escrito por\" \/>\n\t<meta name=\"twitter:data1\" content=\"\" \/>\n\t<meta name=\"twitter:label2\" content=\"Tiempo de lectura\" \/>\n\t<meta name=\"twitter:data2\" content=\"1 minuto\" \/>\n<script type=\"application\/ld+json\" class=\"yoast-schema-graph\">{\"@context\":\"https:\/\/schema.org\",\"@graph\":[{\"@type\":\"Article\",\"@id\":\"https:\/\/ffyh.unc.edu.ar\/extension\/2020\/09\/28\/la-dimension-grupal-de-las-practicas-educativas-en-los-nuevos-escenarios-educativos\/#article\",\"isPartOf\":{\"@id\":\"https:\/\/ffyh.unc.edu.ar\/extension\/2020\/09\/28\/la-dimension-grupal-de-las-practicas-educativas-en-los-nuevos-escenarios-educativos\/\"},\"author\":{\"name\":\"extension\",\"@id\":\"https:\/\/ffyh.unc.edu.ar\/extension\/#\/schema\/person\/c429cdff3a192a7081944182246c3689\"},\"headline\":\"La dimensi\u00f3n grupal de las pr\u00e1cticas educativas en los nuevos escenarios educativos\",\"datePublished\":\"2020-09-28T14:34:47+00:00\",\"dateModified\":\"2020-10-26T15:49:55+00:00\",\"mainEntityOfPage\":{\"@id\":\"https:\/\/ffyh.unc.edu.ar\/extension\/2020\/09\/28\/la-dimension-grupal-de-las-practicas-educativas-en-los-nuevos-escenarios-educativos\/\"},\"wordCount\":136,\"publisher\":{\"@id\":\"https:\/\/ffyh.unc.edu.ar\/extension\/#organization\"},\"image\":{\"@id\":\"https:\/\/ffyh.unc.edu.ar\/extension\/2020\/09\/28\/la-dimension-grupal-de-las-practicas-educativas-en-los-nuevos-escenarios-educativos\/#primaryimage\"},\"thumbnailUrl\":\"https:\/\/ffyh.unc.edu.ar\/extension\/wp-content\/uploads\/sites\/2\/2020\/09\/flyer_la-demension-grupal-corregido.jpeg\",\"articleSection\":[\"Formaci\u00f3n Continua\",\"Noticias\"],\"inLanguage\":\"es\"},{\"@type\":\"WebPage\",\"@id\":\"https:\/\/ffyh.unc.edu.ar\/extension\/2020\/09\/28\/la-dimension-grupal-de-las-practicas-educativas-en-los-nuevos-escenarios-educativos\/\",\"url\":\"https:\/\/ffyh.unc.edu.ar\/extension\/2020\/09\/28\/la-dimension-grupal-de-las-practicas-educativas-en-los-nuevos-escenarios-educativos\/\",\"name\":\"La dimensi\u00f3n grupal de las pr\u00e1cticas educativas en los nuevos escenarios educativos - Secretar\u00eda de Extensi\u00f3n\",\"isPartOf\":{\"@id\":\"https:\/\/ffyh.unc.edu.ar\/extension\/#website\"},\"primaryImageOfPage\":{\"@id\":\"https:\/\/ffyh.unc.edu.ar\/extension\/2020\/09\/28\/la-dimension-grupal-de-las-practicas-educativas-en-los-nuevos-escenarios-educativos\/#primaryimage\"},\"image\":{\"@id\":\"https:\/\/ffyh.unc.edu.ar\/extension\/2020\/09\/28\/la-dimension-grupal-de-las-practicas-educativas-en-los-nuevos-escenarios-educativos\/#primaryimage\"},\"thumbnailUrl\":\"https:\/\/ffyh.unc.edu.ar\/extension\/wp-content\/uploads\/sites\/2\/2020\/09\/flyer_la-demension-grupal-corregido.jpeg\",\"datePublished\":\"2020-09-28T14:34:47+00:00\",\"dateModified\":\"2020-10-26T15:49:55+00:00\",\"breadcrumb\":{\"@id\":\"https:\/\/ffyh.unc.edu.ar\/extension\/2020\/09\/28\/la-dimension-grupal-de-las-practicas-educativas-en-los-nuevos-escenarios-educativos\/#breadcrumb\"},\"inLanguage\":\"es\",\"potentialAction\":[{\"@type\":\"ReadAction\",\"target\":[\"https:\/\/ffyh.unc.edu.ar\/extension\/2020\/09\/28\/la-dimension-grupal-de-las-practicas-educativas-en-los-nuevos-escenarios-educativos\/\"]}]},{\"@type\":\"ImageObject\",\"inLanguage\":\"es\",\"@id\":\"https:\/\/ffyh.unc.edu.ar\/extension\/2020\/09\/28\/la-dimension-grupal-de-las-practicas-educativas-en-los-nuevos-escenarios-educativos\/#primaryimage\",\"url\":\"https:\/\/ffyh.unc.edu.ar\/extension\/wp-content\/uploads\/sites\/2\/2020\/09\/flyer_la-demension-grupal-corregido.jpeg\",\"contentUrl\":\"https:\/\/ffyh.unc.edu.ar\/extension\/wp-content\/uploads\/sites\/2\/2020\/09\/flyer_la-demension-grupal-corregido.jpeg\",\"width\":1280,\"height\":1280},{\"@type\":\"BreadcrumbList\",\"@id\":\"https:\/\/ffyh.unc.edu.ar\/extension\/2020\/09\/28\/la-dimension-grupal-de-las-practicas-educativas-en-los-nuevos-escenarios-educativos\/#breadcrumb\",\"itemListElement\":[{\"@type\":\"ListItem\",\"position\":1,\"name\":\"Portada\",\"item\":\"https:\/\/ffyh.unc.edu.ar\/extension\/\"},{\"@type\":\"ListItem\",\"position\":2,\"name\":\"La dimensi\u00f3n grupal de las pr\u00e1cticas educativas en los nuevos escenarios educativos\"}]},{\"@type\":\"WebSite\",\"@id\":\"https:\/\/ffyh.unc.edu.ar\/extension\/#website\",\"url\":\"https:\/\/ffyh.unc.edu.ar\/extension\/\",\"name\":\"Secretar\u00eda de Extensi\u00f3n\",\"description\":\"Facultad de Filosof\u00eda y Humanidades - Universidad Nacional de C\u00f3rdoba\",\"publisher\":{\"@id\":\"https:\/\/ffyh.unc.edu.ar\/extension\/#organization\"},\"potentialAction\":[{\"@type\":\"SearchAction\",\"target\":{\"@type\":\"EntryPoint\",\"urlTemplate\":\"https:\/\/ffyh.unc.edu.ar\/extension\/?s={search_term_string}\"},\"query-input\":{\"@type\":\"PropertyValueSpecification\",\"valueRequired\":true,\"valueName\":\"search_term_string\"}}],\"inLanguage\":\"es\"},{\"@type\":\"Organization\",\"@id\":\"https:\/\/ffyh.unc.edu.ar\/extension\/#organization\",\"name\":\"Secretar\u00eda de Extensi\u00f3n - Facultad de Filosof\u00eda y Humanidades - Universidad Nacional de C\u00f3rdoba\",\"url\":\"https:\/\/ffyh.unc.edu.ar\/extension\/\",\"logo\":{\"@type\":\"ImageObject\",\"inLanguage\":\"es\",\"@id\":\"https:\/\/ffyh.unc.edu.ar\/extension\/#\/schema\/logo\/image\/\",\"url\":\"https:\/\/ffyh.unc.edu.ar\/extension\/wp-content\/uploads\/sites\/2\/2018\/08\/logo-extension-chico.jpg\",\"contentUrl\":\"https:\/\/ffyh.unc.edu.ar\/extension\/wp-content\/uploads\/sites\/2\/2018\/08\/logo-extension-chico.jpg\",\"width\":314,\"height\":119,\"caption\":\"Secretar\u00eda de Extensi\u00f3n - Facultad de Filosof\u00eda y Humanidades - Universidad Nacional de C\u00f3rdoba\"},\"image\":{\"@id\":\"https:\/\/ffyh.unc.edu.ar\/extension\/#\/schema\/logo\/image\/\"},\"sameAs\":[\"https:\/\/www.facebook.com\/extensionffyh\",\"https:\/\/www.instagram.com\/extensionffyh\/\",\"https:\/\/www.youtube.com\/channel\/UCTgN4nvMQE7ktBcgujEI-EA\"]},{\"@type\":\"Person\",\"@id\":\"https:\/\/ffyh.unc.edu.ar\/extension\/#\/schema\/person\/c429cdff3a192a7081944182246c3689\",\"name\":\"extension\",\"url\":\"https:\/\/ffyh.unc.edu.ar\/extension\/author\/extension\/\"}]}<\/script>\n<!-- \/ Yoast SEO plugin. -->","yoast_head_json":{"title":"La dimensi\u00f3n grupal de las pr\u00e1cticas educativas en los nuevos escenarios educativos - Secretar\u00eda de Extensi\u00f3n","robots":{"index":"index","follow":"follow","max-snippet":"max-snippet:-1","max-image-preview":"max-image-preview:large","max-video-preview":"max-video-preview:-1"},"canonical":"https:\/\/ffyh.unc.edu.ar\/extension\/2020\/09\/28\/la-dimension-grupal-de-las-practicas-educativas-en-los-nuevos-escenarios-educativos\/","og_locale":"es_ES","og_type":"article","og_title":"La dimensi\u00f3n grupal de las pr\u00e1cticas educativas en los nuevos escenarios educativos - Secretar\u00eda de Extensi\u00f3n","og_description":"SUSPENDIDO La Secretar\u00eda de Extensi\u00f3n de la Facultad de Filosof\u00eda y Humanidades de la UNC invita a participar del curso","og_url":"https:\/\/ffyh.unc.edu.ar\/extension\/2020\/09\/28\/la-dimension-grupal-de-las-practicas-educativas-en-los-nuevos-escenarios-educativos\/","og_site_name":"Secretar\u00eda de Extensi\u00f3n","article_publisher":"https:\/\/www.facebook.com\/extensionffyh","article_published_time":"2020-09-28T14:34:47+00:00","article_modified_time":"2020-10-26T15:49:55+00:00","og_image":[{"width":1280,"height":1280,"url":"https:\/\/ffyh.unc.edu.ar\/extension\/wp-content\/uploads\/sites\/2\/2020\/09\/flyer_la-demension-grupal-corregido.jpeg","type":"image\/jpeg"}],"author":"extension","twitter_card":"summary_large_image","twitter_misc":{"Escrito por":false,"Tiempo de lectura":"1 minuto"},"schema":{"@context":"https:\/\/schema.org","@graph":[{"@type":"Article","@id":"https:\/\/ffyh.unc.edu.ar\/extension\/2020\/09\/28\/la-dimension-grupal-de-las-practicas-educativas-en-los-nuevos-escenarios-educativos\/#article","isPartOf":{"@id":"https:\/\/ffyh.unc.edu.ar\/extension\/2020\/09\/28\/la-dimension-grupal-de-las-practicas-educativas-en-los-nuevos-escenarios-educativos\/"},"author":{"name":"extension","@id":"https:\/\/ffyh.unc.edu.ar\/extension\/#\/schema\/person\/c429cdff3a192a7081944182246c3689"},"headline":"La dimensi\u00f3n grupal de las pr\u00e1cticas educativas en los nuevos escenarios educativos","datePublished":"2020-09-28T14:34:47+00:00","dateModified":"2020-10-26T15:49:55+00:00","mainEntityOfPage":{"@id":"https:\/\/ffyh.unc.edu.ar\/extension\/2020\/09\/28\/la-dimension-grupal-de-las-practicas-educativas-en-los-nuevos-escenarios-educativos\/"},"wordCount":136,"publisher":{"@id":"https:\/\/ffyh.unc.edu.ar\/extension\/#organization"},"image":{"@id":"https:\/\/ffyh.unc.edu.ar\/extension\/2020\/09\/28\/la-dimension-grupal-de-las-practicas-educativas-en-los-nuevos-escenarios-educativos\/#primaryimage"},"thumbnailUrl":"https:\/\/ffyh.unc.edu.ar\/extension\/wp-content\/uploads\/sites\/2\/2020\/09\/flyer_la-demension-grupal-corregido.jpeg","articleSection":["Formaci\u00f3n Continua","Noticias"],"inLanguage":"es"},{"@type":"WebPage","@id":"https:\/\/ffyh.unc.edu.ar\/extension\/2020\/09\/28\/la-dimension-grupal-de-las-practicas-educativas-en-los-nuevos-escenarios-educativos\/","url":"https:\/\/ffyh.unc.edu.ar\/extension\/2020\/09\/28\/la-dimension-grupal-de-las-practicas-educativas-en-los-nuevos-escenarios-educativos\/","name":"La dimensi\u00f3n grupal de las pr\u00e1cticas educativas en los nuevos escenarios educativos - Secretar\u00eda de Extensi\u00f3n","isPartOf":{"@id":"https:\/\/ffyh.unc.edu.ar\/extension\/#website"},"primaryImageOfPage":{"@id":"https:\/\/ffyh.unc.edu.ar\/extension\/2020\/09\/28\/la-dimension-grupal-de-las-practicas-educativas-en-los-nuevos-escenarios-educativos\/#primaryimage"},"image":{"@id":"https:\/\/ffyh.unc.edu.ar\/extension\/2020\/09\/28\/la-dimension-grupal-de-las-practicas-educativas-en-los-nuevos-escenarios-educativos\/#primaryimage"},"thumbnailUrl":"https:\/\/ffyh.unc.edu.ar\/extension\/wp-content\/uploads\/sites\/2\/2020\/09\/flyer_la-demension-grupal-corregido.jpeg","datePublished":"2020-09-28T14:34:47+00:00","dateModified":"2020-10-26T15:49:55+00:00","breadcrumb":{"@id":"https:\/\/ffyh.unc.edu.ar\/extension\/2020\/09\/28\/la-dimension-grupal-de-las-practicas-educativas-en-los-nuevos-escenarios-educativos\/#breadcrumb"},"inLanguage":"es","potentialAction":[{"@type":"ReadAction","target":["https:\/\/ffyh.unc.edu.ar\/extension\/2020\/09\/28\/la-dimension-grupal-de-las-practicas-educativas-en-los-nuevos-escenarios-educativos\/"]}]},{"@type":"ImageObject","inLanguage":"es","@id":"https:\/\/ffyh.unc.edu.ar\/extension\/2020\/09\/28\/la-dimension-grupal-de-las-practicas-educativas-en-los-nuevos-escenarios-educativos\/#primaryimage","url":"https:\/\/ffyh.unc.edu.ar\/extension\/wp-content\/uploads\/sites\/2\/2020\/09\/flyer_la-demension-grupal-corregido.jpeg","contentUrl":"https:\/\/ffyh.unc.edu.ar\/extension\/wp-content\/uploads\/sites\/2\/2020\/09\/flyer_la-demension-grupal-corregido.jpeg","width":1280,"height":1280},{"@type":"BreadcrumbList","@id":"https:\/\/ffyh.unc.edu.ar\/extension\/2020\/09\/28\/la-dimension-grupal-de-las-practicas-educativas-en-los-nuevos-escenarios-educativos\/#breadcrumb","itemListElement":[{"@type":"ListItem","position":1,"name":"Portada","item":"https:\/\/ffyh.unc.edu.ar\/extension\/"},{"@type":"ListItem","position":2,"name":"La dimensi\u00f3n grupal de las pr\u00e1cticas educativas en los nuevos escenarios educativos"}]},{"@type":"WebSite","@id":"https:\/\/ffyh.unc.edu.ar\/extension\/#website","url":"https:\/\/ffyh.unc.edu.ar\/extension\/","name":"Secretar\u00eda de Extensi\u00f3n","description":"Facultad de Filosof\u00eda y Humanidades - Universidad Nacional de C\u00f3rdoba","publisher":{"@id":"https:\/\/ffyh.unc.edu.ar\/extension\/#organization"},"potentialAction":[{"@type":"SearchAction","target":{"@type":"EntryPoint","urlTemplate":"https:\/\/ffyh.unc.edu.ar\/extension\/?s={search_term_string}"},"query-input":{"@type":"PropertyValueSpecification","valueRequired":true,"valueName":"search_term_string"}}],"inLanguage":"es"},{"@type":"Organization","@id":"https:\/\/ffyh.unc.edu.ar\/extension\/#organization","name":"Secretar\u00eda de Extensi\u00f3n - Facultad de Filosof\u00eda y Humanidades - Universidad Nacional de C\u00f3rdoba","url":"https:\/\/ffyh.unc.edu.ar\/extension\/","logo":{"@type":"ImageObject","inLanguage":"es","@id":"https:\/\/ffyh.unc.edu.ar\/extension\/#\/schema\/logo\/image\/","url":"https:\/\/ffyh.unc.edu.ar\/extension\/wp-content\/uploads\/sites\/2\/2018\/08\/logo-extension-chico.jpg","contentUrl":"https:\/\/ffyh.unc.edu.ar\/extension\/wp-content\/uploads\/sites\/2\/2018\/08\/logo-extension-chico.jpg","width":314,"height":119,"caption":"Secretar\u00eda de Extensi\u00f3n - Facultad de Filosof\u00eda y Humanidades - Universidad Nacional de C\u00f3rdoba"},"image":{"@id":"https:\/\/ffyh.unc.edu.ar\/extension\/#\/schema\/logo\/image\/"},"sameAs":["https:\/\/www.facebook.com\/extensionffyh","https:\/\/www.instagram.com\/extensionffyh\/","https:\/\/www.youtube.com\/channel\/UCTgN4nvMQE7ktBcgujEI-EA"]},{"@type":"Person","@id":"https:\/\/ffyh.unc.edu.ar\/extension\/#\/schema\/person\/c429cdff3a192a7081944182246c3689","name":"extension","url":"https:\/\/ffyh.unc.edu.ar\/extension\/author\/extension\/"}]}},"jetpack_featured_media_url":"https:\/\/ffyh.unc.edu.ar\/extension\/wp-content\/uploads\/sites\/2\/2020\/09\/flyer_la-demension-grupal-corregido.jpeg","_links":{"self":[{"href":"https:\/\/ffyh.unc.edu.ar\/extension\/wp-json\/wp\/v2\/posts\/4937","targetHints":{"allow":["GET"]}}],"collection":[{"href":"https:\/\/ffyh.unc.edu.ar\/extension\/wp-json\/wp\/v2\/posts"}],"about":[{"href":"https:\/\/ffyh.unc.edu.ar\/extension\/wp-json\/wp\/v2\/types\/post"}],"author":[{"embeddable":true,"href":"https:\/\/ffyh.unc.edu.ar\/extension\/wp-json\/wp\/v2\/users\/3"}],"replies":[{"embeddable":true,"href":"https:\/\/ffyh.unc.edu.ar\/extension\/wp-json\/wp\/v2\/comments?post=4937"}],"version-history":[{"count":6,"href":"https:\/\/ffyh.unc.edu.ar\/extension\/wp-json\/wp\/v2\/posts\/4937\/revisions"}],"predecessor-version":[{"id":4961,"href":"https:\/\/ffyh.unc.edu.ar\/extension\/wp-json\/wp\/v2\/posts\/4937\/revisions\/4961"}],"wp:featuredmedia":[{"embeddable":true,"href":"https:\/\/ffyh.unc.edu.ar\/extension\/wp-json\/wp\/v2\/media\/4944"}],"wp:attachment":[{"href":"https:\/\/ffyh.unc.edu.ar\/extension\/wp-json\/wp\/v2\/media?parent=4937"}],"wp:term":[{"taxonomy":"category","embeddable":true,"href":"https:\/\/ffyh.unc.edu.ar\/extension\/wp-json\/wp\/v2\/categories?post=4937"},{"taxonomy":"post_tag","embeddable":true,"href":"https:\/\/ffyh.unc.edu.ar\/extension\/wp-json\/wp\/v2\/tags?post=4937"}],"curies":[{"name":"wp","href":"https:\/\/api.w.org\/{rel}","templated":true}]}}