{"id":5304,"date":"2021-06-23T13:37:03","date_gmt":"2021-06-23T13:37:03","guid":{"rendered":"https:\/\/ffyh.unc.edu.ar\/extension\/?p=5304"},"modified":"2021-07-27T12:48:52","modified_gmt":"2021-07-27T12:48:52","slug":"5304","status":"publish","type":"post","link":"https:\/\/ffyh.unc.edu.ar\/extension\/2021\/06\/23\/5304\/","title":{"rendered":"Actividades sin puntaje docente que comienzan en julio y agosto"},"content":{"rendered":"<p>En el marco de la\u00a0<a href=\"https:\/\/ffyh.unc.edu.ar\/extension\/2021\/04\/21\/convocatoria-especifica-de-formacion-continua-2021-sin-puntaje-docente-modalidad-virtual\/\" target=\"_blank\" rel=\"noopener\">Convocatoria espec\u00edfica de formaci\u00f3n continua 2021<\/a> quedaron seleccionadas las siguientes propuestas que inician en julio y agosto:<\/p>\n<h3><span style=\"color: #008000\"><strong>Entre la escuela y la casa: experiencias desde los apoyos escolares barriales para el acompa\u00f1amiento de trayectorias educativas en tiempos de pandemia<\/strong><\/span><\/h3>\n<p><span style=\"color: #000000\"><strong>Destinatarixs:<\/strong><\/span> docentes, animadorxs culturales, personal de apoyo escolar y otras personas que trabajen con infancias<\/p>\n<p><strong>Docentes:<\/strong> <span style=\"color: #000000\">Carolina Paula Ricci, Mar\u00eda Rita Maldonado, Laura C\u00e1ceres, Mariana Malfert, Gisel Farga y otrxs docentes invitadxs<\/span><\/p>\n<p><strong>Inicia 31 de agosto<\/strong><\/p>\n<p><strong><a href=\"https:\/\/ffyh.unc.edu.ar\/extension\/wp-content\/uploads\/sites\/2\/2021\/06\/fd_entrelacasaylaescuela-1.docx.pdf\" target=\"_blank\" rel=\"noopener\">Descargar informaci\u00f3n completa<\/a><\/strong><\/p>\n<p><strong><a href=\"https:\/\/docs.google.com\/forms\/d\/e\/1FAIpQLSdVgRmCznpeW_aFsSamWCZGcpghCYnblSivspc33yOw5VCrIA\/viewform\" target=\"_blank\" rel=\"noopener\">Inscripciones<\/a><\/strong><\/p>\n<p>&nbsp;<\/p>\n<h3><span style=\"color: #008000\"><strong>La colectiva literart\u00edstica: dise\u00f1o de acciones de animaci\u00f3n a la lectura literaria con artes<\/strong><\/span><\/h3>\n<p><span style=\"color: #ff0000\"><strong>CUPO COMPLETO<\/strong><\/span><\/p>\n<p><span style=\"color: #000000\"><strong>Destinatarixs:<\/strong><\/span> docentes, animadorxs culturales, personal de apoyo escolar y otras personas que trabajen con infancias<\/p>\n<p><strong>Docentes:<\/strong>\u00a0 Susana G\u00f3mez, Ail\u00e9n Orellano, Ana G\u00f3mez, Anah\u00ed Gui\u00f1az\u00fa, Bel\u00e9n Ledesma y Mar\u00eda Elida Morales Miy<\/p>\n<p><strong>Inicia 31 de julio<\/strong><\/p>\n<p><strong><a href=\"https:\/\/ffyh.unc.edu.ar\/extension\/wp-content\/uploads\/sites\/2\/2021\/06\/fd_lacolectivalireartistica.docx.pdf\" target=\"_blank\" rel=\"noopener\">Descargar informaci\u00f3n completa<\/a><\/strong><\/p>\n<h3><\/h3>\n<h3><span style=\"color: #008000\"><strong>Filosofar con ni\u00f1xs en pandemia. Construyendo una caja de herramientas y dispositivos para la ense\u00f1anza<\/strong><\/span><\/h3>\n<p><span style=\"color: #ff0000\"><strong>CUPO COMPLETO<\/strong><\/span><\/p>\n<p><span style=\"color: #000000\"><strong>Destinatarixs:<\/strong><\/span> docentes, animadorxs culturales, personal de apoyo escolar y otras personas que trabajen con infancias<\/p>\n<p><strong>Docentes:<\/strong> Sergio Andrade, Ayel\u00e9n Branca y Constanza San Pedro<\/p>\n<p><strong>Inicia 5 de agosto<\/strong><\/p>\n<p><strong><a href=\"https:\/\/ffyh.unc.edu.ar\/extension\/wp-content\/uploads\/sites\/2\/2021\/06\/fd_filosofarconnines.docx.pdf\" target=\"_blank\" rel=\"noopener\">Descargar informaci\u00f3n completa<\/a><\/strong><\/p>\n<p>&nbsp;<\/p>\n<p style=\"text-align: center\"><strong>Las tres propuestas son <span style=\"color: #008000\">Sin Puntaje<\/span> docente, se realizar\u00e1n mediante la <span style=\"color: #008000\">plataforma virtual moodle<\/span>, tendr\u00e1n un mes de duraci\u00f3n y un total de <span style=\"color: #008000\">12 horas reloj<\/span>.<\/strong><\/p>\n<p>&nbsp;<\/p>\n","protected":false},"excerpt":{"rendered":"<p>En el marco de la\u00a0Convocatoria espec\u00edfica de formaci\u00f3n continua 2021 quedaron seleccionadas las siguientes propuestas que inician en julio y<\/p>\n","protected":false},"author":3,"featured_media":5308,"comment_status":"closed","ping_status":"closed","sticky":false,"template":"","format":"standard","meta":{"_acf_changed":false,"colormag_page_container_layout":"default_layout","colormag_page_sidebar_layout":"default_layout","footnotes":""},"categories":[8,12],"tags":[],"class_list":["post-5304","post","type-post","status-publish","format-standard","has-post-thumbnail","hentry","category-formacion-continua","category-noticias"],"acf":[],"yoast_head":"<!-- This site is optimized with the Yoast SEO plugin v27.1.1 - https:\/\/yoast.com\/product\/yoast-seo-wordpress\/ -->\n<title>Actividades sin puntaje docente que comienzan en julio y agosto - Secretar\u00eda de Extensi\u00f3n<\/title>\n<meta name=\"robots\" content=\"index, follow, max-snippet:-1, max-image-preview:large, max-video-preview:-1\" \/>\n<link rel=\"canonical\" href=\"https:\/\/ffyh.unc.edu.ar\/extension\/2021\/06\/23\/5304\/\" \/>\n<meta property=\"og:locale\" content=\"es_ES\" \/>\n<meta property=\"og:type\" content=\"article\" \/>\n<meta property=\"og:title\" content=\"Actividades sin puntaje docente que comienzan en julio y agosto - Secretar\u00eda de Extensi\u00f3n\" \/>\n<meta property=\"og:description\" content=\"En el marco de la\u00a0Convocatoria espec\u00edfica de formaci\u00f3n continua 2021 quedaron seleccionadas las siguientes propuestas que inician en julio y\" \/>\n<meta property=\"og:url\" content=\"https:\/\/ffyh.unc.edu.ar\/extension\/2021\/06\/23\/5304\/\" \/>\n<meta property=\"og:site_name\" content=\"Secretar\u00eda de Extensi\u00f3n\" \/>\n<meta property=\"article:publisher\" content=\"https:\/\/www.facebook.com\/extensionffyh\" \/>\n<meta property=\"article:published_time\" content=\"2021-06-23T13:37:03+00:00\" \/>\n<meta property=\"article:modified_time\" content=\"2021-07-27T12:48:52+00:00\" \/>\n<meta property=\"og:image\" content=\"https:\/\/ffyh.unc.edu.ar\/extension\/wp-content\/uploads\/sites\/2\/2021\/06\/talleres-02-COLLAGE.jpg\" \/>\n\t<meta property=\"og:image:width\" content=\"2046\" \/>\n\t<meta property=\"og:image:height\" content=\"1150\" \/>\n\t<meta property=\"og:image:type\" content=\"image\/jpeg\" \/>\n<meta name=\"author\" content=\"extension\" \/>\n<meta name=\"twitter:card\" content=\"summary_large_image\" \/>\n<meta name=\"twitter:label1\" content=\"Escrito por\" \/>\n\t<meta name=\"twitter:data1\" content=\"\" \/>\n\t<meta name=\"twitter:label2\" content=\"Tiempo de lectura\" \/>\n\t<meta name=\"twitter:data2\" content=\"1 minuto\" \/>\n<script type=\"application\/ld+json\" class=\"yoast-schema-graph\">{\"@context\":\"https:\/\/schema.org\",\"@graph\":[{\"@type\":\"Article\",\"@id\":\"https:\/\/ffyh.unc.edu.ar\/extension\/2021\/06\/23\/5304\/#article\",\"isPartOf\":{\"@id\":\"https:\/\/ffyh.unc.edu.ar\/extension\/2021\/06\/23\/5304\/\"},\"author\":{\"name\":\"extension\",\"@id\":\"https:\/\/ffyh.unc.edu.ar\/extension\/#\/schema\/person\/c429cdff3a192a7081944182246c3689\"},\"headline\":\"Actividades sin puntaje docente que comienzan en julio y agosto\",\"datePublished\":\"2021-06-23T13:37:03+00:00\",\"dateModified\":\"2021-07-27T12:48:52+00:00\",\"mainEntityOfPage\":{\"@id\":\"https:\/\/ffyh.unc.edu.ar\/extension\/2021\/06\/23\/5304\/\"},\"wordCount\":243,\"publisher\":{\"@id\":\"https:\/\/ffyh.unc.edu.ar\/extension\/#organization\"},\"image\":{\"@id\":\"https:\/\/ffyh.unc.edu.ar\/extension\/2021\/06\/23\/5304\/#primaryimage\"},\"thumbnailUrl\":\"https:\/\/ffyh.unc.edu.ar\/extension\/wp-content\/uploads\/sites\/2\/2021\/06\/talleres-02-COLLAGE.jpg\",\"articleSection\":[\"Formaci\u00f3n Continua\",\"Noticias\"],\"inLanguage\":\"es\"},{\"@type\":\"WebPage\",\"@id\":\"https:\/\/ffyh.unc.edu.ar\/extension\/2021\/06\/23\/5304\/\",\"url\":\"https:\/\/ffyh.unc.edu.ar\/extension\/2021\/06\/23\/5304\/\",\"name\":\"Actividades sin puntaje docente que comienzan en julio y agosto - Secretar\u00eda de Extensi\u00f3n\",\"isPartOf\":{\"@id\":\"https:\/\/ffyh.unc.edu.ar\/extension\/#website\"},\"primaryImageOfPage\":{\"@id\":\"https:\/\/ffyh.unc.edu.ar\/extension\/2021\/06\/23\/5304\/#primaryimage\"},\"image\":{\"@id\":\"https:\/\/ffyh.unc.edu.ar\/extension\/2021\/06\/23\/5304\/#primaryimage\"},\"thumbnailUrl\":\"https:\/\/ffyh.unc.edu.ar\/extension\/wp-content\/uploads\/sites\/2\/2021\/06\/talleres-02-COLLAGE.jpg\",\"datePublished\":\"2021-06-23T13:37:03+00:00\",\"dateModified\":\"2021-07-27T12:48:52+00:00\",\"breadcrumb\":{\"@id\":\"https:\/\/ffyh.unc.edu.ar\/extension\/2021\/06\/23\/5304\/#breadcrumb\"},\"inLanguage\":\"es\",\"potentialAction\":[{\"@type\":\"ReadAction\",\"target\":[\"https:\/\/ffyh.unc.edu.ar\/extension\/2021\/06\/23\/5304\/\"]}]},{\"@type\":\"ImageObject\",\"inLanguage\":\"es\",\"@id\":\"https:\/\/ffyh.unc.edu.ar\/extension\/2021\/06\/23\/5304\/#primaryimage\",\"url\":\"https:\/\/ffyh.unc.edu.ar\/extension\/wp-content\/uploads\/sites\/2\/2021\/06\/talleres-02-COLLAGE.jpg\",\"contentUrl\":\"https:\/\/ffyh.unc.edu.ar\/extension\/wp-content\/uploads\/sites\/2\/2021\/06\/talleres-02-COLLAGE.jpg\",\"width\":2046,\"height\":1150},{\"@type\":\"BreadcrumbList\",\"@id\":\"https:\/\/ffyh.unc.edu.ar\/extension\/2021\/06\/23\/5304\/#breadcrumb\",\"itemListElement\":[{\"@type\":\"ListItem\",\"position\":1,\"name\":\"Portada\",\"item\":\"https:\/\/ffyh.unc.edu.ar\/extension\/\"},{\"@type\":\"ListItem\",\"position\":2,\"name\":\"Actividades sin puntaje docente que comienzan en julio y agosto\"}]},{\"@type\":\"WebSite\",\"@id\":\"https:\/\/ffyh.unc.edu.ar\/extension\/#website\",\"url\":\"https:\/\/ffyh.unc.edu.ar\/extension\/\",\"name\":\"Secretar\u00eda de Extensi\u00f3n\",\"description\":\"Facultad de Filosof\u00eda y Humanidades - Universidad Nacional de C\u00f3rdoba\",\"publisher\":{\"@id\":\"https:\/\/ffyh.unc.edu.ar\/extension\/#organization\"},\"potentialAction\":[{\"@type\":\"SearchAction\",\"target\":{\"@type\":\"EntryPoint\",\"urlTemplate\":\"https:\/\/ffyh.unc.edu.ar\/extension\/?s={search_term_string}\"},\"query-input\":{\"@type\":\"PropertyValueSpecification\",\"valueRequired\":true,\"valueName\":\"search_term_string\"}}],\"inLanguage\":\"es\"},{\"@type\":\"Organization\",\"@id\":\"https:\/\/ffyh.unc.edu.ar\/extension\/#organization\",\"name\":\"Secretar\u00eda de Extensi\u00f3n - Facultad de Filosof\u00eda y Humanidades - Universidad Nacional de C\u00f3rdoba\",\"url\":\"https:\/\/ffyh.unc.edu.ar\/extension\/\",\"logo\":{\"@type\":\"ImageObject\",\"inLanguage\":\"es\",\"@id\":\"https:\/\/ffyh.unc.edu.ar\/extension\/#\/schema\/logo\/image\/\",\"url\":\"https:\/\/ffyh.unc.edu.ar\/extension\/wp-content\/uploads\/sites\/2\/2018\/08\/logo-extension-chico.jpg\",\"contentUrl\":\"https:\/\/ffyh.unc.edu.ar\/extension\/wp-content\/uploads\/sites\/2\/2018\/08\/logo-extension-chico.jpg\",\"width\":314,\"height\":119,\"caption\":\"Secretar\u00eda de Extensi\u00f3n - Facultad de Filosof\u00eda y Humanidades - Universidad Nacional de C\u00f3rdoba\"},\"image\":{\"@id\":\"https:\/\/ffyh.unc.edu.ar\/extension\/#\/schema\/logo\/image\/\"},\"sameAs\":[\"https:\/\/www.facebook.com\/extensionffyh\",\"https:\/\/www.instagram.com\/extensionffyh\/\",\"https:\/\/www.youtube.com\/channel\/UCTgN4nvMQE7ktBcgujEI-EA\"]},{\"@type\":\"Person\",\"@id\":\"https:\/\/ffyh.unc.edu.ar\/extension\/#\/schema\/person\/c429cdff3a192a7081944182246c3689\",\"name\":\"extension\",\"url\":\"https:\/\/ffyh.unc.edu.ar\/extension\/author\/extension\/\"}]}<\/script>\n<!-- \/ Yoast SEO plugin. -->","yoast_head_json":{"title":"Actividades sin puntaje docente que comienzan en julio y agosto - Secretar\u00eda de Extensi\u00f3n","robots":{"index":"index","follow":"follow","max-snippet":"max-snippet:-1","max-image-preview":"max-image-preview:large","max-video-preview":"max-video-preview:-1"},"canonical":"https:\/\/ffyh.unc.edu.ar\/extension\/2021\/06\/23\/5304\/","og_locale":"es_ES","og_type":"article","og_title":"Actividades sin puntaje docente que comienzan en julio y agosto - Secretar\u00eda de Extensi\u00f3n","og_description":"En el marco de la\u00a0Convocatoria espec\u00edfica de formaci\u00f3n continua 2021 quedaron seleccionadas las siguientes propuestas que inician en julio y","og_url":"https:\/\/ffyh.unc.edu.ar\/extension\/2021\/06\/23\/5304\/","og_site_name":"Secretar\u00eda de Extensi\u00f3n","article_publisher":"https:\/\/www.facebook.com\/extensionffyh","article_published_time":"2021-06-23T13:37:03+00:00","article_modified_time":"2021-07-27T12:48:52+00:00","og_image":[{"width":2046,"height":1150,"url":"https:\/\/ffyh.unc.edu.ar\/extension\/wp-content\/uploads\/sites\/2\/2021\/06\/talleres-02-COLLAGE.jpg","type":"image\/jpeg"}],"author":"extension","twitter_card":"summary_large_image","twitter_misc":{"Escrito por":false,"Tiempo de lectura":"1 minuto"},"schema":{"@context":"https:\/\/schema.org","@graph":[{"@type":"Article","@id":"https:\/\/ffyh.unc.edu.ar\/extension\/2021\/06\/23\/5304\/#article","isPartOf":{"@id":"https:\/\/ffyh.unc.edu.ar\/extension\/2021\/06\/23\/5304\/"},"author":{"name":"extension","@id":"https:\/\/ffyh.unc.edu.ar\/extension\/#\/schema\/person\/c429cdff3a192a7081944182246c3689"},"headline":"Actividades sin puntaje docente que comienzan en julio y agosto","datePublished":"2021-06-23T13:37:03+00:00","dateModified":"2021-07-27T12:48:52+00:00","mainEntityOfPage":{"@id":"https:\/\/ffyh.unc.edu.ar\/extension\/2021\/06\/23\/5304\/"},"wordCount":243,"publisher":{"@id":"https:\/\/ffyh.unc.edu.ar\/extension\/#organization"},"image":{"@id":"https:\/\/ffyh.unc.edu.ar\/extension\/2021\/06\/23\/5304\/#primaryimage"},"thumbnailUrl":"https:\/\/ffyh.unc.edu.ar\/extension\/wp-content\/uploads\/sites\/2\/2021\/06\/talleres-02-COLLAGE.jpg","articleSection":["Formaci\u00f3n Continua","Noticias"],"inLanguage":"es"},{"@type":"WebPage","@id":"https:\/\/ffyh.unc.edu.ar\/extension\/2021\/06\/23\/5304\/","url":"https:\/\/ffyh.unc.edu.ar\/extension\/2021\/06\/23\/5304\/","name":"Actividades sin puntaje docente que comienzan en julio y agosto - Secretar\u00eda de Extensi\u00f3n","isPartOf":{"@id":"https:\/\/ffyh.unc.edu.ar\/extension\/#website"},"primaryImageOfPage":{"@id":"https:\/\/ffyh.unc.edu.ar\/extension\/2021\/06\/23\/5304\/#primaryimage"},"image":{"@id":"https:\/\/ffyh.unc.edu.ar\/extension\/2021\/06\/23\/5304\/#primaryimage"},"thumbnailUrl":"https:\/\/ffyh.unc.edu.ar\/extension\/wp-content\/uploads\/sites\/2\/2021\/06\/talleres-02-COLLAGE.jpg","datePublished":"2021-06-23T13:37:03+00:00","dateModified":"2021-07-27T12:48:52+00:00","breadcrumb":{"@id":"https:\/\/ffyh.unc.edu.ar\/extension\/2021\/06\/23\/5304\/#breadcrumb"},"inLanguage":"es","potentialAction":[{"@type":"ReadAction","target":["https:\/\/ffyh.unc.edu.ar\/extension\/2021\/06\/23\/5304\/"]}]},{"@type":"ImageObject","inLanguage":"es","@id":"https:\/\/ffyh.unc.edu.ar\/extension\/2021\/06\/23\/5304\/#primaryimage","url":"https:\/\/ffyh.unc.edu.ar\/extension\/wp-content\/uploads\/sites\/2\/2021\/06\/talleres-02-COLLAGE.jpg","contentUrl":"https:\/\/ffyh.unc.edu.ar\/extension\/wp-content\/uploads\/sites\/2\/2021\/06\/talleres-02-COLLAGE.jpg","width":2046,"height":1150},{"@type":"BreadcrumbList","@id":"https:\/\/ffyh.unc.edu.ar\/extension\/2021\/06\/23\/5304\/#breadcrumb","itemListElement":[{"@type":"ListItem","position":1,"name":"Portada","item":"https:\/\/ffyh.unc.edu.ar\/extension\/"},{"@type":"ListItem","position":2,"name":"Actividades sin puntaje docente que comienzan en julio y agosto"}]},{"@type":"WebSite","@id":"https:\/\/ffyh.unc.edu.ar\/extension\/#website","url":"https:\/\/ffyh.unc.edu.ar\/extension\/","name":"Secretar\u00eda de Extensi\u00f3n","description":"Facultad de Filosof\u00eda y Humanidades - Universidad Nacional de C\u00f3rdoba","publisher":{"@id":"https:\/\/ffyh.unc.edu.ar\/extension\/#organization"},"potentialAction":[{"@type":"SearchAction","target":{"@type":"EntryPoint","urlTemplate":"https:\/\/ffyh.unc.edu.ar\/extension\/?s={search_term_string}"},"query-input":{"@type":"PropertyValueSpecification","valueRequired":true,"valueName":"search_term_string"}}],"inLanguage":"es"},{"@type":"Organization","@id":"https:\/\/ffyh.unc.edu.ar\/extension\/#organization","name":"Secretar\u00eda de Extensi\u00f3n - Facultad de Filosof\u00eda y Humanidades - Universidad Nacional de C\u00f3rdoba","url":"https:\/\/ffyh.unc.edu.ar\/extension\/","logo":{"@type":"ImageObject","inLanguage":"es","@id":"https:\/\/ffyh.unc.edu.ar\/extension\/#\/schema\/logo\/image\/","url":"https:\/\/ffyh.unc.edu.ar\/extension\/wp-content\/uploads\/sites\/2\/2018\/08\/logo-extension-chico.jpg","contentUrl":"https:\/\/ffyh.unc.edu.ar\/extension\/wp-content\/uploads\/sites\/2\/2018\/08\/logo-extension-chico.jpg","width":314,"height":119,"caption":"Secretar\u00eda de Extensi\u00f3n - Facultad de Filosof\u00eda y Humanidades - Universidad Nacional de C\u00f3rdoba"},"image":{"@id":"https:\/\/ffyh.unc.edu.ar\/extension\/#\/schema\/logo\/image\/"},"sameAs":["https:\/\/www.facebook.com\/extensionffyh","https:\/\/www.instagram.com\/extensionffyh\/","https:\/\/www.youtube.com\/channel\/UCTgN4nvMQE7ktBcgujEI-EA"]},{"@type":"Person","@id":"https:\/\/ffyh.unc.edu.ar\/extension\/#\/schema\/person\/c429cdff3a192a7081944182246c3689","name":"extension","url":"https:\/\/ffyh.unc.edu.ar\/extension\/author\/extension\/"}]}},"jetpack_featured_media_url":"https:\/\/ffyh.unc.edu.ar\/extension\/wp-content\/uploads\/sites\/2\/2021\/06\/talleres-02-COLLAGE.jpg","_links":{"self":[{"href":"https:\/\/ffyh.unc.edu.ar\/extension\/wp-json\/wp\/v2\/posts\/5304","targetHints":{"allow":["GET"]}}],"collection":[{"href":"https:\/\/ffyh.unc.edu.ar\/extension\/wp-json\/wp\/v2\/posts"}],"about":[{"href":"https:\/\/ffyh.unc.edu.ar\/extension\/wp-json\/wp\/v2\/types\/post"}],"author":[{"embeddable":true,"href":"https:\/\/ffyh.unc.edu.ar\/extension\/wp-json\/wp\/v2\/users\/3"}],"replies":[{"embeddable":true,"href":"https:\/\/ffyh.unc.edu.ar\/extension\/wp-json\/wp\/v2\/comments?post=5304"}],"version-history":[{"count":12,"href":"https:\/\/ffyh.unc.edu.ar\/extension\/wp-json\/wp\/v2\/posts\/5304\/revisions"}],"predecessor-version":[{"id":5356,"href":"https:\/\/ffyh.unc.edu.ar\/extension\/wp-json\/wp\/v2\/posts\/5304\/revisions\/5356"}],"wp:featuredmedia":[{"embeddable":true,"href":"https:\/\/ffyh.unc.edu.ar\/extension\/wp-json\/wp\/v2\/media\/5308"}],"wp:attachment":[{"href":"https:\/\/ffyh.unc.edu.ar\/extension\/wp-json\/wp\/v2\/media?parent=5304"}],"wp:term":[{"taxonomy":"category","embeddable":true,"href":"https:\/\/ffyh.unc.edu.ar\/extension\/wp-json\/wp\/v2\/categories?post=5304"},{"taxonomy":"post_tag","embeddable":true,"href":"https:\/\/ffyh.unc.edu.ar\/extension\/wp-json\/wp\/v2\/tags?post=5304"}],"curies":[{"name":"wp","href":"https:\/\/api.w.org\/{rel}","templated":true}]}}