{"id":5399,"date":"2021-09-08T13:41:47","date_gmt":"2021-09-08T13:41:47","guid":{"rendered":"https:\/\/ffyh.unc.edu.ar\/extension\/?p=5399"},"modified":"2021-09-08T14:12:16","modified_gmt":"2021-09-08T14:12:16","slug":"convocatorias-extension-y-voluntariado-2021","status":"publish","type":"post","link":"https:\/\/ffyh.unc.edu.ar\/extension\/2021\/09\/08\/convocatorias-extension-y-voluntariado-2021\/","title":{"rendered":"Convocatorias Extensi\u00f3n y Voluntariado 2021"},"content":{"rendered":"<p>La Secretar\u00eda de Pol\u00edticas Universitarias informa la aprobaci\u00f3n de tres convocatorias relativas a las \u00e1reas de Extensi\u00f3n de las universidades nacionales y provinciales, compartimos informaci\u00f3n pertinente para la presentaci\u00f3n de proyectos en el marco de cada una de ellas:<\/p>\n<h3><span style=\"color: #008000\"><b>Universidad, cultura y territorio<\/b><\/span><\/h3>\n<p>Convocatoria de proyectos de Extensi\u00f3n Universitaria. (<a href=\"http:\/\/extension.siu.edu.ar\/2021\" target=\"_blank\" rel=\"noreferrer noopener\" data-saferedirecturl=\"https:\/\/www.google.com\/url?q=http:\/\/extension.siu.edu.ar\/2021&amp;source=gmail&amp;ust=1631191927512000&amp;usg=AFQjCNGlVfF6ypdocvWwywQdGA0XqHgz8A\">http:\/\/extension.siu.edu.ar\/2021<\/a>)<\/p>\n<p><strong><a href=\"https:\/\/ffyh.unc.edu.ar\/extension\/wp-content\/uploads\/sites\/2\/2021\/09\/Bases-Convocatoria-Extension-2021.pdf\" target=\"_blank\" rel=\"noopener\">Descargar bases<\/a><\/strong><\/p>\n<p><strong><a href=\"https:\/\/ffyh.unc.edu.ar\/extension\/wp-content\/uploads\/sites\/2\/2021\/09\/INSTR.-INSCR.-EXT-213146.pdf\" target=\"_blank\" rel=\"noopener\">Gu\u00eda de inscripci\u00f3n<\/a><\/strong><\/p>\n<p>&nbsp;<\/p>\n<h3><span style=\"color: #008000\"><b>Universidades p\u00fablicas solidarias<\/b><\/span><\/h3>\n<p>Convocatoria general de proyectos de Voluntariado Universitario. (<a href=\"http:\/\/voluntariado.siu.edu.ar\/2021\" target=\"_blank\" rel=\"noreferrer noopener\" data-saferedirecturl=\"https:\/\/www.google.com\/url?q=http:\/\/voluntariado.siu.edu.ar\/2021&amp;source=gmail&amp;ust=1631191927512000&amp;usg=AFQjCNGT-XwOmHTVrp8F3leMmqizisMwHQ\">http:\/\/voluntariado.siu.edu.ar\/2021<\/a>)<\/p>\n<p><strong><a href=\"https:\/\/ffyh.unc.edu.ar\/extension\/wp-content\/uploads\/sites\/2\/2021\/09\/Bases-Voluntariado-2021.pdf\" target=\"_blank\" rel=\"noopener\">Descargar bases<\/a><\/strong><\/p>\n<p>&nbsp;<\/p>\n<h3><span style=\"color: #008000\"><b>Voluntariado sigamos estudiando<\/b><\/span><\/h3>\n<p>Convocatoria espec\u00edfica de proyectos de Voluntariado Universitario para el \u201cFortalecimiento de las trayectorias y la ense\u00f1anza en la Educaci\u00f3n Secundaria\u201d. (<a href=\"http:\/\/voluntariado.siu.edu.ar\/sigamosestudiando\" target=\"_blank\" rel=\"noreferrer noopener\" data-saferedirecturl=\"https:\/\/www.google.com\/url?q=http:\/\/voluntariado.siu.edu.ar\/sigamosestudiando&amp;source=gmail&amp;ust=1631191927512000&amp;usg=AFQjCNHzrA7oJt1XMjZucHhmUFKrklZCcg\">http:\/\/voluntariado.siu.edu.ar\/sigamosestudiando<\/a>)<\/p>\n<p><strong><a href=\"https:\/\/ffyh.unc.edu.ar\/extension\/wp-content\/uploads\/sites\/2\/2021\/09\/BASES-Voluntariado-SIGAMOS-ESTUDIANDO-2021.pdf\" target=\"_blank\" rel=\"noopener\">Descargar bases<\/a><\/strong><\/p>\n<p>Las convocatorias se encuentran vigentes\u00a0 hasta el <strong>30 de septiembre de 2021<\/strong>. Los proyectos deber\u00e1n ser presentados v\u00eda la plataforma de gesti\u00f3n de proyectos de SIU, en las <strong>respectivas p\u00e1ginas web<\/strong> que se mencionan anteriormente. A su vez, adjuntamos las bases de cada uno de los programas.<\/p>\n","protected":false},"excerpt":{"rendered":"<p>La Secretar\u00eda de Pol\u00edticas Universitarias informa la aprobaci\u00f3n de tres convocatorias relativas a las \u00e1reas de Extensi\u00f3n de las universidades<\/p>\n","protected":false},"author":3,"featured_media":5410,"comment_status":"closed","ping_status":"closed","sticky":false,"template":"","format":"standard","meta":{"_acf_changed":false,"colormag_page_container_layout":"default_layout","colormag_page_sidebar_layout":"default_layout","footnotes":""},"categories":[17,12],"tags":[21],"class_list":["post-5399","post","type-post","status-publish","format-standard","has-post-thumbnail","hentry","category-convocatorias","category-noticias","tag-convocatorias-becas"],"acf":[],"yoast_head":"<!-- This site is optimized with the Yoast SEO plugin v27.1.1 - https:\/\/yoast.com\/product\/yoast-seo-wordpress\/ -->\n<title>Convocatorias Extensi\u00f3n y Voluntariado 2021 - Secretar\u00eda de Extensi\u00f3n<\/title>\n<meta name=\"robots\" content=\"index, follow, max-snippet:-1, max-image-preview:large, max-video-preview:-1\" \/>\n<link rel=\"canonical\" href=\"https:\/\/ffyh.unc.edu.ar\/extension\/2021\/09\/08\/convocatorias-extension-y-voluntariado-2021\/\" \/>\n<meta property=\"og:locale\" content=\"es_ES\" \/>\n<meta property=\"og:type\" content=\"article\" \/>\n<meta property=\"og:title\" content=\"Convocatorias Extensi\u00f3n y Voluntariado 2021 - Secretar\u00eda de Extensi\u00f3n\" \/>\n<meta property=\"og:description\" content=\"La Secretar\u00eda de Pol\u00edticas Universitarias informa la aprobaci\u00f3n de tres convocatorias relativas a las \u00e1reas de Extensi\u00f3n de las universidades\" \/>\n<meta property=\"og:url\" content=\"https:\/\/ffyh.unc.edu.ar\/extension\/2021\/09\/08\/convocatorias-extension-y-voluntariado-2021\/\" \/>\n<meta property=\"og:site_name\" content=\"Secretar\u00eda de Extensi\u00f3n\" \/>\n<meta property=\"article:publisher\" content=\"https:\/\/www.facebook.com\/extensionffyh\" \/>\n<meta property=\"article:published_time\" content=\"2021-09-08T13:41:47+00:00\" \/>\n<meta property=\"article:modified_time\" content=\"2021-09-08T14:12:16+00:00\" \/>\n<meta property=\"og:image\" content=\"https:\/\/ffyh.unc.edu.ar\/extension\/wp-content\/uploads\/sites\/2\/2021\/09\/spu1.png\" \/>\n\t<meta property=\"og:image:width\" content=\"286\" \/>\n\t<meta property=\"og:image:height\" content=\"176\" \/>\n\t<meta property=\"og:image:type\" content=\"image\/png\" \/>\n<meta name=\"author\" content=\"extension\" \/>\n<meta name=\"twitter:card\" content=\"summary_large_image\" \/>\n<meta name=\"twitter:label1\" content=\"Escrito por\" \/>\n\t<meta name=\"twitter:data1\" content=\"\" \/>\n\t<meta name=\"twitter:label2\" content=\"Tiempo de lectura\" \/>\n\t<meta name=\"twitter:data2\" content=\"1 minuto\" \/>\n<script type=\"application\/ld+json\" class=\"yoast-schema-graph\">{\"@context\":\"https:\/\/schema.org\",\"@graph\":[{\"@type\":\"Article\",\"@id\":\"https:\/\/ffyh.unc.edu.ar\/extension\/2021\/09\/08\/convocatorias-extension-y-voluntariado-2021\/#article\",\"isPartOf\":{\"@id\":\"https:\/\/ffyh.unc.edu.ar\/extension\/2021\/09\/08\/convocatorias-extension-y-voluntariado-2021\/\"},\"author\":{\"name\":\"extension\",\"@id\":\"https:\/\/ffyh.unc.edu.ar\/extension\/#\/schema\/person\/c429cdff3a192a7081944182246c3689\"},\"headline\":\"Convocatorias Extensi\u00f3n y Voluntariado 2021\",\"datePublished\":\"2021-09-08T13:41:47+00:00\",\"dateModified\":\"2021-09-08T14:12:16+00:00\",\"mainEntityOfPage\":{\"@id\":\"https:\/\/ffyh.unc.edu.ar\/extension\/2021\/09\/08\/convocatorias-extension-y-voluntariado-2021\/\"},\"wordCount\":176,\"publisher\":{\"@id\":\"https:\/\/ffyh.unc.edu.ar\/extension\/#organization\"},\"image\":{\"@id\":\"https:\/\/ffyh.unc.edu.ar\/extension\/2021\/09\/08\/convocatorias-extension-y-voluntariado-2021\/#primaryimage\"},\"thumbnailUrl\":\"https:\/\/ffyh.unc.edu.ar\/extension\/wp-content\/uploads\/sites\/2\/2021\/09\/spu1.png\",\"keywords\":[\"Convocatorias Becas y Subsidios\"],\"articleSection\":[\"Convocatorias\",\"Noticias\"],\"inLanguage\":\"es\"},{\"@type\":\"WebPage\",\"@id\":\"https:\/\/ffyh.unc.edu.ar\/extension\/2021\/09\/08\/convocatorias-extension-y-voluntariado-2021\/\",\"url\":\"https:\/\/ffyh.unc.edu.ar\/extension\/2021\/09\/08\/convocatorias-extension-y-voluntariado-2021\/\",\"name\":\"Convocatorias Extensi\u00f3n y Voluntariado 2021 - Secretar\u00eda de Extensi\u00f3n\",\"isPartOf\":{\"@id\":\"https:\/\/ffyh.unc.edu.ar\/extension\/#website\"},\"primaryImageOfPage\":{\"@id\":\"https:\/\/ffyh.unc.edu.ar\/extension\/2021\/09\/08\/convocatorias-extension-y-voluntariado-2021\/#primaryimage\"},\"image\":{\"@id\":\"https:\/\/ffyh.unc.edu.ar\/extension\/2021\/09\/08\/convocatorias-extension-y-voluntariado-2021\/#primaryimage\"},\"thumbnailUrl\":\"https:\/\/ffyh.unc.edu.ar\/extension\/wp-content\/uploads\/sites\/2\/2021\/09\/spu1.png\",\"datePublished\":\"2021-09-08T13:41:47+00:00\",\"dateModified\":\"2021-09-08T14:12:16+00:00\",\"breadcrumb\":{\"@id\":\"https:\/\/ffyh.unc.edu.ar\/extension\/2021\/09\/08\/convocatorias-extension-y-voluntariado-2021\/#breadcrumb\"},\"inLanguage\":\"es\",\"potentialAction\":[{\"@type\":\"ReadAction\",\"target\":[\"https:\/\/ffyh.unc.edu.ar\/extension\/2021\/09\/08\/convocatorias-extension-y-voluntariado-2021\/\"]}]},{\"@type\":\"ImageObject\",\"inLanguage\":\"es\",\"@id\":\"https:\/\/ffyh.unc.edu.ar\/extension\/2021\/09\/08\/convocatorias-extension-y-voluntariado-2021\/#primaryimage\",\"url\":\"https:\/\/ffyh.unc.edu.ar\/extension\/wp-content\/uploads\/sites\/2\/2021\/09\/spu1.png\",\"contentUrl\":\"https:\/\/ffyh.unc.edu.ar\/extension\/wp-content\/uploads\/sites\/2\/2021\/09\/spu1.png\",\"width\":286,\"height\":176},{\"@type\":\"BreadcrumbList\",\"@id\":\"https:\/\/ffyh.unc.edu.ar\/extension\/2021\/09\/08\/convocatorias-extension-y-voluntariado-2021\/#breadcrumb\",\"itemListElement\":[{\"@type\":\"ListItem\",\"position\":1,\"name\":\"Portada\",\"item\":\"https:\/\/ffyh.unc.edu.ar\/extension\/\"},{\"@type\":\"ListItem\",\"position\":2,\"name\":\"Convocatorias Extensi\u00f3n y Voluntariado 2021\"}]},{\"@type\":\"WebSite\",\"@id\":\"https:\/\/ffyh.unc.edu.ar\/extension\/#website\",\"url\":\"https:\/\/ffyh.unc.edu.ar\/extension\/\",\"name\":\"Secretar\u00eda de Extensi\u00f3n\",\"description\":\"Facultad de Filosof\u00eda y Humanidades - Universidad Nacional de C\u00f3rdoba\",\"publisher\":{\"@id\":\"https:\/\/ffyh.unc.edu.ar\/extension\/#organization\"},\"potentialAction\":[{\"@type\":\"SearchAction\",\"target\":{\"@type\":\"EntryPoint\",\"urlTemplate\":\"https:\/\/ffyh.unc.edu.ar\/extension\/?s={search_term_string}\"},\"query-input\":{\"@type\":\"PropertyValueSpecification\",\"valueRequired\":true,\"valueName\":\"search_term_string\"}}],\"inLanguage\":\"es\"},{\"@type\":\"Organization\",\"@id\":\"https:\/\/ffyh.unc.edu.ar\/extension\/#organization\",\"name\":\"Secretar\u00eda de Extensi\u00f3n - Facultad de Filosof\u00eda y Humanidades - Universidad Nacional de C\u00f3rdoba\",\"url\":\"https:\/\/ffyh.unc.edu.ar\/extension\/\",\"logo\":{\"@type\":\"ImageObject\",\"inLanguage\":\"es\",\"@id\":\"https:\/\/ffyh.unc.edu.ar\/extension\/#\/schema\/logo\/image\/\",\"url\":\"https:\/\/ffyh.unc.edu.ar\/extension\/wp-content\/uploads\/sites\/2\/2018\/08\/logo-extension-chico.jpg\",\"contentUrl\":\"https:\/\/ffyh.unc.edu.ar\/extension\/wp-content\/uploads\/sites\/2\/2018\/08\/logo-extension-chico.jpg\",\"width\":314,\"height\":119,\"caption\":\"Secretar\u00eda de Extensi\u00f3n - Facultad de Filosof\u00eda y Humanidades - Universidad Nacional de C\u00f3rdoba\"},\"image\":{\"@id\":\"https:\/\/ffyh.unc.edu.ar\/extension\/#\/schema\/logo\/image\/\"},\"sameAs\":[\"https:\/\/www.facebook.com\/extensionffyh\",\"https:\/\/www.instagram.com\/extensionffyh\/\",\"https:\/\/www.youtube.com\/channel\/UCTgN4nvMQE7ktBcgujEI-EA\"]},{\"@type\":\"Person\",\"@id\":\"https:\/\/ffyh.unc.edu.ar\/extension\/#\/schema\/person\/c429cdff3a192a7081944182246c3689\",\"name\":\"extension\",\"url\":\"https:\/\/ffyh.unc.edu.ar\/extension\/author\/extension\/\"}]}<\/script>\n<!-- \/ Yoast SEO plugin. -->","yoast_head_json":{"title":"Convocatorias Extensi\u00f3n y Voluntariado 2021 - Secretar\u00eda de Extensi\u00f3n","robots":{"index":"index","follow":"follow","max-snippet":"max-snippet:-1","max-image-preview":"max-image-preview:large","max-video-preview":"max-video-preview:-1"},"canonical":"https:\/\/ffyh.unc.edu.ar\/extension\/2021\/09\/08\/convocatorias-extension-y-voluntariado-2021\/","og_locale":"es_ES","og_type":"article","og_title":"Convocatorias Extensi\u00f3n y Voluntariado 2021 - Secretar\u00eda de Extensi\u00f3n","og_description":"La Secretar\u00eda de Pol\u00edticas Universitarias informa la aprobaci\u00f3n de tres convocatorias relativas a las \u00e1reas de Extensi\u00f3n de las universidades","og_url":"https:\/\/ffyh.unc.edu.ar\/extension\/2021\/09\/08\/convocatorias-extension-y-voluntariado-2021\/","og_site_name":"Secretar\u00eda de Extensi\u00f3n","article_publisher":"https:\/\/www.facebook.com\/extensionffyh","article_published_time":"2021-09-08T13:41:47+00:00","article_modified_time":"2021-09-08T14:12:16+00:00","og_image":[{"width":286,"height":176,"url":"https:\/\/ffyh.unc.edu.ar\/extension\/wp-content\/uploads\/sites\/2\/2021\/09\/spu1.png","type":"image\/png"}],"author":"extension","twitter_card":"summary_large_image","twitter_misc":{"Escrito por":false,"Tiempo de lectura":"1 minuto"},"schema":{"@context":"https:\/\/schema.org","@graph":[{"@type":"Article","@id":"https:\/\/ffyh.unc.edu.ar\/extension\/2021\/09\/08\/convocatorias-extension-y-voluntariado-2021\/#article","isPartOf":{"@id":"https:\/\/ffyh.unc.edu.ar\/extension\/2021\/09\/08\/convocatorias-extension-y-voluntariado-2021\/"},"author":{"name":"extension","@id":"https:\/\/ffyh.unc.edu.ar\/extension\/#\/schema\/person\/c429cdff3a192a7081944182246c3689"},"headline":"Convocatorias Extensi\u00f3n y Voluntariado 2021","datePublished":"2021-09-08T13:41:47+00:00","dateModified":"2021-09-08T14:12:16+00:00","mainEntityOfPage":{"@id":"https:\/\/ffyh.unc.edu.ar\/extension\/2021\/09\/08\/convocatorias-extension-y-voluntariado-2021\/"},"wordCount":176,"publisher":{"@id":"https:\/\/ffyh.unc.edu.ar\/extension\/#organization"},"image":{"@id":"https:\/\/ffyh.unc.edu.ar\/extension\/2021\/09\/08\/convocatorias-extension-y-voluntariado-2021\/#primaryimage"},"thumbnailUrl":"https:\/\/ffyh.unc.edu.ar\/extension\/wp-content\/uploads\/sites\/2\/2021\/09\/spu1.png","keywords":["Convocatorias Becas y Subsidios"],"articleSection":["Convocatorias","Noticias"],"inLanguage":"es"},{"@type":"WebPage","@id":"https:\/\/ffyh.unc.edu.ar\/extension\/2021\/09\/08\/convocatorias-extension-y-voluntariado-2021\/","url":"https:\/\/ffyh.unc.edu.ar\/extension\/2021\/09\/08\/convocatorias-extension-y-voluntariado-2021\/","name":"Convocatorias Extensi\u00f3n y Voluntariado 2021 - Secretar\u00eda de Extensi\u00f3n","isPartOf":{"@id":"https:\/\/ffyh.unc.edu.ar\/extension\/#website"},"primaryImageOfPage":{"@id":"https:\/\/ffyh.unc.edu.ar\/extension\/2021\/09\/08\/convocatorias-extension-y-voluntariado-2021\/#primaryimage"},"image":{"@id":"https:\/\/ffyh.unc.edu.ar\/extension\/2021\/09\/08\/convocatorias-extension-y-voluntariado-2021\/#primaryimage"},"thumbnailUrl":"https:\/\/ffyh.unc.edu.ar\/extension\/wp-content\/uploads\/sites\/2\/2021\/09\/spu1.png","datePublished":"2021-09-08T13:41:47+00:00","dateModified":"2021-09-08T14:12:16+00:00","breadcrumb":{"@id":"https:\/\/ffyh.unc.edu.ar\/extension\/2021\/09\/08\/convocatorias-extension-y-voluntariado-2021\/#breadcrumb"},"inLanguage":"es","potentialAction":[{"@type":"ReadAction","target":["https:\/\/ffyh.unc.edu.ar\/extension\/2021\/09\/08\/convocatorias-extension-y-voluntariado-2021\/"]}]},{"@type":"ImageObject","inLanguage":"es","@id":"https:\/\/ffyh.unc.edu.ar\/extension\/2021\/09\/08\/convocatorias-extension-y-voluntariado-2021\/#primaryimage","url":"https:\/\/ffyh.unc.edu.ar\/extension\/wp-content\/uploads\/sites\/2\/2021\/09\/spu1.png","contentUrl":"https:\/\/ffyh.unc.edu.ar\/extension\/wp-content\/uploads\/sites\/2\/2021\/09\/spu1.png","width":286,"height":176},{"@type":"BreadcrumbList","@id":"https:\/\/ffyh.unc.edu.ar\/extension\/2021\/09\/08\/convocatorias-extension-y-voluntariado-2021\/#breadcrumb","itemListElement":[{"@type":"ListItem","position":1,"name":"Portada","item":"https:\/\/ffyh.unc.edu.ar\/extension\/"},{"@type":"ListItem","position":2,"name":"Convocatorias Extensi\u00f3n y Voluntariado 2021"}]},{"@type":"WebSite","@id":"https:\/\/ffyh.unc.edu.ar\/extension\/#website","url":"https:\/\/ffyh.unc.edu.ar\/extension\/","name":"Secretar\u00eda de Extensi\u00f3n","description":"Facultad de Filosof\u00eda y Humanidades - Universidad Nacional de C\u00f3rdoba","publisher":{"@id":"https:\/\/ffyh.unc.edu.ar\/extension\/#organization"},"potentialAction":[{"@type":"SearchAction","target":{"@type":"EntryPoint","urlTemplate":"https:\/\/ffyh.unc.edu.ar\/extension\/?s={search_term_string}"},"query-input":{"@type":"PropertyValueSpecification","valueRequired":true,"valueName":"search_term_string"}}],"inLanguage":"es"},{"@type":"Organization","@id":"https:\/\/ffyh.unc.edu.ar\/extension\/#organization","name":"Secretar\u00eda de Extensi\u00f3n - Facultad de Filosof\u00eda y Humanidades - Universidad Nacional de C\u00f3rdoba","url":"https:\/\/ffyh.unc.edu.ar\/extension\/","logo":{"@type":"ImageObject","inLanguage":"es","@id":"https:\/\/ffyh.unc.edu.ar\/extension\/#\/schema\/logo\/image\/","url":"https:\/\/ffyh.unc.edu.ar\/extension\/wp-content\/uploads\/sites\/2\/2018\/08\/logo-extension-chico.jpg","contentUrl":"https:\/\/ffyh.unc.edu.ar\/extension\/wp-content\/uploads\/sites\/2\/2018\/08\/logo-extension-chico.jpg","width":314,"height":119,"caption":"Secretar\u00eda de Extensi\u00f3n - Facultad de Filosof\u00eda y Humanidades - Universidad Nacional de C\u00f3rdoba"},"image":{"@id":"https:\/\/ffyh.unc.edu.ar\/extension\/#\/schema\/logo\/image\/"},"sameAs":["https:\/\/www.facebook.com\/extensionffyh","https:\/\/www.instagram.com\/extensionffyh\/","https:\/\/www.youtube.com\/channel\/UCTgN4nvMQE7ktBcgujEI-EA"]},{"@type":"Person","@id":"https:\/\/ffyh.unc.edu.ar\/extension\/#\/schema\/person\/c429cdff3a192a7081944182246c3689","name":"extension","url":"https:\/\/ffyh.unc.edu.ar\/extension\/author\/extension\/"}]}},"jetpack_featured_media_url":"https:\/\/ffyh.unc.edu.ar\/extension\/wp-content\/uploads\/sites\/2\/2021\/09\/spu1.png","_links":{"self":[{"href":"https:\/\/ffyh.unc.edu.ar\/extension\/wp-json\/wp\/v2\/posts\/5399","targetHints":{"allow":["GET"]}}],"collection":[{"href":"https:\/\/ffyh.unc.edu.ar\/extension\/wp-json\/wp\/v2\/posts"}],"about":[{"href":"https:\/\/ffyh.unc.edu.ar\/extension\/wp-json\/wp\/v2\/types\/post"}],"author":[{"embeddable":true,"href":"https:\/\/ffyh.unc.edu.ar\/extension\/wp-json\/wp\/v2\/users\/3"}],"replies":[{"embeddable":true,"href":"https:\/\/ffyh.unc.edu.ar\/extension\/wp-json\/wp\/v2\/comments?post=5399"}],"version-history":[{"count":6,"href":"https:\/\/ffyh.unc.edu.ar\/extension\/wp-json\/wp\/v2\/posts\/5399\/revisions"}],"predecessor-version":[{"id":5411,"href":"https:\/\/ffyh.unc.edu.ar\/extension\/wp-json\/wp\/v2\/posts\/5399\/revisions\/5411"}],"wp:featuredmedia":[{"embeddable":true,"href":"https:\/\/ffyh.unc.edu.ar\/extension\/wp-json\/wp\/v2\/media\/5410"}],"wp:attachment":[{"href":"https:\/\/ffyh.unc.edu.ar\/extension\/wp-json\/wp\/v2\/media?parent=5399"}],"wp:term":[{"taxonomy":"category","embeddable":true,"href":"https:\/\/ffyh.unc.edu.ar\/extension\/wp-json\/wp\/v2\/categories?post=5399"},{"taxonomy":"post_tag","embeddable":true,"href":"https:\/\/ffyh.unc.edu.ar\/extension\/wp-json\/wp\/v2\/tags?post=5399"}],"curies":[{"name":"wp","href":"https:\/\/api.w.org\/{rel}","templated":true}]}}