{"id":5494,"date":"2021-11-02T15:01:13","date_gmt":"2021-11-02T15:01:13","guid":{"rendered":"https:\/\/ffyh.unc.edu.ar\/extension\/?p=5494"},"modified":"2021-11-02T15:29:57","modified_gmt":"2021-11-02T15:29:57","slug":"titeres-para-educar-en-igualdad-2","status":"publish","type":"post","link":"https:\/\/ffyh.unc.edu.ar\/extension\/2021\/11\/02\/titeres-para-educar-en-igualdad-2\/","title":{"rendered":"T\u00edteres para educar en igualdad"},"content":{"rendered":"<p><span style=\"font-weight: 400\">En noviembre de 2015 se sanciona la <strong>Ley 27.234 Educar en Igualdad: Prevenci\u00f3n y Erradicaci\u00f3n de la Violencia de G\u00e9nero<\/strong>. En este marco, todas las escuelas del pa\u00eds organizan, al menos una vez al a\u00f1o, jornadas con estudiantes, docentes y familias para desarrollar saberes y pr\u00e1cticas que contribuyan a prevenir y erradicar la violencia de g\u00e9nero.<\/span><\/p>\n<p><span style=\"font-weight: 400\">En este contexto, los equipos t\u00e9cnicos de la <strong>Secretar\u00eda de Extensi\u00f3n de la FFyH<\/strong> y del <\/span><strong><a href=\"https:\/\/www.cba.gov.ar\/escuela-familias-comunidad\/\">Programa Escuela, Familias, Comunidad<\/a><\/strong><span style=\"font-weight: 400\"> del Ministerio de Educaci\u00f3n de la Provincia de C\u00f3rdoba elaboraron dos peque\u00f1as escenas de teatro de t\u00edteres de sombra para las jornadas provinciales \u00abEducar en Igualdad\u201d desarrolladas en el\u00a0 mes de septiembre.\u00a0 <\/span><\/p>\n<p><span style=\"font-weight: 400\">Ambas escenas fueron presentadas, de manera on line, a ni\u00f1xs del segundo ciclo de\u00a0 distintas escuelas de la provincia de C\u00f3rdoba.\u00a0<\/span><\/p>\n<p><span style=\"font-weight: 400\">El teatro de\u00a0 t\u00edteres puede constituirse en un valioso dispositivo de simbolizaci\u00f3n cr\u00edtico para abordar tem\u00e1ticas de g\u00e9nero junto a ni\u00f1xs. De este modo, los t\u00edteres pueden ayudar a pensar y reflexionar sobre pr\u00e1cticas y modos de representaci\u00f3n social y cultural que se naturalizan en el contexto del hogar.<\/span><\/p>\n<p><span style=\"font-weight: 400\">Te invitamos a que visites estas propuestas y las compartas con tus alumnxs, hijxs, sobrinxs o nietxs.<\/span><\/p>\n<p><b>Edad recomendada 9 a 12 a\u00f1os\u00a0<\/b><\/p>\n<p><span style=\"color: #008000\"><b>Escena: <\/b><b><i>Dej\u00e1\u2026. yo te lavo los platos<\/i><\/b><\/span><\/p>\n<p><span style=\"font-weight: 400\">Sucede en la casa de Toti y Juan Carlos, una pareja con dos hijos, Luisito y Luli . Toti ayuda a sus hijos que van a la escuela mientras realiza numerosas tareas del hogar. Juan Carlos entiende que toda su responsabilidad pasa por su trabajo fuera de la casa, que es la atenci\u00f3n de una agencia de quiniela. Por este motivo no participa en las actividades del hogar ya que siente que no le corresponden. Ese delicado equilibrio se rompe cuando llega Mar\u00eda Luisa, una amiga de la primaria de Toti, que acaba de descubrir que es una mujer empoderada. De la mano de su amiga, Toti comienza a dudar del lugar que ella ocupa dentro de su familia.<\/span><\/p>\n<p><b>Producci\u00f3n\u00a0 art\u00edstica:<\/b><span style=\"font-weight: 400\"> Bibiana Amado, Ver\u00f3nica Kovar, Carlos Szulkin.\u00a0<\/span><\/p>\n<p><b>Equipo t\u00e9cnico:<\/b><span style=\"font-weight: 400\"> Florencia Ferreyra, Aldana Teysed\u00fa, Daniel Lemme, Alicia Lascano, Bibiana Amado, Carlos Szulkin.<\/span><\/p>\n<p><iframe loading=\"lazy\" title=\"T\u00edteres para educar en igualdad | Escena: Dej\u00e1  yo te lavo los platos\" width=\"800\" height=\"450\" src=\"https:\/\/www.youtube.com\/embed\/ycF5_ks90qw?start=5&#038;feature=oembed\" frameborder=\"0\" allow=\"accelerometer; autoplay; clipboard-write; encrypted-media; gyroscope; picture-in-picture\" allowfullscreen><\/iframe><\/p>\n<p><span style=\"color: #008000\"><b>Escena:\u00a0<\/b><\/span><b><i><span style=\"color: #008000\">La mec\u00e1nica del amor<\/span>\u00a0<\/i><\/b><\/p>\n<p>En otro hogar, Mar\u00eda Silvia est\u00e1 ultimando los detalles para ir a trabajar y dejar a su hija en la escuela. Ya es tarde y deben salir apuradas porque Mar\u00eda Silvia tiene que resolver varias tareas antes de llegar a su trabajo. Cuando est\u00e1n en camino, el auto deja de funcionar.\u00a0 Su ex marido no acompa\u00f1a en lo m\u00e1s m\u00ednimo la responsabilidad de criar a la hija de ambos. La mujer y su ni\u00f1a terminan en el taller mec\u00e1nico de don Luis que tiene tantas intenciones de arreglar el auto como de quedar bien con su due\u00f1a.<\/p>\n<p><b>Producci\u00f3n\u00a0 art\u00edstica:<\/b>\u00a0Bibiana Amado, Ver\u00f3nica Kovar, Carlos Szulkin.<\/p>\n<p><b>Equipo t\u00e9cnico:<\/b>\u00a0Florencia Ferreyra, Aldana Teysed\u00fa, Daniel Lemme, Alicia Lascano, Bibiana Amado, Carlos Szulkin.<\/p>\n<p><iframe loading=\"lazy\" title=\"T\u00edteres para educar en igualdad | Escena: Mec\u00e1nica del amor\" width=\"800\" height=\"450\" src=\"https:\/\/www.youtube.com\/embed\/cR2yAEtdcsI?start=1&#038;feature=oembed\" frameborder=\"0\" allow=\"accelerometer; autoplay; clipboard-write; encrypted-media; gyroscope; picture-in-picture\" allowfullscreen><\/iframe><\/p>\n<p><span style=\"color: #008000\"><strong><em>Detr\u00e1s de escena<\/em><\/strong><\/span><\/p>\n<p><iframe loading=\"lazy\" title=\"Detr\u00e1s de escena\" width=\"800\" height=\"450\" src=\"https:\/\/www.youtube.com\/embed\/_RvqIcZJAwI?feature=oembed\" frameborder=\"0\" allow=\"accelerometer; autoplay; clipboard-write; encrypted-media; gyroscope; picture-in-picture\" allowfullscreen><\/iframe><\/p>\n","protected":false},"excerpt":{"rendered":"<p>En noviembre de 2015 se sanciona la Ley 27.234 Educar en Igualdad: Prevenci\u00f3n y Erradicaci\u00f3n de la Violencia de G\u00e9nero.<\/p>\n","protected":false},"author":3,"featured_media":5491,"comment_status":"closed","ping_status":"closed","sticky":false,"template":"","format":"standard","meta":{"_acf_changed":false,"colormag_page_container_layout":"default_layout","colormag_page_sidebar_layout":"default_layout","footnotes":""},"categories":[27,12],"tags":[33],"class_list":["post-5494","post","type-post","status-publish","format-standard","has-post-thumbnail","hentry","category-experiencias-en-territorio","category-noticias","tag-intervencion-y-acompanamiento-territorial"],"acf":[],"yoast_head":"<!-- This site is optimized with the Yoast SEO plugin v27.1.1 - https:\/\/yoast.com\/product\/yoast-seo-wordpress\/ -->\n<title>T\u00edteres para educar en igualdad - Secretar\u00eda de Extensi\u00f3n<\/title>\n<meta name=\"robots\" content=\"index, follow, max-snippet:-1, max-image-preview:large, max-video-preview:-1\" \/>\n<link rel=\"canonical\" href=\"https:\/\/ffyh.unc.edu.ar\/extension\/2021\/11\/02\/titeres-para-educar-en-igualdad-2\/\" \/>\n<meta property=\"og:locale\" content=\"es_ES\" \/>\n<meta property=\"og:type\" content=\"article\" \/>\n<meta property=\"og:title\" content=\"T\u00edteres para educar en igualdad - Secretar\u00eda de Extensi\u00f3n\" \/>\n<meta property=\"og:description\" content=\"En noviembre de 2015 se sanciona la Ley 27.234 Educar en Igualdad: Prevenci\u00f3n y Erradicaci\u00f3n de la Violencia de G\u00e9nero.\" \/>\n<meta property=\"og:url\" content=\"https:\/\/ffyh.unc.edu.ar\/extension\/2021\/11\/02\/titeres-para-educar-en-igualdad-2\/\" \/>\n<meta property=\"og:site_name\" content=\"Secretar\u00eda de Extensi\u00f3n\" \/>\n<meta property=\"article:publisher\" content=\"https:\/\/www.facebook.com\/extensionffyh\" \/>\n<meta property=\"article:published_time\" content=\"2021-11-02T15:01:13+00:00\" \/>\n<meta property=\"article:modified_time\" content=\"2021-11-02T15:29:57+00:00\" \/>\n<meta property=\"og:image\" content=\"https:\/\/ffyh.unc.edu.ar\/extension\/wp-content\/uploads\/sites\/2\/2021\/11\/WhatsApp-Image-2021-11-02-at-11.03.25.jpeg\" \/>\n\t<meta property=\"og:image:width\" content=\"894\" \/>\n\t<meta property=\"og:image:height\" content=\"567\" \/>\n\t<meta property=\"og:image:type\" content=\"image\/jpeg\" \/>\n<meta name=\"author\" content=\"extension\" \/>\n<meta name=\"twitter:card\" content=\"summary_large_image\" \/>\n<meta name=\"twitter:label1\" content=\"Escrito por\" \/>\n\t<meta name=\"twitter:data1\" content=\"\" \/>\n\t<meta name=\"twitter:label2\" content=\"Tiempo de lectura\" \/>\n\t<meta name=\"twitter:data2\" content=\"3 minutos\" \/>\n<script type=\"application\/ld+json\" class=\"yoast-schema-graph\">{\"@context\":\"https:\/\/schema.org\",\"@graph\":[{\"@type\":\"Article\",\"@id\":\"https:\/\/ffyh.unc.edu.ar\/extension\/2021\/11\/02\/titeres-para-educar-en-igualdad-2\/#article\",\"isPartOf\":{\"@id\":\"https:\/\/ffyh.unc.edu.ar\/extension\/2021\/11\/02\/titeres-para-educar-en-igualdad-2\/\"},\"author\":{\"name\":\"extension\",\"@id\":\"https:\/\/ffyh.unc.edu.ar\/extension\/#\/schema\/person\/c429cdff3a192a7081944182246c3689\"},\"headline\":\"T\u00edteres para educar en igualdad\",\"datePublished\":\"2021-11-02T15:01:13+00:00\",\"dateModified\":\"2021-11-02T15:29:57+00:00\",\"mainEntityOfPage\":{\"@id\":\"https:\/\/ffyh.unc.edu.ar\/extension\/2021\/11\/02\/titeres-para-educar-en-igualdad-2\/\"},\"wordCount\":554,\"publisher\":{\"@id\":\"https:\/\/ffyh.unc.edu.ar\/extension\/#organization\"},\"image\":{\"@id\":\"https:\/\/ffyh.unc.edu.ar\/extension\/2021\/11\/02\/titeres-para-educar-en-igualdad-2\/#primaryimage\"},\"thumbnailUrl\":\"https:\/\/ffyh.unc.edu.ar\/extension\/wp-content\/uploads\/sites\/2\/2021\/11\/WhatsApp-Image-2021-11-02-at-11.03.25.jpeg\",\"keywords\":[\"intervenci\u00f3n y acompa\u00f1amiento territorial\"],\"articleSection\":[\"Experiencias en territorio\",\"Noticias\"],\"inLanguage\":\"es\"},{\"@type\":\"WebPage\",\"@id\":\"https:\/\/ffyh.unc.edu.ar\/extension\/2021\/11\/02\/titeres-para-educar-en-igualdad-2\/\",\"url\":\"https:\/\/ffyh.unc.edu.ar\/extension\/2021\/11\/02\/titeres-para-educar-en-igualdad-2\/\",\"name\":\"T\u00edteres para educar en igualdad - Secretar\u00eda de Extensi\u00f3n\",\"isPartOf\":{\"@id\":\"https:\/\/ffyh.unc.edu.ar\/extension\/#website\"},\"primaryImageOfPage\":{\"@id\":\"https:\/\/ffyh.unc.edu.ar\/extension\/2021\/11\/02\/titeres-para-educar-en-igualdad-2\/#primaryimage\"},\"image\":{\"@id\":\"https:\/\/ffyh.unc.edu.ar\/extension\/2021\/11\/02\/titeres-para-educar-en-igualdad-2\/#primaryimage\"},\"thumbnailUrl\":\"https:\/\/ffyh.unc.edu.ar\/extension\/wp-content\/uploads\/sites\/2\/2021\/11\/WhatsApp-Image-2021-11-02-at-11.03.25.jpeg\",\"datePublished\":\"2021-11-02T15:01:13+00:00\",\"dateModified\":\"2021-11-02T15:29:57+00:00\",\"breadcrumb\":{\"@id\":\"https:\/\/ffyh.unc.edu.ar\/extension\/2021\/11\/02\/titeres-para-educar-en-igualdad-2\/#breadcrumb\"},\"inLanguage\":\"es\",\"potentialAction\":[{\"@type\":\"ReadAction\",\"target\":[\"https:\/\/ffyh.unc.edu.ar\/extension\/2021\/11\/02\/titeres-para-educar-en-igualdad-2\/\"]}]},{\"@type\":\"ImageObject\",\"inLanguage\":\"es\",\"@id\":\"https:\/\/ffyh.unc.edu.ar\/extension\/2021\/11\/02\/titeres-para-educar-en-igualdad-2\/#primaryimage\",\"url\":\"https:\/\/ffyh.unc.edu.ar\/extension\/wp-content\/uploads\/sites\/2\/2021\/11\/WhatsApp-Image-2021-11-02-at-11.03.25.jpeg\",\"contentUrl\":\"https:\/\/ffyh.unc.edu.ar\/extension\/wp-content\/uploads\/sites\/2\/2021\/11\/WhatsApp-Image-2021-11-02-at-11.03.25.jpeg\",\"width\":894,\"height\":567},{\"@type\":\"BreadcrumbList\",\"@id\":\"https:\/\/ffyh.unc.edu.ar\/extension\/2021\/11\/02\/titeres-para-educar-en-igualdad-2\/#breadcrumb\",\"itemListElement\":[{\"@type\":\"ListItem\",\"position\":1,\"name\":\"Portada\",\"item\":\"https:\/\/ffyh.unc.edu.ar\/extension\/\"},{\"@type\":\"ListItem\",\"position\":2,\"name\":\"T\u00edteres para educar en igualdad\"}]},{\"@type\":\"WebSite\",\"@id\":\"https:\/\/ffyh.unc.edu.ar\/extension\/#website\",\"url\":\"https:\/\/ffyh.unc.edu.ar\/extension\/\",\"name\":\"Secretar\u00eda de Extensi\u00f3n\",\"description\":\"Facultad de Filosof\u00eda y Humanidades - Universidad Nacional de C\u00f3rdoba\",\"publisher\":{\"@id\":\"https:\/\/ffyh.unc.edu.ar\/extension\/#organization\"},\"potentialAction\":[{\"@type\":\"SearchAction\",\"target\":{\"@type\":\"EntryPoint\",\"urlTemplate\":\"https:\/\/ffyh.unc.edu.ar\/extension\/?s={search_term_string}\"},\"query-input\":{\"@type\":\"PropertyValueSpecification\",\"valueRequired\":true,\"valueName\":\"search_term_string\"}}],\"inLanguage\":\"es\"},{\"@type\":\"Organization\",\"@id\":\"https:\/\/ffyh.unc.edu.ar\/extension\/#organization\",\"name\":\"Secretar\u00eda de Extensi\u00f3n - Facultad de Filosof\u00eda y Humanidades - Universidad Nacional de C\u00f3rdoba\",\"url\":\"https:\/\/ffyh.unc.edu.ar\/extension\/\",\"logo\":{\"@type\":\"ImageObject\",\"inLanguage\":\"es\",\"@id\":\"https:\/\/ffyh.unc.edu.ar\/extension\/#\/schema\/logo\/image\/\",\"url\":\"https:\/\/ffyh.unc.edu.ar\/extension\/wp-content\/uploads\/sites\/2\/2018\/08\/logo-extension-chico.jpg\",\"contentUrl\":\"https:\/\/ffyh.unc.edu.ar\/extension\/wp-content\/uploads\/sites\/2\/2018\/08\/logo-extension-chico.jpg\",\"width\":314,\"height\":119,\"caption\":\"Secretar\u00eda de Extensi\u00f3n - Facultad de Filosof\u00eda y Humanidades - Universidad Nacional de C\u00f3rdoba\"},\"image\":{\"@id\":\"https:\/\/ffyh.unc.edu.ar\/extension\/#\/schema\/logo\/image\/\"},\"sameAs\":[\"https:\/\/www.facebook.com\/extensionffyh\",\"https:\/\/www.instagram.com\/extensionffyh\/\",\"https:\/\/www.youtube.com\/channel\/UCTgN4nvMQE7ktBcgujEI-EA\"]},{\"@type\":\"Person\",\"@id\":\"https:\/\/ffyh.unc.edu.ar\/extension\/#\/schema\/person\/c429cdff3a192a7081944182246c3689\",\"name\":\"extension\",\"url\":\"https:\/\/ffyh.unc.edu.ar\/extension\/author\/extension\/\"}]}<\/script>\n<!-- \/ Yoast SEO plugin. -->","yoast_head_json":{"title":"T\u00edteres para educar en igualdad - Secretar\u00eda de Extensi\u00f3n","robots":{"index":"index","follow":"follow","max-snippet":"max-snippet:-1","max-image-preview":"max-image-preview:large","max-video-preview":"max-video-preview:-1"},"canonical":"https:\/\/ffyh.unc.edu.ar\/extension\/2021\/11\/02\/titeres-para-educar-en-igualdad-2\/","og_locale":"es_ES","og_type":"article","og_title":"T\u00edteres para educar en igualdad - Secretar\u00eda de Extensi\u00f3n","og_description":"En noviembre de 2015 se sanciona la Ley 27.234 Educar en Igualdad: Prevenci\u00f3n y Erradicaci\u00f3n de la Violencia de G\u00e9nero.","og_url":"https:\/\/ffyh.unc.edu.ar\/extension\/2021\/11\/02\/titeres-para-educar-en-igualdad-2\/","og_site_name":"Secretar\u00eda de Extensi\u00f3n","article_publisher":"https:\/\/www.facebook.com\/extensionffyh","article_published_time":"2021-11-02T15:01:13+00:00","article_modified_time":"2021-11-02T15:29:57+00:00","og_image":[{"width":894,"height":567,"url":"https:\/\/ffyh.unc.edu.ar\/extension\/wp-content\/uploads\/sites\/2\/2021\/11\/WhatsApp-Image-2021-11-02-at-11.03.25.jpeg","type":"image\/jpeg"}],"author":"extension","twitter_card":"summary_large_image","twitter_misc":{"Escrito por":false,"Tiempo de lectura":"3 minutos"},"schema":{"@context":"https:\/\/schema.org","@graph":[{"@type":"Article","@id":"https:\/\/ffyh.unc.edu.ar\/extension\/2021\/11\/02\/titeres-para-educar-en-igualdad-2\/#article","isPartOf":{"@id":"https:\/\/ffyh.unc.edu.ar\/extension\/2021\/11\/02\/titeres-para-educar-en-igualdad-2\/"},"author":{"name":"extension","@id":"https:\/\/ffyh.unc.edu.ar\/extension\/#\/schema\/person\/c429cdff3a192a7081944182246c3689"},"headline":"T\u00edteres para educar en igualdad","datePublished":"2021-11-02T15:01:13+00:00","dateModified":"2021-11-02T15:29:57+00:00","mainEntityOfPage":{"@id":"https:\/\/ffyh.unc.edu.ar\/extension\/2021\/11\/02\/titeres-para-educar-en-igualdad-2\/"},"wordCount":554,"publisher":{"@id":"https:\/\/ffyh.unc.edu.ar\/extension\/#organization"},"image":{"@id":"https:\/\/ffyh.unc.edu.ar\/extension\/2021\/11\/02\/titeres-para-educar-en-igualdad-2\/#primaryimage"},"thumbnailUrl":"https:\/\/ffyh.unc.edu.ar\/extension\/wp-content\/uploads\/sites\/2\/2021\/11\/WhatsApp-Image-2021-11-02-at-11.03.25.jpeg","keywords":["intervenci\u00f3n y acompa\u00f1amiento territorial"],"articleSection":["Experiencias en territorio","Noticias"],"inLanguage":"es"},{"@type":"WebPage","@id":"https:\/\/ffyh.unc.edu.ar\/extension\/2021\/11\/02\/titeres-para-educar-en-igualdad-2\/","url":"https:\/\/ffyh.unc.edu.ar\/extension\/2021\/11\/02\/titeres-para-educar-en-igualdad-2\/","name":"T\u00edteres para educar en igualdad - Secretar\u00eda de Extensi\u00f3n","isPartOf":{"@id":"https:\/\/ffyh.unc.edu.ar\/extension\/#website"},"primaryImageOfPage":{"@id":"https:\/\/ffyh.unc.edu.ar\/extension\/2021\/11\/02\/titeres-para-educar-en-igualdad-2\/#primaryimage"},"image":{"@id":"https:\/\/ffyh.unc.edu.ar\/extension\/2021\/11\/02\/titeres-para-educar-en-igualdad-2\/#primaryimage"},"thumbnailUrl":"https:\/\/ffyh.unc.edu.ar\/extension\/wp-content\/uploads\/sites\/2\/2021\/11\/WhatsApp-Image-2021-11-02-at-11.03.25.jpeg","datePublished":"2021-11-02T15:01:13+00:00","dateModified":"2021-11-02T15:29:57+00:00","breadcrumb":{"@id":"https:\/\/ffyh.unc.edu.ar\/extension\/2021\/11\/02\/titeres-para-educar-en-igualdad-2\/#breadcrumb"},"inLanguage":"es","potentialAction":[{"@type":"ReadAction","target":["https:\/\/ffyh.unc.edu.ar\/extension\/2021\/11\/02\/titeres-para-educar-en-igualdad-2\/"]}]},{"@type":"ImageObject","inLanguage":"es","@id":"https:\/\/ffyh.unc.edu.ar\/extension\/2021\/11\/02\/titeres-para-educar-en-igualdad-2\/#primaryimage","url":"https:\/\/ffyh.unc.edu.ar\/extension\/wp-content\/uploads\/sites\/2\/2021\/11\/WhatsApp-Image-2021-11-02-at-11.03.25.jpeg","contentUrl":"https:\/\/ffyh.unc.edu.ar\/extension\/wp-content\/uploads\/sites\/2\/2021\/11\/WhatsApp-Image-2021-11-02-at-11.03.25.jpeg","width":894,"height":567},{"@type":"BreadcrumbList","@id":"https:\/\/ffyh.unc.edu.ar\/extension\/2021\/11\/02\/titeres-para-educar-en-igualdad-2\/#breadcrumb","itemListElement":[{"@type":"ListItem","position":1,"name":"Portada","item":"https:\/\/ffyh.unc.edu.ar\/extension\/"},{"@type":"ListItem","position":2,"name":"T\u00edteres para educar en igualdad"}]},{"@type":"WebSite","@id":"https:\/\/ffyh.unc.edu.ar\/extension\/#website","url":"https:\/\/ffyh.unc.edu.ar\/extension\/","name":"Secretar\u00eda de Extensi\u00f3n","description":"Facultad de Filosof\u00eda y Humanidades - Universidad Nacional de C\u00f3rdoba","publisher":{"@id":"https:\/\/ffyh.unc.edu.ar\/extension\/#organization"},"potentialAction":[{"@type":"SearchAction","target":{"@type":"EntryPoint","urlTemplate":"https:\/\/ffyh.unc.edu.ar\/extension\/?s={search_term_string}"},"query-input":{"@type":"PropertyValueSpecification","valueRequired":true,"valueName":"search_term_string"}}],"inLanguage":"es"},{"@type":"Organization","@id":"https:\/\/ffyh.unc.edu.ar\/extension\/#organization","name":"Secretar\u00eda de Extensi\u00f3n - Facultad de Filosof\u00eda y Humanidades - Universidad Nacional de C\u00f3rdoba","url":"https:\/\/ffyh.unc.edu.ar\/extension\/","logo":{"@type":"ImageObject","inLanguage":"es","@id":"https:\/\/ffyh.unc.edu.ar\/extension\/#\/schema\/logo\/image\/","url":"https:\/\/ffyh.unc.edu.ar\/extension\/wp-content\/uploads\/sites\/2\/2018\/08\/logo-extension-chico.jpg","contentUrl":"https:\/\/ffyh.unc.edu.ar\/extension\/wp-content\/uploads\/sites\/2\/2018\/08\/logo-extension-chico.jpg","width":314,"height":119,"caption":"Secretar\u00eda de Extensi\u00f3n - Facultad de Filosof\u00eda y Humanidades - Universidad Nacional de C\u00f3rdoba"},"image":{"@id":"https:\/\/ffyh.unc.edu.ar\/extension\/#\/schema\/logo\/image\/"},"sameAs":["https:\/\/www.facebook.com\/extensionffyh","https:\/\/www.instagram.com\/extensionffyh\/","https:\/\/www.youtube.com\/channel\/UCTgN4nvMQE7ktBcgujEI-EA"]},{"@type":"Person","@id":"https:\/\/ffyh.unc.edu.ar\/extension\/#\/schema\/person\/c429cdff3a192a7081944182246c3689","name":"extension","url":"https:\/\/ffyh.unc.edu.ar\/extension\/author\/extension\/"}]}},"jetpack_featured_media_url":"https:\/\/ffyh.unc.edu.ar\/extension\/wp-content\/uploads\/sites\/2\/2021\/11\/WhatsApp-Image-2021-11-02-at-11.03.25.jpeg","_links":{"self":[{"href":"https:\/\/ffyh.unc.edu.ar\/extension\/wp-json\/wp\/v2\/posts\/5494","targetHints":{"allow":["GET"]}}],"collection":[{"href":"https:\/\/ffyh.unc.edu.ar\/extension\/wp-json\/wp\/v2\/posts"}],"about":[{"href":"https:\/\/ffyh.unc.edu.ar\/extension\/wp-json\/wp\/v2\/types\/post"}],"author":[{"embeddable":true,"href":"https:\/\/ffyh.unc.edu.ar\/extension\/wp-json\/wp\/v2\/users\/3"}],"replies":[{"embeddable":true,"href":"https:\/\/ffyh.unc.edu.ar\/extension\/wp-json\/wp\/v2\/comments?post=5494"}],"version-history":[{"count":2,"href":"https:\/\/ffyh.unc.edu.ar\/extension\/wp-json\/wp\/v2\/posts\/5494\/revisions"}],"predecessor-version":[{"id":5496,"href":"https:\/\/ffyh.unc.edu.ar\/extension\/wp-json\/wp\/v2\/posts\/5494\/revisions\/5496"}],"wp:featuredmedia":[{"embeddable":true,"href":"https:\/\/ffyh.unc.edu.ar\/extension\/wp-json\/wp\/v2\/media\/5491"}],"wp:attachment":[{"href":"https:\/\/ffyh.unc.edu.ar\/extension\/wp-json\/wp\/v2\/media?parent=5494"}],"wp:term":[{"taxonomy":"category","embeddable":true,"href":"https:\/\/ffyh.unc.edu.ar\/extension\/wp-json\/wp\/v2\/categories?post=5494"},{"taxonomy":"post_tag","embeddable":true,"href":"https:\/\/ffyh.unc.edu.ar\/extension\/wp-json\/wp\/v2\/tags?post=5494"}],"curies":[{"name":"wp","href":"https:\/\/api.w.org\/{rel}","templated":true}]}}