{"id":5541,"date":"2022-02-08T12:12:23","date_gmt":"2022-02-08T12:12:23","guid":{"rendered":"https:\/\/ffyh.unc.edu.ar\/extension\/?p=5541"},"modified":"2022-02-08T14:17:30","modified_gmt":"2022-02-08T14:17:30","slug":"historias-de-verano-historias-de-otono-cursos-de-historia-para-adultos-mayores","status":"publish","type":"post","link":"https:\/\/ffyh.unc.edu.ar\/extension\/2022\/02\/08\/historias-de-verano-historias-de-otono-cursos-de-historia-para-adultos-mayores\/","title":{"rendered":"Historias de verano. Historias de oto\u00f1o. Cursos de historia para adultos mayores"},"content":{"rendered":"<p>La Secretar\u00eda de Extensi\u00f3n y la Escuela de Historia de la FFyH invitan a participar de los cursos virtuales <em><strong>Historias de verano. Historias de oto\u00f1o<\/strong><\/em>, destinados a adultos mayores interesados en temas y problemas hist\u00f3ricos, quienes <strong>no necesariamente <\/strong>deben contar con formaci\u00f3n acad\u00e9mica previa.<\/p>\n<p>La propuesta, que estar\u00e1 a cargo de equipos de docentes, egresados y estudiantes de la Escuela de Historia de nuestra Facultad, busca poner en di\u00e1logo saberes de los y las participantes en tanto impulsores del recuerdo, a partir de las propias vivencias e interpretaciones de momentos hist\u00f3ricos claves.<\/p>\n<p>La invitaci\u00f3n es a revisitar esos saberes poni\u00e9ndolos en contraste, complementariedad o interpel\u00e1ndolos desde el conocimiento hist\u00f3rico.<\/p>\n<p><strong>Modalidad<\/strong><\/p>\n<p>Se dictar\u00e1n de manera virtual, a trav\u00e9s de la plataforma<strong> meet. <\/strong>La duraci\u00f3n es de <strong>4 encuentros por curso<\/strong> y se dictar\u00e1n <strong>una vez por semana<\/strong>. Cada encuentro durar\u00e1 2 horas.<\/p>\n<p><strong>Gratuitos. Con cupo<\/strong><\/p>\n<h4><strong>Historias de verano<\/strong><\/h4>\n<p><strong>Inician:<\/strong> 21 de febrero<\/p>\n<p><strong>Finalizan:<\/strong> 25 de marzo<\/p>\n<h4><img loading=\"lazy\" decoding=\"async\" class=\"alignnone wp-image-5542 size-large\" src=\"http:\/\/ffyh.unc.edu.ar\/extension\/wp-content\/uploads\/sites\/2\/2022\/02\/flyer-gral-verano-1024x1024.jpeg\" alt=\"\" width=\"800\" height=\"800\" srcset=\"https:\/\/ffyh.unc.edu.ar\/extension\/wp-content\/uploads\/sites\/2\/2022\/02\/flyer-gral-verano-1024x1024.jpeg 1024w, https:\/\/ffyh.unc.edu.ar\/extension\/wp-content\/uploads\/sites\/2\/2022\/02\/flyer-gral-verano-300x300.jpeg 300w, https:\/\/ffyh.unc.edu.ar\/extension\/wp-content\/uploads\/sites\/2\/2022\/02\/flyer-gral-verano-150x150.jpeg 150w, https:\/\/ffyh.unc.edu.ar\/extension\/wp-content\/uploads\/sites\/2\/2022\/02\/flyer-gral-verano-768x768.jpeg 768w, https:\/\/ffyh.unc.edu.ar\/extension\/wp-content\/uploads\/sites\/2\/2022\/02\/flyer-gral-verano.jpeg 1280w\" sizes=\"auto, (max-width: 800px) 100vw, 800px\" \/><\/h4>\n<h4><strong>Historias de oto\u00f1o<\/strong><\/h4>\n<p><strong>Inician:<\/strong> 28 de marzo<\/p>\n<p><strong>Finalizan:<\/strong> 29 de abril<\/p>\n<p><img loading=\"lazy\" decoding=\"async\" class=\"alignnone size-large wp-image-5543\" src=\"http:\/\/ffyh.unc.edu.ar\/extension\/wp-content\/uploads\/sites\/2\/2022\/02\/flyer-gral-otono-1024x1024.jpeg\" alt=\"\" width=\"800\" height=\"800\" srcset=\"https:\/\/ffyh.unc.edu.ar\/extension\/wp-content\/uploads\/sites\/2\/2022\/02\/flyer-gral-otono-1024x1024.jpeg 1024w, https:\/\/ffyh.unc.edu.ar\/extension\/wp-content\/uploads\/sites\/2\/2022\/02\/flyer-gral-otono-300x300.jpeg 300w, https:\/\/ffyh.unc.edu.ar\/extension\/wp-content\/uploads\/sites\/2\/2022\/02\/flyer-gral-otono-150x150.jpeg 150w, https:\/\/ffyh.unc.edu.ar\/extension\/wp-content\/uploads\/sites\/2\/2022\/02\/flyer-gral-otono-768x768.jpeg 768w, https:\/\/ffyh.unc.edu.ar\/extension\/wp-content\/uploads\/sites\/2\/2022\/02\/flyer-gral-otono.jpeg 1280w\" sizes=\"auto, (max-width: 800px) 100vw, 800px\" \/><\/p>\n<p>&nbsp;<\/p>\n<h4><strong>Para inscribirse y ver informaci\u00f3n detallada de cada curso hacer clic <a href=\"https:\/\/ffyh.unc.edu.ar\/historia\/extension-historia\/\" target=\"_blank\" rel=\"noopener\">AQU\u00cd<\/a><\/strong><\/h4>\n<p>&nbsp;<\/p>\n<p>&nbsp;<\/p>\n","protected":false},"excerpt":{"rendered":"<p>La Secretar\u00eda de Extensi\u00f3n y la Escuela de Historia de la FFyH invitan a participar de los cursos virtuales Historias<\/p>\n","protected":false},"author":3,"featured_media":5557,"comment_status":"closed","ping_status":"closed","sticky":false,"template":"","format":"standard","meta":{"_acf_changed":false,"colormag_page_container_layout":"default_layout","colormag_page_sidebar_layout":"default_layout","footnotes":""},"categories":[12],"tags":[],"class_list":["post-5541","post","type-post","status-publish","format-standard","has-post-thumbnail","hentry","category-noticias"],"acf":[],"yoast_head":"<!-- This site is optimized with the Yoast SEO plugin v27.1.1 - https:\/\/yoast.com\/product\/yoast-seo-wordpress\/ -->\n<title>Historias de verano. Historias de oto\u00f1o. Cursos de historia para adultos mayores - Secretar\u00eda de Extensi\u00f3n<\/title>\n<meta name=\"robots\" content=\"index, follow, max-snippet:-1, max-image-preview:large, max-video-preview:-1\" \/>\n<link rel=\"canonical\" href=\"https:\/\/ffyh.unc.edu.ar\/extension\/2022\/02\/08\/historias-de-verano-historias-de-otono-cursos-de-historia-para-adultos-mayores\/\" \/>\n<meta property=\"og:locale\" content=\"es_ES\" \/>\n<meta property=\"og:type\" content=\"article\" \/>\n<meta property=\"og:title\" content=\"Historias de verano. Historias de oto\u00f1o. Cursos de historia para adultos mayores - Secretar\u00eda de Extensi\u00f3n\" \/>\n<meta property=\"og:description\" content=\"La Secretar\u00eda de Extensi\u00f3n y la Escuela de Historia de la FFyH invitan a participar de los cursos virtuales Historias\" \/>\n<meta property=\"og:url\" content=\"https:\/\/ffyh.unc.edu.ar\/extension\/2022\/02\/08\/historias-de-verano-historias-de-otono-cursos-de-historia-para-adultos-mayores\/\" \/>\n<meta property=\"og:site_name\" content=\"Secretar\u00eda de Extensi\u00f3n\" \/>\n<meta property=\"article:publisher\" content=\"https:\/\/www.facebook.com\/extensionffyh\" \/>\n<meta property=\"article:published_time\" content=\"2022-02-08T12:12:23+00:00\" \/>\n<meta property=\"article:modified_time\" content=\"2022-02-08T14:17:30+00:00\" \/>\n<meta property=\"og:image\" content=\"http:\/\/ffyh.unc.edu.ar\/extension\/wp-content\/uploads\/sites\/2\/2022\/02\/cursos-de-verano-1.png\" \/>\n\t<meta property=\"og:image:width\" content=\"802\" \/>\n\t<meta property=\"og:image:height\" content=\"246\" \/>\n\t<meta property=\"og:image:type\" content=\"image\/png\" \/>\n<meta name=\"author\" content=\"extension\" \/>\n<meta name=\"twitter:card\" content=\"summary_large_image\" \/>\n<meta name=\"twitter:label1\" content=\"Escrito por\" \/>\n\t<meta name=\"twitter:data1\" content=\"\" \/>\n\t<meta name=\"twitter:label2\" content=\"Tiempo de lectura\" \/>\n\t<meta name=\"twitter:data2\" content=\"2 minutos\" \/>\n<script type=\"application\/ld+json\" class=\"yoast-schema-graph\">{\"@context\":\"https:\/\/schema.org\",\"@graph\":[{\"@type\":\"Article\",\"@id\":\"https:\/\/ffyh.unc.edu.ar\/extension\/2022\/02\/08\/historias-de-verano-historias-de-otono-cursos-de-historia-para-adultos-mayores\/#article\",\"isPartOf\":{\"@id\":\"https:\/\/ffyh.unc.edu.ar\/extension\/2022\/02\/08\/historias-de-verano-historias-de-otono-cursos-de-historia-para-adultos-mayores\/\"},\"author\":{\"name\":\"extension\",\"@id\":\"https:\/\/ffyh.unc.edu.ar\/extension\/#\/schema\/person\/c429cdff3a192a7081944182246c3689\"},\"headline\":\"Historias de verano. Historias de oto\u00f1o. Cursos de historia para adultos mayores\",\"datePublished\":\"2022-02-08T12:12:23+00:00\",\"dateModified\":\"2022-02-08T14:17:30+00:00\",\"mainEntityOfPage\":{\"@id\":\"https:\/\/ffyh.unc.edu.ar\/extension\/2022\/02\/08\/historias-de-verano-historias-de-otono-cursos-de-historia-para-adultos-mayores\/\"},\"wordCount\":206,\"publisher\":{\"@id\":\"https:\/\/ffyh.unc.edu.ar\/extension\/#organization\"},\"image\":{\"@id\":\"https:\/\/ffyh.unc.edu.ar\/extension\/2022\/02\/08\/historias-de-verano-historias-de-otono-cursos-de-historia-para-adultos-mayores\/#primaryimage\"},\"thumbnailUrl\":\"https:\/\/ffyh.unc.edu.ar\/extension\/wp-content\/uploads\/sites\/2\/2022\/02\/cursos-de-verano-1.png\",\"articleSection\":[\"Noticias\"],\"inLanguage\":\"es\"},{\"@type\":\"WebPage\",\"@id\":\"https:\/\/ffyh.unc.edu.ar\/extension\/2022\/02\/08\/historias-de-verano-historias-de-otono-cursos-de-historia-para-adultos-mayores\/\",\"url\":\"https:\/\/ffyh.unc.edu.ar\/extension\/2022\/02\/08\/historias-de-verano-historias-de-otono-cursos-de-historia-para-adultos-mayores\/\",\"name\":\"Historias de verano. Historias de oto\u00f1o. Cursos de historia para adultos mayores - Secretar\u00eda de Extensi\u00f3n\",\"isPartOf\":{\"@id\":\"https:\/\/ffyh.unc.edu.ar\/extension\/#website\"},\"primaryImageOfPage\":{\"@id\":\"https:\/\/ffyh.unc.edu.ar\/extension\/2022\/02\/08\/historias-de-verano-historias-de-otono-cursos-de-historia-para-adultos-mayores\/#primaryimage\"},\"image\":{\"@id\":\"https:\/\/ffyh.unc.edu.ar\/extension\/2022\/02\/08\/historias-de-verano-historias-de-otono-cursos-de-historia-para-adultos-mayores\/#primaryimage\"},\"thumbnailUrl\":\"https:\/\/ffyh.unc.edu.ar\/extension\/wp-content\/uploads\/sites\/2\/2022\/02\/cursos-de-verano-1.png\",\"datePublished\":\"2022-02-08T12:12:23+00:00\",\"dateModified\":\"2022-02-08T14:17:30+00:00\",\"breadcrumb\":{\"@id\":\"https:\/\/ffyh.unc.edu.ar\/extension\/2022\/02\/08\/historias-de-verano-historias-de-otono-cursos-de-historia-para-adultos-mayores\/#breadcrumb\"},\"inLanguage\":\"es\",\"potentialAction\":[{\"@type\":\"ReadAction\",\"target\":[\"https:\/\/ffyh.unc.edu.ar\/extension\/2022\/02\/08\/historias-de-verano-historias-de-otono-cursos-de-historia-para-adultos-mayores\/\"]}]},{\"@type\":\"ImageObject\",\"inLanguage\":\"es\",\"@id\":\"https:\/\/ffyh.unc.edu.ar\/extension\/2022\/02\/08\/historias-de-verano-historias-de-otono-cursos-de-historia-para-adultos-mayores\/#primaryimage\",\"url\":\"https:\/\/ffyh.unc.edu.ar\/extension\/wp-content\/uploads\/sites\/2\/2022\/02\/cursos-de-verano-1.png\",\"contentUrl\":\"https:\/\/ffyh.unc.edu.ar\/extension\/wp-content\/uploads\/sites\/2\/2022\/02\/cursos-de-verano-1.png\",\"width\":802,\"height\":246},{\"@type\":\"BreadcrumbList\",\"@id\":\"https:\/\/ffyh.unc.edu.ar\/extension\/2022\/02\/08\/historias-de-verano-historias-de-otono-cursos-de-historia-para-adultos-mayores\/#breadcrumb\",\"itemListElement\":[{\"@type\":\"ListItem\",\"position\":1,\"name\":\"Portada\",\"item\":\"https:\/\/ffyh.unc.edu.ar\/extension\/\"},{\"@type\":\"ListItem\",\"position\":2,\"name\":\"Historias de verano. Historias de oto\u00f1o. Cursos de historia para adultos mayores\"}]},{\"@type\":\"WebSite\",\"@id\":\"https:\/\/ffyh.unc.edu.ar\/extension\/#website\",\"url\":\"https:\/\/ffyh.unc.edu.ar\/extension\/\",\"name\":\"Secretar\u00eda de Extensi\u00f3n\",\"description\":\"Facultad de Filosof\u00eda y Humanidades - Universidad Nacional de C\u00f3rdoba\",\"publisher\":{\"@id\":\"https:\/\/ffyh.unc.edu.ar\/extension\/#organization\"},\"potentialAction\":[{\"@type\":\"SearchAction\",\"target\":{\"@type\":\"EntryPoint\",\"urlTemplate\":\"https:\/\/ffyh.unc.edu.ar\/extension\/?s={search_term_string}\"},\"query-input\":{\"@type\":\"PropertyValueSpecification\",\"valueRequired\":true,\"valueName\":\"search_term_string\"}}],\"inLanguage\":\"es\"},{\"@type\":\"Organization\",\"@id\":\"https:\/\/ffyh.unc.edu.ar\/extension\/#organization\",\"name\":\"Secretar\u00eda de Extensi\u00f3n - Facultad de Filosof\u00eda y Humanidades - Universidad Nacional de C\u00f3rdoba\",\"url\":\"https:\/\/ffyh.unc.edu.ar\/extension\/\",\"logo\":{\"@type\":\"ImageObject\",\"inLanguage\":\"es\",\"@id\":\"https:\/\/ffyh.unc.edu.ar\/extension\/#\/schema\/logo\/image\/\",\"url\":\"https:\/\/ffyh.unc.edu.ar\/extension\/wp-content\/uploads\/sites\/2\/2018\/08\/logo-extension-chico.jpg\",\"contentUrl\":\"https:\/\/ffyh.unc.edu.ar\/extension\/wp-content\/uploads\/sites\/2\/2018\/08\/logo-extension-chico.jpg\",\"width\":314,\"height\":119,\"caption\":\"Secretar\u00eda de Extensi\u00f3n - Facultad de Filosof\u00eda y Humanidades - Universidad Nacional de C\u00f3rdoba\"},\"image\":{\"@id\":\"https:\/\/ffyh.unc.edu.ar\/extension\/#\/schema\/logo\/image\/\"},\"sameAs\":[\"https:\/\/www.facebook.com\/extensionffyh\",\"https:\/\/www.instagram.com\/extensionffyh\/\",\"https:\/\/www.youtube.com\/channel\/UCTgN4nvMQE7ktBcgujEI-EA\"]},{\"@type\":\"Person\",\"@id\":\"https:\/\/ffyh.unc.edu.ar\/extension\/#\/schema\/person\/c429cdff3a192a7081944182246c3689\",\"name\":\"extension\",\"url\":\"https:\/\/ffyh.unc.edu.ar\/extension\/author\/extension\/\"}]}<\/script>\n<!-- \/ Yoast SEO plugin. -->","yoast_head_json":{"title":"Historias de verano. Historias de oto\u00f1o. Cursos de historia para adultos mayores - Secretar\u00eda de Extensi\u00f3n","robots":{"index":"index","follow":"follow","max-snippet":"max-snippet:-1","max-image-preview":"max-image-preview:large","max-video-preview":"max-video-preview:-1"},"canonical":"https:\/\/ffyh.unc.edu.ar\/extension\/2022\/02\/08\/historias-de-verano-historias-de-otono-cursos-de-historia-para-adultos-mayores\/","og_locale":"es_ES","og_type":"article","og_title":"Historias de verano. Historias de oto\u00f1o. Cursos de historia para adultos mayores - Secretar\u00eda de Extensi\u00f3n","og_description":"La Secretar\u00eda de Extensi\u00f3n y la Escuela de Historia de la FFyH invitan a participar de los cursos virtuales Historias","og_url":"https:\/\/ffyh.unc.edu.ar\/extension\/2022\/02\/08\/historias-de-verano-historias-de-otono-cursos-de-historia-para-adultos-mayores\/","og_site_name":"Secretar\u00eda de Extensi\u00f3n","article_publisher":"https:\/\/www.facebook.com\/extensionffyh","article_published_time":"2022-02-08T12:12:23+00:00","article_modified_time":"2022-02-08T14:17:30+00:00","og_image":[{"width":802,"height":246,"url":"http:\/\/ffyh.unc.edu.ar\/extension\/wp-content\/uploads\/sites\/2\/2022\/02\/cursos-de-verano-1.png","type":"image\/png"}],"author":"extension","twitter_card":"summary_large_image","twitter_misc":{"Escrito por":false,"Tiempo de lectura":"2 minutos"},"schema":{"@context":"https:\/\/schema.org","@graph":[{"@type":"Article","@id":"https:\/\/ffyh.unc.edu.ar\/extension\/2022\/02\/08\/historias-de-verano-historias-de-otono-cursos-de-historia-para-adultos-mayores\/#article","isPartOf":{"@id":"https:\/\/ffyh.unc.edu.ar\/extension\/2022\/02\/08\/historias-de-verano-historias-de-otono-cursos-de-historia-para-adultos-mayores\/"},"author":{"name":"extension","@id":"https:\/\/ffyh.unc.edu.ar\/extension\/#\/schema\/person\/c429cdff3a192a7081944182246c3689"},"headline":"Historias de verano. Historias de oto\u00f1o. Cursos de historia para adultos mayores","datePublished":"2022-02-08T12:12:23+00:00","dateModified":"2022-02-08T14:17:30+00:00","mainEntityOfPage":{"@id":"https:\/\/ffyh.unc.edu.ar\/extension\/2022\/02\/08\/historias-de-verano-historias-de-otono-cursos-de-historia-para-adultos-mayores\/"},"wordCount":206,"publisher":{"@id":"https:\/\/ffyh.unc.edu.ar\/extension\/#organization"},"image":{"@id":"https:\/\/ffyh.unc.edu.ar\/extension\/2022\/02\/08\/historias-de-verano-historias-de-otono-cursos-de-historia-para-adultos-mayores\/#primaryimage"},"thumbnailUrl":"https:\/\/ffyh.unc.edu.ar\/extension\/wp-content\/uploads\/sites\/2\/2022\/02\/cursos-de-verano-1.png","articleSection":["Noticias"],"inLanguage":"es"},{"@type":"WebPage","@id":"https:\/\/ffyh.unc.edu.ar\/extension\/2022\/02\/08\/historias-de-verano-historias-de-otono-cursos-de-historia-para-adultos-mayores\/","url":"https:\/\/ffyh.unc.edu.ar\/extension\/2022\/02\/08\/historias-de-verano-historias-de-otono-cursos-de-historia-para-adultos-mayores\/","name":"Historias de verano. Historias de oto\u00f1o. Cursos de historia para adultos mayores - Secretar\u00eda de Extensi\u00f3n","isPartOf":{"@id":"https:\/\/ffyh.unc.edu.ar\/extension\/#website"},"primaryImageOfPage":{"@id":"https:\/\/ffyh.unc.edu.ar\/extension\/2022\/02\/08\/historias-de-verano-historias-de-otono-cursos-de-historia-para-adultos-mayores\/#primaryimage"},"image":{"@id":"https:\/\/ffyh.unc.edu.ar\/extension\/2022\/02\/08\/historias-de-verano-historias-de-otono-cursos-de-historia-para-adultos-mayores\/#primaryimage"},"thumbnailUrl":"https:\/\/ffyh.unc.edu.ar\/extension\/wp-content\/uploads\/sites\/2\/2022\/02\/cursos-de-verano-1.png","datePublished":"2022-02-08T12:12:23+00:00","dateModified":"2022-02-08T14:17:30+00:00","breadcrumb":{"@id":"https:\/\/ffyh.unc.edu.ar\/extension\/2022\/02\/08\/historias-de-verano-historias-de-otono-cursos-de-historia-para-adultos-mayores\/#breadcrumb"},"inLanguage":"es","potentialAction":[{"@type":"ReadAction","target":["https:\/\/ffyh.unc.edu.ar\/extension\/2022\/02\/08\/historias-de-verano-historias-de-otono-cursos-de-historia-para-adultos-mayores\/"]}]},{"@type":"ImageObject","inLanguage":"es","@id":"https:\/\/ffyh.unc.edu.ar\/extension\/2022\/02\/08\/historias-de-verano-historias-de-otono-cursos-de-historia-para-adultos-mayores\/#primaryimage","url":"https:\/\/ffyh.unc.edu.ar\/extension\/wp-content\/uploads\/sites\/2\/2022\/02\/cursos-de-verano-1.png","contentUrl":"https:\/\/ffyh.unc.edu.ar\/extension\/wp-content\/uploads\/sites\/2\/2022\/02\/cursos-de-verano-1.png","width":802,"height":246},{"@type":"BreadcrumbList","@id":"https:\/\/ffyh.unc.edu.ar\/extension\/2022\/02\/08\/historias-de-verano-historias-de-otono-cursos-de-historia-para-adultos-mayores\/#breadcrumb","itemListElement":[{"@type":"ListItem","position":1,"name":"Portada","item":"https:\/\/ffyh.unc.edu.ar\/extension\/"},{"@type":"ListItem","position":2,"name":"Historias de verano. Historias de oto\u00f1o. Cursos de historia para adultos mayores"}]},{"@type":"WebSite","@id":"https:\/\/ffyh.unc.edu.ar\/extension\/#website","url":"https:\/\/ffyh.unc.edu.ar\/extension\/","name":"Secretar\u00eda de Extensi\u00f3n","description":"Facultad de Filosof\u00eda y Humanidades - Universidad Nacional de C\u00f3rdoba","publisher":{"@id":"https:\/\/ffyh.unc.edu.ar\/extension\/#organization"},"potentialAction":[{"@type":"SearchAction","target":{"@type":"EntryPoint","urlTemplate":"https:\/\/ffyh.unc.edu.ar\/extension\/?s={search_term_string}"},"query-input":{"@type":"PropertyValueSpecification","valueRequired":true,"valueName":"search_term_string"}}],"inLanguage":"es"},{"@type":"Organization","@id":"https:\/\/ffyh.unc.edu.ar\/extension\/#organization","name":"Secretar\u00eda de Extensi\u00f3n - Facultad de Filosof\u00eda y Humanidades - Universidad Nacional de C\u00f3rdoba","url":"https:\/\/ffyh.unc.edu.ar\/extension\/","logo":{"@type":"ImageObject","inLanguage":"es","@id":"https:\/\/ffyh.unc.edu.ar\/extension\/#\/schema\/logo\/image\/","url":"https:\/\/ffyh.unc.edu.ar\/extension\/wp-content\/uploads\/sites\/2\/2018\/08\/logo-extension-chico.jpg","contentUrl":"https:\/\/ffyh.unc.edu.ar\/extension\/wp-content\/uploads\/sites\/2\/2018\/08\/logo-extension-chico.jpg","width":314,"height":119,"caption":"Secretar\u00eda de Extensi\u00f3n - Facultad de Filosof\u00eda y Humanidades - Universidad Nacional de C\u00f3rdoba"},"image":{"@id":"https:\/\/ffyh.unc.edu.ar\/extension\/#\/schema\/logo\/image\/"},"sameAs":["https:\/\/www.facebook.com\/extensionffyh","https:\/\/www.instagram.com\/extensionffyh\/","https:\/\/www.youtube.com\/channel\/UCTgN4nvMQE7ktBcgujEI-EA"]},{"@type":"Person","@id":"https:\/\/ffyh.unc.edu.ar\/extension\/#\/schema\/person\/c429cdff3a192a7081944182246c3689","name":"extension","url":"https:\/\/ffyh.unc.edu.ar\/extension\/author\/extension\/"}]}},"jetpack_featured_media_url":"https:\/\/ffyh.unc.edu.ar\/extension\/wp-content\/uploads\/sites\/2\/2022\/02\/cursos-de-verano-1.png","_links":{"self":[{"href":"https:\/\/ffyh.unc.edu.ar\/extension\/wp-json\/wp\/v2\/posts\/5541","targetHints":{"allow":["GET"]}}],"collection":[{"href":"https:\/\/ffyh.unc.edu.ar\/extension\/wp-json\/wp\/v2\/posts"}],"about":[{"href":"https:\/\/ffyh.unc.edu.ar\/extension\/wp-json\/wp\/v2\/types\/post"}],"author":[{"embeddable":true,"href":"https:\/\/ffyh.unc.edu.ar\/extension\/wp-json\/wp\/v2\/users\/3"}],"replies":[{"embeddable":true,"href":"https:\/\/ffyh.unc.edu.ar\/extension\/wp-json\/wp\/v2\/comments?post=5541"}],"version-history":[{"count":6,"href":"https:\/\/ffyh.unc.edu.ar\/extension\/wp-json\/wp\/v2\/posts\/5541\/revisions"}],"predecessor-version":[{"id":5554,"href":"https:\/\/ffyh.unc.edu.ar\/extension\/wp-json\/wp\/v2\/posts\/5541\/revisions\/5554"}],"wp:featuredmedia":[{"embeddable":true,"href":"https:\/\/ffyh.unc.edu.ar\/extension\/wp-json\/wp\/v2\/media\/5557"}],"wp:attachment":[{"href":"https:\/\/ffyh.unc.edu.ar\/extension\/wp-json\/wp\/v2\/media?parent=5541"}],"wp:term":[{"taxonomy":"category","embeddable":true,"href":"https:\/\/ffyh.unc.edu.ar\/extension\/wp-json\/wp\/v2\/categories?post=5541"},{"taxonomy":"post_tag","embeddable":true,"href":"https:\/\/ffyh.unc.edu.ar\/extension\/wp-json\/wp\/v2\/tags?post=5541"}],"curies":[{"name":"wp","href":"https:\/\/api.w.org\/{rel}","templated":true}]}}