{"id":5559,"date":"2022-02-09T18:49:33","date_gmt":"2022-02-09T18:49:33","guid":{"rendered":"https:\/\/ffyh.unc.edu.ar\/extension\/?p=5559"},"modified":"2025-03-26T13:21:05","modified_gmt":"2025-03-26T13:21:05","slug":"convocatoria-revista-ee-estudios-de-extension-en-humanidades-volumen-9-numero13","status":"publish","type":"post","link":"https:\/\/ffyh.unc.edu.ar\/extension\/2022\/02\/09\/convocatoria-revista-ee-estudios-de-extension-en-humanidades-volumen-9-numero13\/","title":{"rendered":"Convocatoria revista E+E: estudios de extensi\u00f3n en humanidades. Volumen 9, n\u00famero13"},"content":{"rendered":"<header class=\"entry-header\">La Secretar\u00eda de Extensi\u00f3n de la Facultad de Filosof\u00eda y Humanidades de la UNC informa que est\u00e1 abierta la Convocatoria para participar del <strong>volumen 9, n\u00famero 13 <\/strong>de la revista\u00a0<strong><em>E+E:estudios de extensi\u00f3n en humanidades<\/em><\/strong>. El tema en esta oportunidad es NI\u00d1ECES, ADOLESCENCIAS Y JUVENTUDES EN TERRITORIO: LOS SABERES DE LA EXTENSI\u00d3N y es coordinado por Marina Yazyi y Susana Andrada. \u00a0La revista <em>e+e: estudios de extensi\u00f3n en humanidades\u00a0<\/em>es una publicaci\u00f3n de la Secretar\u00eda de Extensi\u00f3n de la Facultad de Filosof\u00eda y Humanidades de la UNC que abre un espacio editorial para la conceptualizaci\u00f3n pol\u00edtica y acad\u00e9mica de la extensi\u00f3n en humanidades en el marco de la universidad p\u00fablica. Se asumen como ejes el di\u00e1logo de saberes y la integralidad de funciones universitarias en tanto los consideramos orientadores de la tarea extensionista.\u00a0<em>e+e<\/em>\u00a0tiene por objetivos (a) interpelar los aprendizajes producidos por diversos actores sociales, tanto extrauniversitari*s y universitari*s (estudiantes, egresad*s, docentes y nodocentes), (b) reconocer los sentidos pol\u00edticos que acontecen de la presencia universitaria en los diferentes espacios en los que las pr\u00e1cticas extensionistas tienen presencia, (c) realizar aportes cr\u00edticos que consoliden la reflexi\u00f3n en torno a la extensi\u00f3n y su incorporaci\u00f3n como contenido y pr\u00e1ctica en distintas instancias de formaci\u00f3n de grado y posgrado, (d) fortalecer la pr\u00e1ctica de la escritura reflexiva en el \u00e1rea de extensi\u00f3n, (e) aportar elementos para la formaci\u00f3n de docentes, egresad*s, nodocentes y estudiantes en el desarrollo de las pr\u00e1cticas extensionistas, (f) visibilizar y poner en di\u00e1logo enunciados, pr\u00e1cticas, enfoques y maneras de pensar el contacto con diversos actores sociales desde nuestro lugar como universitari*s.<\/header>\n<p>&nbsp;<\/p>\n<p><strong><a href=\"http:\/\/ffyh.unc.edu.ar\/extension\/wp-content\/uploads\/sites\/2\/2022\/02\/Convocatoria-13-convertido-1.pdf\" target=\"_blank\" rel=\"noopener\">Descargar convocatoria<\/a><\/strong><\/p>\n<h6><strong>\u00daltimo n\u00famero<\/strong><\/h6>\n<h6>Vol. 8 N\u00fam. 12 (2021): La dimensi\u00f3n social de la salud en el campo extensionista: proyectos colectivos en juego<\/h6>\n<p><img loading=\"lazy\" decoding=\"async\" class=\"alignnone size-medium wp-image-5476\" src=\"http:\/\/ffyh.unc.edu.ar\/extension\/wp-content\/uploads\/sites\/2\/2021\/10\/Tapa-primeras-paginas_Mesa-de-trabajo-1-212x300.jpg\" alt=\"\" width=\"212\" height=\"300\" srcset=\"https:\/\/ffyh.unc.edu.ar\/extension\/wp-content\/uploads\/sites\/2\/2021\/10\/Tapa-primeras-paginas_Mesa-de-trabajo-1-212x300.jpg 212w, https:\/\/ffyh.unc.edu.ar\/extension\/wp-content\/uploads\/sites\/2\/2021\/10\/Tapa-primeras-paginas_Mesa-de-trabajo-1-724x1024.jpg 724w, https:\/\/ffyh.unc.edu.ar\/extension\/wp-content\/uploads\/sites\/2\/2021\/10\/Tapa-primeras-paginas_Mesa-de-trabajo-1-768x1086.jpg 768w, https:\/\/ffyh.unc.edu.ar\/extension\/wp-content\/uploads\/sites\/2\/2021\/10\/Tapa-primeras-paginas_Mesa-de-trabajo-1-1086x1536.jpg 1086w, https:\/\/ffyh.unc.edu.ar\/extension\/wp-content\/uploads\/sites\/2\/2021\/10\/Tapa-primeras-paginas_Mesa-de-trabajo-1-1448x2048.jpg 1448w, https:\/\/ffyh.unc.edu.ar\/extension\/wp-content\/uploads\/sites\/2\/2021\/10\/Tapa-primeras-paginas_Mesa-de-trabajo-1-scaled.jpg 1811w\" sizes=\"auto, (max-width: 212px) 100vw, 212px\" \/><\/p>\n<p>&nbsp;<\/p>\n<p><strong>Presentaci\u00f3n<\/strong><\/p>\n<p><strong><a href=\"http:\/\/ffyh.unc.edu.ar\/extension\/wp-content\/uploads\/sites\/2\/2021\/10\/presentacion.pdf\" target=\"_blank\" rel=\"noopener\">La dimensi\u00f3n social de la salud en el campo extensionista:\u00a0 proyectos colectivos en juego. II<\/a><\/strong><\/p>\n<p>Valeria Nicola<\/p>\n<p>&nbsp;<\/p>\n<p><strong>Secci\u00f3n: Art\u00edculos<\/strong><\/p>\n<p><strong><a href=\"http:\/\/ffyh.unc.edu.ar\/extension\/wp-content\/uploads\/sites\/2\/2021\/10\/articulo_discapacidad.pdf\" target=\"_blank\" rel=\"noopener\">Extensi\u00f3n, salud y discapacidad. Aportes para su abordaje en Extensi\u00f3n Cr\u00edtica con perspectiva decolonial<\/a><\/strong><\/p>\n<p>Mar\u00eda Analia Valera\u00a0 | Andrea Cotar<\/p>\n<p><strong>Secci\u00f3n: Relatos de experiencias<\/strong><\/p>\n<p><strong><a href=\"http:\/\/ffyh.unc.edu.ar\/extension\/wp-content\/uploads\/sites\/2\/2021\/10\/relato-de-exp_parto.pdf\" target=\"_blank\" rel=\"noopener\">Derechos del parto y agentes de salud: una experiencia extensionista en el Hospital Provincial Pr\u00edncipe de Asturias, C\u00f3rdoba<\/a><\/strong><\/p>\n<p>Magdalena Arnao Bergero | Luc\u00eda Reano<\/p>\n<p><strong><a href=\"http:\/\/ffyh.unc.edu.ar\/extension\/wp-content\/uploads\/sites\/2\/2021\/10\/relato-de-exp_odonto.pdf\" target=\"_blank\" rel=\"noopener\">Di\u00e1logos, pr\u00e1cticas y juegos en el aprendizaje para la salud\u00a0<\/a><\/strong><\/p>\n<p>Agust\u00edn Ponce\u00a0 | Camila Giraudo | Marcela Bella<\/p>\n<p><strong><a href=\"http:\/\/ffyh.unc.edu.ar\/extension\/wp-content\/uploads\/sites\/2\/2021\/10\/realto-de-exp_lactancia.pdf\" target=\"_blank\" rel=\"noopener\">Apoyo a la lactancia materna: un proyecto de extensi\u00f3n en pos de mejorar la formaci\u00f3n de estudiantes de medicina, la salud del ni\u00f1o, de la madre y del medioambiente<\/a><\/strong><\/p>\n<p>Silvina Nora Aguirre | Silvia Ester Mirkin\u00a0 | Hebe Patricia Rojo<\/p>\n<p>&nbsp;<\/p>\n<p>&nbsp;<\/p>\n<p><strong>Secci\u00f3n: Conversaciones<\/strong><\/p>\n<p><strong><a href=\"http:\/\/ffyh.unc.edu.ar\/extension\/wp-content\/uploads\/sites\/2\/2022\/03\/Entrevista-a-Veronica_11.pdf\" target=\"_blank\" rel=\"noopener\">Entrevista a Ver\u00f3nica Azpiroz Cle\u00f1an<\/a><\/strong><\/p>\n<p>Sof\u00eda de Mauro | Julia Monge<\/p>\n<p>&nbsp;<\/p>\n<p><strong><a href=\"http:\/\/ffyh.unc.edu.ar\/extension\/wp-content\/uploads\/sites\/2\/2022\/03\/Diplomatura-en-Salud-_Conversacion-12-1.pdf\" target=\"_blank\" rel=\"noopener\">Diplomatura en Salud e Interculturalidad: di\u00e1logos y desaf\u00edos desde la formaci\u00f3n acad\u00e9mica y la extensi\u00f3n universitaria. Conversaci\u00f3n con Carolina Llorens,Sandro Rodr\u00edguez, Maira \u00c1vila, Martin Eynard y Macarena Ferrer<\/a><\/strong><\/p>\n<p>Carla Pedrazzani<\/p>\n<p>&nbsp;<\/p>\n<p><strong>Secci\u00f3n: Rese\u00f1as<\/strong><\/p>\n<p><strong><a href=\"http:\/\/ffyh.unc.edu.ar\/extension\/wp-content\/uploads\/sites\/2\/2021\/10\/resena.pdf\" target=\"_blank\" rel=\"noopener\">Salud feminista. Soberan\u00eda de los cuerpos, poder y organizaci\u00f3n<\/a><\/strong><\/p>\n<p>Maricel Costa<\/p>\n<p>&nbsp;<\/p>\n<p>&nbsp;<\/p>\n<p>&nbsp;<\/p>\n<p><strong><a href=\"http:\/\/ffyh.unc.edu.ar\/extension\/wp-content\/uploads\/sites\/2\/2022\/03\/EE-Octubre-2021_revicompleta.pdf\" target=\"_blank\" rel=\"noopener\">Descargar revista completa<\/a><\/strong><\/p>\n<h5><strong>N\u00fameros anteriores:<\/strong>\u00a0<a href=\"https:\/\/revistas.unc.edu.ar\/index.php\/EEH\/index\" target=\"_blank\" rel=\"noopener noreferrer\">https:\/\/revistas.unc.edu.ar\/index.php\/EEH\/index<\/a><\/h5>\n<div class=\"entry-content clearfix\">\n<p>Contacto:\u00a0<a href=\"mailto:revistaemase@gmail.com\">revistaemase@gmail.com<\/a><\/p>\n<\/div>\n<div class=\"entry-content clearfix\"><\/div>\n","protected":false},"excerpt":{"rendered":"<p>La Secretar\u00eda de Extensi\u00f3n de la Facultad de Filosof\u00eda y Humanidades de la UNC informa que est\u00e1 abierta la Convocatoria<\/p>\n","protected":false},"author":3,"featured_media":4915,"comment_status":"closed","ping_status":"closed","sticky":false,"template":"","format":"standard","meta":{"_acf_changed":false,"colormag_page_container_layout":"default_layout","colormag_page_sidebar_layout":"default_layout","footnotes":""},"categories":[17,12,56],"tags":[],"class_list":["post-5559","post","type-post","status-publish","format-standard","has-post-thumbnail","hentry","category-convocatorias","category-noticias","category-revista-ee"],"acf":[],"yoast_head":"<!-- This site is optimized with the Yoast SEO plugin v27.1.1 - https:\/\/yoast.com\/product\/yoast-seo-wordpress\/ -->\n<title>Convocatoria revista E+E: estudios de extensi\u00f3n en humanidades. Volumen 9, n\u00famero13 - Secretar\u00eda de Extensi\u00f3n<\/title>\n<meta name=\"robots\" content=\"index, follow, max-snippet:-1, max-image-preview:large, max-video-preview:-1\" \/>\n<link rel=\"canonical\" href=\"https:\/\/ffyh.unc.edu.ar\/extension\/2022\/02\/09\/convocatoria-revista-ee-estudios-de-extension-en-humanidades-volumen-9-numero13\/\" \/>\n<meta property=\"og:locale\" content=\"es_ES\" \/>\n<meta property=\"og:type\" content=\"article\" \/>\n<meta property=\"og:title\" content=\"Convocatoria revista E+E: estudios de extensi\u00f3n en humanidades. Volumen 9, n\u00famero13 - Secretar\u00eda de Extensi\u00f3n\" \/>\n<meta property=\"og:description\" content=\"La Secretar\u00eda de Extensi\u00f3n de la Facultad de Filosof\u00eda y Humanidades de la UNC informa que est\u00e1 abierta la Convocatoria\" \/>\n<meta property=\"og:url\" content=\"https:\/\/ffyh.unc.edu.ar\/extension\/2022\/02\/09\/convocatoria-revista-ee-estudios-de-extension-en-humanidades-volumen-9-numero13\/\" \/>\n<meta property=\"og:site_name\" content=\"Secretar\u00eda de Extensi\u00f3n\" \/>\n<meta property=\"article:publisher\" content=\"https:\/\/www.facebook.com\/extensionffyh\" \/>\n<meta property=\"article:published_time\" content=\"2022-02-09T18:49:33+00:00\" \/>\n<meta property=\"article:modified_time\" content=\"2025-03-26T13:21:05+00:00\" \/>\n<meta property=\"og:image\" content=\"http:\/\/ffyh.unc.edu.ar\/extension\/wp-content\/uploads\/sites\/2\/2020\/09\/banner-ee.jpg\" \/>\n\t<meta property=\"og:image:width\" content=\"869\" \/>\n\t<meta property=\"og:image:height\" content=\"255\" \/>\n\t<meta property=\"og:image:type\" content=\"image\/jpeg\" \/>\n<meta name=\"author\" content=\"extension\" \/>\n<meta name=\"twitter:card\" content=\"summary_large_image\" \/>\n<meta name=\"twitter:label1\" content=\"Escrito por\" \/>\n\t<meta name=\"twitter:data1\" content=\"\" \/>\n\t<meta name=\"twitter:label2\" content=\"Tiempo de lectura\" \/>\n\t<meta name=\"twitter:data2\" content=\"3 minutos\" \/>\n<script type=\"application\/ld+json\" class=\"yoast-schema-graph\">{\"@context\":\"https:\/\/schema.org\",\"@graph\":[{\"@type\":\"Article\",\"@id\":\"https:\/\/ffyh.unc.edu.ar\/extension\/2022\/02\/09\/convocatoria-revista-ee-estudios-de-extension-en-humanidades-volumen-9-numero13\/#article\",\"isPartOf\":{\"@id\":\"https:\/\/ffyh.unc.edu.ar\/extension\/2022\/02\/09\/convocatoria-revista-ee-estudios-de-extension-en-humanidades-volumen-9-numero13\/\"},\"author\":{\"name\":\"extension\",\"@id\":\"https:\/\/ffyh.unc.edu.ar\/extension\/#\/schema\/person\/c429cdff3a192a7081944182246c3689\"},\"headline\":\"Convocatoria revista E+E: estudios de extensi\u00f3n en humanidades. Volumen 9, n\u00famero13\",\"datePublished\":\"2022-02-09T18:49:33+00:00\",\"dateModified\":\"2025-03-26T13:21:05+00:00\",\"mainEntityOfPage\":{\"@id\":\"https:\/\/ffyh.unc.edu.ar\/extension\/2022\/02\/09\/convocatoria-revista-ee-estudios-de-extension-en-humanidades-volumen-9-numero13\/\"},\"wordCount\":576,\"publisher\":{\"@id\":\"https:\/\/ffyh.unc.edu.ar\/extension\/#organization\"},\"image\":{\"@id\":\"https:\/\/ffyh.unc.edu.ar\/extension\/2022\/02\/09\/convocatoria-revista-ee-estudios-de-extension-en-humanidades-volumen-9-numero13\/#primaryimage\"},\"thumbnailUrl\":\"https:\/\/ffyh.unc.edu.ar\/extension\/wp-content\/uploads\/sites\/2\/2020\/09\/banner-ee.jpg\",\"articleSection\":[\"Convocatorias\",\"Noticias\",\"Revista e+e\"],\"inLanguage\":\"es\"},{\"@type\":\"WebPage\",\"@id\":\"https:\/\/ffyh.unc.edu.ar\/extension\/2022\/02\/09\/convocatoria-revista-ee-estudios-de-extension-en-humanidades-volumen-9-numero13\/\",\"url\":\"https:\/\/ffyh.unc.edu.ar\/extension\/2022\/02\/09\/convocatoria-revista-ee-estudios-de-extension-en-humanidades-volumen-9-numero13\/\",\"name\":\"Convocatoria revista E+E: estudios de extensi\u00f3n en humanidades. Volumen 9, n\u00famero13 - Secretar\u00eda de Extensi\u00f3n\",\"isPartOf\":{\"@id\":\"https:\/\/ffyh.unc.edu.ar\/extension\/#website\"},\"primaryImageOfPage\":{\"@id\":\"https:\/\/ffyh.unc.edu.ar\/extension\/2022\/02\/09\/convocatoria-revista-ee-estudios-de-extension-en-humanidades-volumen-9-numero13\/#primaryimage\"},\"image\":{\"@id\":\"https:\/\/ffyh.unc.edu.ar\/extension\/2022\/02\/09\/convocatoria-revista-ee-estudios-de-extension-en-humanidades-volumen-9-numero13\/#primaryimage\"},\"thumbnailUrl\":\"https:\/\/ffyh.unc.edu.ar\/extension\/wp-content\/uploads\/sites\/2\/2020\/09\/banner-ee.jpg\",\"datePublished\":\"2022-02-09T18:49:33+00:00\",\"dateModified\":\"2025-03-26T13:21:05+00:00\",\"breadcrumb\":{\"@id\":\"https:\/\/ffyh.unc.edu.ar\/extension\/2022\/02\/09\/convocatoria-revista-ee-estudios-de-extension-en-humanidades-volumen-9-numero13\/#breadcrumb\"},\"inLanguage\":\"es\",\"potentialAction\":[{\"@type\":\"ReadAction\",\"target\":[\"https:\/\/ffyh.unc.edu.ar\/extension\/2022\/02\/09\/convocatoria-revista-ee-estudios-de-extension-en-humanidades-volumen-9-numero13\/\"]}]},{\"@type\":\"ImageObject\",\"inLanguage\":\"es\",\"@id\":\"https:\/\/ffyh.unc.edu.ar\/extension\/2022\/02\/09\/convocatoria-revista-ee-estudios-de-extension-en-humanidades-volumen-9-numero13\/#primaryimage\",\"url\":\"https:\/\/ffyh.unc.edu.ar\/extension\/wp-content\/uploads\/sites\/2\/2020\/09\/banner-ee.jpg\",\"contentUrl\":\"https:\/\/ffyh.unc.edu.ar\/extension\/wp-content\/uploads\/sites\/2\/2020\/09\/banner-ee.jpg\",\"width\":869,\"height\":255},{\"@type\":\"BreadcrumbList\",\"@id\":\"https:\/\/ffyh.unc.edu.ar\/extension\/2022\/02\/09\/convocatoria-revista-ee-estudios-de-extension-en-humanidades-volumen-9-numero13\/#breadcrumb\",\"itemListElement\":[{\"@type\":\"ListItem\",\"position\":1,\"name\":\"Portada\",\"item\":\"https:\/\/ffyh.unc.edu.ar\/extension\/\"},{\"@type\":\"ListItem\",\"position\":2,\"name\":\"Convocatoria revista E+E: estudios de extensi\u00f3n en humanidades. Volumen 9, n\u00famero13\"}]},{\"@type\":\"WebSite\",\"@id\":\"https:\/\/ffyh.unc.edu.ar\/extension\/#website\",\"url\":\"https:\/\/ffyh.unc.edu.ar\/extension\/\",\"name\":\"Secretar\u00eda de Extensi\u00f3n\",\"description\":\"Facultad de Filosof\u00eda y Humanidades - Universidad Nacional de C\u00f3rdoba\",\"publisher\":{\"@id\":\"https:\/\/ffyh.unc.edu.ar\/extension\/#organization\"},\"potentialAction\":[{\"@type\":\"SearchAction\",\"target\":{\"@type\":\"EntryPoint\",\"urlTemplate\":\"https:\/\/ffyh.unc.edu.ar\/extension\/?s={search_term_string}\"},\"query-input\":{\"@type\":\"PropertyValueSpecification\",\"valueRequired\":true,\"valueName\":\"search_term_string\"}}],\"inLanguage\":\"es\"},{\"@type\":\"Organization\",\"@id\":\"https:\/\/ffyh.unc.edu.ar\/extension\/#organization\",\"name\":\"Secretar\u00eda de Extensi\u00f3n - Facultad de Filosof\u00eda y Humanidades - Universidad Nacional de C\u00f3rdoba\",\"url\":\"https:\/\/ffyh.unc.edu.ar\/extension\/\",\"logo\":{\"@type\":\"ImageObject\",\"inLanguage\":\"es\",\"@id\":\"https:\/\/ffyh.unc.edu.ar\/extension\/#\/schema\/logo\/image\/\",\"url\":\"https:\/\/ffyh.unc.edu.ar\/extension\/wp-content\/uploads\/sites\/2\/2018\/08\/logo-extension-chico.jpg\",\"contentUrl\":\"https:\/\/ffyh.unc.edu.ar\/extension\/wp-content\/uploads\/sites\/2\/2018\/08\/logo-extension-chico.jpg\",\"width\":314,\"height\":119,\"caption\":\"Secretar\u00eda de Extensi\u00f3n - Facultad de Filosof\u00eda y Humanidades - Universidad Nacional de C\u00f3rdoba\"},\"image\":{\"@id\":\"https:\/\/ffyh.unc.edu.ar\/extension\/#\/schema\/logo\/image\/\"},\"sameAs\":[\"https:\/\/www.facebook.com\/extensionffyh\",\"https:\/\/www.instagram.com\/extensionffyh\/\",\"https:\/\/www.youtube.com\/channel\/UCTgN4nvMQE7ktBcgujEI-EA\"]},{\"@type\":\"Person\",\"@id\":\"https:\/\/ffyh.unc.edu.ar\/extension\/#\/schema\/person\/c429cdff3a192a7081944182246c3689\",\"name\":\"extension\",\"url\":\"https:\/\/ffyh.unc.edu.ar\/extension\/author\/extension\/\"}]}<\/script>\n<!-- \/ Yoast SEO plugin. -->","yoast_head_json":{"title":"Convocatoria revista E+E: estudios de extensi\u00f3n en humanidades. Volumen 9, n\u00famero13 - Secretar\u00eda de Extensi\u00f3n","robots":{"index":"index","follow":"follow","max-snippet":"max-snippet:-1","max-image-preview":"max-image-preview:large","max-video-preview":"max-video-preview:-1"},"canonical":"https:\/\/ffyh.unc.edu.ar\/extension\/2022\/02\/09\/convocatoria-revista-ee-estudios-de-extension-en-humanidades-volumen-9-numero13\/","og_locale":"es_ES","og_type":"article","og_title":"Convocatoria revista E+E: estudios de extensi\u00f3n en humanidades. Volumen 9, n\u00famero13 - Secretar\u00eda de Extensi\u00f3n","og_description":"La Secretar\u00eda de Extensi\u00f3n de la Facultad de Filosof\u00eda y Humanidades de la UNC informa que est\u00e1 abierta la Convocatoria","og_url":"https:\/\/ffyh.unc.edu.ar\/extension\/2022\/02\/09\/convocatoria-revista-ee-estudios-de-extension-en-humanidades-volumen-9-numero13\/","og_site_name":"Secretar\u00eda de Extensi\u00f3n","article_publisher":"https:\/\/www.facebook.com\/extensionffyh","article_published_time":"2022-02-09T18:49:33+00:00","article_modified_time":"2025-03-26T13:21:05+00:00","og_image":[{"width":869,"height":255,"url":"http:\/\/ffyh.unc.edu.ar\/extension\/wp-content\/uploads\/sites\/2\/2020\/09\/banner-ee.jpg","type":"image\/jpeg"}],"author":"extension","twitter_card":"summary_large_image","twitter_misc":{"Escrito por":false,"Tiempo de lectura":"3 minutos"},"schema":{"@context":"https:\/\/schema.org","@graph":[{"@type":"Article","@id":"https:\/\/ffyh.unc.edu.ar\/extension\/2022\/02\/09\/convocatoria-revista-ee-estudios-de-extension-en-humanidades-volumen-9-numero13\/#article","isPartOf":{"@id":"https:\/\/ffyh.unc.edu.ar\/extension\/2022\/02\/09\/convocatoria-revista-ee-estudios-de-extension-en-humanidades-volumen-9-numero13\/"},"author":{"name":"extension","@id":"https:\/\/ffyh.unc.edu.ar\/extension\/#\/schema\/person\/c429cdff3a192a7081944182246c3689"},"headline":"Convocatoria revista E+E: estudios de extensi\u00f3n en humanidades. Volumen 9, n\u00famero13","datePublished":"2022-02-09T18:49:33+00:00","dateModified":"2025-03-26T13:21:05+00:00","mainEntityOfPage":{"@id":"https:\/\/ffyh.unc.edu.ar\/extension\/2022\/02\/09\/convocatoria-revista-ee-estudios-de-extension-en-humanidades-volumen-9-numero13\/"},"wordCount":576,"publisher":{"@id":"https:\/\/ffyh.unc.edu.ar\/extension\/#organization"},"image":{"@id":"https:\/\/ffyh.unc.edu.ar\/extension\/2022\/02\/09\/convocatoria-revista-ee-estudios-de-extension-en-humanidades-volumen-9-numero13\/#primaryimage"},"thumbnailUrl":"https:\/\/ffyh.unc.edu.ar\/extension\/wp-content\/uploads\/sites\/2\/2020\/09\/banner-ee.jpg","articleSection":["Convocatorias","Noticias","Revista e+e"],"inLanguage":"es"},{"@type":"WebPage","@id":"https:\/\/ffyh.unc.edu.ar\/extension\/2022\/02\/09\/convocatoria-revista-ee-estudios-de-extension-en-humanidades-volumen-9-numero13\/","url":"https:\/\/ffyh.unc.edu.ar\/extension\/2022\/02\/09\/convocatoria-revista-ee-estudios-de-extension-en-humanidades-volumen-9-numero13\/","name":"Convocatoria revista E+E: estudios de extensi\u00f3n en humanidades. Volumen 9, n\u00famero13 - Secretar\u00eda de Extensi\u00f3n","isPartOf":{"@id":"https:\/\/ffyh.unc.edu.ar\/extension\/#website"},"primaryImageOfPage":{"@id":"https:\/\/ffyh.unc.edu.ar\/extension\/2022\/02\/09\/convocatoria-revista-ee-estudios-de-extension-en-humanidades-volumen-9-numero13\/#primaryimage"},"image":{"@id":"https:\/\/ffyh.unc.edu.ar\/extension\/2022\/02\/09\/convocatoria-revista-ee-estudios-de-extension-en-humanidades-volumen-9-numero13\/#primaryimage"},"thumbnailUrl":"https:\/\/ffyh.unc.edu.ar\/extension\/wp-content\/uploads\/sites\/2\/2020\/09\/banner-ee.jpg","datePublished":"2022-02-09T18:49:33+00:00","dateModified":"2025-03-26T13:21:05+00:00","breadcrumb":{"@id":"https:\/\/ffyh.unc.edu.ar\/extension\/2022\/02\/09\/convocatoria-revista-ee-estudios-de-extension-en-humanidades-volumen-9-numero13\/#breadcrumb"},"inLanguage":"es","potentialAction":[{"@type":"ReadAction","target":["https:\/\/ffyh.unc.edu.ar\/extension\/2022\/02\/09\/convocatoria-revista-ee-estudios-de-extension-en-humanidades-volumen-9-numero13\/"]}]},{"@type":"ImageObject","inLanguage":"es","@id":"https:\/\/ffyh.unc.edu.ar\/extension\/2022\/02\/09\/convocatoria-revista-ee-estudios-de-extension-en-humanidades-volumen-9-numero13\/#primaryimage","url":"https:\/\/ffyh.unc.edu.ar\/extension\/wp-content\/uploads\/sites\/2\/2020\/09\/banner-ee.jpg","contentUrl":"https:\/\/ffyh.unc.edu.ar\/extension\/wp-content\/uploads\/sites\/2\/2020\/09\/banner-ee.jpg","width":869,"height":255},{"@type":"BreadcrumbList","@id":"https:\/\/ffyh.unc.edu.ar\/extension\/2022\/02\/09\/convocatoria-revista-ee-estudios-de-extension-en-humanidades-volumen-9-numero13\/#breadcrumb","itemListElement":[{"@type":"ListItem","position":1,"name":"Portada","item":"https:\/\/ffyh.unc.edu.ar\/extension\/"},{"@type":"ListItem","position":2,"name":"Convocatoria revista E+E: estudios de extensi\u00f3n en humanidades. Volumen 9, n\u00famero13"}]},{"@type":"WebSite","@id":"https:\/\/ffyh.unc.edu.ar\/extension\/#website","url":"https:\/\/ffyh.unc.edu.ar\/extension\/","name":"Secretar\u00eda de Extensi\u00f3n","description":"Facultad de Filosof\u00eda y Humanidades - Universidad Nacional de C\u00f3rdoba","publisher":{"@id":"https:\/\/ffyh.unc.edu.ar\/extension\/#organization"},"potentialAction":[{"@type":"SearchAction","target":{"@type":"EntryPoint","urlTemplate":"https:\/\/ffyh.unc.edu.ar\/extension\/?s={search_term_string}"},"query-input":{"@type":"PropertyValueSpecification","valueRequired":true,"valueName":"search_term_string"}}],"inLanguage":"es"},{"@type":"Organization","@id":"https:\/\/ffyh.unc.edu.ar\/extension\/#organization","name":"Secretar\u00eda de Extensi\u00f3n - Facultad de Filosof\u00eda y Humanidades - Universidad Nacional de C\u00f3rdoba","url":"https:\/\/ffyh.unc.edu.ar\/extension\/","logo":{"@type":"ImageObject","inLanguage":"es","@id":"https:\/\/ffyh.unc.edu.ar\/extension\/#\/schema\/logo\/image\/","url":"https:\/\/ffyh.unc.edu.ar\/extension\/wp-content\/uploads\/sites\/2\/2018\/08\/logo-extension-chico.jpg","contentUrl":"https:\/\/ffyh.unc.edu.ar\/extension\/wp-content\/uploads\/sites\/2\/2018\/08\/logo-extension-chico.jpg","width":314,"height":119,"caption":"Secretar\u00eda de Extensi\u00f3n - Facultad de Filosof\u00eda y Humanidades - Universidad Nacional de C\u00f3rdoba"},"image":{"@id":"https:\/\/ffyh.unc.edu.ar\/extension\/#\/schema\/logo\/image\/"},"sameAs":["https:\/\/www.facebook.com\/extensionffyh","https:\/\/www.instagram.com\/extensionffyh\/","https:\/\/www.youtube.com\/channel\/UCTgN4nvMQE7ktBcgujEI-EA"]},{"@type":"Person","@id":"https:\/\/ffyh.unc.edu.ar\/extension\/#\/schema\/person\/c429cdff3a192a7081944182246c3689","name":"extension","url":"https:\/\/ffyh.unc.edu.ar\/extension\/author\/extension\/"}]}},"jetpack_featured_media_url":"https:\/\/ffyh.unc.edu.ar\/extension\/wp-content\/uploads\/sites\/2\/2020\/09\/banner-ee.jpg","_links":{"self":[{"href":"https:\/\/ffyh.unc.edu.ar\/extension\/wp-json\/wp\/v2\/posts\/5559","targetHints":{"allow":["GET"]}}],"collection":[{"href":"https:\/\/ffyh.unc.edu.ar\/extension\/wp-json\/wp\/v2\/posts"}],"about":[{"href":"https:\/\/ffyh.unc.edu.ar\/extension\/wp-json\/wp\/v2\/types\/post"}],"author":[{"embeddable":true,"href":"https:\/\/ffyh.unc.edu.ar\/extension\/wp-json\/wp\/v2\/users\/3"}],"replies":[{"embeddable":true,"href":"https:\/\/ffyh.unc.edu.ar\/extension\/wp-json\/wp\/v2\/comments?post=5559"}],"version-history":[{"count":6,"href":"https:\/\/ffyh.unc.edu.ar\/extension\/wp-json\/wp\/v2\/posts\/5559\/revisions"}],"predecessor-version":[{"id":5590,"href":"https:\/\/ffyh.unc.edu.ar\/extension\/wp-json\/wp\/v2\/posts\/5559\/revisions\/5590"}],"wp:featuredmedia":[{"embeddable":true,"href":"https:\/\/ffyh.unc.edu.ar\/extension\/wp-json\/wp\/v2\/media\/4915"}],"wp:attachment":[{"href":"https:\/\/ffyh.unc.edu.ar\/extension\/wp-json\/wp\/v2\/media?parent=5559"}],"wp:term":[{"taxonomy":"category","embeddable":true,"href":"https:\/\/ffyh.unc.edu.ar\/extension\/wp-json\/wp\/v2\/categories?post=5559"},{"taxonomy":"post_tag","embeddable":true,"href":"https:\/\/ffyh.unc.edu.ar\/extension\/wp-json\/wp\/v2\/tags?post=5559"}],"curies":[{"name":"wp","href":"https:\/\/api.w.org\/{rel}","templated":true}]}}