{"id":5806,"date":"2022-08-09T15:11:47","date_gmt":"2022-08-09T15:11:47","guid":{"rendered":"https:\/\/ffyh.unc.edu.ar\/extension\/?p=5806"},"modified":"2022-08-09T15:13:25","modified_gmt":"2022-08-09T15:13:25","slug":"primera-convocatoria-a-propuestas-de-curricularizacion-de-la-extension","status":"publish","type":"post","link":"https:\/\/ffyh.unc.edu.ar\/extension\/2022\/08\/09\/primera-convocatoria-a-propuestas-de-curricularizacion-de-la-extension\/","title":{"rendered":"Primera Convocatoria a Propuestas de Curricularizaci\u00f3n de la Extensi\u00f3n"},"content":{"rendered":"<p>El Programa de Curricularizaci\u00f3n de la Extensi\u00f3n Universitaria, de la Secretar\u00eda de Extensi\u00f3n Universitaria de la UNC (SEU), abre la <strong>Primera Convocatoria a Propuestas de Curricularizaci\u00f3n de la Extensi\u00f3n: <em>Fortalecimiento de la ense\u00f1anza para la incorporaci\u00f3n de pr\u00e1cticas territoriales extensionistas en espacios curriculares<\/em><\/strong>. La misma est\u00e1 destinada a espacios curriculares de las carreras que componen la oferta formativa de grado de la UNC.\u200b<\/p>\n<p>Las inscripciones se receptan hasta el\u00a0<strong>8 de septiembre de 2022<\/strong> a trav\u00e9s del siguiente\u00a0 <strong><a href=\"https:\/\/docs.google.com\/forms\/d\/e\/1FAIpQLSerAaFUpP52KfrDXc32QSfYfqPfNiY8XeHKhLjBTlyRIJ1bqw\/viewform\" target=\"_blank\" rel=\"noopener\">formulario<\/a><\/strong><strong>,<\/strong> donde se solicitan datos generales referidos al espacio curricular y a lxs integrantes de la propuesta de curricularizaci\u00f3n de la extensi\u00f3n como, asimismo, cierta documentaci\u00f3n a adjuntar:<\/p>\n<ul>\n<li>Programa acad\u00e9mico del espacio curricular 2023<\/li>\n<li>Plan de Trabajo y Cronograma 2023<\/li>\n<li>Justificaci\u00f3n del Inter\u00e9s Social de la propuesta<\/li>\n<\/ul>\n<div class=\"recuadro_info_dest_2_title\"><b>Objetivos de la Convocatoria<\/b><\/div>\n<ul>\n<li>Favorecer el proceso de incorporaci\u00f3n curricular de la extensi\u00f3n universitaria en las distintas carreras de grado de la UNC desde una dimensi\u00f3n \u00e9tica, pol\u00edtica y pedag\u00f3gica.<\/li>\n<li>Promover la realizaci\u00f3n de propuestas de extensi\u00f3n al interior de los espacios curriculares de las diferentes carreras de grado de la UNC desde una perspectiva integral que incorpore la participaci\u00f3n de distintxs actores.<\/li>\n<li>Fortalecer el compromiso de las diferentes facultades de la UNC con la realidad social, econ\u00f3mica, pol\u00edtica y cultural desde una perspectiva territorial.<\/li>\n<li>Acompa\u00f1ar el proceso de elaboraci\u00f3n de propuestas y estrategias de trabajo para la curricularizaci\u00f3n de las carreras de grado, brindando asesoramiento en articulaci\u00f3n con las facultades.<\/li>\n<\/ul>\n<div class=\"recuadro_info_dest_2_title\"><strong>Documentaci\u00f3n importante<\/strong><\/div>\n<ul>\n<li><a href=\"https:\/\/www.unc.edu.ar\/sites\/default\/files\/CONVOCATORIA%20-%20Curricularizar%20la%20extensi%C3%B3n%20para%20corregir%20mail%20%281%29.pdf\" target=\"_blank\" rel=\"noopener\"><strong>Bases de la convocatoria<\/strong><\/a><\/li>\n<li><strong><a href=\"https:\/\/www.unc.edu.ar\/sites\/default\/files\/GRILLA%20DE%20EVALUACI%C3%93N%20-%20Curricularizar%20la%20extensi%C3%B3n-%202022.docx.docx.pdf\" target=\"_blank\" rel=\"noopener\">Grilla de Evaluaci\u00f3n<\/a><\/strong><\/li>\n<\/ul>\n<p>M\u00e1s informaci\u00f3n:\u00a0<strong><a href=\"mailto:curricularizacion@extension.unc.edu.ar\">curricularizacion@extension.unc.edu.ar<\/a><\/strong><\/p>\n","protected":false},"excerpt":{"rendered":"<p>El Programa de Curricularizaci\u00f3n de la Extensi\u00f3n Universitaria, de la Secretar\u00eda de Extensi\u00f3n Universitaria de la UNC (SEU), abre la<\/p>\n","protected":false},"author":3,"featured_media":5807,"comment_status":"closed","ping_status":"closed","sticky":false,"template":"","format":"standard","meta":{"_acf_changed":false,"colormag_page_container_layout":"default_layout","colormag_page_sidebar_layout":"default_layout","footnotes":""},"categories":[17,12],"tags":[],"class_list":["post-5806","post","type-post","status-publish","format-standard","has-post-thumbnail","hentry","category-convocatorias","category-noticias"],"acf":[],"yoast_head":"<!-- This site is optimized with the Yoast SEO plugin v27.1.1 - https:\/\/yoast.com\/product\/yoast-seo-wordpress\/ -->\n<title>Primera Convocatoria a Propuestas de Curricularizaci\u00f3n de la Extensi\u00f3n - Secretar\u00eda de Extensi\u00f3n<\/title>\n<meta name=\"robots\" content=\"index, follow, max-snippet:-1, max-image-preview:large, max-video-preview:-1\" \/>\n<link rel=\"canonical\" href=\"https:\/\/ffyh.unc.edu.ar\/extension\/2022\/08\/09\/primera-convocatoria-a-propuestas-de-curricularizacion-de-la-extension\/\" \/>\n<meta property=\"og:locale\" content=\"es_ES\" \/>\n<meta property=\"og:type\" content=\"article\" \/>\n<meta property=\"og:title\" content=\"Primera Convocatoria a Propuestas de Curricularizaci\u00f3n de la Extensi\u00f3n - Secretar\u00eda de Extensi\u00f3n\" \/>\n<meta property=\"og:description\" content=\"El Programa de Curricularizaci\u00f3n de la Extensi\u00f3n Universitaria, de la Secretar\u00eda de Extensi\u00f3n Universitaria de la UNC (SEU), abre la\" \/>\n<meta property=\"og:url\" content=\"https:\/\/ffyh.unc.edu.ar\/extension\/2022\/08\/09\/primera-convocatoria-a-propuestas-de-curricularizacion-de-la-extension\/\" \/>\n<meta property=\"og:site_name\" content=\"Secretar\u00eda de Extensi\u00f3n\" \/>\n<meta property=\"article:publisher\" content=\"https:\/\/www.facebook.com\/extensionffyh\" \/>\n<meta property=\"article:published_time\" content=\"2022-08-09T15:11:47+00:00\" \/>\n<meta property=\"article:modified_time\" content=\"2022-08-09T15:13:25+00:00\" \/>\n<meta property=\"og:image\" content=\"http:\/\/ffyh.unc.edu.ar\/extension\/wp-content\/uploads\/sites\/2\/2022\/08\/flyer_espacios-curriculares.jpg\" \/>\n\t<meta property=\"og:image:width\" content=\"2439\" \/>\n\t<meta property=\"og:image:height\" content=\"976\" \/>\n\t<meta property=\"og:image:type\" content=\"image\/jpeg\" \/>\n<meta name=\"author\" content=\"extension\" \/>\n<meta name=\"twitter:card\" content=\"summary_large_image\" \/>\n<meta name=\"twitter:label1\" content=\"Escrito por\" \/>\n\t<meta name=\"twitter:data1\" content=\"\" \/>\n\t<meta name=\"twitter:label2\" content=\"Tiempo de lectura\" \/>\n\t<meta name=\"twitter:data2\" content=\"2 minutos\" \/>\n<script type=\"application\/ld+json\" class=\"yoast-schema-graph\">{\"@context\":\"https:\/\/schema.org\",\"@graph\":[{\"@type\":\"Article\",\"@id\":\"https:\/\/ffyh.unc.edu.ar\/extension\/2022\/08\/09\/primera-convocatoria-a-propuestas-de-curricularizacion-de-la-extension\/#article\",\"isPartOf\":{\"@id\":\"https:\/\/ffyh.unc.edu.ar\/extension\/2022\/08\/09\/primera-convocatoria-a-propuestas-de-curricularizacion-de-la-extension\/\"},\"author\":{\"name\":\"extension\",\"@id\":\"https:\/\/ffyh.unc.edu.ar\/extension\/#\/schema\/person\/c429cdff3a192a7081944182246c3689\"},\"headline\":\"Primera Convocatoria a Propuestas de Curricularizaci\u00f3n de la Extensi\u00f3n\",\"datePublished\":\"2022-08-09T15:11:47+00:00\",\"dateModified\":\"2022-08-09T15:13:25+00:00\",\"mainEntityOfPage\":{\"@id\":\"https:\/\/ffyh.unc.edu.ar\/extension\/2022\/08\/09\/primera-convocatoria-a-propuestas-de-curricularizacion-de-la-extension\/\"},\"wordCount\":293,\"publisher\":{\"@id\":\"https:\/\/ffyh.unc.edu.ar\/extension\/#organization\"},\"image\":{\"@id\":\"https:\/\/ffyh.unc.edu.ar\/extension\/2022\/08\/09\/primera-convocatoria-a-propuestas-de-curricularizacion-de-la-extension\/#primaryimage\"},\"thumbnailUrl\":\"https:\/\/ffyh.unc.edu.ar\/extension\/wp-content\/uploads\/sites\/2\/2022\/08\/flyer_espacios-curriculares.jpg\",\"articleSection\":[\"Convocatorias\",\"Noticias\"],\"inLanguage\":\"es\"},{\"@type\":\"WebPage\",\"@id\":\"https:\/\/ffyh.unc.edu.ar\/extension\/2022\/08\/09\/primera-convocatoria-a-propuestas-de-curricularizacion-de-la-extension\/\",\"url\":\"https:\/\/ffyh.unc.edu.ar\/extension\/2022\/08\/09\/primera-convocatoria-a-propuestas-de-curricularizacion-de-la-extension\/\",\"name\":\"Primera Convocatoria a Propuestas de Curricularizaci\u00f3n de la Extensi\u00f3n - Secretar\u00eda de Extensi\u00f3n\",\"isPartOf\":{\"@id\":\"https:\/\/ffyh.unc.edu.ar\/extension\/#website\"},\"primaryImageOfPage\":{\"@id\":\"https:\/\/ffyh.unc.edu.ar\/extension\/2022\/08\/09\/primera-convocatoria-a-propuestas-de-curricularizacion-de-la-extension\/#primaryimage\"},\"image\":{\"@id\":\"https:\/\/ffyh.unc.edu.ar\/extension\/2022\/08\/09\/primera-convocatoria-a-propuestas-de-curricularizacion-de-la-extension\/#primaryimage\"},\"thumbnailUrl\":\"https:\/\/ffyh.unc.edu.ar\/extension\/wp-content\/uploads\/sites\/2\/2022\/08\/flyer_espacios-curriculares.jpg\",\"datePublished\":\"2022-08-09T15:11:47+00:00\",\"dateModified\":\"2022-08-09T15:13:25+00:00\",\"breadcrumb\":{\"@id\":\"https:\/\/ffyh.unc.edu.ar\/extension\/2022\/08\/09\/primera-convocatoria-a-propuestas-de-curricularizacion-de-la-extension\/#breadcrumb\"},\"inLanguage\":\"es\",\"potentialAction\":[{\"@type\":\"ReadAction\",\"target\":[\"https:\/\/ffyh.unc.edu.ar\/extension\/2022\/08\/09\/primera-convocatoria-a-propuestas-de-curricularizacion-de-la-extension\/\"]}]},{\"@type\":\"ImageObject\",\"inLanguage\":\"es\",\"@id\":\"https:\/\/ffyh.unc.edu.ar\/extension\/2022\/08\/09\/primera-convocatoria-a-propuestas-de-curricularizacion-de-la-extension\/#primaryimage\",\"url\":\"https:\/\/ffyh.unc.edu.ar\/extension\/wp-content\/uploads\/sites\/2\/2022\/08\/flyer_espacios-curriculares.jpg\",\"contentUrl\":\"https:\/\/ffyh.unc.edu.ar\/extension\/wp-content\/uploads\/sites\/2\/2022\/08\/flyer_espacios-curriculares.jpg\",\"width\":2439,\"height\":976},{\"@type\":\"BreadcrumbList\",\"@id\":\"https:\/\/ffyh.unc.edu.ar\/extension\/2022\/08\/09\/primera-convocatoria-a-propuestas-de-curricularizacion-de-la-extension\/#breadcrumb\",\"itemListElement\":[{\"@type\":\"ListItem\",\"position\":1,\"name\":\"Portada\",\"item\":\"https:\/\/ffyh.unc.edu.ar\/extension\/\"},{\"@type\":\"ListItem\",\"position\":2,\"name\":\"Primera Convocatoria a Propuestas de Curricularizaci\u00f3n de la Extensi\u00f3n\"}]},{\"@type\":\"WebSite\",\"@id\":\"https:\/\/ffyh.unc.edu.ar\/extension\/#website\",\"url\":\"https:\/\/ffyh.unc.edu.ar\/extension\/\",\"name\":\"Secretar\u00eda de Extensi\u00f3n\",\"description\":\"Facultad de Filosof\u00eda y Humanidades - Universidad Nacional de C\u00f3rdoba\",\"publisher\":{\"@id\":\"https:\/\/ffyh.unc.edu.ar\/extension\/#organization\"},\"potentialAction\":[{\"@type\":\"SearchAction\",\"target\":{\"@type\":\"EntryPoint\",\"urlTemplate\":\"https:\/\/ffyh.unc.edu.ar\/extension\/?s={search_term_string}\"},\"query-input\":{\"@type\":\"PropertyValueSpecification\",\"valueRequired\":true,\"valueName\":\"search_term_string\"}}],\"inLanguage\":\"es\"},{\"@type\":\"Organization\",\"@id\":\"https:\/\/ffyh.unc.edu.ar\/extension\/#organization\",\"name\":\"Secretar\u00eda de Extensi\u00f3n - Facultad de Filosof\u00eda y Humanidades - Universidad Nacional de C\u00f3rdoba\",\"url\":\"https:\/\/ffyh.unc.edu.ar\/extension\/\",\"logo\":{\"@type\":\"ImageObject\",\"inLanguage\":\"es\",\"@id\":\"https:\/\/ffyh.unc.edu.ar\/extension\/#\/schema\/logo\/image\/\",\"url\":\"https:\/\/ffyh.unc.edu.ar\/extension\/wp-content\/uploads\/sites\/2\/2018\/08\/logo-extension-chico.jpg\",\"contentUrl\":\"https:\/\/ffyh.unc.edu.ar\/extension\/wp-content\/uploads\/sites\/2\/2018\/08\/logo-extension-chico.jpg\",\"width\":314,\"height\":119,\"caption\":\"Secretar\u00eda de Extensi\u00f3n - Facultad de Filosof\u00eda y Humanidades - Universidad Nacional de C\u00f3rdoba\"},\"image\":{\"@id\":\"https:\/\/ffyh.unc.edu.ar\/extension\/#\/schema\/logo\/image\/\"},\"sameAs\":[\"https:\/\/www.facebook.com\/extensionffyh\",\"https:\/\/www.instagram.com\/extensionffyh\/\",\"https:\/\/www.youtube.com\/channel\/UCTgN4nvMQE7ktBcgujEI-EA\"]},{\"@type\":\"Person\",\"@id\":\"https:\/\/ffyh.unc.edu.ar\/extension\/#\/schema\/person\/c429cdff3a192a7081944182246c3689\",\"name\":\"extension\",\"url\":\"https:\/\/ffyh.unc.edu.ar\/extension\/author\/extension\/\"}]}<\/script>\n<!-- \/ Yoast SEO plugin. -->","yoast_head_json":{"title":"Primera Convocatoria a Propuestas de Curricularizaci\u00f3n de la Extensi\u00f3n - Secretar\u00eda de Extensi\u00f3n","robots":{"index":"index","follow":"follow","max-snippet":"max-snippet:-1","max-image-preview":"max-image-preview:large","max-video-preview":"max-video-preview:-1"},"canonical":"https:\/\/ffyh.unc.edu.ar\/extension\/2022\/08\/09\/primera-convocatoria-a-propuestas-de-curricularizacion-de-la-extension\/","og_locale":"es_ES","og_type":"article","og_title":"Primera Convocatoria a Propuestas de Curricularizaci\u00f3n de la Extensi\u00f3n - Secretar\u00eda de Extensi\u00f3n","og_description":"El Programa de Curricularizaci\u00f3n de la Extensi\u00f3n Universitaria, de la Secretar\u00eda de Extensi\u00f3n Universitaria de la UNC (SEU), abre la","og_url":"https:\/\/ffyh.unc.edu.ar\/extension\/2022\/08\/09\/primera-convocatoria-a-propuestas-de-curricularizacion-de-la-extension\/","og_site_name":"Secretar\u00eda de Extensi\u00f3n","article_publisher":"https:\/\/www.facebook.com\/extensionffyh","article_published_time":"2022-08-09T15:11:47+00:00","article_modified_time":"2022-08-09T15:13:25+00:00","og_image":[{"width":2439,"height":976,"url":"http:\/\/ffyh.unc.edu.ar\/extension\/wp-content\/uploads\/sites\/2\/2022\/08\/flyer_espacios-curriculares.jpg","type":"image\/jpeg"}],"author":"extension","twitter_card":"summary_large_image","twitter_misc":{"Escrito por":false,"Tiempo de lectura":"2 minutos"},"schema":{"@context":"https:\/\/schema.org","@graph":[{"@type":"Article","@id":"https:\/\/ffyh.unc.edu.ar\/extension\/2022\/08\/09\/primera-convocatoria-a-propuestas-de-curricularizacion-de-la-extension\/#article","isPartOf":{"@id":"https:\/\/ffyh.unc.edu.ar\/extension\/2022\/08\/09\/primera-convocatoria-a-propuestas-de-curricularizacion-de-la-extension\/"},"author":{"name":"extension","@id":"https:\/\/ffyh.unc.edu.ar\/extension\/#\/schema\/person\/c429cdff3a192a7081944182246c3689"},"headline":"Primera Convocatoria a Propuestas de Curricularizaci\u00f3n de la Extensi\u00f3n","datePublished":"2022-08-09T15:11:47+00:00","dateModified":"2022-08-09T15:13:25+00:00","mainEntityOfPage":{"@id":"https:\/\/ffyh.unc.edu.ar\/extension\/2022\/08\/09\/primera-convocatoria-a-propuestas-de-curricularizacion-de-la-extension\/"},"wordCount":293,"publisher":{"@id":"https:\/\/ffyh.unc.edu.ar\/extension\/#organization"},"image":{"@id":"https:\/\/ffyh.unc.edu.ar\/extension\/2022\/08\/09\/primera-convocatoria-a-propuestas-de-curricularizacion-de-la-extension\/#primaryimage"},"thumbnailUrl":"https:\/\/ffyh.unc.edu.ar\/extension\/wp-content\/uploads\/sites\/2\/2022\/08\/flyer_espacios-curriculares.jpg","articleSection":["Convocatorias","Noticias"],"inLanguage":"es"},{"@type":"WebPage","@id":"https:\/\/ffyh.unc.edu.ar\/extension\/2022\/08\/09\/primera-convocatoria-a-propuestas-de-curricularizacion-de-la-extension\/","url":"https:\/\/ffyh.unc.edu.ar\/extension\/2022\/08\/09\/primera-convocatoria-a-propuestas-de-curricularizacion-de-la-extension\/","name":"Primera Convocatoria a Propuestas de Curricularizaci\u00f3n de la Extensi\u00f3n - Secretar\u00eda de Extensi\u00f3n","isPartOf":{"@id":"https:\/\/ffyh.unc.edu.ar\/extension\/#website"},"primaryImageOfPage":{"@id":"https:\/\/ffyh.unc.edu.ar\/extension\/2022\/08\/09\/primera-convocatoria-a-propuestas-de-curricularizacion-de-la-extension\/#primaryimage"},"image":{"@id":"https:\/\/ffyh.unc.edu.ar\/extension\/2022\/08\/09\/primera-convocatoria-a-propuestas-de-curricularizacion-de-la-extension\/#primaryimage"},"thumbnailUrl":"https:\/\/ffyh.unc.edu.ar\/extension\/wp-content\/uploads\/sites\/2\/2022\/08\/flyer_espacios-curriculares.jpg","datePublished":"2022-08-09T15:11:47+00:00","dateModified":"2022-08-09T15:13:25+00:00","breadcrumb":{"@id":"https:\/\/ffyh.unc.edu.ar\/extension\/2022\/08\/09\/primera-convocatoria-a-propuestas-de-curricularizacion-de-la-extension\/#breadcrumb"},"inLanguage":"es","potentialAction":[{"@type":"ReadAction","target":["https:\/\/ffyh.unc.edu.ar\/extension\/2022\/08\/09\/primera-convocatoria-a-propuestas-de-curricularizacion-de-la-extension\/"]}]},{"@type":"ImageObject","inLanguage":"es","@id":"https:\/\/ffyh.unc.edu.ar\/extension\/2022\/08\/09\/primera-convocatoria-a-propuestas-de-curricularizacion-de-la-extension\/#primaryimage","url":"https:\/\/ffyh.unc.edu.ar\/extension\/wp-content\/uploads\/sites\/2\/2022\/08\/flyer_espacios-curriculares.jpg","contentUrl":"https:\/\/ffyh.unc.edu.ar\/extension\/wp-content\/uploads\/sites\/2\/2022\/08\/flyer_espacios-curriculares.jpg","width":2439,"height":976},{"@type":"BreadcrumbList","@id":"https:\/\/ffyh.unc.edu.ar\/extension\/2022\/08\/09\/primera-convocatoria-a-propuestas-de-curricularizacion-de-la-extension\/#breadcrumb","itemListElement":[{"@type":"ListItem","position":1,"name":"Portada","item":"https:\/\/ffyh.unc.edu.ar\/extension\/"},{"@type":"ListItem","position":2,"name":"Primera Convocatoria a Propuestas de Curricularizaci\u00f3n de la Extensi\u00f3n"}]},{"@type":"WebSite","@id":"https:\/\/ffyh.unc.edu.ar\/extension\/#website","url":"https:\/\/ffyh.unc.edu.ar\/extension\/","name":"Secretar\u00eda de Extensi\u00f3n","description":"Facultad de Filosof\u00eda y Humanidades - Universidad Nacional de C\u00f3rdoba","publisher":{"@id":"https:\/\/ffyh.unc.edu.ar\/extension\/#organization"},"potentialAction":[{"@type":"SearchAction","target":{"@type":"EntryPoint","urlTemplate":"https:\/\/ffyh.unc.edu.ar\/extension\/?s={search_term_string}"},"query-input":{"@type":"PropertyValueSpecification","valueRequired":true,"valueName":"search_term_string"}}],"inLanguage":"es"},{"@type":"Organization","@id":"https:\/\/ffyh.unc.edu.ar\/extension\/#organization","name":"Secretar\u00eda de Extensi\u00f3n - Facultad de Filosof\u00eda y Humanidades - Universidad Nacional de C\u00f3rdoba","url":"https:\/\/ffyh.unc.edu.ar\/extension\/","logo":{"@type":"ImageObject","inLanguage":"es","@id":"https:\/\/ffyh.unc.edu.ar\/extension\/#\/schema\/logo\/image\/","url":"https:\/\/ffyh.unc.edu.ar\/extension\/wp-content\/uploads\/sites\/2\/2018\/08\/logo-extension-chico.jpg","contentUrl":"https:\/\/ffyh.unc.edu.ar\/extension\/wp-content\/uploads\/sites\/2\/2018\/08\/logo-extension-chico.jpg","width":314,"height":119,"caption":"Secretar\u00eda de Extensi\u00f3n - Facultad de Filosof\u00eda y Humanidades - Universidad Nacional de C\u00f3rdoba"},"image":{"@id":"https:\/\/ffyh.unc.edu.ar\/extension\/#\/schema\/logo\/image\/"},"sameAs":["https:\/\/www.facebook.com\/extensionffyh","https:\/\/www.instagram.com\/extensionffyh\/","https:\/\/www.youtube.com\/channel\/UCTgN4nvMQE7ktBcgujEI-EA"]},{"@type":"Person","@id":"https:\/\/ffyh.unc.edu.ar\/extension\/#\/schema\/person\/c429cdff3a192a7081944182246c3689","name":"extension","url":"https:\/\/ffyh.unc.edu.ar\/extension\/author\/extension\/"}]}},"jetpack_featured_media_url":"https:\/\/ffyh.unc.edu.ar\/extension\/wp-content\/uploads\/sites\/2\/2022\/08\/flyer_espacios-curriculares.jpg","_links":{"self":[{"href":"https:\/\/ffyh.unc.edu.ar\/extension\/wp-json\/wp\/v2\/posts\/5806","targetHints":{"allow":["GET"]}}],"collection":[{"href":"https:\/\/ffyh.unc.edu.ar\/extension\/wp-json\/wp\/v2\/posts"}],"about":[{"href":"https:\/\/ffyh.unc.edu.ar\/extension\/wp-json\/wp\/v2\/types\/post"}],"author":[{"embeddable":true,"href":"https:\/\/ffyh.unc.edu.ar\/extension\/wp-json\/wp\/v2\/users\/3"}],"replies":[{"embeddable":true,"href":"https:\/\/ffyh.unc.edu.ar\/extension\/wp-json\/wp\/v2\/comments?post=5806"}],"version-history":[{"count":3,"href":"https:\/\/ffyh.unc.edu.ar\/extension\/wp-json\/wp\/v2\/posts\/5806\/revisions"}],"predecessor-version":[{"id":5810,"href":"https:\/\/ffyh.unc.edu.ar\/extension\/wp-json\/wp\/v2\/posts\/5806\/revisions\/5810"}],"wp:featuredmedia":[{"embeddable":true,"href":"https:\/\/ffyh.unc.edu.ar\/extension\/wp-json\/wp\/v2\/media\/5807"}],"wp:attachment":[{"href":"https:\/\/ffyh.unc.edu.ar\/extension\/wp-json\/wp\/v2\/media?parent=5806"}],"wp:term":[{"taxonomy":"category","embeddable":true,"href":"https:\/\/ffyh.unc.edu.ar\/extension\/wp-json\/wp\/v2\/categories?post=5806"},{"taxonomy":"post_tag","embeddable":true,"href":"https:\/\/ffyh.unc.edu.ar\/extension\/wp-json\/wp\/v2\/tags?post=5806"}],"curies":[{"name":"wp","href":"https:\/\/api.w.org\/{rel}","templated":true}]}}