{"id":593,"date":"2012-11-08T11:19:38","date_gmt":"2012-11-08T14:19:38","guid":{"rendered":"http:\/\/www.ffyh.unc.edu.ar\/extension\/?p=593"},"modified":"2012-11-08T11:19:38","modified_gmt":"2012-11-08T14:19:38","slug":"puc-charla-abierta-sobre-el-mejoramiento-de-la-educacion-en-carceles","status":"publish","type":"post","link":"https:\/\/ffyh.unc.edu.ar\/extension\/2012\/11\/08\/puc-charla-abierta-sobre-el-mejoramiento-de-la-educacion-en-carceles\/","title":{"rendered":"PUC: Charla abierta sobre el mejoramiento de la educaci\u00f3n en c\u00e1rceles"},"content":{"rendered":"<p><a href=\"http:\/\/ffyh.unc.edu.ar\/extension\/wp-content\/uploads\/sites\/2\/2012\/11\/puc-convocatoria.jpg\"><img loading=\"lazy\" decoding=\"async\" class=\"alignleft size-thumbnail wp-image-594\" title=\"puc-convocatoria\" src=\"http:\/\/ffyh.unc.edu.ar\/extension\/wp-content\/uploads\/sites\/2\/2012\/11\/puc-convocatoria-150x150.jpg\" alt=\"\" width=\"150\" height=\"150\" \/><\/a>El Programa Universitario en la C\u00e1rcel (PUC), la SAE y la Secretar\u00eda de Extensi\u00f3n de la FFyH invitan a directores de Escuelas, equipos de c\u00e1tedra y Extensi\u00f3n que trabajaron en el marco del PUC y a todos los interesados en participar a una\u00a0<strong>charla abierta sobre el mejoramiento de la educaci\u00f3n en c\u00e1rceles<\/strong>, desde la experiencia del PUC. La misma se realizar\u00e1 el\u00a0<strong>viernes 9 de noviembre<\/strong>\u00a0a las 17 hs, en aula 9 del Pabell\u00f3n Casa Verde.<\/p>\n<p><!--more--><\/p>\n<p>Se propone la puesta en discusi\u00f3n del \u00abPrograma de Mejora de la Educaci\u00f3n Superior Carcelaria\u00bb (<a href=\"http:\/\/http\/\/www.ffyh.unc.edu.ar\/sites\/default\/files\/mejoramiento_educ_carcelaria.pdf\" target=\"_blank\">Descargar<\/a>), pensado a partir de la experiencia acumulada a lo largo de 14 a\u00f1os de trabajo en c\u00e1rceles de la ciudad de C\u00f3rdoba, sea en la formaci\u00f3n en carreras de grado de alumnos privados de libertad, o mediante diferentes proyectos, programas, cursos de extensi\u00f3n y de investigaci\u00f3n.<\/p>\n<p>A partir del debate amplio, abierto, con participaci\u00f3n de todos los actores involucrados \u2013docentes, no docentes, estudiantes y egresados-, en los que se abordar\u00e1n\u00a0 objetivos, medios, estrategias y evaluaciones parciales, se propondr\u00e1 un programa integral de fortalecimiento de la educaci\u00f3n en contextos de encierro, a los efectos de lograr un mejor cumplimiento de los objetivos propuestos originariamente por el Programa Universitario en la C\u00e1rcel -PUC-, al que se incorporan, de manera gradual, otros objetivos orientados a la profundizaci\u00f3n cualitativa y cuantitativa de la educaci\u00f3n carcelaria, seg\u00fan los principios que rigen el paradigma de los DD.HH. y orientada a la promoci\u00f3n de una educaci\u00f3n universitaria m\u00e1s inclusiva en las c\u00e1rceles de la Provincia de C\u00f3rdoba.<\/p>\n","protected":false},"excerpt":{"rendered":"<p>El Programa Universitario en la C\u00e1rcel (PUC), la SAE y la Secretar\u00eda de Extensi\u00f3n de la FFyH invitan a directores<\/p>\n","protected":false},"author":2,"featured_media":0,"comment_status":"open","ping_status":"open","sticky":false,"template":"","format":"standard","meta":{"_acf_changed":false,"colormag_page_container_layout":"default_layout","colormag_page_sidebar_layout":"default_layout","footnotes":""},"categories":[1],"tags":[],"class_list":["post-593","post","type-post","status-publish","format-standard","hentry","category-sin-categoria"],"acf":[],"yoast_head":"<!-- This site is optimized with the Yoast SEO plugin v27.1.1 - https:\/\/yoast.com\/product\/yoast-seo-wordpress\/ -->\n<title>PUC: Charla abierta sobre el mejoramiento de la educaci\u00f3n en c\u00e1rceles - Secretar\u00eda de Extensi\u00f3n<\/title>\n<meta name=\"robots\" content=\"index, follow, max-snippet:-1, max-image-preview:large, max-video-preview:-1\" \/>\n<link rel=\"canonical\" href=\"https:\/\/ffyh.unc.edu.ar\/extension\/2012\/11\/08\/puc-charla-abierta-sobre-el-mejoramiento-de-la-educacion-en-carceles\/\" \/>\n<meta property=\"og:locale\" content=\"es_ES\" \/>\n<meta property=\"og:type\" content=\"article\" \/>\n<meta property=\"og:title\" content=\"PUC: Charla abierta sobre el mejoramiento de la educaci\u00f3n en c\u00e1rceles - Secretar\u00eda de Extensi\u00f3n\" \/>\n<meta property=\"og:description\" content=\"El Programa Universitario en la C\u00e1rcel (PUC), la SAE y la Secretar\u00eda de Extensi\u00f3n de la FFyH invitan a directores\" \/>\n<meta property=\"og:url\" content=\"https:\/\/ffyh.unc.edu.ar\/extension\/2012\/11\/08\/puc-charla-abierta-sobre-el-mejoramiento-de-la-educacion-en-carceles\/\" \/>\n<meta property=\"og:site_name\" content=\"Secretar\u00eda de Extensi\u00f3n\" \/>\n<meta property=\"article:publisher\" content=\"https:\/\/www.facebook.com\/extensionffyh\" \/>\n<meta property=\"article:published_time\" content=\"2012-11-08T14:19:38+00:00\" \/>\n<meta property=\"og:image\" content=\"http:\/\/ffyh.unc.edu.ar\/extension\/wp-content\/uploads\/sites\/2\/2012\/11\/puc-convocatoria-150x150.jpg\" \/>\n<meta name=\"author\" content=\"\u00c1rea de Comunicaci\u00f3n - FFyH\" \/>\n<meta name=\"twitter:card\" content=\"summary_large_image\" \/>\n<meta name=\"twitter:label1\" content=\"Escrito por\" \/>\n\t<meta name=\"twitter:data1\" content=\"\" \/>\n\t<meta name=\"twitter:label2\" content=\"Tiempo de lectura\" \/>\n\t<meta name=\"twitter:data2\" content=\"1 minuto\" \/>\n<script type=\"application\/ld+json\" class=\"yoast-schema-graph\">{\"@context\":\"https:\/\/schema.org\",\"@graph\":[{\"@type\":\"Article\",\"@id\":\"https:\/\/ffyh.unc.edu.ar\/extension\/2012\/11\/08\/puc-charla-abierta-sobre-el-mejoramiento-de-la-educacion-en-carceles\/#article\",\"isPartOf\":{\"@id\":\"https:\/\/ffyh.unc.edu.ar\/extension\/2012\/11\/08\/puc-charla-abierta-sobre-el-mejoramiento-de-la-educacion-en-carceles\/\"},\"author\":{\"name\":\"\u00c1rea de Comunicaci\u00f3n - FFyH\",\"@id\":\"https:\/\/ffyh.unc.edu.ar\/extension\/#\/schema\/person\/e6b9f6aec95cb7437bb2fde09e23b224\"},\"headline\":\"PUC: Charla abierta sobre el mejoramiento de la educaci\u00f3n en c\u00e1rceles\",\"datePublished\":\"2012-11-08T14:19:38+00:00\",\"mainEntityOfPage\":{\"@id\":\"https:\/\/ffyh.unc.edu.ar\/extension\/2012\/11\/08\/puc-charla-abierta-sobre-el-mejoramiento-de-la-educacion-en-carceles\/\"},\"wordCount\":292,\"commentCount\":0,\"publisher\":{\"@id\":\"https:\/\/ffyh.unc.edu.ar\/extension\/#organization\"},\"image\":{\"@id\":\"https:\/\/ffyh.unc.edu.ar\/extension\/2012\/11\/08\/puc-charla-abierta-sobre-el-mejoramiento-de-la-educacion-en-carceles\/#primaryimage\"},\"thumbnailUrl\":\"http:\/\/ffyh.unc.edu.ar\/extension\/wp-content\/uploads\/sites\/2\/2012\/11\/puc-convocatoria-150x150.jpg\",\"inLanguage\":\"es\",\"potentialAction\":[{\"@type\":\"CommentAction\",\"name\":\"Comment\",\"target\":[\"https:\/\/ffyh.unc.edu.ar\/extension\/2012\/11\/08\/puc-charla-abierta-sobre-el-mejoramiento-de-la-educacion-en-carceles\/#respond\"]}]},{\"@type\":\"WebPage\",\"@id\":\"https:\/\/ffyh.unc.edu.ar\/extension\/2012\/11\/08\/puc-charla-abierta-sobre-el-mejoramiento-de-la-educacion-en-carceles\/\",\"url\":\"https:\/\/ffyh.unc.edu.ar\/extension\/2012\/11\/08\/puc-charla-abierta-sobre-el-mejoramiento-de-la-educacion-en-carceles\/\",\"name\":\"PUC: Charla abierta sobre el mejoramiento de la educaci\u00f3n en c\u00e1rceles - Secretar\u00eda de Extensi\u00f3n\",\"isPartOf\":{\"@id\":\"https:\/\/ffyh.unc.edu.ar\/extension\/#website\"},\"primaryImageOfPage\":{\"@id\":\"https:\/\/ffyh.unc.edu.ar\/extension\/2012\/11\/08\/puc-charla-abierta-sobre-el-mejoramiento-de-la-educacion-en-carceles\/#primaryimage\"},\"image\":{\"@id\":\"https:\/\/ffyh.unc.edu.ar\/extension\/2012\/11\/08\/puc-charla-abierta-sobre-el-mejoramiento-de-la-educacion-en-carceles\/#primaryimage\"},\"thumbnailUrl\":\"http:\/\/ffyh.unc.edu.ar\/extension\/wp-content\/uploads\/sites\/2\/2012\/11\/puc-convocatoria-150x150.jpg\",\"datePublished\":\"2012-11-08T14:19:38+00:00\",\"breadcrumb\":{\"@id\":\"https:\/\/ffyh.unc.edu.ar\/extension\/2012\/11\/08\/puc-charla-abierta-sobre-el-mejoramiento-de-la-educacion-en-carceles\/#breadcrumb\"},\"inLanguage\":\"es\",\"potentialAction\":[{\"@type\":\"ReadAction\",\"target\":[\"https:\/\/ffyh.unc.edu.ar\/extension\/2012\/11\/08\/puc-charla-abierta-sobre-el-mejoramiento-de-la-educacion-en-carceles\/\"]}]},{\"@type\":\"ImageObject\",\"inLanguage\":\"es\",\"@id\":\"https:\/\/ffyh.unc.edu.ar\/extension\/2012\/11\/08\/puc-charla-abierta-sobre-el-mejoramiento-de-la-educacion-en-carceles\/#primaryimage\",\"url\":\"https:\/\/ffyh.unc.edu.ar\/extension\/wp-content\/uploads\/sites\/2\/2012\/11\/puc-convocatoria.jpg\",\"contentUrl\":\"https:\/\/ffyh.unc.edu.ar\/extension\/wp-content\/uploads\/sites\/2\/2012\/11\/puc-convocatoria.jpg\",\"width\":415,\"height\":333},{\"@type\":\"BreadcrumbList\",\"@id\":\"https:\/\/ffyh.unc.edu.ar\/extension\/2012\/11\/08\/puc-charla-abierta-sobre-el-mejoramiento-de-la-educacion-en-carceles\/#breadcrumb\",\"itemListElement\":[{\"@type\":\"ListItem\",\"position\":1,\"name\":\"Portada\",\"item\":\"https:\/\/ffyh.unc.edu.ar\/extension\/\"},{\"@type\":\"ListItem\",\"position\":2,\"name\":\"PUC: Charla abierta sobre el mejoramiento de la educaci\u00f3n en c\u00e1rceles\"}]},{\"@type\":\"WebSite\",\"@id\":\"https:\/\/ffyh.unc.edu.ar\/extension\/#website\",\"url\":\"https:\/\/ffyh.unc.edu.ar\/extension\/\",\"name\":\"Secretar\u00eda de Extensi\u00f3n\",\"description\":\"Facultad de Filosof\u00eda y Humanidades - Universidad Nacional de C\u00f3rdoba\",\"publisher\":{\"@id\":\"https:\/\/ffyh.unc.edu.ar\/extension\/#organization\"},\"potentialAction\":[{\"@type\":\"SearchAction\",\"target\":{\"@type\":\"EntryPoint\",\"urlTemplate\":\"https:\/\/ffyh.unc.edu.ar\/extension\/?s={search_term_string}\"},\"query-input\":{\"@type\":\"PropertyValueSpecification\",\"valueRequired\":true,\"valueName\":\"search_term_string\"}}],\"inLanguage\":\"es\"},{\"@type\":\"Organization\",\"@id\":\"https:\/\/ffyh.unc.edu.ar\/extension\/#organization\",\"name\":\"Secretar\u00eda de Extensi\u00f3n - Facultad de Filosof\u00eda y Humanidades - Universidad Nacional de C\u00f3rdoba\",\"url\":\"https:\/\/ffyh.unc.edu.ar\/extension\/\",\"logo\":{\"@type\":\"ImageObject\",\"inLanguage\":\"es\",\"@id\":\"https:\/\/ffyh.unc.edu.ar\/extension\/#\/schema\/logo\/image\/\",\"url\":\"https:\/\/ffyh.unc.edu.ar\/extension\/wp-content\/uploads\/sites\/2\/2018\/08\/logo-extension-chico.jpg\",\"contentUrl\":\"https:\/\/ffyh.unc.edu.ar\/extension\/wp-content\/uploads\/sites\/2\/2018\/08\/logo-extension-chico.jpg\",\"width\":314,\"height\":119,\"caption\":\"Secretar\u00eda de Extensi\u00f3n - Facultad de Filosof\u00eda y Humanidades - Universidad Nacional de C\u00f3rdoba\"},\"image\":{\"@id\":\"https:\/\/ffyh.unc.edu.ar\/extension\/#\/schema\/logo\/image\/\"},\"sameAs\":[\"https:\/\/www.facebook.com\/extensionffyh\",\"https:\/\/www.instagram.com\/extensionffyh\/\",\"https:\/\/www.youtube.com\/channel\/UCTgN4nvMQE7ktBcgujEI-EA\"]},{\"@type\":\"Person\",\"@id\":\"https:\/\/ffyh.unc.edu.ar\/extension\/#\/schema\/person\/e6b9f6aec95cb7437bb2fde09e23b224\",\"name\":\"\u00c1rea de Comunicaci\u00f3n - FFyH\",\"url\":\"https:\/\/ffyh.unc.edu.ar\/extension\/author\/prensa\/\"}]}<\/script>\n<!-- \/ Yoast SEO plugin. -->","yoast_head_json":{"title":"PUC: Charla abierta sobre el mejoramiento de la educaci\u00f3n en c\u00e1rceles - Secretar\u00eda de Extensi\u00f3n","robots":{"index":"index","follow":"follow","max-snippet":"max-snippet:-1","max-image-preview":"max-image-preview:large","max-video-preview":"max-video-preview:-1"},"canonical":"https:\/\/ffyh.unc.edu.ar\/extension\/2012\/11\/08\/puc-charla-abierta-sobre-el-mejoramiento-de-la-educacion-en-carceles\/","og_locale":"es_ES","og_type":"article","og_title":"PUC: Charla abierta sobre el mejoramiento de la educaci\u00f3n en c\u00e1rceles - Secretar\u00eda de Extensi\u00f3n","og_description":"El Programa Universitario en la C\u00e1rcel (PUC), la SAE y la Secretar\u00eda de Extensi\u00f3n de la FFyH invitan a directores","og_url":"https:\/\/ffyh.unc.edu.ar\/extension\/2012\/11\/08\/puc-charla-abierta-sobre-el-mejoramiento-de-la-educacion-en-carceles\/","og_site_name":"Secretar\u00eda de Extensi\u00f3n","article_publisher":"https:\/\/www.facebook.com\/extensionffyh","article_published_time":"2012-11-08T14:19:38+00:00","og_image":[{"url":"http:\/\/ffyh.unc.edu.ar\/extension\/wp-content\/uploads\/sites\/2\/2012\/11\/puc-convocatoria-150x150.jpg","type":"","width":"","height":""}],"author":"\u00c1rea de Comunicaci\u00f3n - FFyH","twitter_card":"summary_large_image","twitter_misc":{"Escrito por":false,"Tiempo de lectura":"1 minuto"},"schema":{"@context":"https:\/\/schema.org","@graph":[{"@type":"Article","@id":"https:\/\/ffyh.unc.edu.ar\/extension\/2012\/11\/08\/puc-charla-abierta-sobre-el-mejoramiento-de-la-educacion-en-carceles\/#article","isPartOf":{"@id":"https:\/\/ffyh.unc.edu.ar\/extension\/2012\/11\/08\/puc-charla-abierta-sobre-el-mejoramiento-de-la-educacion-en-carceles\/"},"author":{"name":"\u00c1rea de Comunicaci\u00f3n - FFyH","@id":"https:\/\/ffyh.unc.edu.ar\/extension\/#\/schema\/person\/e6b9f6aec95cb7437bb2fde09e23b224"},"headline":"PUC: Charla abierta sobre el mejoramiento de la educaci\u00f3n en c\u00e1rceles","datePublished":"2012-11-08T14:19:38+00:00","mainEntityOfPage":{"@id":"https:\/\/ffyh.unc.edu.ar\/extension\/2012\/11\/08\/puc-charla-abierta-sobre-el-mejoramiento-de-la-educacion-en-carceles\/"},"wordCount":292,"commentCount":0,"publisher":{"@id":"https:\/\/ffyh.unc.edu.ar\/extension\/#organization"},"image":{"@id":"https:\/\/ffyh.unc.edu.ar\/extension\/2012\/11\/08\/puc-charla-abierta-sobre-el-mejoramiento-de-la-educacion-en-carceles\/#primaryimage"},"thumbnailUrl":"http:\/\/ffyh.unc.edu.ar\/extension\/wp-content\/uploads\/sites\/2\/2012\/11\/puc-convocatoria-150x150.jpg","inLanguage":"es","potentialAction":[{"@type":"CommentAction","name":"Comment","target":["https:\/\/ffyh.unc.edu.ar\/extension\/2012\/11\/08\/puc-charla-abierta-sobre-el-mejoramiento-de-la-educacion-en-carceles\/#respond"]}]},{"@type":"WebPage","@id":"https:\/\/ffyh.unc.edu.ar\/extension\/2012\/11\/08\/puc-charla-abierta-sobre-el-mejoramiento-de-la-educacion-en-carceles\/","url":"https:\/\/ffyh.unc.edu.ar\/extension\/2012\/11\/08\/puc-charla-abierta-sobre-el-mejoramiento-de-la-educacion-en-carceles\/","name":"PUC: Charla abierta sobre el mejoramiento de la educaci\u00f3n en c\u00e1rceles - Secretar\u00eda de Extensi\u00f3n","isPartOf":{"@id":"https:\/\/ffyh.unc.edu.ar\/extension\/#website"},"primaryImageOfPage":{"@id":"https:\/\/ffyh.unc.edu.ar\/extension\/2012\/11\/08\/puc-charla-abierta-sobre-el-mejoramiento-de-la-educacion-en-carceles\/#primaryimage"},"image":{"@id":"https:\/\/ffyh.unc.edu.ar\/extension\/2012\/11\/08\/puc-charla-abierta-sobre-el-mejoramiento-de-la-educacion-en-carceles\/#primaryimage"},"thumbnailUrl":"http:\/\/ffyh.unc.edu.ar\/extension\/wp-content\/uploads\/sites\/2\/2012\/11\/puc-convocatoria-150x150.jpg","datePublished":"2012-11-08T14:19:38+00:00","breadcrumb":{"@id":"https:\/\/ffyh.unc.edu.ar\/extension\/2012\/11\/08\/puc-charla-abierta-sobre-el-mejoramiento-de-la-educacion-en-carceles\/#breadcrumb"},"inLanguage":"es","potentialAction":[{"@type":"ReadAction","target":["https:\/\/ffyh.unc.edu.ar\/extension\/2012\/11\/08\/puc-charla-abierta-sobre-el-mejoramiento-de-la-educacion-en-carceles\/"]}]},{"@type":"ImageObject","inLanguage":"es","@id":"https:\/\/ffyh.unc.edu.ar\/extension\/2012\/11\/08\/puc-charla-abierta-sobre-el-mejoramiento-de-la-educacion-en-carceles\/#primaryimage","url":"https:\/\/ffyh.unc.edu.ar\/extension\/wp-content\/uploads\/sites\/2\/2012\/11\/puc-convocatoria.jpg","contentUrl":"https:\/\/ffyh.unc.edu.ar\/extension\/wp-content\/uploads\/sites\/2\/2012\/11\/puc-convocatoria.jpg","width":415,"height":333},{"@type":"BreadcrumbList","@id":"https:\/\/ffyh.unc.edu.ar\/extension\/2012\/11\/08\/puc-charla-abierta-sobre-el-mejoramiento-de-la-educacion-en-carceles\/#breadcrumb","itemListElement":[{"@type":"ListItem","position":1,"name":"Portada","item":"https:\/\/ffyh.unc.edu.ar\/extension\/"},{"@type":"ListItem","position":2,"name":"PUC: Charla abierta sobre el mejoramiento de la educaci\u00f3n en c\u00e1rceles"}]},{"@type":"WebSite","@id":"https:\/\/ffyh.unc.edu.ar\/extension\/#website","url":"https:\/\/ffyh.unc.edu.ar\/extension\/","name":"Secretar\u00eda de Extensi\u00f3n","description":"Facultad de Filosof\u00eda y Humanidades - Universidad Nacional de C\u00f3rdoba","publisher":{"@id":"https:\/\/ffyh.unc.edu.ar\/extension\/#organization"},"potentialAction":[{"@type":"SearchAction","target":{"@type":"EntryPoint","urlTemplate":"https:\/\/ffyh.unc.edu.ar\/extension\/?s={search_term_string}"},"query-input":{"@type":"PropertyValueSpecification","valueRequired":true,"valueName":"search_term_string"}}],"inLanguage":"es"},{"@type":"Organization","@id":"https:\/\/ffyh.unc.edu.ar\/extension\/#organization","name":"Secretar\u00eda de Extensi\u00f3n - Facultad de Filosof\u00eda y Humanidades - Universidad Nacional de C\u00f3rdoba","url":"https:\/\/ffyh.unc.edu.ar\/extension\/","logo":{"@type":"ImageObject","inLanguage":"es","@id":"https:\/\/ffyh.unc.edu.ar\/extension\/#\/schema\/logo\/image\/","url":"https:\/\/ffyh.unc.edu.ar\/extension\/wp-content\/uploads\/sites\/2\/2018\/08\/logo-extension-chico.jpg","contentUrl":"https:\/\/ffyh.unc.edu.ar\/extension\/wp-content\/uploads\/sites\/2\/2018\/08\/logo-extension-chico.jpg","width":314,"height":119,"caption":"Secretar\u00eda de Extensi\u00f3n - Facultad de Filosof\u00eda y Humanidades - Universidad Nacional de C\u00f3rdoba"},"image":{"@id":"https:\/\/ffyh.unc.edu.ar\/extension\/#\/schema\/logo\/image\/"},"sameAs":["https:\/\/www.facebook.com\/extensionffyh","https:\/\/www.instagram.com\/extensionffyh\/","https:\/\/www.youtube.com\/channel\/UCTgN4nvMQE7ktBcgujEI-EA"]},{"@type":"Person","@id":"https:\/\/ffyh.unc.edu.ar\/extension\/#\/schema\/person\/e6b9f6aec95cb7437bb2fde09e23b224","name":"\u00c1rea de Comunicaci\u00f3n - FFyH","url":"https:\/\/ffyh.unc.edu.ar\/extension\/author\/prensa\/"}]}},"jetpack_featured_media_url":"","_links":{"self":[{"href":"https:\/\/ffyh.unc.edu.ar\/extension\/wp-json\/wp\/v2\/posts\/593","targetHints":{"allow":["GET"]}}],"collection":[{"href":"https:\/\/ffyh.unc.edu.ar\/extension\/wp-json\/wp\/v2\/posts"}],"about":[{"href":"https:\/\/ffyh.unc.edu.ar\/extension\/wp-json\/wp\/v2\/types\/post"}],"author":[{"embeddable":true,"href":"https:\/\/ffyh.unc.edu.ar\/extension\/wp-json\/wp\/v2\/users\/2"}],"replies":[{"embeddable":true,"href":"https:\/\/ffyh.unc.edu.ar\/extension\/wp-json\/wp\/v2\/comments?post=593"}],"version-history":[{"count":0,"href":"https:\/\/ffyh.unc.edu.ar\/extension\/wp-json\/wp\/v2\/posts\/593\/revisions"}],"wp:attachment":[{"href":"https:\/\/ffyh.unc.edu.ar\/extension\/wp-json\/wp\/v2\/media?parent=593"}],"wp:term":[{"taxonomy":"category","embeddable":true,"href":"https:\/\/ffyh.unc.edu.ar\/extension\/wp-json\/wp\/v2\/categories?post=593"},{"taxonomy":"post_tag","embeddable":true,"href":"https:\/\/ffyh.unc.edu.ar\/extension\/wp-json\/wp\/v2\/tags?post=593"}],"curies":[{"name":"wp","href":"https:\/\/api.w.org\/{rel}","templated":true}]}}