{"id":5996,"date":"2022-10-04T13:24:13","date_gmt":"2022-10-04T13:24:13","guid":{"rendered":"https:\/\/ffyh.unc.edu.ar\/extension\/?p=5996"},"modified":"2023-03-09T13:27:10","modified_gmt":"2023-03-09T13:27:10","slug":"pre-jornadas-de-extension-construir-conocimiento-con-los-territorios-desafios-extensionistas-de-la-universidad-publica","status":"publish","type":"post","link":"https:\/\/ffyh.unc.edu.ar\/extension\/2022\/10\/04\/pre-jornadas-de-extension-construir-conocimiento-con-los-territorios-desafios-extensionistas-de-la-universidad-publica\/","title":{"rendered":"Pre- Jornadas de Extensi\u00f3n: Construir conocimiento CON los territorios. Desaf\u00edos extensionistas de la universidad p\u00fablica"},"content":{"rendered":"<p>La Secretar\u00eda de Extensi\u00f3n\u00a0 invita a participar de las <strong>Pre- Jornadas de Extensi\u00f3n de la Facultad de Filosof\u00eda y Humanidades: <em>Construir conocimiento CON los territorios. Desaf\u00edos extensionistas de la universidad p\u00fablica<\/em><\/strong>, que se desarrollar\u00e1n en el marco del <a href=\"https:\/\/ffyh.unc.edu.ar\/noticias\/03\/2022\/xi-encuentro-de-ciencias-sociales-y-humanas-el-desafio-de-las-desigualdades-critica-e-intervencion\/\" target=\"_blank\" rel=\"noopener\"><strong>XI Encuentro Interdisciplinario de Ciencias Sociales y Humanas El desaf\u00edo de las desigualdades: cr\u00edtica e intervenci\u00f3n<\/strong><\/a>, organizado por el Centro de Investigaciones Mar\u00eda Saleme de Burnich\u00f3n (Ciffyh).<\/p>\n<div class=\"\" data-block=\"true\" data-editor=\"5i2di\" data-offset-key=\"7ngt2-0-0\">\n<div class=\"_1mf _1mj\" data-offset-key=\"7ngt2-0-0\"><strong>Fecha l\u00edmite para el env\u00edo de escritos: <span style=\"color: #008000\">viernes 18 de noviembre de 2022<\/span><\/strong><\/div>\n<\/div>\n<div class=\"\" data-block=\"true\" data-editor=\"5i2di\" data-offset-key=\"s8hq-0-0\">\n<div class=\"_1mf _1mj\" data-offset-key=\"s8hq-0-0\"><strong>\u00a0<\/strong><\/div>\n<\/div>\n<div class=\"\" data-block=\"true\" data-editor=\"5i2di\" data-offset-key=\"e62a6-0-0\">\n<div class=\"_1mf _1mj\" data-offset-key=\"e62a6-0-0\"><span data-offset-key=\"e62a6-0-0\"><strong>Fecha de las Pre-Jornadas:<\/strong> <span style=\"color: #008000\"><strong>1 de diciembre de 2022. De 16 a 19hs<\/strong><\/span><\/span><\/div>\n<div data-offset-key=\"e62a6-0-0\"><\/div>\n<\/div>\n<p>Las Pre- Jornadas son una instancia previa a las Jornadas de Extensi\u00f3n de la FFyH, que se desarrollar\u00e1n en 2023 y se plantean con la\u00a0intenci\u00f3n expl\u00edcita de pensar la construcci\u00f3n de conocimiento desde la integralidad de funciones.<\/p>\n<p>Comprendemos la extensi\u00f3n universitaria en la universidad p\u00fablica como un modo de construcci\u00f3n conjunta de conocimientos, donde se tensionan saberes y estructuras disciplinares e institucionales, en un v\u00ednculo que se centra en el trabajo con otres sujetes sociales con la intenci\u00f3n de modificar, de modo consensuado, realidades y problem\u00e1ticas que afectan a las comunidades.<\/p>\n<p>Desde este marco, compartimos algunas preguntas que orientar\u00e1n la Pre Jornada:<\/p>\n<ul>\n<li>\u00bfC\u00f3mo pensamos metodol\u00f3gicamente las intervenciones extensionistas para construir espacios diversos y plurales?<\/li>\n<li>\u00bfC\u00f3mo entendemos la extensi\u00f3n en tanto espacio de construcci\u00f3n de conocimientos?<\/li>\n<li>\u00bfCu\u00e1les son las potencialidades y limitaciones como universitaries en el trabajo extensionista?<\/li>\n<li>\u00bfC\u00f3mo lo que construimos desde extensi\u00f3n afecta y modifica a la instituci\u00f3n universitaria?<\/li>\n<\/ul>\n<p>&nbsp;<\/p>\n<p><strong>Modalidad de participaci\u00f3n<\/strong><\/p>\n<p>Las personas interesadas deber\u00e1n:<br \/>\n&#8211; Completar el <strong><a href=\"https:\/\/forms.gle\/ES97yhXN9PXCEva26\" target=\"_blank\" rel=\"noopener\">formulario<\/a><\/strong> de inscripci\u00f3n<\/p>\n<p>&#8211; Enviar un resumen ampliado de m\u00e1ximo 400 palabras (sin incluir bibliograf\u00eda) en el que se planteen reflexiones en torno a las preguntas propuestas en la descripci\u00f3n del taller, enriqueci\u00e9ndolas desde sus experiencias territoriales previas (no excluyente).<\/p>\n<p>-Indicar en la parte superior del resumen el nombre y apellido de les autores, pertenencia institucional o grupo\/comunidad\/instituci\u00f3n u organizaci\u00f3n de referencia.<\/p>\n<p>&#8211; Cantidad m\u00e1xima de personas por presentaci\u00f3n escrita: 4 (cuatro).<\/p>\n<p>&#8211; Enviar el resumen ampliado a la direcci\u00f3n de correo electr\u00f3nico extension@ffyh.unc.edu.ar indicando en el asunto del mail \u201cResumen ampliado para las Pre-Jornadas de Extensi\u00f3n\u201d.<\/p>\n<p><strong><span style=\"color: #008000\">\u00bfQui\u00e9nes pueden participar?<\/span><\/strong><br \/>\nPersonas y equipos con experiencias territoriales o todes aquelles interesades en la tem\u00e1tica.<\/p>\n<p>Las Pre-Jornadas se encontrar\u00e1n abiertas tambi\u00e9n a quienes deseen participar sin presentar escrito previamente, en calidad de asistentes.<\/p>\n<p>Se entregar\u00e1n certificados a les expositores y asistentes<\/p>\n<p><a href=\"http:\/\/ffyh.unc.edu.ar\/extension\/wp-content\/uploads\/sites\/2\/2022\/10\/Circular-PRE-JORNADAS-DE-EXTENSION-EN-EL-XI-ENCUENTRO-CIFFYH.pdf\" target=\"_blank\" rel=\"noopener\">Descargar Circular<\/a><\/p>\n<p><img loading=\"lazy\" decoding=\"async\" class=\"alignnone size-full wp-image-6126\" src=\"http:\/\/ffyh.unc.edu.ar\/extension\/wp-content\/uploads\/sites\/2\/2022\/10\/IMG_20221024_145820_932.jpg\" alt=\"\" width=\"720\" height=\"720\" srcset=\"https:\/\/ffyh.unc.edu.ar\/extension\/wp-content\/uploads\/sites\/2\/2022\/10\/IMG_20221024_145820_932.jpg 720w, https:\/\/ffyh.unc.edu.ar\/extension\/wp-content\/uploads\/sites\/2\/2022\/10\/IMG_20221024_145820_932-300x300.jpg 300w, https:\/\/ffyh.unc.edu.ar\/extension\/wp-content\/uploads\/sites\/2\/2022\/10\/IMG_20221024_145820_932-150x150.jpg 150w\" sizes=\"auto, (max-width: 720px) 100vw, 720px\" \/><\/p>\n","protected":false},"excerpt":{"rendered":"<p>La Secretar\u00eda de Extensi\u00f3n\u00a0 invita a participar de las Pre- Jornadas de Extensi\u00f3n de la Facultad de Filosof\u00eda y Humanidades:<\/p>\n","protected":false},"author":3,"featured_media":6126,"comment_status":"closed","ping_status":"closed","sticky":false,"template":"","format":"standard","meta":{"_acf_changed":false,"colormag_page_container_layout":"default_layout","colormag_page_sidebar_layout":"default_layout","footnotes":""},"categories":[5,12],"tags":[],"class_list":["post-5996","post","type-post","status-publish","format-standard","has-post-thumbnail","hentry","category-congresos-jornadas-2","category-noticias"],"acf":[],"yoast_head":"<!-- This site is optimized with the Yoast SEO plugin v27.1.1 - https:\/\/yoast.com\/product\/yoast-seo-wordpress\/ -->\n<title>Pre- Jornadas de Extensi\u00f3n: Construir conocimiento CON los territorios. Desaf\u00edos extensionistas de la universidad p\u00fablica - Secretar\u00eda de Extensi\u00f3n<\/title>\n<meta name=\"robots\" content=\"index, follow, max-snippet:-1, max-image-preview:large, max-video-preview:-1\" \/>\n<link rel=\"canonical\" href=\"https:\/\/ffyh.unc.edu.ar\/extension\/2022\/10\/04\/pre-jornadas-de-extension-construir-conocimiento-con-los-territorios-desafios-extensionistas-de-la-universidad-publica\/\" \/>\n<meta property=\"og:locale\" content=\"es_ES\" \/>\n<meta property=\"og:type\" content=\"article\" \/>\n<meta property=\"og:title\" content=\"Pre- Jornadas de Extensi\u00f3n: Construir conocimiento CON los territorios. Desaf\u00edos extensionistas de la universidad p\u00fablica - Secretar\u00eda de Extensi\u00f3n\" \/>\n<meta property=\"og:description\" content=\"La Secretar\u00eda de Extensi\u00f3n\u00a0 invita a participar de las Pre- Jornadas de Extensi\u00f3n de la Facultad de Filosof\u00eda y Humanidades:\" \/>\n<meta property=\"og:url\" content=\"https:\/\/ffyh.unc.edu.ar\/extension\/2022\/10\/04\/pre-jornadas-de-extension-construir-conocimiento-con-los-territorios-desafios-extensionistas-de-la-universidad-publica\/\" \/>\n<meta property=\"og:site_name\" content=\"Secretar\u00eda de Extensi\u00f3n\" \/>\n<meta property=\"article:publisher\" content=\"https:\/\/www.facebook.com\/extensionffyh\" \/>\n<meta property=\"article:published_time\" content=\"2022-10-04T13:24:13+00:00\" \/>\n<meta property=\"article:modified_time\" content=\"2023-03-09T13:27:10+00:00\" \/>\n<meta property=\"og:image\" content=\"http:\/\/ffyh.unc.edu.ar\/extension\/wp-content\/uploads\/sites\/2\/2022\/10\/IMG_20221024_145820_932.jpg\" \/>\n\t<meta property=\"og:image:width\" content=\"720\" \/>\n\t<meta property=\"og:image:height\" content=\"720\" \/>\n\t<meta property=\"og:image:type\" content=\"image\/jpeg\" \/>\n<meta name=\"author\" content=\"extension\" \/>\n<meta name=\"twitter:card\" content=\"summary_large_image\" \/>\n<meta name=\"twitter:label1\" content=\"Escrito por\" \/>\n\t<meta name=\"twitter:data1\" content=\"\" \/>\n\t<meta name=\"twitter:label2\" content=\"Tiempo de lectura\" \/>\n\t<meta name=\"twitter:data2\" content=\"2 minutos\" \/>\n<script type=\"application\/ld+json\" class=\"yoast-schema-graph\">{\"@context\":\"https:\/\/schema.org\",\"@graph\":[{\"@type\":\"Article\",\"@id\":\"https:\/\/ffyh.unc.edu.ar\/extension\/2022\/10\/04\/pre-jornadas-de-extension-construir-conocimiento-con-los-territorios-desafios-extensionistas-de-la-universidad-publica\/#article\",\"isPartOf\":{\"@id\":\"https:\/\/ffyh.unc.edu.ar\/extension\/2022\/10\/04\/pre-jornadas-de-extension-construir-conocimiento-con-los-territorios-desafios-extensionistas-de-la-universidad-publica\/\"},\"author\":{\"name\":\"extension\",\"@id\":\"https:\/\/ffyh.unc.edu.ar\/extension\/#\/schema\/person\/c429cdff3a192a7081944182246c3689\"},\"headline\":\"Pre- Jornadas de Extensi\u00f3n: Construir conocimiento CON los territorios. Desaf\u00edos extensionistas de la universidad p\u00fablica\",\"datePublished\":\"2022-10-04T13:24:13+00:00\",\"dateModified\":\"2023-03-09T13:27:10+00:00\",\"mainEntityOfPage\":{\"@id\":\"https:\/\/ffyh.unc.edu.ar\/extension\/2022\/10\/04\/pre-jornadas-de-extension-construir-conocimiento-con-los-territorios-desafios-extensionistas-de-la-universidad-publica\/\"},\"wordCount\":464,\"publisher\":{\"@id\":\"https:\/\/ffyh.unc.edu.ar\/extension\/#organization\"},\"image\":{\"@id\":\"https:\/\/ffyh.unc.edu.ar\/extension\/2022\/10\/04\/pre-jornadas-de-extension-construir-conocimiento-con-los-territorios-desafios-extensionistas-de-la-universidad-publica\/#primaryimage\"},\"thumbnailUrl\":\"https:\/\/ffyh.unc.edu.ar\/extension\/wp-content\/uploads\/sites\/2\/2022\/10\/IMG_20221024_145820_932.jpg\",\"articleSection\":[\"Congresos, jornadas, charlas y conferencias\",\"Noticias\"],\"inLanguage\":\"es\"},{\"@type\":\"WebPage\",\"@id\":\"https:\/\/ffyh.unc.edu.ar\/extension\/2022\/10\/04\/pre-jornadas-de-extension-construir-conocimiento-con-los-territorios-desafios-extensionistas-de-la-universidad-publica\/\",\"url\":\"https:\/\/ffyh.unc.edu.ar\/extension\/2022\/10\/04\/pre-jornadas-de-extension-construir-conocimiento-con-los-territorios-desafios-extensionistas-de-la-universidad-publica\/\",\"name\":\"Pre- Jornadas de Extensi\u00f3n: Construir conocimiento CON los territorios. Desaf\u00edos extensionistas de la universidad p\u00fablica - Secretar\u00eda de Extensi\u00f3n\",\"isPartOf\":{\"@id\":\"https:\/\/ffyh.unc.edu.ar\/extension\/#website\"},\"primaryImageOfPage\":{\"@id\":\"https:\/\/ffyh.unc.edu.ar\/extension\/2022\/10\/04\/pre-jornadas-de-extension-construir-conocimiento-con-los-territorios-desafios-extensionistas-de-la-universidad-publica\/#primaryimage\"},\"image\":{\"@id\":\"https:\/\/ffyh.unc.edu.ar\/extension\/2022\/10\/04\/pre-jornadas-de-extension-construir-conocimiento-con-los-territorios-desafios-extensionistas-de-la-universidad-publica\/#primaryimage\"},\"thumbnailUrl\":\"https:\/\/ffyh.unc.edu.ar\/extension\/wp-content\/uploads\/sites\/2\/2022\/10\/IMG_20221024_145820_932.jpg\",\"datePublished\":\"2022-10-04T13:24:13+00:00\",\"dateModified\":\"2023-03-09T13:27:10+00:00\",\"breadcrumb\":{\"@id\":\"https:\/\/ffyh.unc.edu.ar\/extension\/2022\/10\/04\/pre-jornadas-de-extension-construir-conocimiento-con-los-territorios-desafios-extensionistas-de-la-universidad-publica\/#breadcrumb\"},\"inLanguage\":\"es\",\"potentialAction\":[{\"@type\":\"ReadAction\",\"target\":[\"https:\/\/ffyh.unc.edu.ar\/extension\/2022\/10\/04\/pre-jornadas-de-extension-construir-conocimiento-con-los-territorios-desafios-extensionistas-de-la-universidad-publica\/\"]}]},{\"@type\":\"ImageObject\",\"inLanguage\":\"es\",\"@id\":\"https:\/\/ffyh.unc.edu.ar\/extension\/2022\/10\/04\/pre-jornadas-de-extension-construir-conocimiento-con-los-territorios-desafios-extensionistas-de-la-universidad-publica\/#primaryimage\",\"url\":\"https:\/\/ffyh.unc.edu.ar\/extension\/wp-content\/uploads\/sites\/2\/2022\/10\/IMG_20221024_145820_932.jpg\",\"contentUrl\":\"https:\/\/ffyh.unc.edu.ar\/extension\/wp-content\/uploads\/sites\/2\/2022\/10\/IMG_20221024_145820_932.jpg\",\"width\":720,\"height\":720},{\"@type\":\"BreadcrumbList\",\"@id\":\"https:\/\/ffyh.unc.edu.ar\/extension\/2022\/10\/04\/pre-jornadas-de-extension-construir-conocimiento-con-los-territorios-desafios-extensionistas-de-la-universidad-publica\/#breadcrumb\",\"itemListElement\":[{\"@type\":\"ListItem\",\"position\":1,\"name\":\"Portada\",\"item\":\"https:\/\/ffyh.unc.edu.ar\/extension\/\"},{\"@type\":\"ListItem\",\"position\":2,\"name\":\"Pre- Jornadas de Extensi\u00f3n: Construir conocimiento CON los territorios. Desaf\u00edos extensionistas de la universidad p\u00fablica\"}]},{\"@type\":\"WebSite\",\"@id\":\"https:\/\/ffyh.unc.edu.ar\/extension\/#website\",\"url\":\"https:\/\/ffyh.unc.edu.ar\/extension\/\",\"name\":\"Secretar\u00eda de Extensi\u00f3n\",\"description\":\"Facultad de Filosof\u00eda y Humanidades - Universidad Nacional de C\u00f3rdoba\",\"publisher\":{\"@id\":\"https:\/\/ffyh.unc.edu.ar\/extension\/#organization\"},\"potentialAction\":[{\"@type\":\"SearchAction\",\"target\":{\"@type\":\"EntryPoint\",\"urlTemplate\":\"https:\/\/ffyh.unc.edu.ar\/extension\/?s={search_term_string}\"},\"query-input\":{\"@type\":\"PropertyValueSpecification\",\"valueRequired\":true,\"valueName\":\"search_term_string\"}}],\"inLanguage\":\"es\"},{\"@type\":\"Organization\",\"@id\":\"https:\/\/ffyh.unc.edu.ar\/extension\/#organization\",\"name\":\"Secretar\u00eda de Extensi\u00f3n - Facultad de Filosof\u00eda y Humanidades - Universidad Nacional de C\u00f3rdoba\",\"url\":\"https:\/\/ffyh.unc.edu.ar\/extension\/\",\"logo\":{\"@type\":\"ImageObject\",\"inLanguage\":\"es\",\"@id\":\"https:\/\/ffyh.unc.edu.ar\/extension\/#\/schema\/logo\/image\/\",\"url\":\"https:\/\/ffyh.unc.edu.ar\/extension\/wp-content\/uploads\/sites\/2\/2018\/08\/logo-extension-chico.jpg\",\"contentUrl\":\"https:\/\/ffyh.unc.edu.ar\/extension\/wp-content\/uploads\/sites\/2\/2018\/08\/logo-extension-chico.jpg\",\"width\":314,\"height\":119,\"caption\":\"Secretar\u00eda de Extensi\u00f3n - Facultad de Filosof\u00eda y Humanidades - Universidad Nacional de C\u00f3rdoba\"},\"image\":{\"@id\":\"https:\/\/ffyh.unc.edu.ar\/extension\/#\/schema\/logo\/image\/\"},\"sameAs\":[\"https:\/\/www.facebook.com\/extensionffyh\",\"https:\/\/www.instagram.com\/extensionffyh\/\",\"https:\/\/www.youtube.com\/channel\/UCTgN4nvMQE7ktBcgujEI-EA\"]},{\"@type\":\"Person\",\"@id\":\"https:\/\/ffyh.unc.edu.ar\/extension\/#\/schema\/person\/c429cdff3a192a7081944182246c3689\",\"name\":\"extension\",\"url\":\"https:\/\/ffyh.unc.edu.ar\/extension\/author\/extension\/\"}]}<\/script>\n<!-- \/ Yoast SEO plugin. -->","yoast_head_json":{"title":"Pre- Jornadas de Extensi\u00f3n: Construir conocimiento CON los territorios. Desaf\u00edos extensionistas de la universidad p\u00fablica - Secretar\u00eda de Extensi\u00f3n","robots":{"index":"index","follow":"follow","max-snippet":"max-snippet:-1","max-image-preview":"max-image-preview:large","max-video-preview":"max-video-preview:-1"},"canonical":"https:\/\/ffyh.unc.edu.ar\/extension\/2022\/10\/04\/pre-jornadas-de-extension-construir-conocimiento-con-los-territorios-desafios-extensionistas-de-la-universidad-publica\/","og_locale":"es_ES","og_type":"article","og_title":"Pre- Jornadas de Extensi\u00f3n: Construir conocimiento CON los territorios. Desaf\u00edos extensionistas de la universidad p\u00fablica - Secretar\u00eda de Extensi\u00f3n","og_description":"La Secretar\u00eda de Extensi\u00f3n\u00a0 invita a participar de las Pre- Jornadas de Extensi\u00f3n de la Facultad de Filosof\u00eda y Humanidades:","og_url":"https:\/\/ffyh.unc.edu.ar\/extension\/2022\/10\/04\/pre-jornadas-de-extension-construir-conocimiento-con-los-territorios-desafios-extensionistas-de-la-universidad-publica\/","og_site_name":"Secretar\u00eda de Extensi\u00f3n","article_publisher":"https:\/\/www.facebook.com\/extensionffyh","article_published_time":"2022-10-04T13:24:13+00:00","article_modified_time":"2023-03-09T13:27:10+00:00","og_image":[{"width":720,"height":720,"url":"http:\/\/ffyh.unc.edu.ar\/extension\/wp-content\/uploads\/sites\/2\/2022\/10\/IMG_20221024_145820_932.jpg","type":"image\/jpeg"}],"author":"extension","twitter_card":"summary_large_image","twitter_misc":{"Escrito por":false,"Tiempo de lectura":"2 minutos"},"schema":{"@context":"https:\/\/schema.org","@graph":[{"@type":"Article","@id":"https:\/\/ffyh.unc.edu.ar\/extension\/2022\/10\/04\/pre-jornadas-de-extension-construir-conocimiento-con-los-territorios-desafios-extensionistas-de-la-universidad-publica\/#article","isPartOf":{"@id":"https:\/\/ffyh.unc.edu.ar\/extension\/2022\/10\/04\/pre-jornadas-de-extension-construir-conocimiento-con-los-territorios-desafios-extensionistas-de-la-universidad-publica\/"},"author":{"name":"extension","@id":"https:\/\/ffyh.unc.edu.ar\/extension\/#\/schema\/person\/c429cdff3a192a7081944182246c3689"},"headline":"Pre- Jornadas de Extensi\u00f3n: Construir conocimiento CON los territorios. Desaf\u00edos extensionistas de la universidad p\u00fablica","datePublished":"2022-10-04T13:24:13+00:00","dateModified":"2023-03-09T13:27:10+00:00","mainEntityOfPage":{"@id":"https:\/\/ffyh.unc.edu.ar\/extension\/2022\/10\/04\/pre-jornadas-de-extension-construir-conocimiento-con-los-territorios-desafios-extensionistas-de-la-universidad-publica\/"},"wordCount":464,"publisher":{"@id":"https:\/\/ffyh.unc.edu.ar\/extension\/#organization"},"image":{"@id":"https:\/\/ffyh.unc.edu.ar\/extension\/2022\/10\/04\/pre-jornadas-de-extension-construir-conocimiento-con-los-territorios-desafios-extensionistas-de-la-universidad-publica\/#primaryimage"},"thumbnailUrl":"https:\/\/ffyh.unc.edu.ar\/extension\/wp-content\/uploads\/sites\/2\/2022\/10\/IMG_20221024_145820_932.jpg","articleSection":["Congresos, jornadas, charlas y conferencias","Noticias"],"inLanguage":"es"},{"@type":"WebPage","@id":"https:\/\/ffyh.unc.edu.ar\/extension\/2022\/10\/04\/pre-jornadas-de-extension-construir-conocimiento-con-los-territorios-desafios-extensionistas-de-la-universidad-publica\/","url":"https:\/\/ffyh.unc.edu.ar\/extension\/2022\/10\/04\/pre-jornadas-de-extension-construir-conocimiento-con-los-territorios-desafios-extensionistas-de-la-universidad-publica\/","name":"Pre- Jornadas de Extensi\u00f3n: Construir conocimiento CON los territorios. Desaf\u00edos extensionistas de la universidad p\u00fablica - Secretar\u00eda de Extensi\u00f3n","isPartOf":{"@id":"https:\/\/ffyh.unc.edu.ar\/extension\/#website"},"primaryImageOfPage":{"@id":"https:\/\/ffyh.unc.edu.ar\/extension\/2022\/10\/04\/pre-jornadas-de-extension-construir-conocimiento-con-los-territorios-desafios-extensionistas-de-la-universidad-publica\/#primaryimage"},"image":{"@id":"https:\/\/ffyh.unc.edu.ar\/extension\/2022\/10\/04\/pre-jornadas-de-extension-construir-conocimiento-con-los-territorios-desafios-extensionistas-de-la-universidad-publica\/#primaryimage"},"thumbnailUrl":"https:\/\/ffyh.unc.edu.ar\/extension\/wp-content\/uploads\/sites\/2\/2022\/10\/IMG_20221024_145820_932.jpg","datePublished":"2022-10-04T13:24:13+00:00","dateModified":"2023-03-09T13:27:10+00:00","breadcrumb":{"@id":"https:\/\/ffyh.unc.edu.ar\/extension\/2022\/10\/04\/pre-jornadas-de-extension-construir-conocimiento-con-los-territorios-desafios-extensionistas-de-la-universidad-publica\/#breadcrumb"},"inLanguage":"es","potentialAction":[{"@type":"ReadAction","target":["https:\/\/ffyh.unc.edu.ar\/extension\/2022\/10\/04\/pre-jornadas-de-extension-construir-conocimiento-con-los-territorios-desafios-extensionistas-de-la-universidad-publica\/"]}]},{"@type":"ImageObject","inLanguage":"es","@id":"https:\/\/ffyh.unc.edu.ar\/extension\/2022\/10\/04\/pre-jornadas-de-extension-construir-conocimiento-con-los-territorios-desafios-extensionistas-de-la-universidad-publica\/#primaryimage","url":"https:\/\/ffyh.unc.edu.ar\/extension\/wp-content\/uploads\/sites\/2\/2022\/10\/IMG_20221024_145820_932.jpg","contentUrl":"https:\/\/ffyh.unc.edu.ar\/extension\/wp-content\/uploads\/sites\/2\/2022\/10\/IMG_20221024_145820_932.jpg","width":720,"height":720},{"@type":"BreadcrumbList","@id":"https:\/\/ffyh.unc.edu.ar\/extension\/2022\/10\/04\/pre-jornadas-de-extension-construir-conocimiento-con-los-territorios-desafios-extensionistas-de-la-universidad-publica\/#breadcrumb","itemListElement":[{"@type":"ListItem","position":1,"name":"Portada","item":"https:\/\/ffyh.unc.edu.ar\/extension\/"},{"@type":"ListItem","position":2,"name":"Pre- Jornadas de Extensi\u00f3n: Construir conocimiento CON los territorios. Desaf\u00edos extensionistas de la universidad p\u00fablica"}]},{"@type":"WebSite","@id":"https:\/\/ffyh.unc.edu.ar\/extension\/#website","url":"https:\/\/ffyh.unc.edu.ar\/extension\/","name":"Secretar\u00eda de Extensi\u00f3n","description":"Facultad de Filosof\u00eda y Humanidades - Universidad Nacional de C\u00f3rdoba","publisher":{"@id":"https:\/\/ffyh.unc.edu.ar\/extension\/#organization"},"potentialAction":[{"@type":"SearchAction","target":{"@type":"EntryPoint","urlTemplate":"https:\/\/ffyh.unc.edu.ar\/extension\/?s={search_term_string}"},"query-input":{"@type":"PropertyValueSpecification","valueRequired":true,"valueName":"search_term_string"}}],"inLanguage":"es"},{"@type":"Organization","@id":"https:\/\/ffyh.unc.edu.ar\/extension\/#organization","name":"Secretar\u00eda de Extensi\u00f3n - Facultad de Filosof\u00eda y Humanidades - Universidad Nacional de C\u00f3rdoba","url":"https:\/\/ffyh.unc.edu.ar\/extension\/","logo":{"@type":"ImageObject","inLanguage":"es","@id":"https:\/\/ffyh.unc.edu.ar\/extension\/#\/schema\/logo\/image\/","url":"https:\/\/ffyh.unc.edu.ar\/extension\/wp-content\/uploads\/sites\/2\/2018\/08\/logo-extension-chico.jpg","contentUrl":"https:\/\/ffyh.unc.edu.ar\/extension\/wp-content\/uploads\/sites\/2\/2018\/08\/logo-extension-chico.jpg","width":314,"height":119,"caption":"Secretar\u00eda de Extensi\u00f3n - Facultad de Filosof\u00eda y Humanidades - Universidad Nacional de C\u00f3rdoba"},"image":{"@id":"https:\/\/ffyh.unc.edu.ar\/extension\/#\/schema\/logo\/image\/"},"sameAs":["https:\/\/www.facebook.com\/extensionffyh","https:\/\/www.instagram.com\/extensionffyh\/","https:\/\/www.youtube.com\/channel\/UCTgN4nvMQE7ktBcgujEI-EA"]},{"@type":"Person","@id":"https:\/\/ffyh.unc.edu.ar\/extension\/#\/schema\/person\/c429cdff3a192a7081944182246c3689","name":"extension","url":"https:\/\/ffyh.unc.edu.ar\/extension\/author\/extension\/"}]}},"jetpack_featured_media_url":"https:\/\/ffyh.unc.edu.ar\/extension\/wp-content\/uploads\/sites\/2\/2022\/10\/IMG_20221024_145820_932.jpg","_links":{"self":[{"href":"https:\/\/ffyh.unc.edu.ar\/extension\/wp-json\/wp\/v2\/posts\/5996","targetHints":{"allow":["GET"]}}],"collection":[{"href":"https:\/\/ffyh.unc.edu.ar\/extension\/wp-json\/wp\/v2\/posts"}],"about":[{"href":"https:\/\/ffyh.unc.edu.ar\/extension\/wp-json\/wp\/v2\/types\/post"}],"author":[{"embeddable":true,"href":"https:\/\/ffyh.unc.edu.ar\/extension\/wp-json\/wp\/v2\/users\/3"}],"replies":[{"embeddable":true,"href":"https:\/\/ffyh.unc.edu.ar\/extension\/wp-json\/wp\/v2\/comments?post=5996"}],"version-history":[{"count":11,"href":"https:\/\/ffyh.unc.edu.ar\/extension\/wp-json\/wp\/v2\/posts\/5996\/revisions"}],"predecessor-version":[{"id":6396,"href":"https:\/\/ffyh.unc.edu.ar\/extension\/wp-json\/wp\/v2\/posts\/5996\/revisions\/6396"}],"wp:featuredmedia":[{"embeddable":true,"href":"https:\/\/ffyh.unc.edu.ar\/extension\/wp-json\/wp\/v2\/media\/6126"}],"wp:attachment":[{"href":"https:\/\/ffyh.unc.edu.ar\/extension\/wp-json\/wp\/v2\/media?parent=5996"}],"wp:term":[{"taxonomy":"category","embeddable":true,"href":"https:\/\/ffyh.unc.edu.ar\/extension\/wp-json\/wp\/v2\/categories?post=5996"},{"taxonomy":"post_tag","embeddable":true,"href":"https:\/\/ffyh.unc.edu.ar\/extension\/wp-json\/wp\/v2\/tags?post=5996"}],"curies":[{"name":"wp","href":"https:\/\/api.w.org\/{rel}","templated":true}]}}