{"id":6627,"date":"2023-08-22T14:36:32","date_gmt":"2023-08-22T14:36:32","guid":{"rendered":"https:\/\/ffyh.unc.edu.ar\/extension\/?p=6627"},"modified":"2023-08-22T15:33:57","modified_gmt":"2023-08-22T15:33:57","slug":"amasando-tu-proyecto-de-extension-2","status":"publish","type":"post","link":"https:\/\/ffyh.unc.edu.ar\/extension\/2023\/08\/22\/amasando-tu-proyecto-de-extension-2\/","title":{"rendered":"Amasando tu proyecto de extensi\u00f3n"},"content":{"rendered":"<p>En el marco de la Convocatoria 2024 a becas de extensi\u00f3n de la UNC, lxs invitamos a participar de <strong>Amasando tu proyecto de extensi\u00f3n<\/strong>, un espacio de conversaci\u00f3n y reflexi\u00f3n en torno al armado de su proyecto.<\/p>\n<p><strong>Destinatarixs:<\/strong>\u00a0docentes y estudiantes<\/p>\n<p>Mi\u00e9rcoles 30 de agosto | 16 a 18hs | Aula de Extensi\u00f3n, Pabell\u00f3n Brujas<\/p>\n<p><strong>Consultas por whatsapp:<\/strong>\u00a03543 51-2660<\/p>\n<p><strong>Inscripciones:<\/strong> <a href=\"https:\/\/forms.gle\/AH46TNZCVj847Mso7\" target=\"_blank\" rel=\"noopener\">https:\/\/forms.gle\/AH46TNZCVj847Mso7<\/a><\/p>\n<p>Gratuito<\/p>\n<p><img loading=\"lazy\" decoding=\"async\" class=\"alignnone size-full wp-image-6628\" src=\"http:\/\/ffyh.unc.edu.ar\/extension\/wp-content\/uploads\/sites\/2\/2023\/08\/WhatsApp-Image-2023-08-22-at-11.23.57.jpeg\" alt=\"\" width=\"1600\" height=\"1600\" srcset=\"https:\/\/ffyh.unc.edu.ar\/extension\/wp-content\/uploads\/sites\/2\/2023\/08\/WhatsApp-Image-2023-08-22-at-11.23.57.jpeg 1600w, https:\/\/ffyh.unc.edu.ar\/extension\/wp-content\/uploads\/sites\/2\/2023\/08\/WhatsApp-Image-2023-08-22-at-11.23.57-300x300.jpeg 300w, https:\/\/ffyh.unc.edu.ar\/extension\/wp-content\/uploads\/sites\/2\/2023\/08\/WhatsApp-Image-2023-08-22-at-11.23.57-1024x1024.jpeg 1024w, https:\/\/ffyh.unc.edu.ar\/extension\/wp-content\/uploads\/sites\/2\/2023\/08\/WhatsApp-Image-2023-08-22-at-11.23.57-150x150.jpeg 150w, https:\/\/ffyh.unc.edu.ar\/extension\/wp-content\/uploads\/sites\/2\/2023\/08\/WhatsApp-Image-2023-08-22-at-11.23.57-768x768.jpeg 768w, https:\/\/ffyh.unc.edu.ar\/extension\/wp-content\/uploads\/sites\/2\/2023\/08\/WhatsApp-Image-2023-08-22-at-11.23.57-1536x1536.jpeg 1536w\" sizes=\"auto, (max-width: 1600px) 100vw, 1600px\" \/><\/p>\n","protected":false},"excerpt":{"rendered":"<p>En el marco de la Convocatoria 2024 a becas de extensi\u00f3n de la UNC, lxs invitamos a participar de Amasando<\/p>\n","protected":false},"author":3,"featured_media":6628,"comment_status":"closed","ping_status":"closed","sticky":false,"template":"","format":"standard","meta":{"_acf_changed":false,"colormag_page_container_layout":"default_layout","colormag_page_sidebar_layout":"default_layout","footnotes":""},"categories":[12],"tags":[33],"class_list":["post-6627","post","type-post","status-publish","format-standard","has-post-thumbnail","hentry","category-noticias","tag-intervencion-y-acompanamiento-territorial"],"acf":[],"yoast_head":"<!-- This site is optimized with the Yoast SEO plugin v27.1.1 - https:\/\/yoast.com\/product\/yoast-seo-wordpress\/ -->\n<title>Amasando tu proyecto de extensi\u00f3n - Secretar\u00eda de Extensi\u00f3n<\/title>\n<meta name=\"robots\" content=\"index, follow, max-snippet:-1, max-image-preview:large, max-video-preview:-1\" \/>\n<link rel=\"canonical\" href=\"https:\/\/ffyh.unc.edu.ar\/extension\/2023\/08\/22\/amasando-tu-proyecto-de-extension-2\/\" \/>\n<meta property=\"og:locale\" content=\"es_ES\" \/>\n<meta property=\"og:type\" content=\"article\" \/>\n<meta property=\"og:title\" content=\"Amasando tu proyecto de extensi\u00f3n - Secretar\u00eda de Extensi\u00f3n\" \/>\n<meta property=\"og:description\" content=\"En el marco de la Convocatoria 2024 a becas de extensi\u00f3n de la UNC, lxs invitamos a participar de Amasando\" \/>\n<meta property=\"og:url\" content=\"https:\/\/ffyh.unc.edu.ar\/extension\/2023\/08\/22\/amasando-tu-proyecto-de-extension-2\/\" \/>\n<meta property=\"og:site_name\" content=\"Secretar\u00eda de Extensi\u00f3n\" \/>\n<meta property=\"article:publisher\" content=\"https:\/\/www.facebook.com\/extensionffyh\" \/>\n<meta property=\"article:published_time\" content=\"2023-08-22T14:36:32+00:00\" \/>\n<meta property=\"article:modified_time\" content=\"2023-08-22T15:33:57+00:00\" \/>\n<meta property=\"og:image\" content=\"http:\/\/ffyh.unc.edu.ar\/extension\/wp-content\/uploads\/sites\/2\/2023\/08\/WhatsApp-Image-2023-08-22-at-11.23.57.jpeg\" \/>\n\t<meta property=\"og:image:width\" content=\"1600\" \/>\n\t<meta property=\"og:image:height\" content=\"1600\" \/>\n\t<meta property=\"og:image:type\" content=\"image\/jpeg\" \/>\n<meta name=\"author\" content=\"extension\" \/>\n<meta name=\"twitter:card\" content=\"summary_large_image\" \/>\n<meta name=\"twitter:label1\" content=\"Escrito por\" \/>\n\t<meta name=\"twitter:data1\" content=\"\" \/>\n<script type=\"application\/ld+json\" class=\"yoast-schema-graph\">{\"@context\":\"https:\/\/schema.org\",\"@graph\":[{\"@type\":\"Article\",\"@id\":\"https:\/\/ffyh.unc.edu.ar\/extension\/2023\/08\/22\/amasando-tu-proyecto-de-extension-2\/#article\",\"isPartOf\":{\"@id\":\"https:\/\/ffyh.unc.edu.ar\/extension\/2023\/08\/22\/amasando-tu-proyecto-de-extension-2\/\"},\"author\":{\"name\":\"extension\",\"@id\":\"https:\/\/ffyh.unc.edu.ar\/extension\/#\/schema\/person\/c429cdff3a192a7081944182246c3689\"},\"headline\":\"Amasando tu proyecto de extensi\u00f3n\",\"datePublished\":\"2023-08-22T14:36:32+00:00\",\"dateModified\":\"2023-08-22T15:33:57+00:00\",\"mainEntityOfPage\":{\"@id\":\"https:\/\/ffyh.unc.edu.ar\/extension\/2023\/08\/22\/amasando-tu-proyecto-de-extension-2\/\"},\"wordCount\":75,\"publisher\":{\"@id\":\"https:\/\/ffyh.unc.edu.ar\/extension\/#organization\"},\"image\":{\"@id\":\"https:\/\/ffyh.unc.edu.ar\/extension\/2023\/08\/22\/amasando-tu-proyecto-de-extension-2\/#primaryimage\"},\"thumbnailUrl\":\"https:\/\/ffyh.unc.edu.ar\/extension\/wp-content\/uploads\/sites\/2\/2023\/08\/WhatsApp-Image-2023-08-22-at-11.23.57.jpeg\",\"keywords\":[\"intervenci\u00f3n y acompa\u00f1amiento territorial\"],\"articleSection\":[\"Noticias\"],\"inLanguage\":\"es\"},{\"@type\":\"WebPage\",\"@id\":\"https:\/\/ffyh.unc.edu.ar\/extension\/2023\/08\/22\/amasando-tu-proyecto-de-extension-2\/\",\"url\":\"https:\/\/ffyh.unc.edu.ar\/extension\/2023\/08\/22\/amasando-tu-proyecto-de-extension-2\/\",\"name\":\"Amasando tu proyecto de extensi\u00f3n - Secretar\u00eda de Extensi\u00f3n\",\"isPartOf\":{\"@id\":\"https:\/\/ffyh.unc.edu.ar\/extension\/#website\"},\"primaryImageOfPage\":{\"@id\":\"https:\/\/ffyh.unc.edu.ar\/extension\/2023\/08\/22\/amasando-tu-proyecto-de-extension-2\/#primaryimage\"},\"image\":{\"@id\":\"https:\/\/ffyh.unc.edu.ar\/extension\/2023\/08\/22\/amasando-tu-proyecto-de-extension-2\/#primaryimage\"},\"thumbnailUrl\":\"https:\/\/ffyh.unc.edu.ar\/extension\/wp-content\/uploads\/sites\/2\/2023\/08\/WhatsApp-Image-2023-08-22-at-11.23.57.jpeg\",\"datePublished\":\"2023-08-22T14:36:32+00:00\",\"dateModified\":\"2023-08-22T15:33:57+00:00\",\"breadcrumb\":{\"@id\":\"https:\/\/ffyh.unc.edu.ar\/extension\/2023\/08\/22\/amasando-tu-proyecto-de-extension-2\/#breadcrumb\"},\"inLanguage\":\"es\",\"potentialAction\":[{\"@type\":\"ReadAction\",\"target\":[\"https:\/\/ffyh.unc.edu.ar\/extension\/2023\/08\/22\/amasando-tu-proyecto-de-extension-2\/\"]}]},{\"@type\":\"ImageObject\",\"inLanguage\":\"es\",\"@id\":\"https:\/\/ffyh.unc.edu.ar\/extension\/2023\/08\/22\/amasando-tu-proyecto-de-extension-2\/#primaryimage\",\"url\":\"https:\/\/ffyh.unc.edu.ar\/extension\/wp-content\/uploads\/sites\/2\/2023\/08\/WhatsApp-Image-2023-08-22-at-11.23.57.jpeg\",\"contentUrl\":\"https:\/\/ffyh.unc.edu.ar\/extension\/wp-content\/uploads\/sites\/2\/2023\/08\/WhatsApp-Image-2023-08-22-at-11.23.57.jpeg\",\"width\":1600,\"height\":1600},{\"@type\":\"BreadcrumbList\",\"@id\":\"https:\/\/ffyh.unc.edu.ar\/extension\/2023\/08\/22\/amasando-tu-proyecto-de-extension-2\/#breadcrumb\",\"itemListElement\":[{\"@type\":\"ListItem\",\"position\":1,\"name\":\"Portada\",\"item\":\"https:\/\/ffyh.unc.edu.ar\/extension\/\"},{\"@type\":\"ListItem\",\"position\":2,\"name\":\"Amasando tu proyecto de extensi\u00f3n\"}]},{\"@type\":\"WebSite\",\"@id\":\"https:\/\/ffyh.unc.edu.ar\/extension\/#website\",\"url\":\"https:\/\/ffyh.unc.edu.ar\/extension\/\",\"name\":\"Secretar\u00eda de Extensi\u00f3n\",\"description\":\"Facultad de Filosof\u00eda y Humanidades - Universidad Nacional de C\u00f3rdoba\",\"publisher\":{\"@id\":\"https:\/\/ffyh.unc.edu.ar\/extension\/#organization\"},\"potentialAction\":[{\"@type\":\"SearchAction\",\"target\":{\"@type\":\"EntryPoint\",\"urlTemplate\":\"https:\/\/ffyh.unc.edu.ar\/extension\/?s={search_term_string}\"},\"query-input\":{\"@type\":\"PropertyValueSpecification\",\"valueRequired\":true,\"valueName\":\"search_term_string\"}}],\"inLanguage\":\"es\"},{\"@type\":\"Organization\",\"@id\":\"https:\/\/ffyh.unc.edu.ar\/extension\/#organization\",\"name\":\"Secretar\u00eda de Extensi\u00f3n - Facultad de Filosof\u00eda y Humanidades - Universidad Nacional de C\u00f3rdoba\",\"url\":\"https:\/\/ffyh.unc.edu.ar\/extension\/\",\"logo\":{\"@type\":\"ImageObject\",\"inLanguage\":\"es\",\"@id\":\"https:\/\/ffyh.unc.edu.ar\/extension\/#\/schema\/logo\/image\/\",\"url\":\"https:\/\/ffyh.unc.edu.ar\/extension\/wp-content\/uploads\/sites\/2\/2018\/08\/logo-extension-chico.jpg\",\"contentUrl\":\"https:\/\/ffyh.unc.edu.ar\/extension\/wp-content\/uploads\/sites\/2\/2018\/08\/logo-extension-chico.jpg\",\"width\":314,\"height\":119,\"caption\":\"Secretar\u00eda de Extensi\u00f3n - Facultad de Filosof\u00eda y Humanidades - Universidad Nacional de C\u00f3rdoba\"},\"image\":{\"@id\":\"https:\/\/ffyh.unc.edu.ar\/extension\/#\/schema\/logo\/image\/\"},\"sameAs\":[\"https:\/\/www.facebook.com\/extensionffyh\",\"https:\/\/www.instagram.com\/extensionffyh\/\",\"https:\/\/www.youtube.com\/channel\/UCTgN4nvMQE7ktBcgujEI-EA\"]},{\"@type\":\"Person\",\"@id\":\"https:\/\/ffyh.unc.edu.ar\/extension\/#\/schema\/person\/c429cdff3a192a7081944182246c3689\",\"name\":\"extension\",\"url\":\"https:\/\/ffyh.unc.edu.ar\/extension\/author\/extension\/\"}]}<\/script>\n<!-- \/ Yoast SEO plugin. -->","yoast_head_json":{"title":"Amasando tu proyecto de extensi\u00f3n - Secretar\u00eda de Extensi\u00f3n","robots":{"index":"index","follow":"follow","max-snippet":"max-snippet:-1","max-image-preview":"max-image-preview:large","max-video-preview":"max-video-preview:-1"},"canonical":"https:\/\/ffyh.unc.edu.ar\/extension\/2023\/08\/22\/amasando-tu-proyecto-de-extension-2\/","og_locale":"es_ES","og_type":"article","og_title":"Amasando tu proyecto de extensi\u00f3n - Secretar\u00eda de Extensi\u00f3n","og_description":"En el marco de la Convocatoria 2024 a becas de extensi\u00f3n de la UNC, lxs invitamos a participar de Amasando","og_url":"https:\/\/ffyh.unc.edu.ar\/extension\/2023\/08\/22\/amasando-tu-proyecto-de-extension-2\/","og_site_name":"Secretar\u00eda de Extensi\u00f3n","article_publisher":"https:\/\/www.facebook.com\/extensionffyh","article_published_time":"2023-08-22T14:36:32+00:00","article_modified_time":"2023-08-22T15:33:57+00:00","og_image":[{"width":1600,"height":1600,"url":"http:\/\/ffyh.unc.edu.ar\/extension\/wp-content\/uploads\/sites\/2\/2023\/08\/WhatsApp-Image-2023-08-22-at-11.23.57.jpeg","type":"image\/jpeg"}],"author":"extension","twitter_card":"summary_large_image","twitter_misc":{"Escrito por":false},"schema":{"@context":"https:\/\/schema.org","@graph":[{"@type":"Article","@id":"https:\/\/ffyh.unc.edu.ar\/extension\/2023\/08\/22\/amasando-tu-proyecto-de-extension-2\/#article","isPartOf":{"@id":"https:\/\/ffyh.unc.edu.ar\/extension\/2023\/08\/22\/amasando-tu-proyecto-de-extension-2\/"},"author":{"name":"extension","@id":"https:\/\/ffyh.unc.edu.ar\/extension\/#\/schema\/person\/c429cdff3a192a7081944182246c3689"},"headline":"Amasando tu proyecto de extensi\u00f3n","datePublished":"2023-08-22T14:36:32+00:00","dateModified":"2023-08-22T15:33:57+00:00","mainEntityOfPage":{"@id":"https:\/\/ffyh.unc.edu.ar\/extension\/2023\/08\/22\/amasando-tu-proyecto-de-extension-2\/"},"wordCount":75,"publisher":{"@id":"https:\/\/ffyh.unc.edu.ar\/extension\/#organization"},"image":{"@id":"https:\/\/ffyh.unc.edu.ar\/extension\/2023\/08\/22\/amasando-tu-proyecto-de-extension-2\/#primaryimage"},"thumbnailUrl":"https:\/\/ffyh.unc.edu.ar\/extension\/wp-content\/uploads\/sites\/2\/2023\/08\/WhatsApp-Image-2023-08-22-at-11.23.57.jpeg","keywords":["intervenci\u00f3n y acompa\u00f1amiento territorial"],"articleSection":["Noticias"],"inLanguage":"es"},{"@type":"WebPage","@id":"https:\/\/ffyh.unc.edu.ar\/extension\/2023\/08\/22\/amasando-tu-proyecto-de-extension-2\/","url":"https:\/\/ffyh.unc.edu.ar\/extension\/2023\/08\/22\/amasando-tu-proyecto-de-extension-2\/","name":"Amasando tu proyecto de extensi\u00f3n - Secretar\u00eda de Extensi\u00f3n","isPartOf":{"@id":"https:\/\/ffyh.unc.edu.ar\/extension\/#website"},"primaryImageOfPage":{"@id":"https:\/\/ffyh.unc.edu.ar\/extension\/2023\/08\/22\/amasando-tu-proyecto-de-extension-2\/#primaryimage"},"image":{"@id":"https:\/\/ffyh.unc.edu.ar\/extension\/2023\/08\/22\/amasando-tu-proyecto-de-extension-2\/#primaryimage"},"thumbnailUrl":"https:\/\/ffyh.unc.edu.ar\/extension\/wp-content\/uploads\/sites\/2\/2023\/08\/WhatsApp-Image-2023-08-22-at-11.23.57.jpeg","datePublished":"2023-08-22T14:36:32+00:00","dateModified":"2023-08-22T15:33:57+00:00","breadcrumb":{"@id":"https:\/\/ffyh.unc.edu.ar\/extension\/2023\/08\/22\/amasando-tu-proyecto-de-extension-2\/#breadcrumb"},"inLanguage":"es","potentialAction":[{"@type":"ReadAction","target":["https:\/\/ffyh.unc.edu.ar\/extension\/2023\/08\/22\/amasando-tu-proyecto-de-extension-2\/"]}]},{"@type":"ImageObject","inLanguage":"es","@id":"https:\/\/ffyh.unc.edu.ar\/extension\/2023\/08\/22\/amasando-tu-proyecto-de-extension-2\/#primaryimage","url":"https:\/\/ffyh.unc.edu.ar\/extension\/wp-content\/uploads\/sites\/2\/2023\/08\/WhatsApp-Image-2023-08-22-at-11.23.57.jpeg","contentUrl":"https:\/\/ffyh.unc.edu.ar\/extension\/wp-content\/uploads\/sites\/2\/2023\/08\/WhatsApp-Image-2023-08-22-at-11.23.57.jpeg","width":1600,"height":1600},{"@type":"BreadcrumbList","@id":"https:\/\/ffyh.unc.edu.ar\/extension\/2023\/08\/22\/amasando-tu-proyecto-de-extension-2\/#breadcrumb","itemListElement":[{"@type":"ListItem","position":1,"name":"Portada","item":"https:\/\/ffyh.unc.edu.ar\/extension\/"},{"@type":"ListItem","position":2,"name":"Amasando tu proyecto de extensi\u00f3n"}]},{"@type":"WebSite","@id":"https:\/\/ffyh.unc.edu.ar\/extension\/#website","url":"https:\/\/ffyh.unc.edu.ar\/extension\/","name":"Secretar\u00eda de Extensi\u00f3n","description":"Facultad de Filosof\u00eda y Humanidades - Universidad Nacional de C\u00f3rdoba","publisher":{"@id":"https:\/\/ffyh.unc.edu.ar\/extension\/#organization"},"potentialAction":[{"@type":"SearchAction","target":{"@type":"EntryPoint","urlTemplate":"https:\/\/ffyh.unc.edu.ar\/extension\/?s={search_term_string}"},"query-input":{"@type":"PropertyValueSpecification","valueRequired":true,"valueName":"search_term_string"}}],"inLanguage":"es"},{"@type":"Organization","@id":"https:\/\/ffyh.unc.edu.ar\/extension\/#organization","name":"Secretar\u00eda de Extensi\u00f3n - Facultad de Filosof\u00eda y Humanidades - Universidad Nacional de C\u00f3rdoba","url":"https:\/\/ffyh.unc.edu.ar\/extension\/","logo":{"@type":"ImageObject","inLanguage":"es","@id":"https:\/\/ffyh.unc.edu.ar\/extension\/#\/schema\/logo\/image\/","url":"https:\/\/ffyh.unc.edu.ar\/extension\/wp-content\/uploads\/sites\/2\/2018\/08\/logo-extension-chico.jpg","contentUrl":"https:\/\/ffyh.unc.edu.ar\/extension\/wp-content\/uploads\/sites\/2\/2018\/08\/logo-extension-chico.jpg","width":314,"height":119,"caption":"Secretar\u00eda de Extensi\u00f3n - Facultad de Filosof\u00eda y Humanidades - Universidad Nacional de C\u00f3rdoba"},"image":{"@id":"https:\/\/ffyh.unc.edu.ar\/extension\/#\/schema\/logo\/image\/"},"sameAs":["https:\/\/www.facebook.com\/extensionffyh","https:\/\/www.instagram.com\/extensionffyh\/","https:\/\/www.youtube.com\/channel\/UCTgN4nvMQE7ktBcgujEI-EA"]},{"@type":"Person","@id":"https:\/\/ffyh.unc.edu.ar\/extension\/#\/schema\/person\/c429cdff3a192a7081944182246c3689","name":"extension","url":"https:\/\/ffyh.unc.edu.ar\/extension\/author\/extension\/"}]}},"jetpack_featured_media_url":"https:\/\/ffyh.unc.edu.ar\/extension\/wp-content\/uploads\/sites\/2\/2023\/08\/WhatsApp-Image-2023-08-22-at-11.23.57.jpeg","_links":{"self":[{"href":"https:\/\/ffyh.unc.edu.ar\/extension\/wp-json\/wp\/v2\/posts\/6627","targetHints":{"allow":["GET"]}}],"collection":[{"href":"https:\/\/ffyh.unc.edu.ar\/extension\/wp-json\/wp\/v2\/posts"}],"about":[{"href":"https:\/\/ffyh.unc.edu.ar\/extension\/wp-json\/wp\/v2\/types\/post"}],"author":[{"embeddable":true,"href":"https:\/\/ffyh.unc.edu.ar\/extension\/wp-json\/wp\/v2\/users\/3"}],"replies":[{"embeddable":true,"href":"https:\/\/ffyh.unc.edu.ar\/extension\/wp-json\/wp\/v2\/comments?post=6627"}],"version-history":[{"count":3,"href":"https:\/\/ffyh.unc.edu.ar\/extension\/wp-json\/wp\/v2\/posts\/6627\/revisions"}],"predecessor-version":[{"id":6633,"href":"https:\/\/ffyh.unc.edu.ar\/extension\/wp-json\/wp\/v2\/posts\/6627\/revisions\/6633"}],"wp:featuredmedia":[{"embeddable":true,"href":"https:\/\/ffyh.unc.edu.ar\/extension\/wp-json\/wp\/v2\/media\/6628"}],"wp:attachment":[{"href":"https:\/\/ffyh.unc.edu.ar\/extension\/wp-json\/wp\/v2\/media?parent=6627"}],"wp:term":[{"taxonomy":"category","embeddable":true,"href":"https:\/\/ffyh.unc.edu.ar\/extension\/wp-json\/wp\/v2\/categories?post=6627"},{"taxonomy":"post_tag","embeddable":true,"href":"https:\/\/ffyh.unc.edu.ar\/extension\/wp-json\/wp\/v2\/tags?post=6627"}],"curies":[{"name":"wp","href":"https:\/\/api.w.org\/{rel}","templated":true}]}}