{"id":6983,"date":"2024-08-28T20:43:11","date_gmt":"2024-08-28T20:43:11","guid":{"rendered":"https:\/\/ffyh.unc.edu.ar\/extension\/?p=6983"},"modified":"2024-08-28T20:44:22","modified_gmt":"2024-08-28T20:44:22","slug":"amasando-tu-proyecto-en-territorio","status":"publish","type":"post","link":"https:\/\/ffyh.unc.edu.ar\/extension\/2024\/08\/28\/amasando-tu-proyecto-en-territorio\/","title":{"rendered":"Amasando tu proyecto en territorio"},"content":{"rendered":"<p><span style=\"font-weight: 400\">El lunes 26 de agosto se realiz\u00f3 una nueva edici\u00f3n del Taller <\/span><b>Amasando tu proyecto de Extensi\u00f3n.<\/b><span style=\"font-weight: 400\"> Este taller tiene por objetivo orientar a todxs aquellxs estudiantes y egresadxs que quieran presentar un proyecto para el Programa de Becas de Extensi\u00f3n de la Secretar\u00eda de Extensi\u00f3n de la Universidad Nacional de C\u00f3rdoba (SEU) .\u00a0<\/span><\/p>\n<p><span style=\"font-weight: 400\">Si bien se trata de una propuesta de reflexi\u00f3n y debate sostenido por la Secretar\u00eda desde hace m\u00e1s de diez a\u00f1os, esta nueva edici\u00f3n fue desarrollada por primera vez en un espacio territorial: la <\/span><b>Biblioteca Irma Ramacciotti<\/b><span style=\"font-weight: 400\">, donde funciona la Asociaci\u00f3n\u00a0 de Familiares de Desaparecidos y Detenidos por Razones Pol\u00edticas de C\u00f3rdoba.<\/span><\/p>\n<p><span style=\"font-weight: 400\">En esta oportunidad participaron diferentes referentes barriales del Centro Vecinal de Alberdi y de la Red pueblo Alberdi, as\u00ed como tambi\u00e9n, integrantes de la propia Biblioteca Irma Rmacciotti.<\/span><\/p>\n<h4><b>Pensar proyectos de\u00a0 extensi\u00f3n en clave de territorios<\/b><\/h4>\n<p><span style=\"font-weight: 400\">Iniciar el proceso de elaboraci\u00f3n de un proyecto de extensi\u00f3n a partir de la escucha de demandas, necesidades y problemas concretos de los territorios fue, sin duda, el car\u00e1cter distintivo de esta nueva edici\u00f3n del <\/span><b>Amasando<\/b><span style=\"font-weight: 400\">.\u00a0<\/span><\/p>\n<p><span style=\"font-weight: 400\">Los referentes barriales compartieron\u00a0 distintas problem\u00e1ticas\u00a0 relacionadas con la salud de las infancias, necesidades de organizaci\u00f3n de distintos grupos migrantes y demandas espec\u00edficas\u00a0 respecto a educaci\u00f3n, entre otras problem\u00e1ticas.<\/span><\/p>\n<p><span style=\"font-weight: 400\">La posibilidad de concretar este espacio de formaci\u00f3n en territorio posibilit\u00f3 recuperar al menos tres sentidos muy valiosos para las intervenciones extensionistas:<\/span><\/p>\n<ul>\n<li style=\"list-style-type: none\">\n<ul>\n<li style=\"font-weight: 400\"><b>El espacio como interlocutor clave en la formulaci\u00f3n de un proyecto de extensi\u00f3n:<\/b><span style=\"font-weight: 400\"> la posibilidad de reflexionar sobre los alcances de un proyecto extensionista en circunstancias concretas de un territorio es una experiencia particular que permite reconocer alcances y limitaciones desde un \u201clugar\u201d concreto que inscribe cotidianidades, din\u00e1micas, cercan\u00edas y distancia, todas coordenadas indispensables para elaborar problema extensionista.\u00a0<\/span><\/li>\n<li style=\"font-weight: 400\"><b>Construcci\u00f3n de un problema extensionista a partir de demandas y problemas reconocidos por lxs propixs actorxs del territorio<\/b><span style=\"font-weight: 400\">: en muchos casos un problema de extensi\u00f3n surge a partir de una preocupaci\u00f3n profesional, o cierto vac\u00edo explicativo de alguna teor\u00eda dentro de un campo disciplinar. Sin embargo, la escucha atenta de quienes vivencian y experimentan distintas problem\u00e1ticas sociales tiene, en principio, un efecto muy potente en el proceso de elaboraci\u00f3n de un proyecto de extensi\u00f3n, pues permite recortar y priorizar ciertos aspectos de una problem\u00e1tica mayor y hacer foco en lo que es relevante para un proceso de intervenci\u00f3n.\u00a0<\/span><\/li>\n<li style=\"font-weight: 400\"><b>El di\u00e1logo de saberes como perspectiva para pensar los procesos de intervenci\u00f3n extensionista: <\/b><span style=\"font-weight: 400\">el encuentro entre universitarixs y actorxs sociales de un determinado territorio puede contribuir al encuentro de diferentes saberes equivalentes.\u00a0<\/span><\/li>\n<\/ul>\n<\/li>\n<\/ul>\n<p><span style=\"font-weight: 400\">De este modo, pensar los problemas de un territorio con quienes lo viven a diario ayuda a encontrar aquellos sentidos que se distancian de la necesidad\/asistencia (l\u00f3gica de control social) y as\u00ed comenzar a transitar un proceso fundado en la perspectiva de derecho.<\/span><\/p>\n<p><img loading=\"lazy\" decoding=\"async\" class=\"alignnone size-large wp-image-6985\" src=\"http:\/\/ffyh.unc.edu.ar\/extension\/wp-content\/uploads\/sites\/2\/2024\/08\/WhatsApp-Image-2024-08-13-at-13.57.27-2-1-1024x576.jpeg\" alt=\"\" width=\"800\" height=\"450\" srcset=\"https:\/\/ffyh.unc.edu.ar\/extension\/wp-content\/uploads\/sites\/2\/2024\/08\/WhatsApp-Image-2024-08-13-at-13.57.27-2-1-1024x576.jpeg 1024w, https:\/\/ffyh.unc.edu.ar\/extension\/wp-content\/uploads\/sites\/2\/2024\/08\/WhatsApp-Image-2024-08-13-at-13.57.27-2-1-300x169.jpeg 300w, https:\/\/ffyh.unc.edu.ar\/extension\/wp-content\/uploads\/sites\/2\/2024\/08\/WhatsApp-Image-2024-08-13-at-13.57.27-2-1-768x432.jpeg 768w, https:\/\/ffyh.unc.edu.ar\/extension\/wp-content\/uploads\/sites\/2\/2024\/08\/WhatsApp-Image-2024-08-13-at-13.57.27-2-1-1536x864.jpeg 1536w, https:\/\/ffyh.unc.edu.ar\/extension\/wp-content\/uploads\/sites\/2\/2024\/08\/WhatsApp-Image-2024-08-13-at-13.57.27-2-1.jpeg 1600w\" sizes=\"auto, (max-width: 800px) 100vw, 800px\" \/><\/p>\n<p><img loading=\"lazy\" decoding=\"async\" class=\"alignnone size-large wp-image-6986\" src=\"http:\/\/ffyh.unc.edu.ar\/extension\/wp-content\/uploads\/sites\/2\/2024\/08\/WhatsApp-Image-2024-08-27-at-18.48.56-1-1024x576.jpeg\" alt=\"\" width=\"800\" height=\"450\" srcset=\"https:\/\/ffyh.unc.edu.ar\/extension\/wp-content\/uploads\/sites\/2\/2024\/08\/WhatsApp-Image-2024-08-27-at-18.48.56-1-1024x576.jpeg 1024w, https:\/\/ffyh.unc.edu.ar\/extension\/wp-content\/uploads\/sites\/2\/2024\/08\/WhatsApp-Image-2024-08-27-at-18.48.56-1-300x169.jpeg 300w, https:\/\/ffyh.unc.edu.ar\/extension\/wp-content\/uploads\/sites\/2\/2024\/08\/WhatsApp-Image-2024-08-27-at-18.48.56-1-768x432.jpeg 768w, https:\/\/ffyh.unc.edu.ar\/extension\/wp-content\/uploads\/sites\/2\/2024\/08\/WhatsApp-Image-2024-08-27-at-18.48.56-1-1536x864.jpeg 1536w, https:\/\/ffyh.unc.edu.ar\/extension\/wp-content\/uploads\/sites\/2\/2024\/08\/WhatsApp-Image-2024-08-27-at-18.48.56-1.jpeg 1600w\" sizes=\"auto, (max-width: 800px) 100vw, 800px\" \/><\/p>\n<p><img loading=\"lazy\" decoding=\"async\" class=\"alignnone size-large wp-image-6987\" src=\"http:\/\/ffyh.unc.edu.ar\/extension\/wp-content\/uploads\/sites\/2\/2024\/08\/WhatsApp-Image-2024-08-27-at-18.48.57-2-1024x576.jpeg\" alt=\"\" width=\"800\" height=\"450\" srcset=\"https:\/\/ffyh.unc.edu.ar\/extension\/wp-content\/uploads\/sites\/2\/2024\/08\/WhatsApp-Image-2024-08-27-at-18.48.57-2-1024x576.jpeg 1024w, https:\/\/ffyh.unc.edu.ar\/extension\/wp-content\/uploads\/sites\/2\/2024\/08\/WhatsApp-Image-2024-08-27-at-18.48.57-2-300x169.jpeg 300w, https:\/\/ffyh.unc.edu.ar\/extension\/wp-content\/uploads\/sites\/2\/2024\/08\/WhatsApp-Image-2024-08-27-at-18.48.57-2-768x432.jpeg 768w, https:\/\/ffyh.unc.edu.ar\/extension\/wp-content\/uploads\/sites\/2\/2024\/08\/WhatsApp-Image-2024-08-27-at-18.48.57-2-1536x864.jpeg 1536w, https:\/\/ffyh.unc.edu.ar\/extension\/wp-content\/uploads\/sites\/2\/2024\/08\/WhatsApp-Image-2024-08-27-at-18.48.57-2.jpeg 1600w\" sizes=\"auto, (max-width: 800px) 100vw, 800px\" \/><\/p>\n","protected":false},"excerpt":{"rendered":"<p>El lunes 26 de agosto se realiz\u00f3 una nueva edici\u00f3n del Taller Amasando tu proyecto de Extensi\u00f3n. Este taller tiene<\/p>\n","protected":false},"author":3,"featured_media":6984,"comment_status":"closed","ping_status":"closed","sticky":false,"template":"","format":"standard","meta":{"_acf_changed":false,"colormag_page_container_layout":"default_layout","colormag_page_sidebar_layout":"default_layout","footnotes":""},"categories":[27,12],"tags":[],"class_list":["post-6983","post","type-post","status-publish","format-standard","has-post-thumbnail","hentry","category-experiencias-en-territorio","category-noticias"],"acf":[],"yoast_head":"<!-- This site is optimized with the Yoast SEO plugin v27.1.1 - https:\/\/yoast.com\/product\/yoast-seo-wordpress\/ -->\n<title>Amasando tu proyecto en territorio - Secretar\u00eda de Extensi\u00f3n<\/title>\n<meta name=\"robots\" content=\"index, follow, max-snippet:-1, max-image-preview:large, max-video-preview:-1\" \/>\n<link rel=\"canonical\" href=\"https:\/\/ffyh.unc.edu.ar\/extension\/2024\/08\/28\/amasando-tu-proyecto-en-territorio\/\" \/>\n<meta property=\"og:locale\" content=\"es_ES\" \/>\n<meta property=\"og:type\" content=\"article\" \/>\n<meta property=\"og:title\" content=\"Amasando tu proyecto en territorio - Secretar\u00eda de Extensi\u00f3n\" \/>\n<meta property=\"og:description\" content=\"El lunes 26 de agosto se realiz\u00f3 una nueva edici\u00f3n del Taller Amasando tu proyecto de Extensi\u00f3n. Este taller tiene\" \/>\n<meta property=\"og:url\" content=\"https:\/\/ffyh.unc.edu.ar\/extension\/2024\/08\/28\/amasando-tu-proyecto-en-territorio\/\" \/>\n<meta property=\"og:site_name\" content=\"Secretar\u00eda de Extensi\u00f3n\" \/>\n<meta property=\"article:publisher\" content=\"https:\/\/www.facebook.com\/extensionffyh\" \/>\n<meta property=\"article:published_time\" content=\"2024-08-28T20:43:11+00:00\" \/>\n<meta property=\"article:modified_time\" content=\"2024-08-28T20:44:22+00:00\" \/>\n<meta property=\"og:image\" content=\"http:\/\/ffyh.unc.edu.ar\/extension\/wp-content\/uploads\/sites\/2\/2024\/08\/WhatsApp-Image-2024-08-27-at-18.48.55.jpeg\" \/>\n\t<meta property=\"og:image:width\" content=\"1600\" \/>\n\t<meta property=\"og:image:height\" content=\"900\" \/>\n\t<meta property=\"og:image:type\" content=\"image\/jpeg\" \/>\n<meta name=\"author\" content=\"extension\" \/>\n<meta name=\"twitter:card\" content=\"summary_large_image\" \/>\n<meta name=\"twitter:label1\" content=\"Escrito por\" \/>\n\t<meta name=\"twitter:data1\" content=\"\" \/>\n\t<meta name=\"twitter:label2\" content=\"Tiempo de lectura\" \/>\n\t<meta name=\"twitter:data2\" content=\"3 minutos\" \/>\n<script type=\"application\/ld+json\" class=\"yoast-schema-graph\">{\"@context\":\"https:\/\/schema.org\",\"@graph\":[{\"@type\":\"Article\",\"@id\":\"https:\/\/ffyh.unc.edu.ar\/extension\/2024\/08\/28\/amasando-tu-proyecto-en-territorio\/#article\",\"isPartOf\":{\"@id\":\"https:\/\/ffyh.unc.edu.ar\/extension\/2024\/08\/28\/amasando-tu-proyecto-en-territorio\/\"},\"author\":{\"name\":\"extension\",\"@id\":\"https:\/\/ffyh.unc.edu.ar\/extension\/#\/schema\/person\/c429cdff3a192a7081944182246c3689\"},\"headline\":\"Amasando tu proyecto en territorio\",\"datePublished\":\"2024-08-28T20:43:11+00:00\",\"dateModified\":\"2024-08-28T20:44:22+00:00\",\"mainEntityOfPage\":{\"@id\":\"https:\/\/ffyh.unc.edu.ar\/extension\/2024\/08\/28\/amasando-tu-proyecto-en-territorio\/\"},\"wordCount\":507,\"publisher\":{\"@id\":\"https:\/\/ffyh.unc.edu.ar\/extension\/#organization\"},\"image\":{\"@id\":\"https:\/\/ffyh.unc.edu.ar\/extension\/2024\/08\/28\/amasando-tu-proyecto-en-territorio\/#primaryimage\"},\"thumbnailUrl\":\"https:\/\/ffyh.unc.edu.ar\/extension\/wp-content\/uploads\/sites\/2\/2024\/08\/WhatsApp-Image-2024-08-27-at-18.48.55.jpeg\",\"articleSection\":[\"Experiencias en territorio\",\"Noticias\"],\"inLanguage\":\"es\"},{\"@type\":\"WebPage\",\"@id\":\"https:\/\/ffyh.unc.edu.ar\/extension\/2024\/08\/28\/amasando-tu-proyecto-en-territorio\/\",\"url\":\"https:\/\/ffyh.unc.edu.ar\/extension\/2024\/08\/28\/amasando-tu-proyecto-en-territorio\/\",\"name\":\"Amasando tu proyecto en territorio - Secretar\u00eda de Extensi\u00f3n\",\"isPartOf\":{\"@id\":\"https:\/\/ffyh.unc.edu.ar\/extension\/#website\"},\"primaryImageOfPage\":{\"@id\":\"https:\/\/ffyh.unc.edu.ar\/extension\/2024\/08\/28\/amasando-tu-proyecto-en-territorio\/#primaryimage\"},\"image\":{\"@id\":\"https:\/\/ffyh.unc.edu.ar\/extension\/2024\/08\/28\/amasando-tu-proyecto-en-territorio\/#primaryimage\"},\"thumbnailUrl\":\"https:\/\/ffyh.unc.edu.ar\/extension\/wp-content\/uploads\/sites\/2\/2024\/08\/WhatsApp-Image-2024-08-27-at-18.48.55.jpeg\",\"datePublished\":\"2024-08-28T20:43:11+00:00\",\"dateModified\":\"2024-08-28T20:44:22+00:00\",\"breadcrumb\":{\"@id\":\"https:\/\/ffyh.unc.edu.ar\/extension\/2024\/08\/28\/amasando-tu-proyecto-en-territorio\/#breadcrumb\"},\"inLanguage\":\"es\",\"potentialAction\":[{\"@type\":\"ReadAction\",\"target\":[\"https:\/\/ffyh.unc.edu.ar\/extension\/2024\/08\/28\/amasando-tu-proyecto-en-territorio\/\"]}]},{\"@type\":\"ImageObject\",\"inLanguage\":\"es\",\"@id\":\"https:\/\/ffyh.unc.edu.ar\/extension\/2024\/08\/28\/amasando-tu-proyecto-en-territorio\/#primaryimage\",\"url\":\"https:\/\/ffyh.unc.edu.ar\/extension\/wp-content\/uploads\/sites\/2\/2024\/08\/WhatsApp-Image-2024-08-27-at-18.48.55.jpeg\",\"contentUrl\":\"https:\/\/ffyh.unc.edu.ar\/extension\/wp-content\/uploads\/sites\/2\/2024\/08\/WhatsApp-Image-2024-08-27-at-18.48.55.jpeg\",\"width\":1600,\"height\":900},{\"@type\":\"BreadcrumbList\",\"@id\":\"https:\/\/ffyh.unc.edu.ar\/extension\/2024\/08\/28\/amasando-tu-proyecto-en-territorio\/#breadcrumb\",\"itemListElement\":[{\"@type\":\"ListItem\",\"position\":1,\"name\":\"Portada\",\"item\":\"https:\/\/ffyh.unc.edu.ar\/extension\/\"},{\"@type\":\"ListItem\",\"position\":2,\"name\":\"Amasando tu proyecto en territorio\"}]},{\"@type\":\"WebSite\",\"@id\":\"https:\/\/ffyh.unc.edu.ar\/extension\/#website\",\"url\":\"https:\/\/ffyh.unc.edu.ar\/extension\/\",\"name\":\"Secretar\u00eda de Extensi\u00f3n\",\"description\":\"Facultad de Filosof\u00eda y Humanidades - Universidad Nacional de C\u00f3rdoba\",\"publisher\":{\"@id\":\"https:\/\/ffyh.unc.edu.ar\/extension\/#organization\"},\"potentialAction\":[{\"@type\":\"SearchAction\",\"target\":{\"@type\":\"EntryPoint\",\"urlTemplate\":\"https:\/\/ffyh.unc.edu.ar\/extension\/?s={search_term_string}\"},\"query-input\":{\"@type\":\"PropertyValueSpecification\",\"valueRequired\":true,\"valueName\":\"search_term_string\"}}],\"inLanguage\":\"es\"},{\"@type\":\"Organization\",\"@id\":\"https:\/\/ffyh.unc.edu.ar\/extension\/#organization\",\"name\":\"Secretar\u00eda de Extensi\u00f3n - Facultad de Filosof\u00eda y Humanidades - Universidad Nacional de C\u00f3rdoba\",\"url\":\"https:\/\/ffyh.unc.edu.ar\/extension\/\",\"logo\":{\"@type\":\"ImageObject\",\"inLanguage\":\"es\",\"@id\":\"https:\/\/ffyh.unc.edu.ar\/extension\/#\/schema\/logo\/image\/\",\"url\":\"https:\/\/ffyh.unc.edu.ar\/extension\/wp-content\/uploads\/sites\/2\/2018\/08\/logo-extension-chico.jpg\",\"contentUrl\":\"https:\/\/ffyh.unc.edu.ar\/extension\/wp-content\/uploads\/sites\/2\/2018\/08\/logo-extension-chico.jpg\",\"width\":314,\"height\":119,\"caption\":\"Secretar\u00eda de Extensi\u00f3n - Facultad de Filosof\u00eda y Humanidades - Universidad Nacional de C\u00f3rdoba\"},\"image\":{\"@id\":\"https:\/\/ffyh.unc.edu.ar\/extension\/#\/schema\/logo\/image\/\"},\"sameAs\":[\"https:\/\/www.facebook.com\/extensionffyh\",\"https:\/\/www.instagram.com\/extensionffyh\/\",\"https:\/\/www.youtube.com\/channel\/UCTgN4nvMQE7ktBcgujEI-EA\"]},{\"@type\":\"Person\",\"@id\":\"https:\/\/ffyh.unc.edu.ar\/extension\/#\/schema\/person\/c429cdff3a192a7081944182246c3689\",\"name\":\"extension\",\"url\":\"https:\/\/ffyh.unc.edu.ar\/extension\/author\/extension\/\"}]}<\/script>\n<!-- \/ Yoast SEO plugin. -->","yoast_head_json":{"title":"Amasando tu proyecto en territorio - Secretar\u00eda de Extensi\u00f3n","robots":{"index":"index","follow":"follow","max-snippet":"max-snippet:-1","max-image-preview":"max-image-preview:large","max-video-preview":"max-video-preview:-1"},"canonical":"https:\/\/ffyh.unc.edu.ar\/extension\/2024\/08\/28\/amasando-tu-proyecto-en-territorio\/","og_locale":"es_ES","og_type":"article","og_title":"Amasando tu proyecto en territorio - Secretar\u00eda de Extensi\u00f3n","og_description":"El lunes 26 de agosto se realiz\u00f3 una nueva edici\u00f3n del Taller Amasando tu proyecto de Extensi\u00f3n. Este taller tiene","og_url":"https:\/\/ffyh.unc.edu.ar\/extension\/2024\/08\/28\/amasando-tu-proyecto-en-territorio\/","og_site_name":"Secretar\u00eda de Extensi\u00f3n","article_publisher":"https:\/\/www.facebook.com\/extensionffyh","article_published_time":"2024-08-28T20:43:11+00:00","article_modified_time":"2024-08-28T20:44:22+00:00","og_image":[{"width":1600,"height":900,"url":"http:\/\/ffyh.unc.edu.ar\/extension\/wp-content\/uploads\/sites\/2\/2024\/08\/WhatsApp-Image-2024-08-27-at-18.48.55.jpeg","type":"image\/jpeg"}],"author":"extension","twitter_card":"summary_large_image","twitter_misc":{"Escrito por":false,"Tiempo de lectura":"3 minutos"},"schema":{"@context":"https:\/\/schema.org","@graph":[{"@type":"Article","@id":"https:\/\/ffyh.unc.edu.ar\/extension\/2024\/08\/28\/amasando-tu-proyecto-en-territorio\/#article","isPartOf":{"@id":"https:\/\/ffyh.unc.edu.ar\/extension\/2024\/08\/28\/amasando-tu-proyecto-en-territorio\/"},"author":{"name":"extension","@id":"https:\/\/ffyh.unc.edu.ar\/extension\/#\/schema\/person\/c429cdff3a192a7081944182246c3689"},"headline":"Amasando tu proyecto en territorio","datePublished":"2024-08-28T20:43:11+00:00","dateModified":"2024-08-28T20:44:22+00:00","mainEntityOfPage":{"@id":"https:\/\/ffyh.unc.edu.ar\/extension\/2024\/08\/28\/amasando-tu-proyecto-en-territorio\/"},"wordCount":507,"publisher":{"@id":"https:\/\/ffyh.unc.edu.ar\/extension\/#organization"},"image":{"@id":"https:\/\/ffyh.unc.edu.ar\/extension\/2024\/08\/28\/amasando-tu-proyecto-en-territorio\/#primaryimage"},"thumbnailUrl":"https:\/\/ffyh.unc.edu.ar\/extension\/wp-content\/uploads\/sites\/2\/2024\/08\/WhatsApp-Image-2024-08-27-at-18.48.55.jpeg","articleSection":["Experiencias en territorio","Noticias"],"inLanguage":"es"},{"@type":"WebPage","@id":"https:\/\/ffyh.unc.edu.ar\/extension\/2024\/08\/28\/amasando-tu-proyecto-en-territorio\/","url":"https:\/\/ffyh.unc.edu.ar\/extension\/2024\/08\/28\/amasando-tu-proyecto-en-territorio\/","name":"Amasando tu proyecto en territorio - Secretar\u00eda de Extensi\u00f3n","isPartOf":{"@id":"https:\/\/ffyh.unc.edu.ar\/extension\/#website"},"primaryImageOfPage":{"@id":"https:\/\/ffyh.unc.edu.ar\/extension\/2024\/08\/28\/amasando-tu-proyecto-en-territorio\/#primaryimage"},"image":{"@id":"https:\/\/ffyh.unc.edu.ar\/extension\/2024\/08\/28\/amasando-tu-proyecto-en-territorio\/#primaryimage"},"thumbnailUrl":"https:\/\/ffyh.unc.edu.ar\/extension\/wp-content\/uploads\/sites\/2\/2024\/08\/WhatsApp-Image-2024-08-27-at-18.48.55.jpeg","datePublished":"2024-08-28T20:43:11+00:00","dateModified":"2024-08-28T20:44:22+00:00","breadcrumb":{"@id":"https:\/\/ffyh.unc.edu.ar\/extension\/2024\/08\/28\/amasando-tu-proyecto-en-territorio\/#breadcrumb"},"inLanguage":"es","potentialAction":[{"@type":"ReadAction","target":["https:\/\/ffyh.unc.edu.ar\/extension\/2024\/08\/28\/amasando-tu-proyecto-en-territorio\/"]}]},{"@type":"ImageObject","inLanguage":"es","@id":"https:\/\/ffyh.unc.edu.ar\/extension\/2024\/08\/28\/amasando-tu-proyecto-en-territorio\/#primaryimage","url":"https:\/\/ffyh.unc.edu.ar\/extension\/wp-content\/uploads\/sites\/2\/2024\/08\/WhatsApp-Image-2024-08-27-at-18.48.55.jpeg","contentUrl":"https:\/\/ffyh.unc.edu.ar\/extension\/wp-content\/uploads\/sites\/2\/2024\/08\/WhatsApp-Image-2024-08-27-at-18.48.55.jpeg","width":1600,"height":900},{"@type":"BreadcrumbList","@id":"https:\/\/ffyh.unc.edu.ar\/extension\/2024\/08\/28\/amasando-tu-proyecto-en-territorio\/#breadcrumb","itemListElement":[{"@type":"ListItem","position":1,"name":"Portada","item":"https:\/\/ffyh.unc.edu.ar\/extension\/"},{"@type":"ListItem","position":2,"name":"Amasando tu proyecto en territorio"}]},{"@type":"WebSite","@id":"https:\/\/ffyh.unc.edu.ar\/extension\/#website","url":"https:\/\/ffyh.unc.edu.ar\/extension\/","name":"Secretar\u00eda de Extensi\u00f3n","description":"Facultad de Filosof\u00eda y Humanidades - Universidad Nacional de C\u00f3rdoba","publisher":{"@id":"https:\/\/ffyh.unc.edu.ar\/extension\/#organization"},"potentialAction":[{"@type":"SearchAction","target":{"@type":"EntryPoint","urlTemplate":"https:\/\/ffyh.unc.edu.ar\/extension\/?s={search_term_string}"},"query-input":{"@type":"PropertyValueSpecification","valueRequired":true,"valueName":"search_term_string"}}],"inLanguage":"es"},{"@type":"Organization","@id":"https:\/\/ffyh.unc.edu.ar\/extension\/#organization","name":"Secretar\u00eda de Extensi\u00f3n - Facultad de Filosof\u00eda y Humanidades - Universidad Nacional de C\u00f3rdoba","url":"https:\/\/ffyh.unc.edu.ar\/extension\/","logo":{"@type":"ImageObject","inLanguage":"es","@id":"https:\/\/ffyh.unc.edu.ar\/extension\/#\/schema\/logo\/image\/","url":"https:\/\/ffyh.unc.edu.ar\/extension\/wp-content\/uploads\/sites\/2\/2018\/08\/logo-extension-chico.jpg","contentUrl":"https:\/\/ffyh.unc.edu.ar\/extension\/wp-content\/uploads\/sites\/2\/2018\/08\/logo-extension-chico.jpg","width":314,"height":119,"caption":"Secretar\u00eda de Extensi\u00f3n - Facultad de Filosof\u00eda y Humanidades - Universidad Nacional de C\u00f3rdoba"},"image":{"@id":"https:\/\/ffyh.unc.edu.ar\/extension\/#\/schema\/logo\/image\/"},"sameAs":["https:\/\/www.facebook.com\/extensionffyh","https:\/\/www.instagram.com\/extensionffyh\/","https:\/\/www.youtube.com\/channel\/UCTgN4nvMQE7ktBcgujEI-EA"]},{"@type":"Person","@id":"https:\/\/ffyh.unc.edu.ar\/extension\/#\/schema\/person\/c429cdff3a192a7081944182246c3689","name":"extension","url":"https:\/\/ffyh.unc.edu.ar\/extension\/author\/extension\/"}]}},"jetpack_featured_media_url":"https:\/\/ffyh.unc.edu.ar\/extension\/wp-content\/uploads\/sites\/2\/2024\/08\/WhatsApp-Image-2024-08-27-at-18.48.55.jpeg","_links":{"self":[{"href":"https:\/\/ffyh.unc.edu.ar\/extension\/wp-json\/wp\/v2\/posts\/6983","targetHints":{"allow":["GET"]}}],"collection":[{"href":"https:\/\/ffyh.unc.edu.ar\/extension\/wp-json\/wp\/v2\/posts"}],"about":[{"href":"https:\/\/ffyh.unc.edu.ar\/extension\/wp-json\/wp\/v2\/types\/post"}],"author":[{"embeddable":true,"href":"https:\/\/ffyh.unc.edu.ar\/extension\/wp-json\/wp\/v2\/users\/3"}],"replies":[{"embeddable":true,"href":"https:\/\/ffyh.unc.edu.ar\/extension\/wp-json\/wp\/v2\/comments?post=6983"}],"version-history":[{"count":3,"href":"https:\/\/ffyh.unc.edu.ar\/extension\/wp-json\/wp\/v2\/posts\/6983\/revisions"}],"predecessor-version":[{"id":6990,"href":"https:\/\/ffyh.unc.edu.ar\/extension\/wp-json\/wp\/v2\/posts\/6983\/revisions\/6990"}],"wp:featuredmedia":[{"embeddable":true,"href":"https:\/\/ffyh.unc.edu.ar\/extension\/wp-json\/wp\/v2\/media\/6984"}],"wp:attachment":[{"href":"https:\/\/ffyh.unc.edu.ar\/extension\/wp-json\/wp\/v2\/media?parent=6983"}],"wp:term":[{"taxonomy":"category","embeddable":true,"href":"https:\/\/ffyh.unc.edu.ar\/extension\/wp-json\/wp\/v2\/categories?post=6983"},{"taxonomy":"post_tag","embeddable":true,"href":"https:\/\/ffyh.unc.edu.ar\/extension\/wp-json\/wp\/v2\/tags?post=6983"}],"curies":[{"name":"wp","href":"https:\/\/api.w.org\/{rel}","templated":true}]}}