{"id":7034,"date":"2024-09-17T14:39:43","date_gmt":"2024-09-17T14:39:43","guid":{"rendered":"https:\/\/ffyh.unc.edu.ar\/extension\/?p=7034"},"modified":"2025-03-26T13:19:05","modified_gmt":"2025-03-26T13:19:05","slug":"nuevo-numero-de-la-revista-ee-vol-11-no17-habitar-lo-comun-formas-en-que-la-extension-universitaria-toma-presencia-desde-haceres-entramados","status":"publish","type":"post","link":"https:\/\/ffyh.unc.edu.ar\/extension\/2024\/09\/17\/nuevo-numero-de-la-revista-ee-vol-11-no17-habitar-lo-comun-formas-en-que-la-extension-universitaria-toma-presencia-desde-haceres-entramados\/","title":{"rendered":"Nuevo n\u00famero de la revista E+E \u2013 Vol 11 N\u00ba17. Habitar lo com\u00fan. Formas en que la extensi\u00f3n universitaria toma presencia desde haceres entramados"},"content":{"rendered":"<p>Ya se encuentra disponible el n\u00famero 17 de la revista digital <strong>E+E: estudios de extensi\u00f3n en humanidades<\/strong>, cuyo tema convocante en esta oportunidad es: <a href=\"https:\/\/revistas.unc.edu.ar\/index.php\/EEH\/index\" target=\"_blank\" rel=\"noopener\">Habitar lo com\u00fan. Formas en que la extensi\u00f3n universitaria toma presencia desde haceres entramados<\/a><\/p>\n<p>La revista\u00a0e+e\u00a0es una publicaci\u00f3n de la Secretar\u00eda de Extensi\u00f3n de la Facultad de Filosof\u00eda y Humanidades de la UNC que abre un espacio editorial para la conceptualizaci\u00f3n pol\u00edtica y acad\u00e9mica de la extensi\u00f3n en humanidades en el marco de la universidad p\u00fablica.<\/p>\n<p>En esta edici\u00f3n se re\u00fanen art\u00edculos y experiencias en torno a la tem\u00e1tica del dossier coordinado por Ana Britos Castro, Carla Pedrazzani y Santiago Llorens, quienes en la Editorial del n\u00famero expresan:<\/p>\n<p>\u00abEste dossier tuvo como objetivo convocar contribuciones que pudieran dar cuenta desde variadas narrativas y perspectivas lo que se concibe y practica como extensi\u00f3n en diversos contextos, con especial atenci\u00f3n a las l\u00edneas de pensamiento-acci\u00f3n desde las que tejemos nuestra posicionalidad junto con otrxs, en pos de la construcci\u00f3n de un hacer en com\u00fan -en-, -desde- y -de- la extensi\u00f3n universitaria\u00bb.<\/p>\n<p>A lo largo de este n\u00famero encontrar\u00e1n la siguiente tabla de contenidos:<\/p>\n<p><strong>Presentaci\u00f3n<\/strong><\/p>\n<h5 class=\"title\"><a id=\"article-46408\" href=\"https:\/\/revistas.unc.edu.ar\/index.php\/EEH\/article\/view\/46408\">Habitar lo com\u00fan. Formas en que la extensi\u00f3n universitaria toma presencia desde haceres entramados<\/a><\/h5>\n<p><strong>Art\u00edculos<\/strong><\/p>\n<h5 class=\"title\"><a id=\"article-45441\" href=\"https:\/\/revistas.unc.edu.ar\/index.php\/EEH\/article\/view\/45441\">Aportes desde la pr\u00e1ctica extensionista para pensar la universidad como bien p\u00fablico<\/a><\/h5>\n<h5 class=\"title\"><a id=\"article-45442\" href=\"https:\/\/revistas.unc.edu.ar\/index.php\/EEH\/article\/view\/45442\">Juventudes, organizaci\u00f3n y pr\u00e1cticas de participaci\u00f3n: Una mirada desde la Pedagog\u00eda Social<\/a><\/h5>\n<h5 class=\"title\"><a id=\"article-46303\" href=\"https:\/\/revistas.unc.edu.ar\/index.php\/EEH\/article\/view\/46303\">Construir desde lo com\u00fan: haceres transitados en un proceso de investigaci\u00f3n doctoral<\/a><\/h5>\n<h5 class=\"title\"><a id=\"article-46365\" href=\"https:\/\/revistas.unc.edu.ar\/index.php\/EEH\/article\/view\/46365\">Di\u00e1logos y redes en torno a la soberan\u00eda alimentaria en procesos de extensi\u00f3n cr\u00edtica: entramando Universidad y territorio<\/a><\/h5>\n<h5 class=\"title\"><a id=\"article-46304\" href=\"https:\/\/revistas.unc.edu.ar\/index.php\/EEH\/article\/view\/46304\">Entretejiendo v\u00ednculos y construyendo nuevos sentidos de lo com\u00fan para la construcci\u00f3n de paz. Una experiencia de investigaci\u00f3n colaborativa para hacer, sentir y pensar con otrxs<\/a><\/h5>\n<p><strong>Relatos de experiencias<\/strong><\/p>\n<h5 class=\"title\"><a id=\"article-45444\" href=\"https:\/\/revistas.unc.edu.ar\/index.php\/EEH\/article\/view\/45444\">Coloreando el territorio: reflexiones sobre la pr\u00e1ctica sociocomunitaria y la experiencia en movimiento<\/a><\/h5>\n<h5 class=\"title\"><a id=\"article-46305\" href=\"https:\/\/revistas.unc.edu.ar\/index.php\/EEH\/article\/view\/46305\">Operaci\u00f3n Karumb\u00e9<\/a><\/h5>\n<h5 class=\"title\"><a id=\"article-46367\" href=\"https:\/\/revistas.unc.edu.ar\/index.php\/EEH\/article\/view\/46367\">Valle de Quisquisacate. Observando y vivenciando el territorio en la contemporaneidad, desde una perspectiva originaria<\/a><\/h5>\n<h5 class=\"title\"><a id=\"article-46409\" href=\"https:\/\/revistas.unc.edu.ar\/index.php\/EEH\/article\/view\/46409\">Tejer una historia com\u00fan. Abordajes esc\u00e9nicos para extender manos y ecos con el Hotel Vi\u00f1a de Italia, C\u00f3rdoba, Argentina<\/a><\/h5>\n<p><strong>Debates audiovisuales<\/strong><\/p>\n<h5 class=\"title\"><a id=\"article-45447\" href=\"https:\/\/revistas.unc.edu.ar\/index.php\/EEH\/article\/view\/45447\">Caminar entramando saberes en com\u00fan: postales de Villa Cerro Azul desde el hacer extensi\u00f3n<\/a><\/h5>\n<h5 class=\"title\"><a id=\"article-46366\" href=\"https:\/\/revistas.unc.edu.ar\/index.php\/EEH\/article\/view\/46366\">Pedagog\u00edas de la tierra y saberes del arroyo El Infiernillo<\/a><\/h5>\n<p><strong>Conversaciones<\/strong><\/p>\n<h5 class=\"title\"><a id=\"article-45449\" href=\"https:\/\/revistas.unc.edu.ar\/index.php\/EEH\/article\/view\/45449\">Busco im\u00e1genes nativas que respondan a las im\u00e1genes invasoras. Entrevista a C\u00e9sar Gonz\u00e1lez<\/a><\/h5>\n<p><strong>Rese\u00f1as<\/strong><\/p>\n<h5 class=\"title\"><a id=\"article-46417\" href=\"https:\/\/revistas.unc.edu.ar\/index.php\/EEH\/article\/view\/46417\">Tejiendo di\u00e1logos y tramas desde el Sur-Sur. Territorio, participaci\u00f3n e interculturalidad<\/a><\/h5>\n<p><img loading=\"lazy\" decoding=\"async\" class=\"alignnone wp-image-7036 size-full\" src=\"http:\/\/ffyh.unc.edu.ar\/extension\/wp-content\/uploads\/sites\/2\/2024\/09\/TAPA-scaled.jpg\" alt=\"\" width=\"1810\" height=\"2560\" srcset=\"https:\/\/ffyh.unc.edu.ar\/extension\/wp-content\/uploads\/sites\/2\/2024\/09\/TAPA-scaled.jpg 1810w, https:\/\/ffyh.unc.edu.ar\/extension\/wp-content\/uploads\/sites\/2\/2024\/09\/TAPA-212x300.jpg 212w, https:\/\/ffyh.unc.edu.ar\/extension\/wp-content\/uploads\/sites\/2\/2024\/09\/TAPA-724x1024.jpg 724w, https:\/\/ffyh.unc.edu.ar\/extension\/wp-content\/uploads\/sites\/2\/2024\/09\/TAPA-768x1086.jpg 768w, https:\/\/ffyh.unc.edu.ar\/extension\/wp-content\/uploads\/sites\/2\/2024\/09\/TAPA-1086x1536.jpg 1086w, https:\/\/ffyh.unc.edu.ar\/extension\/wp-content\/uploads\/sites\/2\/2024\/09\/TAPA-1448x2048.jpg 1448w\" sizes=\"auto, (max-width: 1810px) 100vw, 1810px\" \/><\/p>\n<p>&nbsp;<\/p>\n","protected":false},"excerpt":{"rendered":"<p>Ya se encuentra disponible el n\u00famero 17 de la revista digital E+E: estudios de extensi\u00f3n en humanidades, cuyo tema convocante<\/p>\n","protected":false},"author":3,"featured_media":7036,"comment_status":"closed","ping_status":"closed","sticky":false,"template":"","format":"standard","meta":{"_acf_changed":false,"colormag_page_container_layout":"default_layout","colormag_page_sidebar_layout":"default_layout","footnotes":""},"categories":[12,56],"tags":[],"class_list":["post-7034","post","type-post","status-publish","format-standard","has-post-thumbnail","hentry","category-noticias","category-revista-ee"],"acf":[],"yoast_head":"<!-- This site is optimized with the Yoast SEO plugin v27.1.1 - https:\/\/yoast.com\/product\/yoast-seo-wordpress\/ -->\n<title>Nuevo n\u00famero de la revista E+E \u2013 Vol 11 N\u00ba17. Habitar lo com\u00fan. Formas en que la extensi\u00f3n universitaria toma presencia desde haceres entramados - Secretar\u00eda de Extensi\u00f3n<\/title>\n<meta name=\"robots\" content=\"index, follow, max-snippet:-1, max-image-preview:large, max-video-preview:-1\" \/>\n<link rel=\"canonical\" href=\"https:\/\/ffyh.unc.edu.ar\/extension\/2024\/09\/17\/nuevo-numero-de-la-revista-ee-vol-11-no17-habitar-lo-comun-formas-en-que-la-extension-universitaria-toma-presencia-desde-haceres-entramados\/\" \/>\n<meta property=\"og:locale\" content=\"es_ES\" \/>\n<meta property=\"og:type\" content=\"article\" \/>\n<meta property=\"og:title\" content=\"Nuevo n\u00famero de la revista E+E \u2013 Vol 11 N\u00ba17. Habitar lo com\u00fan. Formas en que la extensi\u00f3n universitaria toma presencia desde haceres entramados - Secretar\u00eda de Extensi\u00f3n\" \/>\n<meta property=\"og:description\" content=\"Ya se encuentra disponible el n\u00famero 17 de la revista digital E+E: estudios de extensi\u00f3n en humanidades, cuyo tema convocante\" \/>\n<meta property=\"og:url\" content=\"https:\/\/ffyh.unc.edu.ar\/extension\/2024\/09\/17\/nuevo-numero-de-la-revista-ee-vol-11-no17-habitar-lo-comun-formas-en-que-la-extension-universitaria-toma-presencia-desde-haceres-entramados\/\" \/>\n<meta property=\"og:site_name\" content=\"Secretar\u00eda de Extensi\u00f3n\" \/>\n<meta property=\"article:publisher\" content=\"https:\/\/www.facebook.com\/extensionffyh\" \/>\n<meta property=\"article:published_time\" content=\"2024-09-17T14:39:43+00:00\" \/>\n<meta property=\"article:modified_time\" content=\"2025-03-26T13:19:05+00:00\" \/>\n<meta property=\"og:image\" content=\"http:\/\/ffyh.unc.edu.ar\/extension\/wp-content\/uploads\/sites\/2\/2024\/09\/TAPA-scaled.jpg\" \/>\n\t<meta property=\"og:image:width\" content=\"1810\" \/>\n\t<meta property=\"og:image:height\" content=\"2560\" \/>\n\t<meta property=\"og:image:type\" content=\"image\/jpeg\" \/>\n<meta name=\"author\" content=\"extension\" \/>\n<meta name=\"twitter:card\" content=\"summary_large_image\" \/>\n<meta name=\"twitter:label1\" content=\"Escrito por\" \/>\n\t<meta name=\"twitter:data1\" content=\"\" \/>\n\t<meta name=\"twitter:label2\" content=\"Tiempo de lectura\" \/>\n\t<meta name=\"twitter:data2\" content=\"2 minutos\" \/>\n<script type=\"application\/ld+json\" class=\"yoast-schema-graph\">{\"@context\":\"https:\/\/schema.org\",\"@graph\":[{\"@type\":\"Article\",\"@id\":\"https:\/\/ffyh.unc.edu.ar\/extension\/2024\/09\/17\/nuevo-numero-de-la-revista-ee-vol-11-no17-habitar-lo-comun-formas-en-que-la-extension-universitaria-toma-presencia-desde-haceres-entramados\/#article\",\"isPartOf\":{\"@id\":\"https:\/\/ffyh.unc.edu.ar\/extension\/2024\/09\/17\/nuevo-numero-de-la-revista-ee-vol-11-no17-habitar-lo-comun-formas-en-que-la-extension-universitaria-toma-presencia-desde-haceres-entramados\/\"},\"author\":{\"name\":\"extension\",\"@id\":\"https:\/\/ffyh.unc.edu.ar\/extension\/#\/schema\/person\/c429cdff3a192a7081944182246c3689\"},\"headline\":\"Nuevo n\u00famero de la revista E+E \u2013 Vol 11 N\u00ba17. Habitar lo com\u00fan. Formas en que la extensi\u00f3n universitaria toma presencia desde haceres entramados\",\"datePublished\":\"2024-09-17T14:39:43+00:00\",\"dateModified\":\"2025-03-26T13:19:05+00:00\",\"mainEntityOfPage\":{\"@id\":\"https:\/\/ffyh.unc.edu.ar\/extension\/2024\/09\/17\/nuevo-numero-de-la-revista-ee-vol-11-no17-habitar-lo-comun-formas-en-que-la-extension-universitaria-toma-presencia-desde-haceres-entramados\/\"},\"wordCount\":478,\"publisher\":{\"@id\":\"https:\/\/ffyh.unc.edu.ar\/extension\/#organization\"},\"image\":{\"@id\":\"https:\/\/ffyh.unc.edu.ar\/extension\/2024\/09\/17\/nuevo-numero-de-la-revista-ee-vol-11-no17-habitar-lo-comun-formas-en-que-la-extension-universitaria-toma-presencia-desde-haceres-entramados\/#primaryimage\"},\"thumbnailUrl\":\"https:\/\/ffyh.unc.edu.ar\/extension\/wp-content\/uploads\/sites\/2\/2024\/09\/TAPA-scaled.jpg\",\"articleSection\":[\"Noticias\",\"Revista e+e\"],\"inLanguage\":\"es\"},{\"@type\":\"WebPage\",\"@id\":\"https:\/\/ffyh.unc.edu.ar\/extension\/2024\/09\/17\/nuevo-numero-de-la-revista-ee-vol-11-no17-habitar-lo-comun-formas-en-que-la-extension-universitaria-toma-presencia-desde-haceres-entramados\/\",\"url\":\"https:\/\/ffyh.unc.edu.ar\/extension\/2024\/09\/17\/nuevo-numero-de-la-revista-ee-vol-11-no17-habitar-lo-comun-formas-en-que-la-extension-universitaria-toma-presencia-desde-haceres-entramados\/\",\"name\":\"Nuevo n\u00famero de la revista E+E \u2013 Vol 11 N\u00ba17. Habitar lo com\u00fan. Formas en que la extensi\u00f3n universitaria toma presencia desde haceres entramados - Secretar\u00eda de Extensi\u00f3n\",\"isPartOf\":{\"@id\":\"https:\/\/ffyh.unc.edu.ar\/extension\/#website\"},\"primaryImageOfPage\":{\"@id\":\"https:\/\/ffyh.unc.edu.ar\/extension\/2024\/09\/17\/nuevo-numero-de-la-revista-ee-vol-11-no17-habitar-lo-comun-formas-en-que-la-extension-universitaria-toma-presencia-desde-haceres-entramados\/#primaryimage\"},\"image\":{\"@id\":\"https:\/\/ffyh.unc.edu.ar\/extension\/2024\/09\/17\/nuevo-numero-de-la-revista-ee-vol-11-no17-habitar-lo-comun-formas-en-que-la-extension-universitaria-toma-presencia-desde-haceres-entramados\/#primaryimage\"},\"thumbnailUrl\":\"https:\/\/ffyh.unc.edu.ar\/extension\/wp-content\/uploads\/sites\/2\/2024\/09\/TAPA-scaled.jpg\",\"datePublished\":\"2024-09-17T14:39:43+00:00\",\"dateModified\":\"2025-03-26T13:19:05+00:00\",\"breadcrumb\":{\"@id\":\"https:\/\/ffyh.unc.edu.ar\/extension\/2024\/09\/17\/nuevo-numero-de-la-revista-ee-vol-11-no17-habitar-lo-comun-formas-en-que-la-extension-universitaria-toma-presencia-desde-haceres-entramados\/#breadcrumb\"},\"inLanguage\":\"es\",\"potentialAction\":[{\"@type\":\"ReadAction\",\"target\":[\"https:\/\/ffyh.unc.edu.ar\/extension\/2024\/09\/17\/nuevo-numero-de-la-revista-ee-vol-11-no17-habitar-lo-comun-formas-en-que-la-extension-universitaria-toma-presencia-desde-haceres-entramados\/\"]}]},{\"@type\":\"ImageObject\",\"inLanguage\":\"es\",\"@id\":\"https:\/\/ffyh.unc.edu.ar\/extension\/2024\/09\/17\/nuevo-numero-de-la-revista-ee-vol-11-no17-habitar-lo-comun-formas-en-que-la-extension-universitaria-toma-presencia-desde-haceres-entramados\/#primaryimage\",\"url\":\"https:\/\/ffyh.unc.edu.ar\/extension\/wp-content\/uploads\/sites\/2\/2024\/09\/TAPA-scaled.jpg\",\"contentUrl\":\"https:\/\/ffyh.unc.edu.ar\/extension\/wp-content\/uploads\/sites\/2\/2024\/09\/TAPA-scaled.jpg\",\"width\":1810,\"height\":2560},{\"@type\":\"BreadcrumbList\",\"@id\":\"https:\/\/ffyh.unc.edu.ar\/extension\/2024\/09\/17\/nuevo-numero-de-la-revista-ee-vol-11-no17-habitar-lo-comun-formas-en-que-la-extension-universitaria-toma-presencia-desde-haceres-entramados\/#breadcrumb\",\"itemListElement\":[{\"@type\":\"ListItem\",\"position\":1,\"name\":\"Portada\",\"item\":\"https:\/\/ffyh.unc.edu.ar\/extension\/\"},{\"@type\":\"ListItem\",\"position\":2,\"name\":\"Nuevo n\u00famero de la revista E+E \u2013 Vol 11 N\u00ba17. Habitar lo com\u00fan. Formas en que la extensi\u00f3n universitaria toma presencia desde haceres entramados\"}]},{\"@type\":\"WebSite\",\"@id\":\"https:\/\/ffyh.unc.edu.ar\/extension\/#website\",\"url\":\"https:\/\/ffyh.unc.edu.ar\/extension\/\",\"name\":\"Secretar\u00eda de Extensi\u00f3n\",\"description\":\"Facultad de Filosof\u00eda y Humanidades - Universidad Nacional de C\u00f3rdoba\",\"publisher\":{\"@id\":\"https:\/\/ffyh.unc.edu.ar\/extension\/#organization\"},\"potentialAction\":[{\"@type\":\"SearchAction\",\"target\":{\"@type\":\"EntryPoint\",\"urlTemplate\":\"https:\/\/ffyh.unc.edu.ar\/extension\/?s={search_term_string}\"},\"query-input\":{\"@type\":\"PropertyValueSpecification\",\"valueRequired\":true,\"valueName\":\"search_term_string\"}}],\"inLanguage\":\"es\"},{\"@type\":\"Organization\",\"@id\":\"https:\/\/ffyh.unc.edu.ar\/extension\/#organization\",\"name\":\"Secretar\u00eda de Extensi\u00f3n - Facultad de Filosof\u00eda y Humanidades - Universidad Nacional de C\u00f3rdoba\",\"url\":\"https:\/\/ffyh.unc.edu.ar\/extension\/\",\"logo\":{\"@type\":\"ImageObject\",\"inLanguage\":\"es\",\"@id\":\"https:\/\/ffyh.unc.edu.ar\/extension\/#\/schema\/logo\/image\/\",\"url\":\"https:\/\/ffyh.unc.edu.ar\/extension\/wp-content\/uploads\/sites\/2\/2018\/08\/logo-extension-chico.jpg\",\"contentUrl\":\"https:\/\/ffyh.unc.edu.ar\/extension\/wp-content\/uploads\/sites\/2\/2018\/08\/logo-extension-chico.jpg\",\"width\":314,\"height\":119,\"caption\":\"Secretar\u00eda de Extensi\u00f3n - Facultad de Filosof\u00eda y Humanidades - Universidad Nacional de C\u00f3rdoba\"},\"image\":{\"@id\":\"https:\/\/ffyh.unc.edu.ar\/extension\/#\/schema\/logo\/image\/\"},\"sameAs\":[\"https:\/\/www.facebook.com\/extensionffyh\",\"https:\/\/www.instagram.com\/extensionffyh\/\",\"https:\/\/www.youtube.com\/channel\/UCTgN4nvMQE7ktBcgujEI-EA\"]},{\"@type\":\"Person\",\"@id\":\"https:\/\/ffyh.unc.edu.ar\/extension\/#\/schema\/person\/c429cdff3a192a7081944182246c3689\",\"name\":\"extension\",\"url\":\"https:\/\/ffyh.unc.edu.ar\/extension\/author\/extension\/\"}]}<\/script>\n<!-- \/ Yoast SEO plugin. -->","yoast_head_json":{"title":"Nuevo n\u00famero de la revista E+E \u2013 Vol 11 N\u00ba17. Habitar lo com\u00fan. Formas en que la extensi\u00f3n universitaria toma presencia desde haceres entramados - Secretar\u00eda de Extensi\u00f3n","robots":{"index":"index","follow":"follow","max-snippet":"max-snippet:-1","max-image-preview":"max-image-preview:large","max-video-preview":"max-video-preview:-1"},"canonical":"https:\/\/ffyh.unc.edu.ar\/extension\/2024\/09\/17\/nuevo-numero-de-la-revista-ee-vol-11-no17-habitar-lo-comun-formas-en-que-la-extension-universitaria-toma-presencia-desde-haceres-entramados\/","og_locale":"es_ES","og_type":"article","og_title":"Nuevo n\u00famero de la revista E+E \u2013 Vol 11 N\u00ba17. Habitar lo com\u00fan. Formas en que la extensi\u00f3n universitaria toma presencia desde haceres entramados - Secretar\u00eda de Extensi\u00f3n","og_description":"Ya se encuentra disponible el n\u00famero 17 de la revista digital E+E: estudios de extensi\u00f3n en humanidades, cuyo tema convocante","og_url":"https:\/\/ffyh.unc.edu.ar\/extension\/2024\/09\/17\/nuevo-numero-de-la-revista-ee-vol-11-no17-habitar-lo-comun-formas-en-que-la-extension-universitaria-toma-presencia-desde-haceres-entramados\/","og_site_name":"Secretar\u00eda de Extensi\u00f3n","article_publisher":"https:\/\/www.facebook.com\/extensionffyh","article_published_time":"2024-09-17T14:39:43+00:00","article_modified_time":"2025-03-26T13:19:05+00:00","og_image":[{"width":1810,"height":2560,"url":"http:\/\/ffyh.unc.edu.ar\/extension\/wp-content\/uploads\/sites\/2\/2024\/09\/TAPA-scaled.jpg","type":"image\/jpeg"}],"author":"extension","twitter_card":"summary_large_image","twitter_misc":{"Escrito por":false,"Tiempo de lectura":"2 minutos"},"schema":{"@context":"https:\/\/schema.org","@graph":[{"@type":"Article","@id":"https:\/\/ffyh.unc.edu.ar\/extension\/2024\/09\/17\/nuevo-numero-de-la-revista-ee-vol-11-no17-habitar-lo-comun-formas-en-que-la-extension-universitaria-toma-presencia-desde-haceres-entramados\/#article","isPartOf":{"@id":"https:\/\/ffyh.unc.edu.ar\/extension\/2024\/09\/17\/nuevo-numero-de-la-revista-ee-vol-11-no17-habitar-lo-comun-formas-en-que-la-extension-universitaria-toma-presencia-desde-haceres-entramados\/"},"author":{"name":"extension","@id":"https:\/\/ffyh.unc.edu.ar\/extension\/#\/schema\/person\/c429cdff3a192a7081944182246c3689"},"headline":"Nuevo n\u00famero de la revista E+E \u2013 Vol 11 N\u00ba17. Habitar lo com\u00fan. Formas en que la extensi\u00f3n universitaria toma presencia desde haceres entramados","datePublished":"2024-09-17T14:39:43+00:00","dateModified":"2025-03-26T13:19:05+00:00","mainEntityOfPage":{"@id":"https:\/\/ffyh.unc.edu.ar\/extension\/2024\/09\/17\/nuevo-numero-de-la-revista-ee-vol-11-no17-habitar-lo-comun-formas-en-que-la-extension-universitaria-toma-presencia-desde-haceres-entramados\/"},"wordCount":478,"publisher":{"@id":"https:\/\/ffyh.unc.edu.ar\/extension\/#organization"},"image":{"@id":"https:\/\/ffyh.unc.edu.ar\/extension\/2024\/09\/17\/nuevo-numero-de-la-revista-ee-vol-11-no17-habitar-lo-comun-formas-en-que-la-extension-universitaria-toma-presencia-desde-haceres-entramados\/#primaryimage"},"thumbnailUrl":"https:\/\/ffyh.unc.edu.ar\/extension\/wp-content\/uploads\/sites\/2\/2024\/09\/TAPA-scaled.jpg","articleSection":["Noticias","Revista e+e"],"inLanguage":"es"},{"@type":"WebPage","@id":"https:\/\/ffyh.unc.edu.ar\/extension\/2024\/09\/17\/nuevo-numero-de-la-revista-ee-vol-11-no17-habitar-lo-comun-formas-en-que-la-extension-universitaria-toma-presencia-desde-haceres-entramados\/","url":"https:\/\/ffyh.unc.edu.ar\/extension\/2024\/09\/17\/nuevo-numero-de-la-revista-ee-vol-11-no17-habitar-lo-comun-formas-en-que-la-extension-universitaria-toma-presencia-desde-haceres-entramados\/","name":"Nuevo n\u00famero de la revista E+E \u2013 Vol 11 N\u00ba17. Habitar lo com\u00fan. Formas en que la extensi\u00f3n universitaria toma presencia desde haceres entramados - Secretar\u00eda de Extensi\u00f3n","isPartOf":{"@id":"https:\/\/ffyh.unc.edu.ar\/extension\/#website"},"primaryImageOfPage":{"@id":"https:\/\/ffyh.unc.edu.ar\/extension\/2024\/09\/17\/nuevo-numero-de-la-revista-ee-vol-11-no17-habitar-lo-comun-formas-en-que-la-extension-universitaria-toma-presencia-desde-haceres-entramados\/#primaryimage"},"image":{"@id":"https:\/\/ffyh.unc.edu.ar\/extension\/2024\/09\/17\/nuevo-numero-de-la-revista-ee-vol-11-no17-habitar-lo-comun-formas-en-que-la-extension-universitaria-toma-presencia-desde-haceres-entramados\/#primaryimage"},"thumbnailUrl":"https:\/\/ffyh.unc.edu.ar\/extension\/wp-content\/uploads\/sites\/2\/2024\/09\/TAPA-scaled.jpg","datePublished":"2024-09-17T14:39:43+00:00","dateModified":"2025-03-26T13:19:05+00:00","breadcrumb":{"@id":"https:\/\/ffyh.unc.edu.ar\/extension\/2024\/09\/17\/nuevo-numero-de-la-revista-ee-vol-11-no17-habitar-lo-comun-formas-en-que-la-extension-universitaria-toma-presencia-desde-haceres-entramados\/#breadcrumb"},"inLanguage":"es","potentialAction":[{"@type":"ReadAction","target":["https:\/\/ffyh.unc.edu.ar\/extension\/2024\/09\/17\/nuevo-numero-de-la-revista-ee-vol-11-no17-habitar-lo-comun-formas-en-que-la-extension-universitaria-toma-presencia-desde-haceres-entramados\/"]}]},{"@type":"ImageObject","inLanguage":"es","@id":"https:\/\/ffyh.unc.edu.ar\/extension\/2024\/09\/17\/nuevo-numero-de-la-revista-ee-vol-11-no17-habitar-lo-comun-formas-en-que-la-extension-universitaria-toma-presencia-desde-haceres-entramados\/#primaryimage","url":"https:\/\/ffyh.unc.edu.ar\/extension\/wp-content\/uploads\/sites\/2\/2024\/09\/TAPA-scaled.jpg","contentUrl":"https:\/\/ffyh.unc.edu.ar\/extension\/wp-content\/uploads\/sites\/2\/2024\/09\/TAPA-scaled.jpg","width":1810,"height":2560},{"@type":"BreadcrumbList","@id":"https:\/\/ffyh.unc.edu.ar\/extension\/2024\/09\/17\/nuevo-numero-de-la-revista-ee-vol-11-no17-habitar-lo-comun-formas-en-que-la-extension-universitaria-toma-presencia-desde-haceres-entramados\/#breadcrumb","itemListElement":[{"@type":"ListItem","position":1,"name":"Portada","item":"https:\/\/ffyh.unc.edu.ar\/extension\/"},{"@type":"ListItem","position":2,"name":"Nuevo n\u00famero de la revista E+E \u2013 Vol 11 N\u00ba17. Habitar lo com\u00fan. Formas en que la extensi\u00f3n universitaria toma presencia desde haceres entramados"}]},{"@type":"WebSite","@id":"https:\/\/ffyh.unc.edu.ar\/extension\/#website","url":"https:\/\/ffyh.unc.edu.ar\/extension\/","name":"Secretar\u00eda de Extensi\u00f3n","description":"Facultad de Filosof\u00eda y Humanidades - Universidad Nacional de C\u00f3rdoba","publisher":{"@id":"https:\/\/ffyh.unc.edu.ar\/extension\/#organization"},"potentialAction":[{"@type":"SearchAction","target":{"@type":"EntryPoint","urlTemplate":"https:\/\/ffyh.unc.edu.ar\/extension\/?s={search_term_string}"},"query-input":{"@type":"PropertyValueSpecification","valueRequired":true,"valueName":"search_term_string"}}],"inLanguage":"es"},{"@type":"Organization","@id":"https:\/\/ffyh.unc.edu.ar\/extension\/#organization","name":"Secretar\u00eda de Extensi\u00f3n - Facultad de Filosof\u00eda y Humanidades - Universidad Nacional de C\u00f3rdoba","url":"https:\/\/ffyh.unc.edu.ar\/extension\/","logo":{"@type":"ImageObject","inLanguage":"es","@id":"https:\/\/ffyh.unc.edu.ar\/extension\/#\/schema\/logo\/image\/","url":"https:\/\/ffyh.unc.edu.ar\/extension\/wp-content\/uploads\/sites\/2\/2018\/08\/logo-extension-chico.jpg","contentUrl":"https:\/\/ffyh.unc.edu.ar\/extension\/wp-content\/uploads\/sites\/2\/2018\/08\/logo-extension-chico.jpg","width":314,"height":119,"caption":"Secretar\u00eda de Extensi\u00f3n - Facultad de Filosof\u00eda y Humanidades - Universidad Nacional de C\u00f3rdoba"},"image":{"@id":"https:\/\/ffyh.unc.edu.ar\/extension\/#\/schema\/logo\/image\/"},"sameAs":["https:\/\/www.facebook.com\/extensionffyh","https:\/\/www.instagram.com\/extensionffyh\/","https:\/\/www.youtube.com\/channel\/UCTgN4nvMQE7ktBcgujEI-EA"]},{"@type":"Person","@id":"https:\/\/ffyh.unc.edu.ar\/extension\/#\/schema\/person\/c429cdff3a192a7081944182246c3689","name":"extension","url":"https:\/\/ffyh.unc.edu.ar\/extension\/author\/extension\/"}]}},"jetpack_featured_media_url":"https:\/\/ffyh.unc.edu.ar\/extension\/wp-content\/uploads\/sites\/2\/2024\/09\/TAPA-scaled.jpg","_links":{"self":[{"href":"https:\/\/ffyh.unc.edu.ar\/extension\/wp-json\/wp\/v2\/posts\/7034","targetHints":{"allow":["GET"]}}],"collection":[{"href":"https:\/\/ffyh.unc.edu.ar\/extension\/wp-json\/wp\/v2\/posts"}],"about":[{"href":"https:\/\/ffyh.unc.edu.ar\/extension\/wp-json\/wp\/v2\/types\/post"}],"author":[{"embeddable":true,"href":"https:\/\/ffyh.unc.edu.ar\/extension\/wp-json\/wp\/v2\/users\/3"}],"replies":[{"embeddable":true,"href":"https:\/\/ffyh.unc.edu.ar\/extension\/wp-json\/wp\/v2\/comments?post=7034"}],"version-history":[{"count":4,"href":"https:\/\/ffyh.unc.edu.ar\/extension\/wp-json\/wp\/v2\/posts\/7034\/revisions"}],"predecessor-version":[{"id":7039,"href":"https:\/\/ffyh.unc.edu.ar\/extension\/wp-json\/wp\/v2\/posts\/7034\/revisions\/7039"}],"wp:featuredmedia":[{"embeddable":true,"href":"https:\/\/ffyh.unc.edu.ar\/extension\/wp-json\/wp\/v2\/media\/7036"}],"wp:attachment":[{"href":"https:\/\/ffyh.unc.edu.ar\/extension\/wp-json\/wp\/v2\/media?parent=7034"}],"wp:term":[{"taxonomy":"category","embeddable":true,"href":"https:\/\/ffyh.unc.edu.ar\/extension\/wp-json\/wp\/v2\/categories?post=7034"},{"taxonomy":"post_tag","embeddable":true,"href":"https:\/\/ffyh.unc.edu.ar\/extension\/wp-json\/wp\/v2\/tags?post=7034"}],"curies":[{"name":"wp","href":"https:\/\/api.w.org\/{rel}","templated":true}]}}