{"id":7083,"date":"2024-10-04T17:40:29","date_gmt":"2024-10-04T17:40:29","guid":{"rendered":"https:\/\/ffyh.unc.edu.ar\/extension\/?p=7083"},"modified":"2025-03-26T12:53:58","modified_gmt":"2025-03-26T12:53:58","slug":"declaracion-sobre-incendios-en-la-provincia-de-cordoba","status":"publish","type":"post","link":"https:\/\/ffyh.unc.edu.ar\/extension\/2024\/10\/04\/declaracion-sobre-incendios-en-la-provincia-de-cordoba\/","title":{"rendered":"Declaraci\u00f3n sobre incendios en la provincia de C\u00f3rdoba"},"content":{"rendered":"<p>Compartimos la declaraci\u00f3n que realizaron los institutos de CONICET\u2010UNC dedicados a la investigaci\u00f3n en Ciencias de la Tierra (CICTERRA), Biolog\u00eda y Ecolog\u00eda Vegetal (IMBIV), Diversidad y Ecolog\u00eda Animal (IDEA), Investigaciones Biol\u00f3gicas y Tecnol\u00f3gicas (IIByT), estudios de Antropolog\u00eda (IDACOR) con el aval de sus respectivos Consejos Directivos y centros de la UNC dedicados al estudio de Ecolog\u00eda y Recursos Naturales Renovables (CERNAR; FCEFyN), del \u00c1rea Ambiente, Sociedad y Territorios (FFyH) y Museo de Antropolog\u00edas (FFyH) donde manifiestan su inmensa preocupaci\u00f3n por los incendios que est\u00e1n aconteciendo en los meses de julio, agosto y septiembre del 2024 en las Sierras de C\u00f3rdoba, as\u00ed como por la intensificaci\u00f3n, a\u00f1o a a\u00f1o, en su extensi\u00f3n espacial, duraci\u00f3n, frecuencia y recurrencia.<\/p>\n<p>El documento enfatiza que \u00ab<strong>en el actual escenario de crisis ambiental, resulta imperioso fortalecer un Plan de Manejo del Fuego en el que las cuestiones &#8216;ambientales&#8217; y &#8216;clim\u00e1ticas&#8217; se aborden como un problema cultural, \u00e9tico y pol\u00edtico, haciendo foco en las responsabilidades hist\u00f3ricas, extractivistas y especulativas que nos han conducido a la actual situaci\u00f3n de profundizaci\u00f3n de vulnerabilidades y extrema fragilidad socioambiental en contextos de incendios forestales<\/strong>\u00ab.<\/p>\n<p>Invitamos a acceder a la declaraci\u00f3n completa desde <a href=\"https:\/\/drive.google.com\/file\/d\/1m-bkrrcpsL0fVztIzBSIeirGr4VjWajp\/view?usp=sharing\">aqu\u00ed<\/a>.<\/p>\n<p>Fotograf\u00eda de portada: <a href=\"https:\/\/agencia.unq.edu.ar\/?p=23129\">Agencia de Noticias Cient\u00edficas<\/a><\/p>\n<p>&nbsp;<\/p>\n","protected":false},"excerpt":{"rendered":"<p>Compartimos la declaraci\u00f3n que realizaron los institutos de CONICET\u2010UNC dedicados a la investigaci\u00f3n en Ciencias de la Tierra (CICTERRA), Biolog\u00eda<\/p>\n","protected":false},"author":3,"featured_media":7409,"comment_status":"closed","ping_status":"closed","sticky":false,"template":"","format":"standard","meta":{"_acf_changed":false,"colormag_page_container_layout":"default_layout","colormag_page_sidebar_layout":"default_layout","footnotes":""},"categories":[12,55],"tags":[],"class_list":["post-7083","post","type-post","status-publish","format-standard","has-post-thumbnail","hentry","category-noticias","category-programa-ambiente-sociedades-y-territorios"],"acf":[],"yoast_head":"<!-- This site is optimized with the Yoast SEO plugin v27.1.1 - https:\/\/yoast.com\/product\/yoast-seo-wordpress\/ -->\n<title>Declaraci\u00f3n sobre incendios en la provincia de C\u00f3rdoba - Secretar\u00eda de Extensi\u00f3n<\/title>\n<meta name=\"robots\" content=\"index, follow, max-snippet:-1, max-image-preview:large, max-video-preview:-1\" \/>\n<link rel=\"canonical\" href=\"https:\/\/ffyh.unc.edu.ar\/extension\/2024\/10\/04\/declaracion-sobre-incendios-en-la-provincia-de-cordoba\/\" \/>\n<meta property=\"og:locale\" content=\"es_ES\" \/>\n<meta property=\"og:type\" content=\"article\" \/>\n<meta property=\"og:title\" content=\"Declaraci\u00f3n sobre incendios en la provincia de C\u00f3rdoba - Secretar\u00eda de Extensi\u00f3n\" \/>\n<meta property=\"og:description\" content=\"Compartimos la declaraci\u00f3n que realizaron los institutos de CONICET\u2010UNC dedicados a la investigaci\u00f3n en Ciencias de la Tierra (CICTERRA), Biolog\u00eda\" \/>\n<meta property=\"og:url\" content=\"https:\/\/ffyh.unc.edu.ar\/extension\/2024\/10\/04\/declaracion-sobre-incendios-en-la-provincia-de-cordoba\/\" \/>\n<meta property=\"og:site_name\" content=\"Secretar\u00eda de Extensi\u00f3n\" \/>\n<meta property=\"article:publisher\" content=\"https:\/\/www.facebook.com\/extensionffyh\" \/>\n<meta property=\"article:published_time\" content=\"2024-10-04T17:40:29+00:00\" \/>\n<meta property=\"article:modified_time\" content=\"2025-03-26T12:53:58+00:00\" \/>\n<meta property=\"og:image\" content=\"http:\/\/ffyh.unc.edu.ar\/extension\/wp-content\/uploads\/sites\/2\/2024\/10\/WhatsApp-Image-2024-10-04-at-13.30.22-1.jpeg\" \/>\n\t<meta property=\"og:image:width\" content=\"1040\" \/>\n\t<meta property=\"og:image:height\" content=\"420\" \/>\n\t<meta property=\"og:image:type\" content=\"image\/jpeg\" \/>\n<meta name=\"author\" content=\"extension\" \/>\n<meta name=\"twitter:card\" content=\"summary_large_image\" \/>\n<meta name=\"twitter:label1\" content=\"Escrito por\" \/>\n\t<meta name=\"twitter:data1\" content=\"\" \/>\n\t<meta name=\"twitter:label2\" content=\"Tiempo de lectura\" \/>\n\t<meta name=\"twitter:data2\" content=\"1 minuto\" \/>\n<script type=\"application\/ld+json\" class=\"yoast-schema-graph\">{\"@context\":\"https:\/\/schema.org\",\"@graph\":[{\"@type\":\"Article\",\"@id\":\"https:\/\/ffyh.unc.edu.ar\/extension\/2024\/10\/04\/declaracion-sobre-incendios-en-la-provincia-de-cordoba\/#article\",\"isPartOf\":{\"@id\":\"https:\/\/ffyh.unc.edu.ar\/extension\/2024\/10\/04\/declaracion-sobre-incendios-en-la-provincia-de-cordoba\/\"},\"author\":{\"name\":\"extension\",\"@id\":\"https:\/\/ffyh.unc.edu.ar\/extension\/#\/schema\/person\/c429cdff3a192a7081944182246c3689\"},\"headline\":\"Declaraci\u00f3n sobre incendios en la provincia de C\u00f3rdoba\",\"datePublished\":\"2024-10-04T17:40:29+00:00\",\"dateModified\":\"2025-03-26T12:53:58+00:00\",\"mainEntityOfPage\":{\"@id\":\"https:\/\/ffyh.unc.edu.ar\/extension\/2024\/10\/04\/declaracion-sobre-incendios-en-la-provincia-de-cordoba\/\"},\"wordCount\":236,\"publisher\":{\"@id\":\"https:\/\/ffyh.unc.edu.ar\/extension\/#organization\"},\"image\":{\"@id\":\"https:\/\/ffyh.unc.edu.ar\/extension\/2024\/10\/04\/declaracion-sobre-incendios-en-la-provincia-de-cordoba\/#primaryimage\"},\"thumbnailUrl\":\"https:\/\/ffyh.unc.edu.ar\/extension\/wp-content\/uploads\/sites\/2\/2024\/10\/WhatsApp-Image-2024-10-04-at-13.30.22-1.jpeg\",\"articleSection\":[\"Noticias\",\"Programa ambiente, sociedades y territorios\"],\"inLanguage\":\"es\"},{\"@type\":\"WebPage\",\"@id\":\"https:\/\/ffyh.unc.edu.ar\/extension\/2024\/10\/04\/declaracion-sobre-incendios-en-la-provincia-de-cordoba\/\",\"url\":\"https:\/\/ffyh.unc.edu.ar\/extension\/2024\/10\/04\/declaracion-sobre-incendios-en-la-provincia-de-cordoba\/\",\"name\":\"Declaraci\u00f3n sobre incendios en la provincia de C\u00f3rdoba - Secretar\u00eda de Extensi\u00f3n\",\"isPartOf\":{\"@id\":\"https:\/\/ffyh.unc.edu.ar\/extension\/#website\"},\"primaryImageOfPage\":{\"@id\":\"https:\/\/ffyh.unc.edu.ar\/extension\/2024\/10\/04\/declaracion-sobre-incendios-en-la-provincia-de-cordoba\/#primaryimage\"},\"image\":{\"@id\":\"https:\/\/ffyh.unc.edu.ar\/extension\/2024\/10\/04\/declaracion-sobre-incendios-en-la-provincia-de-cordoba\/#primaryimage\"},\"thumbnailUrl\":\"https:\/\/ffyh.unc.edu.ar\/extension\/wp-content\/uploads\/sites\/2\/2024\/10\/WhatsApp-Image-2024-10-04-at-13.30.22-1.jpeg\",\"datePublished\":\"2024-10-04T17:40:29+00:00\",\"dateModified\":\"2025-03-26T12:53:58+00:00\",\"breadcrumb\":{\"@id\":\"https:\/\/ffyh.unc.edu.ar\/extension\/2024\/10\/04\/declaracion-sobre-incendios-en-la-provincia-de-cordoba\/#breadcrumb\"},\"inLanguage\":\"es\",\"potentialAction\":[{\"@type\":\"ReadAction\",\"target\":[\"https:\/\/ffyh.unc.edu.ar\/extension\/2024\/10\/04\/declaracion-sobre-incendios-en-la-provincia-de-cordoba\/\"]}]},{\"@type\":\"ImageObject\",\"inLanguage\":\"es\",\"@id\":\"https:\/\/ffyh.unc.edu.ar\/extension\/2024\/10\/04\/declaracion-sobre-incendios-en-la-provincia-de-cordoba\/#primaryimage\",\"url\":\"https:\/\/ffyh.unc.edu.ar\/extension\/wp-content\/uploads\/sites\/2\/2024\/10\/WhatsApp-Image-2024-10-04-at-13.30.22-1.jpeg\",\"contentUrl\":\"https:\/\/ffyh.unc.edu.ar\/extension\/wp-content\/uploads\/sites\/2\/2024\/10\/WhatsApp-Image-2024-10-04-at-13.30.22-1.jpeg\",\"width\":1040,\"height\":420},{\"@type\":\"BreadcrumbList\",\"@id\":\"https:\/\/ffyh.unc.edu.ar\/extension\/2024\/10\/04\/declaracion-sobre-incendios-en-la-provincia-de-cordoba\/#breadcrumb\",\"itemListElement\":[{\"@type\":\"ListItem\",\"position\":1,\"name\":\"Portada\",\"item\":\"https:\/\/ffyh.unc.edu.ar\/extension\/\"},{\"@type\":\"ListItem\",\"position\":2,\"name\":\"Declaraci\u00f3n sobre incendios en la provincia de C\u00f3rdoba\"}]},{\"@type\":\"WebSite\",\"@id\":\"https:\/\/ffyh.unc.edu.ar\/extension\/#website\",\"url\":\"https:\/\/ffyh.unc.edu.ar\/extension\/\",\"name\":\"Secretar\u00eda de Extensi\u00f3n\",\"description\":\"Facultad de Filosof\u00eda y Humanidades - Universidad Nacional de C\u00f3rdoba\",\"publisher\":{\"@id\":\"https:\/\/ffyh.unc.edu.ar\/extension\/#organization\"},\"potentialAction\":[{\"@type\":\"SearchAction\",\"target\":{\"@type\":\"EntryPoint\",\"urlTemplate\":\"https:\/\/ffyh.unc.edu.ar\/extension\/?s={search_term_string}\"},\"query-input\":{\"@type\":\"PropertyValueSpecification\",\"valueRequired\":true,\"valueName\":\"search_term_string\"}}],\"inLanguage\":\"es\"},{\"@type\":\"Organization\",\"@id\":\"https:\/\/ffyh.unc.edu.ar\/extension\/#organization\",\"name\":\"Secretar\u00eda de Extensi\u00f3n - Facultad de Filosof\u00eda y Humanidades - Universidad Nacional de C\u00f3rdoba\",\"url\":\"https:\/\/ffyh.unc.edu.ar\/extension\/\",\"logo\":{\"@type\":\"ImageObject\",\"inLanguage\":\"es\",\"@id\":\"https:\/\/ffyh.unc.edu.ar\/extension\/#\/schema\/logo\/image\/\",\"url\":\"https:\/\/ffyh.unc.edu.ar\/extension\/wp-content\/uploads\/sites\/2\/2018\/08\/logo-extension-chico.jpg\",\"contentUrl\":\"https:\/\/ffyh.unc.edu.ar\/extension\/wp-content\/uploads\/sites\/2\/2018\/08\/logo-extension-chico.jpg\",\"width\":314,\"height\":119,\"caption\":\"Secretar\u00eda de Extensi\u00f3n - Facultad de Filosof\u00eda y Humanidades - Universidad Nacional de C\u00f3rdoba\"},\"image\":{\"@id\":\"https:\/\/ffyh.unc.edu.ar\/extension\/#\/schema\/logo\/image\/\"},\"sameAs\":[\"https:\/\/www.facebook.com\/extensionffyh\",\"https:\/\/www.instagram.com\/extensionffyh\/\",\"https:\/\/www.youtube.com\/channel\/UCTgN4nvMQE7ktBcgujEI-EA\"]},{\"@type\":\"Person\",\"@id\":\"https:\/\/ffyh.unc.edu.ar\/extension\/#\/schema\/person\/c429cdff3a192a7081944182246c3689\",\"name\":\"extension\",\"url\":\"https:\/\/ffyh.unc.edu.ar\/extension\/author\/extension\/\"}]}<\/script>\n<!-- \/ Yoast SEO plugin. -->","yoast_head_json":{"title":"Declaraci\u00f3n sobre incendios en la provincia de C\u00f3rdoba - Secretar\u00eda de Extensi\u00f3n","robots":{"index":"index","follow":"follow","max-snippet":"max-snippet:-1","max-image-preview":"max-image-preview:large","max-video-preview":"max-video-preview:-1"},"canonical":"https:\/\/ffyh.unc.edu.ar\/extension\/2024\/10\/04\/declaracion-sobre-incendios-en-la-provincia-de-cordoba\/","og_locale":"es_ES","og_type":"article","og_title":"Declaraci\u00f3n sobre incendios en la provincia de C\u00f3rdoba - Secretar\u00eda de Extensi\u00f3n","og_description":"Compartimos la declaraci\u00f3n que realizaron los institutos de CONICET\u2010UNC dedicados a la investigaci\u00f3n en Ciencias de la Tierra (CICTERRA), Biolog\u00eda","og_url":"https:\/\/ffyh.unc.edu.ar\/extension\/2024\/10\/04\/declaracion-sobre-incendios-en-la-provincia-de-cordoba\/","og_site_name":"Secretar\u00eda de Extensi\u00f3n","article_publisher":"https:\/\/www.facebook.com\/extensionffyh","article_published_time":"2024-10-04T17:40:29+00:00","article_modified_time":"2025-03-26T12:53:58+00:00","og_image":[{"width":1040,"height":420,"url":"http:\/\/ffyh.unc.edu.ar\/extension\/wp-content\/uploads\/sites\/2\/2024\/10\/WhatsApp-Image-2024-10-04-at-13.30.22-1.jpeg","type":"image\/jpeg"}],"author":"extension","twitter_card":"summary_large_image","twitter_misc":{"Escrito por":false,"Tiempo de lectura":"1 minuto"},"schema":{"@context":"https:\/\/schema.org","@graph":[{"@type":"Article","@id":"https:\/\/ffyh.unc.edu.ar\/extension\/2024\/10\/04\/declaracion-sobre-incendios-en-la-provincia-de-cordoba\/#article","isPartOf":{"@id":"https:\/\/ffyh.unc.edu.ar\/extension\/2024\/10\/04\/declaracion-sobre-incendios-en-la-provincia-de-cordoba\/"},"author":{"name":"extension","@id":"https:\/\/ffyh.unc.edu.ar\/extension\/#\/schema\/person\/c429cdff3a192a7081944182246c3689"},"headline":"Declaraci\u00f3n sobre incendios en la provincia de C\u00f3rdoba","datePublished":"2024-10-04T17:40:29+00:00","dateModified":"2025-03-26T12:53:58+00:00","mainEntityOfPage":{"@id":"https:\/\/ffyh.unc.edu.ar\/extension\/2024\/10\/04\/declaracion-sobre-incendios-en-la-provincia-de-cordoba\/"},"wordCount":236,"publisher":{"@id":"https:\/\/ffyh.unc.edu.ar\/extension\/#organization"},"image":{"@id":"https:\/\/ffyh.unc.edu.ar\/extension\/2024\/10\/04\/declaracion-sobre-incendios-en-la-provincia-de-cordoba\/#primaryimage"},"thumbnailUrl":"https:\/\/ffyh.unc.edu.ar\/extension\/wp-content\/uploads\/sites\/2\/2024\/10\/WhatsApp-Image-2024-10-04-at-13.30.22-1.jpeg","articleSection":["Noticias","Programa ambiente, sociedades y territorios"],"inLanguage":"es"},{"@type":"WebPage","@id":"https:\/\/ffyh.unc.edu.ar\/extension\/2024\/10\/04\/declaracion-sobre-incendios-en-la-provincia-de-cordoba\/","url":"https:\/\/ffyh.unc.edu.ar\/extension\/2024\/10\/04\/declaracion-sobre-incendios-en-la-provincia-de-cordoba\/","name":"Declaraci\u00f3n sobre incendios en la provincia de C\u00f3rdoba - Secretar\u00eda de Extensi\u00f3n","isPartOf":{"@id":"https:\/\/ffyh.unc.edu.ar\/extension\/#website"},"primaryImageOfPage":{"@id":"https:\/\/ffyh.unc.edu.ar\/extension\/2024\/10\/04\/declaracion-sobre-incendios-en-la-provincia-de-cordoba\/#primaryimage"},"image":{"@id":"https:\/\/ffyh.unc.edu.ar\/extension\/2024\/10\/04\/declaracion-sobre-incendios-en-la-provincia-de-cordoba\/#primaryimage"},"thumbnailUrl":"https:\/\/ffyh.unc.edu.ar\/extension\/wp-content\/uploads\/sites\/2\/2024\/10\/WhatsApp-Image-2024-10-04-at-13.30.22-1.jpeg","datePublished":"2024-10-04T17:40:29+00:00","dateModified":"2025-03-26T12:53:58+00:00","breadcrumb":{"@id":"https:\/\/ffyh.unc.edu.ar\/extension\/2024\/10\/04\/declaracion-sobre-incendios-en-la-provincia-de-cordoba\/#breadcrumb"},"inLanguage":"es","potentialAction":[{"@type":"ReadAction","target":["https:\/\/ffyh.unc.edu.ar\/extension\/2024\/10\/04\/declaracion-sobre-incendios-en-la-provincia-de-cordoba\/"]}]},{"@type":"ImageObject","inLanguage":"es","@id":"https:\/\/ffyh.unc.edu.ar\/extension\/2024\/10\/04\/declaracion-sobre-incendios-en-la-provincia-de-cordoba\/#primaryimage","url":"https:\/\/ffyh.unc.edu.ar\/extension\/wp-content\/uploads\/sites\/2\/2024\/10\/WhatsApp-Image-2024-10-04-at-13.30.22-1.jpeg","contentUrl":"https:\/\/ffyh.unc.edu.ar\/extension\/wp-content\/uploads\/sites\/2\/2024\/10\/WhatsApp-Image-2024-10-04-at-13.30.22-1.jpeg","width":1040,"height":420},{"@type":"BreadcrumbList","@id":"https:\/\/ffyh.unc.edu.ar\/extension\/2024\/10\/04\/declaracion-sobre-incendios-en-la-provincia-de-cordoba\/#breadcrumb","itemListElement":[{"@type":"ListItem","position":1,"name":"Portada","item":"https:\/\/ffyh.unc.edu.ar\/extension\/"},{"@type":"ListItem","position":2,"name":"Declaraci\u00f3n sobre incendios en la provincia de C\u00f3rdoba"}]},{"@type":"WebSite","@id":"https:\/\/ffyh.unc.edu.ar\/extension\/#website","url":"https:\/\/ffyh.unc.edu.ar\/extension\/","name":"Secretar\u00eda de Extensi\u00f3n","description":"Facultad de Filosof\u00eda y Humanidades - Universidad Nacional de C\u00f3rdoba","publisher":{"@id":"https:\/\/ffyh.unc.edu.ar\/extension\/#organization"},"potentialAction":[{"@type":"SearchAction","target":{"@type":"EntryPoint","urlTemplate":"https:\/\/ffyh.unc.edu.ar\/extension\/?s={search_term_string}"},"query-input":{"@type":"PropertyValueSpecification","valueRequired":true,"valueName":"search_term_string"}}],"inLanguage":"es"},{"@type":"Organization","@id":"https:\/\/ffyh.unc.edu.ar\/extension\/#organization","name":"Secretar\u00eda de Extensi\u00f3n - Facultad de Filosof\u00eda y Humanidades - Universidad Nacional de C\u00f3rdoba","url":"https:\/\/ffyh.unc.edu.ar\/extension\/","logo":{"@type":"ImageObject","inLanguage":"es","@id":"https:\/\/ffyh.unc.edu.ar\/extension\/#\/schema\/logo\/image\/","url":"https:\/\/ffyh.unc.edu.ar\/extension\/wp-content\/uploads\/sites\/2\/2018\/08\/logo-extension-chico.jpg","contentUrl":"https:\/\/ffyh.unc.edu.ar\/extension\/wp-content\/uploads\/sites\/2\/2018\/08\/logo-extension-chico.jpg","width":314,"height":119,"caption":"Secretar\u00eda de Extensi\u00f3n - Facultad de Filosof\u00eda y Humanidades - Universidad Nacional de C\u00f3rdoba"},"image":{"@id":"https:\/\/ffyh.unc.edu.ar\/extension\/#\/schema\/logo\/image\/"},"sameAs":["https:\/\/www.facebook.com\/extensionffyh","https:\/\/www.instagram.com\/extensionffyh\/","https:\/\/www.youtube.com\/channel\/UCTgN4nvMQE7ktBcgujEI-EA"]},{"@type":"Person","@id":"https:\/\/ffyh.unc.edu.ar\/extension\/#\/schema\/person\/c429cdff3a192a7081944182246c3689","name":"extension","url":"https:\/\/ffyh.unc.edu.ar\/extension\/author\/extension\/"}]}},"jetpack_featured_media_url":"https:\/\/ffyh.unc.edu.ar\/extension\/wp-content\/uploads\/sites\/2\/2024\/10\/WhatsApp-Image-2024-10-04-at-13.30.22-1.jpeg","_links":{"self":[{"href":"https:\/\/ffyh.unc.edu.ar\/extension\/wp-json\/wp\/v2\/posts\/7083","targetHints":{"allow":["GET"]}}],"collection":[{"href":"https:\/\/ffyh.unc.edu.ar\/extension\/wp-json\/wp\/v2\/posts"}],"about":[{"href":"https:\/\/ffyh.unc.edu.ar\/extension\/wp-json\/wp\/v2\/types\/post"}],"author":[{"embeddable":true,"href":"https:\/\/ffyh.unc.edu.ar\/extension\/wp-json\/wp\/v2\/users\/3"}],"replies":[{"embeddable":true,"href":"https:\/\/ffyh.unc.edu.ar\/extension\/wp-json\/wp\/v2\/comments?post=7083"}],"version-history":[{"count":2,"href":"https:\/\/ffyh.unc.edu.ar\/extension\/wp-json\/wp\/v2\/posts\/7083\/revisions"}],"predecessor-version":[{"id":7412,"href":"https:\/\/ffyh.unc.edu.ar\/extension\/wp-json\/wp\/v2\/posts\/7083\/revisions\/7412"}],"wp:featuredmedia":[{"embeddable":true,"href":"https:\/\/ffyh.unc.edu.ar\/extension\/wp-json\/wp\/v2\/media\/7409"}],"wp:attachment":[{"href":"https:\/\/ffyh.unc.edu.ar\/extension\/wp-json\/wp\/v2\/media?parent=7083"}],"wp:term":[{"taxonomy":"category","embeddable":true,"href":"https:\/\/ffyh.unc.edu.ar\/extension\/wp-json\/wp\/v2\/categories?post=7083"},{"taxonomy":"post_tag","embeddable":true,"href":"https:\/\/ffyh.unc.edu.ar\/extension\/wp-json\/wp\/v2\/tags?post=7083"}],"curies":[{"name":"wp","href":"https:\/\/api.w.org\/{rel}","templated":true}]}}