{"id":7466,"date":"2024-11-05T13:00:06","date_gmt":"2024-11-05T13:00:06","guid":{"rendered":"https:\/\/ffyh.unc.edu.ar\/extension\/?p=7466"},"modified":"2024-11-05T16:03:37","modified_gmt":"2024-11-05T16:03:37","slug":"botines-con-memoria-charla-taller-sobre-el-futbol-durante-la-dictadura-en-la-cordoba-del-terror-de-estado","status":"publish","type":"post","link":"https:\/\/ffyh.unc.edu.ar\/extension\/2024\/11\/05\/botines-con-memoria-charla-taller-sobre-el-futbol-durante-la-dictadura-en-la-cordoba-del-terror-de-estado\/","title":{"rendered":"Botines con memoria: charla taller sobre el f\u00fatbol durante la dictadura en la C\u00f3rdoba del terror de estado"},"content":{"rendered":"<p><em>La actividad ser\u00e1 el viernes 8 de noviembre a las 18 hs. en el centro cultural \u00abTinku arte\u00bb<\/em><\/p>\n<p><!--more--><\/p>\n<p>Desde el equipo del seminario y proyecto integral de extensi\u00f3n \u00abLa pelota no se mancha? F\u00fatbol y dictadura en la C\u00f3rdoba del terror de estado\u00bb, invitamos al espacio de charla-taller que se realizar\u00e1 este viernes 8 de noviembre a las 18hs en el Centro Cultural \u00abTinku Arte\u00bb, ubicado en la calle Baigorri 950 en\u00a0 el barrio de Alta C\u00f3rdoba.<\/p>\n<p>Durante la jornada se abordaran algunos de los t\u00f3picos que venimos trabajando en el seminario, con la intenci\u00f3n de ponerlos en dialogo con actores externos a la universidad, y de generar discusiones en torno al f\u00fatbol y la memoria en la que puedan participar lxs vecinos y todo aqu\u00e9l que quiera sumarse.<\/p>\n<p><img loading=\"lazy\" decoding=\"async\" class=\"alignnone wp-image-7467 size-large\" src=\"http:\/\/ffyh.unc.edu.ar\/extension\/wp-content\/uploads\/sites\/2\/2024\/11\/botines-1024x1024.jpeg\" alt=\"\" width=\"800\" height=\"800\" srcset=\"https:\/\/ffyh.unc.edu.ar\/extension\/wp-content\/uploads\/sites\/2\/2024\/11\/botines-1024x1024.jpeg 1024w, https:\/\/ffyh.unc.edu.ar\/extension\/wp-content\/uploads\/sites\/2\/2024\/11\/botines-300x300.jpeg 300w, https:\/\/ffyh.unc.edu.ar\/extension\/wp-content\/uploads\/sites\/2\/2024\/11\/botines-150x150.jpeg 150w, https:\/\/ffyh.unc.edu.ar\/extension\/wp-content\/uploads\/sites\/2\/2024\/11\/botines-768x768.jpeg 768w, https:\/\/ffyh.unc.edu.ar\/extension\/wp-content\/uploads\/sites\/2\/2024\/11\/botines.jpeg 1080w\" sizes=\"auto, (max-width: 800px) 100vw, 800px\" \/><\/p>\n","protected":false},"excerpt":{"rendered":"<p>La actividad ser\u00e1 el viernes 8 de noviembre a las 18 hs. en el centro cultural \u00abTinku arte\u00bb<\/p>\n","protected":false},"author":3,"featured_media":7468,"comment_status":"closed","ping_status":"closed","sticky":false,"template":"","format":"standard","meta":{"_acf_changed":false,"colormag_page_container_layout":"default_layout","colormag_page_sidebar_layout":"default_layout","footnotes":""},"categories":[5,12],"tags":[],"class_list":["post-7466","post","type-post","status-publish","format-standard","has-post-thumbnail","hentry","category-congresos-jornadas-2","category-noticias"],"acf":[],"yoast_head":"<!-- This site is optimized with the Yoast SEO plugin v27.1.1 - https:\/\/yoast.com\/product\/yoast-seo-wordpress\/ -->\n<title>Botines con memoria: charla taller sobre el f\u00fatbol durante la dictadura en la C\u00f3rdoba del terror de estado - Secretar\u00eda de Extensi\u00f3n<\/title>\n<meta name=\"robots\" content=\"index, follow, max-snippet:-1, max-image-preview:large, max-video-preview:-1\" \/>\n<link rel=\"canonical\" href=\"https:\/\/ffyh.unc.edu.ar\/extension\/2024\/11\/05\/botines-con-memoria-charla-taller-sobre-el-futbol-durante-la-dictadura-en-la-cordoba-del-terror-de-estado\/\" \/>\n<meta property=\"og:locale\" content=\"es_ES\" \/>\n<meta property=\"og:type\" content=\"article\" \/>\n<meta property=\"og:title\" content=\"Botines con memoria: charla taller sobre el f\u00fatbol durante la dictadura en la C\u00f3rdoba del terror de estado - Secretar\u00eda de Extensi\u00f3n\" \/>\n<meta property=\"og:description\" content=\"La actividad ser\u00e1 el viernes 8 de noviembre a las 18 hs. en el centro cultural \u00abTinku arte\u00bb\" \/>\n<meta property=\"og:url\" content=\"https:\/\/ffyh.unc.edu.ar\/extension\/2024\/11\/05\/botines-con-memoria-charla-taller-sobre-el-futbol-durante-la-dictadura-en-la-cordoba-del-terror-de-estado\/\" \/>\n<meta property=\"og:site_name\" content=\"Secretar\u00eda de Extensi\u00f3n\" \/>\n<meta property=\"article:publisher\" content=\"https:\/\/www.facebook.com\/extensionffyh\" \/>\n<meta property=\"article:published_time\" content=\"2024-11-05T13:00:06+00:00\" \/>\n<meta property=\"article:modified_time\" content=\"2024-11-05T16:03:37+00:00\" \/>\n<meta property=\"og:image\" content=\"http:\/\/ffyh.unc.edu.ar\/extension\/wp-content\/uploads\/sites\/2\/2024\/11\/botinesweb.jpg\" \/>\n\t<meta property=\"og:image:width\" content=\"800\" \/>\n\t<meta property=\"og:image:height\" content=\"420\" \/>\n\t<meta property=\"og:image:type\" content=\"image\/jpeg\" \/>\n<meta name=\"author\" content=\"extension\" \/>\n<meta name=\"twitter:card\" content=\"summary_large_image\" \/>\n<meta name=\"twitter:label1\" content=\"Escrito por\" \/>\n\t<meta name=\"twitter:data1\" content=\"\" \/>\n\t<meta name=\"twitter:label2\" content=\"Tiempo de lectura\" \/>\n\t<meta name=\"twitter:data2\" content=\"1 minuto\" \/>\n<script type=\"application\/ld+json\" class=\"yoast-schema-graph\">{\"@context\":\"https:\/\/schema.org\",\"@graph\":[{\"@type\":\"Article\",\"@id\":\"https:\/\/ffyh.unc.edu.ar\/extension\/2024\/11\/05\/botines-con-memoria-charla-taller-sobre-el-futbol-durante-la-dictadura-en-la-cordoba-del-terror-de-estado\/#article\",\"isPartOf\":{\"@id\":\"https:\/\/ffyh.unc.edu.ar\/extension\/2024\/11\/05\/botines-con-memoria-charla-taller-sobre-el-futbol-durante-la-dictadura-en-la-cordoba-del-terror-de-estado\/\"},\"author\":{\"name\":\"extension\",\"@id\":\"https:\/\/ffyh.unc.edu.ar\/extension\/#\/schema\/person\/c429cdff3a192a7081944182246c3689\"},\"headline\":\"Botines con memoria: charla taller sobre el f\u00fatbol durante la dictadura en la C\u00f3rdoba del terror de estado\",\"datePublished\":\"2024-11-05T13:00:06+00:00\",\"dateModified\":\"2024-11-05T16:03:37+00:00\",\"mainEntityOfPage\":{\"@id\":\"https:\/\/ffyh.unc.edu.ar\/extension\/2024\/11\/05\/botines-con-memoria-charla-taller-sobre-el-futbol-durante-la-dictadura-en-la-cordoba-del-terror-de-estado\/\"},\"wordCount\":153,\"publisher\":{\"@id\":\"https:\/\/ffyh.unc.edu.ar\/extension\/#organization\"},\"image\":{\"@id\":\"https:\/\/ffyh.unc.edu.ar\/extension\/2024\/11\/05\/botines-con-memoria-charla-taller-sobre-el-futbol-durante-la-dictadura-en-la-cordoba-del-terror-de-estado\/#primaryimage\"},\"thumbnailUrl\":\"https:\/\/ffyh.unc.edu.ar\/extension\/wp-content\/uploads\/sites\/2\/2024\/11\/botinesweb.jpg\",\"articleSection\":[\"Congresos, jornadas, charlas y conferencias\",\"Noticias\"],\"inLanguage\":\"es\"},{\"@type\":\"WebPage\",\"@id\":\"https:\/\/ffyh.unc.edu.ar\/extension\/2024\/11\/05\/botines-con-memoria-charla-taller-sobre-el-futbol-durante-la-dictadura-en-la-cordoba-del-terror-de-estado\/\",\"url\":\"https:\/\/ffyh.unc.edu.ar\/extension\/2024\/11\/05\/botines-con-memoria-charla-taller-sobre-el-futbol-durante-la-dictadura-en-la-cordoba-del-terror-de-estado\/\",\"name\":\"Botines con memoria: charla taller sobre el f\u00fatbol durante la dictadura en la C\u00f3rdoba del terror de estado - Secretar\u00eda de Extensi\u00f3n\",\"isPartOf\":{\"@id\":\"https:\/\/ffyh.unc.edu.ar\/extension\/#website\"},\"primaryImageOfPage\":{\"@id\":\"https:\/\/ffyh.unc.edu.ar\/extension\/2024\/11\/05\/botines-con-memoria-charla-taller-sobre-el-futbol-durante-la-dictadura-en-la-cordoba-del-terror-de-estado\/#primaryimage\"},\"image\":{\"@id\":\"https:\/\/ffyh.unc.edu.ar\/extension\/2024\/11\/05\/botines-con-memoria-charla-taller-sobre-el-futbol-durante-la-dictadura-en-la-cordoba-del-terror-de-estado\/#primaryimage\"},\"thumbnailUrl\":\"https:\/\/ffyh.unc.edu.ar\/extension\/wp-content\/uploads\/sites\/2\/2024\/11\/botinesweb.jpg\",\"datePublished\":\"2024-11-05T13:00:06+00:00\",\"dateModified\":\"2024-11-05T16:03:37+00:00\",\"breadcrumb\":{\"@id\":\"https:\/\/ffyh.unc.edu.ar\/extension\/2024\/11\/05\/botines-con-memoria-charla-taller-sobre-el-futbol-durante-la-dictadura-en-la-cordoba-del-terror-de-estado\/#breadcrumb\"},\"inLanguage\":\"es\",\"potentialAction\":[{\"@type\":\"ReadAction\",\"target\":[\"https:\/\/ffyh.unc.edu.ar\/extension\/2024\/11\/05\/botines-con-memoria-charla-taller-sobre-el-futbol-durante-la-dictadura-en-la-cordoba-del-terror-de-estado\/\"]}]},{\"@type\":\"ImageObject\",\"inLanguage\":\"es\",\"@id\":\"https:\/\/ffyh.unc.edu.ar\/extension\/2024\/11\/05\/botines-con-memoria-charla-taller-sobre-el-futbol-durante-la-dictadura-en-la-cordoba-del-terror-de-estado\/#primaryimage\",\"url\":\"https:\/\/ffyh.unc.edu.ar\/extension\/wp-content\/uploads\/sites\/2\/2024\/11\/botinesweb.jpg\",\"contentUrl\":\"https:\/\/ffyh.unc.edu.ar\/extension\/wp-content\/uploads\/sites\/2\/2024\/11\/botinesweb.jpg\",\"width\":800,\"height\":420},{\"@type\":\"BreadcrumbList\",\"@id\":\"https:\/\/ffyh.unc.edu.ar\/extension\/2024\/11\/05\/botines-con-memoria-charla-taller-sobre-el-futbol-durante-la-dictadura-en-la-cordoba-del-terror-de-estado\/#breadcrumb\",\"itemListElement\":[{\"@type\":\"ListItem\",\"position\":1,\"name\":\"Portada\",\"item\":\"https:\/\/ffyh.unc.edu.ar\/extension\/\"},{\"@type\":\"ListItem\",\"position\":2,\"name\":\"Botines con memoria: charla taller sobre el f\u00fatbol durante la dictadura en la C\u00f3rdoba del terror de estado\"}]},{\"@type\":\"WebSite\",\"@id\":\"https:\/\/ffyh.unc.edu.ar\/extension\/#website\",\"url\":\"https:\/\/ffyh.unc.edu.ar\/extension\/\",\"name\":\"Secretar\u00eda de Extensi\u00f3n\",\"description\":\"Facultad de Filosof\u00eda y Humanidades - Universidad Nacional de C\u00f3rdoba\",\"publisher\":{\"@id\":\"https:\/\/ffyh.unc.edu.ar\/extension\/#organization\"},\"potentialAction\":[{\"@type\":\"SearchAction\",\"target\":{\"@type\":\"EntryPoint\",\"urlTemplate\":\"https:\/\/ffyh.unc.edu.ar\/extension\/?s={search_term_string}\"},\"query-input\":{\"@type\":\"PropertyValueSpecification\",\"valueRequired\":true,\"valueName\":\"search_term_string\"}}],\"inLanguage\":\"es\"},{\"@type\":\"Organization\",\"@id\":\"https:\/\/ffyh.unc.edu.ar\/extension\/#organization\",\"name\":\"Secretar\u00eda de Extensi\u00f3n - Facultad de Filosof\u00eda y Humanidades - Universidad Nacional de C\u00f3rdoba\",\"url\":\"https:\/\/ffyh.unc.edu.ar\/extension\/\",\"logo\":{\"@type\":\"ImageObject\",\"inLanguage\":\"es\",\"@id\":\"https:\/\/ffyh.unc.edu.ar\/extension\/#\/schema\/logo\/image\/\",\"url\":\"https:\/\/ffyh.unc.edu.ar\/extension\/wp-content\/uploads\/sites\/2\/2018\/08\/logo-extension-chico.jpg\",\"contentUrl\":\"https:\/\/ffyh.unc.edu.ar\/extension\/wp-content\/uploads\/sites\/2\/2018\/08\/logo-extension-chico.jpg\",\"width\":314,\"height\":119,\"caption\":\"Secretar\u00eda de Extensi\u00f3n - Facultad de Filosof\u00eda y Humanidades - Universidad Nacional de C\u00f3rdoba\"},\"image\":{\"@id\":\"https:\/\/ffyh.unc.edu.ar\/extension\/#\/schema\/logo\/image\/\"},\"sameAs\":[\"https:\/\/www.facebook.com\/extensionffyh\",\"https:\/\/www.instagram.com\/extensionffyh\/\",\"https:\/\/www.youtube.com\/channel\/UCTgN4nvMQE7ktBcgujEI-EA\"]},{\"@type\":\"Person\",\"@id\":\"https:\/\/ffyh.unc.edu.ar\/extension\/#\/schema\/person\/c429cdff3a192a7081944182246c3689\",\"name\":\"extension\",\"url\":\"https:\/\/ffyh.unc.edu.ar\/extension\/author\/extension\/\"}]}<\/script>\n<!-- \/ Yoast SEO plugin. -->","yoast_head_json":{"title":"Botines con memoria: charla taller sobre el f\u00fatbol durante la dictadura en la C\u00f3rdoba del terror de estado - Secretar\u00eda de Extensi\u00f3n","robots":{"index":"index","follow":"follow","max-snippet":"max-snippet:-1","max-image-preview":"max-image-preview:large","max-video-preview":"max-video-preview:-1"},"canonical":"https:\/\/ffyh.unc.edu.ar\/extension\/2024\/11\/05\/botines-con-memoria-charla-taller-sobre-el-futbol-durante-la-dictadura-en-la-cordoba-del-terror-de-estado\/","og_locale":"es_ES","og_type":"article","og_title":"Botines con memoria: charla taller sobre el f\u00fatbol durante la dictadura en la C\u00f3rdoba del terror de estado - Secretar\u00eda de Extensi\u00f3n","og_description":"La actividad ser\u00e1 el viernes 8 de noviembre a las 18 hs. en el centro cultural \u00abTinku arte\u00bb","og_url":"https:\/\/ffyh.unc.edu.ar\/extension\/2024\/11\/05\/botines-con-memoria-charla-taller-sobre-el-futbol-durante-la-dictadura-en-la-cordoba-del-terror-de-estado\/","og_site_name":"Secretar\u00eda de Extensi\u00f3n","article_publisher":"https:\/\/www.facebook.com\/extensionffyh","article_published_time":"2024-11-05T13:00:06+00:00","article_modified_time":"2024-11-05T16:03:37+00:00","og_image":[{"width":800,"height":420,"url":"http:\/\/ffyh.unc.edu.ar\/extension\/wp-content\/uploads\/sites\/2\/2024\/11\/botinesweb.jpg","type":"image\/jpeg"}],"author":"extension","twitter_card":"summary_large_image","twitter_misc":{"Escrito por":false,"Tiempo de lectura":"1 minuto"},"schema":{"@context":"https:\/\/schema.org","@graph":[{"@type":"Article","@id":"https:\/\/ffyh.unc.edu.ar\/extension\/2024\/11\/05\/botines-con-memoria-charla-taller-sobre-el-futbol-durante-la-dictadura-en-la-cordoba-del-terror-de-estado\/#article","isPartOf":{"@id":"https:\/\/ffyh.unc.edu.ar\/extension\/2024\/11\/05\/botines-con-memoria-charla-taller-sobre-el-futbol-durante-la-dictadura-en-la-cordoba-del-terror-de-estado\/"},"author":{"name":"extension","@id":"https:\/\/ffyh.unc.edu.ar\/extension\/#\/schema\/person\/c429cdff3a192a7081944182246c3689"},"headline":"Botines con memoria: charla taller sobre el f\u00fatbol durante la dictadura en la C\u00f3rdoba del terror de estado","datePublished":"2024-11-05T13:00:06+00:00","dateModified":"2024-11-05T16:03:37+00:00","mainEntityOfPage":{"@id":"https:\/\/ffyh.unc.edu.ar\/extension\/2024\/11\/05\/botines-con-memoria-charla-taller-sobre-el-futbol-durante-la-dictadura-en-la-cordoba-del-terror-de-estado\/"},"wordCount":153,"publisher":{"@id":"https:\/\/ffyh.unc.edu.ar\/extension\/#organization"},"image":{"@id":"https:\/\/ffyh.unc.edu.ar\/extension\/2024\/11\/05\/botines-con-memoria-charla-taller-sobre-el-futbol-durante-la-dictadura-en-la-cordoba-del-terror-de-estado\/#primaryimage"},"thumbnailUrl":"https:\/\/ffyh.unc.edu.ar\/extension\/wp-content\/uploads\/sites\/2\/2024\/11\/botinesweb.jpg","articleSection":["Congresos, jornadas, charlas y conferencias","Noticias"],"inLanguage":"es"},{"@type":"WebPage","@id":"https:\/\/ffyh.unc.edu.ar\/extension\/2024\/11\/05\/botines-con-memoria-charla-taller-sobre-el-futbol-durante-la-dictadura-en-la-cordoba-del-terror-de-estado\/","url":"https:\/\/ffyh.unc.edu.ar\/extension\/2024\/11\/05\/botines-con-memoria-charla-taller-sobre-el-futbol-durante-la-dictadura-en-la-cordoba-del-terror-de-estado\/","name":"Botines con memoria: charla taller sobre el f\u00fatbol durante la dictadura en la C\u00f3rdoba del terror de estado - Secretar\u00eda de Extensi\u00f3n","isPartOf":{"@id":"https:\/\/ffyh.unc.edu.ar\/extension\/#website"},"primaryImageOfPage":{"@id":"https:\/\/ffyh.unc.edu.ar\/extension\/2024\/11\/05\/botines-con-memoria-charla-taller-sobre-el-futbol-durante-la-dictadura-en-la-cordoba-del-terror-de-estado\/#primaryimage"},"image":{"@id":"https:\/\/ffyh.unc.edu.ar\/extension\/2024\/11\/05\/botines-con-memoria-charla-taller-sobre-el-futbol-durante-la-dictadura-en-la-cordoba-del-terror-de-estado\/#primaryimage"},"thumbnailUrl":"https:\/\/ffyh.unc.edu.ar\/extension\/wp-content\/uploads\/sites\/2\/2024\/11\/botinesweb.jpg","datePublished":"2024-11-05T13:00:06+00:00","dateModified":"2024-11-05T16:03:37+00:00","breadcrumb":{"@id":"https:\/\/ffyh.unc.edu.ar\/extension\/2024\/11\/05\/botines-con-memoria-charla-taller-sobre-el-futbol-durante-la-dictadura-en-la-cordoba-del-terror-de-estado\/#breadcrumb"},"inLanguage":"es","potentialAction":[{"@type":"ReadAction","target":["https:\/\/ffyh.unc.edu.ar\/extension\/2024\/11\/05\/botines-con-memoria-charla-taller-sobre-el-futbol-durante-la-dictadura-en-la-cordoba-del-terror-de-estado\/"]}]},{"@type":"ImageObject","inLanguage":"es","@id":"https:\/\/ffyh.unc.edu.ar\/extension\/2024\/11\/05\/botines-con-memoria-charla-taller-sobre-el-futbol-durante-la-dictadura-en-la-cordoba-del-terror-de-estado\/#primaryimage","url":"https:\/\/ffyh.unc.edu.ar\/extension\/wp-content\/uploads\/sites\/2\/2024\/11\/botinesweb.jpg","contentUrl":"https:\/\/ffyh.unc.edu.ar\/extension\/wp-content\/uploads\/sites\/2\/2024\/11\/botinesweb.jpg","width":800,"height":420},{"@type":"BreadcrumbList","@id":"https:\/\/ffyh.unc.edu.ar\/extension\/2024\/11\/05\/botines-con-memoria-charla-taller-sobre-el-futbol-durante-la-dictadura-en-la-cordoba-del-terror-de-estado\/#breadcrumb","itemListElement":[{"@type":"ListItem","position":1,"name":"Portada","item":"https:\/\/ffyh.unc.edu.ar\/extension\/"},{"@type":"ListItem","position":2,"name":"Botines con memoria: charla taller sobre el f\u00fatbol durante la dictadura en la C\u00f3rdoba del terror de estado"}]},{"@type":"WebSite","@id":"https:\/\/ffyh.unc.edu.ar\/extension\/#website","url":"https:\/\/ffyh.unc.edu.ar\/extension\/","name":"Secretar\u00eda de Extensi\u00f3n","description":"Facultad de Filosof\u00eda y Humanidades - Universidad Nacional de C\u00f3rdoba","publisher":{"@id":"https:\/\/ffyh.unc.edu.ar\/extension\/#organization"},"potentialAction":[{"@type":"SearchAction","target":{"@type":"EntryPoint","urlTemplate":"https:\/\/ffyh.unc.edu.ar\/extension\/?s={search_term_string}"},"query-input":{"@type":"PropertyValueSpecification","valueRequired":true,"valueName":"search_term_string"}}],"inLanguage":"es"},{"@type":"Organization","@id":"https:\/\/ffyh.unc.edu.ar\/extension\/#organization","name":"Secretar\u00eda de Extensi\u00f3n - Facultad de Filosof\u00eda y Humanidades - Universidad Nacional de C\u00f3rdoba","url":"https:\/\/ffyh.unc.edu.ar\/extension\/","logo":{"@type":"ImageObject","inLanguage":"es","@id":"https:\/\/ffyh.unc.edu.ar\/extension\/#\/schema\/logo\/image\/","url":"https:\/\/ffyh.unc.edu.ar\/extension\/wp-content\/uploads\/sites\/2\/2018\/08\/logo-extension-chico.jpg","contentUrl":"https:\/\/ffyh.unc.edu.ar\/extension\/wp-content\/uploads\/sites\/2\/2018\/08\/logo-extension-chico.jpg","width":314,"height":119,"caption":"Secretar\u00eda de Extensi\u00f3n - Facultad de Filosof\u00eda y Humanidades - Universidad Nacional de C\u00f3rdoba"},"image":{"@id":"https:\/\/ffyh.unc.edu.ar\/extension\/#\/schema\/logo\/image\/"},"sameAs":["https:\/\/www.facebook.com\/extensionffyh","https:\/\/www.instagram.com\/extensionffyh\/","https:\/\/www.youtube.com\/channel\/UCTgN4nvMQE7ktBcgujEI-EA"]},{"@type":"Person","@id":"https:\/\/ffyh.unc.edu.ar\/extension\/#\/schema\/person\/c429cdff3a192a7081944182246c3689","name":"extension","url":"https:\/\/ffyh.unc.edu.ar\/extension\/author\/extension\/"}]}},"jetpack_featured_media_url":"https:\/\/ffyh.unc.edu.ar\/extension\/wp-content\/uploads\/sites\/2\/2024\/11\/botinesweb.jpg","_links":{"self":[{"href":"https:\/\/ffyh.unc.edu.ar\/extension\/wp-json\/wp\/v2\/posts\/7466","targetHints":{"allow":["GET"]}}],"collection":[{"href":"https:\/\/ffyh.unc.edu.ar\/extension\/wp-json\/wp\/v2\/posts"}],"about":[{"href":"https:\/\/ffyh.unc.edu.ar\/extension\/wp-json\/wp\/v2\/types\/post"}],"author":[{"embeddable":true,"href":"https:\/\/ffyh.unc.edu.ar\/extension\/wp-json\/wp\/v2\/users\/3"}],"replies":[{"embeddable":true,"href":"https:\/\/ffyh.unc.edu.ar\/extension\/wp-json\/wp\/v2\/comments?post=7466"}],"version-history":[{"count":1,"href":"https:\/\/ffyh.unc.edu.ar\/extension\/wp-json\/wp\/v2\/posts\/7466\/revisions"}],"predecessor-version":[{"id":7469,"href":"https:\/\/ffyh.unc.edu.ar\/extension\/wp-json\/wp\/v2\/posts\/7466\/revisions\/7469"}],"wp:featuredmedia":[{"embeddable":true,"href":"https:\/\/ffyh.unc.edu.ar\/extension\/wp-json\/wp\/v2\/media\/7468"}],"wp:attachment":[{"href":"https:\/\/ffyh.unc.edu.ar\/extension\/wp-json\/wp\/v2\/media?parent=7466"}],"wp:term":[{"taxonomy":"category","embeddable":true,"href":"https:\/\/ffyh.unc.edu.ar\/extension\/wp-json\/wp\/v2\/categories?post=7466"},{"taxonomy":"post_tag","embeddable":true,"href":"https:\/\/ffyh.unc.edu.ar\/extension\/wp-json\/wp\/v2\/tags?post=7466"}],"curies":[{"name":"wp","href":"https:\/\/api.w.org\/{rel}","templated":true}]}}