{"id":7614,"date":"2025-08-22T10:00:50","date_gmt":"2025-08-22T10:00:50","guid":{"rendered":"https:\/\/ffyh.unc.edu.ar\/extension\/?p=7614"},"modified":"2025-08-22T15:43:57","modified_gmt":"2025-08-22T15:43:57","slug":"convocatoria-de-la-revista-ee-disputar-libertades-garantizar-derechos-tareas-de-la-extension-universitaria","status":"publish","type":"post","link":"https:\/\/ffyh.unc.edu.ar\/extension\/2025\/08\/22\/convocatoria-de-la-revista-ee-disputar-libertades-garantizar-derechos-tareas-de-la-extension-universitaria\/","title":{"rendered":"Pr\u00f3rroga en la convocatoria de la revista E+E: \u00abDisputar libertades, garantizar derechos: tareas de la extensi\u00f3n universitaria\u00bb"},"content":{"rendered":"<p><em>Informamos que se extiende<strong> hasta el viernes 19 de septiembre<\/strong>\u00a0la convocatoria para publicar en el volumen 12, n\u00famero 20 de la revista E+E: estudios de extensi\u00f3n en humanidades. Este nuevo n\u00famero se publicar\u00e1 en diciembre de 2025 y llevar\u00e1 por t\u00edtulo \u00abDisputar libertades, garantizar derechos: tareas de la extensi\u00f3n universitaria\u00bb. La tem\u00e1tica de este dossier comprende tambi\u00e9n al N\u00b0 19 del Volumen 12 de la revista que se public\u00f3 el pasado mes de junio.<br \/>\n<\/em><\/p>\n<p><!--more--><\/p>\n<h5 style=\"text-align: left\"><strong>Disputar libertades, garantizar derechos: tareas de la extensi\u00f3n universitaria <\/strong><strong><i>(diciembre 2025)<\/i><\/strong><\/h5>\n<p><span style=\"font-weight: 400\">Como venimos reflexionando desde el \u00faltimo n\u00famero de la revista, si entendemos las tareas extensionistas como un espacio de co-construcci\u00f3n de saberes profundamente enraizado no s\u00f3lo en las problem\u00e1ticas y necesidades sociales sino tambi\u00e9n en las posibilidades, deseos y proyectos que componen el tejido social, las crisis nos exigen revisar estas tareas permanentemente. En ese sentido, las pr\u00e1cticas extensionistas constituyen focos de experiencias en los que se revela c\u00f3mo una vida digna y libre de violencias requiere el ejercicio entramado de distintos derechos \u2012adquiridos y por conquistar\u2012, y as\u00ed la extensi\u00f3n universitaria participa en la disputa por los sentidos de aquello que nos hace libres, como en las estrategias colectivas para garantizar, promover y ampliar derechos.<\/span><\/p>\n<p><span style=\"font-weight: 400\"><img loading=\"lazy\" decoding=\"async\" class=\"alignnone wp-image-7619 size-large\" src=\"http:\/\/ffyh.unc.edu.ar\/extension\/wp-content\/uploads\/sites\/2\/2025\/02\/FOTO1-1024x499.jpg\" alt=\"\" width=\"800\" height=\"390\" srcset=\"https:\/\/ffyh.unc.edu.ar\/extension\/wp-content\/uploads\/sites\/2\/2025\/02\/FOTO1-1024x499.jpg 1024w, https:\/\/ffyh.unc.edu.ar\/extension\/wp-content\/uploads\/sites\/2\/2025\/02\/FOTO1-300x146.jpg 300w, https:\/\/ffyh.unc.edu.ar\/extension\/wp-content\/uploads\/sites\/2\/2025\/02\/FOTO1-768x374.jpg 768w, https:\/\/ffyh.unc.edu.ar\/extension\/wp-content\/uploads\/sites\/2\/2025\/02\/FOTO1-1536x749.jpg 1536w, https:\/\/ffyh.unc.edu.ar\/extension\/wp-content\/uploads\/sites\/2\/2025\/02\/FOTO1.jpg 1600w\" sizes=\"auto, (max-width: 800px) 100vw, 800px\" \/><\/span><\/p>\n<p><span style=\"font-weight: 400\">Si bien tales disputas son propias de la vida\/existencia democr\u00e1tica, cuando se ponen en cuesti\u00f3n consensos b\u00e1sicos, t\u00e9rminos como \u201clibertad\u201d y \u201cderechos\u201d se tornan pol\u00e9micos y son atravesados por m\u00faltiples tensiones. Totalmente disociados de la idea de igualdad y emparent\u00e1ndose con la de privilegio, esas palabras se han convertido en el eje de un discurso oficial que extiende una ofensiva no solo simb\u00f3lica sino de desfinanciamiento y anulaci\u00f3n de pol\u00edticas p\u00fablicas vinculadas precisamente al ejercicio de derechos y libertades fundamentales \u2012como educaci\u00f3n y salud\u2012 y particularmente ensa\u00f1ado con las disidencias sexo-g\u00e9nericas.\u00a0<\/span><\/p>\n<p><span style=\"font-weight: 400\">Estos embates van de la mano con un singular ensamble de posiciones conservadoras, biologicistas, negacionistas, neocolonialistas y racistas amalgamadas por un fuerte desprecio del conocimiento cient\u00edfico en general y de las humanidades y ciencias sociales en particular, as\u00ed como de proyectos y saberes populares que encarnan formas de vida insumisas o alternativas al programa econ\u00f3mico, pol\u00edtico y social neoliberal. Si consideramos que la libertad es una forma de vida que producimos socialmente, el modo en que la \u201cpracticamos\u201d puede transformar las relaciones sociales, modificar las jerarqu\u00edas consolidadas y horadar las estructuras de poder, o bien, restablecer y ampliar los privilegios (\u00bflas libertades?, \u00bflos derechos?) de unxs pocxs. \u00bfC\u00f3mo entendemos la libertad y por qu\u00e9 algunos sectores intentan apropiarse de la enunciaci\u00f3n p\u00fablica de ese t\u00e9rmino?, \u00bfa qu\u00e9 libertad se refieren?, \u00bfc\u00f3mo disputamos su sentido?\u00a0<\/span><\/p>\n<p><span style=\"font-weight: 400\">En este marco, es claro que la extensi\u00f3n como funci\u00f3n sustantiva de la universidad p\u00fablica se encuentra fuertemente interpelada, pero no solo para plantear una resistencia cr\u00edtica. Se genera asimismo la oportunidad para recuperar, explicitar, poner en valor y re-interrogar los proyectos, experiencias y tareas extensionistas en sus modos de concretar, construir e imaginar las dimensiones individuales, sociales y colectivas que involucran las libertades y derechos y que nos ata\u00f1en como personas, ciudadanxs, seres vivos en relaci\u00f3n con la naturaleza y otras formas de vida, sujetxs en la variedad y complejidad de subjetivaciones que involucra nuestra existencia.\u00a0<\/span><\/p>\n<p><span style=\"font-weight: 400\">Frente a la expansi\u00f3n de discursos que hablan la lengua del mercado y el capital, de su acumulaci\u00f3n por las grandes corporaciones empresariales y la correspondiente financiarizaci\u00f3n y precarizaci\u00f3n creciente de la vida en com\u00fan, tambi\u00e9n hoy, tambi\u00e9n aqu\u00ed, existen experiencias extensionistas que ejercen la libertad de una manera que sabe relacionarse de otra forma con los dem\u00e1s y con la tierra, generando lazos de solidaridad y compromiso a favor de los procesos de transformaci\u00f3n de las sociedades.\u00a0\u00a0<\/span><\/p>\n<p><span style=\"font-weight: 400\">En este sentido, tanto la conquista de derechos como el ejercicio de las libertades, lejos de ser procesos acabados o conquistados, representan un terreno permanente de disputas, y es por eso que para este n\u00famero invitamos a reflexionar sobre lxs siguientes interrogantes: \u00bfcu\u00e1les son las respuestas concretas a esta coyuntura que ofrecen las pr\u00e1cticas extensionistas?, \u00bfde qu\u00e9 maneras la extensi\u00f3n garantiza efectivamente derechos?, \u00bfqu\u00e9 reflexiones acerca de los \u201cderechos\u201d y las \u201clibertades\u201d nos ofrecen las pr\u00e1cticas extensionistas a partir de experiencias situadas?, \u00bfc\u00f3mo puede esto contribuir a disputar los sentidos sobre los <\/span><i><span style=\"font-weight: 400\">derechos <\/span><\/i><span style=\"font-weight: 400\">y las <\/span><i><span style=\"font-weight: 400\">libertades<\/span><\/i><span style=\"font-weight: 400\">?, \u00bfc\u00f3mo materializamos la idea de libertad y el ejercicio de los derechos en nuestras pr\u00e1cticas extensionistas?, \u00bfa qu\u00e9 formas de relaci\u00f3n y de hacer comunidad aparecen asociadas?, \u00bfnos permiten interrogar el papel del Estado y de otros actores sociales?, \u00bfnos permiten hacer visible y tangible la interrelaci\u00f3n de las condiciones materiales, econ\u00f3micas, pol\u00edticas, culturales, ideol\u00f3gicas?, \u00bfhabilitan formas de intervenir ese entramado?<\/span><\/p>\n<p><span style=\"font-weight: 400\">Estas preguntas, que pueden materializarse en diversos \u00e1mbitos de intervenci\u00f3n extensionista de inter\u00e9s para nuestra revista (ambiente, educaci\u00f3n en contextos de encierro, salud, h\u00e1bitat, Educaci\u00f3n Sexual Integral, feminismos, g\u00e9neros y sexualidades, entre otras) pretenden ser una invitaci\u00f3n a reflexionar conjuntamente sobre lo que efectivamente <\/span><i><span style=\"font-weight: 400\">hace<\/span><\/i><span style=\"font-weight: 400\"> la extensi\u00f3n y sobre lo que puede ofrecer en coyunturas problem\u00e1ticas como la que atravesamos.<\/span><\/p>\n<p>Dado que, bajo las condiciones de desfinanciamiento de la universidad p\u00fablica, no se cuenta con suficientes fondos para la publicaci\u00f3n de revistas y otros materiales, las contribuciones que se env\u00eden deber\u00e1n disponer de correcci\u00f3n ortogr\u00e1fica y de estilo a cargo de lxs autorxs.<\/p>\n<h5><strong>La tem\u00e1tica de este dossier comprende al n\u00famero 19 (<a href=\"https:\/\/revistas.unc.edu.ar\/index.php\/EEH\/issue\/view\/3162\">de reciente publicaci\u00f3n)<\/a> y 20 del Volumen 12 de la revista.\u00a0<\/strong><\/h5>\n<p><strong>Recuerden que la convocatoria est\u00e1 abierta tambi\u00e9n a contribuciones de tem\u00e1tica libre que deben encuadrarse en alguna de nuestras <a href=\"https:\/\/revistas.unc.edu.ar\/index.php\/EEH\/about\">secciones<\/a>.<\/strong><\/p>\n<hr \/>\n<p><b>Convocatoria N\u00b0 20 (diciembre 2025)<\/b><span style=\"font-weight: 400\">: <del>del 28 de julio al 25 de agosto de 2025\u00a0<\/del><\/span><\/p>\n<p><span style=\"color: #ff0000\"><strong>Pr\u00f3rroga: viernes 19 de septiembre de 2025<\/strong><\/span><\/p>\n<hr \/>\n<p><strong><a href=\"https:\/\/revistas.unc.edu.ar\/index.php\/EEH\/about\/submissions\" target=\"_blank\" rel=\"noopener\">Directrices para autorxs<\/a><\/strong><\/p>\n<p><a href=\"https:\/\/drive.google.com\/file\/d\/1TYn4cfZe7LgG56js0I-TWOnPsYrIhHrM\/view?usp=sharing\"><strong>Descargar Convocatoria al N\u00b0 20 en PDF<\/strong><\/a><\/p>\n<p><a href=\"https:\/\/docs.google.com\/document\/d\/1BElz8TBNQPAP-E0O_P4vHdhxKZGme3_k\/edit?usp=sharing&amp;ouid=101249240997814209911&amp;rtpof=true&amp;sd=true\"><strong>Descargar la plantilla para la postulaci\u00f3n de trabajos<\/strong><\/a><\/p>\n<p><strong>Env\u00edo de art\u00edculos:\u00a0<\/strong><a href=\"mailto:revistaemase@gmail.com\">revistaemase@gmail.com<\/a><\/p>\n<p>Acced\u00e9 a la informaci\u00f3n completa desde el <a href=\"https:\/\/revistas.unc.edu.ar\/index.php\/EEH\/\">repositorio de revistas cient\u00edficas de la UNC<\/a><\/p>\n<p><a href=\"https:\/\/ffyh.unc.edu.ar\/extension\/2025\/07\/23\/convocatoria-de-la-revista-ee-disputar-libertades-garantizar-derechos-tareas-de-la-extension-universitaria\/prorrogaconvocatora20\/\" rel=\"attachment wp-att-8932\"><img loading=\"lazy\" decoding=\"async\" class=\"alignnone wp-image-8932 size-large\" src=\"http:\/\/ffyh.unc.edu.ar\/extension\/wp-content\/uploads\/sites\/2\/2025\/07\/prorrogaconvocatora20-982x1024.jpg\" alt=\"\" width=\"800\" height=\"834\" srcset=\"https:\/\/ffyh.unc.edu.ar\/extension\/wp-content\/uploads\/sites\/2\/2025\/07\/prorrogaconvocatora20-982x1024.jpg 982w, https:\/\/ffyh.unc.edu.ar\/extension\/wp-content\/uploads\/sites\/2\/2025\/07\/prorrogaconvocatora20-288x300.jpg 288w, https:\/\/ffyh.unc.edu.ar\/extension\/wp-content\/uploads\/sites\/2\/2025\/07\/prorrogaconvocatora20-768x801.jpg 768w, https:\/\/ffyh.unc.edu.ar\/extension\/wp-content\/uploads\/sites\/2\/2025\/07\/prorrogaconvocatora20.jpg 1024w\" sizes=\"auto, (max-width: 800px) 100vw, 800px\" \/><\/a><\/p>\n","protected":false},"excerpt":{"rendered":"<p>Informamos que se extiende hasta el viernes 19 de septiembre\u00a0la convocatoria para publicar en el volumen 12, n\u00famero 20 de<\/p>\n","protected":false},"author":3,"featured_media":8933,"comment_status":"closed","ping_status":"closed","sticky":false,"template":"","format":"standard","meta":{"_acf_changed":false,"colormag_page_container_layout":"default_layout","colormag_page_sidebar_layout":"default_layout","footnotes":""},"categories":[17,12,53,56],"tags":[],"class_list":["post-7614","post","type-post","status-publish","format-standard","has-post-thumbnail","hentry","category-convocatorias","category-noticias","category-publicaciones","category-revista-ee"],"acf":[],"yoast_head":"<!-- This site is optimized with the Yoast SEO plugin v27.1.1 - https:\/\/yoast.com\/product\/yoast-seo-wordpress\/ -->\n<title>Pr\u00f3rroga en la convocatoria de la revista E+E: \u00abDisputar libertades, garantizar derechos: tareas de la extensi\u00f3n universitaria\u00bb - Secretar\u00eda de Extensi\u00f3n<\/title>\n<meta name=\"robots\" content=\"index, follow, max-snippet:-1, max-image-preview:large, max-video-preview:-1\" \/>\n<link rel=\"canonical\" href=\"https:\/\/ffyh.unc.edu.ar\/extension\/2025\/08\/22\/convocatoria-de-la-revista-ee-disputar-libertades-garantizar-derechos-tareas-de-la-extension-universitaria\/\" \/>\n<meta property=\"og:locale\" content=\"es_ES\" \/>\n<meta property=\"og:type\" content=\"article\" \/>\n<meta property=\"og:title\" content=\"Pr\u00f3rroga en la convocatoria de la revista E+E: \u00abDisputar libertades, garantizar derechos: tareas de la extensi\u00f3n universitaria\u00bb - Secretar\u00eda de Extensi\u00f3n\" \/>\n<meta property=\"og:description\" content=\"Informamos que se extiende hasta el viernes 19 de septiembre\u00a0la convocatoria para publicar en el volumen 12, n\u00famero 20 de\" \/>\n<meta property=\"og:url\" content=\"https:\/\/ffyh.unc.edu.ar\/extension\/2025\/08\/22\/convocatoria-de-la-revista-ee-disputar-libertades-garantizar-derechos-tareas-de-la-extension-universitaria\/\" \/>\n<meta property=\"og:site_name\" content=\"Secretar\u00eda de Extensi\u00f3n\" \/>\n<meta property=\"article:publisher\" content=\"https:\/\/www.facebook.com\/extensionffyh\" \/>\n<meta property=\"article:published_time\" content=\"2025-08-22T10:00:50+00:00\" \/>\n<meta property=\"article:modified_time\" content=\"2025-08-22T15:43:57+00:00\" \/>\n<meta property=\"og:image\" content=\"http:\/\/ffyh.unc.edu.ar\/extension\/wp-content\/uploads\/sites\/2\/2025\/07\/web-prorrogan20.jpg\" \/>\n\t<meta property=\"og:image:width\" content=\"800\" \/>\n\t<meta property=\"og:image:height\" content=\"420\" \/>\n\t<meta property=\"og:image:type\" content=\"image\/jpeg\" \/>\n<meta name=\"author\" content=\"extension\" \/>\n<meta name=\"twitter:card\" content=\"summary_large_image\" \/>\n<meta name=\"twitter:label1\" content=\"Escrito por\" \/>\n\t<meta name=\"twitter:data1\" content=\"\" \/>\n\t<meta name=\"twitter:label2\" content=\"Tiempo de lectura\" \/>\n\t<meta name=\"twitter:data2\" content=\"5 minutos\" \/>\n<script type=\"application\/ld+json\" class=\"yoast-schema-graph\">{\"@context\":\"https:\/\/schema.org\",\"@graph\":[{\"@type\":\"Article\",\"@id\":\"https:\/\/ffyh.unc.edu.ar\/extension\/2025\/08\/22\/convocatoria-de-la-revista-ee-disputar-libertades-garantizar-derechos-tareas-de-la-extension-universitaria\/#article\",\"isPartOf\":{\"@id\":\"https:\/\/ffyh.unc.edu.ar\/extension\/2025\/08\/22\/convocatoria-de-la-revista-ee-disputar-libertades-garantizar-derechos-tareas-de-la-extension-universitaria\/\"},\"author\":{\"name\":\"extension\",\"@id\":\"https:\/\/ffyh.unc.edu.ar\/extension\/#\/schema\/person\/c429cdff3a192a7081944182246c3689\"},\"headline\":\"Pr\u00f3rroga en la convocatoria de la revista E+E: \u00abDisputar libertades, garantizar derechos: tareas de la extensi\u00f3n universitaria\u00bb\",\"datePublished\":\"2025-08-22T10:00:50+00:00\",\"dateModified\":\"2025-08-22T15:43:57+00:00\",\"mainEntityOfPage\":{\"@id\":\"https:\/\/ffyh.unc.edu.ar\/extension\/2025\/08\/22\/convocatoria-de-la-revista-ee-disputar-libertades-garantizar-derechos-tareas-de-la-extension-universitaria\/\"},\"wordCount\":1059,\"publisher\":{\"@id\":\"https:\/\/ffyh.unc.edu.ar\/extension\/#organization\"},\"image\":{\"@id\":\"https:\/\/ffyh.unc.edu.ar\/extension\/2025\/08\/22\/convocatoria-de-la-revista-ee-disputar-libertades-garantizar-derechos-tareas-de-la-extension-universitaria\/#primaryimage\"},\"thumbnailUrl\":\"https:\/\/ffyh.unc.edu.ar\/extension\/wp-content\/uploads\/sites\/2\/2025\/07\/web-prorrogan20.jpg\",\"articleSection\":[\"Convocatorias\",\"Noticias\",\"Publicaciones\",\"Revista e+e\"],\"inLanguage\":\"es\"},{\"@type\":\"WebPage\",\"@id\":\"https:\/\/ffyh.unc.edu.ar\/extension\/2025\/08\/22\/convocatoria-de-la-revista-ee-disputar-libertades-garantizar-derechos-tareas-de-la-extension-universitaria\/\",\"url\":\"https:\/\/ffyh.unc.edu.ar\/extension\/2025\/08\/22\/convocatoria-de-la-revista-ee-disputar-libertades-garantizar-derechos-tareas-de-la-extension-universitaria\/\",\"name\":\"Pr\u00f3rroga en la convocatoria de la revista E+E: \u00abDisputar libertades, garantizar derechos: tareas de la extensi\u00f3n universitaria\u00bb - Secretar\u00eda de Extensi\u00f3n\",\"isPartOf\":{\"@id\":\"https:\/\/ffyh.unc.edu.ar\/extension\/#website\"},\"primaryImageOfPage\":{\"@id\":\"https:\/\/ffyh.unc.edu.ar\/extension\/2025\/08\/22\/convocatoria-de-la-revista-ee-disputar-libertades-garantizar-derechos-tareas-de-la-extension-universitaria\/#primaryimage\"},\"image\":{\"@id\":\"https:\/\/ffyh.unc.edu.ar\/extension\/2025\/08\/22\/convocatoria-de-la-revista-ee-disputar-libertades-garantizar-derechos-tareas-de-la-extension-universitaria\/#primaryimage\"},\"thumbnailUrl\":\"https:\/\/ffyh.unc.edu.ar\/extension\/wp-content\/uploads\/sites\/2\/2025\/07\/web-prorrogan20.jpg\",\"datePublished\":\"2025-08-22T10:00:50+00:00\",\"dateModified\":\"2025-08-22T15:43:57+00:00\",\"breadcrumb\":{\"@id\":\"https:\/\/ffyh.unc.edu.ar\/extension\/2025\/08\/22\/convocatoria-de-la-revista-ee-disputar-libertades-garantizar-derechos-tareas-de-la-extension-universitaria\/#breadcrumb\"},\"inLanguage\":\"es\",\"potentialAction\":[{\"@type\":\"ReadAction\",\"target\":[\"https:\/\/ffyh.unc.edu.ar\/extension\/2025\/08\/22\/convocatoria-de-la-revista-ee-disputar-libertades-garantizar-derechos-tareas-de-la-extension-universitaria\/\"]}]},{\"@type\":\"ImageObject\",\"inLanguage\":\"es\",\"@id\":\"https:\/\/ffyh.unc.edu.ar\/extension\/2025\/08\/22\/convocatoria-de-la-revista-ee-disputar-libertades-garantizar-derechos-tareas-de-la-extension-universitaria\/#primaryimage\",\"url\":\"https:\/\/ffyh.unc.edu.ar\/extension\/wp-content\/uploads\/sites\/2\/2025\/07\/web-prorrogan20.jpg\",\"contentUrl\":\"https:\/\/ffyh.unc.edu.ar\/extension\/wp-content\/uploads\/sites\/2\/2025\/07\/web-prorrogan20.jpg\",\"width\":800,\"height\":420},{\"@type\":\"BreadcrumbList\",\"@id\":\"https:\/\/ffyh.unc.edu.ar\/extension\/2025\/08\/22\/convocatoria-de-la-revista-ee-disputar-libertades-garantizar-derechos-tareas-de-la-extension-universitaria\/#breadcrumb\",\"itemListElement\":[{\"@type\":\"ListItem\",\"position\":1,\"name\":\"Portada\",\"item\":\"https:\/\/ffyh.unc.edu.ar\/extension\/\"},{\"@type\":\"ListItem\",\"position\":2,\"name\":\"Pr\u00f3rroga en la convocatoria de la revista E+E: \u00abDisputar libertades, garantizar derechos: tareas de la extensi\u00f3n universitaria\u00bb\"}]},{\"@type\":\"WebSite\",\"@id\":\"https:\/\/ffyh.unc.edu.ar\/extension\/#website\",\"url\":\"https:\/\/ffyh.unc.edu.ar\/extension\/\",\"name\":\"Secretar\u00eda de Extensi\u00f3n\",\"description\":\"Facultad de Filosof\u00eda y Humanidades - Universidad Nacional de C\u00f3rdoba\",\"publisher\":{\"@id\":\"https:\/\/ffyh.unc.edu.ar\/extension\/#organization\"},\"potentialAction\":[{\"@type\":\"SearchAction\",\"target\":{\"@type\":\"EntryPoint\",\"urlTemplate\":\"https:\/\/ffyh.unc.edu.ar\/extension\/?s={search_term_string}\"},\"query-input\":{\"@type\":\"PropertyValueSpecification\",\"valueRequired\":true,\"valueName\":\"search_term_string\"}}],\"inLanguage\":\"es\"},{\"@type\":\"Organization\",\"@id\":\"https:\/\/ffyh.unc.edu.ar\/extension\/#organization\",\"name\":\"Secretar\u00eda de Extensi\u00f3n - Facultad de Filosof\u00eda y Humanidades - Universidad Nacional de C\u00f3rdoba\",\"url\":\"https:\/\/ffyh.unc.edu.ar\/extension\/\",\"logo\":{\"@type\":\"ImageObject\",\"inLanguage\":\"es\",\"@id\":\"https:\/\/ffyh.unc.edu.ar\/extension\/#\/schema\/logo\/image\/\",\"url\":\"https:\/\/ffyh.unc.edu.ar\/extension\/wp-content\/uploads\/sites\/2\/2018\/08\/logo-extension-chico.jpg\",\"contentUrl\":\"https:\/\/ffyh.unc.edu.ar\/extension\/wp-content\/uploads\/sites\/2\/2018\/08\/logo-extension-chico.jpg\",\"width\":314,\"height\":119,\"caption\":\"Secretar\u00eda de Extensi\u00f3n - Facultad de Filosof\u00eda y Humanidades - Universidad Nacional de C\u00f3rdoba\"},\"image\":{\"@id\":\"https:\/\/ffyh.unc.edu.ar\/extension\/#\/schema\/logo\/image\/\"},\"sameAs\":[\"https:\/\/www.facebook.com\/extensionffyh\",\"https:\/\/www.instagram.com\/extensionffyh\/\",\"https:\/\/www.youtube.com\/channel\/UCTgN4nvMQE7ktBcgujEI-EA\"]},{\"@type\":\"Person\",\"@id\":\"https:\/\/ffyh.unc.edu.ar\/extension\/#\/schema\/person\/c429cdff3a192a7081944182246c3689\",\"name\":\"extension\",\"url\":\"https:\/\/ffyh.unc.edu.ar\/extension\/author\/extension\/\"}]}<\/script>\n<!-- \/ Yoast SEO plugin. -->","yoast_head_json":{"title":"Pr\u00f3rroga en la convocatoria de la revista E+E: \u00abDisputar libertades, garantizar derechos: tareas de la extensi\u00f3n universitaria\u00bb - Secretar\u00eda de Extensi\u00f3n","robots":{"index":"index","follow":"follow","max-snippet":"max-snippet:-1","max-image-preview":"max-image-preview:large","max-video-preview":"max-video-preview:-1"},"canonical":"https:\/\/ffyh.unc.edu.ar\/extension\/2025\/08\/22\/convocatoria-de-la-revista-ee-disputar-libertades-garantizar-derechos-tareas-de-la-extension-universitaria\/","og_locale":"es_ES","og_type":"article","og_title":"Pr\u00f3rroga en la convocatoria de la revista E+E: \u00abDisputar libertades, garantizar derechos: tareas de la extensi\u00f3n universitaria\u00bb - Secretar\u00eda de Extensi\u00f3n","og_description":"Informamos que se extiende hasta el viernes 19 de septiembre\u00a0la convocatoria para publicar en el volumen 12, n\u00famero 20 de","og_url":"https:\/\/ffyh.unc.edu.ar\/extension\/2025\/08\/22\/convocatoria-de-la-revista-ee-disputar-libertades-garantizar-derechos-tareas-de-la-extension-universitaria\/","og_site_name":"Secretar\u00eda de Extensi\u00f3n","article_publisher":"https:\/\/www.facebook.com\/extensionffyh","article_published_time":"2025-08-22T10:00:50+00:00","article_modified_time":"2025-08-22T15:43:57+00:00","og_image":[{"width":800,"height":420,"url":"http:\/\/ffyh.unc.edu.ar\/extension\/wp-content\/uploads\/sites\/2\/2025\/07\/web-prorrogan20.jpg","type":"image\/jpeg"}],"author":"extension","twitter_card":"summary_large_image","twitter_misc":{"Escrito por":false,"Tiempo de lectura":"5 minutos"},"schema":{"@context":"https:\/\/schema.org","@graph":[{"@type":"Article","@id":"https:\/\/ffyh.unc.edu.ar\/extension\/2025\/08\/22\/convocatoria-de-la-revista-ee-disputar-libertades-garantizar-derechos-tareas-de-la-extension-universitaria\/#article","isPartOf":{"@id":"https:\/\/ffyh.unc.edu.ar\/extension\/2025\/08\/22\/convocatoria-de-la-revista-ee-disputar-libertades-garantizar-derechos-tareas-de-la-extension-universitaria\/"},"author":{"name":"extension","@id":"https:\/\/ffyh.unc.edu.ar\/extension\/#\/schema\/person\/c429cdff3a192a7081944182246c3689"},"headline":"Pr\u00f3rroga en la convocatoria de la revista E+E: \u00abDisputar libertades, garantizar derechos: tareas de la extensi\u00f3n universitaria\u00bb","datePublished":"2025-08-22T10:00:50+00:00","dateModified":"2025-08-22T15:43:57+00:00","mainEntityOfPage":{"@id":"https:\/\/ffyh.unc.edu.ar\/extension\/2025\/08\/22\/convocatoria-de-la-revista-ee-disputar-libertades-garantizar-derechos-tareas-de-la-extension-universitaria\/"},"wordCount":1059,"publisher":{"@id":"https:\/\/ffyh.unc.edu.ar\/extension\/#organization"},"image":{"@id":"https:\/\/ffyh.unc.edu.ar\/extension\/2025\/08\/22\/convocatoria-de-la-revista-ee-disputar-libertades-garantizar-derechos-tareas-de-la-extension-universitaria\/#primaryimage"},"thumbnailUrl":"https:\/\/ffyh.unc.edu.ar\/extension\/wp-content\/uploads\/sites\/2\/2025\/07\/web-prorrogan20.jpg","articleSection":["Convocatorias","Noticias","Publicaciones","Revista e+e"],"inLanguage":"es"},{"@type":"WebPage","@id":"https:\/\/ffyh.unc.edu.ar\/extension\/2025\/08\/22\/convocatoria-de-la-revista-ee-disputar-libertades-garantizar-derechos-tareas-de-la-extension-universitaria\/","url":"https:\/\/ffyh.unc.edu.ar\/extension\/2025\/08\/22\/convocatoria-de-la-revista-ee-disputar-libertades-garantizar-derechos-tareas-de-la-extension-universitaria\/","name":"Pr\u00f3rroga en la convocatoria de la revista E+E: \u00abDisputar libertades, garantizar derechos: tareas de la extensi\u00f3n universitaria\u00bb - Secretar\u00eda de Extensi\u00f3n","isPartOf":{"@id":"https:\/\/ffyh.unc.edu.ar\/extension\/#website"},"primaryImageOfPage":{"@id":"https:\/\/ffyh.unc.edu.ar\/extension\/2025\/08\/22\/convocatoria-de-la-revista-ee-disputar-libertades-garantizar-derechos-tareas-de-la-extension-universitaria\/#primaryimage"},"image":{"@id":"https:\/\/ffyh.unc.edu.ar\/extension\/2025\/08\/22\/convocatoria-de-la-revista-ee-disputar-libertades-garantizar-derechos-tareas-de-la-extension-universitaria\/#primaryimage"},"thumbnailUrl":"https:\/\/ffyh.unc.edu.ar\/extension\/wp-content\/uploads\/sites\/2\/2025\/07\/web-prorrogan20.jpg","datePublished":"2025-08-22T10:00:50+00:00","dateModified":"2025-08-22T15:43:57+00:00","breadcrumb":{"@id":"https:\/\/ffyh.unc.edu.ar\/extension\/2025\/08\/22\/convocatoria-de-la-revista-ee-disputar-libertades-garantizar-derechos-tareas-de-la-extension-universitaria\/#breadcrumb"},"inLanguage":"es","potentialAction":[{"@type":"ReadAction","target":["https:\/\/ffyh.unc.edu.ar\/extension\/2025\/08\/22\/convocatoria-de-la-revista-ee-disputar-libertades-garantizar-derechos-tareas-de-la-extension-universitaria\/"]}]},{"@type":"ImageObject","inLanguage":"es","@id":"https:\/\/ffyh.unc.edu.ar\/extension\/2025\/08\/22\/convocatoria-de-la-revista-ee-disputar-libertades-garantizar-derechos-tareas-de-la-extension-universitaria\/#primaryimage","url":"https:\/\/ffyh.unc.edu.ar\/extension\/wp-content\/uploads\/sites\/2\/2025\/07\/web-prorrogan20.jpg","contentUrl":"https:\/\/ffyh.unc.edu.ar\/extension\/wp-content\/uploads\/sites\/2\/2025\/07\/web-prorrogan20.jpg","width":800,"height":420},{"@type":"BreadcrumbList","@id":"https:\/\/ffyh.unc.edu.ar\/extension\/2025\/08\/22\/convocatoria-de-la-revista-ee-disputar-libertades-garantizar-derechos-tareas-de-la-extension-universitaria\/#breadcrumb","itemListElement":[{"@type":"ListItem","position":1,"name":"Portada","item":"https:\/\/ffyh.unc.edu.ar\/extension\/"},{"@type":"ListItem","position":2,"name":"Pr\u00f3rroga en la convocatoria de la revista E+E: \u00abDisputar libertades, garantizar derechos: tareas de la extensi\u00f3n universitaria\u00bb"}]},{"@type":"WebSite","@id":"https:\/\/ffyh.unc.edu.ar\/extension\/#website","url":"https:\/\/ffyh.unc.edu.ar\/extension\/","name":"Secretar\u00eda de Extensi\u00f3n","description":"Facultad de Filosof\u00eda y Humanidades - Universidad Nacional de C\u00f3rdoba","publisher":{"@id":"https:\/\/ffyh.unc.edu.ar\/extension\/#organization"},"potentialAction":[{"@type":"SearchAction","target":{"@type":"EntryPoint","urlTemplate":"https:\/\/ffyh.unc.edu.ar\/extension\/?s={search_term_string}"},"query-input":{"@type":"PropertyValueSpecification","valueRequired":true,"valueName":"search_term_string"}}],"inLanguage":"es"},{"@type":"Organization","@id":"https:\/\/ffyh.unc.edu.ar\/extension\/#organization","name":"Secretar\u00eda de Extensi\u00f3n - Facultad de Filosof\u00eda y Humanidades - Universidad Nacional de C\u00f3rdoba","url":"https:\/\/ffyh.unc.edu.ar\/extension\/","logo":{"@type":"ImageObject","inLanguage":"es","@id":"https:\/\/ffyh.unc.edu.ar\/extension\/#\/schema\/logo\/image\/","url":"https:\/\/ffyh.unc.edu.ar\/extension\/wp-content\/uploads\/sites\/2\/2018\/08\/logo-extension-chico.jpg","contentUrl":"https:\/\/ffyh.unc.edu.ar\/extension\/wp-content\/uploads\/sites\/2\/2018\/08\/logo-extension-chico.jpg","width":314,"height":119,"caption":"Secretar\u00eda de Extensi\u00f3n - Facultad de Filosof\u00eda y Humanidades - Universidad Nacional de C\u00f3rdoba"},"image":{"@id":"https:\/\/ffyh.unc.edu.ar\/extension\/#\/schema\/logo\/image\/"},"sameAs":["https:\/\/www.facebook.com\/extensionffyh","https:\/\/www.instagram.com\/extensionffyh\/","https:\/\/www.youtube.com\/channel\/UCTgN4nvMQE7ktBcgujEI-EA"]},{"@type":"Person","@id":"https:\/\/ffyh.unc.edu.ar\/extension\/#\/schema\/person\/c429cdff3a192a7081944182246c3689","name":"extension","url":"https:\/\/ffyh.unc.edu.ar\/extension\/author\/extension\/"}]}},"jetpack_featured_media_url":"https:\/\/ffyh.unc.edu.ar\/extension\/wp-content\/uploads\/sites\/2\/2025\/07\/web-prorrogan20.jpg","_links":{"self":[{"href":"https:\/\/ffyh.unc.edu.ar\/extension\/wp-json\/wp\/v2\/posts\/7614","targetHints":{"allow":["GET"]}}],"collection":[{"href":"https:\/\/ffyh.unc.edu.ar\/extension\/wp-json\/wp\/v2\/posts"}],"about":[{"href":"https:\/\/ffyh.unc.edu.ar\/extension\/wp-json\/wp\/v2\/types\/post"}],"author":[{"embeddable":true,"href":"https:\/\/ffyh.unc.edu.ar\/extension\/wp-json\/wp\/v2\/users\/3"}],"replies":[{"embeddable":true,"href":"https:\/\/ffyh.unc.edu.ar\/extension\/wp-json\/wp\/v2\/comments?post=7614"}],"version-history":[{"count":13,"href":"https:\/\/ffyh.unc.edu.ar\/extension\/wp-json\/wp\/v2\/posts\/7614\/revisions"}],"predecessor-version":[{"id":8936,"href":"https:\/\/ffyh.unc.edu.ar\/extension\/wp-json\/wp\/v2\/posts\/7614\/revisions\/8936"}],"wp:featuredmedia":[{"embeddable":true,"href":"https:\/\/ffyh.unc.edu.ar\/extension\/wp-json\/wp\/v2\/media\/8933"}],"wp:attachment":[{"href":"https:\/\/ffyh.unc.edu.ar\/extension\/wp-json\/wp\/v2\/media?parent=7614"}],"wp:term":[{"taxonomy":"category","embeddable":true,"href":"https:\/\/ffyh.unc.edu.ar\/extension\/wp-json\/wp\/v2\/categories?post=7614"},{"taxonomy":"post_tag","embeddable":true,"href":"https:\/\/ffyh.unc.edu.ar\/extension\/wp-json\/wp\/v2\/tags?post=7614"}],"curies":[{"name":"wp","href":"https:\/\/api.w.org\/{rel}","templated":true}]}}