{"id":877,"date":"2013-08-11T17:53:28","date_gmt":"2013-08-11T20:53:28","guid":{"rendered":"http:\/\/www.ffyh.unc.edu.ar\/extension\/?p=877"},"modified":"2013-08-11T17:53:28","modified_gmt":"2013-08-11T20:53:28","slug":"charla-informativa-sobre-practicas-sociocomunitarias-con-validez-curricular","status":"publish","type":"post","link":"https:\/\/ffyh.unc.edu.ar\/extension\/2013\/08\/11\/charla-informativa-sobre-practicas-sociocomunitarias-con-validez-curricular\/","title":{"rendered":"Charla informativa sobre Pr\u00e1cticas Sociocomunitarias con validez curricular"},"content":{"rendered":"<p><a href=\"http:\/\/ffyh.unc.edu.ar\/extension\/wp-content\/uploads\/sites\/2\/2013\/08\/sosiocomunitarias.jpg\"><img loading=\"lazy\" decoding=\"async\" class=\"alignleft size-thumbnail wp-image-878\" alt=\"sociocomunitarias\" src=\"http:\/\/ffyh.unc.edu.ar\/extension\/wp-content\/uploads\/sites\/2\/2013\/08\/sosiocomunitarias-150x150.jpg\" width=\"150\" height=\"150\" \/><\/a>Se realizar\u00e1 el viernes 23 de agosto, a las 14 hs, en la Sala A del Pabell\u00f3n Residencial, Ciudad Universitaria.<\/p>\n<p><!--more--><\/p>\n<p>El encuentro est\u00e1 destinado a docentes, estudiantes y egresados de la FFyH y tiene por objeto informar y estimular la participaci\u00f3n en esta nueva modalidad que apuesta a articular las discusiones propias del campo te\u00f3rico con las problem\u00e1ticas sociales y pol\u00edticas del contexto de intervenci\u00f3n.<\/p>\n<p><strong>M\u00e1s informaci\u00f3n<\/strong>: <a href=\"mailto:extension@ffyh.unc.edu.ar\">extension@ffyh.unc.edu.ar<\/a> \u2013 Tel. 4333085 int. 112.<\/p>\n","protected":false},"excerpt":{"rendered":"<p>Se realizar\u00e1 el viernes 23 de agosto, a las 14 hs, en la Sala A del Pabell\u00f3n Residencial, Ciudad Universitaria.<\/p>\n","protected":false},"author":2,"featured_media":0,"comment_status":"open","ping_status":"open","sticky":false,"template":"","format":"standard","meta":{"_acf_changed":false,"colormag_page_container_layout":"default_layout","colormag_page_sidebar_layout":"default_layout","footnotes":""},"categories":[1],"tags":[],"class_list":["post-877","post","type-post","status-publish","format-standard","hentry","category-sin-categoria"],"acf":[],"yoast_head":"<!-- This site is optimized with the Yoast SEO plugin v27.1.1 - https:\/\/yoast.com\/product\/yoast-seo-wordpress\/ -->\n<title>Charla informativa sobre Pr\u00e1cticas Sociocomunitarias con validez curricular - Secretar\u00eda de Extensi\u00f3n<\/title>\n<meta name=\"robots\" content=\"index, follow, max-snippet:-1, max-image-preview:large, max-video-preview:-1\" \/>\n<link rel=\"canonical\" href=\"https:\/\/ffyh.unc.edu.ar\/extension\/2013\/08\/11\/charla-informativa-sobre-practicas-sociocomunitarias-con-validez-curricular\/\" \/>\n<meta property=\"og:locale\" content=\"es_ES\" \/>\n<meta property=\"og:type\" content=\"article\" \/>\n<meta property=\"og:title\" content=\"Charla informativa sobre Pr\u00e1cticas Sociocomunitarias con validez curricular - Secretar\u00eda de Extensi\u00f3n\" \/>\n<meta property=\"og:description\" content=\"Se realizar\u00e1 el viernes 23 de agosto, a las 14 hs, en la Sala A del Pabell\u00f3n Residencial, Ciudad Universitaria.\" \/>\n<meta property=\"og:url\" content=\"https:\/\/ffyh.unc.edu.ar\/extension\/2013\/08\/11\/charla-informativa-sobre-practicas-sociocomunitarias-con-validez-curricular\/\" \/>\n<meta property=\"og:site_name\" content=\"Secretar\u00eda de Extensi\u00f3n\" \/>\n<meta property=\"article:publisher\" content=\"https:\/\/www.facebook.com\/extensionffyh\" \/>\n<meta property=\"article:published_time\" content=\"2013-08-11T20:53:28+00:00\" \/>\n<meta property=\"og:image\" content=\"http:\/\/ffyh.unc.edu.ar\/extension\/wp-content\/uploads\/sites\/2\/2013\/08\/sosiocomunitarias-150x150.jpg\" \/>\n<meta name=\"author\" content=\"\u00c1rea de Comunicaci\u00f3n - FFyH\" \/>\n<meta name=\"twitter:card\" content=\"summary_large_image\" \/>\n<meta name=\"twitter:label1\" content=\"Escrito por\" \/>\n\t<meta name=\"twitter:data1\" content=\"\" \/>\n<script type=\"application\/ld+json\" class=\"yoast-schema-graph\">{\"@context\":\"https:\/\/schema.org\",\"@graph\":[{\"@type\":\"Article\",\"@id\":\"https:\/\/ffyh.unc.edu.ar\/extension\/2013\/08\/11\/charla-informativa-sobre-practicas-sociocomunitarias-con-validez-curricular\/#article\",\"isPartOf\":{\"@id\":\"https:\/\/ffyh.unc.edu.ar\/extension\/2013\/08\/11\/charla-informativa-sobre-practicas-sociocomunitarias-con-validez-curricular\/\"},\"author\":{\"name\":\"\u00c1rea de Comunicaci\u00f3n - FFyH\",\"@id\":\"https:\/\/ffyh.unc.edu.ar\/extension\/#\/schema\/person\/e6b9f6aec95cb7437bb2fde09e23b224\"},\"headline\":\"Charla informativa sobre Pr\u00e1cticas Sociocomunitarias con validez curricular\",\"datePublished\":\"2013-08-11T20:53:28+00:00\",\"mainEntityOfPage\":{\"@id\":\"https:\/\/ffyh.unc.edu.ar\/extension\/2013\/08\/11\/charla-informativa-sobre-practicas-sociocomunitarias-con-validez-curricular\/\"},\"wordCount\":89,\"commentCount\":0,\"publisher\":{\"@id\":\"https:\/\/ffyh.unc.edu.ar\/extension\/#organization\"},\"image\":{\"@id\":\"https:\/\/ffyh.unc.edu.ar\/extension\/2013\/08\/11\/charla-informativa-sobre-practicas-sociocomunitarias-con-validez-curricular\/#primaryimage\"},\"thumbnailUrl\":\"http:\/\/ffyh.unc.edu.ar\/extension\/wp-content\/uploads\/sites\/2\/2013\/08\/sosiocomunitarias-150x150.jpg\",\"inLanguage\":\"es\",\"potentialAction\":[{\"@type\":\"CommentAction\",\"name\":\"Comment\",\"target\":[\"https:\/\/ffyh.unc.edu.ar\/extension\/2013\/08\/11\/charla-informativa-sobre-practicas-sociocomunitarias-con-validez-curricular\/#respond\"]}]},{\"@type\":\"WebPage\",\"@id\":\"https:\/\/ffyh.unc.edu.ar\/extension\/2013\/08\/11\/charla-informativa-sobre-practicas-sociocomunitarias-con-validez-curricular\/\",\"url\":\"https:\/\/ffyh.unc.edu.ar\/extension\/2013\/08\/11\/charla-informativa-sobre-practicas-sociocomunitarias-con-validez-curricular\/\",\"name\":\"Charla informativa sobre Pr\u00e1cticas Sociocomunitarias con validez curricular - Secretar\u00eda de Extensi\u00f3n\",\"isPartOf\":{\"@id\":\"https:\/\/ffyh.unc.edu.ar\/extension\/#website\"},\"primaryImageOfPage\":{\"@id\":\"https:\/\/ffyh.unc.edu.ar\/extension\/2013\/08\/11\/charla-informativa-sobre-practicas-sociocomunitarias-con-validez-curricular\/#primaryimage\"},\"image\":{\"@id\":\"https:\/\/ffyh.unc.edu.ar\/extension\/2013\/08\/11\/charla-informativa-sobre-practicas-sociocomunitarias-con-validez-curricular\/#primaryimage\"},\"thumbnailUrl\":\"http:\/\/ffyh.unc.edu.ar\/extension\/wp-content\/uploads\/sites\/2\/2013\/08\/sosiocomunitarias-150x150.jpg\",\"datePublished\":\"2013-08-11T20:53:28+00:00\",\"breadcrumb\":{\"@id\":\"https:\/\/ffyh.unc.edu.ar\/extension\/2013\/08\/11\/charla-informativa-sobre-practicas-sociocomunitarias-con-validez-curricular\/#breadcrumb\"},\"inLanguage\":\"es\",\"potentialAction\":[{\"@type\":\"ReadAction\",\"target\":[\"https:\/\/ffyh.unc.edu.ar\/extension\/2013\/08\/11\/charla-informativa-sobre-practicas-sociocomunitarias-con-validez-curricular\/\"]}]},{\"@type\":\"ImageObject\",\"inLanguage\":\"es\",\"@id\":\"https:\/\/ffyh.unc.edu.ar\/extension\/2013\/08\/11\/charla-informativa-sobre-practicas-sociocomunitarias-con-validez-curricular\/#primaryimage\",\"url\":\"https:\/\/ffyh.unc.edu.ar\/extension\/wp-content\/uploads\/sites\/2\/2013\/08\/sosiocomunitarias.jpg\",\"contentUrl\":\"https:\/\/ffyh.unc.edu.ar\/extension\/wp-content\/uploads\/sites\/2\/2013\/08\/sosiocomunitarias.jpg\",\"width\":870,\"height\":790},{\"@type\":\"BreadcrumbList\",\"@id\":\"https:\/\/ffyh.unc.edu.ar\/extension\/2013\/08\/11\/charla-informativa-sobre-practicas-sociocomunitarias-con-validez-curricular\/#breadcrumb\",\"itemListElement\":[{\"@type\":\"ListItem\",\"position\":1,\"name\":\"Portada\",\"item\":\"https:\/\/ffyh.unc.edu.ar\/extension\/\"},{\"@type\":\"ListItem\",\"position\":2,\"name\":\"Charla informativa sobre Pr\u00e1cticas Sociocomunitarias con validez curricular\"}]},{\"@type\":\"WebSite\",\"@id\":\"https:\/\/ffyh.unc.edu.ar\/extension\/#website\",\"url\":\"https:\/\/ffyh.unc.edu.ar\/extension\/\",\"name\":\"Secretar\u00eda de Extensi\u00f3n\",\"description\":\"Facultad de Filosof\u00eda y Humanidades - Universidad Nacional de C\u00f3rdoba\",\"publisher\":{\"@id\":\"https:\/\/ffyh.unc.edu.ar\/extension\/#organization\"},\"potentialAction\":[{\"@type\":\"SearchAction\",\"target\":{\"@type\":\"EntryPoint\",\"urlTemplate\":\"https:\/\/ffyh.unc.edu.ar\/extension\/?s={search_term_string}\"},\"query-input\":{\"@type\":\"PropertyValueSpecification\",\"valueRequired\":true,\"valueName\":\"search_term_string\"}}],\"inLanguage\":\"es\"},{\"@type\":\"Organization\",\"@id\":\"https:\/\/ffyh.unc.edu.ar\/extension\/#organization\",\"name\":\"Secretar\u00eda de Extensi\u00f3n - Facultad de Filosof\u00eda y Humanidades - Universidad Nacional de C\u00f3rdoba\",\"url\":\"https:\/\/ffyh.unc.edu.ar\/extension\/\",\"logo\":{\"@type\":\"ImageObject\",\"inLanguage\":\"es\",\"@id\":\"https:\/\/ffyh.unc.edu.ar\/extension\/#\/schema\/logo\/image\/\",\"url\":\"https:\/\/ffyh.unc.edu.ar\/extension\/wp-content\/uploads\/sites\/2\/2018\/08\/logo-extension-chico.jpg\",\"contentUrl\":\"https:\/\/ffyh.unc.edu.ar\/extension\/wp-content\/uploads\/sites\/2\/2018\/08\/logo-extension-chico.jpg\",\"width\":314,\"height\":119,\"caption\":\"Secretar\u00eda de Extensi\u00f3n - Facultad de Filosof\u00eda y Humanidades - Universidad Nacional de C\u00f3rdoba\"},\"image\":{\"@id\":\"https:\/\/ffyh.unc.edu.ar\/extension\/#\/schema\/logo\/image\/\"},\"sameAs\":[\"https:\/\/www.facebook.com\/extensionffyh\",\"https:\/\/www.instagram.com\/extensionffyh\/\",\"https:\/\/www.youtube.com\/channel\/UCTgN4nvMQE7ktBcgujEI-EA\"]},{\"@type\":\"Person\",\"@id\":\"https:\/\/ffyh.unc.edu.ar\/extension\/#\/schema\/person\/e6b9f6aec95cb7437bb2fde09e23b224\",\"name\":\"\u00c1rea de Comunicaci\u00f3n - FFyH\",\"url\":\"https:\/\/ffyh.unc.edu.ar\/extension\/author\/prensa\/\"}]}<\/script>\n<!-- \/ Yoast SEO plugin. -->","yoast_head_json":{"title":"Charla informativa sobre Pr\u00e1cticas Sociocomunitarias con validez curricular - Secretar\u00eda de Extensi\u00f3n","robots":{"index":"index","follow":"follow","max-snippet":"max-snippet:-1","max-image-preview":"max-image-preview:large","max-video-preview":"max-video-preview:-1"},"canonical":"https:\/\/ffyh.unc.edu.ar\/extension\/2013\/08\/11\/charla-informativa-sobre-practicas-sociocomunitarias-con-validez-curricular\/","og_locale":"es_ES","og_type":"article","og_title":"Charla informativa sobre Pr\u00e1cticas Sociocomunitarias con validez curricular - Secretar\u00eda de Extensi\u00f3n","og_description":"Se realizar\u00e1 el viernes 23 de agosto, a las 14 hs, en la Sala A del Pabell\u00f3n Residencial, Ciudad Universitaria.","og_url":"https:\/\/ffyh.unc.edu.ar\/extension\/2013\/08\/11\/charla-informativa-sobre-practicas-sociocomunitarias-con-validez-curricular\/","og_site_name":"Secretar\u00eda de Extensi\u00f3n","article_publisher":"https:\/\/www.facebook.com\/extensionffyh","article_published_time":"2013-08-11T20:53:28+00:00","og_image":[{"url":"http:\/\/ffyh.unc.edu.ar\/extension\/wp-content\/uploads\/sites\/2\/2013\/08\/sosiocomunitarias-150x150.jpg","type":"","width":"","height":""}],"author":"\u00c1rea de Comunicaci\u00f3n - FFyH","twitter_card":"summary_large_image","twitter_misc":{"Escrito por":false},"schema":{"@context":"https:\/\/schema.org","@graph":[{"@type":"Article","@id":"https:\/\/ffyh.unc.edu.ar\/extension\/2013\/08\/11\/charla-informativa-sobre-practicas-sociocomunitarias-con-validez-curricular\/#article","isPartOf":{"@id":"https:\/\/ffyh.unc.edu.ar\/extension\/2013\/08\/11\/charla-informativa-sobre-practicas-sociocomunitarias-con-validez-curricular\/"},"author":{"name":"\u00c1rea de Comunicaci\u00f3n - FFyH","@id":"https:\/\/ffyh.unc.edu.ar\/extension\/#\/schema\/person\/e6b9f6aec95cb7437bb2fde09e23b224"},"headline":"Charla informativa sobre Pr\u00e1cticas Sociocomunitarias con validez curricular","datePublished":"2013-08-11T20:53:28+00:00","mainEntityOfPage":{"@id":"https:\/\/ffyh.unc.edu.ar\/extension\/2013\/08\/11\/charla-informativa-sobre-practicas-sociocomunitarias-con-validez-curricular\/"},"wordCount":89,"commentCount":0,"publisher":{"@id":"https:\/\/ffyh.unc.edu.ar\/extension\/#organization"},"image":{"@id":"https:\/\/ffyh.unc.edu.ar\/extension\/2013\/08\/11\/charla-informativa-sobre-practicas-sociocomunitarias-con-validez-curricular\/#primaryimage"},"thumbnailUrl":"http:\/\/ffyh.unc.edu.ar\/extension\/wp-content\/uploads\/sites\/2\/2013\/08\/sosiocomunitarias-150x150.jpg","inLanguage":"es","potentialAction":[{"@type":"CommentAction","name":"Comment","target":["https:\/\/ffyh.unc.edu.ar\/extension\/2013\/08\/11\/charla-informativa-sobre-practicas-sociocomunitarias-con-validez-curricular\/#respond"]}]},{"@type":"WebPage","@id":"https:\/\/ffyh.unc.edu.ar\/extension\/2013\/08\/11\/charla-informativa-sobre-practicas-sociocomunitarias-con-validez-curricular\/","url":"https:\/\/ffyh.unc.edu.ar\/extension\/2013\/08\/11\/charla-informativa-sobre-practicas-sociocomunitarias-con-validez-curricular\/","name":"Charla informativa sobre Pr\u00e1cticas Sociocomunitarias con validez curricular - Secretar\u00eda de Extensi\u00f3n","isPartOf":{"@id":"https:\/\/ffyh.unc.edu.ar\/extension\/#website"},"primaryImageOfPage":{"@id":"https:\/\/ffyh.unc.edu.ar\/extension\/2013\/08\/11\/charla-informativa-sobre-practicas-sociocomunitarias-con-validez-curricular\/#primaryimage"},"image":{"@id":"https:\/\/ffyh.unc.edu.ar\/extension\/2013\/08\/11\/charla-informativa-sobre-practicas-sociocomunitarias-con-validez-curricular\/#primaryimage"},"thumbnailUrl":"http:\/\/ffyh.unc.edu.ar\/extension\/wp-content\/uploads\/sites\/2\/2013\/08\/sosiocomunitarias-150x150.jpg","datePublished":"2013-08-11T20:53:28+00:00","breadcrumb":{"@id":"https:\/\/ffyh.unc.edu.ar\/extension\/2013\/08\/11\/charla-informativa-sobre-practicas-sociocomunitarias-con-validez-curricular\/#breadcrumb"},"inLanguage":"es","potentialAction":[{"@type":"ReadAction","target":["https:\/\/ffyh.unc.edu.ar\/extension\/2013\/08\/11\/charla-informativa-sobre-practicas-sociocomunitarias-con-validez-curricular\/"]}]},{"@type":"ImageObject","inLanguage":"es","@id":"https:\/\/ffyh.unc.edu.ar\/extension\/2013\/08\/11\/charla-informativa-sobre-practicas-sociocomunitarias-con-validez-curricular\/#primaryimage","url":"https:\/\/ffyh.unc.edu.ar\/extension\/wp-content\/uploads\/sites\/2\/2013\/08\/sosiocomunitarias.jpg","contentUrl":"https:\/\/ffyh.unc.edu.ar\/extension\/wp-content\/uploads\/sites\/2\/2013\/08\/sosiocomunitarias.jpg","width":870,"height":790},{"@type":"BreadcrumbList","@id":"https:\/\/ffyh.unc.edu.ar\/extension\/2013\/08\/11\/charla-informativa-sobre-practicas-sociocomunitarias-con-validez-curricular\/#breadcrumb","itemListElement":[{"@type":"ListItem","position":1,"name":"Portada","item":"https:\/\/ffyh.unc.edu.ar\/extension\/"},{"@type":"ListItem","position":2,"name":"Charla informativa sobre Pr\u00e1cticas Sociocomunitarias con validez curricular"}]},{"@type":"WebSite","@id":"https:\/\/ffyh.unc.edu.ar\/extension\/#website","url":"https:\/\/ffyh.unc.edu.ar\/extension\/","name":"Secretar\u00eda de Extensi\u00f3n","description":"Facultad de Filosof\u00eda y Humanidades - Universidad Nacional de C\u00f3rdoba","publisher":{"@id":"https:\/\/ffyh.unc.edu.ar\/extension\/#organization"},"potentialAction":[{"@type":"SearchAction","target":{"@type":"EntryPoint","urlTemplate":"https:\/\/ffyh.unc.edu.ar\/extension\/?s={search_term_string}"},"query-input":{"@type":"PropertyValueSpecification","valueRequired":true,"valueName":"search_term_string"}}],"inLanguage":"es"},{"@type":"Organization","@id":"https:\/\/ffyh.unc.edu.ar\/extension\/#organization","name":"Secretar\u00eda de Extensi\u00f3n - Facultad de Filosof\u00eda y Humanidades - Universidad Nacional de C\u00f3rdoba","url":"https:\/\/ffyh.unc.edu.ar\/extension\/","logo":{"@type":"ImageObject","inLanguage":"es","@id":"https:\/\/ffyh.unc.edu.ar\/extension\/#\/schema\/logo\/image\/","url":"https:\/\/ffyh.unc.edu.ar\/extension\/wp-content\/uploads\/sites\/2\/2018\/08\/logo-extension-chico.jpg","contentUrl":"https:\/\/ffyh.unc.edu.ar\/extension\/wp-content\/uploads\/sites\/2\/2018\/08\/logo-extension-chico.jpg","width":314,"height":119,"caption":"Secretar\u00eda de Extensi\u00f3n - Facultad de Filosof\u00eda y Humanidades - Universidad Nacional de C\u00f3rdoba"},"image":{"@id":"https:\/\/ffyh.unc.edu.ar\/extension\/#\/schema\/logo\/image\/"},"sameAs":["https:\/\/www.facebook.com\/extensionffyh","https:\/\/www.instagram.com\/extensionffyh\/","https:\/\/www.youtube.com\/channel\/UCTgN4nvMQE7ktBcgujEI-EA"]},{"@type":"Person","@id":"https:\/\/ffyh.unc.edu.ar\/extension\/#\/schema\/person\/e6b9f6aec95cb7437bb2fde09e23b224","name":"\u00c1rea de Comunicaci\u00f3n - FFyH","url":"https:\/\/ffyh.unc.edu.ar\/extension\/author\/prensa\/"}]}},"jetpack_featured_media_url":"","_links":{"self":[{"href":"https:\/\/ffyh.unc.edu.ar\/extension\/wp-json\/wp\/v2\/posts\/877","targetHints":{"allow":["GET"]}}],"collection":[{"href":"https:\/\/ffyh.unc.edu.ar\/extension\/wp-json\/wp\/v2\/posts"}],"about":[{"href":"https:\/\/ffyh.unc.edu.ar\/extension\/wp-json\/wp\/v2\/types\/post"}],"author":[{"embeddable":true,"href":"https:\/\/ffyh.unc.edu.ar\/extension\/wp-json\/wp\/v2\/users\/2"}],"replies":[{"embeddable":true,"href":"https:\/\/ffyh.unc.edu.ar\/extension\/wp-json\/wp\/v2\/comments?post=877"}],"version-history":[{"count":0,"href":"https:\/\/ffyh.unc.edu.ar\/extension\/wp-json\/wp\/v2\/posts\/877\/revisions"}],"wp:attachment":[{"href":"https:\/\/ffyh.unc.edu.ar\/extension\/wp-json\/wp\/v2\/media?parent=877"}],"wp:term":[{"taxonomy":"category","embeddable":true,"href":"https:\/\/ffyh.unc.edu.ar\/extension\/wp-json\/wp\/v2\/categories?post=877"},{"taxonomy":"post_tag","embeddable":true,"href":"https:\/\/ffyh.unc.edu.ar\/extension\/wp-json\/wp\/v2\/tags?post=877"}],"curies":[{"name":"wp","href":"https:\/\/api.w.org\/{rel}","templated":true}]}}