{"id":883,"date":"2013-08-29T13:06:30","date_gmt":"2013-08-29T16:06:30","guid":{"rendered":"http:\/\/www.ffyh.unc.edu.ar\/extension\/?p=883"},"modified":"2013-08-29T13:06:30","modified_gmt":"2013-08-29T16:06:30","slug":"curso-la-gramatica-en-debate-propuestas-para-su-ensenanza","status":"publish","type":"post","link":"https:\/\/ffyh.unc.edu.ar\/extension\/2013\/08\/29\/curso-la-gramatica-en-debate-propuestas-para-su-ensenanza\/","title":{"rendered":"Curso: \u201cLa gram\u00e1tica en debate. Propuestas para su ense\u00f1anza\u201d"},"content":{"rendered":"<p><a href=\"http:\/\/ffyh.unc.edu.ar\/extension\/wp-content\/uploads\/sites\/2\/2013\/08\/curso-gramatica.jpg\"><img loading=\"lazy\" decoding=\"async\" class=\"alignleft size-thumbnail wp-image-885\" alt=\"curso-gramatica\" src=\"http:\/\/ffyh.unc.edu.ar\/extension\/wp-content\/uploads\/sites\/2\/2013\/08\/curso-gramatica-150x150.jpg\" width=\"150\" height=\"150\" \/><\/a>&#8211;<strong> Sin puntaje docente<\/strong>&#8211;<\/p>\n<p>La Secretar\u00eda de Extensi\u00f3n de la FFyH informa que se encuentran abiertas las inscripciones para el curso: \u201c<strong>La gram\u00e1tica en debate. Propuestas para su ense\u00f1anza<\/strong>\u201d, a cargo de Cecilia Defag\u00f3, Patricia Supisiche, Victoria Bartolom\u00e9, Paloma Contrini, Mariana Mitelman y Leticia Paz Sena, que inicia el <strong>6 de septiembre<\/strong>.<\/p>\n<p><!--more--><\/p>\n<p>En el curso se abordar\u00e1n los contenidos acad\u00e9micos propuestos en los planes oficiales sobre gram\u00e1tica para la formaci\u00f3n de docentes de Lengua de Nivel Medio y Terciario. El inter\u00e9s es acercar a los docentes las concepciones m\u00e1s relevantes sobre la Lengua en general y la Gram\u00e1tica en particular, que se desarrollaron durante el siglo XX, centr\u00e1ndose especialmente en los desarrollos estructuralistas y generativistas. \u00a0El objetivo de la actividad es ofrecer criterios de selecci\u00f3n de los contenidos de gram\u00e1tica a ense\u00f1ar tomando en consideraci\u00f3n el objetivo de ense\u00f1anza, los conocimientos de los estudiantes y las caracter\u00edsticas del objeto de ense\u00f1anza.<\/p>\n<ul>\n<li><a href=\"http:\/\/ffyh.unc.edu.ar\/extension\/wp-content\/uploads\/sites\/2\/2013\/08\/gramatica_en_debate_013.pdf\" target=\"_blank\">Descargar m\u00e1s informaci\u00f3n<\/a><\/li>\n<\/ul>\n<p><strong>Informes e inscripciones:\u00a0<\/strong>Secretar\u00eda de Extensi\u00f3n | Facultad de Filosof\u00eda y Humanidades | Universidad Nacional de C\u00f3rdoba,\u00a0Pabell\u00f3n Residencial, planta baja, Ciudad Universitaria.\u00a0Tel. 0351-4333085. Internos 112 \u2013 114.\u00a0Correo electr\u00f3nico:\u00a0<a href=\"mailto:extension@ffyh.unc.edu.ar\">extension@ffyh.unc.edu.ar<\/a><\/p>\n","protected":false},"excerpt":{"rendered":"<p>&#8211; Sin puntaje docente&#8211; La Secretar\u00eda de Extensi\u00f3n de la FFyH informa que se encuentran abiertas las inscripciones para el<\/p>\n","protected":false},"author":2,"featured_media":0,"comment_status":"open","ping_status":"open","sticky":false,"template":"","format":"standard","meta":{"_acf_changed":false,"colormag_page_container_layout":"default_layout","colormag_page_sidebar_layout":"default_layout","footnotes":""},"categories":[8],"tags":[],"class_list":["post-883","post","type-post","status-publish","format-standard","hentry","category-formacion-continua"],"acf":[],"yoast_head":"<!-- This site is optimized with the Yoast SEO plugin v27.1.1 - https:\/\/yoast.com\/product\/yoast-seo-wordpress\/ -->\n<title>Curso: \u201cLa gram\u00e1tica en debate. Propuestas para su ense\u00f1anza\u201d - Secretar\u00eda de Extensi\u00f3n<\/title>\n<meta name=\"robots\" content=\"index, follow, max-snippet:-1, max-image-preview:large, max-video-preview:-1\" \/>\n<link rel=\"canonical\" href=\"https:\/\/ffyh.unc.edu.ar\/extension\/2013\/08\/29\/curso-la-gramatica-en-debate-propuestas-para-su-ensenanza\/\" \/>\n<meta property=\"og:locale\" content=\"es_ES\" \/>\n<meta property=\"og:type\" content=\"article\" \/>\n<meta property=\"og:title\" content=\"Curso: \u201cLa gram\u00e1tica en debate. Propuestas para su ense\u00f1anza\u201d - Secretar\u00eda de Extensi\u00f3n\" \/>\n<meta property=\"og:description\" content=\"&#8211; Sin puntaje docente&#8211; La Secretar\u00eda de Extensi\u00f3n de la FFyH informa que se encuentran abiertas las inscripciones para el\" \/>\n<meta property=\"og:url\" content=\"https:\/\/ffyh.unc.edu.ar\/extension\/2013\/08\/29\/curso-la-gramatica-en-debate-propuestas-para-su-ensenanza\/\" \/>\n<meta property=\"og:site_name\" content=\"Secretar\u00eda de Extensi\u00f3n\" \/>\n<meta property=\"article:publisher\" content=\"https:\/\/www.facebook.com\/extensionffyh\" \/>\n<meta property=\"article:published_time\" content=\"2013-08-29T16:06:30+00:00\" \/>\n<meta property=\"og:image\" content=\"http:\/\/ffyh.unc.edu.ar\/extension\/wp-content\/uploads\/sites\/2\/2013\/08\/curso-gramatica-150x150.jpg\" \/>\n<meta name=\"author\" content=\"\u00c1rea de Comunicaci\u00f3n - FFyH\" \/>\n<meta name=\"twitter:card\" content=\"summary_large_image\" \/>\n<meta name=\"twitter:label1\" content=\"Escrito por\" \/>\n\t<meta name=\"twitter:data1\" content=\"\" \/>\n\t<meta name=\"twitter:label2\" content=\"Tiempo de lectura\" \/>\n\t<meta name=\"twitter:data2\" content=\"1 minuto\" \/>\n<script type=\"application\/ld+json\" class=\"yoast-schema-graph\">{\"@context\":\"https:\/\/schema.org\",\"@graph\":[{\"@type\":\"Article\",\"@id\":\"https:\/\/ffyh.unc.edu.ar\/extension\/2013\/08\/29\/curso-la-gramatica-en-debate-propuestas-para-su-ensenanza\/#article\",\"isPartOf\":{\"@id\":\"https:\/\/ffyh.unc.edu.ar\/extension\/2013\/08\/29\/curso-la-gramatica-en-debate-propuestas-para-su-ensenanza\/\"},\"author\":{\"name\":\"\u00c1rea de Comunicaci\u00f3n - FFyH\",\"@id\":\"https:\/\/ffyh.unc.edu.ar\/extension\/#\/schema\/person\/e6b9f6aec95cb7437bb2fde09e23b224\"},\"headline\":\"Curso: \u201cLa gram\u00e1tica en debate. Propuestas para su ense\u00f1anza\u201d\",\"datePublished\":\"2013-08-29T16:06:30+00:00\",\"mainEntityOfPage\":{\"@id\":\"https:\/\/ffyh.unc.edu.ar\/extension\/2013\/08\/29\/curso-la-gramatica-en-debate-propuestas-para-su-ensenanza\/\"},\"wordCount\":222,\"commentCount\":0,\"publisher\":{\"@id\":\"https:\/\/ffyh.unc.edu.ar\/extension\/#organization\"},\"image\":{\"@id\":\"https:\/\/ffyh.unc.edu.ar\/extension\/2013\/08\/29\/curso-la-gramatica-en-debate-propuestas-para-su-ensenanza\/#primaryimage\"},\"thumbnailUrl\":\"http:\/\/ffyh.unc.edu.ar\/extension\/wp-content\/uploads\/sites\/2\/2013\/08\/curso-gramatica-150x150.jpg\",\"articleSection\":[\"Formaci\u00f3n Continua\"],\"inLanguage\":\"es\",\"potentialAction\":[{\"@type\":\"CommentAction\",\"name\":\"Comment\",\"target\":[\"https:\/\/ffyh.unc.edu.ar\/extension\/2013\/08\/29\/curso-la-gramatica-en-debate-propuestas-para-su-ensenanza\/#respond\"]}]},{\"@type\":\"WebPage\",\"@id\":\"https:\/\/ffyh.unc.edu.ar\/extension\/2013\/08\/29\/curso-la-gramatica-en-debate-propuestas-para-su-ensenanza\/\",\"url\":\"https:\/\/ffyh.unc.edu.ar\/extension\/2013\/08\/29\/curso-la-gramatica-en-debate-propuestas-para-su-ensenanza\/\",\"name\":\"Curso: \u201cLa gram\u00e1tica en debate. Propuestas para su ense\u00f1anza\u201d - Secretar\u00eda de Extensi\u00f3n\",\"isPartOf\":{\"@id\":\"https:\/\/ffyh.unc.edu.ar\/extension\/#website\"},\"primaryImageOfPage\":{\"@id\":\"https:\/\/ffyh.unc.edu.ar\/extension\/2013\/08\/29\/curso-la-gramatica-en-debate-propuestas-para-su-ensenanza\/#primaryimage\"},\"image\":{\"@id\":\"https:\/\/ffyh.unc.edu.ar\/extension\/2013\/08\/29\/curso-la-gramatica-en-debate-propuestas-para-su-ensenanza\/#primaryimage\"},\"thumbnailUrl\":\"http:\/\/ffyh.unc.edu.ar\/extension\/wp-content\/uploads\/sites\/2\/2013\/08\/curso-gramatica-150x150.jpg\",\"datePublished\":\"2013-08-29T16:06:30+00:00\",\"breadcrumb\":{\"@id\":\"https:\/\/ffyh.unc.edu.ar\/extension\/2013\/08\/29\/curso-la-gramatica-en-debate-propuestas-para-su-ensenanza\/#breadcrumb\"},\"inLanguage\":\"es\",\"potentialAction\":[{\"@type\":\"ReadAction\",\"target\":[\"https:\/\/ffyh.unc.edu.ar\/extension\/2013\/08\/29\/curso-la-gramatica-en-debate-propuestas-para-su-ensenanza\/\"]}]},{\"@type\":\"ImageObject\",\"inLanguage\":\"es\",\"@id\":\"https:\/\/ffyh.unc.edu.ar\/extension\/2013\/08\/29\/curso-la-gramatica-en-debate-propuestas-para-su-ensenanza\/#primaryimage\",\"url\":\"https:\/\/ffyh.unc.edu.ar\/extension\/wp-content\/uploads\/sites\/2\/2013\/08\/curso-gramatica.jpg\",\"contentUrl\":\"https:\/\/ffyh.unc.edu.ar\/extension\/wp-content\/uploads\/sites\/2\/2013\/08\/curso-gramatica.jpg\",\"width\":677,\"height\":588},{\"@type\":\"BreadcrumbList\",\"@id\":\"https:\/\/ffyh.unc.edu.ar\/extension\/2013\/08\/29\/curso-la-gramatica-en-debate-propuestas-para-su-ensenanza\/#breadcrumb\",\"itemListElement\":[{\"@type\":\"ListItem\",\"position\":1,\"name\":\"Portada\",\"item\":\"https:\/\/ffyh.unc.edu.ar\/extension\/\"},{\"@type\":\"ListItem\",\"position\":2,\"name\":\"Curso: \u201cLa gram\u00e1tica en debate. Propuestas para su ense\u00f1anza\u201d\"}]},{\"@type\":\"WebSite\",\"@id\":\"https:\/\/ffyh.unc.edu.ar\/extension\/#website\",\"url\":\"https:\/\/ffyh.unc.edu.ar\/extension\/\",\"name\":\"Secretar\u00eda de Extensi\u00f3n\",\"description\":\"Facultad de Filosof\u00eda y Humanidades - Universidad Nacional de C\u00f3rdoba\",\"publisher\":{\"@id\":\"https:\/\/ffyh.unc.edu.ar\/extension\/#organization\"},\"potentialAction\":[{\"@type\":\"SearchAction\",\"target\":{\"@type\":\"EntryPoint\",\"urlTemplate\":\"https:\/\/ffyh.unc.edu.ar\/extension\/?s={search_term_string}\"},\"query-input\":{\"@type\":\"PropertyValueSpecification\",\"valueRequired\":true,\"valueName\":\"search_term_string\"}}],\"inLanguage\":\"es\"},{\"@type\":\"Organization\",\"@id\":\"https:\/\/ffyh.unc.edu.ar\/extension\/#organization\",\"name\":\"Secretar\u00eda de Extensi\u00f3n - Facultad de Filosof\u00eda y Humanidades - Universidad Nacional de C\u00f3rdoba\",\"url\":\"https:\/\/ffyh.unc.edu.ar\/extension\/\",\"logo\":{\"@type\":\"ImageObject\",\"inLanguage\":\"es\",\"@id\":\"https:\/\/ffyh.unc.edu.ar\/extension\/#\/schema\/logo\/image\/\",\"url\":\"https:\/\/ffyh.unc.edu.ar\/extension\/wp-content\/uploads\/sites\/2\/2018\/08\/logo-extension-chico.jpg\",\"contentUrl\":\"https:\/\/ffyh.unc.edu.ar\/extension\/wp-content\/uploads\/sites\/2\/2018\/08\/logo-extension-chico.jpg\",\"width\":314,\"height\":119,\"caption\":\"Secretar\u00eda de Extensi\u00f3n - Facultad de Filosof\u00eda y Humanidades - Universidad Nacional de C\u00f3rdoba\"},\"image\":{\"@id\":\"https:\/\/ffyh.unc.edu.ar\/extension\/#\/schema\/logo\/image\/\"},\"sameAs\":[\"https:\/\/www.facebook.com\/extensionffyh\",\"https:\/\/www.instagram.com\/extensionffyh\/\",\"https:\/\/www.youtube.com\/channel\/UCTgN4nvMQE7ktBcgujEI-EA\"]},{\"@type\":\"Person\",\"@id\":\"https:\/\/ffyh.unc.edu.ar\/extension\/#\/schema\/person\/e6b9f6aec95cb7437bb2fde09e23b224\",\"name\":\"\u00c1rea de Comunicaci\u00f3n - FFyH\",\"url\":\"https:\/\/ffyh.unc.edu.ar\/extension\/author\/prensa\/\"}]}<\/script>\n<!-- \/ Yoast SEO plugin. -->","yoast_head_json":{"title":"Curso: \u201cLa gram\u00e1tica en debate. Propuestas para su ense\u00f1anza\u201d - Secretar\u00eda de Extensi\u00f3n","robots":{"index":"index","follow":"follow","max-snippet":"max-snippet:-1","max-image-preview":"max-image-preview:large","max-video-preview":"max-video-preview:-1"},"canonical":"https:\/\/ffyh.unc.edu.ar\/extension\/2013\/08\/29\/curso-la-gramatica-en-debate-propuestas-para-su-ensenanza\/","og_locale":"es_ES","og_type":"article","og_title":"Curso: \u201cLa gram\u00e1tica en debate. Propuestas para su ense\u00f1anza\u201d - Secretar\u00eda de Extensi\u00f3n","og_description":"&#8211; Sin puntaje docente&#8211; La Secretar\u00eda de Extensi\u00f3n de la FFyH informa que se encuentran abiertas las inscripciones para el","og_url":"https:\/\/ffyh.unc.edu.ar\/extension\/2013\/08\/29\/curso-la-gramatica-en-debate-propuestas-para-su-ensenanza\/","og_site_name":"Secretar\u00eda de Extensi\u00f3n","article_publisher":"https:\/\/www.facebook.com\/extensionffyh","article_published_time":"2013-08-29T16:06:30+00:00","og_image":[{"url":"http:\/\/ffyh.unc.edu.ar\/extension\/wp-content\/uploads\/sites\/2\/2013\/08\/curso-gramatica-150x150.jpg","type":"","width":"","height":""}],"author":"\u00c1rea de Comunicaci\u00f3n - FFyH","twitter_card":"summary_large_image","twitter_misc":{"Escrito por":false,"Tiempo de lectura":"1 minuto"},"schema":{"@context":"https:\/\/schema.org","@graph":[{"@type":"Article","@id":"https:\/\/ffyh.unc.edu.ar\/extension\/2013\/08\/29\/curso-la-gramatica-en-debate-propuestas-para-su-ensenanza\/#article","isPartOf":{"@id":"https:\/\/ffyh.unc.edu.ar\/extension\/2013\/08\/29\/curso-la-gramatica-en-debate-propuestas-para-su-ensenanza\/"},"author":{"name":"\u00c1rea de Comunicaci\u00f3n - FFyH","@id":"https:\/\/ffyh.unc.edu.ar\/extension\/#\/schema\/person\/e6b9f6aec95cb7437bb2fde09e23b224"},"headline":"Curso: \u201cLa gram\u00e1tica en debate. Propuestas para su ense\u00f1anza\u201d","datePublished":"2013-08-29T16:06:30+00:00","mainEntityOfPage":{"@id":"https:\/\/ffyh.unc.edu.ar\/extension\/2013\/08\/29\/curso-la-gramatica-en-debate-propuestas-para-su-ensenanza\/"},"wordCount":222,"commentCount":0,"publisher":{"@id":"https:\/\/ffyh.unc.edu.ar\/extension\/#organization"},"image":{"@id":"https:\/\/ffyh.unc.edu.ar\/extension\/2013\/08\/29\/curso-la-gramatica-en-debate-propuestas-para-su-ensenanza\/#primaryimage"},"thumbnailUrl":"http:\/\/ffyh.unc.edu.ar\/extension\/wp-content\/uploads\/sites\/2\/2013\/08\/curso-gramatica-150x150.jpg","articleSection":["Formaci\u00f3n Continua"],"inLanguage":"es","potentialAction":[{"@type":"CommentAction","name":"Comment","target":["https:\/\/ffyh.unc.edu.ar\/extension\/2013\/08\/29\/curso-la-gramatica-en-debate-propuestas-para-su-ensenanza\/#respond"]}]},{"@type":"WebPage","@id":"https:\/\/ffyh.unc.edu.ar\/extension\/2013\/08\/29\/curso-la-gramatica-en-debate-propuestas-para-su-ensenanza\/","url":"https:\/\/ffyh.unc.edu.ar\/extension\/2013\/08\/29\/curso-la-gramatica-en-debate-propuestas-para-su-ensenanza\/","name":"Curso: \u201cLa gram\u00e1tica en debate. Propuestas para su ense\u00f1anza\u201d - Secretar\u00eda de Extensi\u00f3n","isPartOf":{"@id":"https:\/\/ffyh.unc.edu.ar\/extension\/#website"},"primaryImageOfPage":{"@id":"https:\/\/ffyh.unc.edu.ar\/extension\/2013\/08\/29\/curso-la-gramatica-en-debate-propuestas-para-su-ensenanza\/#primaryimage"},"image":{"@id":"https:\/\/ffyh.unc.edu.ar\/extension\/2013\/08\/29\/curso-la-gramatica-en-debate-propuestas-para-su-ensenanza\/#primaryimage"},"thumbnailUrl":"http:\/\/ffyh.unc.edu.ar\/extension\/wp-content\/uploads\/sites\/2\/2013\/08\/curso-gramatica-150x150.jpg","datePublished":"2013-08-29T16:06:30+00:00","breadcrumb":{"@id":"https:\/\/ffyh.unc.edu.ar\/extension\/2013\/08\/29\/curso-la-gramatica-en-debate-propuestas-para-su-ensenanza\/#breadcrumb"},"inLanguage":"es","potentialAction":[{"@type":"ReadAction","target":["https:\/\/ffyh.unc.edu.ar\/extension\/2013\/08\/29\/curso-la-gramatica-en-debate-propuestas-para-su-ensenanza\/"]}]},{"@type":"ImageObject","inLanguage":"es","@id":"https:\/\/ffyh.unc.edu.ar\/extension\/2013\/08\/29\/curso-la-gramatica-en-debate-propuestas-para-su-ensenanza\/#primaryimage","url":"https:\/\/ffyh.unc.edu.ar\/extension\/wp-content\/uploads\/sites\/2\/2013\/08\/curso-gramatica.jpg","contentUrl":"https:\/\/ffyh.unc.edu.ar\/extension\/wp-content\/uploads\/sites\/2\/2013\/08\/curso-gramatica.jpg","width":677,"height":588},{"@type":"BreadcrumbList","@id":"https:\/\/ffyh.unc.edu.ar\/extension\/2013\/08\/29\/curso-la-gramatica-en-debate-propuestas-para-su-ensenanza\/#breadcrumb","itemListElement":[{"@type":"ListItem","position":1,"name":"Portada","item":"https:\/\/ffyh.unc.edu.ar\/extension\/"},{"@type":"ListItem","position":2,"name":"Curso: \u201cLa gram\u00e1tica en debate. Propuestas para su ense\u00f1anza\u201d"}]},{"@type":"WebSite","@id":"https:\/\/ffyh.unc.edu.ar\/extension\/#website","url":"https:\/\/ffyh.unc.edu.ar\/extension\/","name":"Secretar\u00eda de Extensi\u00f3n","description":"Facultad de Filosof\u00eda y Humanidades - Universidad Nacional de C\u00f3rdoba","publisher":{"@id":"https:\/\/ffyh.unc.edu.ar\/extension\/#organization"},"potentialAction":[{"@type":"SearchAction","target":{"@type":"EntryPoint","urlTemplate":"https:\/\/ffyh.unc.edu.ar\/extension\/?s={search_term_string}"},"query-input":{"@type":"PropertyValueSpecification","valueRequired":true,"valueName":"search_term_string"}}],"inLanguage":"es"},{"@type":"Organization","@id":"https:\/\/ffyh.unc.edu.ar\/extension\/#organization","name":"Secretar\u00eda de Extensi\u00f3n - Facultad de Filosof\u00eda y Humanidades - Universidad Nacional de C\u00f3rdoba","url":"https:\/\/ffyh.unc.edu.ar\/extension\/","logo":{"@type":"ImageObject","inLanguage":"es","@id":"https:\/\/ffyh.unc.edu.ar\/extension\/#\/schema\/logo\/image\/","url":"https:\/\/ffyh.unc.edu.ar\/extension\/wp-content\/uploads\/sites\/2\/2018\/08\/logo-extension-chico.jpg","contentUrl":"https:\/\/ffyh.unc.edu.ar\/extension\/wp-content\/uploads\/sites\/2\/2018\/08\/logo-extension-chico.jpg","width":314,"height":119,"caption":"Secretar\u00eda de Extensi\u00f3n - Facultad de Filosof\u00eda y Humanidades - Universidad Nacional de C\u00f3rdoba"},"image":{"@id":"https:\/\/ffyh.unc.edu.ar\/extension\/#\/schema\/logo\/image\/"},"sameAs":["https:\/\/www.facebook.com\/extensionffyh","https:\/\/www.instagram.com\/extensionffyh\/","https:\/\/www.youtube.com\/channel\/UCTgN4nvMQE7ktBcgujEI-EA"]},{"@type":"Person","@id":"https:\/\/ffyh.unc.edu.ar\/extension\/#\/schema\/person\/e6b9f6aec95cb7437bb2fde09e23b224","name":"\u00c1rea de Comunicaci\u00f3n - FFyH","url":"https:\/\/ffyh.unc.edu.ar\/extension\/author\/prensa\/"}]}},"jetpack_featured_media_url":"","_links":{"self":[{"href":"https:\/\/ffyh.unc.edu.ar\/extension\/wp-json\/wp\/v2\/posts\/883","targetHints":{"allow":["GET"]}}],"collection":[{"href":"https:\/\/ffyh.unc.edu.ar\/extension\/wp-json\/wp\/v2\/posts"}],"about":[{"href":"https:\/\/ffyh.unc.edu.ar\/extension\/wp-json\/wp\/v2\/types\/post"}],"author":[{"embeddable":true,"href":"https:\/\/ffyh.unc.edu.ar\/extension\/wp-json\/wp\/v2\/users\/2"}],"replies":[{"embeddable":true,"href":"https:\/\/ffyh.unc.edu.ar\/extension\/wp-json\/wp\/v2\/comments?post=883"}],"version-history":[{"count":0,"href":"https:\/\/ffyh.unc.edu.ar\/extension\/wp-json\/wp\/v2\/posts\/883\/revisions"}],"wp:attachment":[{"href":"https:\/\/ffyh.unc.edu.ar\/extension\/wp-json\/wp\/v2\/media?parent=883"}],"wp:term":[{"taxonomy":"category","embeddable":true,"href":"https:\/\/ffyh.unc.edu.ar\/extension\/wp-json\/wp\/v2\/categories?post=883"},{"taxonomy":"post_tag","embeddable":true,"href":"https:\/\/ffyh.unc.edu.ar\/extension\/wp-json\/wp\/v2\/tags?post=883"}],"curies":[{"name":"wp","href":"https:\/\/api.w.org\/{rel}","templated":true}]}}