{"id":9381,"date":"2025-11-11T15:42:31","date_gmt":"2025-11-11T15:42:31","guid":{"rendered":"https:\/\/ffyh.unc.edu.ar\/extension\/?p=9381"},"modified":"2025-11-11T16:36:50","modified_gmt":"2025-11-11T16:36:50","slug":"filo-recicla-recorrido-por-la-planta-de-zona-sur-de-la-cooperativa-la-esperanza","status":"publish","type":"post","link":"https:\/\/ffyh.unc.edu.ar\/extension\/2025\/11\/11\/filo-recicla-recorrido-por-la-planta-de-zona-sur-de-la-cooperativa-la-esperanza\/","title":{"rendered":"Filo recicla | Recorrido por la planta de zona sur de la Cooperativa La Esperanza"},"content":{"rendered":"<p><em>El pasado mi\u00e9rcoles 5 de noviembre estudiantes del seminario \u201c\u00bfDevolver algo a la sociedad? Discusiones sobre extensi\u00f3n universitaria\u201d estuvieron de visita en la planta de tratamiento de materiales de la Cooperativa la Esperanza. Ac\u00e1 te contamos algunos detalles del este encuentro junto a quienes integran Filo Recicla.<\/em><!--more--><\/p>\n<p>El seminario \u201c\u00bfDevolver algo a la sociedad? Discusiones sobre extensi\u00f3n universitaria\u201d cuyas docentes son Flavia Romero y Liliana V. Pereyra, se propone visibilizar la extensi\u00f3n universitaria como espacio de construcci\u00f3n de conocimiento en el marco de la integralidad de funciones, dando cuenta de su relevancia en la formaci\u00f3n de estudiantes y profesionales comprometidxs con las problem\u00e1ticas de su tiempo a trav\u00e9s de sus saberes disciplinares.<\/p>\n<p>Espec\u00edficamente, el espacio tiene por objeto identificar los principales conceptos y argumentos que conforman el campo de la extensi\u00f3n universitaria en las humanidades, reconocer el lugar pol\u00edtico y situacional desde el que se produce conocimiento en la universidad p\u00fablica y revisar cr\u00edticamente los supuestos sobre el v\u00ednculo entre la universidad y la sociedad. Al mismo tiempo intenta reconocer diversas miradas sobre la otredad y sus implicancias \u00e9tico-pol\u00edticas en las metodolog\u00edas de trabajo colectivas, pensar colectivamente los procesos de producci\u00f3n de conocimiento en y desde las experiencias en territorio y resignificar las concepciones de extensi\u00f3n universitaria a la luz de los prop\u00f3sitos anteriormente planteados.<\/p>\n<p>En el marco de este seminario fue que el pasado mi\u00e9rcoles 5 de noviembre se produjo la visita a la planta de tratamiento de materiales de la Cooperativa la Esperanza junto a quienes cursan el seminario. Durante la visita, los y las estudiantes conversaron con operarios de planta sobre el circuito productivo de los materiales que ingresan, c\u00f3mo organizan su trabajo desde el sector y la importancia de la recuperaci\u00f3n de residuos para el cuidado del medio ambiente.<\/p>\n<p>Tambi\u00e9n, las trabajadoras m\u00e1s j\u00f3venes de la cooperativa compartieron su experiencia sobre el proyecto <em>Hilando Futuro<\/em>, en el cual producen hilo altamente resistente a partir del pl\u00e1stico de botellas PET<\/p>\n<p>Agradecemos a les trabajadores de la planta zona sur de La Esperanza por recibirnos con calidez y ganas de conversar. Tambi\u00e9n agradecemos a quienes forman parte de Filo Recicla por permitirnos acercarnos a conocer el trabajo que llevan adelante de manera articulada con la cooperativa desde donde se apuesta a impulsar una pol\u00edtica de gesti\u00f3n de residuos diferente para nuestra facultad.<\/p>\n<p>Cabe se\u00f1alar que, en el marco de este seminario, tambi\u00e9n se est\u00e1n llevando a cabo visitas de estudiantes a los proyectos: \u00ab(Re)Creando infancias. Filosofar con ni\u00f1xs\u00bb, \u00abHacer escuela: ni\u00f1eces y derechos en las tramas de la desigualdad\u00bb y\u00a0\u00abPalabras en juego. Talleres de literatura y alfabetizaci\u00f3n\u00bb.<\/p>\n<p><a href=\"https:\/\/ffyh.unc.edu.ar\/extension\/2025\/11\/11\/filo-recicla-recorrido-por-la-planta-de-zona-sur-de-la-cooperativa-la-esperanza\/filorecicla-2\/\" rel=\"attachment wp-att-9385\"><img loading=\"lazy\" decoding=\"async\" class=\"alignnone wp-image-9385 size-full\" src=\"http:\/\/ffyh.unc.edu.ar\/extension\/wp-content\/uploads\/sites\/2\/2025\/11\/filorecicla-2.jpeg\" alt=\"\" width=\"1080\" height=\"738\" srcset=\"https:\/\/ffyh.unc.edu.ar\/extension\/wp-content\/uploads\/sites\/2\/2025\/11\/filorecicla-2.jpeg 1080w, https:\/\/ffyh.unc.edu.ar\/extension\/wp-content\/uploads\/sites\/2\/2025\/11\/filorecicla-2-300x205.jpeg 300w, https:\/\/ffyh.unc.edu.ar\/extension\/wp-content\/uploads\/sites\/2\/2025\/11\/filorecicla-2-1024x700.jpeg 1024w, https:\/\/ffyh.unc.edu.ar\/extension\/wp-content\/uploads\/sites\/2\/2025\/11\/filorecicla-2-768x525.jpeg 768w, https:\/\/ffyh.unc.edu.ar\/extension\/wp-content\/uploads\/sites\/2\/2025\/11\/filorecicla-2-130x90.jpeg 130w\" sizes=\"auto, (max-width: 1080px) 100vw, 1080px\" \/><\/a><\/p>\n","protected":false},"excerpt":{"rendered":"<p>El pasado mi\u00e9rcoles 5 de noviembre estudiantes del seminario \u201c\u00bfDevolver algo a la sociedad? Discusiones sobre extensi\u00f3n universitaria\u201d estuvieron de<\/p>\n","protected":false},"author":3,"featured_media":9384,"comment_status":"closed","ping_status":"closed","sticky":false,"template":"","format":"standard","meta":{"_acf_changed":false,"colormag_page_container_layout":"default_layout","colormag_page_sidebar_layout":"default_layout","footnotes":""},"categories":[12,54],"tags":[],"class_list":["post-9381","post","type-post","status-publish","format-standard","has-post-thumbnail","hentry","category-noticias","category-seminario"],"acf":[],"yoast_head":"<!-- This site is optimized with the Yoast SEO plugin v27.1.1 - https:\/\/yoast.com\/product\/yoast-seo-wordpress\/ -->\n<title>Filo recicla | Recorrido por la planta de zona sur de la Cooperativa La Esperanza - Secretar\u00eda de Extensi\u00f3n<\/title>\n<meta name=\"robots\" content=\"index, follow, max-snippet:-1, max-image-preview:large, max-video-preview:-1\" \/>\n<link rel=\"canonical\" href=\"https:\/\/ffyh.unc.edu.ar\/extension\/2025\/11\/11\/filo-recicla-recorrido-por-la-planta-de-zona-sur-de-la-cooperativa-la-esperanza\/\" \/>\n<meta property=\"og:locale\" content=\"es_ES\" \/>\n<meta property=\"og:type\" content=\"article\" \/>\n<meta property=\"og:title\" content=\"Filo recicla | Recorrido por la planta de zona sur de la Cooperativa La Esperanza - Secretar\u00eda de Extensi\u00f3n\" \/>\n<meta property=\"og:description\" content=\"El pasado mi\u00e9rcoles 5 de noviembre estudiantes del seminario \u201c\u00bfDevolver algo a la sociedad? Discusiones sobre extensi\u00f3n universitaria\u201d estuvieron de\" \/>\n<meta property=\"og:url\" content=\"https:\/\/ffyh.unc.edu.ar\/extension\/2025\/11\/11\/filo-recicla-recorrido-por-la-planta-de-zona-sur-de-la-cooperativa-la-esperanza\/\" \/>\n<meta property=\"og:site_name\" content=\"Secretar\u00eda de Extensi\u00f3n\" \/>\n<meta property=\"article:publisher\" content=\"https:\/\/www.facebook.com\/extensionffyh\" \/>\n<meta property=\"article:published_time\" content=\"2025-11-11T15:42:31+00:00\" \/>\n<meta property=\"article:modified_time\" content=\"2025-11-11T16:36:50+00:00\" \/>\n<meta property=\"og:image\" content=\"http:\/\/ffyh.unc.edu.ar\/extension\/wp-content\/uploads\/sites\/2\/2025\/11\/filorecicla-1.jpeg\" \/>\n\t<meta property=\"og:image:width\" content=\"1080\" \/>\n\t<meta property=\"og:image:height\" content=\"642\" \/>\n\t<meta property=\"og:image:type\" content=\"image\/jpeg\" \/>\n<meta name=\"author\" content=\"extension\" \/>\n<meta name=\"twitter:card\" content=\"summary_large_image\" \/>\n<meta name=\"twitter:label1\" content=\"Escrito por\" \/>\n\t<meta name=\"twitter:data1\" content=\"\" \/>\n\t<meta name=\"twitter:label2\" content=\"Tiempo de lectura\" \/>\n\t<meta name=\"twitter:data2\" content=\"2 minutos\" \/>\n<script type=\"application\/ld+json\" class=\"yoast-schema-graph\">{\"@context\":\"https:\/\/schema.org\",\"@graph\":[{\"@type\":\"Article\",\"@id\":\"https:\/\/ffyh.unc.edu.ar\/extension\/2025\/11\/11\/filo-recicla-recorrido-por-la-planta-de-zona-sur-de-la-cooperativa-la-esperanza\/#article\",\"isPartOf\":{\"@id\":\"https:\/\/ffyh.unc.edu.ar\/extension\/2025\/11\/11\/filo-recicla-recorrido-por-la-planta-de-zona-sur-de-la-cooperativa-la-esperanza\/\"},\"author\":{\"name\":\"extension\",\"@id\":\"https:\/\/ffyh.unc.edu.ar\/extension\/#\/schema\/person\/c429cdff3a192a7081944182246c3689\"},\"headline\":\"Filo recicla | Recorrido por la planta de zona sur de la Cooperativa La Esperanza\",\"datePublished\":\"2025-11-11T15:42:31+00:00\",\"dateModified\":\"2025-11-11T16:36:50+00:00\",\"mainEntityOfPage\":{\"@id\":\"https:\/\/ffyh.unc.edu.ar\/extension\/2025\/11\/11\/filo-recicla-recorrido-por-la-planta-de-zona-sur-de-la-cooperativa-la-esperanza\/\"},\"wordCount\":478,\"publisher\":{\"@id\":\"https:\/\/ffyh.unc.edu.ar\/extension\/#organization\"},\"image\":{\"@id\":\"https:\/\/ffyh.unc.edu.ar\/extension\/2025\/11\/11\/filo-recicla-recorrido-por-la-planta-de-zona-sur-de-la-cooperativa-la-esperanza\/#primaryimage\"},\"thumbnailUrl\":\"https:\/\/ffyh.unc.edu.ar\/extension\/wp-content\/uploads\/sites\/2\/2025\/11\/filorecicla-1.jpeg\",\"articleSection\":[\"Noticias\",\"Seminarios\"],\"inLanguage\":\"es\"},{\"@type\":\"WebPage\",\"@id\":\"https:\/\/ffyh.unc.edu.ar\/extension\/2025\/11\/11\/filo-recicla-recorrido-por-la-planta-de-zona-sur-de-la-cooperativa-la-esperanza\/\",\"url\":\"https:\/\/ffyh.unc.edu.ar\/extension\/2025\/11\/11\/filo-recicla-recorrido-por-la-planta-de-zona-sur-de-la-cooperativa-la-esperanza\/\",\"name\":\"Filo recicla | Recorrido por la planta de zona sur de la Cooperativa La Esperanza - Secretar\u00eda de Extensi\u00f3n\",\"isPartOf\":{\"@id\":\"https:\/\/ffyh.unc.edu.ar\/extension\/#website\"},\"primaryImageOfPage\":{\"@id\":\"https:\/\/ffyh.unc.edu.ar\/extension\/2025\/11\/11\/filo-recicla-recorrido-por-la-planta-de-zona-sur-de-la-cooperativa-la-esperanza\/#primaryimage\"},\"image\":{\"@id\":\"https:\/\/ffyh.unc.edu.ar\/extension\/2025\/11\/11\/filo-recicla-recorrido-por-la-planta-de-zona-sur-de-la-cooperativa-la-esperanza\/#primaryimage\"},\"thumbnailUrl\":\"https:\/\/ffyh.unc.edu.ar\/extension\/wp-content\/uploads\/sites\/2\/2025\/11\/filorecicla-1.jpeg\",\"datePublished\":\"2025-11-11T15:42:31+00:00\",\"dateModified\":\"2025-11-11T16:36:50+00:00\",\"breadcrumb\":{\"@id\":\"https:\/\/ffyh.unc.edu.ar\/extension\/2025\/11\/11\/filo-recicla-recorrido-por-la-planta-de-zona-sur-de-la-cooperativa-la-esperanza\/#breadcrumb\"},\"inLanguage\":\"es\",\"potentialAction\":[{\"@type\":\"ReadAction\",\"target\":[\"https:\/\/ffyh.unc.edu.ar\/extension\/2025\/11\/11\/filo-recicla-recorrido-por-la-planta-de-zona-sur-de-la-cooperativa-la-esperanza\/\"]}]},{\"@type\":\"ImageObject\",\"inLanguage\":\"es\",\"@id\":\"https:\/\/ffyh.unc.edu.ar\/extension\/2025\/11\/11\/filo-recicla-recorrido-por-la-planta-de-zona-sur-de-la-cooperativa-la-esperanza\/#primaryimage\",\"url\":\"https:\/\/ffyh.unc.edu.ar\/extension\/wp-content\/uploads\/sites\/2\/2025\/11\/filorecicla-1.jpeg\",\"contentUrl\":\"https:\/\/ffyh.unc.edu.ar\/extension\/wp-content\/uploads\/sites\/2\/2025\/11\/filorecicla-1.jpeg\",\"width\":1080,\"height\":642},{\"@type\":\"BreadcrumbList\",\"@id\":\"https:\/\/ffyh.unc.edu.ar\/extension\/2025\/11\/11\/filo-recicla-recorrido-por-la-planta-de-zona-sur-de-la-cooperativa-la-esperanza\/#breadcrumb\",\"itemListElement\":[{\"@type\":\"ListItem\",\"position\":1,\"name\":\"Portada\",\"item\":\"https:\/\/ffyh.unc.edu.ar\/extension\/\"},{\"@type\":\"ListItem\",\"position\":2,\"name\":\"Filo recicla | Recorrido por la planta de zona sur de la Cooperativa La Esperanza\"}]},{\"@type\":\"WebSite\",\"@id\":\"https:\/\/ffyh.unc.edu.ar\/extension\/#website\",\"url\":\"https:\/\/ffyh.unc.edu.ar\/extension\/\",\"name\":\"Secretar\u00eda de Extensi\u00f3n\",\"description\":\"Facultad de Filosof\u00eda y Humanidades - Universidad Nacional de C\u00f3rdoba\",\"publisher\":{\"@id\":\"https:\/\/ffyh.unc.edu.ar\/extension\/#organization\"},\"potentialAction\":[{\"@type\":\"SearchAction\",\"target\":{\"@type\":\"EntryPoint\",\"urlTemplate\":\"https:\/\/ffyh.unc.edu.ar\/extension\/?s={search_term_string}\"},\"query-input\":{\"@type\":\"PropertyValueSpecification\",\"valueRequired\":true,\"valueName\":\"search_term_string\"}}],\"inLanguage\":\"es\"},{\"@type\":\"Organization\",\"@id\":\"https:\/\/ffyh.unc.edu.ar\/extension\/#organization\",\"name\":\"Secretar\u00eda de Extensi\u00f3n - Facultad de Filosof\u00eda y Humanidades - Universidad Nacional de C\u00f3rdoba\",\"url\":\"https:\/\/ffyh.unc.edu.ar\/extension\/\",\"logo\":{\"@type\":\"ImageObject\",\"inLanguage\":\"es\",\"@id\":\"https:\/\/ffyh.unc.edu.ar\/extension\/#\/schema\/logo\/image\/\",\"url\":\"https:\/\/ffyh.unc.edu.ar\/extension\/wp-content\/uploads\/sites\/2\/2018\/08\/logo-extension-chico.jpg\",\"contentUrl\":\"https:\/\/ffyh.unc.edu.ar\/extension\/wp-content\/uploads\/sites\/2\/2018\/08\/logo-extension-chico.jpg\",\"width\":314,\"height\":119,\"caption\":\"Secretar\u00eda de Extensi\u00f3n - Facultad de Filosof\u00eda y Humanidades - Universidad Nacional de C\u00f3rdoba\"},\"image\":{\"@id\":\"https:\/\/ffyh.unc.edu.ar\/extension\/#\/schema\/logo\/image\/\"},\"sameAs\":[\"https:\/\/www.facebook.com\/extensionffyh\",\"https:\/\/www.instagram.com\/extensionffyh\/\",\"https:\/\/www.youtube.com\/channel\/UCTgN4nvMQE7ktBcgujEI-EA\"]},{\"@type\":\"Person\",\"@id\":\"https:\/\/ffyh.unc.edu.ar\/extension\/#\/schema\/person\/c429cdff3a192a7081944182246c3689\",\"name\":\"extension\",\"url\":\"https:\/\/ffyh.unc.edu.ar\/extension\/author\/extension\/\"}]}<\/script>\n<!-- \/ Yoast SEO plugin. -->","yoast_head_json":{"title":"Filo recicla | Recorrido por la planta de zona sur de la Cooperativa La Esperanza - Secretar\u00eda de Extensi\u00f3n","robots":{"index":"index","follow":"follow","max-snippet":"max-snippet:-1","max-image-preview":"max-image-preview:large","max-video-preview":"max-video-preview:-1"},"canonical":"https:\/\/ffyh.unc.edu.ar\/extension\/2025\/11\/11\/filo-recicla-recorrido-por-la-planta-de-zona-sur-de-la-cooperativa-la-esperanza\/","og_locale":"es_ES","og_type":"article","og_title":"Filo recicla | Recorrido por la planta de zona sur de la Cooperativa La Esperanza - Secretar\u00eda de Extensi\u00f3n","og_description":"El pasado mi\u00e9rcoles 5 de noviembre estudiantes del seminario \u201c\u00bfDevolver algo a la sociedad? Discusiones sobre extensi\u00f3n universitaria\u201d estuvieron de","og_url":"https:\/\/ffyh.unc.edu.ar\/extension\/2025\/11\/11\/filo-recicla-recorrido-por-la-planta-de-zona-sur-de-la-cooperativa-la-esperanza\/","og_site_name":"Secretar\u00eda de Extensi\u00f3n","article_publisher":"https:\/\/www.facebook.com\/extensionffyh","article_published_time":"2025-11-11T15:42:31+00:00","article_modified_time":"2025-11-11T16:36:50+00:00","og_image":[{"width":1080,"height":642,"url":"http:\/\/ffyh.unc.edu.ar\/extension\/wp-content\/uploads\/sites\/2\/2025\/11\/filorecicla-1.jpeg","type":"image\/jpeg"}],"author":"extension","twitter_card":"summary_large_image","twitter_misc":{"Escrito por":false,"Tiempo de lectura":"2 minutos"},"schema":{"@context":"https:\/\/schema.org","@graph":[{"@type":"Article","@id":"https:\/\/ffyh.unc.edu.ar\/extension\/2025\/11\/11\/filo-recicla-recorrido-por-la-planta-de-zona-sur-de-la-cooperativa-la-esperanza\/#article","isPartOf":{"@id":"https:\/\/ffyh.unc.edu.ar\/extension\/2025\/11\/11\/filo-recicla-recorrido-por-la-planta-de-zona-sur-de-la-cooperativa-la-esperanza\/"},"author":{"name":"extension","@id":"https:\/\/ffyh.unc.edu.ar\/extension\/#\/schema\/person\/c429cdff3a192a7081944182246c3689"},"headline":"Filo recicla | Recorrido por la planta de zona sur de la Cooperativa La Esperanza","datePublished":"2025-11-11T15:42:31+00:00","dateModified":"2025-11-11T16:36:50+00:00","mainEntityOfPage":{"@id":"https:\/\/ffyh.unc.edu.ar\/extension\/2025\/11\/11\/filo-recicla-recorrido-por-la-planta-de-zona-sur-de-la-cooperativa-la-esperanza\/"},"wordCount":478,"publisher":{"@id":"https:\/\/ffyh.unc.edu.ar\/extension\/#organization"},"image":{"@id":"https:\/\/ffyh.unc.edu.ar\/extension\/2025\/11\/11\/filo-recicla-recorrido-por-la-planta-de-zona-sur-de-la-cooperativa-la-esperanza\/#primaryimage"},"thumbnailUrl":"https:\/\/ffyh.unc.edu.ar\/extension\/wp-content\/uploads\/sites\/2\/2025\/11\/filorecicla-1.jpeg","articleSection":["Noticias","Seminarios"],"inLanguage":"es"},{"@type":"WebPage","@id":"https:\/\/ffyh.unc.edu.ar\/extension\/2025\/11\/11\/filo-recicla-recorrido-por-la-planta-de-zona-sur-de-la-cooperativa-la-esperanza\/","url":"https:\/\/ffyh.unc.edu.ar\/extension\/2025\/11\/11\/filo-recicla-recorrido-por-la-planta-de-zona-sur-de-la-cooperativa-la-esperanza\/","name":"Filo recicla | Recorrido por la planta de zona sur de la Cooperativa La Esperanza - Secretar\u00eda de Extensi\u00f3n","isPartOf":{"@id":"https:\/\/ffyh.unc.edu.ar\/extension\/#website"},"primaryImageOfPage":{"@id":"https:\/\/ffyh.unc.edu.ar\/extension\/2025\/11\/11\/filo-recicla-recorrido-por-la-planta-de-zona-sur-de-la-cooperativa-la-esperanza\/#primaryimage"},"image":{"@id":"https:\/\/ffyh.unc.edu.ar\/extension\/2025\/11\/11\/filo-recicla-recorrido-por-la-planta-de-zona-sur-de-la-cooperativa-la-esperanza\/#primaryimage"},"thumbnailUrl":"https:\/\/ffyh.unc.edu.ar\/extension\/wp-content\/uploads\/sites\/2\/2025\/11\/filorecicla-1.jpeg","datePublished":"2025-11-11T15:42:31+00:00","dateModified":"2025-11-11T16:36:50+00:00","breadcrumb":{"@id":"https:\/\/ffyh.unc.edu.ar\/extension\/2025\/11\/11\/filo-recicla-recorrido-por-la-planta-de-zona-sur-de-la-cooperativa-la-esperanza\/#breadcrumb"},"inLanguage":"es","potentialAction":[{"@type":"ReadAction","target":["https:\/\/ffyh.unc.edu.ar\/extension\/2025\/11\/11\/filo-recicla-recorrido-por-la-planta-de-zona-sur-de-la-cooperativa-la-esperanza\/"]}]},{"@type":"ImageObject","inLanguage":"es","@id":"https:\/\/ffyh.unc.edu.ar\/extension\/2025\/11\/11\/filo-recicla-recorrido-por-la-planta-de-zona-sur-de-la-cooperativa-la-esperanza\/#primaryimage","url":"https:\/\/ffyh.unc.edu.ar\/extension\/wp-content\/uploads\/sites\/2\/2025\/11\/filorecicla-1.jpeg","contentUrl":"https:\/\/ffyh.unc.edu.ar\/extension\/wp-content\/uploads\/sites\/2\/2025\/11\/filorecicla-1.jpeg","width":1080,"height":642},{"@type":"BreadcrumbList","@id":"https:\/\/ffyh.unc.edu.ar\/extension\/2025\/11\/11\/filo-recicla-recorrido-por-la-planta-de-zona-sur-de-la-cooperativa-la-esperanza\/#breadcrumb","itemListElement":[{"@type":"ListItem","position":1,"name":"Portada","item":"https:\/\/ffyh.unc.edu.ar\/extension\/"},{"@type":"ListItem","position":2,"name":"Filo recicla | Recorrido por la planta de zona sur de la Cooperativa La Esperanza"}]},{"@type":"WebSite","@id":"https:\/\/ffyh.unc.edu.ar\/extension\/#website","url":"https:\/\/ffyh.unc.edu.ar\/extension\/","name":"Secretar\u00eda de Extensi\u00f3n","description":"Facultad de Filosof\u00eda y Humanidades - Universidad Nacional de C\u00f3rdoba","publisher":{"@id":"https:\/\/ffyh.unc.edu.ar\/extension\/#organization"},"potentialAction":[{"@type":"SearchAction","target":{"@type":"EntryPoint","urlTemplate":"https:\/\/ffyh.unc.edu.ar\/extension\/?s={search_term_string}"},"query-input":{"@type":"PropertyValueSpecification","valueRequired":true,"valueName":"search_term_string"}}],"inLanguage":"es"},{"@type":"Organization","@id":"https:\/\/ffyh.unc.edu.ar\/extension\/#organization","name":"Secretar\u00eda de Extensi\u00f3n - Facultad de Filosof\u00eda y Humanidades - Universidad Nacional de C\u00f3rdoba","url":"https:\/\/ffyh.unc.edu.ar\/extension\/","logo":{"@type":"ImageObject","inLanguage":"es","@id":"https:\/\/ffyh.unc.edu.ar\/extension\/#\/schema\/logo\/image\/","url":"https:\/\/ffyh.unc.edu.ar\/extension\/wp-content\/uploads\/sites\/2\/2018\/08\/logo-extension-chico.jpg","contentUrl":"https:\/\/ffyh.unc.edu.ar\/extension\/wp-content\/uploads\/sites\/2\/2018\/08\/logo-extension-chico.jpg","width":314,"height":119,"caption":"Secretar\u00eda de Extensi\u00f3n - Facultad de Filosof\u00eda y Humanidades - Universidad Nacional de C\u00f3rdoba"},"image":{"@id":"https:\/\/ffyh.unc.edu.ar\/extension\/#\/schema\/logo\/image\/"},"sameAs":["https:\/\/www.facebook.com\/extensionffyh","https:\/\/www.instagram.com\/extensionffyh\/","https:\/\/www.youtube.com\/channel\/UCTgN4nvMQE7ktBcgujEI-EA"]},{"@type":"Person","@id":"https:\/\/ffyh.unc.edu.ar\/extension\/#\/schema\/person\/c429cdff3a192a7081944182246c3689","name":"extension","url":"https:\/\/ffyh.unc.edu.ar\/extension\/author\/extension\/"}]}},"jetpack_featured_media_url":"https:\/\/ffyh.unc.edu.ar\/extension\/wp-content\/uploads\/sites\/2\/2025\/11\/filorecicla-1.jpeg","_links":{"self":[{"href":"https:\/\/ffyh.unc.edu.ar\/extension\/wp-json\/wp\/v2\/posts\/9381","targetHints":{"allow":["GET"]}}],"collection":[{"href":"https:\/\/ffyh.unc.edu.ar\/extension\/wp-json\/wp\/v2\/posts"}],"about":[{"href":"https:\/\/ffyh.unc.edu.ar\/extension\/wp-json\/wp\/v2\/types\/post"}],"author":[{"embeddable":true,"href":"https:\/\/ffyh.unc.edu.ar\/extension\/wp-json\/wp\/v2\/users\/3"}],"replies":[{"embeddable":true,"href":"https:\/\/ffyh.unc.edu.ar\/extension\/wp-json\/wp\/v2\/comments?post=9381"}],"version-history":[{"count":5,"href":"https:\/\/ffyh.unc.edu.ar\/extension\/wp-json\/wp\/v2\/posts\/9381\/revisions"}],"predecessor-version":[{"id":9390,"href":"https:\/\/ffyh.unc.edu.ar\/extension\/wp-json\/wp\/v2\/posts\/9381\/revisions\/9390"}],"wp:featuredmedia":[{"embeddable":true,"href":"https:\/\/ffyh.unc.edu.ar\/extension\/wp-json\/wp\/v2\/media\/9384"}],"wp:attachment":[{"href":"https:\/\/ffyh.unc.edu.ar\/extension\/wp-json\/wp\/v2\/media?parent=9381"}],"wp:term":[{"taxonomy":"category","embeddable":true,"href":"https:\/\/ffyh.unc.edu.ar\/extension\/wp-json\/wp\/v2\/categories?post=9381"},{"taxonomy":"post_tag","embeddable":true,"href":"https:\/\/ffyh.unc.edu.ar\/extension\/wp-json\/wp\/v2\/tags?post=9381"}],"curies":[{"name":"wp","href":"https:\/\/api.w.org\/{rel}","templated":true}]}}