{"id":9558,"date":"2025-11-20T15:33:16","date_gmt":"2025-11-20T15:33:16","guid":{"rendered":"https:\/\/ffyh.unc.edu.ar\/extension\/?p=9558"},"modified":"2025-11-20T15:53:38","modified_gmt":"2025-11-20T15:53:38","slug":"se-llevo-a-cabo-la-charla-a-50-anos-de-su-desaparicion-fisica-tosco-y-la-lucha-obrera-hoy","status":"publish","type":"post","link":"https:\/\/ffyh.unc.edu.ar\/extension\/2025\/11\/20\/se-llevo-a-cabo-la-charla-a-50-anos-de-su-desaparicion-fisica-tosco-y-la-lucha-obrera-hoy\/","title":{"rendered":"Se llev\u00f3 a cabo la charla  \u00abA 50 a\u00f1os de su desaparici\u00f3n f\u00edsica: Tosco y la lucha obrera hoy\u00bb"},"content":{"rendered":"<p><em>El pasado jueves 6 de noviembre, en el marco de la conmemoraci\u00f3n de los 50 a\u00f1os del fallecimiento de Agust\u00edn Tosco, se llev\u00f3 a cabo esta charla-debate que busc\u00f3 recuperar el legado de Agust\u00edn Tosco y debatir sobre la vigencia de la lucha obrera en la actualidad.\u00a0<\/em><\/p>\n<p><!--more--><\/p>\n<p>De la actividad participaron Franco Boczkowski, secretario general de la Uni\u00f3n de Educadores de la Provincia de C\u00f3rdoba (UEPC Capital); Lucas Felici, secretario gremial del Sindicato del Personal Qu\u00edmico y Petroqu\u00edmico de R\u00edo Tercero y Marcelo Bianco, referente del Plenario de Trabajadores Jubilados. Marcelo da Vila, delegado de ATE y no docente de la Facultad de Filosof\u00eda y Humanidades (UNC) fue el moderador de la conversaci\u00f3n.<\/p>\n<p>Como se\u00f1alan en la <a href=\"https:\/\/prensaobrera.com\/\">web de Prensa Obrera<\/a> \u00aba la convocatoria se dieron cita estudiantes, docentes, no docentes, trabajadores qu\u00edmicos, del Conicet, integrantes del Polo Obrero. Fue un intercambio con el que se sacaron importantes conclusiones para continuar la lucha en defensa de los intereses obreros y populares; finalmente es el mejor homenaje al dirigente antiburocr\u00e1tico de Luz y Fuerza\u00bb. En la misma nota se expresa que \u00abla charla fue un aporte para poner de relieve la vigencia de la lucha antiburocr\u00e1tica de Tosco y dejar planteadas las tareas que tiene el movimiento obrero en la actualidad: enfrentar la pol\u00edtica de reforma laboral\u00bb.<\/p>\n<p>Invitamos a leer la nota completa haciendo <a href=\"https:\/\/prensaobrera.com\/universidad\/universidad-de-cordoba-importante-charla-debate-a-50-anos-de-la-muerte-de-agustin-tosco\">clic aqu\u00ed<\/a>.<\/p>\n<p>Las fotos son cortes\u00eda de Osvaldo Nin.<\/p>\n<style type=\"text\/css\">\n#foogallery-gallery-9552.fg-simple_portfolio { justify-content: center; --fg-gutter: 5px; }\n#foogallery-gallery-9552.fg-simple_portfolio .fg-item { flex-basis: 1600px; }<\/style>\n\t\t\t<div class=\"foogallery foogallery-container foogallery-simple_portfolio foogallery-lightbox-foogallery fg-simple_portfolio fg-ready fg-light fg-loaded-scale-up fg-caption-always fg-hover-slide-down fg-hover-plus3 fg-caption-always\" id=\"foogallery-gallery-9552\" data-foogallery=\"{&quot;item&quot;:{&quot;showCaptionTitle&quot;:true,&quot;showCaptionDescription&quot;:true},&quot;lazy&quot;:true}\" data-foogallery-lightbox=\"{&quot;thumbs&quot;:&quot;bottom&quot;,&quot;thumbsCaptions&quot;:false,&quot;thumbsBestFit&quot;:false,&quot;thumbsSmall&quot;:false,&quot;thumbsCaptionsAlign&quot;:&quot;default&quot;,&quot;info&quot;:&quot;bottom&quot;,&quot;infoVisible&quot;:true,&quot;infoOverlay&quot;:true,&quot;infoAlign&quot;:&quot;default&quot;,&quot;transition&quot;:&quot;fade&quot;,&quot;hoverButtons&quot;:false,&quot;fitMedia&quot;:false,&quot;noScrollbars&quot;:true,&quot;preserveButtonSpace&quot;:true,&quot;buttons&quot;:{&quot;fullscreen&quot;:true,&quot;info&quot;:true,&quot;thumbs&quot;:false},&quot;video&quot;:{&quot;autoPlay&quot;:true}}\" style=\"--fg-title-line-clamp: 2; --fg-description-line-clamp: 2;\" >\n\t<div class=\"fg-item fg-type-image fg-idle\"><figure class=\"fg-item-inner\"><a href=\"https:\/\/ffyh.unc.edu.ar\/extension\/wp-content\/uploads\/sites\/2\/2025\/11\/WhatsApp-Image-2025-11-20-at-10.57.40-1.jpeg\" data-attachment-id=\"9553\" class=\"foogallery-thumb fg-thumb\" data-type=\"image\"><span class=\"fg-image-wrap\"><img fetchpriority=\"high\" decoding=\"async\" class=\"bf-img skip-lazy fg-image\" height=\"1200\" width=\"1600\" data-src-fg=\"https:\/\/ffyh.unc.edu.ar\/extension\/wp-content\/uploads\/sites\/2\/2025\/11\/WhatsApp-Image-2025-11-20-at-10.57.40-1.jpeg\" src=\"data:image\/svg+xml,%3Csvg%20xmlns%3D%22http%3A%2F%2Fwww.w3.org%2F2000%2Fsvg%22%20width%3D%221600%22%20height%3D%221200%22%20viewBox%3D%220%200%201600%201200%22%3E%3C%2Fsvg%3E\" loading=\"eager\"><\/span><span class=\"fg-image-overlay\"><\/span><\/a><\/figure><div class=\"fg-loader\"><\/div><\/div><div class=\"fg-item fg-type-image fg-idle\"><figure class=\"fg-item-inner\"><a href=\"https:\/\/ffyh.unc.edu.ar\/extension\/wp-content\/uploads\/sites\/2\/2025\/11\/WhatsApp-Image-2025-11-20-at-10.57.40.jpeg\" data-attachment-id=\"9554\" class=\"foogallery-thumb fg-thumb\" data-type=\"image\"><span class=\"fg-image-wrap\"><img decoding=\"async\" class=\"bf-img skip-lazy fg-image\" height=\"1200\" width=\"1600\" data-src-fg=\"https:\/\/ffyh.unc.edu.ar\/extension\/wp-content\/uploads\/sites\/2\/2025\/11\/WhatsApp-Image-2025-11-20-at-10.57.40.jpeg\" src=\"data:image\/svg+xml,%3Csvg%20xmlns%3D%22http%3A%2F%2Fwww.w3.org%2F2000%2Fsvg%22%20width%3D%221600%22%20height%3D%221200%22%20viewBox%3D%220%200%201600%201200%22%3E%3C%2Fsvg%3E\" loading=\"eager\"><\/span><span class=\"fg-image-overlay\"><\/span><\/a><\/figure><div class=\"fg-loader\"><\/div><\/div><div class=\"fg-item fg-type-image fg-idle\"><figure class=\"fg-item-inner\"><a href=\"https:\/\/ffyh.unc.edu.ar\/extension\/wp-content\/uploads\/sites\/2\/2025\/11\/WhatsApp-Image-2025-11-20-at-10.57.41-1.jpeg\" data-attachment-id=\"9555\" class=\"foogallery-thumb fg-thumb\" data-type=\"image\"><span class=\"fg-image-wrap\"><img decoding=\"async\" class=\"bf-img skip-lazy fg-image\" height=\"1200\" width=\"1600\" data-src-fg=\"https:\/\/ffyh.unc.edu.ar\/extension\/wp-content\/uploads\/sites\/2\/2025\/11\/WhatsApp-Image-2025-11-20-at-10.57.41-1.jpeg\" src=\"data:image\/svg+xml,%3Csvg%20xmlns%3D%22http%3A%2F%2Fwww.w3.org%2F2000%2Fsvg%22%20width%3D%221600%22%20height%3D%221200%22%20viewBox%3D%220%200%201600%201200%22%3E%3C%2Fsvg%3E\" loading=\"eager\"><\/span><span class=\"fg-image-overlay\"><\/span><\/a><\/figure><div class=\"fg-loader\"><\/div><\/div><div class=\"fg-item fg-type-image fg-idle\"><figure class=\"fg-item-inner\"><a href=\"https:\/\/ffyh.unc.edu.ar\/extension\/wp-content\/uploads\/sites\/2\/2025\/11\/WhatsApp-Image-2025-11-20-at-10.57.42.jpeg\" data-attachment-id=\"9556\" class=\"foogallery-thumb fg-thumb\" data-type=\"image\"><span class=\"fg-image-wrap\"><img decoding=\"async\" class=\"bf-img skip-lazy fg-image\" height=\"1200\" width=\"1600\" data-src-fg=\"https:\/\/ffyh.unc.edu.ar\/extension\/wp-content\/uploads\/sites\/2\/2025\/11\/WhatsApp-Image-2025-11-20-at-10.57.42.jpeg\" src=\"data:image\/svg+xml,%3Csvg%20xmlns%3D%22http%3A%2F%2Fwww.w3.org%2F2000%2Fsvg%22%20width%3D%221600%22%20height%3D%221200%22%20viewBox%3D%220%200%201600%201200%22%3E%3C%2Fsvg%3E\" loading=\"eager\"><\/span><span class=\"fg-image-overlay\"><\/span><\/a><\/figure><div class=\"fg-loader\"><\/div><\/div><div class=\"fg-item fg-type-image fg-idle\"><figure class=\"fg-item-inner\"><a href=\"https:\/\/ffyh.unc.edu.ar\/extension\/wp-content\/uploads\/sites\/2\/2025\/11\/portadatosco-PO.jpg\" data-attachment-id=\"9557\" class=\"foogallery-thumb fg-thumb\" data-type=\"image\"><span class=\"fg-image-wrap\"><img decoding=\"async\" class=\"bf-img skip-lazy fg-image\" height=\"1200\" width=\"1600\" data-src-fg=\"https:\/\/ffyh.unc.edu.ar\/extension\/wp-content\/uploads\/sites\/2\/2025\/11\/portadatosco-PO.jpg\" src=\"data:image\/svg+xml,%3Csvg%20xmlns%3D%22http%3A%2F%2Fwww.w3.org%2F2000%2Fsvg%22%20width%3D%221600%22%20height%3D%221200%22%20viewBox%3D%220%200%201600%201200%22%3E%3C%2Fsvg%3E\" loading=\"eager\"><\/span><span class=\"fg-image-overlay\"><\/span><\/a><\/figure><div class=\"fg-loader\"><\/div><\/div><\/div>\n<blockquote class=\"wp-embedded-content\" data-secret=\"Ge3rSDvpKJ\"><p><a href=\"https:\/\/ffyh.unc.edu.ar\/extension\/2025\/11\/04\/a-50-anos-de-su-desaparicion-fisica-tosco-y-la-lucha-obrera-hoy\/\">A 50 a\u00f1os de su desaparici\u00f3n f\u00edsica. Tosco y la lucha obrera hoy<\/a><\/p><\/blockquote>\n<p><iframe loading=\"lazy\" class=\"wp-embedded-content\" sandbox=\"allow-scripts\" security=\"restricted\" style=\"position: absolute; visibility: hidden;\" title=\"\u00abA 50 a\u00f1os de su desaparici\u00f3n f\u00edsica. Tosco y la lucha obrera hoy\u00bb \u2014 Secretar\u00eda de Extensi\u00f3n\" src=\"https:\/\/ffyh.unc.edu.ar\/extension\/2025\/11\/04\/a-50-anos-de-su-desaparicion-fisica-tosco-y-la-lucha-obrera-hoy\/embed\/#?secret=qDcolqMYpM#?secret=Ge3rSDvpKJ\" data-secret=\"Ge3rSDvpKJ\" width=\"600\" height=\"338\" frameborder=\"0\" marginwidth=\"0\" marginheight=\"0\" scrolling=\"no\"><\/iframe><\/p>\n","protected":false},"excerpt":{"rendered":"<p>El pasado jueves 6 de noviembre, en el marco de la conmemoraci\u00f3n de los 50 a\u00f1os del fallecimiento de Agust\u00edn<\/p>\n","protected":false},"author":3,"featured_media":9557,"comment_status":"closed","ping_status":"closed","sticky":false,"template":"","format":"standard","meta":{"_acf_changed":false,"colormag_page_container_layout":"default_layout","colormag_page_sidebar_layout":"default_layout","footnotes":""},"categories":[5],"tags":[],"class_list":["post-9558","post","type-post","status-publish","format-standard","has-post-thumbnail","hentry","category-congresos-jornadas-2"],"acf":[],"yoast_head":"<!-- This site is optimized with the Yoast SEO plugin v27.1.1 - https:\/\/yoast.com\/product\/yoast-seo-wordpress\/ -->\n<title>Se llev\u00f3 a cabo la charla &quot;A 50 a\u00f1os de su desaparici\u00f3n f\u00edsica: Tosco y la lucha obrera hoy&quot; - Secretar\u00eda de Extensi\u00f3n<\/title>\n<meta name=\"robots\" content=\"index, follow, max-snippet:-1, max-image-preview:large, max-video-preview:-1\" \/>\n<link rel=\"canonical\" href=\"https:\/\/ffyh.unc.edu.ar\/extension\/2025\/11\/20\/se-llevo-a-cabo-la-charla-a-50-anos-de-su-desaparicion-fisica-tosco-y-la-lucha-obrera-hoy\/\" \/>\n<meta property=\"og:locale\" content=\"es_ES\" \/>\n<meta property=\"og:type\" content=\"article\" \/>\n<meta property=\"og:title\" content=\"Se llev\u00f3 a cabo la charla &quot;A 50 a\u00f1os de su desaparici\u00f3n f\u00edsica: Tosco y la lucha obrera hoy&quot; - Secretar\u00eda de Extensi\u00f3n\" \/>\n<meta property=\"og:description\" content=\"El pasado jueves 6 de noviembre, en el marco de la conmemoraci\u00f3n de los 50 a\u00f1os del fallecimiento de Agust\u00edn\" \/>\n<meta property=\"og:url\" content=\"https:\/\/ffyh.unc.edu.ar\/extension\/2025\/11\/20\/se-llevo-a-cabo-la-charla-a-50-anos-de-su-desaparicion-fisica-tosco-y-la-lucha-obrera-hoy\/\" \/>\n<meta property=\"og:site_name\" content=\"Secretar\u00eda de Extensi\u00f3n\" \/>\n<meta property=\"article:publisher\" content=\"https:\/\/www.facebook.com\/extensionffyh\" \/>\n<meta property=\"article:published_time\" content=\"2025-11-20T15:33:16+00:00\" \/>\n<meta property=\"article:modified_time\" content=\"2025-11-20T15:53:38+00:00\" \/>\n<meta property=\"og:image\" content=\"http:\/\/ffyh.unc.edu.ar\/extension\/wp-content\/uploads\/sites\/2\/2025\/11\/portadatosco-PO.jpg\" \/>\n\t<meta property=\"og:image:width\" content=\"800\" \/>\n\t<meta property=\"og:image:height\" content=\"445\" \/>\n\t<meta property=\"og:image:type\" content=\"image\/jpeg\" \/>\n<meta name=\"author\" content=\"extension\" \/>\n<meta name=\"twitter:card\" content=\"summary_large_image\" \/>\n<meta name=\"twitter:label1\" content=\"Escrito por\" \/>\n\t<meta name=\"twitter:data1\" content=\"\" \/>\n\t<meta name=\"twitter:label2\" content=\"Tiempo de lectura\" \/>\n\t<meta name=\"twitter:data2\" content=\"1 minuto\" \/>\n<script type=\"application\/ld+json\" class=\"yoast-schema-graph\">{\"@context\":\"https:\/\/schema.org\",\"@graph\":[{\"@type\":\"Article\",\"@id\":\"https:\/\/ffyh.unc.edu.ar\/extension\/2025\/11\/20\/se-llevo-a-cabo-la-charla-a-50-anos-de-su-desaparicion-fisica-tosco-y-la-lucha-obrera-hoy\/#article\",\"isPartOf\":{\"@id\":\"https:\/\/ffyh.unc.edu.ar\/extension\/2025\/11\/20\/se-llevo-a-cabo-la-charla-a-50-anos-de-su-desaparicion-fisica-tosco-y-la-lucha-obrera-hoy\/\"},\"author\":{\"name\":\"extension\",\"@id\":\"https:\/\/ffyh.unc.edu.ar\/extension\/#\/schema\/person\/c429cdff3a192a7081944182246c3689\"},\"headline\":\"Se llev\u00f3 a cabo la charla \u00abA 50 a\u00f1os de su desaparici\u00f3n f\u00edsica: Tosco y la lucha obrera hoy\u00bb\",\"datePublished\":\"2025-11-20T15:33:16+00:00\",\"dateModified\":\"2025-11-20T15:53:38+00:00\",\"mainEntityOfPage\":{\"@id\":\"https:\/\/ffyh.unc.edu.ar\/extension\/2025\/11\/20\/se-llevo-a-cabo-la-charla-a-50-anos-de-su-desaparicion-fisica-tosco-y-la-lucha-obrera-hoy\/\"},\"wordCount\":278,\"publisher\":{\"@id\":\"https:\/\/ffyh.unc.edu.ar\/extension\/#organization\"},\"image\":{\"@id\":\"https:\/\/ffyh.unc.edu.ar\/extension\/2025\/11\/20\/se-llevo-a-cabo-la-charla-a-50-anos-de-su-desaparicion-fisica-tosco-y-la-lucha-obrera-hoy\/#primaryimage\"},\"thumbnailUrl\":\"https:\/\/ffyh.unc.edu.ar\/extension\/wp-content\/uploads\/sites\/2\/2025\/11\/portadatosco-PO.jpg\",\"articleSection\":[\"Congresos, jornadas, charlas y conferencias\"],\"inLanguage\":\"es\"},{\"@type\":\"WebPage\",\"@id\":\"https:\/\/ffyh.unc.edu.ar\/extension\/2025\/11\/20\/se-llevo-a-cabo-la-charla-a-50-anos-de-su-desaparicion-fisica-tosco-y-la-lucha-obrera-hoy\/\",\"url\":\"https:\/\/ffyh.unc.edu.ar\/extension\/2025\/11\/20\/se-llevo-a-cabo-la-charla-a-50-anos-de-su-desaparicion-fisica-tosco-y-la-lucha-obrera-hoy\/\",\"name\":\"Se llev\u00f3 a cabo la charla \\\"A 50 a\u00f1os de su desaparici\u00f3n f\u00edsica: Tosco y la lucha obrera hoy\\\" - Secretar\u00eda de Extensi\u00f3n\",\"isPartOf\":{\"@id\":\"https:\/\/ffyh.unc.edu.ar\/extension\/#website\"},\"primaryImageOfPage\":{\"@id\":\"https:\/\/ffyh.unc.edu.ar\/extension\/2025\/11\/20\/se-llevo-a-cabo-la-charla-a-50-anos-de-su-desaparicion-fisica-tosco-y-la-lucha-obrera-hoy\/#primaryimage\"},\"image\":{\"@id\":\"https:\/\/ffyh.unc.edu.ar\/extension\/2025\/11\/20\/se-llevo-a-cabo-la-charla-a-50-anos-de-su-desaparicion-fisica-tosco-y-la-lucha-obrera-hoy\/#primaryimage\"},\"thumbnailUrl\":\"https:\/\/ffyh.unc.edu.ar\/extension\/wp-content\/uploads\/sites\/2\/2025\/11\/portadatosco-PO.jpg\",\"datePublished\":\"2025-11-20T15:33:16+00:00\",\"dateModified\":\"2025-11-20T15:53:38+00:00\",\"breadcrumb\":{\"@id\":\"https:\/\/ffyh.unc.edu.ar\/extension\/2025\/11\/20\/se-llevo-a-cabo-la-charla-a-50-anos-de-su-desaparicion-fisica-tosco-y-la-lucha-obrera-hoy\/#breadcrumb\"},\"inLanguage\":\"es\",\"potentialAction\":[{\"@type\":\"ReadAction\",\"target\":[\"https:\/\/ffyh.unc.edu.ar\/extension\/2025\/11\/20\/se-llevo-a-cabo-la-charla-a-50-anos-de-su-desaparicion-fisica-tosco-y-la-lucha-obrera-hoy\/\"]}]},{\"@type\":\"ImageObject\",\"inLanguage\":\"es\",\"@id\":\"https:\/\/ffyh.unc.edu.ar\/extension\/2025\/11\/20\/se-llevo-a-cabo-la-charla-a-50-anos-de-su-desaparicion-fisica-tosco-y-la-lucha-obrera-hoy\/#primaryimage\",\"url\":\"https:\/\/ffyh.unc.edu.ar\/extension\/wp-content\/uploads\/sites\/2\/2025\/11\/portadatosco-PO.jpg\",\"contentUrl\":\"https:\/\/ffyh.unc.edu.ar\/extension\/wp-content\/uploads\/sites\/2\/2025\/11\/portadatosco-PO.jpg\",\"width\":800,\"height\":445},{\"@type\":\"BreadcrumbList\",\"@id\":\"https:\/\/ffyh.unc.edu.ar\/extension\/2025\/11\/20\/se-llevo-a-cabo-la-charla-a-50-anos-de-su-desaparicion-fisica-tosco-y-la-lucha-obrera-hoy\/#breadcrumb\",\"itemListElement\":[{\"@type\":\"ListItem\",\"position\":1,\"name\":\"Portada\",\"item\":\"https:\/\/ffyh.unc.edu.ar\/extension\/\"},{\"@type\":\"ListItem\",\"position\":2,\"name\":\"Se llev\u00f3 a cabo la charla \u00abA 50 a\u00f1os de su desaparici\u00f3n f\u00edsica: Tosco y la lucha obrera hoy\u00bb\"}]},{\"@type\":\"WebSite\",\"@id\":\"https:\/\/ffyh.unc.edu.ar\/extension\/#website\",\"url\":\"https:\/\/ffyh.unc.edu.ar\/extension\/\",\"name\":\"Secretar\u00eda de Extensi\u00f3n\",\"description\":\"Facultad de Filosof\u00eda y Humanidades - Universidad Nacional de C\u00f3rdoba\",\"publisher\":{\"@id\":\"https:\/\/ffyh.unc.edu.ar\/extension\/#organization\"},\"potentialAction\":[{\"@type\":\"SearchAction\",\"target\":{\"@type\":\"EntryPoint\",\"urlTemplate\":\"https:\/\/ffyh.unc.edu.ar\/extension\/?s={search_term_string}\"},\"query-input\":{\"@type\":\"PropertyValueSpecification\",\"valueRequired\":true,\"valueName\":\"search_term_string\"}}],\"inLanguage\":\"es\"},{\"@type\":\"Organization\",\"@id\":\"https:\/\/ffyh.unc.edu.ar\/extension\/#organization\",\"name\":\"Secretar\u00eda de Extensi\u00f3n - Facultad de Filosof\u00eda y Humanidades - Universidad Nacional de C\u00f3rdoba\",\"url\":\"https:\/\/ffyh.unc.edu.ar\/extension\/\",\"logo\":{\"@type\":\"ImageObject\",\"inLanguage\":\"es\",\"@id\":\"https:\/\/ffyh.unc.edu.ar\/extension\/#\/schema\/logo\/image\/\",\"url\":\"https:\/\/ffyh.unc.edu.ar\/extension\/wp-content\/uploads\/sites\/2\/2018\/08\/logo-extension-chico.jpg\",\"contentUrl\":\"https:\/\/ffyh.unc.edu.ar\/extension\/wp-content\/uploads\/sites\/2\/2018\/08\/logo-extension-chico.jpg\",\"width\":314,\"height\":119,\"caption\":\"Secretar\u00eda de Extensi\u00f3n - Facultad de Filosof\u00eda y Humanidades - Universidad Nacional de C\u00f3rdoba\"},\"image\":{\"@id\":\"https:\/\/ffyh.unc.edu.ar\/extension\/#\/schema\/logo\/image\/\"},\"sameAs\":[\"https:\/\/www.facebook.com\/extensionffyh\",\"https:\/\/www.instagram.com\/extensionffyh\/\",\"https:\/\/www.youtube.com\/channel\/UCTgN4nvMQE7ktBcgujEI-EA\"]},{\"@type\":\"Person\",\"@id\":\"https:\/\/ffyh.unc.edu.ar\/extension\/#\/schema\/person\/c429cdff3a192a7081944182246c3689\",\"name\":\"extension\",\"url\":\"https:\/\/ffyh.unc.edu.ar\/extension\/author\/extension\/\"}]}<\/script>\n<!-- \/ Yoast SEO plugin. -->","yoast_head_json":{"title":"Se llev\u00f3 a cabo la charla \"A 50 a\u00f1os de su desaparici\u00f3n f\u00edsica: Tosco y la lucha obrera hoy\" - Secretar\u00eda de Extensi\u00f3n","robots":{"index":"index","follow":"follow","max-snippet":"max-snippet:-1","max-image-preview":"max-image-preview:large","max-video-preview":"max-video-preview:-1"},"canonical":"https:\/\/ffyh.unc.edu.ar\/extension\/2025\/11\/20\/se-llevo-a-cabo-la-charla-a-50-anos-de-su-desaparicion-fisica-tosco-y-la-lucha-obrera-hoy\/","og_locale":"es_ES","og_type":"article","og_title":"Se llev\u00f3 a cabo la charla \"A 50 a\u00f1os de su desaparici\u00f3n f\u00edsica: Tosco y la lucha obrera hoy\" - Secretar\u00eda de Extensi\u00f3n","og_description":"El pasado jueves 6 de noviembre, en el marco de la conmemoraci\u00f3n de los 50 a\u00f1os del fallecimiento de Agust\u00edn","og_url":"https:\/\/ffyh.unc.edu.ar\/extension\/2025\/11\/20\/se-llevo-a-cabo-la-charla-a-50-anos-de-su-desaparicion-fisica-tosco-y-la-lucha-obrera-hoy\/","og_site_name":"Secretar\u00eda de Extensi\u00f3n","article_publisher":"https:\/\/www.facebook.com\/extensionffyh","article_published_time":"2025-11-20T15:33:16+00:00","article_modified_time":"2025-11-20T15:53:38+00:00","og_image":[{"width":800,"height":445,"url":"http:\/\/ffyh.unc.edu.ar\/extension\/wp-content\/uploads\/sites\/2\/2025\/11\/portadatosco-PO.jpg","type":"image\/jpeg"}],"author":"extension","twitter_card":"summary_large_image","twitter_misc":{"Escrito por":false,"Tiempo de lectura":"1 minuto"},"schema":{"@context":"https:\/\/schema.org","@graph":[{"@type":"Article","@id":"https:\/\/ffyh.unc.edu.ar\/extension\/2025\/11\/20\/se-llevo-a-cabo-la-charla-a-50-anos-de-su-desaparicion-fisica-tosco-y-la-lucha-obrera-hoy\/#article","isPartOf":{"@id":"https:\/\/ffyh.unc.edu.ar\/extension\/2025\/11\/20\/se-llevo-a-cabo-la-charla-a-50-anos-de-su-desaparicion-fisica-tosco-y-la-lucha-obrera-hoy\/"},"author":{"name":"extension","@id":"https:\/\/ffyh.unc.edu.ar\/extension\/#\/schema\/person\/c429cdff3a192a7081944182246c3689"},"headline":"Se llev\u00f3 a cabo la charla \u00abA 50 a\u00f1os de su desaparici\u00f3n f\u00edsica: Tosco y la lucha obrera hoy\u00bb","datePublished":"2025-11-20T15:33:16+00:00","dateModified":"2025-11-20T15:53:38+00:00","mainEntityOfPage":{"@id":"https:\/\/ffyh.unc.edu.ar\/extension\/2025\/11\/20\/se-llevo-a-cabo-la-charla-a-50-anos-de-su-desaparicion-fisica-tosco-y-la-lucha-obrera-hoy\/"},"wordCount":278,"publisher":{"@id":"https:\/\/ffyh.unc.edu.ar\/extension\/#organization"},"image":{"@id":"https:\/\/ffyh.unc.edu.ar\/extension\/2025\/11\/20\/se-llevo-a-cabo-la-charla-a-50-anos-de-su-desaparicion-fisica-tosco-y-la-lucha-obrera-hoy\/#primaryimage"},"thumbnailUrl":"https:\/\/ffyh.unc.edu.ar\/extension\/wp-content\/uploads\/sites\/2\/2025\/11\/portadatosco-PO.jpg","articleSection":["Congresos, jornadas, charlas y conferencias"],"inLanguage":"es"},{"@type":"WebPage","@id":"https:\/\/ffyh.unc.edu.ar\/extension\/2025\/11\/20\/se-llevo-a-cabo-la-charla-a-50-anos-de-su-desaparicion-fisica-tosco-y-la-lucha-obrera-hoy\/","url":"https:\/\/ffyh.unc.edu.ar\/extension\/2025\/11\/20\/se-llevo-a-cabo-la-charla-a-50-anos-de-su-desaparicion-fisica-tosco-y-la-lucha-obrera-hoy\/","name":"Se llev\u00f3 a cabo la charla \"A 50 a\u00f1os de su desaparici\u00f3n f\u00edsica: Tosco y la lucha obrera hoy\" - Secretar\u00eda de Extensi\u00f3n","isPartOf":{"@id":"https:\/\/ffyh.unc.edu.ar\/extension\/#website"},"primaryImageOfPage":{"@id":"https:\/\/ffyh.unc.edu.ar\/extension\/2025\/11\/20\/se-llevo-a-cabo-la-charla-a-50-anos-de-su-desaparicion-fisica-tosco-y-la-lucha-obrera-hoy\/#primaryimage"},"image":{"@id":"https:\/\/ffyh.unc.edu.ar\/extension\/2025\/11\/20\/se-llevo-a-cabo-la-charla-a-50-anos-de-su-desaparicion-fisica-tosco-y-la-lucha-obrera-hoy\/#primaryimage"},"thumbnailUrl":"https:\/\/ffyh.unc.edu.ar\/extension\/wp-content\/uploads\/sites\/2\/2025\/11\/portadatosco-PO.jpg","datePublished":"2025-11-20T15:33:16+00:00","dateModified":"2025-11-20T15:53:38+00:00","breadcrumb":{"@id":"https:\/\/ffyh.unc.edu.ar\/extension\/2025\/11\/20\/se-llevo-a-cabo-la-charla-a-50-anos-de-su-desaparicion-fisica-tosco-y-la-lucha-obrera-hoy\/#breadcrumb"},"inLanguage":"es","potentialAction":[{"@type":"ReadAction","target":["https:\/\/ffyh.unc.edu.ar\/extension\/2025\/11\/20\/se-llevo-a-cabo-la-charla-a-50-anos-de-su-desaparicion-fisica-tosco-y-la-lucha-obrera-hoy\/"]}]},{"@type":"ImageObject","inLanguage":"es","@id":"https:\/\/ffyh.unc.edu.ar\/extension\/2025\/11\/20\/se-llevo-a-cabo-la-charla-a-50-anos-de-su-desaparicion-fisica-tosco-y-la-lucha-obrera-hoy\/#primaryimage","url":"https:\/\/ffyh.unc.edu.ar\/extension\/wp-content\/uploads\/sites\/2\/2025\/11\/portadatosco-PO.jpg","contentUrl":"https:\/\/ffyh.unc.edu.ar\/extension\/wp-content\/uploads\/sites\/2\/2025\/11\/portadatosco-PO.jpg","width":800,"height":445},{"@type":"BreadcrumbList","@id":"https:\/\/ffyh.unc.edu.ar\/extension\/2025\/11\/20\/se-llevo-a-cabo-la-charla-a-50-anos-de-su-desaparicion-fisica-tosco-y-la-lucha-obrera-hoy\/#breadcrumb","itemListElement":[{"@type":"ListItem","position":1,"name":"Portada","item":"https:\/\/ffyh.unc.edu.ar\/extension\/"},{"@type":"ListItem","position":2,"name":"Se llev\u00f3 a cabo la charla \u00abA 50 a\u00f1os de su desaparici\u00f3n f\u00edsica: Tosco y la lucha obrera hoy\u00bb"}]},{"@type":"WebSite","@id":"https:\/\/ffyh.unc.edu.ar\/extension\/#website","url":"https:\/\/ffyh.unc.edu.ar\/extension\/","name":"Secretar\u00eda de Extensi\u00f3n","description":"Facultad de Filosof\u00eda y Humanidades - Universidad Nacional de C\u00f3rdoba","publisher":{"@id":"https:\/\/ffyh.unc.edu.ar\/extension\/#organization"},"potentialAction":[{"@type":"SearchAction","target":{"@type":"EntryPoint","urlTemplate":"https:\/\/ffyh.unc.edu.ar\/extension\/?s={search_term_string}"},"query-input":{"@type":"PropertyValueSpecification","valueRequired":true,"valueName":"search_term_string"}}],"inLanguage":"es"},{"@type":"Organization","@id":"https:\/\/ffyh.unc.edu.ar\/extension\/#organization","name":"Secretar\u00eda de Extensi\u00f3n - Facultad de Filosof\u00eda y Humanidades - Universidad Nacional de C\u00f3rdoba","url":"https:\/\/ffyh.unc.edu.ar\/extension\/","logo":{"@type":"ImageObject","inLanguage":"es","@id":"https:\/\/ffyh.unc.edu.ar\/extension\/#\/schema\/logo\/image\/","url":"https:\/\/ffyh.unc.edu.ar\/extension\/wp-content\/uploads\/sites\/2\/2018\/08\/logo-extension-chico.jpg","contentUrl":"https:\/\/ffyh.unc.edu.ar\/extension\/wp-content\/uploads\/sites\/2\/2018\/08\/logo-extension-chico.jpg","width":314,"height":119,"caption":"Secretar\u00eda de Extensi\u00f3n - Facultad de Filosof\u00eda y Humanidades - Universidad Nacional de C\u00f3rdoba"},"image":{"@id":"https:\/\/ffyh.unc.edu.ar\/extension\/#\/schema\/logo\/image\/"},"sameAs":["https:\/\/www.facebook.com\/extensionffyh","https:\/\/www.instagram.com\/extensionffyh\/","https:\/\/www.youtube.com\/channel\/UCTgN4nvMQE7ktBcgujEI-EA"]},{"@type":"Person","@id":"https:\/\/ffyh.unc.edu.ar\/extension\/#\/schema\/person\/c429cdff3a192a7081944182246c3689","name":"extension","url":"https:\/\/ffyh.unc.edu.ar\/extension\/author\/extension\/"}]}},"jetpack_featured_media_url":"https:\/\/ffyh.unc.edu.ar\/extension\/wp-content\/uploads\/sites\/2\/2025\/11\/portadatosco-PO.jpg","_links":{"self":[{"href":"https:\/\/ffyh.unc.edu.ar\/extension\/wp-json\/wp\/v2\/posts\/9558","targetHints":{"allow":["GET"]}}],"collection":[{"href":"https:\/\/ffyh.unc.edu.ar\/extension\/wp-json\/wp\/v2\/posts"}],"about":[{"href":"https:\/\/ffyh.unc.edu.ar\/extension\/wp-json\/wp\/v2\/types\/post"}],"author":[{"embeddable":true,"href":"https:\/\/ffyh.unc.edu.ar\/extension\/wp-json\/wp\/v2\/users\/3"}],"replies":[{"embeddable":true,"href":"https:\/\/ffyh.unc.edu.ar\/extension\/wp-json\/wp\/v2\/comments?post=9558"}],"version-history":[{"count":5,"href":"https:\/\/ffyh.unc.edu.ar\/extension\/wp-json\/wp\/v2\/posts\/9558\/revisions"}],"predecessor-version":[{"id":9568,"href":"https:\/\/ffyh.unc.edu.ar\/extension\/wp-json\/wp\/v2\/posts\/9558\/revisions\/9568"}],"wp:featuredmedia":[{"embeddable":true,"href":"https:\/\/ffyh.unc.edu.ar\/extension\/wp-json\/wp\/v2\/media\/9557"}],"wp:attachment":[{"href":"https:\/\/ffyh.unc.edu.ar\/extension\/wp-json\/wp\/v2\/media?parent=9558"}],"wp:term":[{"taxonomy":"category","embeddable":true,"href":"https:\/\/ffyh.unc.edu.ar\/extension\/wp-json\/wp\/v2\/categories?post=9558"},{"taxonomy":"post_tag","embeddable":true,"href":"https:\/\/ffyh.unc.edu.ar\/extension\/wp-json\/wp\/v2\/tags?post=9558"}],"curies":[{"name":"wp","href":"https:\/\/api.w.org\/{rel}","templated":true}]}}