{"id":9919,"date":"2026-03-06T13:00:59","date_gmt":"2026-03-06T13:00:59","guid":{"rendered":"https:\/\/ffyh.unc.edu.ar\/extension\/?p=9919"},"modified":"2026-03-11T15:48:11","modified_gmt":"2026-03-11T15:48:11","slug":"extension-modo-on-convocatorias-abiertas-de-la-secretaria-de-extension-de-la-unc","status":"publish","type":"post","link":"https:\/\/ffyh.unc.edu.ar\/extension\/2026\/03\/06\/extension-modo-on-convocatorias-abiertas-de-la-secretaria-de-extension-de-la-unc\/","title":{"rendered":"Extensi\u00f3n Modo ON: convocatorias abiertas de la Secretar\u00eda de Extensi\u00f3n UNC"},"content":{"rendered":"<p><em>Si quer\u00e9s activar el modo extensionista estas convocatorias te pueden interesar.\u00a0 Hay tres llamados abiertos dirigidos a estudiantes, equipos docentes y a la comunidad universitaria interesada en desarrollar iniciativas que fortalezcan el v\u00ednculo entre la universidad y la sociedad. Proyectos culturales, propuestas de intervenci\u00f3n territorial y espacios de participaci\u00f3n estudiantil forman parte de estas posibilidades que se abren para 2026.<\/em><\/p>\n<p><!--more--><\/p>\n<p>En esta entrada compartimos la informaci\u00f3n principal de cada convocatoria impulsada por la Secretar\u00eda de Extensi\u00f3n de la UNC y los enlaces para conocer los detalles e inscribirse.<\/p>\n<h4><a href=\"https:\/\/ffyh.unc.edu.ar\/extension\/2022\/03\/06\/extension-modo-on-convocatorias-abiertas-de-la-secretaria-de-extension-de-la-unc\/convocatoria-web_1\/\" rel=\"attachment wp-att-9920\"><img loading=\"lazy\" decoding=\"async\" class=\"alignnone wp-image-9920 size-full\" src=\"http:\/\/ffyh.unc.edu.ar\/extension\/wp-content\/uploads\/sites\/2\/2026\/03\/convocatoria-web_1-scaled.jpg\" alt=\"\" width=\"2560\" height=\"1024\" srcset=\"https:\/\/ffyh.unc.edu.ar\/extension\/wp-content\/uploads\/sites\/2\/2026\/03\/convocatoria-web_1-scaled.jpg 2560w, https:\/\/ffyh.unc.edu.ar\/extension\/wp-content\/uploads\/sites\/2\/2026\/03\/convocatoria-web_1-300x120.jpg 300w, https:\/\/ffyh.unc.edu.ar\/extension\/wp-content\/uploads\/sites\/2\/2026\/03\/convocatoria-web_1-1024x410.jpg 1024w, https:\/\/ffyh.unc.edu.ar\/extension\/wp-content\/uploads\/sites\/2\/2026\/03\/convocatoria-web_1-768x307.jpg 768w, https:\/\/ffyh.unc.edu.ar\/extension\/wp-content\/uploads\/sites\/2\/2026\/03\/convocatoria-web_1-1536x615.jpg 1536w, https:\/\/ffyh.unc.edu.ar\/extension\/wp-content\/uploads\/sites\/2\/2026\/03\/convocatoria-web_1-2048x820.jpg 2048w\" sizes=\"auto, (max-width: 2560px) 100vw, 2560px\" \/><\/a><\/h4>\n<h4>Convocatoria a estudiantes UNC para participar en Proyectos de Extensi\u00f3n<\/h4>\n<p>La Secretar\u00eda de Extensi\u00f3n Universitaria (UNC) invita a estudiantes de cualquier carrera de la UNC a participar en proyectos extensionistas que se desarrollar\u00e1n en diferentes espacios y puntos de C\u00f3rdoba durante el 2026.<\/p>\n<p>Quienes participen y finalicen la experiencia podr\u00e1n acreditar las horas para Compromiso Social Estudiantil.<\/p>\n<p>Enlace web: <a href=\"https:\/\/www.unc.edu.ar\/extension\/convocatoriaestudiantes2026primercuatri\">https:\/\/www.unc.edu.ar\/extension\/convocatoriaestudiantes2026primercuatri<\/a><\/p>\n<p><a href=\"https:\/\/ffyh.unc.edu.ar\/extension\/2022\/03\/06\/extension-modo-on-convocatorias-abiertas-de-la-secretaria-de-extension-de-la-unc\/convocatoria-pggac_web\/\" rel=\"attachment wp-att-9921\"><img loading=\"lazy\" decoding=\"async\" class=\"alignnone wp-image-9921 size-full\" src=\"http:\/\/ffyh.unc.edu.ar\/extension\/wp-content\/uploads\/sites\/2\/2026\/03\/Convocatoria-PGGAC_Web-scaled.jpg\" alt=\"\" width=\"2560\" height=\"1024\" srcset=\"https:\/\/ffyh.unc.edu.ar\/extension\/wp-content\/uploads\/sites\/2\/2026\/03\/Convocatoria-PGGAC_Web-scaled.jpg 2560w, https:\/\/ffyh.unc.edu.ar\/extension\/wp-content\/uploads\/sites\/2\/2026\/03\/Convocatoria-PGGAC_Web-300x120.jpg 300w, https:\/\/ffyh.unc.edu.ar\/extension\/wp-content\/uploads\/sites\/2\/2026\/03\/Convocatoria-PGGAC_Web-1024x410.jpg 1024w, https:\/\/ffyh.unc.edu.ar\/extension\/wp-content\/uploads\/sites\/2\/2026\/03\/Convocatoria-PGGAC_Web-768x307.jpg 768w, https:\/\/ffyh.unc.edu.ar\/extension\/wp-content\/uploads\/sites\/2\/2026\/03\/Convocatoria-PGGAC_Web-1536x614.jpg 1536w, https:\/\/ffyh.unc.edu.ar\/extension\/wp-content\/uploads\/sites\/2\/2026\/03\/Convocatoria-PGGAC_Web-2048x819.jpg 2048w\" sizes=\"auto, (max-width: 2560px) 100vw, 2560px\" \/><\/a><\/p>\n<h4>Convocatoria a Proyectos culturales extensionistas<\/h4>\n<p>Hasta el 15 de marzo de 2026 est\u00e1 abierta la convocatoria para presentar proyectos extensionistas culturales a desarrollarse durante el a\u00f1o.<\/p>\n<p>Se apoyar\u00e1n hasta ocho proyectos, con un financiamiento de hasta $650.000 cada uno.<\/p>\n<p>Las propuestas pueden abordar las siguientes l\u00edneas tem\u00e1ticas:<\/p>\n<ul>\n<li>Memoria en Derechos Humanos<\/li>\n<li>Personas Mayores<\/li>\n<li>Salud<\/li>\n<li>Universidades Populares<\/li>\n<li>Migraci\u00f3n<\/li>\n<li>Inter\u00e9s cient\u00edfico y cuidado del ambiente<\/li>\n<\/ul>\n<p>Los proyectos seleccionados deber\u00e1n realizarse entre abril y diciembre de 2026.<\/p>\n<p>M\u00e1s informaci\u00f3n: <a href=\"https:\/\/www.unc.edu.ar\/extension\/cultura\/convocatoriapgaac2026\">https:\/\/www.unc.edu.ar\/extension\/cultura\/convocatoriapgaac2026<\/a><\/p>\n<p><a href=\"https:\/\/ffyh.unc.edu.ar\/extension\/2022\/03\/06\/extension-modo-on-convocatorias-abiertas-de-la-secretaria-de-extension-de-la-unc\/subsidios28\/\" rel=\"attachment wp-att-9922\"><img loading=\"lazy\" decoding=\"async\" class=\"alignnone wp-image-9922 size-full\" src=\"http:\/\/ffyh.unc.edu.ar\/extension\/wp-content\/uploads\/sites\/2\/2026\/03\/subsidios28.jpg\" alt=\"\" width=\"1920\" height=\"768\" srcset=\"https:\/\/ffyh.unc.edu.ar\/extension\/wp-content\/uploads\/sites\/2\/2026\/03\/subsidios28.jpg 1920w, https:\/\/ffyh.unc.edu.ar\/extension\/wp-content\/uploads\/sites\/2\/2026\/03\/subsidios28-300x120.jpg 300w, https:\/\/ffyh.unc.edu.ar\/extension\/wp-content\/uploads\/sites\/2\/2026\/03\/subsidios28-1024x410.jpg 1024w, https:\/\/ffyh.unc.edu.ar\/extension\/wp-content\/uploads\/sites\/2\/2026\/03\/subsidios28-768x307.jpg 768w, https:\/\/ffyh.unc.edu.ar\/extension\/wp-content\/uploads\/sites\/2\/2026\/03\/subsidios28-1536x614.jpg 1536w\" sizes=\"auto, (max-width: 1920px) 100vw, 1920px\" \/><\/a><\/p>\n<h4>Convocatoria a Subsidios para Proyectos de Extensi\u00f3n 2026\u20132028<\/h4>\n<p>Hasta el 25 de marzo de 2026 se encuentra abierta la convocatoria al Programa de Subsidios a Proyectos de Extensi\u00f3n (PBPE) 2026\u20132028.<\/p>\n<p>Se convoca a la presentaci\u00f3n de proyectos bianuales que promuevan la articulaci\u00f3n entre la universidad y distintos actores sociales. Cada iniciativa podr\u00e1 recibir hasta $650.000 anuales de financiamiento.<\/p>\n<p>M\u00e1s informaci\u00f3n: <a href=\"https:\/\/www.unc.edu.ar\/extension\/convocatoriasubsidios2628\">https:\/\/www.unc.edu.ar\/extension\/convocatoriasubsidios2628<\/a><\/p>\n<p>La invitaci\u00f3n est\u00e1 abierta, activ\u00e1 el Modo Extensionista.<\/p>\n<style type=\"text\/css\">\n#foogallery-gallery-9924 .fg-image { width: 2251px; }<\/style>\n\t\t\t<div class=\"foogallery foogallery-container foogallery-image-viewer foogallery-link-page foogallery-lightbox-foogallery fg-center fg-image-viewer fg-ready fg-light fg-border-thin fg-round-small fg-shadow-outline fg-shadow-inset-large fg-loading-default fg-loaded-scale-up fg-hover-semi-zoomed fg-caption-always fg-hover-fade fg-hover-plus3\" id=\"foogallery-gallery-9924\" data-foogallery=\"{&quot;item&quot;:{&quot;showCaptionTitle&quot;:true,&quot;showCaptionDescription&quot;:true},&quot;lazy&quot;:true,&quot;template&quot;:{&quot;loop&quot;:true}}\" data-foogallery-lightbox=\"{&quot;thumbs&quot;:&quot;bottom&quot;,&quot;thumbsCaptions&quot;:false,&quot;thumbsBestFit&quot;:false,&quot;thumbsSmall&quot;:false,&quot;thumbsCaptionsAlign&quot;:&quot;default&quot;,&quot;info&quot;:&quot;bottom&quot;,&quot;infoVisible&quot;:true,&quot;infoOverlay&quot;:true,&quot;infoAlign&quot;:&quot;default&quot;,&quot;transition&quot;:&quot;fade&quot;,&quot;hoverButtons&quot;:false,&quot;fitMedia&quot;:false,&quot;noScrollbars&quot;:true,&quot;preserveButtonSpace&quot;:true,&quot;buttons&quot;:{&quot;fullscreen&quot;:true,&quot;info&quot;:true,&quot;thumbs&quot;:false},&quot;video&quot;:{&quot;autoPlay&quot;:true}}\" style=\"--fg-title-line-clamp: 1; --fg-description-line-clamp: 2;\" >\n\t<div class=\"fiv-inner\">\n\t\t<div class=\"fiv-inner-container\">\n\t\t\t<div class=\"fg-item fg-type-iframe fg-idle\"><figure class=\"fg-item-inner\"><a href=\"https:\/\/ffyh.unc.edu.ar\/extension\/?attachment_id=9938\" data-attachment-id=\"9938\" data-type=\"iframe\" class=\"fg-thumb\"><span class=\"fg-image-wrap\"><img fetchpriority=\"high\" decoding=\"async\" width=\"2251\" height=\"3000\" class=\"skip-lazy fg-image\" data-src-fg=\"https:\/\/ffyh.unc.edu.ar\/extension\/wp-content\/uploads\/sites\/2\/2026\/03\/01.jpg\" src=\"data:image\/svg+xml,%3Csvg%20xmlns%3D%22http%3A%2F%2Fwww.w3.org%2F2000%2Fsvg%22%20width%3D%222251%22%20height%3D%223000%22%20viewBox%3D%220%200%202251%203000%22%3E%3C%2Fsvg%3E\" loading=\"eager\"><\/span><span class=\"fg-image-overlay\"><\/span><\/a><\/figure><div class=\"fg-loader\"><\/div><\/div><div class=\"fg-item fg-type-iframe fg-idle\"><figure class=\"fg-item-inner\"><a href=\"https:\/\/ffyh.unc.edu.ar\/extension\/?attachment_id=9929\" data-attachment-id=\"9929\" data-type=\"iframe\" class=\"fg-thumb\"><span class=\"fg-image-wrap\"><img decoding=\"async\" width=\"2251\" height=\"3000\" class=\"skip-lazy fg-image\" data-src-fg=\"https:\/\/ffyh.unc.edu.ar\/extension\/wp-content\/uploads\/sites\/2\/2026\/03\/Carrusel-convocatoria-1-scaled.jpg\" src=\"data:image\/svg+xml,%3Csvg%20xmlns%3D%22http%3A%2F%2Fwww.w3.org%2F2000%2Fsvg%22%20width%3D%222251%22%20height%3D%223000%22%20viewBox%3D%220%200%202251%203000%22%3E%3C%2Fsvg%3E\" loading=\"eager\"><\/span><span class=\"fg-image-overlay\"><\/span><\/a><\/figure><div class=\"fg-loader\"><\/div><\/div><div class=\"fg-item fg-type-iframe fg-idle\"><figure class=\"fg-item-inner\"><a href=\"https:\/\/ffyh.unc.edu.ar\/extension\/?attachment_id=9926\" data-attachment-id=\"9926\" data-type=\"iframe\" class=\"fg-thumb\"><span class=\"fg-image-wrap\"><img decoding=\"async\" width=\"2251\" height=\"3000\" class=\"skip-lazy fg-image\" data-src-fg=\"https:\/\/ffyh.unc.edu.ar\/extension\/wp-content\/uploads\/sites\/2\/2026\/03\/Personas-mayores-2026-IG-POST-scaled.jpg\" src=\"data:image\/svg+xml,%3Csvg%20xmlns%3D%22http%3A%2F%2Fwww.w3.org%2F2000%2Fsvg%22%20width%3D%222251%22%20height%3D%223000%22%20viewBox%3D%220%200%202251%203000%22%3E%3C%2Fsvg%3E\" loading=\"eager\"><\/span><span class=\"fg-image-overlay\"><\/span><\/a><\/figure><div class=\"fg-loader\"><\/div><\/div><div class=\"fg-item fg-type-iframe fg-idle\"><figure class=\"fg-item-inner\"><a href=\"https:\/\/ffyh.unc.edu.ar\/extension\/?attachment_id=9928\" data-attachment-id=\"9928\" data-type=\"iframe\" class=\"fg-thumb\"><span class=\"fg-image-wrap\"><img decoding=\"async\" width=\"2251\" height=\"3000\" class=\"skip-lazy fg-image\" data-src-fg=\"https:\/\/ffyh.unc.edu.ar\/extension\/wp-content\/uploads\/sites\/2\/2026\/03\/Carrusel-apoyo-escolar-scaled.jpg\" src=\"data:image\/svg+xml,%3Csvg%20xmlns%3D%22http%3A%2F%2Fwww.w3.org%2F2000%2Fsvg%22%20width%3D%222251%22%20height%3D%223000%22%20viewBox%3D%220%200%202251%203000%22%3E%3C%2Fsvg%3E\" loading=\"eager\"><\/span><span class=\"fg-image-overlay\"><\/span><\/a><\/figure><div class=\"fg-loader\"><\/div><\/div><div class=\"fg-item fg-type-iframe fg-idle\"><figure class=\"fg-item-inner\"><a href=\"https:\/\/ffyh.unc.edu.ar\/extension\/?attachment_id=9930\" data-attachment-id=\"9930\" data-type=\"iframe\" class=\"fg-thumb\"><span class=\"fg-image-wrap\"><img decoding=\"async\" width=\"2251\" height=\"3000\" class=\"skip-lazy fg-image\" data-src-fg=\"https:\/\/ffyh.unc.edu.ar\/extension\/wp-content\/uploads\/sites\/2\/2026\/03\/Carrusel-ninez-scaled.jpg\" src=\"data:image\/svg+xml,%3Csvg%20xmlns%3D%22http%3A%2F%2Fwww.w3.org%2F2000%2Fsvg%22%20width%3D%222251%22%20height%3D%223000%22%20viewBox%3D%220%200%202251%203000%22%3E%3C%2Fsvg%3E\" loading=\"eager\"><\/span><span class=\"fg-image-overlay\"><\/span><\/a><\/figure><div class=\"fg-loader\"><\/div><\/div><div class=\"fg-item fg-type-iframe fg-idle\"><figure class=\"fg-item-inner\"><a href=\"https:\/\/ffyh.unc.edu.ar\/extension\/?attachment_id=9925\" data-attachment-id=\"9925\" data-type=\"iframe\" class=\"fg-thumb\"><span class=\"fg-image-wrap\"><img decoding=\"async\" width=\"2251\" height=\"3000\" class=\"skip-lazy fg-image\" data-src-fg=\"https:\/\/ffyh.unc.edu.ar\/extension\/wp-content\/uploads\/sites\/2\/2026\/03\/Convocatoria-PGGAC_Post-EX-Cuadrado-1-copia-scaled.jpg\" src=\"data:image\/svg+xml,%3Csvg%20xmlns%3D%22http%3A%2F%2Fwww.w3.org%2F2000%2Fsvg%22%20width%3D%222251%22%20height%3D%223000%22%20viewBox%3D%220%200%202251%203000%22%3E%3C%2Fsvg%3E\" loading=\"eager\"><\/span><span class=\"fg-image-overlay\"><\/span><\/a><\/figure><div class=\"fg-loader\"><\/div><\/div><div class=\"fg-item fg-type-iframe fg-idle\"><figure class=\"fg-item-inner\"><a href=\"https:\/\/ffyh.unc.edu.ar\/extension\/?attachment_id=9927\" data-attachment-id=\"9927\" data-type=\"iframe\" class=\"fg-thumb\"><span class=\"fg-image-wrap\"><img decoding=\"async\" width=\"2251\" height=\"3000\" class=\"skip-lazy fg-image\" data-src-fg=\"https:\/\/ffyh.unc.edu.ar\/extension\/wp-content\/uploads\/sites\/2\/2026\/03\/Reunion-25_2-Subsidios-IG-POST-scaled.jpg\" src=\"data:image\/svg+xml,%3Csvg%20xmlns%3D%22http%3A%2F%2Fwww.w3.org%2F2000%2Fsvg%22%20width%3D%222251%22%20height%3D%223000%22%20viewBox%3D%220%200%202251%203000%22%3E%3C%2Fsvg%3E\" loading=\"eager\"><\/span><span class=\"fg-image-overlay\"><\/span><\/a><\/figure><div class=\"fg-loader\"><\/div><\/div>\t\t<\/div>\n\t\t<div class=\"fiv-ctrls\">\n\t\t\t<button type=\"button\" class=\"fiv-prev\" title=\"Anterior\"><span>Anterior<\/span><\/button>\n\t\t\t<label class=\"fiv-count\"><span class=\"fiv-count-current\">1<\/span>de<span class=\"fiv-count-total\">7<\/span><\/label>\n\t\t\t<button type=\"button\" class=\"fiv-next\" title=\"Siguiente\"><span>Siguiente<\/span><\/button>\n\t\t<\/div>\n\t<\/div>\n<\/div>\n","protected":false},"excerpt":{"rendered":"<p>Si quer\u00e9s activar el modo extensionista estas convocatorias te pueden interesar.\u00a0 Hay tres llamados abiertos dirigidos a estudiantes, equipos docentes<\/p>\n","protected":false},"author":3,"featured_media":9933,"comment_status":"closed","ping_status":"closed","sticky":false,"template":"","format":"standard","meta":{"_acf_changed":false,"colormag_page_container_layout":"default_layout","colormag_page_sidebar_layout":"default_layout","footnotes":""},"categories":[71,12],"tags":[],"class_list":["post-9919","post","type-post","status-publish","format-standard","has-post-thumbnail","hentry","category-extension-unc","category-noticias"],"acf":[],"yoast_head":"<!-- This site is optimized with the Yoast SEO plugin v27.1.1 - https:\/\/yoast.com\/product\/yoast-seo-wordpress\/ -->\n<title>Extensi\u00f3n Modo ON: convocatorias abiertas de la Secretar\u00eda de Extensi\u00f3n UNC - Secretar\u00eda de Extensi\u00f3n<\/title>\n<meta name=\"robots\" content=\"index, follow, max-snippet:-1, max-image-preview:large, max-video-preview:-1\" \/>\n<link rel=\"canonical\" href=\"https:\/\/ffyh.unc.edu.ar\/extension\/2026\/03\/06\/extension-modo-on-convocatorias-abiertas-de-la-secretaria-de-extension-de-la-unc\/\" \/>\n<meta property=\"og:locale\" content=\"es_ES\" \/>\n<meta property=\"og:type\" content=\"article\" \/>\n<meta property=\"og:title\" content=\"Extensi\u00f3n Modo ON: convocatorias abiertas de la Secretar\u00eda de Extensi\u00f3n UNC - Secretar\u00eda de Extensi\u00f3n\" \/>\n<meta property=\"og:description\" content=\"Si quer\u00e9s activar el modo extensionista estas convocatorias te pueden interesar.\u00a0 Hay tres llamados abiertos dirigidos a estudiantes, equipos docentes\" \/>\n<meta property=\"og:url\" content=\"https:\/\/ffyh.unc.edu.ar\/extension\/2026\/03\/06\/extension-modo-on-convocatorias-abiertas-de-la-secretaria-de-extension-de-la-unc\/\" \/>\n<meta property=\"og:site_name\" content=\"Secretar\u00eda de Extensi\u00f3n\" \/>\n<meta property=\"article:publisher\" content=\"https:\/\/www.facebook.com\/extensionffyh\" \/>\n<meta property=\"article:published_time\" content=\"2026-03-06T13:00:59+00:00\" \/>\n<meta property=\"article:modified_time\" content=\"2026-03-11T15:48:11+00:00\" \/>\n<meta property=\"og:image\" content=\"http:\/\/ffyh.unc.edu.ar\/extension\/wp-content\/uploads\/sites\/2\/2022\/03\/web-modoon.jpg\" \/>\n\t<meta property=\"og:image:width\" content=\"767\" \/>\n\t<meta property=\"og:image:height\" content=\"457\" \/>\n\t<meta property=\"og:image:type\" content=\"image\/jpeg\" \/>\n<meta name=\"author\" content=\"extension\" \/>\n<meta name=\"twitter:card\" content=\"summary_large_image\" \/>\n<meta name=\"twitter:label1\" content=\"Escrito por\" \/>\n\t<meta name=\"twitter:data1\" content=\"\" \/>\n\t<meta name=\"twitter:label2\" content=\"Tiempo de lectura\" \/>\n\t<meta name=\"twitter:data2\" content=\"2 minutos\" \/>\n<script type=\"application\/ld+json\" class=\"yoast-schema-graph\">{\"@context\":\"https:\/\/schema.org\",\"@graph\":[{\"@type\":\"Article\",\"@id\":\"https:\/\/ffyh.unc.edu.ar\/extension\/2026\/03\/06\/extension-modo-on-convocatorias-abiertas-de-la-secretaria-de-extension-de-la-unc\/#article\",\"isPartOf\":{\"@id\":\"https:\/\/ffyh.unc.edu.ar\/extension\/2026\/03\/06\/extension-modo-on-convocatorias-abiertas-de-la-secretaria-de-extension-de-la-unc\/\"},\"author\":{\"name\":\"extension\",\"@id\":\"https:\/\/ffyh.unc.edu.ar\/extension\/#\/schema\/person\/c429cdff3a192a7081944182246c3689\"},\"headline\":\"Extensi\u00f3n Modo ON: convocatorias abiertas de la Secretar\u00eda de Extensi\u00f3n UNC\",\"datePublished\":\"2026-03-06T13:00:59+00:00\",\"dateModified\":\"2026-03-11T15:48:11+00:00\",\"mainEntityOfPage\":{\"@id\":\"https:\/\/ffyh.unc.edu.ar\/extension\/2026\/03\/06\/extension-modo-on-convocatorias-abiertas-de-la-secretaria-de-extension-de-la-unc\/\"},\"wordCount\":349,\"publisher\":{\"@id\":\"https:\/\/ffyh.unc.edu.ar\/extension\/#organization\"},\"image\":{\"@id\":\"https:\/\/ffyh.unc.edu.ar\/extension\/2026\/03\/06\/extension-modo-on-convocatorias-abiertas-de-la-secretaria-de-extension-de-la-unc\/#primaryimage\"},\"thumbnailUrl\":\"https:\/\/ffyh.unc.edu.ar\/extension\/wp-content\/uploads\/sites\/2\/2022\/03\/web-modoon.jpg\",\"articleSection\":[\"Extensi\u00f3n UNC\",\"Noticias\"],\"inLanguage\":\"es\"},{\"@type\":\"WebPage\",\"@id\":\"https:\/\/ffyh.unc.edu.ar\/extension\/2026\/03\/06\/extension-modo-on-convocatorias-abiertas-de-la-secretaria-de-extension-de-la-unc\/\",\"url\":\"https:\/\/ffyh.unc.edu.ar\/extension\/2026\/03\/06\/extension-modo-on-convocatorias-abiertas-de-la-secretaria-de-extension-de-la-unc\/\",\"name\":\"Extensi\u00f3n Modo ON: convocatorias abiertas de la Secretar\u00eda de Extensi\u00f3n UNC - Secretar\u00eda de Extensi\u00f3n\",\"isPartOf\":{\"@id\":\"https:\/\/ffyh.unc.edu.ar\/extension\/#website\"},\"primaryImageOfPage\":{\"@id\":\"https:\/\/ffyh.unc.edu.ar\/extension\/2026\/03\/06\/extension-modo-on-convocatorias-abiertas-de-la-secretaria-de-extension-de-la-unc\/#primaryimage\"},\"image\":{\"@id\":\"https:\/\/ffyh.unc.edu.ar\/extension\/2026\/03\/06\/extension-modo-on-convocatorias-abiertas-de-la-secretaria-de-extension-de-la-unc\/#primaryimage\"},\"thumbnailUrl\":\"https:\/\/ffyh.unc.edu.ar\/extension\/wp-content\/uploads\/sites\/2\/2022\/03\/web-modoon.jpg\",\"datePublished\":\"2026-03-06T13:00:59+00:00\",\"dateModified\":\"2026-03-11T15:48:11+00:00\",\"breadcrumb\":{\"@id\":\"https:\/\/ffyh.unc.edu.ar\/extension\/2026\/03\/06\/extension-modo-on-convocatorias-abiertas-de-la-secretaria-de-extension-de-la-unc\/#breadcrumb\"},\"inLanguage\":\"es\",\"potentialAction\":[{\"@type\":\"ReadAction\",\"target\":[\"https:\/\/ffyh.unc.edu.ar\/extension\/2026\/03\/06\/extension-modo-on-convocatorias-abiertas-de-la-secretaria-de-extension-de-la-unc\/\"]}]},{\"@type\":\"ImageObject\",\"inLanguage\":\"es\",\"@id\":\"https:\/\/ffyh.unc.edu.ar\/extension\/2026\/03\/06\/extension-modo-on-convocatorias-abiertas-de-la-secretaria-de-extension-de-la-unc\/#primaryimage\",\"url\":\"https:\/\/ffyh.unc.edu.ar\/extension\/wp-content\/uploads\/sites\/2\/2022\/03\/web-modoon.jpg\",\"contentUrl\":\"https:\/\/ffyh.unc.edu.ar\/extension\/wp-content\/uploads\/sites\/2\/2022\/03\/web-modoon.jpg\",\"width\":767,\"height\":457},{\"@type\":\"BreadcrumbList\",\"@id\":\"https:\/\/ffyh.unc.edu.ar\/extension\/2026\/03\/06\/extension-modo-on-convocatorias-abiertas-de-la-secretaria-de-extension-de-la-unc\/#breadcrumb\",\"itemListElement\":[{\"@type\":\"ListItem\",\"position\":1,\"name\":\"Portada\",\"item\":\"https:\/\/ffyh.unc.edu.ar\/extension\/\"},{\"@type\":\"ListItem\",\"position\":2,\"name\":\"Extensi\u00f3n Modo ON: convocatorias abiertas de la Secretar\u00eda de Extensi\u00f3n UNC\"}]},{\"@type\":\"WebSite\",\"@id\":\"https:\/\/ffyh.unc.edu.ar\/extension\/#website\",\"url\":\"https:\/\/ffyh.unc.edu.ar\/extension\/\",\"name\":\"Secretar\u00eda de Extensi\u00f3n\",\"description\":\"Facultad de Filosof\u00eda y Humanidades - Universidad Nacional de C\u00f3rdoba\",\"publisher\":{\"@id\":\"https:\/\/ffyh.unc.edu.ar\/extension\/#organization\"},\"potentialAction\":[{\"@type\":\"SearchAction\",\"target\":{\"@type\":\"EntryPoint\",\"urlTemplate\":\"https:\/\/ffyh.unc.edu.ar\/extension\/?s={search_term_string}\"},\"query-input\":{\"@type\":\"PropertyValueSpecification\",\"valueRequired\":true,\"valueName\":\"search_term_string\"}}],\"inLanguage\":\"es\"},{\"@type\":\"Organization\",\"@id\":\"https:\/\/ffyh.unc.edu.ar\/extension\/#organization\",\"name\":\"Secretar\u00eda de Extensi\u00f3n - Facultad de Filosof\u00eda y Humanidades - Universidad Nacional de C\u00f3rdoba\",\"url\":\"https:\/\/ffyh.unc.edu.ar\/extension\/\",\"logo\":{\"@type\":\"ImageObject\",\"inLanguage\":\"es\",\"@id\":\"https:\/\/ffyh.unc.edu.ar\/extension\/#\/schema\/logo\/image\/\",\"url\":\"https:\/\/ffyh.unc.edu.ar\/extension\/wp-content\/uploads\/sites\/2\/2018\/08\/logo-extension-chico.jpg\",\"contentUrl\":\"https:\/\/ffyh.unc.edu.ar\/extension\/wp-content\/uploads\/sites\/2\/2018\/08\/logo-extension-chico.jpg\",\"width\":314,\"height\":119,\"caption\":\"Secretar\u00eda de Extensi\u00f3n - Facultad de Filosof\u00eda y Humanidades - Universidad Nacional de C\u00f3rdoba\"},\"image\":{\"@id\":\"https:\/\/ffyh.unc.edu.ar\/extension\/#\/schema\/logo\/image\/\"},\"sameAs\":[\"https:\/\/www.facebook.com\/extensionffyh\",\"https:\/\/www.instagram.com\/extensionffyh\/\",\"https:\/\/www.youtube.com\/channel\/UCTgN4nvMQE7ktBcgujEI-EA\"]},{\"@type\":\"Person\",\"@id\":\"https:\/\/ffyh.unc.edu.ar\/extension\/#\/schema\/person\/c429cdff3a192a7081944182246c3689\",\"name\":\"extension\",\"url\":\"https:\/\/ffyh.unc.edu.ar\/extension\/author\/extension\/\"}]}<\/script>\n<!-- \/ Yoast SEO plugin. -->","yoast_head_json":{"title":"Extensi\u00f3n Modo ON: convocatorias abiertas de la Secretar\u00eda de Extensi\u00f3n UNC - Secretar\u00eda de Extensi\u00f3n","robots":{"index":"index","follow":"follow","max-snippet":"max-snippet:-1","max-image-preview":"max-image-preview:large","max-video-preview":"max-video-preview:-1"},"canonical":"https:\/\/ffyh.unc.edu.ar\/extension\/2026\/03\/06\/extension-modo-on-convocatorias-abiertas-de-la-secretaria-de-extension-de-la-unc\/","og_locale":"es_ES","og_type":"article","og_title":"Extensi\u00f3n Modo ON: convocatorias abiertas de la Secretar\u00eda de Extensi\u00f3n UNC - Secretar\u00eda de Extensi\u00f3n","og_description":"Si quer\u00e9s activar el modo extensionista estas convocatorias te pueden interesar.\u00a0 Hay tres llamados abiertos dirigidos a estudiantes, equipos docentes","og_url":"https:\/\/ffyh.unc.edu.ar\/extension\/2026\/03\/06\/extension-modo-on-convocatorias-abiertas-de-la-secretaria-de-extension-de-la-unc\/","og_site_name":"Secretar\u00eda de Extensi\u00f3n","article_publisher":"https:\/\/www.facebook.com\/extensionffyh","article_published_time":"2026-03-06T13:00:59+00:00","article_modified_time":"2026-03-11T15:48:11+00:00","og_image":[{"width":767,"height":457,"url":"http:\/\/ffyh.unc.edu.ar\/extension\/wp-content\/uploads\/sites\/2\/2022\/03\/web-modoon.jpg","type":"image\/jpeg"}],"author":"extension","twitter_card":"summary_large_image","twitter_misc":{"Escrito por":false,"Tiempo de lectura":"2 minutos"},"schema":{"@context":"https:\/\/schema.org","@graph":[{"@type":"Article","@id":"https:\/\/ffyh.unc.edu.ar\/extension\/2026\/03\/06\/extension-modo-on-convocatorias-abiertas-de-la-secretaria-de-extension-de-la-unc\/#article","isPartOf":{"@id":"https:\/\/ffyh.unc.edu.ar\/extension\/2026\/03\/06\/extension-modo-on-convocatorias-abiertas-de-la-secretaria-de-extension-de-la-unc\/"},"author":{"name":"extension","@id":"https:\/\/ffyh.unc.edu.ar\/extension\/#\/schema\/person\/c429cdff3a192a7081944182246c3689"},"headline":"Extensi\u00f3n Modo ON: convocatorias abiertas de la Secretar\u00eda de Extensi\u00f3n UNC","datePublished":"2026-03-06T13:00:59+00:00","dateModified":"2026-03-11T15:48:11+00:00","mainEntityOfPage":{"@id":"https:\/\/ffyh.unc.edu.ar\/extension\/2026\/03\/06\/extension-modo-on-convocatorias-abiertas-de-la-secretaria-de-extension-de-la-unc\/"},"wordCount":349,"publisher":{"@id":"https:\/\/ffyh.unc.edu.ar\/extension\/#organization"},"image":{"@id":"https:\/\/ffyh.unc.edu.ar\/extension\/2026\/03\/06\/extension-modo-on-convocatorias-abiertas-de-la-secretaria-de-extension-de-la-unc\/#primaryimage"},"thumbnailUrl":"https:\/\/ffyh.unc.edu.ar\/extension\/wp-content\/uploads\/sites\/2\/2022\/03\/web-modoon.jpg","articleSection":["Extensi\u00f3n UNC","Noticias"],"inLanguage":"es"},{"@type":"WebPage","@id":"https:\/\/ffyh.unc.edu.ar\/extension\/2026\/03\/06\/extension-modo-on-convocatorias-abiertas-de-la-secretaria-de-extension-de-la-unc\/","url":"https:\/\/ffyh.unc.edu.ar\/extension\/2026\/03\/06\/extension-modo-on-convocatorias-abiertas-de-la-secretaria-de-extension-de-la-unc\/","name":"Extensi\u00f3n Modo ON: convocatorias abiertas de la Secretar\u00eda de Extensi\u00f3n UNC - Secretar\u00eda de Extensi\u00f3n","isPartOf":{"@id":"https:\/\/ffyh.unc.edu.ar\/extension\/#website"},"primaryImageOfPage":{"@id":"https:\/\/ffyh.unc.edu.ar\/extension\/2026\/03\/06\/extension-modo-on-convocatorias-abiertas-de-la-secretaria-de-extension-de-la-unc\/#primaryimage"},"image":{"@id":"https:\/\/ffyh.unc.edu.ar\/extension\/2026\/03\/06\/extension-modo-on-convocatorias-abiertas-de-la-secretaria-de-extension-de-la-unc\/#primaryimage"},"thumbnailUrl":"https:\/\/ffyh.unc.edu.ar\/extension\/wp-content\/uploads\/sites\/2\/2022\/03\/web-modoon.jpg","datePublished":"2026-03-06T13:00:59+00:00","dateModified":"2026-03-11T15:48:11+00:00","breadcrumb":{"@id":"https:\/\/ffyh.unc.edu.ar\/extension\/2026\/03\/06\/extension-modo-on-convocatorias-abiertas-de-la-secretaria-de-extension-de-la-unc\/#breadcrumb"},"inLanguage":"es","potentialAction":[{"@type":"ReadAction","target":["https:\/\/ffyh.unc.edu.ar\/extension\/2026\/03\/06\/extension-modo-on-convocatorias-abiertas-de-la-secretaria-de-extension-de-la-unc\/"]}]},{"@type":"ImageObject","inLanguage":"es","@id":"https:\/\/ffyh.unc.edu.ar\/extension\/2026\/03\/06\/extension-modo-on-convocatorias-abiertas-de-la-secretaria-de-extension-de-la-unc\/#primaryimage","url":"https:\/\/ffyh.unc.edu.ar\/extension\/wp-content\/uploads\/sites\/2\/2022\/03\/web-modoon.jpg","contentUrl":"https:\/\/ffyh.unc.edu.ar\/extension\/wp-content\/uploads\/sites\/2\/2022\/03\/web-modoon.jpg","width":767,"height":457},{"@type":"BreadcrumbList","@id":"https:\/\/ffyh.unc.edu.ar\/extension\/2026\/03\/06\/extension-modo-on-convocatorias-abiertas-de-la-secretaria-de-extension-de-la-unc\/#breadcrumb","itemListElement":[{"@type":"ListItem","position":1,"name":"Portada","item":"https:\/\/ffyh.unc.edu.ar\/extension\/"},{"@type":"ListItem","position":2,"name":"Extensi\u00f3n Modo ON: convocatorias abiertas de la Secretar\u00eda de Extensi\u00f3n UNC"}]},{"@type":"WebSite","@id":"https:\/\/ffyh.unc.edu.ar\/extension\/#website","url":"https:\/\/ffyh.unc.edu.ar\/extension\/","name":"Secretar\u00eda de Extensi\u00f3n","description":"Facultad de Filosof\u00eda y Humanidades - Universidad Nacional de C\u00f3rdoba","publisher":{"@id":"https:\/\/ffyh.unc.edu.ar\/extension\/#organization"},"potentialAction":[{"@type":"SearchAction","target":{"@type":"EntryPoint","urlTemplate":"https:\/\/ffyh.unc.edu.ar\/extension\/?s={search_term_string}"},"query-input":{"@type":"PropertyValueSpecification","valueRequired":true,"valueName":"search_term_string"}}],"inLanguage":"es"},{"@type":"Organization","@id":"https:\/\/ffyh.unc.edu.ar\/extension\/#organization","name":"Secretar\u00eda de Extensi\u00f3n - Facultad de Filosof\u00eda y Humanidades - Universidad Nacional de C\u00f3rdoba","url":"https:\/\/ffyh.unc.edu.ar\/extension\/","logo":{"@type":"ImageObject","inLanguage":"es","@id":"https:\/\/ffyh.unc.edu.ar\/extension\/#\/schema\/logo\/image\/","url":"https:\/\/ffyh.unc.edu.ar\/extension\/wp-content\/uploads\/sites\/2\/2018\/08\/logo-extension-chico.jpg","contentUrl":"https:\/\/ffyh.unc.edu.ar\/extension\/wp-content\/uploads\/sites\/2\/2018\/08\/logo-extension-chico.jpg","width":314,"height":119,"caption":"Secretar\u00eda de Extensi\u00f3n - Facultad de Filosof\u00eda y Humanidades - Universidad Nacional de C\u00f3rdoba"},"image":{"@id":"https:\/\/ffyh.unc.edu.ar\/extension\/#\/schema\/logo\/image\/"},"sameAs":["https:\/\/www.facebook.com\/extensionffyh","https:\/\/www.instagram.com\/extensionffyh\/","https:\/\/www.youtube.com\/channel\/UCTgN4nvMQE7ktBcgujEI-EA"]},{"@type":"Person","@id":"https:\/\/ffyh.unc.edu.ar\/extension\/#\/schema\/person\/c429cdff3a192a7081944182246c3689","name":"extension","url":"https:\/\/ffyh.unc.edu.ar\/extension\/author\/extension\/"}]}},"jetpack_featured_media_url":"https:\/\/ffyh.unc.edu.ar\/extension\/wp-content\/uploads\/sites\/2\/2022\/03\/web-modoon.jpg","_links":{"self":[{"href":"https:\/\/ffyh.unc.edu.ar\/extension\/wp-json\/wp\/v2\/posts\/9919","targetHints":{"allow":["GET"]}}],"collection":[{"href":"https:\/\/ffyh.unc.edu.ar\/extension\/wp-json\/wp\/v2\/posts"}],"about":[{"href":"https:\/\/ffyh.unc.edu.ar\/extension\/wp-json\/wp\/v2\/types\/post"}],"author":[{"embeddable":true,"href":"https:\/\/ffyh.unc.edu.ar\/extension\/wp-json\/wp\/v2\/users\/3"}],"replies":[{"embeddable":true,"href":"https:\/\/ffyh.unc.edu.ar\/extension\/wp-json\/wp\/v2\/comments?post=9919"}],"version-history":[{"count":8,"href":"https:\/\/ffyh.unc.edu.ar\/extension\/wp-json\/wp\/v2\/posts\/9919\/revisions"}],"predecessor-version":[{"id":9935,"href":"https:\/\/ffyh.unc.edu.ar\/extension\/wp-json\/wp\/v2\/posts\/9919\/revisions\/9935"}],"wp:featuredmedia":[{"embeddable":true,"href":"https:\/\/ffyh.unc.edu.ar\/extension\/wp-json\/wp\/v2\/media\/9933"}],"wp:attachment":[{"href":"https:\/\/ffyh.unc.edu.ar\/extension\/wp-json\/wp\/v2\/media?parent=9919"}],"wp:term":[{"taxonomy":"category","embeddable":true,"href":"https:\/\/ffyh.unc.edu.ar\/extension\/wp-json\/wp\/v2\/categories?post=9919"},{"taxonomy":"post_tag","embeddable":true,"href":"https:\/\/ffyh.unc.edu.ar\/extension\/wp-json\/wp\/v2\/tags?post=9919"}],"curies":[{"name":"wp","href":"https:\/\/api.w.org\/{rel}","templated":true}]}}