{"id":9943,"date":"2026-03-13T09:18:13","date_gmt":"2026-03-13T09:18:13","guid":{"rendered":"https:\/\/ffyh.unc.edu.ar\/extension\/?p=9943"},"modified":"2026-03-13T13:05:42","modified_gmt":"2026-03-13T13:05:42","slug":"nuevo-formulario-autorizacion-imagen-de-ninos-as-y-adolescentes","status":"publish","type":"post","link":"https:\/\/ffyh.unc.edu.ar\/extension\/2026\/03\/13\/nuevo-formulario-autorizacion-imagen-de-ninos-as-y-adolescentes\/","title":{"rendered":"Nuevo formulario disponible: autorizaci\u00f3n para uso de im\u00e1genes de ni\u00f1os\/as y adolescentes"},"content":{"rendered":"<p data-start=\"90\" data-end=\"289\"><em>Si form\u00e1s parte de actividades, proyectos y programas de la Secretar\u00eda de Extensi\u00f3n de la FFyH\u2013UNC y trabaj\u00e1s con ni\u00f1eces y adolescencias, es importante que tengas en cuenta este formulario.<\/em><\/p>\n<p data-start=\"90\" data-end=\"289\"><!--more--><\/p>\n<p data-start=\"291\" data-end=\"518\">Ya est\u00e1 disponible el <strong>formulario de autorizaci\u00f3n para el uso de im\u00e1genes<\/strong>, necesario para registrar y difundir fotograf\u00edas, videos o audios de las actividades extensionistas en las que participan ni\u00f1as, ni\u00f1os y adolescentes.<\/p>\n<p data-start=\"520\" data-end=\"804\">Este documento debe ser completado y firmado por madre, padre, tutor\/a o representante, y permite a la Secretar\u00eda de Extensi\u00f3n, a trav\u00e9s de sus actividades, proyectos y programas, utilizar esos registros sin fines de lucro y \u00fanicamente en canales institucionales de la Facultad (como redes sociales o materiales did\u00e1cticos).<\/p>\n<p data-start=\"806\" data-end=\"960\">En todos los casos se informar\u00e1 y pedir\u00e1 permiso a las y los participantes, y cualquier otro tipo de difusi\u00f3n requerir\u00e1 una autorizaci\u00f3n adicional.<\/p>\n<p data-start=\"962\" data-end=\"1028\">El formulario esta <a href=\"https:\/\/docs.google.com\/document\/d\/1SN-oXJZD-X2N81rBjXCGOcVZ57UopyRQ\/edit?usp=sharing&amp;ouid=100088573379300185990&amp;rtpof=true&amp;sd=true\">disponible aqu\u00ed<\/a> y siempre pod\u00e9s encontralo en la solapa \u00ab<a href=\"https:\/\/ffyh.unc.edu.ar\/extension\/formularios\/\">reglamentos y formularios<\/a>\u00bb de nuestra web.<\/p>\n<p><a href=\"https:\/\/ffyh.unc.edu.ar\/extension\/2024\/03\/11\/nuevo-formulario-autorizacion-imagen-de-ninos-as-y-adolescentes\/carlos-01\/\" rel=\"attachment wp-att-9952\"><img loading=\"lazy\" decoding=\"async\" class=\"alignnone wp-image-9952 size-full\" src=\"http:\/\/ffyh.unc.edu.ar\/extension\/wp-content\/uploads\/sites\/2\/2024\/03\/carlos-01-scaled.jpg\" alt=\"\" width=\"2560\" height=\"2560\" srcset=\"https:\/\/ffyh.unc.edu.ar\/extension\/wp-content\/uploads\/sites\/2\/2024\/03\/carlos-01-scaled.jpg 2560w, https:\/\/ffyh.unc.edu.ar\/extension\/wp-content\/uploads\/sites\/2\/2024\/03\/carlos-01-300x300.jpg 300w, https:\/\/ffyh.unc.edu.ar\/extension\/wp-content\/uploads\/sites\/2\/2024\/03\/carlos-01-1024x1024.jpg 1024w, https:\/\/ffyh.unc.edu.ar\/extension\/wp-content\/uploads\/sites\/2\/2024\/03\/carlos-01-150x150.jpg 150w, https:\/\/ffyh.unc.edu.ar\/extension\/wp-content\/uploads\/sites\/2\/2024\/03\/carlos-01-768x768.jpg 768w, https:\/\/ffyh.unc.edu.ar\/extension\/wp-content\/uploads\/sites\/2\/2024\/03\/carlos-01-1536x1536.jpg 1536w, https:\/\/ffyh.unc.edu.ar\/extension\/wp-content\/uploads\/sites\/2\/2024\/03\/carlos-01-2048x2048.jpg 2048w\" sizes=\"auto, (max-width: 2560px) 100vw, 2560px\" \/><\/a><\/p>\n","protected":false},"excerpt":{"rendered":"<p>Si form\u00e1s parte de actividades, proyectos y programas de la Secretar\u00eda de Extensi\u00f3n de la FFyH\u2013UNC y trabaj\u00e1s con ni\u00f1eces<\/p>\n","protected":false},"author":3,"featured_media":9953,"comment_status":"closed","ping_status":"closed","sticky":false,"template":"","format":"standard","meta":{"_acf_changed":false,"colormag_page_container_layout":"default_layout","colormag_page_sidebar_layout":"default_layout","footnotes":""},"categories":[12],"tags":[],"class_list":["post-9943","post","type-post","status-publish","format-standard","has-post-thumbnail","hentry","category-noticias"],"acf":[],"yoast_head":"<!-- This site is optimized with the Yoast SEO plugin v27.1.1 - https:\/\/yoast.com\/product\/yoast-seo-wordpress\/ -->\n<title>Nuevo formulario disponible: autorizaci\u00f3n para uso de im\u00e1genes de ni\u00f1os\/as y adolescentes - Secretar\u00eda de Extensi\u00f3n<\/title>\n<meta name=\"robots\" content=\"index, follow, max-snippet:-1, max-image-preview:large, max-video-preview:-1\" \/>\n<link rel=\"canonical\" href=\"https:\/\/ffyh.unc.edu.ar\/extension\/2026\/03\/13\/nuevo-formulario-autorizacion-imagen-de-ninos-as-y-adolescentes\/\" \/>\n<meta property=\"og:locale\" content=\"es_ES\" \/>\n<meta property=\"og:type\" content=\"article\" \/>\n<meta property=\"og:title\" content=\"Nuevo formulario disponible: autorizaci\u00f3n para uso de im\u00e1genes de ni\u00f1os\/as y adolescentes - Secretar\u00eda de Extensi\u00f3n\" \/>\n<meta property=\"og:description\" content=\"Si form\u00e1s parte de actividades, proyectos y programas de la Secretar\u00eda de Extensi\u00f3n de la FFyH\u2013UNC y trabaj\u00e1s con ni\u00f1eces\" \/>\n<meta property=\"og:url\" content=\"https:\/\/ffyh.unc.edu.ar\/extension\/2026\/03\/13\/nuevo-formulario-autorizacion-imagen-de-ninos-as-y-adolescentes\/\" \/>\n<meta property=\"og:site_name\" content=\"Secretar\u00eda de Extensi\u00f3n\" \/>\n<meta property=\"article:publisher\" content=\"https:\/\/www.facebook.com\/extensionffyh\" \/>\n<meta property=\"article:published_time\" content=\"2026-03-13T09:18:13+00:00\" \/>\n<meta property=\"article:modified_time\" content=\"2026-03-13T13:05:42+00:00\" \/>\n<meta property=\"og:image\" content=\"http:\/\/ffyh.unc.edu.ar\/extension\/wp-content\/uploads\/sites\/2\/2024\/03\/carlos-02-scaled.jpg\" \/>\n\t<meta property=\"og:image:width\" content=\"2560\" \/>\n\t<meta property=\"og:image:height\" content=\"1424\" \/>\n\t<meta property=\"og:image:type\" content=\"image\/jpeg\" \/>\n<meta name=\"author\" content=\"extension\" \/>\n<meta name=\"twitter:card\" content=\"summary_large_image\" \/>\n<meta name=\"twitter:label1\" content=\"Escrito por\" \/>\n\t<meta name=\"twitter:data1\" content=\"\" \/>\n\t<meta name=\"twitter:label2\" content=\"Tiempo de lectura\" \/>\n\t<meta name=\"twitter:data2\" content=\"1 minuto\" \/>\n<script type=\"application\/ld+json\" class=\"yoast-schema-graph\">{\"@context\":\"https:\/\/schema.org\",\"@graph\":[{\"@type\":\"Article\",\"@id\":\"https:\/\/ffyh.unc.edu.ar\/extension\/2026\/03\/13\/nuevo-formulario-autorizacion-imagen-de-ninos-as-y-adolescentes\/#article\",\"isPartOf\":{\"@id\":\"https:\/\/ffyh.unc.edu.ar\/extension\/2026\/03\/13\/nuevo-formulario-autorizacion-imagen-de-ninos-as-y-adolescentes\/\"},\"author\":{\"name\":\"extension\",\"@id\":\"https:\/\/ffyh.unc.edu.ar\/extension\/#\/schema\/person\/c429cdff3a192a7081944182246c3689\"},\"headline\":\"Nuevo formulario disponible: autorizaci\u00f3n para uso de im\u00e1genes de ni\u00f1os\/as y adolescentes\",\"datePublished\":\"2026-03-13T09:18:13+00:00\",\"dateModified\":\"2026-03-13T13:05:42+00:00\",\"mainEntityOfPage\":{\"@id\":\"https:\/\/ffyh.unc.edu.ar\/extension\/2026\/03\/13\/nuevo-formulario-autorizacion-imagen-de-ninos-as-y-adolescentes\/\"},\"wordCount\":189,\"publisher\":{\"@id\":\"https:\/\/ffyh.unc.edu.ar\/extension\/#organization\"},\"image\":{\"@id\":\"https:\/\/ffyh.unc.edu.ar\/extension\/2026\/03\/13\/nuevo-formulario-autorizacion-imagen-de-ninos-as-y-adolescentes\/#primaryimage\"},\"thumbnailUrl\":\"https:\/\/ffyh.unc.edu.ar\/extension\/wp-content\/uploads\/sites\/2\/2024\/03\/carlos-02-scaled.jpg\",\"articleSection\":[\"Noticias\"],\"inLanguage\":\"es\"},{\"@type\":\"WebPage\",\"@id\":\"https:\/\/ffyh.unc.edu.ar\/extension\/2026\/03\/13\/nuevo-formulario-autorizacion-imagen-de-ninos-as-y-adolescentes\/\",\"url\":\"https:\/\/ffyh.unc.edu.ar\/extension\/2026\/03\/13\/nuevo-formulario-autorizacion-imagen-de-ninos-as-y-adolescentes\/\",\"name\":\"Nuevo formulario disponible: autorizaci\u00f3n para uso de im\u00e1genes de ni\u00f1os\/as y adolescentes - Secretar\u00eda de Extensi\u00f3n\",\"isPartOf\":{\"@id\":\"https:\/\/ffyh.unc.edu.ar\/extension\/#website\"},\"primaryImageOfPage\":{\"@id\":\"https:\/\/ffyh.unc.edu.ar\/extension\/2026\/03\/13\/nuevo-formulario-autorizacion-imagen-de-ninos-as-y-adolescentes\/#primaryimage\"},\"image\":{\"@id\":\"https:\/\/ffyh.unc.edu.ar\/extension\/2026\/03\/13\/nuevo-formulario-autorizacion-imagen-de-ninos-as-y-adolescentes\/#primaryimage\"},\"thumbnailUrl\":\"https:\/\/ffyh.unc.edu.ar\/extension\/wp-content\/uploads\/sites\/2\/2024\/03\/carlos-02-scaled.jpg\",\"datePublished\":\"2026-03-13T09:18:13+00:00\",\"dateModified\":\"2026-03-13T13:05:42+00:00\",\"breadcrumb\":{\"@id\":\"https:\/\/ffyh.unc.edu.ar\/extension\/2026\/03\/13\/nuevo-formulario-autorizacion-imagen-de-ninos-as-y-adolescentes\/#breadcrumb\"},\"inLanguage\":\"es\",\"potentialAction\":[{\"@type\":\"ReadAction\",\"target\":[\"https:\/\/ffyh.unc.edu.ar\/extension\/2026\/03\/13\/nuevo-formulario-autorizacion-imagen-de-ninos-as-y-adolescentes\/\"]}]},{\"@type\":\"ImageObject\",\"inLanguage\":\"es\",\"@id\":\"https:\/\/ffyh.unc.edu.ar\/extension\/2026\/03\/13\/nuevo-formulario-autorizacion-imagen-de-ninos-as-y-adolescentes\/#primaryimage\",\"url\":\"https:\/\/ffyh.unc.edu.ar\/extension\/wp-content\/uploads\/sites\/2\/2024\/03\/carlos-02-scaled.jpg\",\"contentUrl\":\"https:\/\/ffyh.unc.edu.ar\/extension\/wp-content\/uploads\/sites\/2\/2024\/03\/carlos-02-scaled.jpg\",\"width\":2560,\"height\":1424},{\"@type\":\"BreadcrumbList\",\"@id\":\"https:\/\/ffyh.unc.edu.ar\/extension\/2026\/03\/13\/nuevo-formulario-autorizacion-imagen-de-ninos-as-y-adolescentes\/#breadcrumb\",\"itemListElement\":[{\"@type\":\"ListItem\",\"position\":1,\"name\":\"Portada\",\"item\":\"https:\/\/ffyh.unc.edu.ar\/extension\/\"},{\"@type\":\"ListItem\",\"position\":2,\"name\":\"Nuevo formulario disponible: autorizaci\u00f3n para uso de im\u00e1genes de ni\u00f1os\/as y adolescentes\"}]},{\"@type\":\"WebSite\",\"@id\":\"https:\/\/ffyh.unc.edu.ar\/extension\/#website\",\"url\":\"https:\/\/ffyh.unc.edu.ar\/extension\/\",\"name\":\"Secretar\u00eda de Extensi\u00f3n\",\"description\":\"Facultad de Filosof\u00eda y Humanidades - Universidad Nacional de C\u00f3rdoba\",\"publisher\":{\"@id\":\"https:\/\/ffyh.unc.edu.ar\/extension\/#organization\"},\"potentialAction\":[{\"@type\":\"SearchAction\",\"target\":{\"@type\":\"EntryPoint\",\"urlTemplate\":\"https:\/\/ffyh.unc.edu.ar\/extension\/?s={search_term_string}\"},\"query-input\":{\"@type\":\"PropertyValueSpecification\",\"valueRequired\":true,\"valueName\":\"search_term_string\"}}],\"inLanguage\":\"es\"},{\"@type\":\"Organization\",\"@id\":\"https:\/\/ffyh.unc.edu.ar\/extension\/#organization\",\"name\":\"Secretar\u00eda de Extensi\u00f3n - Facultad de Filosof\u00eda y Humanidades - Universidad Nacional de C\u00f3rdoba\",\"url\":\"https:\/\/ffyh.unc.edu.ar\/extension\/\",\"logo\":{\"@type\":\"ImageObject\",\"inLanguage\":\"es\",\"@id\":\"https:\/\/ffyh.unc.edu.ar\/extension\/#\/schema\/logo\/image\/\",\"url\":\"https:\/\/ffyh.unc.edu.ar\/extension\/wp-content\/uploads\/sites\/2\/2018\/08\/logo-extension-chico.jpg\",\"contentUrl\":\"https:\/\/ffyh.unc.edu.ar\/extension\/wp-content\/uploads\/sites\/2\/2018\/08\/logo-extension-chico.jpg\",\"width\":314,\"height\":119,\"caption\":\"Secretar\u00eda de Extensi\u00f3n - Facultad de Filosof\u00eda y Humanidades - Universidad Nacional de C\u00f3rdoba\"},\"image\":{\"@id\":\"https:\/\/ffyh.unc.edu.ar\/extension\/#\/schema\/logo\/image\/\"},\"sameAs\":[\"https:\/\/www.facebook.com\/extensionffyh\",\"https:\/\/www.instagram.com\/extensionffyh\/\",\"https:\/\/www.youtube.com\/channel\/UCTgN4nvMQE7ktBcgujEI-EA\"]},{\"@type\":\"Person\",\"@id\":\"https:\/\/ffyh.unc.edu.ar\/extension\/#\/schema\/person\/c429cdff3a192a7081944182246c3689\",\"name\":\"extension\",\"url\":\"https:\/\/ffyh.unc.edu.ar\/extension\/author\/extension\/\"}]}<\/script>\n<!-- \/ Yoast SEO plugin. -->","yoast_head_json":{"title":"Nuevo formulario disponible: autorizaci\u00f3n para uso de im\u00e1genes de ni\u00f1os\/as y adolescentes - Secretar\u00eda de Extensi\u00f3n","robots":{"index":"index","follow":"follow","max-snippet":"max-snippet:-1","max-image-preview":"max-image-preview:large","max-video-preview":"max-video-preview:-1"},"canonical":"https:\/\/ffyh.unc.edu.ar\/extension\/2026\/03\/13\/nuevo-formulario-autorizacion-imagen-de-ninos-as-y-adolescentes\/","og_locale":"es_ES","og_type":"article","og_title":"Nuevo formulario disponible: autorizaci\u00f3n para uso de im\u00e1genes de ni\u00f1os\/as y adolescentes - Secretar\u00eda de Extensi\u00f3n","og_description":"Si form\u00e1s parte de actividades, proyectos y programas de la Secretar\u00eda de Extensi\u00f3n de la FFyH\u2013UNC y trabaj\u00e1s con ni\u00f1eces","og_url":"https:\/\/ffyh.unc.edu.ar\/extension\/2026\/03\/13\/nuevo-formulario-autorizacion-imagen-de-ninos-as-y-adolescentes\/","og_site_name":"Secretar\u00eda de Extensi\u00f3n","article_publisher":"https:\/\/www.facebook.com\/extensionffyh","article_published_time":"2026-03-13T09:18:13+00:00","article_modified_time":"2026-03-13T13:05:42+00:00","og_image":[{"width":2560,"height":1424,"url":"http:\/\/ffyh.unc.edu.ar\/extension\/wp-content\/uploads\/sites\/2\/2024\/03\/carlos-02-scaled.jpg","type":"image\/jpeg"}],"author":"extension","twitter_card":"summary_large_image","twitter_misc":{"Escrito por":false,"Tiempo de lectura":"1 minuto"},"schema":{"@context":"https:\/\/schema.org","@graph":[{"@type":"Article","@id":"https:\/\/ffyh.unc.edu.ar\/extension\/2026\/03\/13\/nuevo-formulario-autorizacion-imagen-de-ninos-as-y-adolescentes\/#article","isPartOf":{"@id":"https:\/\/ffyh.unc.edu.ar\/extension\/2026\/03\/13\/nuevo-formulario-autorizacion-imagen-de-ninos-as-y-adolescentes\/"},"author":{"name":"extension","@id":"https:\/\/ffyh.unc.edu.ar\/extension\/#\/schema\/person\/c429cdff3a192a7081944182246c3689"},"headline":"Nuevo formulario disponible: autorizaci\u00f3n para uso de im\u00e1genes de ni\u00f1os\/as y adolescentes","datePublished":"2026-03-13T09:18:13+00:00","dateModified":"2026-03-13T13:05:42+00:00","mainEntityOfPage":{"@id":"https:\/\/ffyh.unc.edu.ar\/extension\/2026\/03\/13\/nuevo-formulario-autorizacion-imagen-de-ninos-as-y-adolescentes\/"},"wordCount":189,"publisher":{"@id":"https:\/\/ffyh.unc.edu.ar\/extension\/#organization"},"image":{"@id":"https:\/\/ffyh.unc.edu.ar\/extension\/2026\/03\/13\/nuevo-formulario-autorizacion-imagen-de-ninos-as-y-adolescentes\/#primaryimage"},"thumbnailUrl":"https:\/\/ffyh.unc.edu.ar\/extension\/wp-content\/uploads\/sites\/2\/2024\/03\/carlos-02-scaled.jpg","articleSection":["Noticias"],"inLanguage":"es"},{"@type":"WebPage","@id":"https:\/\/ffyh.unc.edu.ar\/extension\/2026\/03\/13\/nuevo-formulario-autorizacion-imagen-de-ninos-as-y-adolescentes\/","url":"https:\/\/ffyh.unc.edu.ar\/extension\/2026\/03\/13\/nuevo-formulario-autorizacion-imagen-de-ninos-as-y-adolescentes\/","name":"Nuevo formulario disponible: autorizaci\u00f3n para uso de im\u00e1genes de ni\u00f1os\/as y adolescentes - Secretar\u00eda de Extensi\u00f3n","isPartOf":{"@id":"https:\/\/ffyh.unc.edu.ar\/extension\/#website"},"primaryImageOfPage":{"@id":"https:\/\/ffyh.unc.edu.ar\/extension\/2026\/03\/13\/nuevo-formulario-autorizacion-imagen-de-ninos-as-y-adolescentes\/#primaryimage"},"image":{"@id":"https:\/\/ffyh.unc.edu.ar\/extension\/2026\/03\/13\/nuevo-formulario-autorizacion-imagen-de-ninos-as-y-adolescentes\/#primaryimage"},"thumbnailUrl":"https:\/\/ffyh.unc.edu.ar\/extension\/wp-content\/uploads\/sites\/2\/2024\/03\/carlos-02-scaled.jpg","datePublished":"2026-03-13T09:18:13+00:00","dateModified":"2026-03-13T13:05:42+00:00","breadcrumb":{"@id":"https:\/\/ffyh.unc.edu.ar\/extension\/2026\/03\/13\/nuevo-formulario-autorizacion-imagen-de-ninos-as-y-adolescentes\/#breadcrumb"},"inLanguage":"es","potentialAction":[{"@type":"ReadAction","target":["https:\/\/ffyh.unc.edu.ar\/extension\/2026\/03\/13\/nuevo-formulario-autorizacion-imagen-de-ninos-as-y-adolescentes\/"]}]},{"@type":"ImageObject","inLanguage":"es","@id":"https:\/\/ffyh.unc.edu.ar\/extension\/2026\/03\/13\/nuevo-formulario-autorizacion-imagen-de-ninos-as-y-adolescentes\/#primaryimage","url":"https:\/\/ffyh.unc.edu.ar\/extension\/wp-content\/uploads\/sites\/2\/2024\/03\/carlos-02-scaled.jpg","contentUrl":"https:\/\/ffyh.unc.edu.ar\/extension\/wp-content\/uploads\/sites\/2\/2024\/03\/carlos-02-scaled.jpg","width":2560,"height":1424},{"@type":"BreadcrumbList","@id":"https:\/\/ffyh.unc.edu.ar\/extension\/2026\/03\/13\/nuevo-formulario-autorizacion-imagen-de-ninos-as-y-adolescentes\/#breadcrumb","itemListElement":[{"@type":"ListItem","position":1,"name":"Portada","item":"https:\/\/ffyh.unc.edu.ar\/extension\/"},{"@type":"ListItem","position":2,"name":"Nuevo formulario disponible: autorizaci\u00f3n para uso de im\u00e1genes de ni\u00f1os\/as y adolescentes"}]},{"@type":"WebSite","@id":"https:\/\/ffyh.unc.edu.ar\/extension\/#website","url":"https:\/\/ffyh.unc.edu.ar\/extension\/","name":"Secretar\u00eda de Extensi\u00f3n","description":"Facultad de Filosof\u00eda y Humanidades - Universidad Nacional de C\u00f3rdoba","publisher":{"@id":"https:\/\/ffyh.unc.edu.ar\/extension\/#organization"},"potentialAction":[{"@type":"SearchAction","target":{"@type":"EntryPoint","urlTemplate":"https:\/\/ffyh.unc.edu.ar\/extension\/?s={search_term_string}"},"query-input":{"@type":"PropertyValueSpecification","valueRequired":true,"valueName":"search_term_string"}}],"inLanguage":"es"},{"@type":"Organization","@id":"https:\/\/ffyh.unc.edu.ar\/extension\/#organization","name":"Secretar\u00eda de Extensi\u00f3n - Facultad de Filosof\u00eda y Humanidades - Universidad Nacional de C\u00f3rdoba","url":"https:\/\/ffyh.unc.edu.ar\/extension\/","logo":{"@type":"ImageObject","inLanguage":"es","@id":"https:\/\/ffyh.unc.edu.ar\/extension\/#\/schema\/logo\/image\/","url":"https:\/\/ffyh.unc.edu.ar\/extension\/wp-content\/uploads\/sites\/2\/2018\/08\/logo-extension-chico.jpg","contentUrl":"https:\/\/ffyh.unc.edu.ar\/extension\/wp-content\/uploads\/sites\/2\/2018\/08\/logo-extension-chico.jpg","width":314,"height":119,"caption":"Secretar\u00eda de Extensi\u00f3n - Facultad de Filosof\u00eda y Humanidades - Universidad Nacional de C\u00f3rdoba"},"image":{"@id":"https:\/\/ffyh.unc.edu.ar\/extension\/#\/schema\/logo\/image\/"},"sameAs":["https:\/\/www.facebook.com\/extensionffyh","https:\/\/www.instagram.com\/extensionffyh\/","https:\/\/www.youtube.com\/channel\/UCTgN4nvMQE7ktBcgujEI-EA"]},{"@type":"Person","@id":"https:\/\/ffyh.unc.edu.ar\/extension\/#\/schema\/person\/c429cdff3a192a7081944182246c3689","name":"extension","url":"https:\/\/ffyh.unc.edu.ar\/extension\/author\/extension\/"}]}},"jetpack_featured_media_url":"https:\/\/ffyh.unc.edu.ar\/extension\/wp-content\/uploads\/sites\/2\/2024\/03\/carlos-02-scaled.jpg","_links":{"self":[{"href":"https:\/\/ffyh.unc.edu.ar\/extension\/wp-json\/wp\/v2\/posts\/9943","targetHints":{"allow":["GET"]}}],"collection":[{"href":"https:\/\/ffyh.unc.edu.ar\/extension\/wp-json\/wp\/v2\/posts"}],"about":[{"href":"https:\/\/ffyh.unc.edu.ar\/extension\/wp-json\/wp\/v2\/types\/post"}],"author":[{"embeddable":true,"href":"https:\/\/ffyh.unc.edu.ar\/extension\/wp-json\/wp\/v2\/users\/3"}],"replies":[{"embeddable":true,"href":"https:\/\/ffyh.unc.edu.ar\/extension\/wp-json\/wp\/v2\/comments?post=9943"}],"version-history":[{"count":12,"href":"https:\/\/ffyh.unc.edu.ar\/extension\/wp-json\/wp\/v2\/posts\/9943\/revisions"}],"predecessor-version":[{"id":9979,"href":"https:\/\/ffyh.unc.edu.ar\/extension\/wp-json\/wp\/v2\/posts\/9943\/revisions\/9979"}],"wp:featuredmedia":[{"embeddable":true,"href":"https:\/\/ffyh.unc.edu.ar\/extension\/wp-json\/wp\/v2\/media\/9953"}],"wp:attachment":[{"href":"https:\/\/ffyh.unc.edu.ar\/extension\/wp-json\/wp\/v2\/media?parent=9943"}],"wp:term":[{"taxonomy":"category","embeddable":true,"href":"https:\/\/ffyh.unc.edu.ar\/extension\/wp-json\/wp\/v2\/categories?post=9943"},{"taxonomy":"post_tag","embeddable":true,"href":"https:\/\/ffyh.unc.edu.ar\/extension\/wp-json\/wp\/v2\/tags?post=9943"}],"curies":[{"name":"wp","href":"https:\/\/api.w.org\/{rel}","templated":true}]}}