{"id":9961,"date":"2026-03-11T15:34:03","date_gmt":"2026-03-11T15:34:03","guid":{"rendered":"https:\/\/ffyh.unc.edu.ar\/extension\/?p=9961"},"modified":"2026-03-11T15:34:42","modified_gmt":"2026-03-11T15:34:42","slug":"sos-estudiante-de-la-unc-y-te-interesa-la-cultura-comunitaria","status":"publish","type":"post","link":"https:\/\/ffyh.unc.edu.ar\/extension\/2026\/03\/11\/sos-estudiante-de-la-unc-y-te-interesa-la-cultura-comunitaria\/","title":{"rendered":"\u00bfSos estudiante de la UNC y te interesa la cultura comunitaria?"},"content":{"rendered":"<p><em>La Subsecretar\u00eda de Cultura abre la convocatoria 2026 para participar en proyectos extensionistas que se desarrollar\u00e1n junto a organizaciones en diferentes barrios de la ciudad.<\/em><\/p>\n<p><!--more--><\/p>\n<p>La inscripci\u00f3n <strong>se extiende hasta el 31 de marzo<\/strong>.<\/p>\n<p>Quienes completen la experiencia podr\u00e1n acreditar horas de Compromiso Social Estudiantil. En la <a href=\"https:\/\/www.unc.edu.ar\/extension\/cultura\/convocatoriaculturaycomunidades2026\">web de Extensi\u00f3n UNC<\/a> se detallan los proyectos disponibles y sus respectivos formularios de inscripci\u00f3n.<\/p>\n<p>Los proyectos de los que pod\u00e9s participar son dos:<\/p>\n<ul>\n<li><strong>BARRIOS CON IDENTIDAD<\/strong><\/li>\n<li><b><strong>PROMOTORES CULTURALES BARRIALES<\/strong><\/b><\/li>\n<\/ul>\n<p>Dudas, consultas:\u00a0Subsecretar\u00eda de Cultura. \u00c1rea Cultura y Comunidades.<br \/>\nPor correo electr\u00f3nico:\u00a0<a href=\"mailto:culturaycomunidades@extension.unc.edu.ar\">culturaycomunidades@extension.unc.edu.ar<\/a><br \/>\nPersonalmente: oficinas de Cultura (SEU). Ala derecha del Pabell\u00f3n Argentina (ingreso por Plaza seca del Cuarto Centenario). D\u00edas h\u00e1biles, de 9 a 15 hs. Tel 5353786 int.12322<\/p>\n<p><a href=\"https:\/\/ffyh.unc.edu.ar\/extension\/2026\/03\/11\/sos-estudiante-de-la-unc-y-te-interesa-la-cultura-comunitaria\/unnamed-2\/\" rel=\"attachment wp-att-9963\"><img loading=\"lazy\" decoding=\"async\" class=\"alignnone wp-image-9963 size-full\" src=\"http:\/\/ffyh.unc.edu.ar\/extension\/wp-content\/uploads\/sites\/2\/2026\/03\/unnamed.jpg\" alt=\"\" width=\"312\" height=\"555\" srcset=\"https:\/\/ffyh.unc.edu.ar\/extension\/wp-content\/uploads\/sites\/2\/2026\/03\/unnamed.jpg 312w, https:\/\/ffyh.unc.edu.ar\/extension\/wp-content\/uploads\/sites\/2\/2026\/03\/unnamed-169x300.jpg 169w\" sizes=\"auto, (max-width: 312px) 100vw, 312px\" \/><\/a> <a href=\"https:\/\/ffyh.unc.edu.ar\/extension\/2026\/03\/11\/sos-estudiante-de-la-unc-y-te-interesa-la-cultura-comunitaria\/unnamed-1\/\" rel=\"attachment wp-att-9962\"><img loading=\"lazy\" decoding=\"async\" class=\"alignnone wp-image-9962 size-full\" src=\"http:\/\/ffyh.unc.edu.ar\/extension\/wp-content\/uploads\/sites\/2\/2026\/03\/unnamed-1.jpg\" alt=\"\" width=\"312\" height=\"555\" srcset=\"https:\/\/ffyh.unc.edu.ar\/extension\/wp-content\/uploads\/sites\/2\/2026\/03\/unnamed-1.jpg 312w, https:\/\/ffyh.unc.edu.ar\/extension\/wp-content\/uploads\/sites\/2\/2026\/03\/unnamed-1-169x300.jpg 169w\" sizes=\"auto, (max-width: 312px) 100vw, 312px\" \/><\/a><\/p>\n<p>&nbsp;<\/p>\n<p>&nbsp;<\/p>\n<p>&nbsp;<\/p>\n<p>&nbsp;<\/p>\n<p>&nbsp;<\/p>\n<p>&nbsp;<\/p>\n","protected":false},"excerpt":{"rendered":"<p>La Subsecretar\u00eda de Cultura abre la convocatoria 2026 para participar en proyectos extensionistas que se desarrollar\u00e1n junto a organizaciones en<\/p>\n","protected":false},"author":3,"featured_media":9964,"comment_status":"closed","ping_status":"closed","sticky":false,"template":"","format":"standard","meta":{"_acf_changed":false,"colormag_page_container_layout":"default_layout","colormag_page_sidebar_layout":"default_layout","footnotes":""},"categories":[71,12],"tags":[],"class_list":["post-9961","post","type-post","status-publish","format-standard","has-post-thumbnail","hentry","category-extension-unc","category-noticias"],"acf":[],"yoast_head":"<!-- This site is optimized with the Yoast SEO plugin v27.1.1 - https:\/\/yoast.com\/product\/yoast-seo-wordpress\/ -->\n<title>\u00bfSos estudiante de la UNC y te interesa la cultura comunitaria? - Secretar\u00eda de Extensi\u00f3n<\/title>\n<meta name=\"robots\" content=\"index, follow, max-snippet:-1, max-image-preview:large, max-video-preview:-1\" \/>\n<link rel=\"canonical\" href=\"https:\/\/ffyh.unc.edu.ar\/extension\/2026\/03\/11\/sos-estudiante-de-la-unc-y-te-interesa-la-cultura-comunitaria\/\" \/>\n<meta property=\"og:locale\" content=\"es_ES\" \/>\n<meta property=\"og:type\" content=\"article\" \/>\n<meta property=\"og:title\" content=\"\u00bfSos estudiante de la UNC y te interesa la cultura comunitaria? - Secretar\u00eda de Extensi\u00f3n\" \/>\n<meta property=\"og:description\" content=\"La Subsecretar\u00eda de Cultura abre la convocatoria 2026 para participar en proyectos extensionistas que se desarrollar\u00e1n junto a organizaciones en\" \/>\n<meta property=\"og:url\" content=\"https:\/\/ffyh.unc.edu.ar\/extension\/2026\/03\/11\/sos-estudiante-de-la-unc-y-te-interesa-la-cultura-comunitaria\/\" \/>\n<meta property=\"og:site_name\" content=\"Secretar\u00eda de Extensi\u00f3n\" \/>\n<meta property=\"article:publisher\" content=\"https:\/\/www.facebook.com\/extensionffyh\" \/>\n<meta property=\"article:published_time\" content=\"2026-03-11T15:34:03+00:00\" \/>\n<meta property=\"article:modified_time\" content=\"2026-03-11T15:34:42+00:00\" \/>\n<meta property=\"og:image\" content=\"http:\/\/ffyh.unc.edu.ar\/extension\/wp-content\/uploads\/sites\/2\/2026\/03\/web-culturacomunitaria.jpg\" \/>\n\t<meta property=\"og:image:width\" content=\"800\" \/>\n\t<meta property=\"og:image:height\" content=\"445\" \/>\n\t<meta property=\"og:image:type\" content=\"image\/jpeg\" \/>\n<meta name=\"author\" content=\"extension\" \/>\n<meta name=\"twitter:card\" content=\"summary_large_image\" \/>\n<meta name=\"twitter:label1\" content=\"Escrito por\" \/>\n\t<meta name=\"twitter:data1\" content=\"\" \/>\n\t<meta name=\"twitter:label2\" content=\"Tiempo de lectura\" \/>\n\t<meta name=\"twitter:data2\" content=\"1 minuto\" \/>\n<script type=\"application\/ld+json\" class=\"yoast-schema-graph\">{\"@context\":\"https:\/\/schema.org\",\"@graph\":[{\"@type\":\"Article\",\"@id\":\"https:\/\/ffyh.unc.edu.ar\/extension\/2026\/03\/11\/sos-estudiante-de-la-unc-y-te-interesa-la-cultura-comunitaria\/#article\",\"isPartOf\":{\"@id\":\"https:\/\/ffyh.unc.edu.ar\/extension\/2026\/03\/11\/sos-estudiante-de-la-unc-y-te-interesa-la-cultura-comunitaria\/\"},\"author\":{\"name\":\"extension\",\"@id\":\"https:\/\/ffyh.unc.edu.ar\/extension\/#\/schema\/person\/c429cdff3a192a7081944182246c3689\"},\"headline\":\"\u00bfSos estudiante de la UNC y te interesa la cultura comunitaria?\",\"datePublished\":\"2026-03-11T15:34:03+00:00\",\"dateModified\":\"2026-03-11T15:34:42+00:00\",\"mainEntityOfPage\":{\"@id\":\"https:\/\/ffyh.unc.edu.ar\/extension\/2026\/03\/11\/sos-estudiante-de-la-unc-y-te-interesa-la-cultura-comunitaria\/\"},\"wordCount\":145,\"publisher\":{\"@id\":\"https:\/\/ffyh.unc.edu.ar\/extension\/#organization\"},\"image\":{\"@id\":\"https:\/\/ffyh.unc.edu.ar\/extension\/2026\/03\/11\/sos-estudiante-de-la-unc-y-te-interesa-la-cultura-comunitaria\/#primaryimage\"},\"thumbnailUrl\":\"https:\/\/ffyh.unc.edu.ar\/extension\/wp-content\/uploads\/sites\/2\/2026\/03\/web-culturacomunitaria.jpg\",\"articleSection\":[\"Extensi\u00f3n UNC\",\"Noticias\"],\"inLanguage\":\"es\"},{\"@type\":\"WebPage\",\"@id\":\"https:\/\/ffyh.unc.edu.ar\/extension\/2026\/03\/11\/sos-estudiante-de-la-unc-y-te-interesa-la-cultura-comunitaria\/\",\"url\":\"https:\/\/ffyh.unc.edu.ar\/extension\/2026\/03\/11\/sos-estudiante-de-la-unc-y-te-interesa-la-cultura-comunitaria\/\",\"name\":\"\u00bfSos estudiante de la UNC y te interesa la cultura comunitaria? - Secretar\u00eda de Extensi\u00f3n\",\"isPartOf\":{\"@id\":\"https:\/\/ffyh.unc.edu.ar\/extension\/#website\"},\"primaryImageOfPage\":{\"@id\":\"https:\/\/ffyh.unc.edu.ar\/extension\/2026\/03\/11\/sos-estudiante-de-la-unc-y-te-interesa-la-cultura-comunitaria\/#primaryimage\"},\"image\":{\"@id\":\"https:\/\/ffyh.unc.edu.ar\/extension\/2026\/03\/11\/sos-estudiante-de-la-unc-y-te-interesa-la-cultura-comunitaria\/#primaryimage\"},\"thumbnailUrl\":\"https:\/\/ffyh.unc.edu.ar\/extension\/wp-content\/uploads\/sites\/2\/2026\/03\/web-culturacomunitaria.jpg\",\"datePublished\":\"2026-03-11T15:34:03+00:00\",\"dateModified\":\"2026-03-11T15:34:42+00:00\",\"breadcrumb\":{\"@id\":\"https:\/\/ffyh.unc.edu.ar\/extension\/2026\/03\/11\/sos-estudiante-de-la-unc-y-te-interesa-la-cultura-comunitaria\/#breadcrumb\"},\"inLanguage\":\"es\",\"potentialAction\":[{\"@type\":\"ReadAction\",\"target\":[\"https:\/\/ffyh.unc.edu.ar\/extension\/2026\/03\/11\/sos-estudiante-de-la-unc-y-te-interesa-la-cultura-comunitaria\/\"]}]},{\"@type\":\"ImageObject\",\"inLanguage\":\"es\",\"@id\":\"https:\/\/ffyh.unc.edu.ar\/extension\/2026\/03\/11\/sos-estudiante-de-la-unc-y-te-interesa-la-cultura-comunitaria\/#primaryimage\",\"url\":\"https:\/\/ffyh.unc.edu.ar\/extension\/wp-content\/uploads\/sites\/2\/2026\/03\/web-culturacomunitaria.jpg\",\"contentUrl\":\"https:\/\/ffyh.unc.edu.ar\/extension\/wp-content\/uploads\/sites\/2\/2026\/03\/web-culturacomunitaria.jpg\",\"width\":800,\"height\":445},{\"@type\":\"BreadcrumbList\",\"@id\":\"https:\/\/ffyh.unc.edu.ar\/extension\/2026\/03\/11\/sos-estudiante-de-la-unc-y-te-interesa-la-cultura-comunitaria\/#breadcrumb\",\"itemListElement\":[{\"@type\":\"ListItem\",\"position\":1,\"name\":\"Portada\",\"item\":\"https:\/\/ffyh.unc.edu.ar\/extension\/\"},{\"@type\":\"ListItem\",\"position\":2,\"name\":\"\u00bfSos estudiante de la UNC y te interesa la cultura comunitaria?\"}]},{\"@type\":\"WebSite\",\"@id\":\"https:\/\/ffyh.unc.edu.ar\/extension\/#website\",\"url\":\"https:\/\/ffyh.unc.edu.ar\/extension\/\",\"name\":\"Secretar\u00eda de Extensi\u00f3n\",\"description\":\"Facultad de Filosof\u00eda y Humanidades - Universidad Nacional de C\u00f3rdoba\",\"publisher\":{\"@id\":\"https:\/\/ffyh.unc.edu.ar\/extension\/#organization\"},\"potentialAction\":[{\"@type\":\"SearchAction\",\"target\":{\"@type\":\"EntryPoint\",\"urlTemplate\":\"https:\/\/ffyh.unc.edu.ar\/extension\/?s={search_term_string}\"},\"query-input\":{\"@type\":\"PropertyValueSpecification\",\"valueRequired\":true,\"valueName\":\"search_term_string\"}}],\"inLanguage\":\"es\"},{\"@type\":\"Organization\",\"@id\":\"https:\/\/ffyh.unc.edu.ar\/extension\/#organization\",\"name\":\"Secretar\u00eda de Extensi\u00f3n - Facultad de Filosof\u00eda y Humanidades - Universidad Nacional de C\u00f3rdoba\",\"url\":\"https:\/\/ffyh.unc.edu.ar\/extension\/\",\"logo\":{\"@type\":\"ImageObject\",\"inLanguage\":\"es\",\"@id\":\"https:\/\/ffyh.unc.edu.ar\/extension\/#\/schema\/logo\/image\/\",\"url\":\"https:\/\/ffyh.unc.edu.ar\/extension\/wp-content\/uploads\/sites\/2\/2018\/08\/logo-extension-chico.jpg\",\"contentUrl\":\"https:\/\/ffyh.unc.edu.ar\/extension\/wp-content\/uploads\/sites\/2\/2018\/08\/logo-extension-chico.jpg\",\"width\":314,\"height\":119,\"caption\":\"Secretar\u00eda de Extensi\u00f3n - Facultad de Filosof\u00eda y Humanidades - Universidad Nacional de C\u00f3rdoba\"},\"image\":{\"@id\":\"https:\/\/ffyh.unc.edu.ar\/extension\/#\/schema\/logo\/image\/\"},\"sameAs\":[\"https:\/\/www.facebook.com\/extensionffyh\",\"https:\/\/www.instagram.com\/extensionffyh\/\",\"https:\/\/www.youtube.com\/channel\/UCTgN4nvMQE7ktBcgujEI-EA\"]},{\"@type\":\"Person\",\"@id\":\"https:\/\/ffyh.unc.edu.ar\/extension\/#\/schema\/person\/c429cdff3a192a7081944182246c3689\",\"name\":\"extension\",\"url\":\"https:\/\/ffyh.unc.edu.ar\/extension\/author\/extension\/\"}]}<\/script>\n<!-- \/ Yoast SEO plugin. -->","yoast_head_json":{"title":"\u00bfSos estudiante de la UNC y te interesa la cultura comunitaria? - Secretar\u00eda de Extensi\u00f3n","robots":{"index":"index","follow":"follow","max-snippet":"max-snippet:-1","max-image-preview":"max-image-preview:large","max-video-preview":"max-video-preview:-1"},"canonical":"https:\/\/ffyh.unc.edu.ar\/extension\/2026\/03\/11\/sos-estudiante-de-la-unc-y-te-interesa-la-cultura-comunitaria\/","og_locale":"es_ES","og_type":"article","og_title":"\u00bfSos estudiante de la UNC y te interesa la cultura comunitaria? - Secretar\u00eda de Extensi\u00f3n","og_description":"La Subsecretar\u00eda de Cultura abre la convocatoria 2026 para participar en proyectos extensionistas que se desarrollar\u00e1n junto a organizaciones en","og_url":"https:\/\/ffyh.unc.edu.ar\/extension\/2026\/03\/11\/sos-estudiante-de-la-unc-y-te-interesa-la-cultura-comunitaria\/","og_site_name":"Secretar\u00eda de Extensi\u00f3n","article_publisher":"https:\/\/www.facebook.com\/extensionffyh","article_published_time":"2026-03-11T15:34:03+00:00","article_modified_time":"2026-03-11T15:34:42+00:00","og_image":[{"width":800,"height":445,"url":"http:\/\/ffyh.unc.edu.ar\/extension\/wp-content\/uploads\/sites\/2\/2026\/03\/web-culturacomunitaria.jpg","type":"image\/jpeg"}],"author":"extension","twitter_card":"summary_large_image","twitter_misc":{"Escrito por":false,"Tiempo de lectura":"1 minuto"},"schema":{"@context":"https:\/\/schema.org","@graph":[{"@type":"Article","@id":"https:\/\/ffyh.unc.edu.ar\/extension\/2026\/03\/11\/sos-estudiante-de-la-unc-y-te-interesa-la-cultura-comunitaria\/#article","isPartOf":{"@id":"https:\/\/ffyh.unc.edu.ar\/extension\/2026\/03\/11\/sos-estudiante-de-la-unc-y-te-interesa-la-cultura-comunitaria\/"},"author":{"name":"extension","@id":"https:\/\/ffyh.unc.edu.ar\/extension\/#\/schema\/person\/c429cdff3a192a7081944182246c3689"},"headline":"\u00bfSos estudiante de la UNC y te interesa la cultura comunitaria?","datePublished":"2026-03-11T15:34:03+00:00","dateModified":"2026-03-11T15:34:42+00:00","mainEntityOfPage":{"@id":"https:\/\/ffyh.unc.edu.ar\/extension\/2026\/03\/11\/sos-estudiante-de-la-unc-y-te-interesa-la-cultura-comunitaria\/"},"wordCount":145,"publisher":{"@id":"https:\/\/ffyh.unc.edu.ar\/extension\/#organization"},"image":{"@id":"https:\/\/ffyh.unc.edu.ar\/extension\/2026\/03\/11\/sos-estudiante-de-la-unc-y-te-interesa-la-cultura-comunitaria\/#primaryimage"},"thumbnailUrl":"https:\/\/ffyh.unc.edu.ar\/extension\/wp-content\/uploads\/sites\/2\/2026\/03\/web-culturacomunitaria.jpg","articleSection":["Extensi\u00f3n UNC","Noticias"],"inLanguage":"es"},{"@type":"WebPage","@id":"https:\/\/ffyh.unc.edu.ar\/extension\/2026\/03\/11\/sos-estudiante-de-la-unc-y-te-interesa-la-cultura-comunitaria\/","url":"https:\/\/ffyh.unc.edu.ar\/extension\/2026\/03\/11\/sos-estudiante-de-la-unc-y-te-interesa-la-cultura-comunitaria\/","name":"\u00bfSos estudiante de la UNC y te interesa la cultura comunitaria? - Secretar\u00eda de Extensi\u00f3n","isPartOf":{"@id":"https:\/\/ffyh.unc.edu.ar\/extension\/#website"},"primaryImageOfPage":{"@id":"https:\/\/ffyh.unc.edu.ar\/extension\/2026\/03\/11\/sos-estudiante-de-la-unc-y-te-interesa-la-cultura-comunitaria\/#primaryimage"},"image":{"@id":"https:\/\/ffyh.unc.edu.ar\/extension\/2026\/03\/11\/sos-estudiante-de-la-unc-y-te-interesa-la-cultura-comunitaria\/#primaryimage"},"thumbnailUrl":"https:\/\/ffyh.unc.edu.ar\/extension\/wp-content\/uploads\/sites\/2\/2026\/03\/web-culturacomunitaria.jpg","datePublished":"2026-03-11T15:34:03+00:00","dateModified":"2026-03-11T15:34:42+00:00","breadcrumb":{"@id":"https:\/\/ffyh.unc.edu.ar\/extension\/2026\/03\/11\/sos-estudiante-de-la-unc-y-te-interesa-la-cultura-comunitaria\/#breadcrumb"},"inLanguage":"es","potentialAction":[{"@type":"ReadAction","target":["https:\/\/ffyh.unc.edu.ar\/extension\/2026\/03\/11\/sos-estudiante-de-la-unc-y-te-interesa-la-cultura-comunitaria\/"]}]},{"@type":"ImageObject","inLanguage":"es","@id":"https:\/\/ffyh.unc.edu.ar\/extension\/2026\/03\/11\/sos-estudiante-de-la-unc-y-te-interesa-la-cultura-comunitaria\/#primaryimage","url":"https:\/\/ffyh.unc.edu.ar\/extension\/wp-content\/uploads\/sites\/2\/2026\/03\/web-culturacomunitaria.jpg","contentUrl":"https:\/\/ffyh.unc.edu.ar\/extension\/wp-content\/uploads\/sites\/2\/2026\/03\/web-culturacomunitaria.jpg","width":800,"height":445},{"@type":"BreadcrumbList","@id":"https:\/\/ffyh.unc.edu.ar\/extension\/2026\/03\/11\/sos-estudiante-de-la-unc-y-te-interesa-la-cultura-comunitaria\/#breadcrumb","itemListElement":[{"@type":"ListItem","position":1,"name":"Portada","item":"https:\/\/ffyh.unc.edu.ar\/extension\/"},{"@type":"ListItem","position":2,"name":"\u00bfSos estudiante de la UNC y te interesa la cultura comunitaria?"}]},{"@type":"WebSite","@id":"https:\/\/ffyh.unc.edu.ar\/extension\/#website","url":"https:\/\/ffyh.unc.edu.ar\/extension\/","name":"Secretar\u00eda de Extensi\u00f3n","description":"Facultad de Filosof\u00eda y Humanidades - Universidad Nacional de C\u00f3rdoba","publisher":{"@id":"https:\/\/ffyh.unc.edu.ar\/extension\/#organization"},"potentialAction":[{"@type":"SearchAction","target":{"@type":"EntryPoint","urlTemplate":"https:\/\/ffyh.unc.edu.ar\/extension\/?s={search_term_string}"},"query-input":{"@type":"PropertyValueSpecification","valueRequired":true,"valueName":"search_term_string"}}],"inLanguage":"es"},{"@type":"Organization","@id":"https:\/\/ffyh.unc.edu.ar\/extension\/#organization","name":"Secretar\u00eda de Extensi\u00f3n - Facultad de Filosof\u00eda y Humanidades - Universidad Nacional de C\u00f3rdoba","url":"https:\/\/ffyh.unc.edu.ar\/extension\/","logo":{"@type":"ImageObject","inLanguage":"es","@id":"https:\/\/ffyh.unc.edu.ar\/extension\/#\/schema\/logo\/image\/","url":"https:\/\/ffyh.unc.edu.ar\/extension\/wp-content\/uploads\/sites\/2\/2018\/08\/logo-extension-chico.jpg","contentUrl":"https:\/\/ffyh.unc.edu.ar\/extension\/wp-content\/uploads\/sites\/2\/2018\/08\/logo-extension-chico.jpg","width":314,"height":119,"caption":"Secretar\u00eda de Extensi\u00f3n - Facultad de Filosof\u00eda y Humanidades - Universidad Nacional de C\u00f3rdoba"},"image":{"@id":"https:\/\/ffyh.unc.edu.ar\/extension\/#\/schema\/logo\/image\/"},"sameAs":["https:\/\/www.facebook.com\/extensionffyh","https:\/\/www.instagram.com\/extensionffyh\/","https:\/\/www.youtube.com\/channel\/UCTgN4nvMQE7ktBcgujEI-EA"]},{"@type":"Person","@id":"https:\/\/ffyh.unc.edu.ar\/extension\/#\/schema\/person\/c429cdff3a192a7081944182246c3689","name":"extension","url":"https:\/\/ffyh.unc.edu.ar\/extension\/author\/extension\/"}]}},"jetpack_featured_media_url":"https:\/\/ffyh.unc.edu.ar\/extension\/wp-content\/uploads\/sites\/2\/2026\/03\/web-culturacomunitaria.jpg","_links":{"self":[{"href":"https:\/\/ffyh.unc.edu.ar\/extension\/wp-json\/wp\/v2\/posts\/9961","targetHints":{"allow":["GET"]}}],"collection":[{"href":"https:\/\/ffyh.unc.edu.ar\/extension\/wp-json\/wp\/v2\/posts"}],"about":[{"href":"https:\/\/ffyh.unc.edu.ar\/extension\/wp-json\/wp\/v2\/types\/post"}],"author":[{"embeddable":true,"href":"https:\/\/ffyh.unc.edu.ar\/extension\/wp-json\/wp\/v2\/users\/3"}],"replies":[{"embeddable":true,"href":"https:\/\/ffyh.unc.edu.ar\/extension\/wp-json\/wp\/v2\/comments?post=9961"}],"version-history":[{"count":2,"href":"https:\/\/ffyh.unc.edu.ar\/extension\/wp-json\/wp\/v2\/posts\/9961\/revisions"}],"predecessor-version":[{"id":9966,"href":"https:\/\/ffyh.unc.edu.ar\/extension\/wp-json\/wp\/v2\/posts\/9961\/revisions\/9966"}],"wp:featuredmedia":[{"embeddable":true,"href":"https:\/\/ffyh.unc.edu.ar\/extension\/wp-json\/wp\/v2\/media\/9964"}],"wp:attachment":[{"href":"https:\/\/ffyh.unc.edu.ar\/extension\/wp-json\/wp\/v2\/media?parent=9961"}],"wp:term":[{"taxonomy":"category","embeddable":true,"href":"https:\/\/ffyh.unc.edu.ar\/extension\/wp-json\/wp\/v2\/categories?post=9961"},{"taxonomy":"post_tag","embeddable":true,"href":"https:\/\/ffyh.unc.edu.ar\/extension\/wp-json\/wp\/v2\/tags?post=9961"}],"curies":[{"name":"wp","href":"https:\/\/api.w.org\/{rel}","templated":true}]}}